{"id":96334,"date":"2022-12-10T09:00:46","date_gmt":"2022-12-10T12:00:46","guid":{"rendered":"https:\/\/redenoticiaz.com.br\/barretos-regiao\/?p=96334"},"modified":"2022-12-05T19:08:16","modified_gmt":"2022-12-05T22:08:16","slug":"tunel-e-encontrado-embaixo-de-escola-das-nacoes-unidas-na-faixa-de-gaza","status":"publish","type":"post","link":"https:\/\/redenoticiaz.com.br\/ribeiraopreto-regiao\/sp\/2022\/12\/10\/tunel-e-encontrado-embaixo-de-escola-das-nacoes-unidas-na-faixa-de-gaza","title":{"rendered":"T\u00fanel \u00e9 encontrado embaixo de escola das Na\u00e7\u00f5es Unidas na Faixa de Gaza"},"content":{"rendered":"<p class=\"v1ql-align-justify\">Um <strong>t\u00fanel feito artificialmente<\/strong> foi encontrado sob a estrutura de uma das escolas gerenciadas pela Ag\u00eancia das Na\u00e7\u00f5es Unidas de Assist\u00eancia aos Refugiados Palestinos (UNRWA, da sigla em ingl\u00eas), em Gaza. A pr\u00f3pria organiza\u00e7\u00e3o disse em comunicado que considera a escava\u00e7\u00e3o como &#8220;uma grave viola\u00e7\u00e3o da neutralidade da ag\u00eancia e tamb\u00e9m do direito internacional&#8221;, e que a cavidade &#8220;exp\u00f5e crian\u00e7as e funcion\u00e1rios da ag\u00eancia a riscos significativos de seguran\u00e7a e prote\u00e7\u00e3o&#8221;.<\/p>\n<p class=\"v1ql-align-justify\">N\u00e3o ficou claro se a escava\u00e7\u00e3o era um t\u00fanel ligado a outras passagens subterr\u00e2neas ou se havia armas armazenadas em seu interior, e a UNRWA n\u00e3o respondeu a um pedido por mais informa\u00e7\u00f5es sobre a quest\u00e3o. A \u00e1rea foi isolada e selada permanentemente, de acordo com a ag\u00eancia.<\/p>\n<p class=\"v1ql-align-justify\">O Hamas, grupo terrorista que controla Gaza, cavou uma extensa rede de t\u00faneis sob a regi\u00e3o, que s\u00e3o usados \u200b\u200bpara a movimenta\u00e7\u00e3o de seus agentes ou para armazenar armas, incluindo foguetes e lan\u00e7adores. Israel acusa o grupo h\u00e1 tempos de esconder armas e infraestrutura em t\u00faneis ao redor de escolas, hospitais e pr\u00e9dios residenciais, e t\u00faneis e armas foram encontrados em escolas da UNRWA no passado. Um exemplo ocorreu durante os conflitos de 2021 entre Israel e terroristas de Gaza, quando um outro t\u00fanel foi encontrado embaixo de uma escola da UNRWA.<\/p>\n<h3>O grupo<\/h3>\n<p class=\"v1ql-align-justify\">A UNWRA tem um comprovado hist\u00f3rico de incita\u00e7\u00e3o ao \u00f3dio contra Israel e o povo judeu, al\u00e9m do enaltecimento do terrorismo. A UNWatch, organiza\u00e7\u00e3o independente de defesa aos direitos humanos com base em Genebra, exp\u00f4s que mais de 100 educadores e servidores que trabalham para essa ag\u00eancia incitavam publicamente a viol\u00eancia contra israelenses e o preconceito contra judeus nas redes sociais, de acordo com um relat\u00f3rio da organiza\u00e7\u00e3o de agosto de 2021.<\/p>\n<p class=\"v1ql-align-justify\">Al\u00e9m disso, em outra ocasi\u00e3o, seis professores ligados \u00e0 UNWRA foram afastados depois que outro relat\u00f3rio exp\u00f4s que esses funcion\u00e1rios incitaram o antissemitismo e o terrorismo, convocando mu\u00e7ulmanos a &#8220;lutar contra os judeus e mat\u00e1-los&#8221; ou glorificando ataques do Hamas contra civis israelenses, por exemplo. A ag\u00eancia tamb\u00e9m foi acusada de usar livros did\u00e1ticos antissemitas.<\/p>\n<p class=\"v1ql-align-justify\">Para Andr\u00e9 Lajst, cientista pol\u00edtico e presidente executivo da StandWithUs Brasil, &#8220;\u00e9 inadmiss\u00edvel que uma organiza\u00e7\u00e3o de ajuda humanit\u00e1ria, cujo objetivo \u00e9 proporcionar servi\u00e7os de educa\u00e7\u00e3o aos refugiados palestinos na Faixa de Gaza, Cisjord\u00e2nia, Jord\u00e2nia, L\u00edbano e S\u00edria, propague discursos de \u00f3dio e seja, de alguma forma, uma facilitadora para a viol\u00eancia. \u00c9 necess\u00e1rio ficarmos atentos \u00e0 influ\u00eancia do Hamas na regi\u00e3o e \u00e0s suas a\u00e7\u00f5es, mas tamb\u00e9m \u00e0s da UNWRA, cujas ideias antissionistas e antissemitas j\u00e1 foram expostas mais de uma vez&#8221;.<\/p>\n<p class=\"v1ql-align-justify\">Al\u00e9m disso, o especialista em Oriente M\u00e9dio complementa que &#8220;a luz no fim do t\u00fanel&#8221; na regi\u00e3o ser\u00e1 sempre a educa\u00e7\u00e3o, e que, &#8220;se o antissemitismo e a glorifica\u00e7\u00e3o do terrorismo forem ensinados de forma sistem\u00e1tica, \u00e9 muito dif\u00edcil imaginarmos uma paz duradoura em Gaza, em curto e longo prazo&#8221;.<\/p>\n<p><strong>LEIA TAMB\u00c9M<\/strong><\/p>\n<p><a href=\"https:\/\/redenoticiaz.com.br\/blog\/2022\/10\/23\/novo-posicionamento-da-russia-na-guerra-contra-a-ucrania-pode-causar-novos-impactos-no-mundo\">Novo posicionamento da R\u00fassia na guerra contra a Ucr\u00e2nia pode causar novos impactos no mundo<\/a><\/p>\n","protected":false},"excerpt":{"rendered":"<p>Um t\u00fanel feito artificialmente foi encontrado sob a estrutura de uma das escolas gerenciadas pela Ag\u00eancia das Na\u00e7\u00f5es Unidas de Assist\u00eancia aos Refugiados Palestinos (UNRWA, da sigla em ingl\u00eas), em Gaza. A pr\u00f3pria organiza\u00e7\u00e3o disse em comunicado que considera a escava\u00e7\u00e3o como &#8220;uma grave viola\u00e7\u00e3o da neutralidade da ag\u00eancia e tamb\u00e9m do direito internacional&#8221;, e &hellip;<\/p>\n","protected":false},"author":6,"featured_media":96335,"comment_status":"open","ping_status":"closed","sticky":false,"template":"","format":"standard","meta":{"footnotes":""},"categories":[68],"tags":[22649,22650,712,22651,22652,22653],"class_list":["post-96334","post","type-post","status-publish","format-standard","has-post-thumbnail","hentry","category-mundo","tag-faixa-de-gaza","tag-hamas","tag-onu","tag-organizacao-das-nacoes-unidas","tag-tunel-artificial","tag-unwra"],"yoast_head":"<!-- This site is optimized with the Yoast SEO plugin v27.4 - https:\/\/yoast.com\/product\/yoast-seo-wordpress\/ -->\n<title>T\u00fanel \u00e9 encontrado embaixo de escola das Na\u00e7\u00f5es Unidas na Faixa de Gaza - Ribeir\u00e3o Preto e Regi\u00e3o<\/title>\n<meta name=\"description\" content=\"Um t\u00fanel feito artificialmente foi encontrado sob a estrutura de uma das escolas gerenciadas pela Ag\u00eancia das Na\u00e7\u00f5es Unidas de Assist\u00eancia\" \/>\n<meta name=\"robots\" content=\"index, follow, max-snippet:-1, max-image-preview:large, max-video-preview:-1\" \/>\n<link rel=\"canonical\" href=\"https:\/\/redenoticiaz.com.br\/ribeiraopreto-regiao\/sp\/2022\/12\/10\/tunel-e-encontrado-embaixo-de-escola-das-nacoes-unidas-na-faixa-de-gaza\" \/>\n<meta property=\"og:locale\" content=\"pt_BR\" \/>\n<meta property=\"og:type\" content=\"article\" \/>\n<meta property=\"og:title\" content=\"T\u00fanel \u00e9 encontrado embaixo de escola das Na\u00e7\u00f5es Unidas na Faixa de Gaza - Ribeir\u00e3o Preto e Regi\u00e3o\" \/>\n<meta property=\"og:description\" content=\"Um t\u00fanel feito artificialmente foi encontrado sob a estrutura de uma das escolas gerenciadas pela Ag\u00eancia das Na\u00e7\u00f5es Unidas de Assist\u00eancia\" \/>\n<meta property=\"og:url\" content=\"https:\/\/redenoticiaz.com.br\/ribeiraopreto-regiao\/sp\/2022\/12\/10\/tunel-e-encontrado-embaixo-de-escola-das-nacoes-unidas-na-faixa-de-gaza\" \/>\n<meta property=\"og:site_name\" content=\"Ribeir\u00e3o Preto e Regi\u00e3o\" \/>\n<meta property=\"article:publisher\" content=\"https:\/\/m.facebook.com\/redenoticiaz.barretos\" \/>\n<meta property=\"article:published_time\" content=\"2022-12-10T12:00:46+00:00\" \/>\n<meta property=\"og:image\" content=\"https:\/\/redenoticiaz.com.br\/ribeiraopreto-regiao\/wp-content\/uploads\/sites\/4\/2023\/01\/arrest-protection-from-crime-and-law-violation-h-2022-04-14-08-01-59-utc-scaled.jpg\" \/>\n\t<meta property=\"og:image:width\" content=\"1620\" \/>\n\t<meta property=\"og:image:height\" content=\"1080\" \/>\n\t<meta property=\"og:image:type\" content=\"image\/jpeg\" \/>\n<meta name=\"author\" content=\"Leonardo Francisco\" \/>\n<meta name=\"twitter:card\" content=\"summary_large_image\" \/>\n<meta name=\"twitter:creator\" content=\"@RN_barretos\" \/>\n<meta name=\"twitter:site\" content=\"@RN_barretos\" \/>\n<meta name=\"twitter:label1\" content=\"Escrito por\" \/>\n\t<meta name=\"twitter:data1\" content=\"Leonardo Francisco\" \/>\n\t<meta name=\"twitter:label2\" content=\"Est. tempo de leitura\" \/>\n\t<meta name=\"twitter:data2\" content=\"3 minutos\" \/>\n<script type=\"application\/ld+json\" class=\"yoast-schema-graph\">{\"@context\":\"https:\\\/\\\/schema.org\",\"@graph\":[{\"@type\":\"Article\",\"@id\":\"https:\\\/\\\/redenoticiaz.com.br\\\/ribeiraopreto-regiao\\\/sp\\\/2022\\\/12\\\/10\\\/tunel-e-encontrado-embaixo-de-escola-das-nacoes-unidas-na-faixa-de-gaza#article\",\"isPartOf\":{\"@id\":\"https:\\\/\\\/redenoticiaz.com.br\\\/ribeiraopreto-regiao\\\/sp\\\/2022\\\/12\\\/10\\\/tunel-e-encontrado-embaixo-de-escola-das-nacoes-unidas-na-faixa-de-gaza\"},\"author\":{\"name\":\"Leonardo Francisco\",\"@id\":\"https:\\\/\\\/redenoticiaz.com.br\\\/ribeiraopreto-regiao\\\/#\\\/schema\\\/person\\\/0f0b8a5bdafefe82841e07ae8d81ecb3\"},\"headline\":\"T\u00fanel \u00e9 encontrado embaixo de escola das Na\u00e7\u00f5es Unidas na Faixa de Gaza\",\"datePublished\":\"2022-12-10T12:00:46+00:00\",\"mainEntityOfPage\":{\"@id\":\"https:\\\/\\\/redenoticiaz.com.br\\\/ribeiraopreto-regiao\\\/sp\\\/2022\\\/12\\\/10\\\/tunel-e-encontrado-embaixo-de-escola-das-nacoes-unidas-na-faixa-de-gaza\"},\"wordCount\":575,\"commentCount\":0,\"publisher\":{\"@id\":\"https:\\\/\\\/redenoticiaz.com.br\\\/ribeiraopreto-regiao\\\/#organization\"},\"image\":{\"@id\":\"https:\\\/\\\/redenoticiaz.com.br\\\/ribeiraopreto-regiao\\\/sp\\\/2022\\\/12\\\/10\\\/tunel-e-encontrado-embaixo-de-escola-das-nacoes-unidas-na-faixa-de-gaza#primaryimage\"},\"thumbnailUrl\":\"https:\\\/\\\/redenoticiaz.com.br\\\/ribeiraopreto-regiao\\\/wp-content\\\/uploads\\\/sites\\\/4\\\/2022\\\/12\\\/TUNEL-GAZA.jpg?v=1670277856\",\"keywords\":[\"FAIXA DE GAZA\",\"HAMAS\",\"ONU\",\"ORGANIZA\u00c7\u00c3O DAS NA\u00c7\u00d5ES UNIDAS\",\"T\u00daNEL ARTIFICIAL\",\"UNWRA\"],\"articleSection\":[\"Mundo\"],\"inLanguage\":\"pt-BR\",\"potentialAction\":[{\"@type\":\"CommentAction\",\"name\":\"Comment\",\"target\":[\"https:\\\/\\\/redenoticiaz.com.br\\\/ribeiraopreto-regiao\\\/sp\\\/2022\\\/12\\\/10\\\/tunel-e-encontrado-embaixo-de-escola-das-nacoes-unidas-na-faixa-de-gaza#respond\"]}]},{\"@type\":\"WebPage\",\"@id\":\"https:\\\/\\\/redenoticiaz.com.br\\\/ribeiraopreto-regiao\\\/sp\\\/2022\\\/12\\\/10\\\/tunel-e-encontrado-embaixo-de-escola-das-nacoes-unidas-na-faixa-de-gaza\",\"url\":\"https:\\\/\\\/redenoticiaz.com.br\\\/ribeiraopreto-regiao\\\/sp\\\/2022\\\/12\\\/10\\\/tunel-e-encontrado-embaixo-de-escola-das-nacoes-unidas-na-faixa-de-gaza\",\"name\":\"T\u00fanel \u00e9 encontrado embaixo de escola das Na\u00e7\u00f5es Unidas na Faixa de Gaza - Ribeir\u00e3o Preto e Regi\u00e3o\",\"isPartOf\":{\"@id\":\"https:\\\/\\\/redenoticiaz.com.br\\\/ribeiraopreto-regiao\\\/#website\"},\"primaryImageOfPage\":{\"@id\":\"https:\\\/\\\/redenoticiaz.com.br\\\/ribeiraopreto-regiao\\\/sp\\\/2022\\\/12\\\/10\\\/tunel-e-encontrado-embaixo-de-escola-das-nacoes-unidas-na-faixa-de-gaza#primaryimage\"},\"image\":{\"@id\":\"https:\\\/\\\/redenoticiaz.com.br\\\/ribeiraopreto-regiao\\\/sp\\\/2022\\\/12\\\/10\\\/tunel-e-encontrado-embaixo-de-escola-das-nacoes-unidas-na-faixa-de-gaza#primaryimage\"},\"thumbnailUrl\":\"https:\\\/\\\/redenoticiaz.com.br\\\/ribeiraopreto-regiao\\\/wp-content\\\/uploads\\\/sites\\\/4\\\/2022\\\/12\\\/TUNEL-GAZA.jpg?v=1670277856\",\"datePublished\":\"2022-12-10T12:00:46+00:00\",\"description\":\"Um t\u00fanel feito artificialmente foi encontrado sob a estrutura de uma das escolas gerenciadas pela Ag\u00eancia das Na\u00e7\u00f5es Unidas de Assist\u00eancia\",\"inLanguage\":\"pt-BR\",\"potentialAction\":[{\"@type\":\"ReadAction\",\"target\":[\"https:\\\/\\\/redenoticiaz.com.br\\\/ribeiraopreto-regiao\\\/sp\\\/2022\\\/12\\\/10\\\/tunel-e-encontrado-embaixo-de-escola-das-nacoes-unidas-na-faixa-de-gaza\"]}]},{\"@type\":\"ImageObject\",\"inLanguage\":\"pt-BR\",\"@id\":\"https:\\\/\\\/redenoticiaz.com.br\\\/ribeiraopreto-regiao\\\/sp\\\/2022\\\/12\\\/10\\\/tunel-e-encontrado-embaixo-de-escola-das-nacoes-unidas-na-faixa-de-gaza#primaryimage\",\"url\":\"https:\\\/\\\/redenoticiaz.com.br\\\/ribeiraopreto-regiao\\\/wp-content\\\/uploads\\\/sites\\\/4\\\/2022\\\/12\\\/TUNEL-GAZA.jpg?v=1670277856\",\"contentUrl\":\"https:\\\/\\\/redenoticiaz.com.br\\\/ribeiraopreto-regiao\\\/wp-content\\\/uploads\\\/sites\\\/4\\\/2022\\\/12\\\/TUNEL-GAZA.jpg?v=1670277856\",\"width\":550,\"height\":411,\"caption\":\"Cr\u00e9ditos: Reprodu\u00e7\u00e3o\"},{\"@type\":\"WebSite\",\"@id\":\"https:\\\/\\\/redenoticiaz.com.br\\\/ribeiraopreto-regiao\\\/#website\",\"url\":\"https:\\\/\\\/redenoticiaz.com.br\\\/ribeiraopreto-regiao\\\/\",\"name\":\"Ribeir\u00e3o Preto e Regi\u00e3o\",\"description\":\"Rede NoticiaZ - Ribeir\u00e3o Preto e regi\u00e3o\",\"publisher\":{\"@id\":\"https:\\\/\\\/redenoticiaz.com.br\\\/ribeiraopreto-regiao\\\/#organization\"},\"potentialAction\":[{\"@type\":\"SearchAction\",\"target\":{\"@type\":\"EntryPoint\",\"urlTemplate\":\"https:\\\/\\\/redenoticiaz.com.br\\\/ribeiraopreto-regiao\\\/?s={search_term_string}\"},\"query-input\":{\"@type\":\"PropertyValueSpecification\",\"valueRequired\":true,\"valueName\":\"search_term_string\"}}],\"inLanguage\":\"pt-BR\"},{\"@type\":\"Organization\",\"@id\":\"https:\\\/\\\/redenoticiaz.com.br\\\/ribeiraopreto-regiao\\\/#organization\",\"name\":\"Ribeir\u00e3o Preto e Regi\u00e3o\",\"url\":\"https:\\\/\\\/redenoticiaz.com.br\\\/ribeiraopreto-regiao\\\/\",\"logo\":{\"@type\":\"ImageObject\",\"inLanguage\":\"pt-BR\",\"@id\":\"https:\\\/\\\/redenoticiaz.com.br\\\/ribeiraopreto-regiao\\\/#\\\/schema\\\/logo\\\/image\\\/\",\"url\":\"https:\\\/\\\/redenoticiaz.com.br\\\/barretos-regiao\\\/wp-content\\\/uploads\\\/sites\\\/4\\\/2022\\\/02\\\/logo.jpg\",\"contentUrl\":\"https:\\\/\\\/redenoticiaz.com.br\\\/barretos-regiao\\\/wp-content\\\/uploads\\\/sites\\\/4\\\/2022\\\/02\\\/logo.jpg\",\"width\":400,\"height\":250,\"caption\":\"Ribeir\u00e3o Preto e Regi\u00e3o\"},\"image\":{\"@id\":\"https:\\\/\\\/redenoticiaz.com.br\\\/ribeiraopreto-regiao\\\/#\\\/schema\\\/logo\\\/image\\\/\"},\"sameAs\":[\"https:\\\/\\\/m.facebook.com\\\/redenoticiaz.barretos\",\"https:\\\/\\\/x.com\\\/RN_barretos\",\"https:\\\/\\\/www.instagram.com\\\/redenoticiaz.barretos\\\/?igshid=YmMyMTA2M2Y\",\"https:\\\/\\\/www.linkedin.com\\\/company\\\/rede-noticiaz-barretos-e-regio\\\/\"]},{\"@type\":\"Person\",\"@id\":\"https:\\\/\\\/redenoticiaz.com.br\\\/ribeiraopreto-regiao\\\/#\\\/schema\\\/person\\\/0f0b8a5bdafefe82841e07ae8d81ecb3\",\"name\":\"Leonardo Francisco\",\"image\":{\"@type\":\"ImageObject\",\"inLanguage\":\"pt-BR\",\"@id\":\"https:\\\/\\\/secure.gravatar.com\\\/avatar\\\/a7358cb406a99b682ec6df1e77e31ae82e63601f6784e8a3df411d72b37864da?s=96&d=mm&r=g\",\"url\":\"https:\\\/\\\/secure.gravatar.com\\\/avatar\\\/a7358cb406a99b682ec6df1e77e31ae82e63601f6784e8a3df411d72b37864da?s=96&d=mm&r=g\",\"contentUrl\":\"https:\\\/\\\/secure.gravatar.com\\\/avatar\\\/a7358cb406a99b682ec6df1e77e31ae82e63601f6784e8a3df411d72b37864da?s=96&d=mm&r=g\",\"caption\":\"Leonardo Francisco\"},\"url\":\"https:\\\/\\\/redenoticiaz.com.br\\\/ribeiraopreto-regiao\\\/sp\\\/author\\\/leonardo-francisco\"}]}<\/script>\n<!-- \/ Yoast SEO plugin. -->","yoast_head_json":{"title":"T\u00fanel \u00e9 encontrado embaixo de escola das Na\u00e7\u00f5es Unidas na Faixa de Gaza - Ribeir\u00e3o Preto e Regi\u00e3o","description":"Um t\u00fanel feito artificialmente foi encontrado sob a estrutura de uma das escolas gerenciadas pela Ag\u00eancia das Na\u00e7\u00f5es Unidas de Assist\u00eancia","robots":{"index":"index","follow":"follow","max-snippet":"max-snippet:-1","max-image-preview":"max-image-preview:large","max-video-preview":"max-video-preview:-1"},"canonical":"https:\/\/redenoticiaz.com.br\/ribeiraopreto-regiao\/sp\/2022\/12\/10\/tunel-e-encontrado-embaixo-de-escola-das-nacoes-unidas-na-faixa-de-gaza","og_locale":"pt_BR","og_type":"article","og_title":"T\u00fanel \u00e9 encontrado embaixo de escola das Na\u00e7\u00f5es Unidas na Faixa de Gaza - Ribeir\u00e3o Preto e Regi\u00e3o","og_description":"Um t\u00fanel feito artificialmente foi encontrado sob a estrutura de uma das escolas gerenciadas pela Ag\u00eancia das Na\u00e7\u00f5es Unidas de Assist\u00eancia","og_url":"https:\/\/redenoticiaz.com.br\/ribeiraopreto-regiao\/sp\/2022\/12\/10\/tunel-e-encontrado-embaixo-de-escola-das-nacoes-unidas-na-faixa-de-gaza","og_site_name":"Ribeir\u00e3o Preto e Regi\u00e3o","article_publisher":"https:\/\/m.facebook.com\/redenoticiaz.barretos","article_published_time":"2022-12-10T12:00:46+00:00","og_image":[{"width":1620,"height":1080,"url":"https:\/\/redenoticiaz.com.br\/ribeiraopreto-regiao\/wp-content\/uploads\/sites\/4\/2023\/01\/arrest-protection-from-crime-and-law-violation-h-2022-04-14-08-01-59-utc-scaled.jpg","type":"image\/jpeg"}],"author":"Leonardo Francisco","twitter_card":"summary_large_image","twitter_creator":"@RN_barretos","twitter_site":"@RN_barretos","twitter_misc":{"Escrito por":"Leonardo Francisco","Est. tempo de leitura":"3 minutos"},"schema":{"@context":"https:\/\/schema.org","@graph":[{"@type":"Article","@id":"https:\/\/redenoticiaz.com.br\/ribeiraopreto-regiao\/sp\/2022\/12\/10\/tunel-e-encontrado-embaixo-de-escola-das-nacoes-unidas-na-faixa-de-gaza#article","isPartOf":{"@id":"https:\/\/redenoticiaz.com.br\/ribeiraopreto-regiao\/sp\/2022\/12\/10\/tunel-e-encontrado-embaixo-de-escola-das-nacoes-unidas-na-faixa-de-gaza"},"author":{"name":"Leonardo Francisco","@id":"https:\/\/redenoticiaz.com.br\/ribeiraopreto-regiao\/#\/schema\/person\/0f0b8a5bdafefe82841e07ae8d81ecb3"},"headline":"T\u00fanel \u00e9 encontrado embaixo de escola das Na\u00e7\u00f5es Unidas na Faixa de Gaza","datePublished":"2022-12-10T12:00:46+00:00","mainEntityOfPage":{"@id":"https:\/\/redenoticiaz.com.br\/ribeiraopreto-regiao\/sp\/2022\/12\/10\/tunel-e-encontrado-embaixo-de-escola-das-nacoes-unidas-na-faixa-de-gaza"},"wordCount":575,"commentCount":0,"publisher":{"@id":"https:\/\/redenoticiaz.com.br\/ribeiraopreto-regiao\/#organization"},"image":{"@id":"https:\/\/redenoticiaz.com.br\/ribeiraopreto-regiao\/sp\/2022\/12\/10\/tunel-e-encontrado-embaixo-de-escola-das-nacoes-unidas-na-faixa-de-gaza#primaryimage"},"thumbnailUrl":"https:\/\/redenoticiaz.com.br\/ribeiraopreto-regiao\/wp-content\/uploads\/sites\/4\/2022\/12\/TUNEL-GAZA.jpg?v=1670277856","keywords":["FAIXA DE GAZA","HAMAS","ONU","ORGANIZA\u00c7\u00c3O DAS NA\u00c7\u00d5ES UNIDAS","T\u00daNEL ARTIFICIAL","UNWRA"],"articleSection":["Mundo"],"inLanguage":"pt-BR","potentialAction":[{"@type":"CommentAction","name":"Comment","target":["https:\/\/redenoticiaz.com.br\/ribeiraopreto-regiao\/sp\/2022\/12\/10\/tunel-e-encontrado-embaixo-de-escola-das-nacoes-unidas-na-faixa-de-gaza#respond"]}]},{"@type":"WebPage","@id":"https:\/\/redenoticiaz.com.br\/ribeiraopreto-regiao\/sp\/2022\/12\/10\/tunel-e-encontrado-embaixo-de-escola-das-nacoes-unidas-na-faixa-de-gaza","url":"https:\/\/redenoticiaz.com.br\/ribeiraopreto-regiao\/sp\/2022\/12\/10\/tunel-e-encontrado-embaixo-de-escola-das-nacoes-unidas-na-faixa-de-gaza","name":"T\u00fanel \u00e9 encontrado embaixo de escola das Na\u00e7\u00f5es Unidas na Faixa de Gaza - Ribeir\u00e3o Preto e Regi\u00e3o","isPartOf":{"@id":"https:\/\/redenoticiaz.com.br\/ribeiraopreto-regiao\/#website"},"primaryImageOfPage":{"@id":"https:\/\/redenoticiaz.com.br\/ribeiraopreto-regiao\/sp\/2022\/12\/10\/tunel-e-encontrado-embaixo-de-escola-das-nacoes-unidas-na-faixa-de-gaza#primaryimage"},"image":{"@id":"https:\/\/redenoticiaz.com.br\/ribeiraopreto-regiao\/sp\/2022\/12\/10\/tunel-e-encontrado-embaixo-de-escola-das-nacoes-unidas-na-faixa-de-gaza#primaryimage"},"thumbnailUrl":"https:\/\/redenoticiaz.com.br\/ribeiraopreto-regiao\/wp-content\/uploads\/sites\/4\/2022\/12\/TUNEL-GAZA.jpg?v=1670277856","datePublished":"2022-12-10T12:00:46+00:00","description":"Um t\u00fanel feito artificialmente foi encontrado sob a estrutura de uma das escolas gerenciadas pela Ag\u00eancia das Na\u00e7\u00f5es Unidas de Assist\u00eancia","inLanguage":"pt-BR","potentialAction":[{"@type":"ReadAction","target":["https:\/\/redenoticiaz.com.br\/ribeiraopreto-regiao\/sp\/2022\/12\/10\/tunel-e-encontrado-embaixo-de-escola-das-nacoes-unidas-na-faixa-de-gaza"]}]},{"@type":"ImageObject","inLanguage":"pt-BR","@id":"https:\/\/redenoticiaz.com.br\/ribeiraopreto-regiao\/sp\/2022\/12\/10\/tunel-e-encontrado-embaixo-de-escola-das-nacoes-unidas-na-faixa-de-gaza#primaryimage","url":"https:\/\/redenoticiaz.com.br\/ribeiraopreto-regiao\/wp-content\/uploads\/sites\/4\/2022\/12\/TUNEL-GAZA.jpg?v=1670277856","contentUrl":"https:\/\/redenoticiaz.com.br\/ribeiraopreto-regiao\/wp-content\/uploads\/sites\/4\/2022\/12\/TUNEL-GAZA.jpg?v=1670277856","width":550,"height":411,"caption":"Cr\u00e9ditos: Reprodu\u00e7\u00e3o"},{"@type":"WebSite","@id":"https:\/\/redenoticiaz.com.br\/ribeiraopreto-regiao\/#website","url":"https:\/\/redenoticiaz.com.br\/ribeiraopreto-regiao\/","name":"Ribeir\u00e3o Preto e Regi\u00e3o","description":"Rede NoticiaZ - Ribeir\u00e3o Preto e regi\u00e3o","publisher":{"@id":"https:\/\/redenoticiaz.com.br\/ribeiraopreto-regiao\/#organization"},"potentialAction":[{"@type":"SearchAction","target":{"@type":"EntryPoint","urlTemplate":"https:\/\/redenoticiaz.com.br\/ribeiraopreto-regiao\/?s={search_term_string}"},"query-input":{"@type":"PropertyValueSpecification","valueRequired":true,"valueName":"search_term_string"}}],"inLanguage":"pt-BR"},{"@type":"Organization","@id":"https:\/\/redenoticiaz.com.br\/ribeiraopreto-regiao\/#organization","name":"Ribeir\u00e3o Preto e Regi\u00e3o","url":"https:\/\/redenoticiaz.com.br\/ribeiraopreto-regiao\/","logo":{"@type":"ImageObject","inLanguage":"pt-BR","@id":"https:\/\/redenoticiaz.com.br\/ribeiraopreto-regiao\/#\/schema\/logo\/image\/","url":"https:\/\/redenoticiaz.com.br\/barretos-regiao\/wp-content\/uploads\/sites\/4\/2022\/02\/logo.jpg","contentUrl":"https:\/\/redenoticiaz.com.br\/barretos-regiao\/wp-content\/uploads\/sites\/4\/2022\/02\/logo.jpg","width":400,"height":250,"caption":"Ribeir\u00e3o Preto e Regi\u00e3o"},"image":{"@id":"https:\/\/redenoticiaz.com.br\/ribeiraopreto-regiao\/#\/schema\/logo\/image\/"},"sameAs":["https:\/\/m.facebook.com\/redenoticiaz.barretos","https:\/\/x.com\/RN_barretos","https:\/\/www.instagram.com\/redenoticiaz.barretos\/?igshid=YmMyMTA2M2Y","https:\/\/www.linkedin.com\/company\/rede-noticiaz-barretos-e-regio\/"]},{"@type":"Person","@id":"https:\/\/redenoticiaz.com.br\/ribeiraopreto-regiao\/#\/schema\/person\/0f0b8a5bdafefe82841e07ae8d81ecb3","name":"Leonardo Francisco","image":{"@type":"ImageObject","inLanguage":"pt-BR","@id":"https:\/\/secure.gravatar.com\/avatar\/a7358cb406a99b682ec6df1e77e31ae82e63601f6784e8a3df411d72b37864da?s=96&d=mm&r=g","url":"https:\/\/secure.gravatar.com\/avatar\/a7358cb406a99b682ec6df1e77e31ae82e63601f6784e8a3df411d72b37864da?s=96&d=mm&r=g","contentUrl":"https:\/\/secure.gravatar.com\/avatar\/a7358cb406a99b682ec6df1e77e31ae82e63601f6784e8a3df411d72b37864da?s=96&d=mm&r=g","caption":"Leonardo Francisco"},"url":"https:\/\/redenoticiaz.com.br\/ribeiraopreto-regiao\/sp\/author\/leonardo-francisco"}]}},"_links":{"self":[{"href":"https:\/\/redenoticiaz.com.br\/ribeiraopreto-regiao\/wp-json\/wp\/v2\/posts\/96334","targetHints":{"allow":["GET"]}}],"collection":[{"href":"https:\/\/redenoticiaz.com.br\/ribeiraopreto-regiao\/wp-json\/wp\/v2\/posts"}],"about":[{"href":"https:\/\/redenoticiaz.com.br\/ribeiraopreto-regiao\/wp-json\/wp\/v2\/types\/post"}],"author":[{"embeddable":true,"href":"https:\/\/redenoticiaz.com.br\/ribeiraopreto-regiao\/wp-json\/wp\/v2\/users\/6"}],"replies":[{"embeddable":true,"href":"https:\/\/redenoticiaz.com.br\/ribeiraopreto-regiao\/wp-json\/wp\/v2\/comments?post=96334"}],"version-history":[{"count":0,"href":"https:\/\/redenoticiaz.com.br\/ribeiraopreto-regiao\/wp-json\/wp\/v2\/posts\/96334\/revisions"}],"wp:featuredmedia":[{"embeddable":true,"href":"https:\/\/redenoticiaz.com.br\/ribeiraopreto-regiao\/wp-json\/wp\/v2\/media\/96335"}],"wp:attachment":[{"href":"https:\/\/redenoticiaz.com.br\/ribeiraopreto-regiao\/wp-json\/wp\/v2\/media?parent=96334"}],"wp:term":[{"taxonomy":"category","embeddable":true,"href":"https:\/\/redenoticiaz.com.br\/ribeiraopreto-regiao\/wp-json\/wp\/v2\/categories?post=96334"},{"taxonomy":"post_tag","embeddable":true,"href":"https:\/\/redenoticiaz.com.br\/ribeiraopreto-regiao\/wp-json\/wp\/v2\/tags?post=96334"}],"curies":[{"name":"wp","href":"https:\/\/api.w.org\/{rel}","templated":true}]}}