{"id":96339,"date":"2022-12-10T10:00:21","date_gmt":"2022-12-10T13:00:21","guid":{"rendered":"https:\/\/redenoticiaz.com.br\/barretos-regiao\/?p=96339"},"modified":"2022-12-05T20:19:44","modified_gmt":"2022-12-05T23:19:44","slug":"4-dicas-importantes-para-motoristas-que-vao-viajar-no-fim-do-ano","status":"publish","type":"post","link":"https:\/\/redenoticiaz.com.br\/ribeiraopreto-regiao\/sp\/2022\/12\/10\/4-dicas-importantes-para-motoristas-que-vao-viajar-no-fim-do-ano","title":{"rendered":"4 dicas importantes para motoristas que v\u00e3o viajar no fim do ano"},"content":{"rendered":"<p>Com a proximidade das festas de fim de ano, muitas pessoas se preparam para viajar de carro. E, na hora de encarar a estrada, planejamento e alguns cuidados podem fazer a diferen\u00e7a, tanto para n\u00e3o pegar muito tr\u00e2nsito quanto para evitar acidentes.<\/p>\n<p>\u201cNo fim do ano, muitas pessoas enfrentam congestionamento at\u00e9 chegarem aos seus destinos. Assim, quem opta por tags de ped\u00e1gio para reduzir o tempo nas estradas j\u00e1 sai na frente\u201d, afirma Andr\u00e9 Brunetta, CEO de Zul+,\u00a0aplicativo criado para facilitar a vida de quem dirige.\u00a0\u201cOutro ponto importante \u00e9 nunca esquecer das revis\u00f5es dos ve\u00edculos para garantir que todos cheguem em seguran\u00e7a\u201d, completa Brunetta.<\/p>\n<p>O aplicativo Zul+ criou quatro dicas essenciais para ajudar os motoristas a curtirem a viagem sem imprevistos. Confira:<\/p>\n<h1><strong>1- Planeje a viagem<\/strong><\/h1>\n<p>Se poss\u00edvel, escolha um hor\u00e1rio em que o fluxo de ve\u00edculos seja menor para fazer a viagem. Com um grande n\u00famero de carros nas rodovias, mais congestionamentos e, consequentemente, mais estresse. Antes de sair de casa, verifique em aplicativos de navega\u00e7\u00e3o qual o trajeto ideal para chegar ao seu destino. Os apps sugerem as melhores op\u00e7\u00f5es de acordo com o tr\u00e2nsito naquele momento.<\/p>\n<h2><strong>2- Check-up do carro<\/strong><\/h2>\n<p>Fazer a revis\u00e3o do ve\u00edculo \u00e9 fundamental para uma viagem segura. O Zul+ te ajuda\u00a0a encontrar as concession\u00e1rias mais pr\u00f3ximas, al\u00e9m de mostrar um hist\u00f3rico de revis\u00f5es feitas dos autom\u00f3veis cadastrados no aplicativo. Verifique a condi\u00e7\u00e3o dos freios e dos pneus (inclusive do estepe, macaco e chave de roda), o funcionamento dos far\u00f3is e luzes de freio e os n\u00edveis de \u00f3leo e da \u00e1gua do radiador. E n\u00e3o esque\u00e7a das palhetas do limpador de parabrisa, que ressecam com o tempo e assim prejudicam a visibilidade na chuva, comum nessa \u00e9poca do ano.<\/p>\n<h3><strong>3- Confira se a documenta\u00e7\u00e3o est\u00e1 em dia<\/strong><\/h3>\n<p>\u00c9 importante checar se a documenta\u00e7\u00e3o do ve\u00edculo est\u00e1 regularizada e se tributos como IPVA e multas est\u00e3o quitados. Dirigir sem a regulariza\u00e7\u00e3o do licenciamento pode acarretar em infra\u00e7\u00e3o e at\u00e9 na apreens\u00e3o do carro. E se tem uma hora que ningu\u00e9m quer essa \u201cdor de cabe\u00e7a\u201d \u00e9 durante as f\u00e9rias.\u00a0Pelo aplicativo Zul+ \u00e9 poss\u00edvel checar se tudo est\u00e1 em dia, al\u00e9m de pagar as taxas pendentes com poucos cliques no celular.<\/p>\n<h4><strong>4- Seguran\u00e7a no interior do ve\u00edculo<\/strong><\/h4>\n<p>Mais do que uma exig\u00eancia da legisla\u00e7\u00e3o de tr\u00e2nsito, o uso correto do cinto de seguran\u00e7a \u00e9 fundamental para garantir a tranquilidade de todos os ocupantes do ve\u00edculo. Segundo dados da Associa\u00e7\u00e3o Brasileira de Medicina de Tr\u00e1fego (Abramet), em caso de acidentes, o equipamento evita o risco de les\u00f5es em at\u00e9 70% e o de mortes em 40%.<\/p>\n<p>Al\u00e9m disso, as crian\u00e7as devem ser acomodadas nos equipamentos de seguran\u00e7a adequados. Altura, peso, idade e data de validade s\u00e3o fatores a serem avaliados no momento da compra e utiliza\u00e7\u00e3o desses\u00a0 equipamentos. Todos eles devem passar por inspe\u00e7\u00e3o do Instituto Nacional de Metrologia, Qualidade e Tecnologia (Inmetro), ou seja, utilize somente aqueles que possuem tal certifica\u00e7\u00e3o.<\/p>\n<p><strong>Leia mais<\/strong><\/p>\n<p><a href=\"https:\/\/redenoticiaz.com.br\/blog\/2022\/10\/10\/populacao-cobra-por-mais-seguranca-em-varzea-paulista\">Popula\u00e7\u00e3o cobra por mais seguran\u00e7a em V\u00e1rzea Paulista<\/a><\/p>\n","protected":false},"excerpt":{"rendered":"<p>Com a proximidade das festas de fim de ano, muitas pessoas se preparam para viajar de carro. E, na hora de encarar a estrada, planejamento e alguns cuidados podem fazer a diferen\u00e7a, tanto para n\u00e3o pegar muito tr\u00e2nsito quanto para evitar acidentes. \u201cNo fim do ano, muitas pessoas enfrentam congestionamento at\u00e9 chegarem aos seus destinos. &hellip;<\/p>\n","protected":false},"author":12,"featured_media":94677,"comment_status":"open","ping_status":"closed","sticky":false,"template":"","format":"standard","meta":{"footnotes":""},"categories":[330],"tags":[22654,19699,10845,22655],"class_list":["post-96339","post","type-post","status-publish","format-standard","has-post-thumbnail","hentry","category-turismo","tag-acidente-pedagio","tag-motoristas","tag-pedagio","tag-planeje-a-viagem"],"yoast_head":"<!-- This site is optimized with the Yoast SEO plugin v27.4 - https:\/\/yoast.com\/product\/yoast-seo-wordpress\/ -->\n<title>4 dicas importantes para motoristas que v\u00e3o viajar no fim do ano - Ribeir\u00e3o Preto e Regi\u00e3o<\/title>\n<meta name=\"description\" content=\"Entre elas, est\u00e3o a instala\u00e7\u00e3o das tags de ped\u00e1gio, que podem ajudar a diminuir o tempo no tr\u00e2nsito, e a revis\u00e3o dos ve\u00edculos\" \/>\n<meta name=\"robots\" content=\"index, follow, max-snippet:-1, max-image-preview:large, max-video-preview:-1\" \/>\n<link rel=\"canonical\" href=\"https:\/\/redenoticiaz.com.br\/ribeiraopreto-regiao\/sp\/2022\/12\/10\/4-dicas-importantes-para-motoristas-que-vao-viajar-no-fim-do-ano\" \/>\n<meta property=\"og:locale\" content=\"pt_BR\" \/>\n<meta property=\"og:type\" content=\"article\" \/>\n<meta property=\"og:title\" content=\"4 dicas importantes para motoristas que v\u00e3o viajar no fim do ano - Ribeir\u00e3o Preto e Regi\u00e3o\" \/>\n<meta property=\"og:description\" content=\"Entre elas, est\u00e3o a instala\u00e7\u00e3o das tags de ped\u00e1gio, que podem ajudar a diminuir o tempo no tr\u00e2nsito, e a revis\u00e3o dos ve\u00edculos\" \/>\n<meta property=\"og:url\" content=\"https:\/\/redenoticiaz.com.br\/ribeiraopreto-regiao\/sp\/2022\/12\/10\/4-dicas-importantes-para-motoristas-que-vao-viajar-no-fim-do-ano\" \/>\n<meta property=\"og:site_name\" content=\"Ribeir\u00e3o Preto e Regi\u00e3o\" \/>\n<meta property=\"article:publisher\" content=\"https:\/\/m.facebook.com\/redenoticiaz.barretos\" \/>\n<meta property=\"article:published_time\" content=\"2022-12-10T13:00:21+00:00\" \/>\n<meta property=\"og:image\" content=\"https:\/\/redenoticiaz.com.br\/ribeiraopreto-regiao\/wp-content\/uploads\/sites\/4\/2022\/11\/praia-da-laje-ilha-do-cardoso-praias-sp.jpg?v=1595899664\" \/>\n\t<meta property=\"og:image:width\" content=\"800\" \/>\n\t<meta property=\"og:image:height\" content=\"533\" \/>\n\t<meta property=\"og:image:type\" content=\"image\/jpeg\" \/>\n<meta name=\"author\" content=\"Gustavo Silva\" \/>\n<meta name=\"twitter:card\" content=\"summary_large_image\" \/>\n<meta name=\"twitter:creator\" content=\"@RN_barretos\" \/>\n<meta name=\"twitter:site\" content=\"@RN_barretos\" \/>\n<meta name=\"twitter:label1\" content=\"Escrito por\" \/>\n\t<meta name=\"twitter:data1\" content=\"Gustavo Silva\" \/>\n\t<meta name=\"twitter:label2\" content=\"Est. tempo de leitura\" \/>\n\t<meta name=\"twitter:data2\" content=\"3 minutos\" \/>\n<script type=\"application\/ld+json\" class=\"yoast-schema-graph\">{\"@context\":\"https:\\\/\\\/schema.org\",\"@graph\":[{\"@type\":\"Article\",\"@id\":\"https:\\\/\\\/redenoticiaz.com.br\\\/ribeiraopreto-regiao\\\/sp\\\/2022\\\/12\\\/10\\\/4-dicas-importantes-para-motoristas-que-vao-viajar-no-fim-do-ano#article\",\"isPartOf\":{\"@id\":\"https:\\\/\\\/redenoticiaz.com.br\\\/ribeiraopreto-regiao\\\/sp\\\/2022\\\/12\\\/10\\\/4-dicas-importantes-para-motoristas-que-vao-viajar-no-fim-do-ano\"},\"author\":{\"name\":\"Gustavo Silva\",\"@id\":\"https:\\\/\\\/redenoticiaz.com.br\\\/ribeiraopreto-regiao\\\/#\\\/schema\\\/person\\\/16057b37a3c0ee6b096d7f887c566e2e\"},\"headline\":\"4 dicas importantes para motoristas que v\u00e3o viajar no fim do ano\",\"datePublished\":\"2022-12-10T13:00:21+00:00\",\"mainEntityOfPage\":{\"@id\":\"https:\\\/\\\/redenoticiaz.com.br\\\/ribeiraopreto-regiao\\\/sp\\\/2022\\\/12\\\/10\\\/4-dicas-importantes-para-motoristas-que-vao-viajar-no-fim-do-ano\"},\"wordCount\":563,\"commentCount\":0,\"publisher\":{\"@id\":\"https:\\\/\\\/redenoticiaz.com.br\\\/ribeiraopreto-regiao\\\/#organization\"},\"image\":{\"@id\":\"https:\\\/\\\/redenoticiaz.com.br\\\/ribeiraopreto-regiao\\\/sp\\\/2022\\\/12\\\/10\\\/4-dicas-importantes-para-motoristas-que-vao-viajar-no-fim-do-ano#primaryimage\"},\"thumbnailUrl\":\"https:\\\/\\\/redenoticiaz.com.br\\\/ribeiraopreto-regiao\\\/wp-content\\\/uploads\\\/sites\\\/4\\\/2022\\\/11\\\/praia-da-laje-ilha-do-cardoso-praias-sp.jpg?v=1595899664\",\"keywords\":[\"ACIDENTE PED\u00c1GIO\",\"MOTORISTAS\",\"PED\u00c1GIO\",\"Planeje a viagem\"],\"articleSection\":[\"Turismo\"],\"inLanguage\":\"pt-BR\",\"potentialAction\":[{\"@type\":\"CommentAction\",\"name\":\"Comment\",\"target\":[\"https:\\\/\\\/redenoticiaz.com.br\\\/ribeiraopreto-regiao\\\/sp\\\/2022\\\/12\\\/10\\\/4-dicas-importantes-para-motoristas-que-vao-viajar-no-fim-do-ano#respond\"]}]},{\"@type\":\"WebPage\",\"@id\":\"https:\\\/\\\/redenoticiaz.com.br\\\/ribeiraopreto-regiao\\\/sp\\\/2022\\\/12\\\/10\\\/4-dicas-importantes-para-motoristas-que-vao-viajar-no-fim-do-ano\",\"url\":\"https:\\\/\\\/redenoticiaz.com.br\\\/ribeiraopreto-regiao\\\/sp\\\/2022\\\/12\\\/10\\\/4-dicas-importantes-para-motoristas-que-vao-viajar-no-fim-do-ano\",\"name\":\"4 dicas importantes para motoristas que v\u00e3o viajar no fim do ano - Ribeir\u00e3o Preto e Regi\u00e3o\",\"isPartOf\":{\"@id\":\"https:\\\/\\\/redenoticiaz.com.br\\\/ribeiraopreto-regiao\\\/#website\"},\"primaryImageOfPage\":{\"@id\":\"https:\\\/\\\/redenoticiaz.com.br\\\/ribeiraopreto-regiao\\\/sp\\\/2022\\\/12\\\/10\\\/4-dicas-importantes-para-motoristas-que-vao-viajar-no-fim-do-ano#primaryimage\"},\"image\":{\"@id\":\"https:\\\/\\\/redenoticiaz.com.br\\\/ribeiraopreto-regiao\\\/sp\\\/2022\\\/12\\\/10\\\/4-dicas-importantes-para-motoristas-que-vao-viajar-no-fim-do-ano#primaryimage\"},\"thumbnailUrl\":\"https:\\\/\\\/redenoticiaz.com.br\\\/ribeiraopreto-regiao\\\/wp-content\\\/uploads\\\/sites\\\/4\\\/2022\\\/11\\\/praia-da-laje-ilha-do-cardoso-praias-sp.jpg?v=1595899664\",\"datePublished\":\"2022-12-10T13:00:21+00:00\",\"description\":\"Entre elas, est\u00e3o a instala\u00e7\u00e3o das tags de ped\u00e1gio, que podem ajudar a diminuir o tempo no tr\u00e2nsito, e a revis\u00e3o dos ve\u00edculos\",\"inLanguage\":\"pt-BR\",\"potentialAction\":[{\"@type\":\"ReadAction\",\"target\":[\"https:\\\/\\\/redenoticiaz.com.br\\\/ribeiraopreto-regiao\\\/sp\\\/2022\\\/12\\\/10\\\/4-dicas-importantes-para-motoristas-que-vao-viajar-no-fim-do-ano\"]}]},{\"@type\":\"ImageObject\",\"inLanguage\":\"pt-BR\",\"@id\":\"https:\\\/\\\/redenoticiaz.com.br\\\/ribeiraopreto-regiao\\\/sp\\\/2022\\\/12\\\/10\\\/4-dicas-importantes-para-motoristas-que-vao-viajar-no-fim-do-ano#primaryimage\",\"url\":\"https:\\\/\\\/redenoticiaz.com.br\\\/ribeiraopreto-regiao\\\/wp-content\\\/uploads\\\/sites\\\/4\\\/2022\\\/11\\\/praia-da-laje-ilha-do-cardoso-praias-sp.jpg?v=1595899664\",\"contentUrl\":\"https:\\\/\\\/redenoticiaz.com.br\\\/ribeiraopreto-regiao\\\/wp-content\\\/uploads\\\/sites\\\/4\\\/2022\\\/11\\\/praia-da-laje-ilha-do-cardoso-praias-sp.jpg?v=1595899664\",\"width\":800,\"height\":533,\"caption\":\"Um exemplo \u00e9 o Litoral de S\u00e3o Paulo que conta com praias, turismo e o Porto e precisam ter desenvolvimento, mas preservar a natureza\"},{\"@type\":\"WebSite\",\"@id\":\"https:\\\/\\\/redenoticiaz.com.br\\\/ribeiraopreto-regiao\\\/#website\",\"url\":\"https:\\\/\\\/redenoticiaz.com.br\\\/ribeiraopreto-regiao\\\/\",\"name\":\"Ribeir\u00e3o Preto e Regi\u00e3o\",\"description\":\"Rede NoticiaZ - Ribeir\u00e3o Preto e regi\u00e3o\",\"publisher\":{\"@id\":\"https:\\\/\\\/redenoticiaz.com.br\\\/ribeiraopreto-regiao\\\/#organization\"},\"potentialAction\":[{\"@type\":\"SearchAction\",\"target\":{\"@type\":\"EntryPoint\",\"urlTemplate\":\"https:\\\/\\\/redenoticiaz.com.br\\\/ribeiraopreto-regiao\\\/?s={search_term_string}\"},\"query-input\":{\"@type\":\"PropertyValueSpecification\",\"valueRequired\":true,\"valueName\":\"search_term_string\"}}],\"inLanguage\":\"pt-BR\"},{\"@type\":\"Organization\",\"@id\":\"https:\\\/\\\/redenoticiaz.com.br\\\/ribeiraopreto-regiao\\\/#organization\",\"name\":\"Ribeir\u00e3o Preto e Regi\u00e3o\",\"url\":\"https:\\\/\\\/redenoticiaz.com.br\\\/ribeiraopreto-regiao\\\/\",\"logo\":{\"@type\":\"ImageObject\",\"inLanguage\":\"pt-BR\",\"@id\":\"https:\\\/\\\/redenoticiaz.com.br\\\/ribeiraopreto-regiao\\\/#\\\/schema\\\/logo\\\/image\\\/\",\"url\":\"https:\\\/\\\/redenoticiaz.com.br\\\/barretos-regiao\\\/wp-content\\\/uploads\\\/sites\\\/4\\\/2022\\\/02\\\/logo.jpg\",\"contentUrl\":\"https:\\\/\\\/redenoticiaz.com.br\\\/barretos-regiao\\\/wp-content\\\/uploads\\\/sites\\\/4\\\/2022\\\/02\\\/logo.jpg\",\"width\":400,\"height\":250,\"caption\":\"Ribeir\u00e3o Preto e Regi\u00e3o\"},\"image\":{\"@id\":\"https:\\\/\\\/redenoticiaz.com.br\\\/ribeiraopreto-regiao\\\/#\\\/schema\\\/logo\\\/image\\\/\"},\"sameAs\":[\"https:\\\/\\\/m.facebook.com\\\/redenoticiaz.barretos\",\"https:\\\/\\\/x.com\\\/RN_barretos\",\"https:\\\/\\\/www.instagram.com\\\/redenoticiaz.barretos\\\/?igshid=YmMyMTA2M2Y\",\"https:\\\/\\\/www.linkedin.com\\\/company\\\/rede-noticiaz-barretos-e-regio\\\/\"]},{\"@type\":\"Person\",\"@id\":\"https:\\\/\\\/redenoticiaz.com.br\\\/ribeiraopreto-regiao\\\/#\\\/schema\\\/person\\\/16057b37a3c0ee6b096d7f887c566e2e\",\"name\":\"Gustavo Silva\",\"image\":{\"@type\":\"ImageObject\",\"inLanguage\":\"pt-BR\",\"@id\":\"https:\\\/\\\/secure.gravatar.com\\\/avatar\\\/3ee4e82f93b26de0a7cf4ea5eb7893da637ed6bb0c9170c58065944c56e28a33?s=96&d=mm&r=g\",\"url\":\"https:\\\/\\\/secure.gravatar.com\\\/avatar\\\/3ee4e82f93b26de0a7cf4ea5eb7893da637ed6bb0c9170c58065944c56e28a33?s=96&d=mm&r=g\",\"contentUrl\":\"https:\\\/\\\/secure.gravatar.com\\\/avatar\\\/3ee4e82f93b26de0a7cf4ea5eb7893da637ed6bb0c9170c58065944c56e28a33?s=96&d=mm&r=g\",\"caption\":\"Gustavo Silva\"},\"url\":\"https:\\\/\\\/redenoticiaz.com.br\\\/ribeiraopreto-regiao\\\/sp\\\/author\\\/gustavosilva\"}]}<\/script>\n<!-- \/ Yoast SEO plugin. -->","yoast_head_json":{"title":"4 dicas importantes para motoristas que v\u00e3o viajar no fim do ano - Ribeir\u00e3o Preto e Regi\u00e3o","description":"Entre elas, est\u00e3o a instala\u00e7\u00e3o das tags de ped\u00e1gio, que podem ajudar a diminuir o tempo no tr\u00e2nsito, e a revis\u00e3o dos ve\u00edculos","robots":{"index":"index","follow":"follow","max-snippet":"max-snippet:-1","max-image-preview":"max-image-preview:large","max-video-preview":"max-video-preview:-1"},"canonical":"https:\/\/redenoticiaz.com.br\/ribeiraopreto-regiao\/sp\/2022\/12\/10\/4-dicas-importantes-para-motoristas-que-vao-viajar-no-fim-do-ano","og_locale":"pt_BR","og_type":"article","og_title":"4 dicas importantes para motoristas que v\u00e3o viajar no fim do ano - Ribeir\u00e3o Preto e Regi\u00e3o","og_description":"Entre elas, est\u00e3o a instala\u00e7\u00e3o das tags de ped\u00e1gio, que podem ajudar a diminuir o tempo no tr\u00e2nsito, e a revis\u00e3o dos ve\u00edculos","og_url":"https:\/\/redenoticiaz.com.br\/ribeiraopreto-regiao\/sp\/2022\/12\/10\/4-dicas-importantes-para-motoristas-que-vao-viajar-no-fim-do-ano","og_site_name":"Ribeir\u00e3o Preto e Regi\u00e3o","article_publisher":"https:\/\/m.facebook.com\/redenoticiaz.barretos","article_published_time":"2022-12-10T13:00:21+00:00","og_image":[{"width":800,"height":533,"url":"https:\/\/redenoticiaz.com.br\/ribeiraopreto-regiao\/wp-content\/uploads\/sites\/4\/2022\/11\/praia-da-laje-ilha-do-cardoso-praias-sp.jpg?v=1595899664","type":"image\/jpeg"}],"author":"Gustavo Silva","twitter_card":"summary_large_image","twitter_creator":"@RN_barretos","twitter_site":"@RN_barretos","twitter_misc":{"Escrito por":"Gustavo Silva","Est. tempo de leitura":"3 minutos"},"schema":{"@context":"https:\/\/schema.org","@graph":[{"@type":"Article","@id":"https:\/\/redenoticiaz.com.br\/ribeiraopreto-regiao\/sp\/2022\/12\/10\/4-dicas-importantes-para-motoristas-que-vao-viajar-no-fim-do-ano#article","isPartOf":{"@id":"https:\/\/redenoticiaz.com.br\/ribeiraopreto-regiao\/sp\/2022\/12\/10\/4-dicas-importantes-para-motoristas-que-vao-viajar-no-fim-do-ano"},"author":{"name":"Gustavo Silva","@id":"https:\/\/redenoticiaz.com.br\/ribeiraopreto-regiao\/#\/schema\/person\/16057b37a3c0ee6b096d7f887c566e2e"},"headline":"4 dicas importantes para motoristas que v\u00e3o viajar no fim do ano","datePublished":"2022-12-10T13:00:21+00:00","mainEntityOfPage":{"@id":"https:\/\/redenoticiaz.com.br\/ribeiraopreto-regiao\/sp\/2022\/12\/10\/4-dicas-importantes-para-motoristas-que-vao-viajar-no-fim-do-ano"},"wordCount":563,"commentCount":0,"publisher":{"@id":"https:\/\/redenoticiaz.com.br\/ribeiraopreto-regiao\/#organization"},"image":{"@id":"https:\/\/redenoticiaz.com.br\/ribeiraopreto-regiao\/sp\/2022\/12\/10\/4-dicas-importantes-para-motoristas-que-vao-viajar-no-fim-do-ano#primaryimage"},"thumbnailUrl":"https:\/\/redenoticiaz.com.br\/ribeiraopreto-regiao\/wp-content\/uploads\/sites\/4\/2022\/11\/praia-da-laje-ilha-do-cardoso-praias-sp.jpg?v=1595899664","keywords":["ACIDENTE PED\u00c1GIO","MOTORISTAS","PED\u00c1GIO","Planeje a viagem"],"articleSection":["Turismo"],"inLanguage":"pt-BR","potentialAction":[{"@type":"CommentAction","name":"Comment","target":["https:\/\/redenoticiaz.com.br\/ribeiraopreto-regiao\/sp\/2022\/12\/10\/4-dicas-importantes-para-motoristas-que-vao-viajar-no-fim-do-ano#respond"]}]},{"@type":"WebPage","@id":"https:\/\/redenoticiaz.com.br\/ribeiraopreto-regiao\/sp\/2022\/12\/10\/4-dicas-importantes-para-motoristas-que-vao-viajar-no-fim-do-ano","url":"https:\/\/redenoticiaz.com.br\/ribeiraopreto-regiao\/sp\/2022\/12\/10\/4-dicas-importantes-para-motoristas-que-vao-viajar-no-fim-do-ano","name":"4 dicas importantes para motoristas que v\u00e3o viajar no fim do ano - Ribeir\u00e3o Preto e Regi\u00e3o","isPartOf":{"@id":"https:\/\/redenoticiaz.com.br\/ribeiraopreto-regiao\/#website"},"primaryImageOfPage":{"@id":"https:\/\/redenoticiaz.com.br\/ribeiraopreto-regiao\/sp\/2022\/12\/10\/4-dicas-importantes-para-motoristas-que-vao-viajar-no-fim-do-ano#primaryimage"},"image":{"@id":"https:\/\/redenoticiaz.com.br\/ribeiraopreto-regiao\/sp\/2022\/12\/10\/4-dicas-importantes-para-motoristas-que-vao-viajar-no-fim-do-ano#primaryimage"},"thumbnailUrl":"https:\/\/redenoticiaz.com.br\/ribeiraopreto-regiao\/wp-content\/uploads\/sites\/4\/2022\/11\/praia-da-laje-ilha-do-cardoso-praias-sp.jpg?v=1595899664","datePublished":"2022-12-10T13:00:21+00:00","description":"Entre elas, est\u00e3o a instala\u00e7\u00e3o das tags de ped\u00e1gio, que podem ajudar a diminuir o tempo no tr\u00e2nsito, e a revis\u00e3o dos ve\u00edculos","inLanguage":"pt-BR","potentialAction":[{"@type":"ReadAction","target":["https:\/\/redenoticiaz.com.br\/ribeiraopreto-regiao\/sp\/2022\/12\/10\/4-dicas-importantes-para-motoristas-que-vao-viajar-no-fim-do-ano"]}]},{"@type":"ImageObject","inLanguage":"pt-BR","@id":"https:\/\/redenoticiaz.com.br\/ribeiraopreto-regiao\/sp\/2022\/12\/10\/4-dicas-importantes-para-motoristas-que-vao-viajar-no-fim-do-ano#primaryimage","url":"https:\/\/redenoticiaz.com.br\/ribeiraopreto-regiao\/wp-content\/uploads\/sites\/4\/2022\/11\/praia-da-laje-ilha-do-cardoso-praias-sp.jpg?v=1595899664","contentUrl":"https:\/\/redenoticiaz.com.br\/ribeiraopreto-regiao\/wp-content\/uploads\/sites\/4\/2022\/11\/praia-da-laje-ilha-do-cardoso-praias-sp.jpg?v=1595899664","width":800,"height":533,"caption":"Um exemplo \u00e9 o Litoral de S\u00e3o Paulo que conta com praias, turismo e o Porto e precisam ter desenvolvimento, mas preservar a natureza"},{"@type":"WebSite","@id":"https:\/\/redenoticiaz.com.br\/ribeiraopreto-regiao\/#website","url":"https:\/\/redenoticiaz.com.br\/ribeiraopreto-regiao\/","name":"Ribeir\u00e3o Preto e Regi\u00e3o","description":"Rede NoticiaZ - Ribeir\u00e3o Preto e regi\u00e3o","publisher":{"@id":"https:\/\/redenoticiaz.com.br\/ribeiraopreto-regiao\/#organization"},"potentialAction":[{"@type":"SearchAction","target":{"@type":"EntryPoint","urlTemplate":"https:\/\/redenoticiaz.com.br\/ribeiraopreto-regiao\/?s={search_term_string}"},"query-input":{"@type":"PropertyValueSpecification","valueRequired":true,"valueName":"search_term_string"}}],"inLanguage":"pt-BR"},{"@type":"Organization","@id":"https:\/\/redenoticiaz.com.br\/ribeiraopreto-regiao\/#organization","name":"Ribeir\u00e3o Preto e Regi\u00e3o","url":"https:\/\/redenoticiaz.com.br\/ribeiraopreto-regiao\/","logo":{"@type":"ImageObject","inLanguage":"pt-BR","@id":"https:\/\/redenoticiaz.com.br\/ribeiraopreto-regiao\/#\/schema\/logo\/image\/","url":"https:\/\/redenoticiaz.com.br\/barretos-regiao\/wp-content\/uploads\/sites\/4\/2022\/02\/logo.jpg","contentUrl":"https:\/\/redenoticiaz.com.br\/barretos-regiao\/wp-content\/uploads\/sites\/4\/2022\/02\/logo.jpg","width":400,"height":250,"caption":"Ribeir\u00e3o Preto e Regi\u00e3o"},"image":{"@id":"https:\/\/redenoticiaz.com.br\/ribeiraopreto-regiao\/#\/schema\/logo\/image\/"},"sameAs":["https:\/\/m.facebook.com\/redenoticiaz.barretos","https:\/\/x.com\/RN_barretos","https:\/\/www.instagram.com\/redenoticiaz.barretos\/?igshid=YmMyMTA2M2Y","https:\/\/www.linkedin.com\/company\/rede-noticiaz-barretos-e-regio\/"]},{"@type":"Person","@id":"https:\/\/redenoticiaz.com.br\/ribeiraopreto-regiao\/#\/schema\/person\/16057b37a3c0ee6b096d7f887c566e2e","name":"Gustavo Silva","image":{"@type":"ImageObject","inLanguage":"pt-BR","@id":"https:\/\/secure.gravatar.com\/avatar\/3ee4e82f93b26de0a7cf4ea5eb7893da637ed6bb0c9170c58065944c56e28a33?s=96&d=mm&r=g","url":"https:\/\/secure.gravatar.com\/avatar\/3ee4e82f93b26de0a7cf4ea5eb7893da637ed6bb0c9170c58065944c56e28a33?s=96&d=mm&r=g","contentUrl":"https:\/\/secure.gravatar.com\/avatar\/3ee4e82f93b26de0a7cf4ea5eb7893da637ed6bb0c9170c58065944c56e28a33?s=96&d=mm&r=g","caption":"Gustavo Silva"},"url":"https:\/\/redenoticiaz.com.br\/ribeiraopreto-regiao\/sp\/author\/gustavosilva"}]}},"_links":{"self":[{"href":"https:\/\/redenoticiaz.com.br\/ribeiraopreto-regiao\/wp-json\/wp\/v2\/posts\/96339","targetHints":{"allow":["GET"]}}],"collection":[{"href":"https:\/\/redenoticiaz.com.br\/ribeiraopreto-regiao\/wp-json\/wp\/v2\/posts"}],"about":[{"href":"https:\/\/redenoticiaz.com.br\/ribeiraopreto-regiao\/wp-json\/wp\/v2\/types\/post"}],"author":[{"embeddable":true,"href":"https:\/\/redenoticiaz.com.br\/ribeiraopreto-regiao\/wp-json\/wp\/v2\/users\/12"}],"replies":[{"embeddable":true,"href":"https:\/\/redenoticiaz.com.br\/ribeiraopreto-regiao\/wp-json\/wp\/v2\/comments?post=96339"}],"version-history":[{"count":0,"href":"https:\/\/redenoticiaz.com.br\/ribeiraopreto-regiao\/wp-json\/wp\/v2\/posts\/96339\/revisions"}],"wp:featuredmedia":[{"embeddable":true,"href":"https:\/\/redenoticiaz.com.br\/ribeiraopreto-regiao\/wp-json\/wp\/v2\/media\/94677"}],"wp:attachment":[{"href":"https:\/\/redenoticiaz.com.br\/ribeiraopreto-regiao\/wp-json\/wp\/v2\/media?parent=96339"}],"wp:term":[{"taxonomy":"category","embeddable":true,"href":"https:\/\/redenoticiaz.com.br\/ribeiraopreto-regiao\/wp-json\/wp\/v2\/categories?post=96339"},{"taxonomy":"post_tag","embeddable":true,"href":"https:\/\/redenoticiaz.com.br\/ribeiraopreto-regiao\/wp-json\/wp\/v2\/tags?post=96339"}],"curies":[{"name":"wp","href":"https:\/\/api.w.org\/{rel}","templated":true}]}}