{"id":96409,"date":"2022-12-10T14:00:13","date_gmt":"2022-12-10T17:00:13","guid":{"rendered":"https:\/\/redenoticiaz.com.br\/barretos-regiao\/?p=96409"},"modified":"2022-12-06T19:06:48","modified_gmt":"2022-12-06T22:06:48","slug":"artigo-voce-tem-medo-de-ser-detestada","status":"publish","type":"post","link":"https:\/\/redenoticiaz.com.br\/ribeiraopreto-regiao\/sp\/2022\/12\/10\/artigo-voce-tem-medo-de-ser-detestada","title":{"rendered":"Artigo: voc\u00ea tem medo de ser detestada?"},"content":{"rendered":"<p><em>Por Mayt\u00ea Carvalho (Escritora e professora)<br \/>\n<\/em><\/p>\n<p class=\"v1ql-align-justify\">O caminho at\u00e9 a lideran\u00e7a de uma empresa n\u00e3o \u00e9 f\u00e1cil e costuma se tornar ainda mais dif\u00edcil quando \u00e9 uma mulher que o percorre. Para termos uma ideia, de acordo com o \u00edndice The Reykjavik Index for Leadership, realizado pela consultoria Kantar em 2020, 59% dos brasileiros n\u00e3o se sentem confort\u00e1veis quando veem uma mulher liderando uma empresa. Al\u00e9m disso, mais da metade dos homens n\u00e3o quer ver uma mulher l\u00edder.<\/p>\n<p class=\"v1ql-align-justify\">O mesmo estudo apontou que existem setores considerados pelas pessoas como mais adequados para o comando de uma mulher, como beleza e moda. O setor automotivo e o de engenharia, por\u00e9m, s\u00e3o vistos como mais masculinos. A verdade \u00e9 dura, mas sustentada por dados: as mulheres n\u00e3o agradam quando exercem seu protagonismo.<\/p>\n<p class=\"v1ql-align-justify\">O fato \u00e9 que devemos nos perguntar: Voc\u00ea est\u00e1 pronta para causar desconforto ao ser uma l\u00edder? N\u00e3o agradar? E a realidade \u00e9 que nem todas n\u00f3s estamos prontas. As pessoas costumam falar que &#8220;o que falta nas mulheres \u00e9 autoconfian\u00e7a&#8221;, mas discordo plenamente disso. N\u00e3o \u00e9 falta de confian\u00e7a em si mesma, \u00e9 medo de n\u00e3o pertencer. De n\u00e3o ser acolhida pelo grupo. De n\u00e3o ser amada.<\/p>\n<p class=\"v1ql-align-justify\">Precisamos entender que isso tem a ver com s\u00e9culos de machismo estrutural, em que nossos direitos individuais e at\u00e9 mesmo pol\u00edticos s\u00f3 eram leg\u00edtimos se atrelados \u00e0 figura de um homem: conta no banco, voto, compra de im\u00f3vel. &#8220;Como posso arriscar ser detestada? Se eu for detestada, n\u00e3o terei acesso a bens e oportunidades, minha voz n\u00e3o ser\u00e1 ouvida&#8221;. \u00c9 a\u00ed que est\u00e1 a armadilha. \u00c9 uma ilus\u00e3o de pertencimento. E, ao silenciarem as nossas vozes, nos deram a ilus\u00e3o de que t\u00ednhamos uma.<\/p>\n<p class=\"v1ql-align-justify\">Quando vivemos buscando a valida\u00e7\u00e3o externa, confiamos nos outros o nosso bem mais valioso: a vida. Al\u00e9m disso, existe sempre a possibilidade de culpar as outras pessoas por desejos n\u00e3o realizados. \u00c9 muito mais f\u00e1cil dizer: &#8220;Ah, n\u00e3o t\u00f4 fazendo o que eu realmente quero porque o meu pai me obrigou a fazer isso&#8221;; &#8220;Eu n\u00e3o corto meu cabelo porque sei que as pessoas v\u00e3o achar que enlouqueci&#8221;; &#8220;Se fizer isso, o que os outros v\u00e3o dizer?&#8221;.<\/p>\n<p class=\"v1ql-align-justify\">De todas as maneiras, ficamos retroalimentando uma narrativa que coloca, na m\u00e3o alheia, o poder sobre n\u00f3s e nossas escolhas. Ficamos imaginando coisas horr\u00edveis que os outros v\u00e3o pensar sobre n\u00f3s. No fundo, \u00e9 como se nos torn\u00e1ssemos uma crian\u00e7a assustada de novo, que n\u00e3o se acha boa o suficiente. Mas a verdade \u00e9 que n\u00e3o precisamos provar o nosso valor. N\u00e3o precisamos pedir desculpas por impor limites e desenhar contornos. Tampouco pelas nossas ambi\u00e7\u00f5es, necessidades, sonhos e desejos. Mesmo que eles tragam \u00e0 tona as inseguran\u00e7as das pessoas ao nosso redor.<\/p>\n<p class=\"v1ql-align-justify\">Por muito tempo, estabeleci uma din\u00e2mica na minha vida chamada\u00a0<em>performance based love<\/em>, ou, em bom portugu\u00eas, amor pautado em performance. Sempre quis ser a primeira da classe, a ganhar pr\u00eamio e ser reconhecida. Tudo isso para ser amada pelos meus pais, pela professora, pelos amigos &#8211; para pertencer.<\/p>\n<p class=\"v1ql-align-justify\">Mas a verdade \u00e9 que n\u00f3s s\u00f3 precisamos ser. Ser basta e \u00e9 suficiente. Quando nos libertamos, assumimos a coragem de sermos detestas. Dizemos ao mundo: &#8220;Pode mandar ver, eu sei que n\u00e3o sou megera, n\u00e3o sou arrogante e nem irritante. Eu n\u00e3o me encolho para caber&#8221;. Assumimos a nossa narrativa e nos apropriamos de quem somos de verdade.<\/p>\n<p class=\"v1ql-align-justify\">E, quando o nosso sil\u00eancio reverberar mais do que gritar &#8220;n\u00e3o&#8221; &#8211; a\u00ed, sim, podemos nos calar.<\/p>\n<p><strong>LEIA TAMB\u00c9M<\/strong><\/p>\n<p><a href=\"https:\/\/redenoticiaz.com.br\/blog\/2022\/12\/04\/mariah-carey-a-rainha-do-natal-disponibiliza-sua-casa-para-um-fim-de-semana-unico-em-nova-york\">Mariah Carey, a \u201crainha do Natal\u201d, disponibiliza sua casa para um fim de semana \u00fanico em Nova York<\/a><\/p>\n","protected":false},"excerpt":{"rendered":"<p>Por Mayt\u00ea Carvalho (Escritora e professora) O caminho at\u00e9 a lideran\u00e7a de uma empresa n\u00e3o \u00e9 f\u00e1cil e costuma se tornar ainda mais dif\u00edcil quando \u00e9 uma mulher que o percorre. Para termos uma ideia, de acordo com o \u00edndice The Reykjavik Index for Leadership, realizado pela consultoria Kantar em 2020, 59% dos brasileiros n\u00e3o &hellip;<\/p>\n","protected":false},"author":6,"featured_media":96410,"comment_status":"open","ping_status":"closed","sticky":false,"template":"","format":"standard","meta":{"footnotes":""},"categories":[2075],"tags":[22684,22685,22686,22687],"class_list":["post-96409","post","type-post","status-publish","format-standard","has-post-thumbnail","hentry","category-trabalho","tag-chefia-feminina","tag-mulheres-detestadas","tag-mundo-corporativo","tag-mundo-empresarial"],"yoast_head":"<!-- This site is optimized with the Yoast SEO plugin v27.5 - https:\/\/yoast.com\/product\/yoast-seo-wordpress\/ -->\n<title>Artigo: voc\u00ea tem medo de ser detestada? - Ribeir\u00e3o Preto e Regi\u00e3o<\/title>\n<meta name=\"description\" content=\"O fato \u00e9 que devemos nos perguntar: Voc\u00ea est\u00e1 pronta para causar desconforto ao ser uma l\u00edder? N\u00e3o agradar? E a realidade \u00e9 que\" \/>\n<meta name=\"robots\" content=\"index, follow, max-snippet:-1, max-image-preview:large, max-video-preview:-1\" \/>\n<link rel=\"canonical\" href=\"https:\/\/redenoticiaz.com.br\/ribeiraopreto-regiao\/sp\/2022\/12\/10\/artigo-voce-tem-medo-de-ser-detestada\" \/>\n<meta property=\"og:locale\" content=\"pt_BR\" \/>\n<meta property=\"og:type\" content=\"article\" \/>\n<meta property=\"og:title\" content=\"Artigo: voc\u00ea tem medo de ser detestada? - Ribeir\u00e3o Preto e Regi\u00e3o\" \/>\n<meta property=\"og:description\" content=\"O fato \u00e9 que devemos nos perguntar: Voc\u00ea est\u00e1 pronta para causar desconforto ao ser uma l\u00edder? N\u00e3o agradar? E a realidade \u00e9 que\" \/>\n<meta property=\"og:url\" content=\"https:\/\/redenoticiaz.com.br\/ribeiraopreto-regiao\/sp\/2022\/12\/10\/artigo-voce-tem-medo-de-ser-detestada\" \/>\n<meta property=\"og:site_name\" content=\"Ribeir\u00e3o Preto e Regi\u00e3o\" \/>\n<meta property=\"article:publisher\" content=\"https:\/\/m.facebook.com\/redenoticiaz.barretos\" \/>\n<meta property=\"article:published_time\" content=\"2022-12-10T17:00:13+00:00\" \/>\n<meta property=\"og:image\" content=\"https:\/\/redenoticiaz.com.br\/ribeiraopreto-regiao\/wp-content\/uploads\/sites\/4\/2022\/02\/logo.jpg\" \/>\n\t<meta property=\"og:image:width\" content=\"400\" \/>\n\t<meta property=\"og:image:height\" content=\"250\" \/>\n\t<meta property=\"og:image:type\" content=\"image\/jpeg\" \/>\n<meta name=\"author\" content=\"Leonardo Francisco\" \/>\n<meta name=\"twitter:card\" content=\"summary_large_image\" \/>\n<meta name=\"twitter:creator\" content=\"@RN_barretos\" \/>\n<meta name=\"twitter:site\" content=\"@RN_barretos\" \/>\n<meta name=\"twitter:label1\" content=\"Escrito por\" \/>\n\t<meta name=\"twitter:data1\" content=\"Leonardo Francisco\" \/>\n\t<meta name=\"twitter:label2\" content=\"Est. tempo de leitura\" \/>\n\t<meta name=\"twitter:data2\" content=\"4 minutos\" \/>\n<script type=\"application\/ld+json\" class=\"yoast-schema-graph\">{\"@context\":\"https:\\\/\\\/schema.org\",\"@graph\":[{\"@type\":\"Article\",\"@id\":\"https:\\\/\\\/redenoticiaz.com.br\\\/ribeiraopreto-regiao\\\/sp\\\/2022\\\/12\\\/10\\\/artigo-voce-tem-medo-de-ser-detestada#article\",\"isPartOf\":{\"@id\":\"https:\\\/\\\/redenoticiaz.com.br\\\/ribeiraopreto-regiao\\\/sp\\\/2022\\\/12\\\/10\\\/artigo-voce-tem-medo-de-ser-detestada\"},\"author\":{\"name\":\"Leonardo Francisco\",\"@id\":\"https:\\\/\\\/redenoticiaz.com.br\\\/ribeiraopreto-regiao\\\/#\\\/schema\\\/person\\\/0f0b8a5bdafefe82841e07ae8d81ecb3\"},\"headline\":\"Artigo: voc\u00ea tem medo de ser detestada?\",\"datePublished\":\"2022-12-10T17:00:13+00:00\",\"mainEntityOfPage\":{\"@id\":\"https:\\\/\\\/redenoticiaz.com.br\\\/ribeiraopreto-regiao\\\/sp\\\/2022\\\/12\\\/10\\\/artigo-voce-tem-medo-de-ser-detestada\"},\"wordCount\":644,\"commentCount\":0,\"publisher\":{\"@id\":\"https:\\\/\\\/redenoticiaz.com.br\\\/ribeiraopreto-regiao\\\/#organization\"},\"image\":{\"@id\":\"https:\\\/\\\/redenoticiaz.com.br\\\/ribeiraopreto-regiao\\\/sp\\\/2022\\\/12\\\/10\\\/artigo-voce-tem-medo-de-ser-detestada#primaryimage\"},\"thumbnailUrl\":\"https:\\\/\\\/redenoticiaz.com.br\\\/ribeiraopreto-regiao\\\/wp-content\\\/uploads\\\/sites\\\/4\\\/2022\\\/12\\\/DETESTO-scaled.jpeg?v=1670363736\",\"keywords\":[\"CHEFIA FEMININA\",\"MULHERES DETESTADAS\",\"MUNDO CORPORATIVO\",\"MUNDO EMPRESARIAL\"],\"articleSection\":[\"Trabalho\"],\"inLanguage\":\"pt-BR\",\"potentialAction\":[{\"@type\":\"CommentAction\",\"name\":\"Comment\",\"target\":[\"https:\\\/\\\/redenoticiaz.com.br\\\/ribeiraopreto-regiao\\\/sp\\\/2022\\\/12\\\/10\\\/artigo-voce-tem-medo-de-ser-detestada#respond\"]}]},{\"@type\":\"WebPage\",\"@id\":\"https:\\\/\\\/redenoticiaz.com.br\\\/ribeiraopreto-regiao\\\/sp\\\/2022\\\/12\\\/10\\\/artigo-voce-tem-medo-de-ser-detestada\",\"url\":\"https:\\\/\\\/redenoticiaz.com.br\\\/ribeiraopreto-regiao\\\/sp\\\/2022\\\/12\\\/10\\\/artigo-voce-tem-medo-de-ser-detestada\",\"name\":\"Artigo: voc\u00ea tem medo de ser detestada? - Ribeir\u00e3o Preto e Regi\u00e3o\",\"isPartOf\":{\"@id\":\"https:\\\/\\\/redenoticiaz.com.br\\\/ribeiraopreto-regiao\\\/#website\"},\"primaryImageOfPage\":{\"@id\":\"https:\\\/\\\/redenoticiaz.com.br\\\/ribeiraopreto-regiao\\\/sp\\\/2022\\\/12\\\/10\\\/artigo-voce-tem-medo-de-ser-detestada#primaryimage\"},\"image\":{\"@id\":\"https:\\\/\\\/redenoticiaz.com.br\\\/ribeiraopreto-regiao\\\/sp\\\/2022\\\/12\\\/10\\\/artigo-voce-tem-medo-de-ser-detestada#primaryimage\"},\"thumbnailUrl\":\"https:\\\/\\\/redenoticiaz.com.br\\\/ribeiraopreto-regiao\\\/wp-content\\\/uploads\\\/sites\\\/4\\\/2022\\\/12\\\/DETESTO-scaled.jpeg?v=1670363736\",\"datePublished\":\"2022-12-10T17:00:13+00:00\",\"description\":\"O fato \u00e9 que devemos nos perguntar: Voc\u00ea est\u00e1 pronta para causar desconforto ao ser uma l\u00edder? N\u00e3o agradar? E a realidade \u00e9 que\",\"inLanguage\":\"pt-BR\",\"potentialAction\":[{\"@type\":\"ReadAction\",\"target\":[\"https:\\\/\\\/redenoticiaz.com.br\\\/ribeiraopreto-regiao\\\/sp\\\/2022\\\/12\\\/10\\\/artigo-voce-tem-medo-de-ser-detestada\"]}]},{\"@type\":\"ImageObject\",\"inLanguage\":\"pt-BR\",\"@id\":\"https:\\\/\\\/redenoticiaz.com.br\\\/ribeiraopreto-regiao\\\/sp\\\/2022\\\/12\\\/10\\\/artigo-voce-tem-medo-de-ser-detestada#primaryimage\",\"url\":\"https:\\\/\\\/redenoticiaz.com.br\\\/ribeiraopreto-regiao\\\/wp-content\\\/uploads\\\/sites\\\/4\\\/2022\\\/12\\\/DETESTO-scaled.jpeg?v=1670363736\",\"contentUrl\":\"https:\\\/\\\/redenoticiaz.com.br\\\/ribeiraopreto-regiao\\\/wp-content\\\/uploads\\\/sites\\\/4\\\/2022\\\/12\\\/DETESTO-scaled.jpeg?v=1670363736\",\"width\":811,\"height\":1080,\"caption\":\"Cr\u00e9ditos: Divulga\u00e7\u00e3o\"},{\"@type\":\"WebSite\",\"@id\":\"https:\\\/\\\/redenoticiaz.com.br\\\/ribeiraopreto-regiao\\\/#website\",\"url\":\"https:\\\/\\\/redenoticiaz.com.br\\\/ribeiraopreto-regiao\\\/\",\"name\":\"Ribeir\u00e3o Preto e Regi\u00e3o\",\"description\":\"Rede NoticiaZ - Ribeir\u00e3o Preto e regi\u00e3o\",\"publisher\":{\"@id\":\"https:\\\/\\\/redenoticiaz.com.br\\\/ribeiraopreto-regiao\\\/#organization\"},\"potentialAction\":[{\"@type\":\"SearchAction\",\"target\":{\"@type\":\"EntryPoint\",\"urlTemplate\":\"https:\\\/\\\/redenoticiaz.com.br\\\/ribeiraopreto-regiao\\\/?s={search_term_string}\"},\"query-input\":{\"@type\":\"PropertyValueSpecification\",\"valueRequired\":true,\"valueName\":\"search_term_string\"}}],\"inLanguage\":\"pt-BR\"},{\"@type\":\"Organization\",\"@id\":\"https:\\\/\\\/redenoticiaz.com.br\\\/ribeiraopreto-regiao\\\/#organization\",\"name\":\"Ribeir\u00e3o Preto e Regi\u00e3o\",\"url\":\"https:\\\/\\\/redenoticiaz.com.br\\\/ribeiraopreto-regiao\\\/\",\"logo\":{\"@type\":\"ImageObject\",\"inLanguage\":\"pt-BR\",\"@id\":\"https:\\\/\\\/redenoticiaz.com.br\\\/ribeiraopreto-regiao\\\/#\\\/schema\\\/logo\\\/image\\\/\",\"url\":\"https:\\\/\\\/redenoticiaz.com.br\\\/barretos-regiao\\\/wp-content\\\/uploads\\\/sites\\\/4\\\/2022\\\/02\\\/logo.jpg\",\"contentUrl\":\"https:\\\/\\\/redenoticiaz.com.br\\\/barretos-regiao\\\/wp-content\\\/uploads\\\/sites\\\/4\\\/2022\\\/02\\\/logo.jpg\",\"width\":400,\"height\":250,\"caption\":\"Ribeir\u00e3o Preto e Regi\u00e3o\"},\"image\":{\"@id\":\"https:\\\/\\\/redenoticiaz.com.br\\\/ribeiraopreto-regiao\\\/#\\\/schema\\\/logo\\\/image\\\/\"},\"sameAs\":[\"https:\\\/\\\/m.facebook.com\\\/redenoticiaz.barretos\",\"https:\\\/\\\/x.com\\\/RN_barretos\",\"https:\\\/\\\/www.instagram.com\\\/redenoticiaz.barretos\\\/?igshid=YmMyMTA2M2Y\",\"https:\\\/\\\/www.linkedin.com\\\/company\\\/rede-noticiaz-barretos-e-regio\\\/\"]},{\"@type\":\"Person\",\"@id\":\"https:\\\/\\\/redenoticiaz.com.br\\\/ribeiraopreto-regiao\\\/#\\\/schema\\\/person\\\/0f0b8a5bdafefe82841e07ae8d81ecb3\",\"name\":\"Leonardo Francisco\",\"image\":{\"@type\":\"ImageObject\",\"inLanguage\":\"pt-BR\",\"@id\":\"https:\\\/\\\/secure.gravatar.com\\\/avatar\\\/a7358cb406a99b682ec6df1e77e31ae82e63601f6784e8a3df411d72b37864da?s=96&d=mm&r=g\",\"url\":\"https:\\\/\\\/secure.gravatar.com\\\/avatar\\\/a7358cb406a99b682ec6df1e77e31ae82e63601f6784e8a3df411d72b37864da?s=96&d=mm&r=g\",\"contentUrl\":\"https:\\\/\\\/secure.gravatar.com\\\/avatar\\\/a7358cb406a99b682ec6df1e77e31ae82e63601f6784e8a3df411d72b37864da?s=96&d=mm&r=g\",\"caption\":\"Leonardo Francisco\"},\"url\":\"https:\\\/\\\/redenoticiaz.com.br\\\/ribeiraopreto-regiao\\\/sp\\\/author\\\/leonardo-francisco\"}]}<\/script>\n<!-- \/ Yoast SEO plugin. -->","yoast_head_json":{"title":"Artigo: voc\u00ea tem medo de ser detestada? - Ribeir\u00e3o Preto e Regi\u00e3o","description":"O fato \u00e9 que devemos nos perguntar: Voc\u00ea est\u00e1 pronta para causar desconforto ao ser uma l\u00edder? N\u00e3o agradar? E a realidade \u00e9 que","robots":{"index":"index","follow":"follow","max-snippet":"max-snippet:-1","max-image-preview":"max-image-preview:large","max-video-preview":"max-video-preview:-1"},"canonical":"https:\/\/redenoticiaz.com.br\/ribeiraopreto-regiao\/sp\/2022\/12\/10\/artigo-voce-tem-medo-de-ser-detestada","og_locale":"pt_BR","og_type":"article","og_title":"Artigo: voc\u00ea tem medo de ser detestada? - Ribeir\u00e3o Preto e Regi\u00e3o","og_description":"O fato \u00e9 que devemos nos perguntar: Voc\u00ea est\u00e1 pronta para causar desconforto ao ser uma l\u00edder? N\u00e3o agradar? E a realidade \u00e9 que","og_url":"https:\/\/redenoticiaz.com.br\/ribeiraopreto-regiao\/sp\/2022\/12\/10\/artigo-voce-tem-medo-de-ser-detestada","og_site_name":"Ribeir\u00e3o Preto e Regi\u00e3o","article_publisher":"https:\/\/m.facebook.com\/redenoticiaz.barretos","article_published_time":"2022-12-10T17:00:13+00:00","og_image":[{"width":400,"height":250,"url":"https:\/\/redenoticiaz.com.br\/ribeiraopreto-regiao\/wp-content\/uploads\/sites\/4\/2022\/02\/logo.jpg","type":"image\/jpeg"}],"author":"Leonardo Francisco","twitter_card":"summary_large_image","twitter_creator":"@RN_barretos","twitter_site":"@RN_barretos","twitter_misc":{"Escrito por":"Leonardo Francisco","Est. tempo de leitura":"4 minutos"},"schema":{"@context":"https:\/\/schema.org","@graph":[{"@type":"Article","@id":"https:\/\/redenoticiaz.com.br\/ribeiraopreto-regiao\/sp\/2022\/12\/10\/artigo-voce-tem-medo-de-ser-detestada#article","isPartOf":{"@id":"https:\/\/redenoticiaz.com.br\/ribeiraopreto-regiao\/sp\/2022\/12\/10\/artigo-voce-tem-medo-de-ser-detestada"},"author":{"name":"Leonardo Francisco","@id":"https:\/\/redenoticiaz.com.br\/ribeiraopreto-regiao\/#\/schema\/person\/0f0b8a5bdafefe82841e07ae8d81ecb3"},"headline":"Artigo: voc\u00ea tem medo de ser detestada?","datePublished":"2022-12-10T17:00:13+00:00","mainEntityOfPage":{"@id":"https:\/\/redenoticiaz.com.br\/ribeiraopreto-regiao\/sp\/2022\/12\/10\/artigo-voce-tem-medo-de-ser-detestada"},"wordCount":644,"commentCount":0,"publisher":{"@id":"https:\/\/redenoticiaz.com.br\/ribeiraopreto-regiao\/#organization"},"image":{"@id":"https:\/\/redenoticiaz.com.br\/ribeiraopreto-regiao\/sp\/2022\/12\/10\/artigo-voce-tem-medo-de-ser-detestada#primaryimage"},"thumbnailUrl":"https:\/\/redenoticiaz.com.br\/ribeiraopreto-regiao\/wp-content\/uploads\/sites\/4\/2022\/12\/DETESTO-scaled.jpeg?v=1670363736","keywords":["CHEFIA FEMININA","MULHERES DETESTADAS","MUNDO CORPORATIVO","MUNDO EMPRESARIAL"],"articleSection":["Trabalho"],"inLanguage":"pt-BR","potentialAction":[{"@type":"CommentAction","name":"Comment","target":["https:\/\/redenoticiaz.com.br\/ribeiraopreto-regiao\/sp\/2022\/12\/10\/artigo-voce-tem-medo-de-ser-detestada#respond"]}]},{"@type":"WebPage","@id":"https:\/\/redenoticiaz.com.br\/ribeiraopreto-regiao\/sp\/2022\/12\/10\/artigo-voce-tem-medo-de-ser-detestada","url":"https:\/\/redenoticiaz.com.br\/ribeiraopreto-regiao\/sp\/2022\/12\/10\/artigo-voce-tem-medo-de-ser-detestada","name":"Artigo: voc\u00ea tem medo de ser detestada? - Ribeir\u00e3o Preto e Regi\u00e3o","isPartOf":{"@id":"https:\/\/redenoticiaz.com.br\/ribeiraopreto-regiao\/#website"},"primaryImageOfPage":{"@id":"https:\/\/redenoticiaz.com.br\/ribeiraopreto-regiao\/sp\/2022\/12\/10\/artigo-voce-tem-medo-de-ser-detestada#primaryimage"},"image":{"@id":"https:\/\/redenoticiaz.com.br\/ribeiraopreto-regiao\/sp\/2022\/12\/10\/artigo-voce-tem-medo-de-ser-detestada#primaryimage"},"thumbnailUrl":"https:\/\/redenoticiaz.com.br\/ribeiraopreto-regiao\/wp-content\/uploads\/sites\/4\/2022\/12\/DETESTO-scaled.jpeg?v=1670363736","datePublished":"2022-12-10T17:00:13+00:00","description":"O fato \u00e9 que devemos nos perguntar: Voc\u00ea est\u00e1 pronta para causar desconforto ao ser uma l\u00edder? N\u00e3o agradar? E a realidade \u00e9 que","inLanguage":"pt-BR","potentialAction":[{"@type":"ReadAction","target":["https:\/\/redenoticiaz.com.br\/ribeiraopreto-regiao\/sp\/2022\/12\/10\/artigo-voce-tem-medo-de-ser-detestada"]}]},{"@type":"ImageObject","inLanguage":"pt-BR","@id":"https:\/\/redenoticiaz.com.br\/ribeiraopreto-regiao\/sp\/2022\/12\/10\/artigo-voce-tem-medo-de-ser-detestada#primaryimage","url":"https:\/\/redenoticiaz.com.br\/ribeiraopreto-regiao\/wp-content\/uploads\/sites\/4\/2022\/12\/DETESTO-scaled.jpeg?v=1670363736","contentUrl":"https:\/\/redenoticiaz.com.br\/ribeiraopreto-regiao\/wp-content\/uploads\/sites\/4\/2022\/12\/DETESTO-scaled.jpeg?v=1670363736","width":811,"height":1080,"caption":"Cr\u00e9ditos: Divulga\u00e7\u00e3o"},{"@type":"WebSite","@id":"https:\/\/redenoticiaz.com.br\/ribeiraopreto-regiao\/#website","url":"https:\/\/redenoticiaz.com.br\/ribeiraopreto-regiao\/","name":"Ribeir\u00e3o Preto e Regi\u00e3o","description":"Rede NoticiaZ - Ribeir\u00e3o Preto e regi\u00e3o","publisher":{"@id":"https:\/\/redenoticiaz.com.br\/ribeiraopreto-regiao\/#organization"},"potentialAction":[{"@type":"SearchAction","target":{"@type":"EntryPoint","urlTemplate":"https:\/\/redenoticiaz.com.br\/ribeiraopreto-regiao\/?s={search_term_string}"},"query-input":{"@type":"PropertyValueSpecification","valueRequired":true,"valueName":"search_term_string"}}],"inLanguage":"pt-BR"},{"@type":"Organization","@id":"https:\/\/redenoticiaz.com.br\/ribeiraopreto-regiao\/#organization","name":"Ribeir\u00e3o Preto e Regi\u00e3o","url":"https:\/\/redenoticiaz.com.br\/ribeiraopreto-regiao\/","logo":{"@type":"ImageObject","inLanguage":"pt-BR","@id":"https:\/\/redenoticiaz.com.br\/ribeiraopreto-regiao\/#\/schema\/logo\/image\/","url":"https:\/\/redenoticiaz.com.br\/barretos-regiao\/wp-content\/uploads\/sites\/4\/2022\/02\/logo.jpg","contentUrl":"https:\/\/redenoticiaz.com.br\/barretos-regiao\/wp-content\/uploads\/sites\/4\/2022\/02\/logo.jpg","width":400,"height":250,"caption":"Ribeir\u00e3o Preto e Regi\u00e3o"},"image":{"@id":"https:\/\/redenoticiaz.com.br\/ribeiraopreto-regiao\/#\/schema\/logo\/image\/"},"sameAs":["https:\/\/m.facebook.com\/redenoticiaz.barretos","https:\/\/x.com\/RN_barretos","https:\/\/www.instagram.com\/redenoticiaz.barretos\/?igshid=YmMyMTA2M2Y","https:\/\/www.linkedin.com\/company\/rede-noticiaz-barretos-e-regio\/"]},{"@type":"Person","@id":"https:\/\/redenoticiaz.com.br\/ribeiraopreto-regiao\/#\/schema\/person\/0f0b8a5bdafefe82841e07ae8d81ecb3","name":"Leonardo Francisco","image":{"@type":"ImageObject","inLanguage":"pt-BR","@id":"https:\/\/secure.gravatar.com\/avatar\/a7358cb406a99b682ec6df1e77e31ae82e63601f6784e8a3df411d72b37864da?s=96&d=mm&r=g","url":"https:\/\/secure.gravatar.com\/avatar\/a7358cb406a99b682ec6df1e77e31ae82e63601f6784e8a3df411d72b37864da?s=96&d=mm&r=g","contentUrl":"https:\/\/secure.gravatar.com\/avatar\/a7358cb406a99b682ec6df1e77e31ae82e63601f6784e8a3df411d72b37864da?s=96&d=mm&r=g","caption":"Leonardo Francisco"},"url":"https:\/\/redenoticiaz.com.br\/ribeiraopreto-regiao\/sp\/author\/leonardo-francisco"}]}},"_links":{"self":[{"href":"https:\/\/redenoticiaz.com.br\/ribeiraopreto-regiao\/wp-json\/wp\/v2\/posts\/96409","targetHints":{"allow":["GET"]}}],"collection":[{"href":"https:\/\/redenoticiaz.com.br\/ribeiraopreto-regiao\/wp-json\/wp\/v2\/posts"}],"about":[{"href":"https:\/\/redenoticiaz.com.br\/ribeiraopreto-regiao\/wp-json\/wp\/v2\/types\/post"}],"author":[{"embeddable":true,"href":"https:\/\/redenoticiaz.com.br\/ribeiraopreto-regiao\/wp-json\/wp\/v2\/users\/6"}],"replies":[{"embeddable":true,"href":"https:\/\/redenoticiaz.com.br\/ribeiraopreto-regiao\/wp-json\/wp\/v2\/comments?post=96409"}],"version-history":[{"count":1,"href":"https:\/\/redenoticiaz.com.br\/ribeiraopreto-regiao\/wp-json\/wp\/v2\/posts\/96409\/revisions"}],"predecessor-version":[{"id":96411,"href":"https:\/\/redenoticiaz.com.br\/ribeiraopreto-regiao\/wp-json\/wp\/v2\/posts\/96409\/revisions\/96411"}],"wp:featuredmedia":[{"embeddable":true,"href":"https:\/\/redenoticiaz.com.br\/ribeiraopreto-regiao\/wp-json\/wp\/v2\/media\/96410"}],"wp:attachment":[{"href":"https:\/\/redenoticiaz.com.br\/ribeiraopreto-regiao\/wp-json\/wp\/v2\/media?parent=96409"}],"wp:term":[{"taxonomy":"category","embeddable":true,"href":"https:\/\/redenoticiaz.com.br\/ribeiraopreto-regiao\/wp-json\/wp\/v2\/categories?post=96409"},{"taxonomy":"post_tag","embeddable":true,"href":"https:\/\/redenoticiaz.com.br\/ribeiraopreto-regiao\/wp-json\/wp\/v2\/tags?post=96409"}],"curies":[{"name":"wp","href":"https:\/\/api.w.org\/{rel}","templated":true}]}}