{"id":96602,"date":"2022-12-11T14:00:36","date_gmt":"2022-12-11T17:00:36","guid":{"rendered":"https:\/\/redenoticiaz.com.br\/barretos-regiao\/?p=96602"},"modified":"2022-12-24T11:58:39","modified_gmt":"2022-12-24T14:58:39","slug":"confira-novo-trailer-de-imperio-da-luz-que-estreia-exclusivamente-nos-cinemas","status":"publish","type":"post","link":"https:\/\/redenoticiaz.com.br\/ribeiraopreto-regiao\/sp\/2022\/12\/11\/confira-novo-trailer-de-imperio-da-luz-que-estreia-exclusivamente-nos-cinemas","title":{"rendered":"Confira novo Trailer de Imp\u00e9rio da Luz que estreia exclusivamente nos cinemas"},"content":{"rendered":"<p class=\"v1MsoNormal\">Do diretor e roteirista vencedor do Oscar<sup>\u00ae\u00a0<\/sup>Sam Mendes, \u201c<b>Imp\u00e9rio da Luz\u201d<\/b>\u00a0\u00e9 um drama comovente sobre o poder da conex\u00e3o humana em tempos conturbados.<\/p>\n<p>&nbsp;<\/p>\n<p class=\"v1MsoNormal\">Ambientado em um belo cinema antigo de uma cidade na costa sul da Inglaterra na d\u00e9cada de 1980, o filme da Searchlight Pictures segue Hilary (Olivia Colman), uma gerente de cinema que luta a depress\u00e3o, e Stephen (Micheal Ward), um novo funcion\u00e1rio que deseja fugir desta cidade provinciana onde diariamente enfrenta adversidades. Tanto Hilary quanto Stephen encontram um sentimento de pertencimento em sua rela\u00e7\u00e3o improv\u00e1vel e carinhosa e experimentar o poder curador da m\u00fasica, do cinema e da comunidade.<\/p>\n<h3>Confira o trailer:<\/h3>\n<p><iframe loading=\"lazy\" title=\"Imp\u00e9rio da Luz | Trailer Oficial 2 Legendado\" width=\"500\" height=\"281\" src=\"https:\/\/www.youtube.com\/embed\/jn7DKu7oY4s?feature=oembed\" frameborder=\"0\" allow=\"accelerometer; autoplay; clipboard-write; encrypted-media; gyroscope; picture-in-picture; web-share\" referrerpolicy=\"strict-origin-when-cross-origin\" allowfullscreen><\/iframe><\/p>\n<p class=\"v1MsoNormal\">\u201c<b>Imp\u00e9rio da Luz\u201d<\/b>\u00a0conta com um elenco estelar liderado por Olivia Colman, Micheal Ward, Tom Brooke, Tanya Moodie, Hannah Onslow, Crystal Clarke, com Toby Jones e Colin Firth.<\/p>\n<p class=\"v1MsoNormal\">A equipe cinematogr\u00e1fica inclui os antigos colaboradores de Mendes, como a produtora Pippa Harris, o diretor de fotografia Roger Deakins, que se re\u00fane com Mendes para sua quinta colabora\u00e7\u00e3o, o designer de produ\u00e7\u00e3o Mark Tildesley, a figurinista Alexandra Byrne, a respons\u00e1vel por cabelo e maquiagem Naomi Donne, o editor Lee Smith, o produtor musical Wilson, a diretora de casting Nina Goldo supervisor musical Randall Poster, os compositores Trent Reznor e Atticus Ross, os produtores executivos Michael Lerman e Julie Pastor, e as coprodutoras Celia Duvale Lola Oliyide.<\/p>\n<p class=\"v1MsoNormal\">VEJA TAMB\u00c9M:\u00a0<a href=\"https:\/\/redenoticiaz.com.br\/barretos-regiao\/sp\/2022\/12\/04\/confira-o-trailer-do-setimo-filme-da-franquia-transformers-o-despertar-das-feras\">Confira o trailer do s\u00e9timo filme da franquia Transformers: O Despertar das Feras<\/a><\/p>\n","protected":false},"excerpt":{"rendered":"<p>Do diretor e roteirista vencedor do Oscar\u00ae\u00a0Sam Mendes, \u201cImp\u00e9rio da Luz\u201d\u00a0\u00e9 um drama comovente sobre o poder da conex\u00e3o humana em tempos conturbados. &nbsp; Ambientado em um belo cinema antigo de uma cidade na costa sul da Inglaterra na d\u00e9cada de 1980, o filme da Searchlight Pictures segue Hilary (Olivia Colman), uma gerente de cinema &hellip;<\/p>\n","protected":false},"author":15,"featured_media":96603,"comment_status":"open","ping_status":"closed","sticky":false,"template":"","format":"standard","meta":{"footnotes":""},"categories":[23210,134],"tags":[817,22800,15115,22799],"class_list":["post-96602","post","type-post","status-publish","format-standard","has-post-thumbnail","hentry","category-cameraz","category-entretenimento","tag-cinema","tag-diretor-vencedor-do-oscar","tag-filme","tag-imperio-da-luz"],"yoast_head":"<!-- This site is optimized with the Yoast SEO plugin v27.4 - https:\/\/yoast.com\/product\/yoast-seo-wordpress\/ -->\n<title>Confira novo Trailer de Imp\u00e9rio da Luz que estreia exclusivamente nos cinemas - Ribeir\u00e3o Preto e Regi\u00e3o<\/title>\n<meta name=\"description\" content=\"Do diretor e roteirista vencedor do Oscar\u00a0Sam Mendes, \u201cImp\u00e9rio da Luz\u201d\u00a0\u00e9 um drama comovente sobre o poder da conex\u00e3o humana\" \/>\n<meta name=\"robots\" content=\"index, follow, max-snippet:-1, max-image-preview:large, max-video-preview:-1\" \/>\n<link rel=\"canonical\" href=\"https:\/\/redenoticiaz.com.br\/ribeiraopreto-regiao\/sp\/2022\/12\/11\/confira-novo-trailer-de-imperio-da-luz-que-estreia-exclusivamente-nos-cinemas\" \/>\n<meta property=\"og:locale\" content=\"pt_BR\" \/>\n<meta property=\"og:type\" content=\"article\" \/>\n<meta property=\"og:title\" content=\"Confira novo Trailer de Imp\u00e9rio da Luz que estreia exclusivamente nos cinemas - Ribeir\u00e3o Preto e Regi\u00e3o\" \/>\n<meta property=\"og:description\" content=\"Do diretor e roteirista vencedor do Oscar\u00a0Sam Mendes, \u201cImp\u00e9rio da Luz\u201d\u00a0\u00e9 um drama comovente sobre o poder da conex\u00e3o humana\" \/>\n<meta property=\"og:url\" content=\"https:\/\/redenoticiaz.com.br\/ribeiraopreto-regiao\/sp\/2022\/12\/11\/confira-novo-trailer-de-imperio-da-luz-que-estreia-exclusivamente-nos-cinemas\" \/>\n<meta property=\"og:site_name\" content=\"Ribeir\u00e3o Preto e Regi\u00e3o\" \/>\n<meta property=\"article:publisher\" content=\"https:\/\/m.facebook.com\/redenoticiaz.barretos\" \/>\n<meta property=\"article:published_time\" content=\"2022-12-11T17:00:36+00:00\" \/>\n<meta property=\"article:modified_time\" content=\"2022-12-24T14:58:39+00:00\" \/>\n<meta property=\"og:image\" content=\"https:\/\/redenoticiaz.com.br\/ribeiraopreto-regiao\/wp-content\/uploads\/sites\/4\/2022\/12\/zzEOL_Keyart_13R1a_Michael_ev1.0-scaled.jpg\" \/>\n\t<meta property=\"og:image:width\" content=\"1920\" \/>\n\t<meta property=\"og:image:height\" content=\"765\" \/>\n\t<meta property=\"og:image:type\" content=\"image\/jpeg\" \/>\n<meta name=\"twitter:card\" content=\"summary_large_image\" \/>\n<meta name=\"twitter:creator\" content=\"@RN_barretos\" \/>\n<meta name=\"twitter:site\" content=\"@RN_barretos\" \/>\n<meta name=\"twitter:label1\" content=\"Escrito por\" \/>\n\t<meta name=\"twitter:data1\" content=\"\" \/>\n\t<meta name=\"twitter:label2\" content=\"Est. tempo de leitura\" \/>\n\t<meta name=\"twitter:data2\" content=\"2 minutos\" \/>\n<script type=\"application\/ld+json\" class=\"yoast-schema-graph\">{\"@context\":\"https:\\\/\\\/schema.org\",\"@graph\":[{\"@type\":\"Article\",\"@id\":\"https:\\\/\\\/redenoticiaz.com.br\\\/ribeiraopreto-regiao\\\/sp\\\/2022\\\/12\\\/11\\\/confira-novo-trailer-de-imperio-da-luz-que-estreia-exclusivamente-nos-cinemas#article\",\"isPartOf\":{\"@id\":\"https:\\\/\\\/redenoticiaz.com.br\\\/ribeiraopreto-regiao\\\/sp\\\/2022\\\/12\\\/11\\\/confira-novo-trailer-de-imperio-da-luz-que-estreia-exclusivamente-nos-cinemas\"},\"author\":{\"name\":\"\",\"@id\":\"\"},\"headline\":\"Confira novo Trailer de Imp\u00e9rio da Luz que estreia exclusivamente nos cinemas\",\"datePublished\":\"2022-12-11T17:00:36+00:00\",\"dateModified\":\"2022-12-24T14:58:39+00:00\",\"mainEntityOfPage\":{\"@id\":\"https:\\\/\\\/redenoticiaz.com.br\\\/ribeiraopreto-regiao\\\/sp\\\/2022\\\/12\\\/11\\\/confira-novo-trailer-de-imperio-da-luz-que-estreia-exclusivamente-nos-cinemas\"},\"wordCount\":277,\"commentCount\":0,\"publisher\":{\"@id\":\"https:\\\/\\\/redenoticiaz.com.br\\\/ribeiraopreto-regiao\\\/#organization\"},\"image\":{\"@id\":\"https:\\\/\\\/redenoticiaz.com.br\\\/ribeiraopreto-regiao\\\/sp\\\/2022\\\/12\\\/11\\\/confira-novo-trailer-de-imperio-da-luz-que-estreia-exclusivamente-nos-cinemas#primaryimage\"},\"thumbnailUrl\":\"https:\\\/\\\/redenoticiaz.com.br\\\/ribeiraopreto-regiao\\\/wp-content\\\/uploads\\\/sites\\\/4\\\/2022\\\/12\\\/zzEOL_Keyart_13R1a_Michael_ev1.0-scaled.jpg\",\"keywords\":[\"CINEMA\",\"diretor vencedor do Oscar\",\"FILME\",\"Imp\u00e9rio da Luz\"],\"articleSection\":[\"C\u00e2mera Z\",\"Entretenimento\"],\"inLanguage\":\"pt-BR\",\"potentialAction\":[{\"@type\":\"CommentAction\",\"name\":\"Comment\",\"target\":[\"https:\\\/\\\/redenoticiaz.com.br\\\/ribeiraopreto-regiao\\\/sp\\\/2022\\\/12\\\/11\\\/confira-novo-trailer-de-imperio-da-luz-que-estreia-exclusivamente-nos-cinemas#respond\"]}]},{\"@type\":\"WebPage\",\"@id\":\"https:\\\/\\\/redenoticiaz.com.br\\\/ribeiraopreto-regiao\\\/sp\\\/2022\\\/12\\\/11\\\/confira-novo-trailer-de-imperio-da-luz-que-estreia-exclusivamente-nos-cinemas\",\"url\":\"https:\\\/\\\/redenoticiaz.com.br\\\/ribeiraopreto-regiao\\\/sp\\\/2022\\\/12\\\/11\\\/confira-novo-trailer-de-imperio-da-luz-que-estreia-exclusivamente-nos-cinemas\",\"name\":\"Confira novo Trailer de Imp\u00e9rio da Luz que estreia exclusivamente nos cinemas - Ribeir\u00e3o Preto e Regi\u00e3o\",\"isPartOf\":{\"@id\":\"https:\\\/\\\/redenoticiaz.com.br\\\/ribeiraopreto-regiao\\\/#website\"},\"primaryImageOfPage\":{\"@id\":\"https:\\\/\\\/redenoticiaz.com.br\\\/ribeiraopreto-regiao\\\/sp\\\/2022\\\/12\\\/11\\\/confira-novo-trailer-de-imperio-da-luz-que-estreia-exclusivamente-nos-cinemas#primaryimage\"},\"image\":{\"@id\":\"https:\\\/\\\/redenoticiaz.com.br\\\/ribeiraopreto-regiao\\\/sp\\\/2022\\\/12\\\/11\\\/confira-novo-trailer-de-imperio-da-luz-que-estreia-exclusivamente-nos-cinemas#primaryimage\"},\"thumbnailUrl\":\"https:\\\/\\\/redenoticiaz.com.br\\\/ribeiraopreto-regiao\\\/wp-content\\\/uploads\\\/sites\\\/4\\\/2022\\\/12\\\/zzEOL_Keyart_13R1a_Michael_ev1.0-scaled.jpg\",\"datePublished\":\"2022-12-11T17:00:36+00:00\",\"dateModified\":\"2022-12-24T14:58:39+00:00\",\"description\":\"Do diretor e roteirista vencedor do Oscar\u00a0Sam Mendes, \u201cImp\u00e9rio da Luz\u201d\u00a0\u00e9 um drama comovente sobre o poder da conex\u00e3o humana\",\"inLanguage\":\"pt-BR\",\"potentialAction\":[{\"@type\":\"ReadAction\",\"target\":[\"https:\\\/\\\/redenoticiaz.com.br\\\/ribeiraopreto-regiao\\\/sp\\\/2022\\\/12\\\/11\\\/confira-novo-trailer-de-imperio-da-luz-que-estreia-exclusivamente-nos-cinemas\"]}]},{\"@type\":\"ImageObject\",\"inLanguage\":\"pt-BR\",\"@id\":\"https:\\\/\\\/redenoticiaz.com.br\\\/ribeiraopreto-regiao\\\/sp\\\/2022\\\/12\\\/11\\\/confira-novo-trailer-de-imperio-da-luz-que-estreia-exclusivamente-nos-cinemas#primaryimage\",\"url\":\"https:\\\/\\\/redenoticiaz.com.br\\\/ribeiraopreto-regiao\\\/wp-content\\\/uploads\\\/sites\\\/4\\\/2022\\\/12\\\/zzEOL_Keyart_13R1a_Michael_ev1.0-scaled.jpg\",\"contentUrl\":\"https:\\\/\\\/redenoticiaz.com.br\\\/ribeiraopreto-regiao\\\/wp-content\\\/uploads\\\/sites\\\/4\\\/2022\\\/12\\\/zzEOL_Keyart_13R1a_Michael_ev1.0-scaled.jpg\",\"width\":1920,\"height\":765,\"caption\":\"Imp\u00e9rio da Luz. Cr\u00e9dito: Divulga\u00e7\u00e3o\"},{\"@type\":\"WebSite\",\"@id\":\"https:\\\/\\\/redenoticiaz.com.br\\\/ribeiraopreto-regiao\\\/#website\",\"url\":\"https:\\\/\\\/redenoticiaz.com.br\\\/ribeiraopreto-regiao\\\/\",\"name\":\"Ribeir\u00e3o Preto e Regi\u00e3o\",\"description\":\"Rede NoticiaZ - Ribeir\u00e3o Preto e regi\u00e3o\",\"publisher\":{\"@id\":\"https:\\\/\\\/redenoticiaz.com.br\\\/ribeiraopreto-regiao\\\/#organization\"},\"potentialAction\":[{\"@type\":\"SearchAction\",\"target\":{\"@type\":\"EntryPoint\",\"urlTemplate\":\"https:\\\/\\\/redenoticiaz.com.br\\\/ribeiraopreto-regiao\\\/?s={search_term_string}\"},\"query-input\":{\"@type\":\"PropertyValueSpecification\",\"valueRequired\":true,\"valueName\":\"search_term_string\"}}],\"inLanguage\":\"pt-BR\"},{\"@type\":\"Organization\",\"@id\":\"https:\\\/\\\/redenoticiaz.com.br\\\/ribeiraopreto-regiao\\\/#organization\",\"name\":\"Ribeir\u00e3o Preto e Regi\u00e3o\",\"url\":\"https:\\\/\\\/redenoticiaz.com.br\\\/ribeiraopreto-regiao\\\/\",\"logo\":{\"@type\":\"ImageObject\",\"inLanguage\":\"pt-BR\",\"@id\":\"https:\\\/\\\/redenoticiaz.com.br\\\/ribeiraopreto-regiao\\\/#\\\/schema\\\/logo\\\/image\\\/\",\"url\":\"https:\\\/\\\/redenoticiaz.com.br\\\/barretos-regiao\\\/wp-content\\\/uploads\\\/sites\\\/4\\\/2022\\\/02\\\/logo.jpg\",\"contentUrl\":\"https:\\\/\\\/redenoticiaz.com.br\\\/barretos-regiao\\\/wp-content\\\/uploads\\\/sites\\\/4\\\/2022\\\/02\\\/logo.jpg\",\"width\":400,\"height\":250,\"caption\":\"Ribeir\u00e3o Preto e Regi\u00e3o\"},\"image\":{\"@id\":\"https:\\\/\\\/redenoticiaz.com.br\\\/ribeiraopreto-regiao\\\/#\\\/schema\\\/logo\\\/image\\\/\"},\"sameAs\":[\"https:\\\/\\\/m.facebook.com\\\/redenoticiaz.barretos\",\"https:\\\/\\\/x.com\\\/RN_barretos\",\"https:\\\/\\\/www.instagram.com\\\/redenoticiaz.barretos\\\/?igshid=YmMyMTA2M2Y\",\"https:\\\/\\\/www.linkedin.com\\\/company\\\/rede-noticiaz-barretos-e-regio\\\/\"]},{\"@type\":\"Person\",\"@id\":\"\",\"url\":\"https:\\\/\\\/redenoticiaz.com.br\\\/ribeiraopreto-regiao\\\/sp\\\/author\"}]}<\/script>\n<!-- \/ Yoast SEO plugin. -->","yoast_head_json":{"title":"Confira novo Trailer de Imp\u00e9rio da Luz que estreia exclusivamente nos cinemas - Ribeir\u00e3o Preto e Regi\u00e3o","description":"Do diretor e roteirista vencedor do Oscar\u00a0Sam Mendes, \u201cImp\u00e9rio da Luz\u201d\u00a0\u00e9 um drama comovente sobre o poder da conex\u00e3o humana","robots":{"index":"index","follow":"follow","max-snippet":"max-snippet:-1","max-image-preview":"max-image-preview:large","max-video-preview":"max-video-preview:-1"},"canonical":"https:\/\/redenoticiaz.com.br\/ribeiraopreto-regiao\/sp\/2022\/12\/11\/confira-novo-trailer-de-imperio-da-luz-que-estreia-exclusivamente-nos-cinemas","og_locale":"pt_BR","og_type":"article","og_title":"Confira novo Trailer de Imp\u00e9rio da Luz que estreia exclusivamente nos cinemas - Ribeir\u00e3o Preto e Regi\u00e3o","og_description":"Do diretor e roteirista vencedor do Oscar\u00a0Sam Mendes, \u201cImp\u00e9rio da Luz\u201d\u00a0\u00e9 um drama comovente sobre o poder da conex\u00e3o humana","og_url":"https:\/\/redenoticiaz.com.br\/ribeiraopreto-regiao\/sp\/2022\/12\/11\/confira-novo-trailer-de-imperio-da-luz-que-estreia-exclusivamente-nos-cinemas","og_site_name":"Ribeir\u00e3o Preto e Regi\u00e3o","article_publisher":"https:\/\/m.facebook.com\/redenoticiaz.barretos","article_published_time":"2022-12-11T17:00:36+00:00","article_modified_time":"2022-12-24T14:58:39+00:00","og_image":[{"width":1920,"height":765,"url":"https:\/\/redenoticiaz.com.br\/ribeiraopreto-regiao\/wp-content\/uploads\/sites\/4\/2022\/12\/zzEOL_Keyart_13R1a_Michael_ev1.0-scaled.jpg","type":"image\/jpeg"}],"twitter_card":"summary_large_image","twitter_creator":"@RN_barretos","twitter_site":"@RN_barretos","twitter_misc":{"Escrito por":"","Est. tempo de leitura":"2 minutos"},"schema":{"@context":"https:\/\/schema.org","@graph":[{"@type":"Article","@id":"https:\/\/redenoticiaz.com.br\/ribeiraopreto-regiao\/sp\/2022\/12\/11\/confira-novo-trailer-de-imperio-da-luz-que-estreia-exclusivamente-nos-cinemas#article","isPartOf":{"@id":"https:\/\/redenoticiaz.com.br\/ribeiraopreto-regiao\/sp\/2022\/12\/11\/confira-novo-trailer-de-imperio-da-luz-que-estreia-exclusivamente-nos-cinemas"},"author":{"name":"","@id":""},"headline":"Confira novo Trailer de Imp\u00e9rio da Luz que estreia exclusivamente nos cinemas","datePublished":"2022-12-11T17:00:36+00:00","dateModified":"2022-12-24T14:58:39+00:00","mainEntityOfPage":{"@id":"https:\/\/redenoticiaz.com.br\/ribeiraopreto-regiao\/sp\/2022\/12\/11\/confira-novo-trailer-de-imperio-da-luz-que-estreia-exclusivamente-nos-cinemas"},"wordCount":277,"commentCount":0,"publisher":{"@id":"https:\/\/redenoticiaz.com.br\/ribeiraopreto-regiao\/#organization"},"image":{"@id":"https:\/\/redenoticiaz.com.br\/ribeiraopreto-regiao\/sp\/2022\/12\/11\/confira-novo-trailer-de-imperio-da-luz-que-estreia-exclusivamente-nos-cinemas#primaryimage"},"thumbnailUrl":"https:\/\/redenoticiaz.com.br\/ribeiraopreto-regiao\/wp-content\/uploads\/sites\/4\/2022\/12\/zzEOL_Keyart_13R1a_Michael_ev1.0-scaled.jpg","keywords":["CINEMA","diretor vencedor do Oscar","FILME","Imp\u00e9rio da Luz"],"articleSection":["C\u00e2mera Z","Entretenimento"],"inLanguage":"pt-BR","potentialAction":[{"@type":"CommentAction","name":"Comment","target":["https:\/\/redenoticiaz.com.br\/ribeiraopreto-regiao\/sp\/2022\/12\/11\/confira-novo-trailer-de-imperio-da-luz-que-estreia-exclusivamente-nos-cinemas#respond"]}]},{"@type":"WebPage","@id":"https:\/\/redenoticiaz.com.br\/ribeiraopreto-regiao\/sp\/2022\/12\/11\/confira-novo-trailer-de-imperio-da-luz-que-estreia-exclusivamente-nos-cinemas","url":"https:\/\/redenoticiaz.com.br\/ribeiraopreto-regiao\/sp\/2022\/12\/11\/confira-novo-trailer-de-imperio-da-luz-que-estreia-exclusivamente-nos-cinemas","name":"Confira novo Trailer de Imp\u00e9rio da Luz que estreia exclusivamente nos cinemas - Ribeir\u00e3o Preto e Regi\u00e3o","isPartOf":{"@id":"https:\/\/redenoticiaz.com.br\/ribeiraopreto-regiao\/#website"},"primaryImageOfPage":{"@id":"https:\/\/redenoticiaz.com.br\/ribeiraopreto-regiao\/sp\/2022\/12\/11\/confira-novo-trailer-de-imperio-da-luz-que-estreia-exclusivamente-nos-cinemas#primaryimage"},"image":{"@id":"https:\/\/redenoticiaz.com.br\/ribeiraopreto-regiao\/sp\/2022\/12\/11\/confira-novo-trailer-de-imperio-da-luz-que-estreia-exclusivamente-nos-cinemas#primaryimage"},"thumbnailUrl":"https:\/\/redenoticiaz.com.br\/ribeiraopreto-regiao\/wp-content\/uploads\/sites\/4\/2022\/12\/zzEOL_Keyart_13R1a_Michael_ev1.0-scaled.jpg","datePublished":"2022-12-11T17:00:36+00:00","dateModified":"2022-12-24T14:58:39+00:00","description":"Do diretor e roteirista vencedor do Oscar\u00a0Sam Mendes, \u201cImp\u00e9rio da Luz\u201d\u00a0\u00e9 um drama comovente sobre o poder da conex\u00e3o humana","inLanguage":"pt-BR","potentialAction":[{"@type":"ReadAction","target":["https:\/\/redenoticiaz.com.br\/ribeiraopreto-regiao\/sp\/2022\/12\/11\/confira-novo-trailer-de-imperio-da-luz-que-estreia-exclusivamente-nos-cinemas"]}]},{"@type":"ImageObject","inLanguage":"pt-BR","@id":"https:\/\/redenoticiaz.com.br\/ribeiraopreto-regiao\/sp\/2022\/12\/11\/confira-novo-trailer-de-imperio-da-luz-que-estreia-exclusivamente-nos-cinemas#primaryimage","url":"https:\/\/redenoticiaz.com.br\/ribeiraopreto-regiao\/wp-content\/uploads\/sites\/4\/2022\/12\/zzEOL_Keyart_13R1a_Michael_ev1.0-scaled.jpg","contentUrl":"https:\/\/redenoticiaz.com.br\/ribeiraopreto-regiao\/wp-content\/uploads\/sites\/4\/2022\/12\/zzEOL_Keyart_13R1a_Michael_ev1.0-scaled.jpg","width":1920,"height":765,"caption":"Imp\u00e9rio da Luz. Cr\u00e9dito: Divulga\u00e7\u00e3o"},{"@type":"WebSite","@id":"https:\/\/redenoticiaz.com.br\/ribeiraopreto-regiao\/#website","url":"https:\/\/redenoticiaz.com.br\/ribeiraopreto-regiao\/","name":"Ribeir\u00e3o Preto e Regi\u00e3o","description":"Rede NoticiaZ - Ribeir\u00e3o Preto e regi\u00e3o","publisher":{"@id":"https:\/\/redenoticiaz.com.br\/ribeiraopreto-regiao\/#organization"},"potentialAction":[{"@type":"SearchAction","target":{"@type":"EntryPoint","urlTemplate":"https:\/\/redenoticiaz.com.br\/ribeiraopreto-regiao\/?s={search_term_string}"},"query-input":{"@type":"PropertyValueSpecification","valueRequired":true,"valueName":"search_term_string"}}],"inLanguage":"pt-BR"},{"@type":"Organization","@id":"https:\/\/redenoticiaz.com.br\/ribeiraopreto-regiao\/#organization","name":"Ribeir\u00e3o Preto e Regi\u00e3o","url":"https:\/\/redenoticiaz.com.br\/ribeiraopreto-regiao\/","logo":{"@type":"ImageObject","inLanguage":"pt-BR","@id":"https:\/\/redenoticiaz.com.br\/ribeiraopreto-regiao\/#\/schema\/logo\/image\/","url":"https:\/\/redenoticiaz.com.br\/barretos-regiao\/wp-content\/uploads\/sites\/4\/2022\/02\/logo.jpg","contentUrl":"https:\/\/redenoticiaz.com.br\/barretos-regiao\/wp-content\/uploads\/sites\/4\/2022\/02\/logo.jpg","width":400,"height":250,"caption":"Ribeir\u00e3o Preto e Regi\u00e3o"},"image":{"@id":"https:\/\/redenoticiaz.com.br\/ribeiraopreto-regiao\/#\/schema\/logo\/image\/"},"sameAs":["https:\/\/m.facebook.com\/redenoticiaz.barretos","https:\/\/x.com\/RN_barretos","https:\/\/www.instagram.com\/redenoticiaz.barretos\/?igshid=YmMyMTA2M2Y","https:\/\/www.linkedin.com\/company\/rede-noticiaz-barretos-e-regio\/"]},{"@type":"Person","@id":"","url":"https:\/\/redenoticiaz.com.br\/ribeiraopreto-regiao\/sp\/author"}]}},"_links":{"self":[{"href":"https:\/\/redenoticiaz.com.br\/ribeiraopreto-regiao\/wp-json\/wp\/v2\/posts\/96602","targetHints":{"allow":["GET"]}}],"collection":[{"href":"https:\/\/redenoticiaz.com.br\/ribeiraopreto-regiao\/wp-json\/wp\/v2\/posts"}],"about":[{"href":"https:\/\/redenoticiaz.com.br\/ribeiraopreto-regiao\/wp-json\/wp\/v2\/types\/post"}],"author":[{"embeddable":true,"href":"https:\/\/redenoticiaz.com.br\/ribeiraopreto-regiao\/wp-json\/wp\/v2\/users\/15"}],"replies":[{"embeddable":true,"href":"https:\/\/redenoticiaz.com.br\/ribeiraopreto-regiao\/wp-json\/wp\/v2\/comments?post=96602"}],"version-history":[{"count":2,"href":"https:\/\/redenoticiaz.com.br\/ribeiraopreto-regiao\/wp-json\/wp\/v2\/posts\/96602\/revisions"}],"predecessor-version":[{"id":96605,"href":"https:\/\/redenoticiaz.com.br\/ribeiraopreto-regiao\/wp-json\/wp\/v2\/posts\/96602\/revisions\/96605"}],"wp:featuredmedia":[{"embeddable":true,"href":"https:\/\/redenoticiaz.com.br\/ribeiraopreto-regiao\/wp-json\/wp\/v2\/media\/96603"}],"wp:attachment":[{"href":"https:\/\/redenoticiaz.com.br\/ribeiraopreto-regiao\/wp-json\/wp\/v2\/media?parent=96602"}],"wp:term":[{"taxonomy":"category","embeddable":true,"href":"https:\/\/redenoticiaz.com.br\/ribeiraopreto-regiao\/wp-json\/wp\/v2\/categories?post=96602"},{"taxonomy":"post_tag","embeddable":true,"href":"https:\/\/redenoticiaz.com.br\/ribeiraopreto-regiao\/wp-json\/wp\/v2\/tags?post=96602"}],"curies":[{"name":"wp","href":"https:\/\/api.w.org\/{rel}","templated":true}]}}