{"id":96624,"date":"2022-12-10T13:19:20","date_gmt":"2022-12-10T16:19:20","guid":{"rendered":"https:\/\/redenoticiaz.com.br\/barretos-regiao\/?p=96624"},"modified":"2022-12-10T13:19:20","modified_gmt":"2022-12-10T16:19:20","slug":"acompanhamento-nutricional-as-familias-beneficiarias-do-auxilio-brasil-esta-prorrogado","status":"publish","type":"post","link":"https:\/\/redenoticiaz.com.br\/ribeiraopreto-regiao\/sp\/2022\/12\/10\/acompanhamento-nutricional-as-familias-beneficiarias-do-auxilio-brasil-esta-prorrogado","title":{"rendered":"Acompanhamento nutricional \u00e0s fam\u00edlias benefici\u00e1rias do Aux\u00edlio Brasil est\u00e1 prorrogado"},"content":{"rendered":"<p>Secretarias Municipais de Assist\u00eancia Social e Desenvolvimento Humano e da Sa\u00fade, realiza at\u00e9 o dia 15 dezembro em Barretos a etapa do segundo semestre de 2022 do acompanhamento nutricional das fam\u00edlias benefici\u00e1rias do Programa Aux\u00edlio Brasil.<\/p>\n<div>Entre as fam\u00edlias que recebem o benef\u00edcio, todas as crian\u00e7as de at\u00e9 7 anos (de zero a 6 anos, 11 meses e 29 dias), mulheres de 14 a 44 anos e gestantes de todas as idades t\u00eam que passar pelo acompanhamento.<\/div>\n<div>Para isso, devem comparecer a uma Unidade B\u00e1sica de Sa\u00fade (UBS) ou Unidade de Sa\u00fade da Fam\u00edlia (USF). \u00c9 preciso levar RG ou outro documento pessoal com foto, carteira de vacina\u00e7\u00e3o e o cart\u00e3o de recebimento do Aux\u00edlio Brasil, em que ser\u00e1 consultado o N\u00famero der Identifica\u00e7\u00e3o Social (NIS). Mulheres gr\u00e1vidas devem levar tamb\u00e9m a carteira de gestante.<\/div>\n<div><\/div>\n<div>A frequ\u00eancia escolar \u00e9 uma exig\u00eancia do Minist\u00e9rio da Cidadania relacionada \u00e0 educa\u00e7\u00e3o para continuar recebendo o Aux\u00edlio Brasil, o acompanhamento nutricional \u00e9 um requisito relacionado \u00e0 sa\u00fade.<\/div>\n<div><\/div>\n<div>As UBSs e USFs funcionam nos dias \u00fateis a partir das 7h da manh\u00e3. As unidades dos bairros Am\u00e9rica, S\u00e3o Francisco e Christiano de Carvalho abrem tamb\u00e9m aos s\u00e1bados, das 7 \u00e0s 13h. Excepcionalmente, nesta sexta-feira, dia 9, o atendimento ser\u00e1 das 7 \u00e0s 11h em fun\u00e7\u00e3o do Jogo do Brasil. Os hor\u00e1rios de funcionamento de todas as UBSs e USFs do munic\u00edpio podem ser consultados no <a href=\"https:\/\/barretos.sp.gov.br\/secretarias-e-governo\/saude\/unidades-basicas-de-saude\">link.<\/a><\/div>\n<div><\/div>\n<div>VEJA TAMB\u00c9M:\u00a0<a href=\"https:\/\/redenoticiaz.com.br\/barretos-regiao\/sp\/2022\/12\/05\/saude-orienta-sobre-segunda-dose-da-pfizer-pediatrica-para-5-a-11-anos\">Sa\u00fade orienta sobre segunda dose da Pfizer pedi\u00e1trica para 5 a 11 anos<\/a><\/div>\n","protected":false},"excerpt":{"rendered":"<p>Secretarias Municipais de Assist\u00eancia Social e Desenvolvimento Humano e da Sa\u00fade, realiza at\u00e9 o dia 15 dezembro em Barretos a etapa do segundo semestre de 2022 do acompanhamento nutricional das fam\u00edlias benefici\u00e1rias do Programa Aux\u00edlio Brasil. Entre as fam\u00edlias que recebem o benef\u00edcio, todas as crian\u00e7as de at\u00e9 7 anos (de zero a 6 anos, &hellip;<\/p>\n","protected":false},"author":15,"featured_media":96625,"comment_status":"open","ping_status":"closed","sticky":false,"template":"","format":"standard","meta":{"footnotes":""},"categories":[129],"tags":[21698,19601,22105,8302],"class_list":["post-96624","post","type-post","status-publish","format-standard","has-post-thumbnail","hentry","category-saude","tag-acompanhamento-nutricional","tag-auxilio-brasil","tag-prorrogada","tag-ubs"],"yoast_head":"<!-- This site is optimized with the Yoast SEO plugin v27.4 - https:\/\/yoast.com\/product\/yoast-seo-wordpress\/ -->\n<title>Acompanhamento nutricional \u00e0s fam\u00edlias benefici\u00e1rias do Aux\u00edlio Brasil est\u00e1 prorrogado - Ribeir\u00e3o Preto e Regi\u00e3o<\/title>\n<meta name=\"description\" content=\"Desenvolvimento Humano e da Sa\u00fade, realiza em Barretos a etapa do segundo semestre de 2022 do acompanhamento nutricional das fam\u00edlias\" \/>\n<meta name=\"robots\" content=\"index, follow, max-snippet:-1, max-image-preview:large, max-video-preview:-1\" \/>\n<link rel=\"canonical\" href=\"https:\/\/redenoticiaz.com.br\/ribeiraopreto-regiao\/sp\/2022\/12\/10\/acompanhamento-nutricional-as-familias-beneficiarias-do-auxilio-brasil-esta-prorrogado\" \/>\n<meta property=\"og:locale\" content=\"pt_BR\" \/>\n<meta property=\"og:type\" content=\"article\" \/>\n<meta property=\"og:title\" content=\"Acompanhamento nutricional \u00e0s fam\u00edlias benefici\u00e1rias do Aux\u00edlio Brasil est\u00e1 prorrogado - Ribeir\u00e3o Preto e Regi\u00e3o\" \/>\n<meta property=\"og:description\" content=\"Desenvolvimento Humano e da Sa\u00fade, realiza em Barretos a etapa do segundo semestre de 2022 do acompanhamento nutricional das fam\u00edlias\" \/>\n<meta property=\"og:url\" content=\"https:\/\/redenoticiaz.com.br\/ribeiraopreto-regiao\/sp\/2022\/12\/10\/acompanhamento-nutricional-as-familias-beneficiarias-do-auxilio-brasil-esta-prorrogado\" \/>\n<meta property=\"og:site_name\" content=\"Ribeir\u00e3o Preto e Regi\u00e3o\" \/>\n<meta property=\"article:publisher\" content=\"https:\/\/m.facebook.com\/redenoticiaz.barretos\" \/>\n<meta property=\"article:published_time\" content=\"2022-12-10T16:19:20+00:00\" \/>\n<meta property=\"og:image\" content=\"https:\/\/redenoticiaz.com.br\/ribeiraopreto-regiao\/wp-content\/uploads\/sites\/4\/2022\/12\/Acompanhamento-nutricional-as-familias-beneficiarias-do-Auxilio-Brasil-esta-prorrogado.png\" \/>\n\t<meta property=\"og:image:width\" content=\"550\" \/>\n\t<meta property=\"og:image:height\" content=\"537\" \/>\n\t<meta property=\"og:image:type\" content=\"image\/png\" \/>\n<meta name=\"twitter:card\" content=\"summary_large_image\" \/>\n<meta name=\"twitter:creator\" content=\"@RN_barretos\" \/>\n<meta name=\"twitter:site\" content=\"@RN_barretos\" \/>\n<meta name=\"twitter:label1\" content=\"Escrito por\" \/>\n\t<meta name=\"twitter:data1\" content=\"\" \/>\n\t<meta name=\"twitter:label2\" content=\"Est. tempo de leitura\" \/>\n\t<meta name=\"twitter:data2\" content=\"2 minutos\" \/>\n<script type=\"application\/ld+json\" class=\"yoast-schema-graph\">{\"@context\":\"https:\\\/\\\/schema.org\",\"@graph\":[{\"@type\":\"Article\",\"@id\":\"https:\\\/\\\/redenoticiaz.com.br\\\/ribeiraopreto-regiao\\\/sp\\\/2022\\\/12\\\/10\\\/acompanhamento-nutricional-as-familias-beneficiarias-do-auxilio-brasil-esta-prorrogado#article\",\"isPartOf\":{\"@id\":\"https:\\\/\\\/redenoticiaz.com.br\\\/ribeiraopreto-regiao\\\/sp\\\/2022\\\/12\\\/10\\\/acompanhamento-nutricional-as-familias-beneficiarias-do-auxilio-brasil-esta-prorrogado\"},\"author\":{\"name\":\"\",\"@id\":\"\"},\"headline\":\"Acompanhamento nutricional \u00e0s fam\u00edlias benefici\u00e1rias do Aux\u00edlio Brasil est\u00e1 prorrogado\",\"datePublished\":\"2022-12-10T16:19:20+00:00\",\"mainEntityOfPage\":{\"@id\":\"https:\\\/\\\/redenoticiaz.com.br\\\/ribeiraopreto-regiao\\\/sp\\\/2022\\\/12\\\/10\\\/acompanhamento-nutricional-as-familias-beneficiarias-do-auxilio-brasil-esta-prorrogado\"},\"wordCount\":277,\"commentCount\":0,\"publisher\":{\"@id\":\"https:\\\/\\\/redenoticiaz.com.br\\\/ribeiraopreto-regiao\\\/#organization\"},\"image\":{\"@id\":\"https:\\\/\\\/redenoticiaz.com.br\\\/ribeiraopreto-regiao\\\/sp\\\/2022\\\/12\\\/10\\\/acompanhamento-nutricional-as-familias-beneficiarias-do-auxilio-brasil-esta-prorrogado#primaryimage\"},\"thumbnailUrl\":\"https:\\\/\\\/redenoticiaz.com.br\\\/ribeiraopreto-regiao\\\/wp-content\\\/uploads\\\/sites\\\/4\\\/2022\\\/12\\\/Acompanhamento-nutricional-as-familias-beneficiarias-do-Auxilio-Brasil-esta-prorrogado.png\",\"keywords\":[\"ACOMPANHAMENTO NUTRICIONAL\",\"AUX\u00cdLIO BRASIL\",\"PRORROGADA\",\"UBS\"],\"articleSection\":[\"Sa\u00fade\"],\"inLanguage\":\"pt-BR\",\"potentialAction\":[{\"@type\":\"CommentAction\",\"name\":\"Comment\",\"target\":[\"https:\\\/\\\/redenoticiaz.com.br\\\/ribeiraopreto-regiao\\\/sp\\\/2022\\\/12\\\/10\\\/acompanhamento-nutricional-as-familias-beneficiarias-do-auxilio-brasil-esta-prorrogado#respond\"]}]},{\"@type\":\"WebPage\",\"@id\":\"https:\\\/\\\/redenoticiaz.com.br\\\/ribeiraopreto-regiao\\\/sp\\\/2022\\\/12\\\/10\\\/acompanhamento-nutricional-as-familias-beneficiarias-do-auxilio-brasil-esta-prorrogado\",\"url\":\"https:\\\/\\\/redenoticiaz.com.br\\\/ribeiraopreto-regiao\\\/sp\\\/2022\\\/12\\\/10\\\/acompanhamento-nutricional-as-familias-beneficiarias-do-auxilio-brasil-esta-prorrogado\",\"name\":\"Acompanhamento nutricional \u00e0s fam\u00edlias benefici\u00e1rias do Aux\u00edlio Brasil est\u00e1 prorrogado - Ribeir\u00e3o Preto e Regi\u00e3o\",\"isPartOf\":{\"@id\":\"https:\\\/\\\/redenoticiaz.com.br\\\/ribeiraopreto-regiao\\\/#website\"},\"primaryImageOfPage\":{\"@id\":\"https:\\\/\\\/redenoticiaz.com.br\\\/ribeiraopreto-regiao\\\/sp\\\/2022\\\/12\\\/10\\\/acompanhamento-nutricional-as-familias-beneficiarias-do-auxilio-brasil-esta-prorrogado#primaryimage\"},\"image\":{\"@id\":\"https:\\\/\\\/redenoticiaz.com.br\\\/ribeiraopreto-regiao\\\/sp\\\/2022\\\/12\\\/10\\\/acompanhamento-nutricional-as-familias-beneficiarias-do-auxilio-brasil-esta-prorrogado#primaryimage\"},\"thumbnailUrl\":\"https:\\\/\\\/redenoticiaz.com.br\\\/ribeiraopreto-regiao\\\/wp-content\\\/uploads\\\/sites\\\/4\\\/2022\\\/12\\\/Acompanhamento-nutricional-as-familias-beneficiarias-do-Auxilio-Brasil-esta-prorrogado.png\",\"datePublished\":\"2022-12-10T16:19:20+00:00\",\"description\":\"Desenvolvimento Humano e da Sa\u00fade, realiza em Barretos a etapa do segundo semestre de 2022 do acompanhamento nutricional das fam\u00edlias\",\"inLanguage\":\"pt-BR\",\"potentialAction\":[{\"@type\":\"ReadAction\",\"target\":[\"https:\\\/\\\/redenoticiaz.com.br\\\/ribeiraopreto-regiao\\\/sp\\\/2022\\\/12\\\/10\\\/acompanhamento-nutricional-as-familias-beneficiarias-do-auxilio-brasil-esta-prorrogado\"]}]},{\"@type\":\"ImageObject\",\"inLanguage\":\"pt-BR\",\"@id\":\"https:\\\/\\\/redenoticiaz.com.br\\\/ribeiraopreto-regiao\\\/sp\\\/2022\\\/12\\\/10\\\/acompanhamento-nutricional-as-familias-beneficiarias-do-auxilio-brasil-esta-prorrogado#primaryimage\",\"url\":\"https:\\\/\\\/redenoticiaz.com.br\\\/ribeiraopreto-regiao\\\/wp-content\\\/uploads\\\/sites\\\/4\\\/2022\\\/12\\\/Acompanhamento-nutricional-as-familias-beneficiarias-do-Auxilio-Brasil-esta-prorrogado.png\",\"contentUrl\":\"https:\\\/\\\/redenoticiaz.com.br\\\/ribeiraopreto-regiao\\\/wp-content\\\/uploads\\\/sites\\\/4\\\/2022\\\/12\\\/Acompanhamento-nutricional-as-familias-beneficiarias-do-Auxilio-Brasil-esta-prorrogado.png\",\"width\":550,\"height\":537,\"caption\":\"Acompanhamento Nutricional. Cr\u00e9dito: Divulga\u00e7\u00e3o\"},{\"@type\":\"WebSite\",\"@id\":\"https:\\\/\\\/redenoticiaz.com.br\\\/ribeiraopreto-regiao\\\/#website\",\"url\":\"https:\\\/\\\/redenoticiaz.com.br\\\/ribeiraopreto-regiao\\\/\",\"name\":\"Ribeir\u00e3o Preto e Regi\u00e3o\",\"description\":\"Rede NoticiaZ - Ribeir\u00e3o Preto e regi\u00e3o\",\"publisher\":{\"@id\":\"https:\\\/\\\/redenoticiaz.com.br\\\/ribeiraopreto-regiao\\\/#organization\"},\"potentialAction\":[{\"@type\":\"SearchAction\",\"target\":{\"@type\":\"EntryPoint\",\"urlTemplate\":\"https:\\\/\\\/redenoticiaz.com.br\\\/ribeiraopreto-regiao\\\/?s={search_term_string}\"},\"query-input\":{\"@type\":\"PropertyValueSpecification\",\"valueRequired\":true,\"valueName\":\"search_term_string\"}}],\"inLanguage\":\"pt-BR\"},{\"@type\":\"Organization\",\"@id\":\"https:\\\/\\\/redenoticiaz.com.br\\\/ribeiraopreto-regiao\\\/#organization\",\"name\":\"Ribeir\u00e3o Preto e Regi\u00e3o\",\"url\":\"https:\\\/\\\/redenoticiaz.com.br\\\/ribeiraopreto-regiao\\\/\",\"logo\":{\"@type\":\"ImageObject\",\"inLanguage\":\"pt-BR\",\"@id\":\"https:\\\/\\\/redenoticiaz.com.br\\\/ribeiraopreto-regiao\\\/#\\\/schema\\\/logo\\\/image\\\/\",\"url\":\"https:\\\/\\\/redenoticiaz.com.br\\\/barretos-regiao\\\/wp-content\\\/uploads\\\/sites\\\/4\\\/2022\\\/02\\\/logo.jpg\",\"contentUrl\":\"https:\\\/\\\/redenoticiaz.com.br\\\/barretos-regiao\\\/wp-content\\\/uploads\\\/sites\\\/4\\\/2022\\\/02\\\/logo.jpg\",\"width\":400,\"height\":250,\"caption\":\"Ribeir\u00e3o Preto e Regi\u00e3o\"},\"image\":{\"@id\":\"https:\\\/\\\/redenoticiaz.com.br\\\/ribeiraopreto-regiao\\\/#\\\/schema\\\/logo\\\/image\\\/\"},\"sameAs\":[\"https:\\\/\\\/m.facebook.com\\\/redenoticiaz.barretos\",\"https:\\\/\\\/x.com\\\/RN_barretos\",\"https:\\\/\\\/www.instagram.com\\\/redenoticiaz.barretos\\\/?igshid=YmMyMTA2M2Y\",\"https:\\\/\\\/www.linkedin.com\\\/company\\\/rede-noticiaz-barretos-e-regio\\\/\"]},{\"@type\":\"Person\",\"@id\":\"\",\"url\":\"https:\\\/\\\/redenoticiaz.com.br\\\/ribeiraopreto-regiao\\\/sp\\\/author\"}]}<\/script>\n<!-- \/ Yoast SEO plugin. -->","yoast_head_json":{"title":"Acompanhamento nutricional \u00e0s fam\u00edlias benefici\u00e1rias do Aux\u00edlio Brasil est\u00e1 prorrogado - Ribeir\u00e3o Preto e Regi\u00e3o","description":"Desenvolvimento Humano e da Sa\u00fade, realiza em Barretos a etapa do segundo semestre de 2022 do acompanhamento nutricional das fam\u00edlias","robots":{"index":"index","follow":"follow","max-snippet":"max-snippet:-1","max-image-preview":"max-image-preview:large","max-video-preview":"max-video-preview:-1"},"canonical":"https:\/\/redenoticiaz.com.br\/ribeiraopreto-regiao\/sp\/2022\/12\/10\/acompanhamento-nutricional-as-familias-beneficiarias-do-auxilio-brasil-esta-prorrogado","og_locale":"pt_BR","og_type":"article","og_title":"Acompanhamento nutricional \u00e0s fam\u00edlias benefici\u00e1rias do Aux\u00edlio Brasil est\u00e1 prorrogado - Ribeir\u00e3o Preto e Regi\u00e3o","og_description":"Desenvolvimento Humano e da Sa\u00fade, realiza em Barretos a etapa do segundo semestre de 2022 do acompanhamento nutricional das fam\u00edlias","og_url":"https:\/\/redenoticiaz.com.br\/ribeiraopreto-regiao\/sp\/2022\/12\/10\/acompanhamento-nutricional-as-familias-beneficiarias-do-auxilio-brasil-esta-prorrogado","og_site_name":"Ribeir\u00e3o Preto e Regi\u00e3o","article_publisher":"https:\/\/m.facebook.com\/redenoticiaz.barretos","article_published_time":"2022-12-10T16:19:20+00:00","og_image":[{"width":550,"height":537,"url":"https:\/\/redenoticiaz.com.br\/ribeiraopreto-regiao\/wp-content\/uploads\/sites\/4\/2022\/12\/Acompanhamento-nutricional-as-familias-beneficiarias-do-Auxilio-Brasil-esta-prorrogado.png","type":"image\/png"}],"twitter_card":"summary_large_image","twitter_creator":"@RN_barretos","twitter_site":"@RN_barretos","twitter_misc":{"Escrito por":"","Est. tempo de leitura":"2 minutos"},"schema":{"@context":"https:\/\/schema.org","@graph":[{"@type":"Article","@id":"https:\/\/redenoticiaz.com.br\/ribeiraopreto-regiao\/sp\/2022\/12\/10\/acompanhamento-nutricional-as-familias-beneficiarias-do-auxilio-brasil-esta-prorrogado#article","isPartOf":{"@id":"https:\/\/redenoticiaz.com.br\/ribeiraopreto-regiao\/sp\/2022\/12\/10\/acompanhamento-nutricional-as-familias-beneficiarias-do-auxilio-brasil-esta-prorrogado"},"author":{"name":"","@id":""},"headline":"Acompanhamento nutricional \u00e0s fam\u00edlias benefici\u00e1rias do Aux\u00edlio Brasil est\u00e1 prorrogado","datePublished":"2022-12-10T16:19:20+00:00","mainEntityOfPage":{"@id":"https:\/\/redenoticiaz.com.br\/ribeiraopreto-regiao\/sp\/2022\/12\/10\/acompanhamento-nutricional-as-familias-beneficiarias-do-auxilio-brasil-esta-prorrogado"},"wordCount":277,"commentCount":0,"publisher":{"@id":"https:\/\/redenoticiaz.com.br\/ribeiraopreto-regiao\/#organization"},"image":{"@id":"https:\/\/redenoticiaz.com.br\/ribeiraopreto-regiao\/sp\/2022\/12\/10\/acompanhamento-nutricional-as-familias-beneficiarias-do-auxilio-brasil-esta-prorrogado#primaryimage"},"thumbnailUrl":"https:\/\/redenoticiaz.com.br\/ribeiraopreto-regiao\/wp-content\/uploads\/sites\/4\/2022\/12\/Acompanhamento-nutricional-as-familias-beneficiarias-do-Auxilio-Brasil-esta-prorrogado.png","keywords":["ACOMPANHAMENTO NUTRICIONAL","AUX\u00cdLIO BRASIL","PRORROGADA","UBS"],"articleSection":["Sa\u00fade"],"inLanguage":"pt-BR","potentialAction":[{"@type":"CommentAction","name":"Comment","target":["https:\/\/redenoticiaz.com.br\/ribeiraopreto-regiao\/sp\/2022\/12\/10\/acompanhamento-nutricional-as-familias-beneficiarias-do-auxilio-brasil-esta-prorrogado#respond"]}]},{"@type":"WebPage","@id":"https:\/\/redenoticiaz.com.br\/ribeiraopreto-regiao\/sp\/2022\/12\/10\/acompanhamento-nutricional-as-familias-beneficiarias-do-auxilio-brasil-esta-prorrogado","url":"https:\/\/redenoticiaz.com.br\/ribeiraopreto-regiao\/sp\/2022\/12\/10\/acompanhamento-nutricional-as-familias-beneficiarias-do-auxilio-brasil-esta-prorrogado","name":"Acompanhamento nutricional \u00e0s fam\u00edlias benefici\u00e1rias do Aux\u00edlio Brasil est\u00e1 prorrogado - Ribeir\u00e3o Preto e Regi\u00e3o","isPartOf":{"@id":"https:\/\/redenoticiaz.com.br\/ribeiraopreto-regiao\/#website"},"primaryImageOfPage":{"@id":"https:\/\/redenoticiaz.com.br\/ribeiraopreto-regiao\/sp\/2022\/12\/10\/acompanhamento-nutricional-as-familias-beneficiarias-do-auxilio-brasil-esta-prorrogado#primaryimage"},"image":{"@id":"https:\/\/redenoticiaz.com.br\/ribeiraopreto-regiao\/sp\/2022\/12\/10\/acompanhamento-nutricional-as-familias-beneficiarias-do-auxilio-brasil-esta-prorrogado#primaryimage"},"thumbnailUrl":"https:\/\/redenoticiaz.com.br\/ribeiraopreto-regiao\/wp-content\/uploads\/sites\/4\/2022\/12\/Acompanhamento-nutricional-as-familias-beneficiarias-do-Auxilio-Brasil-esta-prorrogado.png","datePublished":"2022-12-10T16:19:20+00:00","description":"Desenvolvimento Humano e da Sa\u00fade, realiza em Barretos a etapa do segundo semestre de 2022 do acompanhamento nutricional das fam\u00edlias","inLanguage":"pt-BR","potentialAction":[{"@type":"ReadAction","target":["https:\/\/redenoticiaz.com.br\/ribeiraopreto-regiao\/sp\/2022\/12\/10\/acompanhamento-nutricional-as-familias-beneficiarias-do-auxilio-brasil-esta-prorrogado"]}]},{"@type":"ImageObject","inLanguage":"pt-BR","@id":"https:\/\/redenoticiaz.com.br\/ribeiraopreto-regiao\/sp\/2022\/12\/10\/acompanhamento-nutricional-as-familias-beneficiarias-do-auxilio-brasil-esta-prorrogado#primaryimage","url":"https:\/\/redenoticiaz.com.br\/ribeiraopreto-regiao\/wp-content\/uploads\/sites\/4\/2022\/12\/Acompanhamento-nutricional-as-familias-beneficiarias-do-Auxilio-Brasil-esta-prorrogado.png","contentUrl":"https:\/\/redenoticiaz.com.br\/ribeiraopreto-regiao\/wp-content\/uploads\/sites\/4\/2022\/12\/Acompanhamento-nutricional-as-familias-beneficiarias-do-Auxilio-Brasil-esta-prorrogado.png","width":550,"height":537,"caption":"Acompanhamento Nutricional. Cr\u00e9dito: Divulga\u00e7\u00e3o"},{"@type":"WebSite","@id":"https:\/\/redenoticiaz.com.br\/ribeiraopreto-regiao\/#website","url":"https:\/\/redenoticiaz.com.br\/ribeiraopreto-regiao\/","name":"Ribeir\u00e3o Preto e Regi\u00e3o","description":"Rede NoticiaZ - Ribeir\u00e3o Preto e regi\u00e3o","publisher":{"@id":"https:\/\/redenoticiaz.com.br\/ribeiraopreto-regiao\/#organization"},"potentialAction":[{"@type":"SearchAction","target":{"@type":"EntryPoint","urlTemplate":"https:\/\/redenoticiaz.com.br\/ribeiraopreto-regiao\/?s={search_term_string}"},"query-input":{"@type":"PropertyValueSpecification","valueRequired":true,"valueName":"search_term_string"}}],"inLanguage":"pt-BR"},{"@type":"Organization","@id":"https:\/\/redenoticiaz.com.br\/ribeiraopreto-regiao\/#organization","name":"Ribeir\u00e3o Preto e Regi\u00e3o","url":"https:\/\/redenoticiaz.com.br\/ribeiraopreto-regiao\/","logo":{"@type":"ImageObject","inLanguage":"pt-BR","@id":"https:\/\/redenoticiaz.com.br\/ribeiraopreto-regiao\/#\/schema\/logo\/image\/","url":"https:\/\/redenoticiaz.com.br\/barretos-regiao\/wp-content\/uploads\/sites\/4\/2022\/02\/logo.jpg","contentUrl":"https:\/\/redenoticiaz.com.br\/barretos-regiao\/wp-content\/uploads\/sites\/4\/2022\/02\/logo.jpg","width":400,"height":250,"caption":"Ribeir\u00e3o Preto e Regi\u00e3o"},"image":{"@id":"https:\/\/redenoticiaz.com.br\/ribeiraopreto-regiao\/#\/schema\/logo\/image\/"},"sameAs":["https:\/\/m.facebook.com\/redenoticiaz.barretos","https:\/\/x.com\/RN_barretos","https:\/\/www.instagram.com\/redenoticiaz.barretos\/?igshid=YmMyMTA2M2Y","https:\/\/www.linkedin.com\/company\/rede-noticiaz-barretos-e-regio\/"]},{"@type":"Person","@id":"","url":"https:\/\/redenoticiaz.com.br\/ribeiraopreto-regiao\/sp\/author"}]}},"_links":{"self":[{"href":"https:\/\/redenoticiaz.com.br\/ribeiraopreto-regiao\/wp-json\/wp\/v2\/posts\/96624","targetHints":{"allow":["GET"]}}],"collection":[{"href":"https:\/\/redenoticiaz.com.br\/ribeiraopreto-regiao\/wp-json\/wp\/v2\/posts"}],"about":[{"href":"https:\/\/redenoticiaz.com.br\/ribeiraopreto-regiao\/wp-json\/wp\/v2\/types\/post"}],"author":[{"embeddable":true,"href":"https:\/\/redenoticiaz.com.br\/ribeiraopreto-regiao\/wp-json\/wp\/v2\/users\/15"}],"replies":[{"embeddable":true,"href":"https:\/\/redenoticiaz.com.br\/ribeiraopreto-regiao\/wp-json\/wp\/v2\/comments?post=96624"}],"version-history":[{"count":1,"href":"https:\/\/redenoticiaz.com.br\/ribeiraopreto-regiao\/wp-json\/wp\/v2\/posts\/96624\/revisions"}],"predecessor-version":[{"id":96626,"href":"https:\/\/redenoticiaz.com.br\/ribeiraopreto-regiao\/wp-json\/wp\/v2\/posts\/96624\/revisions\/96626"}],"wp:featuredmedia":[{"embeddable":true,"href":"https:\/\/redenoticiaz.com.br\/ribeiraopreto-regiao\/wp-json\/wp\/v2\/media\/96625"}],"wp:attachment":[{"href":"https:\/\/redenoticiaz.com.br\/ribeiraopreto-regiao\/wp-json\/wp\/v2\/media?parent=96624"}],"wp:term":[{"taxonomy":"category","embeddable":true,"href":"https:\/\/redenoticiaz.com.br\/ribeiraopreto-regiao\/wp-json\/wp\/v2\/categories?post=96624"},{"taxonomy":"post_tag","embeddable":true,"href":"https:\/\/redenoticiaz.com.br\/ribeiraopreto-regiao\/wp-json\/wp\/v2\/tags?post=96624"}],"curies":[{"name":"wp","href":"https:\/\/api.w.org\/{rel}","templated":true}]}}