{"id":96750,"date":"2022-12-17T07:00:36","date_gmt":"2022-12-17T10:00:36","guid":{"rendered":"https:\/\/redenoticiaz.com.br\/barretos-regiao\/?p=96750"},"modified":"2022-12-12T17:26:49","modified_gmt":"2022-12-12T20:26:49","slug":"motivos-para-assistir-e-se-apaixonar-pela-nova-producao-mundo-estranho","status":"publish","type":"post","link":"https:\/\/redenoticiaz.com.br\/ribeiraopreto-regiao\/sp\/2022\/12\/17\/motivos-para-assistir-e-se-apaixonar-pela-nova-producao-mundo-estranho","title":{"rendered":"Motivos para assistir e se apaixonar pela nova produ\u00e7\u00e3o \u201cMundo Estranho\u201d"},"content":{"rendered":"<p class=\"v1MsoNormal\"><b>\u201cMundo Estranho\u201d<\/b>, a mais nova produ\u00e7\u00e3o da\u00a0<b>Walt Disney Animation Studios<\/b>, est\u00e1 em exibi\u00e7\u00e3o nos cinemas nacionais. A anima\u00e7\u00e3o apresenta os Clades, uma lend\u00e1ria fam\u00edlia de exploradores em sua tentativa de navegar por uma terra inexplorada e trai\u00e7oeira ao lado de uma ecl\u00e9tica equipe que conta com: Splat, um travesso companheiro de aventuras; Legend, um cachorro de tr\u00eas patas e um monte de criaturas vorazes.<\/p>\n<h4 class=\"v1MsoNormal\">Confira abaixo uma lista com motivos para assistir ao filme e confira o trailer:<\/h4>\n<p><iframe loading=\"lazy\" title=\"Mundo Estranho | Trailer Oficial Dublado\" width=\"500\" height=\"281\" src=\"https:\/\/www.youtube.com\/embed\/eEgM2PCNUvA?feature=oembed\" frameborder=\"0\" allow=\"accelerometer; autoplay; clipboard-write; encrypted-media; gyroscope; picture-in-picture; web-share\" referrerpolicy=\"strict-origin-when-cross-origin\" allowfullscreen><\/iframe><\/p>\n<p class=\"v1MsoNormal\"><b>PERSONAGENS CATIVANTES<\/b><\/p>\n<p class=\"v1MsoNormal\">\u201c<b>Mundo Estranho<\/b>\u201d conta com personagens que, al\u00e9m de encantadores, podem ser facilmente representados por membros de uma fam\u00edlia da vida real. No longa, o p\u00fablico conhece Searcher Clade \u2013 um pai que quer ser descolado e que ama a vida na fazenda junto com sua fam\u00edlia; Jaeger Clade \u2013 um famoso aventureiro e explorador que tamb\u00e9m \u00e9 um pouco egoc\u00eantrico; Ethan Clade \u2013 um t\u00edpico adolescente de 16 anos que sonha em se tornar um explorador; e Meridian Clade \u2013 uma m\u00e3e am\u00e1vel e aventureira que pensa sempre na fam\u00edlia. Al\u00e9m deles, temos Legend, um cachorro de tr\u00eas patas que \u00e9 extremamente fofo, e Splat, uma criatura amiga e super expressiva mesmo que n\u00e3o tenha um rosto.<\/p>\n<p class=\"v1MsoNormal\"><b>TR\u00caS GERA\u00c7\u00d5ES DE UMA FAM\u00cdLIA<\/b><\/p>\n<p class=\"v1MsoNormal\">O filme mostra caracter\u00edsticas t\u00edpicas de tr\u00eas gera\u00e7\u00f5es de uma mesma fam\u00edlia: o av\u00f4, o pai e o filho. O p\u00fablico consegue rir e se identificar com o relacionamento do neto e do av\u00f4, com as conversas constrangedoras entre pai e filho, al\u00e9m da maneira do filho lidar com o pai protetor, entre outros momentos.<\/p>\n<p class=\"v1MsoNormal\"><b>REPRESENTATIVIDADE<\/b><\/p>\n<p class=\"v1MsoNormal\">O adolescente Ethan tem 16 anos e gosta de Diazo, um jovem da mesma idade que mora perto de sua fazenda. Os pais de Ethan sabem do \u201cseu crush\u201d pelo colega e, inclusive, apoiam o garoto a demonstrar seus sentimentos pelo menino. Essa paix\u00e3o de Ethan \u00e9 representada em alguns momentos no decorrer da trama de uma maneira totalmente leve, divertida e carism\u00e1tica, assim como s\u00e3o as paix\u00f5es tipicamente adolescentes.<\/p>\n<p class=\"v1MsoNormal\"><b>AVENTURA DESLUMBRANTE<\/b><\/p>\n<p class=\"v1MsoNormal\">O novo filme da\u00a0<b>Walt Disney Animation Studios<\/b>\u00a0possui tamb\u00e9m cen\u00e1rios que far\u00e3o qualquer um perder o f\u00f4lego ao adentrar nesse \u201cmundo estranho\u201d. A aventura conta com muitas cores e formatos que servem como um b\u00f4nus para uma hist\u00f3ria fant\u00e1stica que aborda, principalmente, o relacionamento entre fam\u00edlia.<\/p>\n<p>VEJA TAMB\u00c9M:\u00a0<a href=\"https:\/\/redenoticiaz.com.br\/barretos-regiao\/sp\/2022\/07\/23\/animacao-e-coisa-de-adulto-confira-a-lista-com-as-melhores-producoes\">Anima\u00e7\u00e3o \u00e9 coisa de adulto! Confira a lista com as melhores produ\u00e7\u00f5es<\/a><\/p>\n","protected":false},"excerpt":{"rendered":"<p>\u201cMundo Estranho\u201d, a mais nova produ\u00e7\u00e3o da\u00a0Walt Disney Animation Studios, est\u00e1 em exibi\u00e7\u00e3o nos cinemas nacionais. A anima\u00e7\u00e3o apresenta os Clades, uma lend\u00e1ria fam\u00edlia de exploradores em sua tentativa de navegar por uma terra inexplorada e trai\u00e7oeira ao lado de uma ecl\u00e9tica equipe que conta com: Splat, um travesso companheiro de aventuras; Legend, um cachorro &hellip;<\/p>\n","protected":false},"author":15,"featured_media":96751,"comment_status":"open","ping_status":"closed","sticky":false,"template":"","format":"standard","meta":{"footnotes":""},"categories":[134],"tags":[817,22880,21839],"class_list":["post-96750","post","type-post","status-publish","format-standard","has-post-thumbnail","hentry","category-entretenimento","tag-cinema","tag-filme-da-disney","tag-mundo-estranho"],"yoast_head":"<!-- This site is optimized with the Yoast SEO plugin v27.4 - https:\/\/yoast.com\/product\/yoast-seo-wordpress\/ -->\n<title>Motivos para assistir e se apaixonar pela nova produ\u00e7\u00e3o \u201cMundo Estranho\u201d - Ribeir\u00e3o Preto e Regi\u00e3o<\/title>\n<meta name=\"description\" content=\"\u201cMundo Estranho\u201d, a mais nova produ\u00e7\u00e3o da\u00a0Walt Disney Animation Studios, est\u00e1 em exibi\u00e7\u00e3o nos cinemas nacionais.\" \/>\n<meta name=\"robots\" content=\"index, follow, max-snippet:-1, max-image-preview:large, max-video-preview:-1\" \/>\n<link rel=\"canonical\" href=\"https:\/\/redenoticiaz.com.br\/ribeiraopreto-regiao\/sp\/2022\/12\/17\/motivos-para-assistir-e-se-apaixonar-pela-nova-producao-mundo-estranho\" \/>\n<meta property=\"og:locale\" content=\"pt_BR\" \/>\n<meta property=\"og:type\" content=\"article\" \/>\n<meta property=\"og:title\" content=\"Motivos para assistir e se apaixonar pela nova produ\u00e7\u00e3o \u201cMundo Estranho\u201d - Ribeir\u00e3o Preto e Regi\u00e3o\" \/>\n<meta property=\"og:description\" content=\"\u201cMundo Estranho\u201d, a mais nova produ\u00e7\u00e3o da\u00a0Walt Disney Animation Studios, est\u00e1 em exibi\u00e7\u00e3o nos cinemas nacionais.\" \/>\n<meta property=\"og:url\" content=\"https:\/\/redenoticiaz.com.br\/ribeiraopreto-regiao\/sp\/2022\/12\/17\/motivos-para-assistir-e-se-apaixonar-pela-nova-producao-mundo-estranho\" \/>\n<meta property=\"og:site_name\" content=\"Ribeir\u00e3o Preto e Regi\u00e3o\" \/>\n<meta property=\"article:publisher\" content=\"https:\/\/m.facebook.com\/redenoticiaz.barretos\" \/>\n<meta property=\"article:published_time\" content=\"2022-12-17T10:00:36+00:00\" \/>\n<meta property=\"og:image\" content=\"https:\/\/redenoticiaz.com.br\/ribeiraopreto-regiao\/wp-content\/uploads\/sites\/4\/2022\/12\/STRANGE_WORLD-ONLINE-USE-fullcomp_335_14_6k_film.0018-scaled.jpg\" \/>\n\t<meta property=\"og:image:width\" content=\"1920\" \/>\n\t<meta property=\"og:image:height\" content=\"804\" \/>\n\t<meta property=\"og:image:type\" content=\"image\/jpeg\" \/>\n<meta name=\"twitter:card\" content=\"summary_large_image\" \/>\n<meta name=\"twitter:creator\" content=\"@RN_barretos\" \/>\n<meta name=\"twitter:site\" content=\"@RN_barretos\" \/>\n<meta name=\"twitter:label1\" content=\"Escrito por\" \/>\n\t<meta name=\"twitter:data1\" content=\"\" \/>\n\t<meta name=\"twitter:label2\" content=\"Est. tempo de leitura\" \/>\n\t<meta name=\"twitter:data2\" content=\"3 minutos\" \/>\n<script type=\"application\/ld+json\" class=\"yoast-schema-graph\">{\"@context\":\"https:\\\/\\\/schema.org\",\"@graph\":[{\"@type\":\"Article\",\"@id\":\"https:\\\/\\\/redenoticiaz.com.br\\\/ribeiraopreto-regiao\\\/sp\\\/2022\\\/12\\\/17\\\/motivos-para-assistir-e-se-apaixonar-pela-nova-producao-mundo-estranho#article\",\"isPartOf\":{\"@id\":\"https:\\\/\\\/redenoticiaz.com.br\\\/ribeiraopreto-regiao\\\/sp\\\/2022\\\/12\\\/17\\\/motivos-para-assistir-e-se-apaixonar-pela-nova-producao-mundo-estranho\"},\"author\":{\"name\":\"\",\"@id\":\"\"},\"headline\":\"Motivos para assistir e se apaixonar pela nova produ\u00e7\u00e3o \u201cMundo Estranho\u201d\",\"datePublished\":\"2022-12-17T10:00:36+00:00\",\"mainEntityOfPage\":{\"@id\":\"https:\\\/\\\/redenoticiaz.com.br\\\/ribeiraopreto-regiao\\\/sp\\\/2022\\\/12\\\/17\\\/motivos-para-assistir-e-se-apaixonar-pela-nova-producao-mundo-estranho\"},\"wordCount\":454,\"commentCount\":0,\"publisher\":{\"@id\":\"https:\\\/\\\/redenoticiaz.com.br\\\/ribeiraopreto-regiao\\\/#organization\"},\"image\":{\"@id\":\"https:\\\/\\\/redenoticiaz.com.br\\\/ribeiraopreto-regiao\\\/sp\\\/2022\\\/12\\\/17\\\/motivos-para-assistir-e-se-apaixonar-pela-nova-producao-mundo-estranho#primaryimage\"},\"thumbnailUrl\":\"https:\\\/\\\/redenoticiaz.com.br\\\/ribeiraopreto-regiao\\\/wp-content\\\/uploads\\\/sites\\\/4\\\/2022\\\/12\\\/STRANGE_WORLD-ONLINE-USE-fullcomp_335_14_6k_film.0018-scaled.jpg\",\"keywords\":[\"CINEMA\",\"FILME DA DISNEY\",\"MUNDO ESTRANHO\"],\"articleSection\":[\"Entretenimento\"],\"inLanguage\":\"pt-BR\",\"potentialAction\":[{\"@type\":\"CommentAction\",\"name\":\"Comment\",\"target\":[\"https:\\\/\\\/redenoticiaz.com.br\\\/ribeiraopreto-regiao\\\/sp\\\/2022\\\/12\\\/17\\\/motivos-para-assistir-e-se-apaixonar-pela-nova-producao-mundo-estranho#respond\"]}]},{\"@type\":\"WebPage\",\"@id\":\"https:\\\/\\\/redenoticiaz.com.br\\\/ribeiraopreto-regiao\\\/sp\\\/2022\\\/12\\\/17\\\/motivos-para-assistir-e-se-apaixonar-pela-nova-producao-mundo-estranho\",\"url\":\"https:\\\/\\\/redenoticiaz.com.br\\\/ribeiraopreto-regiao\\\/sp\\\/2022\\\/12\\\/17\\\/motivos-para-assistir-e-se-apaixonar-pela-nova-producao-mundo-estranho\",\"name\":\"Motivos para assistir e se apaixonar pela nova produ\u00e7\u00e3o \u201cMundo Estranho\u201d - Ribeir\u00e3o Preto e Regi\u00e3o\",\"isPartOf\":{\"@id\":\"https:\\\/\\\/redenoticiaz.com.br\\\/ribeiraopreto-regiao\\\/#website\"},\"primaryImageOfPage\":{\"@id\":\"https:\\\/\\\/redenoticiaz.com.br\\\/ribeiraopreto-regiao\\\/sp\\\/2022\\\/12\\\/17\\\/motivos-para-assistir-e-se-apaixonar-pela-nova-producao-mundo-estranho#primaryimage\"},\"image\":{\"@id\":\"https:\\\/\\\/redenoticiaz.com.br\\\/ribeiraopreto-regiao\\\/sp\\\/2022\\\/12\\\/17\\\/motivos-para-assistir-e-se-apaixonar-pela-nova-producao-mundo-estranho#primaryimage\"},\"thumbnailUrl\":\"https:\\\/\\\/redenoticiaz.com.br\\\/ribeiraopreto-regiao\\\/wp-content\\\/uploads\\\/sites\\\/4\\\/2022\\\/12\\\/STRANGE_WORLD-ONLINE-USE-fullcomp_335_14_6k_film.0018-scaled.jpg\",\"datePublished\":\"2022-12-17T10:00:36+00:00\",\"description\":\"\u201cMundo Estranho\u201d, a mais nova produ\u00e7\u00e3o da\u00a0Walt Disney Animation Studios, est\u00e1 em exibi\u00e7\u00e3o nos cinemas nacionais.\",\"inLanguage\":\"pt-BR\",\"potentialAction\":[{\"@type\":\"ReadAction\",\"target\":[\"https:\\\/\\\/redenoticiaz.com.br\\\/ribeiraopreto-regiao\\\/sp\\\/2022\\\/12\\\/17\\\/motivos-para-assistir-e-se-apaixonar-pela-nova-producao-mundo-estranho\"]}]},{\"@type\":\"ImageObject\",\"inLanguage\":\"pt-BR\",\"@id\":\"https:\\\/\\\/redenoticiaz.com.br\\\/ribeiraopreto-regiao\\\/sp\\\/2022\\\/12\\\/17\\\/motivos-para-assistir-e-se-apaixonar-pela-nova-producao-mundo-estranho#primaryimage\",\"url\":\"https:\\\/\\\/redenoticiaz.com.br\\\/ribeiraopreto-regiao\\\/wp-content\\\/uploads\\\/sites\\\/4\\\/2022\\\/12\\\/STRANGE_WORLD-ONLINE-USE-fullcomp_335_14_6k_film.0018-scaled.jpg\",\"contentUrl\":\"https:\\\/\\\/redenoticiaz.com.br\\\/ribeiraopreto-regiao\\\/wp-content\\\/uploads\\\/sites\\\/4\\\/2022\\\/12\\\/STRANGE_WORLD-ONLINE-USE-fullcomp_335_14_6k_film.0018-scaled.jpg\",\"width\":1920,\"height\":804,\"caption\":\"Nova anima\u00e7\u00e3o da Disney \\\"Mundo Estranho\\\". Cr\u00e9dito: Divulga\u00e7\u00e3o\"},{\"@type\":\"WebSite\",\"@id\":\"https:\\\/\\\/redenoticiaz.com.br\\\/ribeiraopreto-regiao\\\/#website\",\"url\":\"https:\\\/\\\/redenoticiaz.com.br\\\/ribeiraopreto-regiao\\\/\",\"name\":\"Ribeir\u00e3o Preto e Regi\u00e3o\",\"description\":\"Rede NoticiaZ - Ribeir\u00e3o Preto e regi\u00e3o\",\"publisher\":{\"@id\":\"https:\\\/\\\/redenoticiaz.com.br\\\/ribeiraopreto-regiao\\\/#organization\"},\"potentialAction\":[{\"@type\":\"SearchAction\",\"target\":{\"@type\":\"EntryPoint\",\"urlTemplate\":\"https:\\\/\\\/redenoticiaz.com.br\\\/ribeiraopreto-regiao\\\/?s={search_term_string}\"},\"query-input\":{\"@type\":\"PropertyValueSpecification\",\"valueRequired\":true,\"valueName\":\"search_term_string\"}}],\"inLanguage\":\"pt-BR\"},{\"@type\":\"Organization\",\"@id\":\"https:\\\/\\\/redenoticiaz.com.br\\\/ribeiraopreto-regiao\\\/#organization\",\"name\":\"Ribeir\u00e3o Preto e Regi\u00e3o\",\"url\":\"https:\\\/\\\/redenoticiaz.com.br\\\/ribeiraopreto-regiao\\\/\",\"logo\":{\"@type\":\"ImageObject\",\"inLanguage\":\"pt-BR\",\"@id\":\"https:\\\/\\\/redenoticiaz.com.br\\\/ribeiraopreto-regiao\\\/#\\\/schema\\\/logo\\\/image\\\/\",\"url\":\"https:\\\/\\\/redenoticiaz.com.br\\\/barretos-regiao\\\/wp-content\\\/uploads\\\/sites\\\/4\\\/2022\\\/02\\\/logo.jpg\",\"contentUrl\":\"https:\\\/\\\/redenoticiaz.com.br\\\/barretos-regiao\\\/wp-content\\\/uploads\\\/sites\\\/4\\\/2022\\\/02\\\/logo.jpg\",\"width\":400,\"height\":250,\"caption\":\"Ribeir\u00e3o Preto e Regi\u00e3o\"},\"image\":{\"@id\":\"https:\\\/\\\/redenoticiaz.com.br\\\/ribeiraopreto-regiao\\\/#\\\/schema\\\/logo\\\/image\\\/\"},\"sameAs\":[\"https:\\\/\\\/m.facebook.com\\\/redenoticiaz.barretos\",\"https:\\\/\\\/x.com\\\/RN_barretos\",\"https:\\\/\\\/www.instagram.com\\\/redenoticiaz.barretos\\\/?igshid=YmMyMTA2M2Y\",\"https:\\\/\\\/www.linkedin.com\\\/company\\\/rede-noticiaz-barretos-e-regio\\\/\"]},{\"@type\":\"Person\",\"@id\":\"\",\"url\":\"https:\\\/\\\/redenoticiaz.com.br\\\/ribeiraopreto-regiao\\\/sp\\\/author\"}]}<\/script>\n<!-- \/ Yoast SEO plugin. -->","yoast_head_json":{"title":"Motivos para assistir e se apaixonar pela nova produ\u00e7\u00e3o \u201cMundo Estranho\u201d - Ribeir\u00e3o Preto e Regi\u00e3o","description":"\u201cMundo Estranho\u201d, a mais nova produ\u00e7\u00e3o da\u00a0Walt Disney Animation Studios, est\u00e1 em exibi\u00e7\u00e3o nos cinemas nacionais.","robots":{"index":"index","follow":"follow","max-snippet":"max-snippet:-1","max-image-preview":"max-image-preview:large","max-video-preview":"max-video-preview:-1"},"canonical":"https:\/\/redenoticiaz.com.br\/ribeiraopreto-regiao\/sp\/2022\/12\/17\/motivos-para-assistir-e-se-apaixonar-pela-nova-producao-mundo-estranho","og_locale":"pt_BR","og_type":"article","og_title":"Motivos para assistir e se apaixonar pela nova produ\u00e7\u00e3o \u201cMundo Estranho\u201d - Ribeir\u00e3o Preto e Regi\u00e3o","og_description":"\u201cMundo Estranho\u201d, a mais nova produ\u00e7\u00e3o da\u00a0Walt Disney Animation Studios, est\u00e1 em exibi\u00e7\u00e3o nos cinemas nacionais.","og_url":"https:\/\/redenoticiaz.com.br\/ribeiraopreto-regiao\/sp\/2022\/12\/17\/motivos-para-assistir-e-se-apaixonar-pela-nova-producao-mundo-estranho","og_site_name":"Ribeir\u00e3o Preto e Regi\u00e3o","article_publisher":"https:\/\/m.facebook.com\/redenoticiaz.barretos","article_published_time":"2022-12-17T10:00:36+00:00","og_image":[{"width":1920,"height":804,"url":"https:\/\/redenoticiaz.com.br\/ribeiraopreto-regiao\/wp-content\/uploads\/sites\/4\/2022\/12\/STRANGE_WORLD-ONLINE-USE-fullcomp_335_14_6k_film.0018-scaled.jpg","type":"image\/jpeg"}],"twitter_card":"summary_large_image","twitter_creator":"@RN_barretos","twitter_site":"@RN_barretos","twitter_misc":{"Escrito por":"","Est. tempo de leitura":"3 minutos"},"schema":{"@context":"https:\/\/schema.org","@graph":[{"@type":"Article","@id":"https:\/\/redenoticiaz.com.br\/ribeiraopreto-regiao\/sp\/2022\/12\/17\/motivos-para-assistir-e-se-apaixonar-pela-nova-producao-mundo-estranho#article","isPartOf":{"@id":"https:\/\/redenoticiaz.com.br\/ribeiraopreto-regiao\/sp\/2022\/12\/17\/motivos-para-assistir-e-se-apaixonar-pela-nova-producao-mundo-estranho"},"author":{"name":"","@id":""},"headline":"Motivos para assistir e se apaixonar pela nova produ\u00e7\u00e3o \u201cMundo Estranho\u201d","datePublished":"2022-12-17T10:00:36+00:00","mainEntityOfPage":{"@id":"https:\/\/redenoticiaz.com.br\/ribeiraopreto-regiao\/sp\/2022\/12\/17\/motivos-para-assistir-e-se-apaixonar-pela-nova-producao-mundo-estranho"},"wordCount":454,"commentCount":0,"publisher":{"@id":"https:\/\/redenoticiaz.com.br\/ribeiraopreto-regiao\/#organization"},"image":{"@id":"https:\/\/redenoticiaz.com.br\/ribeiraopreto-regiao\/sp\/2022\/12\/17\/motivos-para-assistir-e-se-apaixonar-pela-nova-producao-mundo-estranho#primaryimage"},"thumbnailUrl":"https:\/\/redenoticiaz.com.br\/ribeiraopreto-regiao\/wp-content\/uploads\/sites\/4\/2022\/12\/STRANGE_WORLD-ONLINE-USE-fullcomp_335_14_6k_film.0018-scaled.jpg","keywords":["CINEMA","FILME DA DISNEY","MUNDO ESTRANHO"],"articleSection":["Entretenimento"],"inLanguage":"pt-BR","potentialAction":[{"@type":"CommentAction","name":"Comment","target":["https:\/\/redenoticiaz.com.br\/ribeiraopreto-regiao\/sp\/2022\/12\/17\/motivos-para-assistir-e-se-apaixonar-pela-nova-producao-mundo-estranho#respond"]}]},{"@type":"WebPage","@id":"https:\/\/redenoticiaz.com.br\/ribeiraopreto-regiao\/sp\/2022\/12\/17\/motivos-para-assistir-e-se-apaixonar-pela-nova-producao-mundo-estranho","url":"https:\/\/redenoticiaz.com.br\/ribeiraopreto-regiao\/sp\/2022\/12\/17\/motivos-para-assistir-e-se-apaixonar-pela-nova-producao-mundo-estranho","name":"Motivos para assistir e se apaixonar pela nova produ\u00e7\u00e3o \u201cMundo Estranho\u201d - Ribeir\u00e3o Preto e Regi\u00e3o","isPartOf":{"@id":"https:\/\/redenoticiaz.com.br\/ribeiraopreto-regiao\/#website"},"primaryImageOfPage":{"@id":"https:\/\/redenoticiaz.com.br\/ribeiraopreto-regiao\/sp\/2022\/12\/17\/motivos-para-assistir-e-se-apaixonar-pela-nova-producao-mundo-estranho#primaryimage"},"image":{"@id":"https:\/\/redenoticiaz.com.br\/ribeiraopreto-regiao\/sp\/2022\/12\/17\/motivos-para-assistir-e-se-apaixonar-pela-nova-producao-mundo-estranho#primaryimage"},"thumbnailUrl":"https:\/\/redenoticiaz.com.br\/ribeiraopreto-regiao\/wp-content\/uploads\/sites\/4\/2022\/12\/STRANGE_WORLD-ONLINE-USE-fullcomp_335_14_6k_film.0018-scaled.jpg","datePublished":"2022-12-17T10:00:36+00:00","description":"\u201cMundo Estranho\u201d, a mais nova produ\u00e7\u00e3o da\u00a0Walt Disney Animation Studios, est\u00e1 em exibi\u00e7\u00e3o nos cinemas nacionais.","inLanguage":"pt-BR","potentialAction":[{"@type":"ReadAction","target":["https:\/\/redenoticiaz.com.br\/ribeiraopreto-regiao\/sp\/2022\/12\/17\/motivos-para-assistir-e-se-apaixonar-pela-nova-producao-mundo-estranho"]}]},{"@type":"ImageObject","inLanguage":"pt-BR","@id":"https:\/\/redenoticiaz.com.br\/ribeiraopreto-regiao\/sp\/2022\/12\/17\/motivos-para-assistir-e-se-apaixonar-pela-nova-producao-mundo-estranho#primaryimage","url":"https:\/\/redenoticiaz.com.br\/ribeiraopreto-regiao\/wp-content\/uploads\/sites\/4\/2022\/12\/STRANGE_WORLD-ONLINE-USE-fullcomp_335_14_6k_film.0018-scaled.jpg","contentUrl":"https:\/\/redenoticiaz.com.br\/ribeiraopreto-regiao\/wp-content\/uploads\/sites\/4\/2022\/12\/STRANGE_WORLD-ONLINE-USE-fullcomp_335_14_6k_film.0018-scaled.jpg","width":1920,"height":804,"caption":"Nova anima\u00e7\u00e3o da Disney \"Mundo Estranho\". Cr\u00e9dito: Divulga\u00e7\u00e3o"},{"@type":"WebSite","@id":"https:\/\/redenoticiaz.com.br\/ribeiraopreto-regiao\/#website","url":"https:\/\/redenoticiaz.com.br\/ribeiraopreto-regiao\/","name":"Ribeir\u00e3o Preto e Regi\u00e3o","description":"Rede NoticiaZ - Ribeir\u00e3o Preto e regi\u00e3o","publisher":{"@id":"https:\/\/redenoticiaz.com.br\/ribeiraopreto-regiao\/#organization"},"potentialAction":[{"@type":"SearchAction","target":{"@type":"EntryPoint","urlTemplate":"https:\/\/redenoticiaz.com.br\/ribeiraopreto-regiao\/?s={search_term_string}"},"query-input":{"@type":"PropertyValueSpecification","valueRequired":true,"valueName":"search_term_string"}}],"inLanguage":"pt-BR"},{"@type":"Organization","@id":"https:\/\/redenoticiaz.com.br\/ribeiraopreto-regiao\/#organization","name":"Ribeir\u00e3o Preto e Regi\u00e3o","url":"https:\/\/redenoticiaz.com.br\/ribeiraopreto-regiao\/","logo":{"@type":"ImageObject","inLanguage":"pt-BR","@id":"https:\/\/redenoticiaz.com.br\/ribeiraopreto-regiao\/#\/schema\/logo\/image\/","url":"https:\/\/redenoticiaz.com.br\/barretos-regiao\/wp-content\/uploads\/sites\/4\/2022\/02\/logo.jpg","contentUrl":"https:\/\/redenoticiaz.com.br\/barretos-regiao\/wp-content\/uploads\/sites\/4\/2022\/02\/logo.jpg","width":400,"height":250,"caption":"Ribeir\u00e3o Preto e Regi\u00e3o"},"image":{"@id":"https:\/\/redenoticiaz.com.br\/ribeiraopreto-regiao\/#\/schema\/logo\/image\/"},"sameAs":["https:\/\/m.facebook.com\/redenoticiaz.barretos","https:\/\/x.com\/RN_barretos","https:\/\/www.instagram.com\/redenoticiaz.barretos\/?igshid=YmMyMTA2M2Y","https:\/\/www.linkedin.com\/company\/rede-noticiaz-barretos-e-regio\/"]},{"@type":"Person","@id":"","url":"https:\/\/redenoticiaz.com.br\/ribeiraopreto-regiao\/sp\/author"}]}},"_links":{"self":[{"href":"https:\/\/redenoticiaz.com.br\/ribeiraopreto-regiao\/wp-json\/wp\/v2\/posts\/96750","targetHints":{"allow":["GET"]}}],"collection":[{"href":"https:\/\/redenoticiaz.com.br\/ribeiraopreto-regiao\/wp-json\/wp\/v2\/posts"}],"about":[{"href":"https:\/\/redenoticiaz.com.br\/ribeiraopreto-regiao\/wp-json\/wp\/v2\/types\/post"}],"author":[{"embeddable":true,"href":"https:\/\/redenoticiaz.com.br\/ribeiraopreto-regiao\/wp-json\/wp\/v2\/users\/15"}],"replies":[{"embeddable":true,"href":"https:\/\/redenoticiaz.com.br\/ribeiraopreto-regiao\/wp-json\/wp\/v2\/comments?post=96750"}],"version-history":[{"count":2,"href":"https:\/\/redenoticiaz.com.br\/ribeiraopreto-regiao\/wp-json\/wp\/v2\/posts\/96750\/revisions"}],"predecessor-version":[{"id":96753,"href":"https:\/\/redenoticiaz.com.br\/ribeiraopreto-regiao\/wp-json\/wp\/v2\/posts\/96750\/revisions\/96753"}],"wp:featuredmedia":[{"embeddable":true,"href":"https:\/\/redenoticiaz.com.br\/ribeiraopreto-regiao\/wp-json\/wp\/v2\/media\/96751"}],"wp:attachment":[{"href":"https:\/\/redenoticiaz.com.br\/ribeiraopreto-regiao\/wp-json\/wp\/v2\/media?parent=96750"}],"wp:term":[{"taxonomy":"category","embeddable":true,"href":"https:\/\/redenoticiaz.com.br\/ribeiraopreto-regiao\/wp-json\/wp\/v2\/categories?post=96750"},{"taxonomy":"post_tag","embeddable":true,"href":"https:\/\/redenoticiaz.com.br\/ribeiraopreto-regiao\/wp-json\/wp\/v2\/tags?post=96750"}],"curies":[{"name":"wp","href":"https:\/\/api.w.org\/{rel}","templated":true}]}}