{"id":96773,"date":"2022-12-13T09:29:12","date_gmt":"2022-12-13T12:29:12","guid":{"rendered":"https:\/\/redenoticiaz.com.br\/barretos-regiao\/?p=96773"},"modified":"2022-12-13T09:29:12","modified_gmt":"2022-12-13T12:29:12","slug":"veja-como-realizar-a-troca-de-ingressos-para-o-reveillon-das-aguas-2023","status":"publish","type":"post","link":"https:\/\/redenoticiaz.com.br\/ribeiraopreto-regiao\/sp\/2022\/12\/13\/veja-como-realizar-a-troca-de-ingressos-para-o-reveillon-das-aguas-2023","title":{"rendered":"Veja como realizar a troca de ingressos para o R\u00e9veillon das \u00c1guas 2023"},"content":{"rendered":"<p class=\"v1MsoNormal\"><span style=\"font-family: arial, sans-serif\">A festa da virada na Est\u00e2ncia Tur\u00edstica de Ol\u00edmpia promete, mais uma vez, ser uma das maiores de toda a regi\u00e3o e, como nos anos anteriores, al\u00e9m de entretenimento, o R\u00e9veillon das \u00c1guas 2023 promover\u00e1 a solidariedade.<\/span><\/p>\n<p class=\"v1MsoNormal\"><span style=\"font-family: arial, sans-serif\">O ano novo chegar\u00e1 ao som da dupla sertaneja\u00a0<b>Fernando &amp; Sorocaba<\/b>\u00a0e a troca de convites ter\u00e1 in\u00edcio na pr\u00f3xima quarta-feira,\u00a0<b>dia 14 de dezembro<\/b>. Os ingressos ser\u00e3o trocados pelos alimentos:\u00a0<b>arroz, feij\u00e3o, caf\u00e9, \u00f3leo e leite<\/b>, na\u00a0<b>secretaria do parque aqu\u00e1tico Thermas dos Laranjais<\/b>\u00a0(Avenida do Folclore, 1543 \u2013 Jd. Santa Ifig\u00eania), com funcionamento, de segunda a sexta-feira, das 8h \u00e0s 16 horas.<\/span><\/p>\n<p class=\"v1MsoNormal\"><span style=\"font-family: arial, sans-serif\">Toda a arrecada\u00e7\u00e3o ser\u00e1 conferida e deve estar dentro do prazo de validade, para que seja doada em condi\u00e7\u00f5es de uso para as entidades assistenciais que ser\u00e3o beneficiadas.<\/span><\/p>\n<p class=\"v1MsoNormal\"><span style=\"font-family: arial, sans-serif\">Para os\u00a0<b>moradores da cidade, ser\u00e1 1kg de alimento<\/b>\u00a0por ingresso, apresentando o Cart\u00e3o Cidad\u00e3o Olimpiense. Para os\u00a0<b>turistas e quem n\u00e3o tem o cart\u00e3o<\/b>, cada ingresso ser\u00e1 trocado mediante a entrega de\u00a0<b>2 kg de alimentos<\/b>. Vale ressaltar que os convites s\u00e3o limitados, conforme capacidade do local. Desde 2017, o ingresso solid\u00e1rio tem beneficiado diversas institui\u00e7\u00f5es do munic\u00edpio, al\u00e9m de proporcionar lazer e entretenimento para a popula\u00e7\u00e3o.<\/span><\/p>\n<p class=\"v1MsoNormal\"><span style=\"font-family: arial, sans-serif\">Vale ressaltar que, a venda de convites para a pista solid\u00e1ria \u00e9 proibida. Desta forma, para evitar a comercializa\u00e7\u00e3o indiscriminada de ingressos, ser\u00e1 autorizada\u00a0<b>a troca de at\u00e9 2 ingressos por CPF ou por Cart\u00e3o Cidad\u00e3o,<\/b>\u00a0apresentando um documento. A troca \u00e9 necess\u00e1ria para crian\u00e7as a partir dos 7 anos.<\/span><\/p>\n<p class=\"v1MsoNormal\"><span style=\"font-family: arial, sans-serif\">O R\u00e9veillon das \u00c1guas 2023 \u00e9 organizado por uma parceria da Prefeitura, por meio da secretaria de Turismo e Cultura, com um grupo de empres\u00e1rios que tem como um de seus principais produtos o &#8216;OBA Festival&#8217;, um dos maiores Carnavais do pa\u00eds.<\/span><\/p>\n<p class=\"v1MsoNormal\"><span style=\"font-family: arial, sans-serif\">Com uma estrutura ainda melhor, a organiza\u00e7\u00e3o espera superar o sucesso das \u00faltimas edi\u00e7\u00f5es, reunindo cerca de 15 mil pessoas, entre olimpienses e turistas. Quem quer aproveitar a virada do ano em um espa\u00e7o diferenciado, pode tamb\u00e9m adquirir o Camarote Premium (open bar e open food), que est\u00e1 sendo vendido pelo <a href=\"http:\/\/www.guicheweb.com.br\/reveillonolimpia\">site<\/a> \u00a0ou nos pontos f\u00edsicos, Z\u00e9Z Conveni\u00eancia e Casa Fucci, e com o comiss\u00e1rio Walthinho Silva (17) 99713-3156.<\/span><\/p>\n<p class=\"v1MsoNormal\"><span style=\"font-family: arial, sans-serif\">O evento ser\u00e1 realizado na noite do dia\u00a0<b>31 de dezembro (s\u00e1bado),<\/b>\u00a0<b>no estacionamento do Thermas dos Laranjais, a partir das 22 horas.<\/b>\u00a0Al\u00e9m do show principal da dupla, considerada pioneira do g\u00eanero sertanejo universit\u00e1rio, outras atra\u00e7\u00f5es musicais est\u00e3o sendo confirmadas. O R\u00e9veillon conta ainda com a parceria do Grupo Enjoy Parques &amp; Resorts e o apoio institucional da TV TEM.<\/span><\/p>\n<p class=\"v1MsoNormal\"><span style=\"font-family: arial, sans-serif\"><b>TROCA PARA TURISTAS<\/b><\/span><\/p>\n<p class=\"v1MsoNormal\"><span style=\"font-family: arial, sans-serif\">Como de costume, a orienta\u00e7\u00e3o para os visitantes \u00e9 que a troca dos ingressos seja realizada antecipadamente pelos meios de hospedagens, ag\u00eancias de turismo e afins, uma vez que a troca no dia do evento depende da disponibilidade de convites, conforme a capacidade do local. Em caso de d\u00favida, os empreendimentos do setor podem entrar em contato com a secretaria de Turismo pelo telefone (17) 3280-6294.<\/span><\/p>\n<p>VEJA TAMB\u00c9M:\u00a0<a href=\"https:\/\/redenoticiaz.com.br\/barretos-regiao\/sp\/2022\/12\/13\/criancas-aprendem-e-se-divertem-no-2-natal-dos-bichos-no-zoo-de-guaira\">Crian\u00e7as aprendem e se divertem no &#8220;2\u00b0 Natal dos Bichos&#8221;, no Zoo de Gua\u00edra<\/a><\/p>\n","protected":false},"excerpt":{"rendered":"<p>A festa da virada na Est\u00e2ncia Tur\u00edstica de Ol\u00edmpia promete, mais uma vez, ser uma das maiores de toda a regi\u00e3o e, como nos anos anteriores, al\u00e9m de entretenimento, o R\u00e9veillon das \u00c1guas 2023 promover\u00e1 a solidariedade. O ano novo chegar\u00e1 ao som da dupla sertaneja\u00a0Fernando &amp; Sorocaba\u00a0e a troca de convites ter\u00e1 in\u00edcio na &hellip;<\/p>\n","protected":false},"author":15,"featured_media":96774,"comment_status":"open","ping_status":"closed","sticky":false,"template":"","format":"standard","meta":{"footnotes":""},"categories":[815],"tags":[21321,22893,664,22894],"class_list":["post-96773","post","type-post","status-publish","format-standard","has-post-thumbnail","hentry","category-cultura-e-musica","tag-fernando-e-sorocaba","tag-receillon-das-aguas","tag-show","tag-troca-de-ingressos"],"yoast_head":"<!-- This site is optimized with the Yoast SEO plugin v28.3 - https:\/\/yoast.com\/product\/yoast-seo-wordpress\/ -->\n<title>Veja como realizar a troca de ingressos para o R\u00e9veillon das \u00c1guas 2023 - Ribeir\u00e3o Preto e Regi\u00e3o<\/title>\n<meta name=\"description\" content=\"Ol\u00edmpia promete, mais uma vez, ser uma das maiores de toda a regi\u00e3o e, como nos anos anteriores, o R\u00e9veillon das \u00c1guas 2023 promover\u00e1 a solidariedade.\" \/>\n<meta name=\"robots\" content=\"index, follow, max-snippet:-1, max-image-preview:large, max-video-preview:-1\" \/>\n<link rel=\"canonical\" href=\"https:\/\/redenoticiaz.com.br\/ribeiraopreto-regiao\/sp\/2022\/12\/13\/veja-como-realizar-a-troca-de-ingressos-para-o-reveillon-das-aguas-2023\" \/>\n<meta property=\"og:locale\" content=\"pt_BR\" \/>\n<meta property=\"og:type\" content=\"article\" \/>\n<meta property=\"og:title\" content=\"Veja como realizar a troca de ingressos para o R\u00e9veillon das \u00c1guas 2023 - Ribeir\u00e3o Preto e Regi\u00e3o\" \/>\n<meta property=\"og:description\" content=\"Ol\u00edmpia promete, mais uma vez, ser uma das maiores de toda a regi\u00e3o e, como nos anos anteriores, o R\u00e9veillon das \u00c1guas 2023 promover\u00e1 a solidariedade.\" \/>\n<meta property=\"og:url\" content=\"https:\/\/redenoticiaz.com.br\/ribeiraopreto-regiao\/sp\/2022\/12\/13\/veja-como-realizar-a-troca-de-ingressos-para-o-reveillon-das-aguas-2023\" \/>\n<meta property=\"og:site_name\" content=\"Ribeir\u00e3o Preto e Regi\u00e3o\" \/>\n<meta property=\"article:publisher\" content=\"https:\/\/m.facebook.com\/redenoticiaz.barretos\" \/>\n<meta property=\"article:published_time\" content=\"2022-12-13T12:29:12+00:00\" \/>\n<meta property=\"og:image\" content=\"https:\/\/redenoticiaz.com.br\/ribeiraopreto-regiao\/wp-content\/uploads\/sites\/4\/2022\/12\/Reveillon-2021-2022-Arquivo-2-scaled.jpg\" \/>\n\t<meta property=\"og:image:width\" content=\"1920\" \/>\n\t<meta property=\"og:image:height\" content=\"1080\" \/>\n\t<meta property=\"og:image:type\" content=\"image\/jpeg\" \/>\n<meta name=\"twitter:card\" content=\"summary_large_image\" \/>\n<meta name=\"twitter:creator\" content=\"@RN_barretos\" \/>\n<meta name=\"twitter:site\" content=\"@RN_barretos\" \/>\n<meta name=\"twitter:label1\" content=\"Escrito por\" \/>\n\t<meta name=\"twitter:data1\" content=\"\" \/>\n\t<meta name=\"twitter:label2\" content=\"Est. tempo de leitura\" \/>\n\t<meta name=\"twitter:data2\" content=\"3 minutos\" \/>\n<script type=\"application\/ld+json\" class=\"yoast-schema-graph\">{\"@context\":\"https:\\\/\\\/schema.org\",\"@graph\":[{\"@type\":\"Article\",\"@id\":\"https:\\\/\\\/redenoticiaz.com.br\\\/ribeiraopreto-regiao\\\/sp\\\/2022\\\/12\\\/13\\\/veja-como-realizar-a-troca-de-ingressos-para-o-reveillon-das-aguas-2023#article\",\"isPartOf\":{\"@id\":\"https:\\\/\\\/redenoticiaz.com.br\\\/ribeiraopreto-regiao\\\/sp\\\/2022\\\/12\\\/13\\\/veja-como-realizar-a-troca-de-ingressos-para-o-reveillon-das-aguas-2023\"},\"author\":{\"name\":\"\",\"@id\":\"\"},\"headline\":\"Veja como realizar a troca de ingressos para o R\u00e9veillon das \u00c1guas 2023\",\"datePublished\":\"2022-12-13T12:29:12+00:00\",\"mainEntityOfPage\":{\"@id\":\"https:\\\/\\\/redenoticiaz.com.br\\\/ribeiraopreto-regiao\\\/sp\\\/2022\\\/12\\\/13\\\/veja-como-realizar-a-troca-de-ingressos-para-o-reveillon-das-aguas-2023\"},\"wordCount\":553,\"commentCount\":0,\"publisher\":{\"@id\":\"https:\\\/\\\/redenoticiaz.com.br\\\/ribeiraopreto-regiao\\\/#organization\"},\"image\":{\"@id\":\"https:\\\/\\\/redenoticiaz.com.br\\\/ribeiraopreto-regiao\\\/sp\\\/2022\\\/12\\\/13\\\/veja-como-realizar-a-troca-de-ingressos-para-o-reveillon-das-aguas-2023#primaryimage\"},\"thumbnailUrl\":\"https:\\\/\\\/redenoticiaz.com.br\\\/ribeiraopreto-regiao\\\/wp-content\\\/uploads\\\/sites\\\/4\\\/2022\\\/12\\\/Reveillon-2021-2022-Arquivo-2-scaled.jpg\",\"keywords\":[\"Fernando e Sorocaba\",\"R\u00e9ceillon das \u00c1guas\",\"SHOW\",\"troca de ingressos\"],\"articleSection\":[\"Cultura e M\u00fasica\"],\"inLanguage\":\"pt-BR\",\"potentialAction\":[{\"@type\":\"CommentAction\",\"name\":\"Comment\",\"target\":[\"https:\\\/\\\/redenoticiaz.com.br\\\/ribeiraopreto-regiao\\\/sp\\\/2022\\\/12\\\/13\\\/veja-como-realizar-a-troca-de-ingressos-para-o-reveillon-das-aguas-2023#respond\"]}]},{\"@type\":\"WebPage\",\"@id\":\"https:\\\/\\\/redenoticiaz.com.br\\\/ribeiraopreto-regiao\\\/sp\\\/2022\\\/12\\\/13\\\/veja-como-realizar-a-troca-de-ingressos-para-o-reveillon-das-aguas-2023\",\"url\":\"https:\\\/\\\/redenoticiaz.com.br\\\/ribeiraopreto-regiao\\\/sp\\\/2022\\\/12\\\/13\\\/veja-como-realizar-a-troca-de-ingressos-para-o-reveillon-das-aguas-2023\",\"name\":\"Veja como realizar a troca de ingressos para o R\u00e9veillon das \u00c1guas 2023 - Ribeir\u00e3o Preto e Regi\u00e3o\",\"isPartOf\":{\"@id\":\"https:\\\/\\\/redenoticiaz.com.br\\\/ribeiraopreto-regiao\\\/#website\"},\"primaryImageOfPage\":{\"@id\":\"https:\\\/\\\/redenoticiaz.com.br\\\/ribeiraopreto-regiao\\\/sp\\\/2022\\\/12\\\/13\\\/veja-como-realizar-a-troca-de-ingressos-para-o-reveillon-das-aguas-2023#primaryimage\"},\"image\":{\"@id\":\"https:\\\/\\\/redenoticiaz.com.br\\\/ribeiraopreto-regiao\\\/sp\\\/2022\\\/12\\\/13\\\/veja-como-realizar-a-troca-de-ingressos-para-o-reveillon-das-aguas-2023#primaryimage\"},\"thumbnailUrl\":\"https:\\\/\\\/redenoticiaz.com.br\\\/ribeiraopreto-regiao\\\/wp-content\\\/uploads\\\/sites\\\/4\\\/2022\\\/12\\\/Reveillon-2021-2022-Arquivo-2-scaled.jpg\",\"datePublished\":\"2022-12-13T12:29:12+00:00\",\"description\":\"Ol\u00edmpia promete, mais uma vez, ser uma das maiores de toda a regi\u00e3o e, como nos anos anteriores, o R\u00e9veillon das \u00c1guas 2023 promover\u00e1 a solidariedade.\",\"inLanguage\":\"pt-BR\",\"potentialAction\":[{\"@type\":\"ReadAction\",\"target\":[\"https:\\\/\\\/redenoticiaz.com.br\\\/ribeiraopreto-regiao\\\/sp\\\/2022\\\/12\\\/13\\\/veja-como-realizar-a-troca-de-ingressos-para-o-reveillon-das-aguas-2023\"]}]},{\"@type\":\"ImageObject\",\"inLanguage\":\"pt-BR\",\"@id\":\"https:\\\/\\\/redenoticiaz.com.br\\\/ribeiraopreto-regiao\\\/sp\\\/2022\\\/12\\\/13\\\/veja-como-realizar-a-troca-de-ingressos-para-o-reveillon-das-aguas-2023#primaryimage\",\"url\":\"https:\\\/\\\/redenoticiaz.com.br\\\/ribeiraopreto-regiao\\\/wp-content\\\/uploads\\\/sites\\\/4\\\/2022\\\/12\\\/Reveillon-2021-2022-Arquivo-2-scaled.jpg\",\"contentUrl\":\"https:\\\/\\\/redenoticiaz.com.br\\\/ribeiraopreto-regiao\\\/wp-content\\\/uploads\\\/sites\\\/4\\\/2022\\\/12\\\/Reveillon-2021-2022-Arquivo-2-scaled.jpg\",\"width\":1920,\"height\":1080,\"caption\":\"Cr\u00e9dito: Divulga\u00e7\u00e3o\"},{\"@type\":\"WebSite\",\"@id\":\"https:\\\/\\\/redenoticiaz.com.br\\\/ribeiraopreto-regiao\\\/#website\",\"url\":\"https:\\\/\\\/redenoticiaz.com.br\\\/ribeiraopreto-regiao\\\/\",\"name\":\"Ribeir\u00e3o Preto e Regi\u00e3o\",\"description\":\"Rede NoticiaZ - Ribeir\u00e3o Preto e regi\u00e3o\",\"publisher\":{\"@id\":\"https:\\\/\\\/redenoticiaz.com.br\\\/ribeiraopreto-regiao\\\/#organization\"},\"potentialAction\":[{\"@type\":\"SearchAction\",\"target\":{\"@type\":\"EntryPoint\",\"urlTemplate\":\"https:\\\/\\\/redenoticiaz.com.br\\\/ribeiraopreto-regiao\\\/?s={search_term_string}\"},\"query-input\":{\"@type\":\"PropertyValueSpecification\",\"valueRequired\":true,\"valueName\":\"search_term_string\"}}],\"inLanguage\":\"pt-BR\"},{\"@type\":\"Organization\",\"@id\":\"https:\\\/\\\/redenoticiaz.com.br\\\/ribeiraopreto-regiao\\\/#organization\",\"name\":\"Ribeir\u00e3o Preto e Regi\u00e3o\",\"url\":\"https:\\\/\\\/redenoticiaz.com.br\\\/ribeiraopreto-regiao\\\/\",\"logo\":{\"@type\":\"ImageObject\",\"inLanguage\":\"pt-BR\",\"@id\":\"https:\\\/\\\/redenoticiaz.com.br\\\/ribeiraopreto-regiao\\\/#\\\/schema\\\/logo\\\/image\\\/\",\"url\":\"https:\\\/\\\/redenoticiaz.com.br\\\/barretos-regiao\\\/wp-content\\\/uploads\\\/sites\\\/4\\\/2022\\\/02\\\/logo.jpg\",\"contentUrl\":\"https:\\\/\\\/redenoticiaz.com.br\\\/barretos-regiao\\\/wp-content\\\/uploads\\\/sites\\\/4\\\/2022\\\/02\\\/logo.jpg\",\"width\":400,\"height\":250,\"caption\":\"Ribeir\u00e3o Preto e Regi\u00e3o\"},\"image\":{\"@id\":\"https:\\\/\\\/redenoticiaz.com.br\\\/ribeiraopreto-regiao\\\/#\\\/schema\\\/logo\\\/image\\\/\"},\"sameAs\":[\"https:\\\/\\\/m.facebook.com\\\/redenoticiaz.barretos\",\"https:\\\/\\\/x.com\\\/RN_barretos\",\"https:\\\/\\\/www.instagram.com\\\/redenoticiaz.barretos\\\/?igshid=YmMyMTA2M2Y\",\"https:\\\/\\\/www.linkedin.com\\\/company\\\/rede-noticiaz-barretos-e-regio\\\/\"]},{\"@type\":\"Person\",\"@id\":\"\",\"url\":\"https:\\\/\\\/redenoticiaz.com.br\\\/ribeiraopreto-regiao\\\/sp\\\/author\"}]}<\/script>\n<!-- \/ Yoast SEO plugin. -->","yoast_head_json":{"title":"Veja como realizar a troca de ingressos para o R\u00e9veillon das \u00c1guas 2023 - Ribeir\u00e3o Preto e Regi\u00e3o","description":"Ol\u00edmpia promete, mais uma vez, ser uma das maiores de toda a regi\u00e3o e, como nos anos anteriores, o R\u00e9veillon das \u00c1guas 2023 promover\u00e1 a solidariedade.","robots":{"index":"index","follow":"follow","max-snippet":"max-snippet:-1","max-image-preview":"max-image-preview:large","max-video-preview":"max-video-preview:-1"},"canonical":"https:\/\/redenoticiaz.com.br\/ribeiraopreto-regiao\/sp\/2022\/12\/13\/veja-como-realizar-a-troca-de-ingressos-para-o-reveillon-das-aguas-2023","og_locale":"pt_BR","og_type":"article","og_title":"Veja como realizar a troca de ingressos para o R\u00e9veillon das \u00c1guas 2023 - Ribeir\u00e3o Preto e Regi\u00e3o","og_description":"Ol\u00edmpia promete, mais uma vez, ser uma das maiores de toda a regi\u00e3o e, como nos anos anteriores, o R\u00e9veillon das \u00c1guas 2023 promover\u00e1 a solidariedade.","og_url":"https:\/\/redenoticiaz.com.br\/ribeiraopreto-regiao\/sp\/2022\/12\/13\/veja-como-realizar-a-troca-de-ingressos-para-o-reveillon-das-aguas-2023","og_site_name":"Ribeir\u00e3o Preto e Regi\u00e3o","article_publisher":"https:\/\/m.facebook.com\/redenoticiaz.barretos","article_published_time":"2022-12-13T12:29:12+00:00","og_image":[{"width":1920,"height":1080,"url":"https:\/\/redenoticiaz.com.br\/ribeiraopreto-regiao\/wp-content\/uploads\/sites\/4\/2022\/12\/Reveillon-2021-2022-Arquivo-2-scaled.jpg","type":"image\/jpeg"}],"twitter_card":"summary_large_image","twitter_creator":"@RN_barretos","twitter_site":"@RN_barretos","twitter_misc":{"Escrito por":"","Est. tempo de leitura":"3 minutos"},"schema":{"@context":"https:\/\/schema.org","@graph":[{"@type":"Article","@id":"https:\/\/redenoticiaz.com.br\/ribeiraopreto-regiao\/sp\/2022\/12\/13\/veja-como-realizar-a-troca-de-ingressos-para-o-reveillon-das-aguas-2023#article","isPartOf":{"@id":"https:\/\/redenoticiaz.com.br\/ribeiraopreto-regiao\/sp\/2022\/12\/13\/veja-como-realizar-a-troca-de-ingressos-para-o-reveillon-das-aguas-2023"},"author":{"name":"","@id":""},"headline":"Veja como realizar a troca de ingressos para o R\u00e9veillon das \u00c1guas 2023","datePublished":"2022-12-13T12:29:12+00:00","mainEntityOfPage":{"@id":"https:\/\/redenoticiaz.com.br\/ribeiraopreto-regiao\/sp\/2022\/12\/13\/veja-como-realizar-a-troca-de-ingressos-para-o-reveillon-das-aguas-2023"},"wordCount":553,"commentCount":0,"publisher":{"@id":"https:\/\/redenoticiaz.com.br\/ribeiraopreto-regiao\/#organization"},"image":{"@id":"https:\/\/redenoticiaz.com.br\/ribeiraopreto-regiao\/sp\/2022\/12\/13\/veja-como-realizar-a-troca-de-ingressos-para-o-reveillon-das-aguas-2023#primaryimage"},"thumbnailUrl":"https:\/\/redenoticiaz.com.br\/ribeiraopreto-regiao\/wp-content\/uploads\/sites\/4\/2022\/12\/Reveillon-2021-2022-Arquivo-2-scaled.jpg","keywords":["Fernando e Sorocaba","R\u00e9ceillon das \u00c1guas","SHOW","troca de ingressos"],"articleSection":["Cultura e M\u00fasica"],"inLanguage":"pt-BR","potentialAction":[{"@type":"CommentAction","name":"Comment","target":["https:\/\/redenoticiaz.com.br\/ribeiraopreto-regiao\/sp\/2022\/12\/13\/veja-como-realizar-a-troca-de-ingressos-para-o-reveillon-das-aguas-2023#respond"]}]},{"@type":"WebPage","@id":"https:\/\/redenoticiaz.com.br\/ribeiraopreto-regiao\/sp\/2022\/12\/13\/veja-como-realizar-a-troca-de-ingressos-para-o-reveillon-das-aguas-2023","url":"https:\/\/redenoticiaz.com.br\/ribeiraopreto-regiao\/sp\/2022\/12\/13\/veja-como-realizar-a-troca-de-ingressos-para-o-reveillon-das-aguas-2023","name":"Veja como realizar a troca de ingressos para o R\u00e9veillon das \u00c1guas 2023 - Ribeir\u00e3o Preto e Regi\u00e3o","isPartOf":{"@id":"https:\/\/redenoticiaz.com.br\/ribeiraopreto-regiao\/#website"},"primaryImageOfPage":{"@id":"https:\/\/redenoticiaz.com.br\/ribeiraopreto-regiao\/sp\/2022\/12\/13\/veja-como-realizar-a-troca-de-ingressos-para-o-reveillon-das-aguas-2023#primaryimage"},"image":{"@id":"https:\/\/redenoticiaz.com.br\/ribeiraopreto-regiao\/sp\/2022\/12\/13\/veja-como-realizar-a-troca-de-ingressos-para-o-reveillon-das-aguas-2023#primaryimage"},"thumbnailUrl":"https:\/\/redenoticiaz.com.br\/ribeiraopreto-regiao\/wp-content\/uploads\/sites\/4\/2022\/12\/Reveillon-2021-2022-Arquivo-2-scaled.jpg","datePublished":"2022-12-13T12:29:12+00:00","description":"Ol\u00edmpia promete, mais uma vez, ser uma das maiores de toda a regi\u00e3o e, como nos anos anteriores, o R\u00e9veillon das \u00c1guas 2023 promover\u00e1 a solidariedade.","inLanguage":"pt-BR","potentialAction":[{"@type":"ReadAction","target":["https:\/\/redenoticiaz.com.br\/ribeiraopreto-regiao\/sp\/2022\/12\/13\/veja-como-realizar-a-troca-de-ingressos-para-o-reveillon-das-aguas-2023"]}]},{"@type":"ImageObject","inLanguage":"pt-BR","@id":"https:\/\/redenoticiaz.com.br\/ribeiraopreto-regiao\/sp\/2022\/12\/13\/veja-como-realizar-a-troca-de-ingressos-para-o-reveillon-das-aguas-2023#primaryimage","url":"https:\/\/redenoticiaz.com.br\/ribeiraopreto-regiao\/wp-content\/uploads\/sites\/4\/2022\/12\/Reveillon-2021-2022-Arquivo-2-scaled.jpg","contentUrl":"https:\/\/redenoticiaz.com.br\/ribeiraopreto-regiao\/wp-content\/uploads\/sites\/4\/2022\/12\/Reveillon-2021-2022-Arquivo-2-scaled.jpg","width":1920,"height":1080,"caption":"Cr\u00e9dito: Divulga\u00e7\u00e3o"},{"@type":"WebSite","@id":"https:\/\/redenoticiaz.com.br\/ribeiraopreto-regiao\/#website","url":"https:\/\/redenoticiaz.com.br\/ribeiraopreto-regiao\/","name":"Ribeir\u00e3o Preto e Regi\u00e3o","description":"Rede NoticiaZ - Ribeir\u00e3o Preto e regi\u00e3o","publisher":{"@id":"https:\/\/redenoticiaz.com.br\/ribeiraopreto-regiao\/#organization"},"potentialAction":[{"@type":"SearchAction","target":{"@type":"EntryPoint","urlTemplate":"https:\/\/redenoticiaz.com.br\/ribeiraopreto-regiao\/?s={search_term_string}"},"query-input":{"@type":"PropertyValueSpecification","valueRequired":true,"valueName":"search_term_string"}}],"inLanguage":"pt-BR"},{"@type":"Organization","@id":"https:\/\/redenoticiaz.com.br\/ribeiraopreto-regiao\/#organization","name":"Ribeir\u00e3o Preto e Regi\u00e3o","url":"https:\/\/redenoticiaz.com.br\/ribeiraopreto-regiao\/","logo":{"@type":"ImageObject","inLanguage":"pt-BR","@id":"https:\/\/redenoticiaz.com.br\/ribeiraopreto-regiao\/#\/schema\/logo\/image\/","url":"https:\/\/redenoticiaz.com.br\/barretos-regiao\/wp-content\/uploads\/sites\/4\/2022\/02\/logo.jpg","contentUrl":"https:\/\/redenoticiaz.com.br\/barretos-regiao\/wp-content\/uploads\/sites\/4\/2022\/02\/logo.jpg","width":400,"height":250,"caption":"Ribeir\u00e3o Preto e Regi\u00e3o"},"image":{"@id":"https:\/\/redenoticiaz.com.br\/ribeiraopreto-regiao\/#\/schema\/logo\/image\/"},"sameAs":["https:\/\/m.facebook.com\/redenoticiaz.barretos","https:\/\/x.com\/RN_barretos","https:\/\/www.instagram.com\/redenoticiaz.barretos\/?igshid=YmMyMTA2M2Y","https:\/\/www.linkedin.com\/company\/rede-noticiaz-barretos-e-regio\/"]},{"@type":"Person","@id":"","url":"https:\/\/redenoticiaz.com.br\/ribeiraopreto-regiao\/sp\/author"}]}},"_links":{"self":[{"href":"https:\/\/redenoticiaz.com.br\/ribeiraopreto-regiao\/wp-json\/wp\/v2\/posts\/96773","targetHints":{"allow":["GET"]}}],"collection":[{"href":"https:\/\/redenoticiaz.com.br\/ribeiraopreto-regiao\/wp-json\/wp\/v2\/posts"}],"about":[{"href":"https:\/\/redenoticiaz.com.br\/ribeiraopreto-regiao\/wp-json\/wp\/v2\/types\/post"}],"author":[{"embeddable":true,"href":"https:\/\/redenoticiaz.com.br\/ribeiraopreto-regiao\/wp-json\/wp\/v2\/users\/15"}],"replies":[{"embeddable":true,"href":"https:\/\/redenoticiaz.com.br\/ribeiraopreto-regiao\/wp-json\/wp\/v2\/comments?post=96773"}],"version-history":[{"count":1,"href":"https:\/\/redenoticiaz.com.br\/ribeiraopreto-regiao\/wp-json\/wp\/v2\/posts\/96773\/revisions"}],"predecessor-version":[{"id":96775,"href":"https:\/\/redenoticiaz.com.br\/ribeiraopreto-regiao\/wp-json\/wp\/v2\/posts\/96773\/revisions\/96775"}],"wp:featuredmedia":[{"embeddable":true,"href":"https:\/\/redenoticiaz.com.br\/ribeiraopreto-regiao\/wp-json\/wp\/v2\/media\/96774"}],"wp:attachment":[{"href":"https:\/\/redenoticiaz.com.br\/ribeiraopreto-regiao\/wp-json\/wp\/v2\/media?parent=96773"}],"wp:term":[{"taxonomy":"category","embeddable":true,"href":"https:\/\/redenoticiaz.com.br\/ribeiraopreto-regiao\/wp-json\/wp\/v2\/categories?post=96773"},{"taxonomy":"post_tag","embeddable":true,"href":"https:\/\/redenoticiaz.com.br\/ribeiraopreto-regiao\/wp-json\/wp\/v2\/tags?post=96773"}],"curies":[{"name":"wp","href":"https:\/\/api.w.org\/{rel}","templated":true}]}}