{"id":96966,"date":"2022-12-18T14:30:06","date_gmt":"2022-12-18T17:30:06","guid":{"rendered":"https:\/\/redenoticiaz.com.br\/barretos-regiao\/?p=96966"},"modified":"2022-12-16T13:33:22","modified_gmt":"2022-12-16T16:33:22","slug":"prefeitura-inicia-instalacao-de-sistema-de-monitoramento-de-alta-tecnologia","status":"publish","type":"post","link":"https:\/\/redenoticiaz.com.br\/ribeiraopreto-regiao\/sp\/2022\/12\/18\/prefeitura-inicia-instalacao-de-sistema-de-monitoramento-de-alta-tecnologia","title":{"rendered":"Prefeitura inicia instala\u00e7\u00e3o de sistema de monitoramento de alta tecnologia"},"content":{"rendered":"<p class=\"v1MsoNormal\">Para oferecer maior seguran\u00e7a para a popula\u00e7\u00e3o guairense, a prefeitura de Gua\u00edra est\u00e1 instalando totens de seguran\u00e7a em pontos estrat\u00e9gicos da cidade, tendo j\u00e1 iniciado na pra\u00e7a S\u00e3o Sebasti\u00e3o, o que garantir\u00e1 um Natal Encantado mais seguro e tamb\u00e9m inibir\u00e1 a a\u00e7\u00e3o de v\u00e2ndalos pelo espa\u00e7o p\u00fablico.<\/p>\n<p class=\"v1MsoNormal\">O sistema de seguran\u00e7a, que ir\u00e1 auxiliar as for\u00e7as policiais locais a desempenhar o seu papel com ainda mais efici\u00eancia, poupando tempo e aumentando a taxa de assertividade das opera\u00e7\u00f5es, foi uma indica\u00e7\u00e3o (n\u00ba02\/22) do vereador Renan Lopes.<\/p>\n<p class=\"v1MsoNormal\">\n<p class=\"v1MsoNormal\">Os equipamentos instalados funcionar\u00e3o como postos policiais e com liga\u00e7\u00e3o direta com a central da GCM (Guarda Civil Municipal), possibilitando a participa\u00e7\u00e3o da popula\u00e7\u00e3o, inibindo drasticamente as a\u00e7\u00f5es criminosas.<\/p>\n<p class=\"v1MsoNormal\">Os totens contam o bot\u00e3o de emerg\u00eancia que diminui o tempo de resposta a situa\u00e7\u00f5es de risco, por estar diretamente ligado \u00e0 Central de Monitoramento, dentro da GCM.<\/p>\n<p class=\"v1MsoNormal\">No momento em que o prefeito conferiu a instala\u00e7\u00e3o do equipamento, alguns comerciantes foram ao seu encontro para parabenizar a prefeitura pela preocupa\u00e7\u00e3o com a seguran\u00e7a da regi\u00e3o central.<\/p>\n<h4 class=\"v1MsoNormal\"><b>Locais dos totens<\/b><\/h4>\n<p class=\"v1MsoNormal\">Al\u00e9m de um aparelho j\u00e1 instalado na Pra\u00e7a S\u00e3o Sebasti\u00e3o, outros locais receber\u00e3o os totens em suas proximidades, como todas as entradas da cidade. Confira:<\/p>\n<p class=\"v1MsoNormal\">pra\u00e7a S\u00e3o Sebasti\u00e3o; Entrada principal (Avenida Ac\u00e1cia Guairense); trevo das Antas com Avenida Jos\u00e9 Cavenaghe; Anel Vi\u00e1rio com a Rodovia Paulo Borges de Oliveira \u2013 trevo do Posto Carret\u00e3o; Anel Vi\u00e1rio com Estrada da Antenor Carlos Nogueira, Trevo Predilecta; terminal rodovi\u00e1rio; tr\u00eas totens pr\u00f3ximos ao Parque Marac\u00e1; 10 equipamentos pr\u00f3ximos \u00e0s escolas municipais e estaduais (CEI Josefina, CEI Chubaci, EMEF Vera Vitali, EMEF Francisco Gomes, ETEC, EMEF Padre Mario Lano, EMEF Vicencina, E.E. Enoch, E.E. Dalva e E.E. Zezinho); USF Jos\u00e9 Vilela \u2013 da Vila Aparecida; Anel Vi\u00e1rio com Estrada Guerino Talarico (Guarit\u00e1); Estrada Guerino Talarico, Trevo da sa\u00edda antes da ETE Santa Quit\u00e9ria; Avenida Jos\u00e9 G. Junqueira \u2013 Sa\u00edda da Mata; Avenida Jos\u00e9 Flores \u2013 Sa\u00edda do final da Cohab II; e Residencial Muraishi \u2013 Rua 28.<\/p>\n<p>VEJA TAMB\u00c9M:\u00a0<a href=\"https:\/\/redenoticiaz.com.br\/barretos-regiao\/sp\/2022\/10\/30\/construcao-de-mais-duas-rotatorias-para-melhorar-seguranca-viaria-e-iniciada\">Constru\u00e7\u00e3o de mais duas rotat\u00f3rias para melhorar seguran\u00e7a vi\u00e1ria \u00e9 iniciada<\/a><\/p>\n","protected":false},"excerpt":{"rendered":"<p>Para oferecer maior seguran\u00e7a para a popula\u00e7\u00e3o guairense, a prefeitura de Gua\u00edra est\u00e1 instalando totens de seguran\u00e7a em pontos estrat\u00e9gicos da cidade, tendo j\u00e1 iniciado na pra\u00e7a S\u00e3o Sebasti\u00e3o, o que garantir\u00e1 um Natal Encantado mais seguro e tamb\u00e9m inibir\u00e1 a a\u00e7\u00e3o de v\u00e2ndalos pelo espa\u00e7o p\u00fablico. O sistema de seguran\u00e7a, que ir\u00e1 auxiliar as &hellip;<\/p>\n","protected":false},"author":15,"featured_media":96967,"comment_status":"open","ping_status":"closed","sticky":false,"template":"","format":"standard","meta":{"footnotes":""},"categories":[1],"tags":[23000,21124,2218],"class_list":["post-96966","post","type-post","status-publish","format-standard","has-post-thumbnail","hentry","category-cidades","tag-instaclacao-de-sistema","tag-monitoramento","tag-seguranca"],"yoast_head":"<!-- This site is optimized with the Yoast SEO plugin v27.4 - https:\/\/yoast.com\/product\/yoast-seo-wordpress\/ -->\n<title>Prefeitura inicia instala\u00e7\u00e3o de sistema de monitoramento de alta tecnologia - Ribeir\u00e3o Preto e Regi\u00e3o<\/title>\n<meta name=\"description\" content=\"Para oferecer maior seguran\u00e7a para a popula\u00e7\u00e3o, a prefeitura de Gua\u00edra est\u00e1 instalando totens de seguran\u00e7a em pontos estrat\u00e9gicos da cidade.\" \/>\n<meta name=\"robots\" content=\"index, follow, max-snippet:-1, max-image-preview:large, max-video-preview:-1\" \/>\n<link rel=\"canonical\" href=\"https:\/\/redenoticiaz.com.br\/ribeiraopreto-regiao\/sp\/2022\/12\/18\/prefeitura-inicia-instalacao-de-sistema-de-monitoramento-de-alta-tecnologia\" \/>\n<meta property=\"og:locale\" content=\"pt_BR\" \/>\n<meta property=\"og:type\" content=\"article\" \/>\n<meta property=\"og:title\" content=\"Prefeitura inicia instala\u00e7\u00e3o de sistema de monitoramento de alta tecnologia - Ribeir\u00e3o Preto e Regi\u00e3o\" \/>\n<meta property=\"og:description\" content=\"Para oferecer maior seguran\u00e7a para a popula\u00e7\u00e3o, a prefeitura de Gua\u00edra est\u00e1 instalando totens de seguran\u00e7a em pontos estrat\u00e9gicos da cidade.\" \/>\n<meta property=\"og:url\" content=\"https:\/\/redenoticiaz.com.br\/ribeiraopreto-regiao\/sp\/2022\/12\/18\/prefeitura-inicia-instalacao-de-sistema-de-monitoramento-de-alta-tecnologia\" \/>\n<meta property=\"og:site_name\" content=\"Ribeir\u00e3o Preto e Regi\u00e3o\" \/>\n<meta property=\"article:publisher\" content=\"https:\/\/m.facebook.com\/redenoticiaz.barretos\" \/>\n<meta property=\"article:published_time\" content=\"2022-12-18T17:30:06+00:00\" \/>\n<meta property=\"og:image\" content=\"https:\/\/redenoticiaz.com.br\/ribeiraopreto-regiao\/wp-content\/uploads\/sites\/4\/2022\/12\/totens-12.jpg\" \/>\n\t<meta property=\"og:image:width\" content=\"1600\" \/>\n\t<meta property=\"og:image:height\" content=\"1204\" \/>\n\t<meta property=\"og:image:type\" content=\"image\/jpeg\" \/>\n<meta name=\"twitter:card\" content=\"summary_large_image\" \/>\n<meta name=\"twitter:creator\" content=\"@RN_barretos\" \/>\n<meta name=\"twitter:site\" content=\"@RN_barretos\" \/>\n<meta name=\"twitter:label1\" content=\"Escrito por\" \/>\n\t<meta name=\"twitter:data1\" content=\"\" \/>\n\t<meta name=\"twitter:label2\" content=\"Est. tempo de leitura\" \/>\n\t<meta name=\"twitter:data2\" content=\"2 minutos\" \/>\n<script type=\"application\/ld+json\" class=\"yoast-schema-graph\">{\"@context\":\"https:\\\/\\\/schema.org\",\"@graph\":[{\"@type\":\"Article\",\"@id\":\"https:\\\/\\\/redenoticiaz.com.br\\\/ribeiraopreto-regiao\\\/sp\\\/2022\\\/12\\\/18\\\/prefeitura-inicia-instalacao-de-sistema-de-monitoramento-de-alta-tecnologia#article\",\"isPartOf\":{\"@id\":\"https:\\\/\\\/redenoticiaz.com.br\\\/ribeiraopreto-regiao\\\/sp\\\/2022\\\/12\\\/18\\\/prefeitura-inicia-instalacao-de-sistema-de-monitoramento-de-alta-tecnologia\"},\"author\":{\"name\":\"\",\"@id\":\"\"},\"headline\":\"Prefeitura inicia instala\u00e7\u00e3o de sistema de monitoramento de alta tecnologia\",\"datePublished\":\"2022-12-18T17:30:06+00:00\",\"mainEntityOfPage\":{\"@id\":\"https:\\\/\\\/redenoticiaz.com.br\\\/ribeiraopreto-regiao\\\/sp\\\/2022\\\/12\\\/18\\\/prefeitura-inicia-instalacao-de-sistema-de-monitoramento-de-alta-tecnologia\"},\"wordCount\":401,\"commentCount\":0,\"publisher\":{\"@id\":\"https:\\\/\\\/redenoticiaz.com.br\\\/ribeiraopreto-regiao\\\/#organization\"},\"image\":{\"@id\":\"https:\\\/\\\/redenoticiaz.com.br\\\/ribeiraopreto-regiao\\\/sp\\\/2022\\\/12\\\/18\\\/prefeitura-inicia-instalacao-de-sistema-de-monitoramento-de-alta-tecnologia#primaryimage\"},\"thumbnailUrl\":\"https:\\\/\\\/redenoticiaz.com.br\\\/ribeiraopreto-regiao\\\/wp-content\\\/uploads\\\/sites\\\/4\\\/2022\\\/12\\\/totens-12.jpg\",\"keywords\":[\"INSTA\u00c7LA\u00c7\u00c3O DE SISTEMA\",\"MONITORAMENTO\",\"seguran\u00e7a\"],\"articleSection\":[\"Cidades\"],\"inLanguage\":\"pt-BR\",\"potentialAction\":[{\"@type\":\"CommentAction\",\"name\":\"Comment\",\"target\":[\"https:\\\/\\\/redenoticiaz.com.br\\\/ribeiraopreto-regiao\\\/sp\\\/2022\\\/12\\\/18\\\/prefeitura-inicia-instalacao-de-sistema-de-monitoramento-de-alta-tecnologia#respond\"]}]},{\"@type\":\"WebPage\",\"@id\":\"https:\\\/\\\/redenoticiaz.com.br\\\/ribeiraopreto-regiao\\\/sp\\\/2022\\\/12\\\/18\\\/prefeitura-inicia-instalacao-de-sistema-de-monitoramento-de-alta-tecnologia\",\"url\":\"https:\\\/\\\/redenoticiaz.com.br\\\/ribeiraopreto-regiao\\\/sp\\\/2022\\\/12\\\/18\\\/prefeitura-inicia-instalacao-de-sistema-de-monitoramento-de-alta-tecnologia\",\"name\":\"Prefeitura inicia instala\u00e7\u00e3o de sistema de monitoramento de alta tecnologia - Ribeir\u00e3o Preto e Regi\u00e3o\",\"isPartOf\":{\"@id\":\"https:\\\/\\\/redenoticiaz.com.br\\\/ribeiraopreto-regiao\\\/#website\"},\"primaryImageOfPage\":{\"@id\":\"https:\\\/\\\/redenoticiaz.com.br\\\/ribeiraopreto-regiao\\\/sp\\\/2022\\\/12\\\/18\\\/prefeitura-inicia-instalacao-de-sistema-de-monitoramento-de-alta-tecnologia#primaryimage\"},\"image\":{\"@id\":\"https:\\\/\\\/redenoticiaz.com.br\\\/ribeiraopreto-regiao\\\/sp\\\/2022\\\/12\\\/18\\\/prefeitura-inicia-instalacao-de-sistema-de-monitoramento-de-alta-tecnologia#primaryimage\"},\"thumbnailUrl\":\"https:\\\/\\\/redenoticiaz.com.br\\\/ribeiraopreto-regiao\\\/wp-content\\\/uploads\\\/sites\\\/4\\\/2022\\\/12\\\/totens-12.jpg\",\"datePublished\":\"2022-12-18T17:30:06+00:00\",\"description\":\"Para oferecer maior seguran\u00e7a para a popula\u00e7\u00e3o, a prefeitura de Gua\u00edra est\u00e1 instalando totens de seguran\u00e7a em pontos estrat\u00e9gicos da cidade.\",\"inLanguage\":\"pt-BR\",\"potentialAction\":[{\"@type\":\"ReadAction\",\"target\":[\"https:\\\/\\\/redenoticiaz.com.br\\\/ribeiraopreto-regiao\\\/sp\\\/2022\\\/12\\\/18\\\/prefeitura-inicia-instalacao-de-sistema-de-monitoramento-de-alta-tecnologia\"]}]},{\"@type\":\"ImageObject\",\"inLanguage\":\"pt-BR\",\"@id\":\"https:\\\/\\\/redenoticiaz.com.br\\\/ribeiraopreto-regiao\\\/sp\\\/2022\\\/12\\\/18\\\/prefeitura-inicia-instalacao-de-sistema-de-monitoramento-de-alta-tecnologia#primaryimage\",\"url\":\"https:\\\/\\\/redenoticiaz.com.br\\\/ribeiraopreto-regiao\\\/wp-content\\\/uploads\\\/sites\\\/4\\\/2022\\\/12\\\/totens-12.jpg\",\"contentUrl\":\"https:\\\/\\\/redenoticiaz.com.br\\\/ribeiraopreto-regiao\\\/wp-content\\\/uploads\\\/sites\\\/4\\\/2022\\\/12\\\/totens-12.jpg\",\"width\":1600,\"height\":1204,\"caption\":\"Totens de seguran\u00e7a. Cr\u00e9dito: Divulga\u00e7\u00e3o\"},{\"@type\":\"WebSite\",\"@id\":\"https:\\\/\\\/redenoticiaz.com.br\\\/ribeiraopreto-regiao\\\/#website\",\"url\":\"https:\\\/\\\/redenoticiaz.com.br\\\/ribeiraopreto-regiao\\\/\",\"name\":\"Ribeir\u00e3o Preto e Regi\u00e3o\",\"description\":\"Rede NoticiaZ - Ribeir\u00e3o Preto e regi\u00e3o\",\"publisher\":{\"@id\":\"https:\\\/\\\/redenoticiaz.com.br\\\/ribeiraopreto-regiao\\\/#organization\"},\"potentialAction\":[{\"@type\":\"SearchAction\",\"target\":{\"@type\":\"EntryPoint\",\"urlTemplate\":\"https:\\\/\\\/redenoticiaz.com.br\\\/ribeiraopreto-regiao\\\/?s={search_term_string}\"},\"query-input\":{\"@type\":\"PropertyValueSpecification\",\"valueRequired\":true,\"valueName\":\"search_term_string\"}}],\"inLanguage\":\"pt-BR\"},{\"@type\":\"Organization\",\"@id\":\"https:\\\/\\\/redenoticiaz.com.br\\\/ribeiraopreto-regiao\\\/#organization\",\"name\":\"Ribeir\u00e3o Preto e Regi\u00e3o\",\"url\":\"https:\\\/\\\/redenoticiaz.com.br\\\/ribeiraopreto-regiao\\\/\",\"logo\":{\"@type\":\"ImageObject\",\"inLanguage\":\"pt-BR\",\"@id\":\"https:\\\/\\\/redenoticiaz.com.br\\\/ribeiraopreto-regiao\\\/#\\\/schema\\\/logo\\\/image\\\/\",\"url\":\"https:\\\/\\\/redenoticiaz.com.br\\\/barretos-regiao\\\/wp-content\\\/uploads\\\/sites\\\/4\\\/2022\\\/02\\\/logo.jpg\",\"contentUrl\":\"https:\\\/\\\/redenoticiaz.com.br\\\/barretos-regiao\\\/wp-content\\\/uploads\\\/sites\\\/4\\\/2022\\\/02\\\/logo.jpg\",\"width\":400,\"height\":250,\"caption\":\"Ribeir\u00e3o Preto e Regi\u00e3o\"},\"image\":{\"@id\":\"https:\\\/\\\/redenoticiaz.com.br\\\/ribeiraopreto-regiao\\\/#\\\/schema\\\/logo\\\/image\\\/\"},\"sameAs\":[\"https:\\\/\\\/m.facebook.com\\\/redenoticiaz.barretos\",\"https:\\\/\\\/x.com\\\/RN_barretos\",\"https:\\\/\\\/www.instagram.com\\\/redenoticiaz.barretos\\\/?igshid=YmMyMTA2M2Y\",\"https:\\\/\\\/www.linkedin.com\\\/company\\\/rede-noticiaz-barretos-e-regio\\\/\"]},{\"@type\":\"Person\",\"@id\":\"\",\"url\":\"https:\\\/\\\/redenoticiaz.com.br\\\/ribeiraopreto-regiao\\\/sp\\\/author\"}]}<\/script>\n<!-- \/ Yoast SEO plugin. -->","yoast_head_json":{"title":"Prefeitura inicia instala\u00e7\u00e3o de sistema de monitoramento de alta tecnologia - Ribeir\u00e3o Preto e Regi\u00e3o","description":"Para oferecer maior seguran\u00e7a para a popula\u00e7\u00e3o, a prefeitura de Gua\u00edra est\u00e1 instalando totens de seguran\u00e7a em pontos estrat\u00e9gicos da cidade.","robots":{"index":"index","follow":"follow","max-snippet":"max-snippet:-1","max-image-preview":"max-image-preview:large","max-video-preview":"max-video-preview:-1"},"canonical":"https:\/\/redenoticiaz.com.br\/ribeiraopreto-regiao\/sp\/2022\/12\/18\/prefeitura-inicia-instalacao-de-sistema-de-monitoramento-de-alta-tecnologia","og_locale":"pt_BR","og_type":"article","og_title":"Prefeitura inicia instala\u00e7\u00e3o de sistema de monitoramento de alta tecnologia - Ribeir\u00e3o Preto e Regi\u00e3o","og_description":"Para oferecer maior seguran\u00e7a para a popula\u00e7\u00e3o, a prefeitura de Gua\u00edra est\u00e1 instalando totens de seguran\u00e7a em pontos estrat\u00e9gicos da cidade.","og_url":"https:\/\/redenoticiaz.com.br\/ribeiraopreto-regiao\/sp\/2022\/12\/18\/prefeitura-inicia-instalacao-de-sistema-de-monitoramento-de-alta-tecnologia","og_site_name":"Ribeir\u00e3o Preto e Regi\u00e3o","article_publisher":"https:\/\/m.facebook.com\/redenoticiaz.barretos","article_published_time":"2022-12-18T17:30:06+00:00","og_image":[{"width":1600,"height":1204,"url":"https:\/\/redenoticiaz.com.br\/ribeiraopreto-regiao\/wp-content\/uploads\/sites\/4\/2022\/12\/totens-12.jpg","type":"image\/jpeg"}],"twitter_card":"summary_large_image","twitter_creator":"@RN_barretos","twitter_site":"@RN_barretos","twitter_misc":{"Escrito por":"","Est. tempo de leitura":"2 minutos"},"schema":{"@context":"https:\/\/schema.org","@graph":[{"@type":"Article","@id":"https:\/\/redenoticiaz.com.br\/ribeiraopreto-regiao\/sp\/2022\/12\/18\/prefeitura-inicia-instalacao-de-sistema-de-monitoramento-de-alta-tecnologia#article","isPartOf":{"@id":"https:\/\/redenoticiaz.com.br\/ribeiraopreto-regiao\/sp\/2022\/12\/18\/prefeitura-inicia-instalacao-de-sistema-de-monitoramento-de-alta-tecnologia"},"author":{"name":"","@id":""},"headline":"Prefeitura inicia instala\u00e7\u00e3o de sistema de monitoramento de alta tecnologia","datePublished":"2022-12-18T17:30:06+00:00","mainEntityOfPage":{"@id":"https:\/\/redenoticiaz.com.br\/ribeiraopreto-regiao\/sp\/2022\/12\/18\/prefeitura-inicia-instalacao-de-sistema-de-monitoramento-de-alta-tecnologia"},"wordCount":401,"commentCount":0,"publisher":{"@id":"https:\/\/redenoticiaz.com.br\/ribeiraopreto-regiao\/#organization"},"image":{"@id":"https:\/\/redenoticiaz.com.br\/ribeiraopreto-regiao\/sp\/2022\/12\/18\/prefeitura-inicia-instalacao-de-sistema-de-monitoramento-de-alta-tecnologia#primaryimage"},"thumbnailUrl":"https:\/\/redenoticiaz.com.br\/ribeiraopreto-regiao\/wp-content\/uploads\/sites\/4\/2022\/12\/totens-12.jpg","keywords":["INSTA\u00c7LA\u00c7\u00c3O DE SISTEMA","MONITORAMENTO","seguran\u00e7a"],"articleSection":["Cidades"],"inLanguage":"pt-BR","potentialAction":[{"@type":"CommentAction","name":"Comment","target":["https:\/\/redenoticiaz.com.br\/ribeiraopreto-regiao\/sp\/2022\/12\/18\/prefeitura-inicia-instalacao-de-sistema-de-monitoramento-de-alta-tecnologia#respond"]}]},{"@type":"WebPage","@id":"https:\/\/redenoticiaz.com.br\/ribeiraopreto-regiao\/sp\/2022\/12\/18\/prefeitura-inicia-instalacao-de-sistema-de-monitoramento-de-alta-tecnologia","url":"https:\/\/redenoticiaz.com.br\/ribeiraopreto-regiao\/sp\/2022\/12\/18\/prefeitura-inicia-instalacao-de-sistema-de-monitoramento-de-alta-tecnologia","name":"Prefeitura inicia instala\u00e7\u00e3o de sistema de monitoramento de alta tecnologia - Ribeir\u00e3o Preto e Regi\u00e3o","isPartOf":{"@id":"https:\/\/redenoticiaz.com.br\/ribeiraopreto-regiao\/#website"},"primaryImageOfPage":{"@id":"https:\/\/redenoticiaz.com.br\/ribeiraopreto-regiao\/sp\/2022\/12\/18\/prefeitura-inicia-instalacao-de-sistema-de-monitoramento-de-alta-tecnologia#primaryimage"},"image":{"@id":"https:\/\/redenoticiaz.com.br\/ribeiraopreto-regiao\/sp\/2022\/12\/18\/prefeitura-inicia-instalacao-de-sistema-de-monitoramento-de-alta-tecnologia#primaryimage"},"thumbnailUrl":"https:\/\/redenoticiaz.com.br\/ribeiraopreto-regiao\/wp-content\/uploads\/sites\/4\/2022\/12\/totens-12.jpg","datePublished":"2022-12-18T17:30:06+00:00","description":"Para oferecer maior seguran\u00e7a para a popula\u00e7\u00e3o, a prefeitura de Gua\u00edra est\u00e1 instalando totens de seguran\u00e7a em pontos estrat\u00e9gicos da cidade.","inLanguage":"pt-BR","potentialAction":[{"@type":"ReadAction","target":["https:\/\/redenoticiaz.com.br\/ribeiraopreto-regiao\/sp\/2022\/12\/18\/prefeitura-inicia-instalacao-de-sistema-de-monitoramento-de-alta-tecnologia"]}]},{"@type":"ImageObject","inLanguage":"pt-BR","@id":"https:\/\/redenoticiaz.com.br\/ribeiraopreto-regiao\/sp\/2022\/12\/18\/prefeitura-inicia-instalacao-de-sistema-de-monitoramento-de-alta-tecnologia#primaryimage","url":"https:\/\/redenoticiaz.com.br\/ribeiraopreto-regiao\/wp-content\/uploads\/sites\/4\/2022\/12\/totens-12.jpg","contentUrl":"https:\/\/redenoticiaz.com.br\/ribeiraopreto-regiao\/wp-content\/uploads\/sites\/4\/2022\/12\/totens-12.jpg","width":1600,"height":1204,"caption":"Totens de seguran\u00e7a. Cr\u00e9dito: Divulga\u00e7\u00e3o"},{"@type":"WebSite","@id":"https:\/\/redenoticiaz.com.br\/ribeiraopreto-regiao\/#website","url":"https:\/\/redenoticiaz.com.br\/ribeiraopreto-regiao\/","name":"Ribeir\u00e3o Preto e Regi\u00e3o","description":"Rede NoticiaZ - Ribeir\u00e3o Preto e regi\u00e3o","publisher":{"@id":"https:\/\/redenoticiaz.com.br\/ribeiraopreto-regiao\/#organization"},"potentialAction":[{"@type":"SearchAction","target":{"@type":"EntryPoint","urlTemplate":"https:\/\/redenoticiaz.com.br\/ribeiraopreto-regiao\/?s={search_term_string}"},"query-input":{"@type":"PropertyValueSpecification","valueRequired":true,"valueName":"search_term_string"}}],"inLanguage":"pt-BR"},{"@type":"Organization","@id":"https:\/\/redenoticiaz.com.br\/ribeiraopreto-regiao\/#organization","name":"Ribeir\u00e3o Preto e Regi\u00e3o","url":"https:\/\/redenoticiaz.com.br\/ribeiraopreto-regiao\/","logo":{"@type":"ImageObject","inLanguage":"pt-BR","@id":"https:\/\/redenoticiaz.com.br\/ribeiraopreto-regiao\/#\/schema\/logo\/image\/","url":"https:\/\/redenoticiaz.com.br\/barretos-regiao\/wp-content\/uploads\/sites\/4\/2022\/02\/logo.jpg","contentUrl":"https:\/\/redenoticiaz.com.br\/barretos-regiao\/wp-content\/uploads\/sites\/4\/2022\/02\/logo.jpg","width":400,"height":250,"caption":"Ribeir\u00e3o Preto e Regi\u00e3o"},"image":{"@id":"https:\/\/redenoticiaz.com.br\/ribeiraopreto-regiao\/#\/schema\/logo\/image\/"},"sameAs":["https:\/\/m.facebook.com\/redenoticiaz.barretos","https:\/\/x.com\/RN_barretos","https:\/\/www.instagram.com\/redenoticiaz.barretos\/?igshid=YmMyMTA2M2Y","https:\/\/www.linkedin.com\/company\/rede-noticiaz-barretos-e-regio\/"]},{"@type":"Person","@id":"","url":"https:\/\/redenoticiaz.com.br\/ribeiraopreto-regiao\/sp\/author"}]}},"_links":{"self":[{"href":"https:\/\/redenoticiaz.com.br\/ribeiraopreto-regiao\/wp-json\/wp\/v2\/posts\/96966","targetHints":{"allow":["GET"]}}],"collection":[{"href":"https:\/\/redenoticiaz.com.br\/ribeiraopreto-regiao\/wp-json\/wp\/v2\/posts"}],"about":[{"href":"https:\/\/redenoticiaz.com.br\/ribeiraopreto-regiao\/wp-json\/wp\/v2\/types\/post"}],"author":[{"embeddable":true,"href":"https:\/\/redenoticiaz.com.br\/ribeiraopreto-regiao\/wp-json\/wp\/v2\/users\/15"}],"replies":[{"embeddable":true,"href":"https:\/\/redenoticiaz.com.br\/ribeiraopreto-regiao\/wp-json\/wp\/v2\/comments?post=96966"}],"version-history":[{"count":1,"href":"https:\/\/redenoticiaz.com.br\/ribeiraopreto-regiao\/wp-json\/wp\/v2\/posts\/96966\/revisions"}],"predecessor-version":[{"id":96968,"href":"https:\/\/redenoticiaz.com.br\/ribeiraopreto-regiao\/wp-json\/wp\/v2\/posts\/96966\/revisions\/96968"}],"wp:featuredmedia":[{"embeddable":true,"href":"https:\/\/redenoticiaz.com.br\/ribeiraopreto-regiao\/wp-json\/wp\/v2\/media\/96967"}],"wp:attachment":[{"href":"https:\/\/redenoticiaz.com.br\/ribeiraopreto-regiao\/wp-json\/wp\/v2\/media?parent=96966"}],"wp:term":[{"taxonomy":"category","embeddable":true,"href":"https:\/\/redenoticiaz.com.br\/ribeiraopreto-regiao\/wp-json\/wp\/v2\/categories?post=96966"},{"taxonomy":"post_tag","embeddable":true,"href":"https:\/\/redenoticiaz.com.br\/ribeiraopreto-regiao\/wp-json\/wp\/v2\/tags?post=96966"}],"curies":[{"name":"wp","href":"https:\/\/api.w.org\/{rel}","templated":true}]}}