{"id":96983,"date":"2022-12-16T14:46:20","date_gmt":"2022-12-16T17:46:20","guid":{"rendered":"https:\/\/redenoticiaz.com.br\/barretos-regiao\/?p=96983"},"modified":"2022-12-16T14:46:20","modified_gmt":"2022-12-16T17:46:20","slug":"festival-de-ballet-e-casinha-do-papai-noel-movimentam-o-natal-encantado","status":"publish","type":"post","link":"https:\/\/redenoticiaz.com.br\/ribeiraopreto-regiao\/sp\/2022\/12\/16\/festival-de-ballet-e-casinha-do-papai-noel-movimentam-o-natal-encantado","title":{"rendered":"Festival de ballet e casinha do Papai Noel movimentam o Natal Encantado"},"content":{"rendered":"<p class=\"v1MsoNormal\"><span style=\"font-family: arial, sans-serif\">No clima da \u00e9poca mais m\u00e1gica do ano, a Est\u00e2ncia Tur\u00edstica de Ol\u00edmpia promove o Natal Encantado 2022. Aberto a festividade tem atra\u00eddo milhares de fam\u00edlias para a Pra\u00e7a Central da cidade, prestigiando as atra\u00e7\u00f5es art\u00edsticas e tamb\u00e9m a decora\u00e7\u00e3o natalina.<\/span><\/p>\n<p><span style=\"font-family: arial, sans-serif\">Na noite dessa quarta-feira (14), o encanto no Coreto ficou por conta do Festival de Ballet &#8220;Conto de Natal&#8221;, apresentado pela Academia Physical em parceria com a Cia de Dan\u00e7as Juliana Lopes e coreografias do professor Daniel Ribeiro.<\/span><\/p>\n<p><span style=\"font-family: arial, sans-serif\"><img loading=\"lazy\" decoding=\"async\" class=\"size-medium wp-image-96985 alignleft\" src=\"https:\/\/redenoticiaz.com.br\/barretos-regiao\/wp-content\/uploads\/sites\/4\/2022\/12\/Festival-de-Ballet-e-Natal-Encantado-4-300x204.jpg\" alt=\"\" width=\"300\" height=\"204\" srcset=\"https:\/\/redenoticiaz.com.br\/ribeiraopreto-regiao\/wp-content\/uploads\/sites\/4\/2022\/12\/Festival-de-Ballet-e-Natal-Encantado-4-300x204.jpg 300w, https:\/\/redenoticiaz.com.br\/ribeiraopreto-regiao\/wp-content\/uploads\/sites\/4\/2022\/12\/Festival-de-Ballet-e-Natal-Encantado-4-1024x696.jpg 1024w, https:\/\/redenoticiaz.com.br\/ribeiraopreto-regiao\/wp-content\/uploads\/sites\/4\/2022\/12\/Festival-de-Ballet-e-Natal-Encantado-4-768x522.jpg 768w, https:\/\/redenoticiaz.com.br\/ribeiraopreto-regiao\/wp-content\/uploads\/sites\/4\/2022\/12\/Festival-de-Ballet-e-Natal-Encantado-4-1536x1044.jpg 1536w, https:\/\/redenoticiaz.com.br\/ribeiraopreto-regiao\/wp-content\/uploads\/sites\/4\/2022\/12\/Festival-de-Ballet-e-Natal-Encantado-4-2048x1392.jpg 2048w, https:\/\/redenoticiaz.com.br\/ribeiraopreto-regiao\/wp-content\/uploads\/sites\/4\/2022\/12\/Festival-de-Ballet-e-Natal-Encantado-4-220x150.jpg 220w, https:\/\/redenoticiaz.com.br\/ribeiraopreto-regiao\/wp-content\/uploads\/sites\/4\/2022\/12\/Festival-de-Ballet-e-Natal-Encantado-4-scaled.jpg 1589w\" sizes=\"auto, (max-width: 300px) 100vw, 300px\" \/>Prestigiado por centenas de fam\u00edlias, moradores e visitantes, o festival contou com 14 apresenta\u00e7\u00f5es de ballet solo e em equipes, com alunos do infantil, juvenil e adulto, conquistando aplausos do p\u00fablico presente em um espet\u00e1culo dedicado aos ritmos natalinos. A a\u00e7\u00e3o foi uma iniciativa da secretaria de Esporte, Lazer e Juventude, em apoio \u00e0 secretaria de Turismo e Cultura, que coordena a programa\u00e7\u00e3o cultural do Natal.<\/span><\/p>\n<p><span style=\"font-family: arial, sans-serif\">O movimento na Pra\u00e7a tamb\u00e9m girou em torno da disputada Casinha do Papai Noel, que teve a presen\u00e7a do Bom Velhinho e sua Noelete, recebendo centenas de crian\u00e7as e distribuindo doces, abra\u00e7os e alegria.<\/span><\/p>\n<p><span style=\"font-family: arial, sans-serif\">As fam\u00edlias tamb\u00e9m aproveitaram a visita para registrar momentos na decora\u00e7\u00e3o natalina da cidade, repleta de luzes e enfeites espalhados pela Pra\u00e7a, com destaque para a bola de Natal e o t\u00fanel luminoso.<\/span><\/p>\n<p><span style=\"font-family: arial, sans-serif\">O com\u00e9rcio local, que recebeu luzes em algumas quadras, tamb\u00e9m \u00e9 um atrativo a mais nesta \u00e9poca, devido ao hor\u00e1rio especial de funcionamento das lojas.<\/span><\/p>\n<p class=\"v1MsoNormal\"><b><span style=\"font-family: arial, sans-serif\">PROGRAMA\u00c7\u00c3O GRATUITA E CASINHA DO PAPAI NOEL<\/span><\/b><\/p>\n<p><span style=\"font-family: arial, sans-serif\"><img loading=\"lazy\" decoding=\"async\" class=\"size-medium wp-image-96986 alignleft\" src=\"https:\/\/redenoticiaz.com.br\/barretos-regiao\/wp-content\/uploads\/sites\/4\/2022\/12\/Festival-de-Ballet-e-Natal-Encantado-2-300x200.jpg\" alt=\"\" width=\"300\" height=\"200\" srcset=\"https:\/\/redenoticiaz.com.br\/ribeiraopreto-regiao\/wp-content\/uploads\/sites\/4\/2022\/12\/Festival-de-Ballet-e-Natal-Encantado-2-300x200.jpg 300w, https:\/\/redenoticiaz.com.br\/ribeiraopreto-regiao\/wp-content\/uploads\/sites\/4\/2022\/12\/Festival-de-Ballet-e-Natal-Encantado-2-1024x683.jpg 1024w, https:\/\/redenoticiaz.com.br\/ribeiraopreto-regiao\/wp-content\/uploads\/sites\/4\/2022\/12\/Festival-de-Ballet-e-Natal-Encantado-2-768x512.jpg 768w, https:\/\/redenoticiaz.com.br\/ribeiraopreto-regiao\/wp-content\/uploads\/sites\/4\/2022\/12\/Festival-de-Ballet-e-Natal-Encantado-2-1536x1024.jpg 1536w, https:\/\/redenoticiaz.com.br\/ribeiraopreto-regiao\/wp-content\/uploads\/sites\/4\/2022\/12\/Festival-de-Ballet-e-Natal-Encantado-2-2048x1365.jpg 2048w, https:\/\/redenoticiaz.com.br\/ribeiraopreto-regiao\/wp-content\/uploads\/sites\/4\/2022\/12\/Festival-de-Ballet-e-Natal-Encantado-2-scaled.jpg 1620w\" sizes=\"auto, (max-width: 300px) 100vw, 300px\" \/>Nesta sexta-feira, dia 16, a anima\u00e7\u00e3o no Coreto ser\u00e1 do grupo de samba olimpiense, Kassununga. No s\u00e1bado, dia 17, \u00e9 a vez do Concerto de Natal da ABECAO, ambos a partir das 19h30.<\/span><\/p>\n<p><span style=\"font-family: arial, sans-serif\">Na pr\u00f3xima semana, as atra\u00e7\u00f5es seguem na quarta-feira (21), com show da dupla sertaneja S\u00e9rgio &amp; Sandro e, na quinta (22), com a apresenta\u00e7\u00e3o do Coral de Natal da Unesp, tamb\u00e9m no mesmo hor\u00e1rio.<\/span><\/p>\n<p><span style=\"font-family: arial, sans-serif\">J\u00e1 o Papai Noel e a Noelete estar\u00e3o na casinha nos dias 16, 17, 20, 21, 22 e 23 de dezembro, das 19h30 \u00e0s 22 horas.<\/span><\/p>\n<div>VEJA TAMB\u00c9M:\u00a0<a href=\"https:\/\/redenoticiaz.com.br\/barretos-regiao\/sp\/2022\/12\/12\/inscricoes-abertas-para-2o-concurso-natalino-em-guaira\">Inscri\u00e7\u00f5es abertas para 2\u00ba Concurso Natalino em Gua\u00edra<\/a><\/div>\n","protected":false},"excerpt":{"rendered":"<p>No clima da \u00e9poca mais m\u00e1gica do ano, a Est\u00e2ncia Tur\u00edstica de Ol\u00edmpia promove o Natal Encantado 2022. Aberto a festividade tem atra\u00eddo milhares de fam\u00edlias para a Pra\u00e7a Central da cidade, prestigiando as atra\u00e7\u00f5es art\u00edsticas e tamb\u00e9m a decora\u00e7\u00e3o natalina. Na noite dessa quarta-feira (14), o encanto no Coreto ficou por conta do Festival &hellip;<\/p>\n","protected":false},"author":15,"featured_media":96984,"comment_status":"open","ping_status":"closed","sticky":false,"template":"","format":"standard","meta":{"footnotes":""},"categories":[134],"tags":[23009,22702,17904,16842],"class_list":["post-96983","post","type-post","status-publish","format-standard","has-post-thumbnail","hentry","category-entretenimento","tag-movimenta-milhares-de-pessoas","tag-natal-encantado","tag-praca","tag-programacao"],"yoast_head":"<!-- This site is optimized with the Yoast SEO plugin v28.4 - https:\/\/yoast.com\/product\/yoast-seo-wordpress\/ -->\n<title>Festival de ballet e casinha do Papai Noel movimentam o Natal Encantado - Ribeir\u00e3o Preto e Regi\u00e3o<\/title>\n<meta name=\"description\" content=\"Natal Encantado 2022 aberto, a festividade tem atra\u00eddo milhares de fam\u00edlias para a Pra\u00e7a Central da cidade. Confira a programa\u00e7\u00e3o...\" \/>\n<meta name=\"robots\" content=\"index, follow, max-snippet:-1, max-image-preview:large, max-video-preview:-1\" \/>\n<link rel=\"canonical\" href=\"https:\/\/redenoticiaz.com.br\/ribeiraopreto-regiao\/sp\/2022\/12\/16\/festival-de-ballet-e-casinha-do-papai-noel-movimentam-o-natal-encantado\" \/>\n<meta property=\"og:locale\" content=\"pt_BR\" \/>\n<meta property=\"og:type\" content=\"article\" \/>\n<meta property=\"og:title\" content=\"Festival de ballet e casinha do Papai Noel movimentam o Natal Encantado - Ribeir\u00e3o Preto e Regi\u00e3o\" \/>\n<meta property=\"og:description\" content=\"Natal Encantado 2022 aberto, a festividade tem atra\u00eddo milhares de fam\u00edlias para a Pra\u00e7a Central da cidade. Confira a programa\u00e7\u00e3o...\" \/>\n<meta property=\"og:url\" content=\"https:\/\/redenoticiaz.com.br\/ribeiraopreto-regiao\/sp\/2022\/12\/16\/festival-de-ballet-e-casinha-do-papai-noel-movimentam-o-natal-encantado\" \/>\n<meta property=\"og:site_name\" content=\"Ribeir\u00e3o Preto e Regi\u00e3o\" \/>\n<meta property=\"article:publisher\" content=\"https:\/\/m.facebook.com\/redenoticiaz.barretos\" \/>\n<meta property=\"article:published_time\" content=\"2022-12-16T17:46:20+00:00\" \/>\n<meta property=\"og:image\" content=\"https:\/\/redenoticiaz.com.br\/ribeiraopreto-regiao\/wp-content\/uploads\/sites\/4\/2022\/12\/Festival-de-Ballet-e-Natal-Encantado-3-scaled.jpg\" \/>\n\t<meta property=\"og:image:width\" content=\"1833\" \/>\n\t<meta property=\"og:image:height\" content=\"1080\" \/>\n\t<meta property=\"og:image:type\" content=\"image\/jpeg\" \/>\n<meta name=\"twitter:card\" content=\"summary_large_image\" \/>\n<meta name=\"twitter:creator\" content=\"@RN_barretos\" \/>\n<meta name=\"twitter:site\" content=\"@RN_barretos\" \/>\n<meta name=\"twitter:label1\" content=\"Escrito por\" \/>\n\t<meta name=\"twitter:data1\" content=\"\" \/>\n\t<meta name=\"twitter:label2\" content=\"Est. tempo de leitura\" \/>\n\t<meta name=\"twitter:data2\" content=\"3 minutos\" \/>\n<script type=\"application\/ld+json\" class=\"yoast-schema-graph\">{\"@context\":\"https:\\\/\\\/schema.org\",\"@graph\":[{\"@type\":\"Article\",\"@id\":\"https:\\\/\\\/redenoticiaz.com.br\\\/ribeiraopreto-regiao\\\/sp\\\/2022\\\/12\\\/16\\\/festival-de-ballet-e-casinha-do-papai-noel-movimentam-o-natal-encantado#article\",\"isPartOf\":{\"@id\":\"https:\\\/\\\/redenoticiaz.com.br\\\/ribeiraopreto-regiao\\\/sp\\\/2022\\\/12\\\/16\\\/festival-de-ballet-e-casinha-do-papai-noel-movimentam-o-natal-encantado\"},\"author\":{\"name\":\"\",\"@id\":\"\"},\"headline\":\"Festival de ballet e casinha do Papai Noel movimentam o Natal Encantado\",\"datePublished\":\"2022-12-16T17:46:20+00:00\",\"mainEntityOfPage\":{\"@id\":\"https:\\\/\\\/redenoticiaz.com.br\\\/ribeiraopreto-regiao\\\/sp\\\/2022\\\/12\\\/16\\\/festival-de-ballet-e-casinha-do-papai-noel-movimentam-o-natal-encantado\"},\"wordCount\":385,\"commentCount\":0,\"publisher\":{\"@id\":\"https:\\\/\\\/redenoticiaz.com.br\\\/ribeiraopreto-regiao\\\/#organization\"},\"image\":{\"@id\":\"https:\\\/\\\/redenoticiaz.com.br\\\/ribeiraopreto-regiao\\\/sp\\\/2022\\\/12\\\/16\\\/festival-de-ballet-e-casinha-do-papai-noel-movimentam-o-natal-encantado#primaryimage\"},\"thumbnailUrl\":\"https:\\\/\\\/redenoticiaz.com.br\\\/ribeiraopreto-regiao\\\/wp-content\\\/uploads\\\/sites\\\/4\\\/2022\\\/12\\\/Festival-de-Ballet-e-Natal-Encantado-3-scaled.jpg\",\"keywords\":[\"MOVIMENTA MILHARES DE PESSOAS\",\"NATAL ENCANTADO\",\"PRA\u00c7A\",\"PROGRAMA\u00c7\u00c3O\"],\"articleSection\":[\"Entretenimento\"],\"inLanguage\":\"pt-BR\",\"potentialAction\":[{\"@type\":\"CommentAction\",\"name\":\"Comment\",\"target\":[\"https:\\\/\\\/redenoticiaz.com.br\\\/ribeiraopreto-regiao\\\/sp\\\/2022\\\/12\\\/16\\\/festival-de-ballet-e-casinha-do-papai-noel-movimentam-o-natal-encantado#respond\"]}]},{\"@type\":\"WebPage\",\"@id\":\"https:\\\/\\\/redenoticiaz.com.br\\\/ribeiraopreto-regiao\\\/sp\\\/2022\\\/12\\\/16\\\/festival-de-ballet-e-casinha-do-papai-noel-movimentam-o-natal-encantado\",\"url\":\"https:\\\/\\\/redenoticiaz.com.br\\\/ribeiraopreto-regiao\\\/sp\\\/2022\\\/12\\\/16\\\/festival-de-ballet-e-casinha-do-papai-noel-movimentam-o-natal-encantado\",\"name\":\"Festival de ballet e casinha do Papai Noel movimentam o Natal Encantado - Ribeir\u00e3o Preto e Regi\u00e3o\",\"isPartOf\":{\"@id\":\"https:\\\/\\\/redenoticiaz.com.br\\\/ribeiraopreto-regiao\\\/#website\"},\"primaryImageOfPage\":{\"@id\":\"https:\\\/\\\/redenoticiaz.com.br\\\/ribeiraopreto-regiao\\\/sp\\\/2022\\\/12\\\/16\\\/festival-de-ballet-e-casinha-do-papai-noel-movimentam-o-natal-encantado#primaryimage\"},\"image\":{\"@id\":\"https:\\\/\\\/redenoticiaz.com.br\\\/ribeiraopreto-regiao\\\/sp\\\/2022\\\/12\\\/16\\\/festival-de-ballet-e-casinha-do-papai-noel-movimentam-o-natal-encantado#primaryimage\"},\"thumbnailUrl\":\"https:\\\/\\\/redenoticiaz.com.br\\\/ribeiraopreto-regiao\\\/wp-content\\\/uploads\\\/sites\\\/4\\\/2022\\\/12\\\/Festival-de-Ballet-e-Natal-Encantado-3-scaled.jpg\",\"datePublished\":\"2022-12-16T17:46:20+00:00\",\"description\":\"Natal Encantado 2022 aberto, a festividade tem atra\u00eddo milhares de fam\u00edlias para a Pra\u00e7a Central da cidade. Confira a programa\u00e7\u00e3o...\",\"inLanguage\":\"pt-BR\",\"potentialAction\":[{\"@type\":\"ReadAction\",\"target\":[\"https:\\\/\\\/redenoticiaz.com.br\\\/ribeiraopreto-regiao\\\/sp\\\/2022\\\/12\\\/16\\\/festival-de-ballet-e-casinha-do-papai-noel-movimentam-o-natal-encantado\"]}]},{\"@type\":\"ImageObject\",\"inLanguage\":\"pt-BR\",\"@id\":\"https:\\\/\\\/redenoticiaz.com.br\\\/ribeiraopreto-regiao\\\/sp\\\/2022\\\/12\\\/16\\\/festival-de-ballet-e-casinha-do-papai-noel-movimentam-o-natal-encantado#primaryimage\",\"url\":\"https:\\\/\\\/redenoticiaz.com.br\\\/ribeiraopreto-regiao\\\/wp-content\\\/uploads\\\/sites\\\/4\\\/2022\\\/12\\\/Festival-de-Ballet-e-Natal-Encantado-3-scaled.jpg\",\"contentUrl\":\"https:\\\/\\\/redenoticiaz.com.br\\\/ribeiraopreto-regiao\\\/wp-content\\\/uploads\\\/sites\\\/4\\\/2022\\\/12\\\/Festival-de-Ballet-e-Natal-Encantado-3-scaled.jpg\",\"width\":1833,\"height\":1080,\"caption\":\"Confira a programa\u00e7\u00e3o do Natal Encantado. Cr\u00e9dito: Divulga\u00e7\u00e3o\"},{\"@type\":\"WebSite\",\"@id\":\"https:\\\/\\\/redenoticiaz.com.br\\\/ribeiraopreto-regiao\\\/#website\",\"url\":\"https:\\\/\\\/redenoticiaz.com.br\\\/ribeiraopreto-regiao\\\/\",\"name\":\"Ribeir\u00e3o Preto e Regi\u00e3o\",\"description\":\"Rede NoticiaZ - Ribeir\u00e3o Preto e regi\u00e3o\",\"publisher\":{\"@id\":\"https:\\\/\\\/redenoticiaz.com.br\\\/ribeiraopreto-regiao\\\/#organization\"},\"potentialAction\":[{\"@type\":\"SearchAction\",\"target\":{\"@type\":\"EntryPoint\",\"urlTemplate\":\"https:\\\/\\\/redenoticiaz.com.br\\\/ribeiraopreto-regiao\\\/?s={search_term_string}\"},\"query-input\":{\"@type\":\"PropertyValueSpecification\",\"valueRequired\":true,\"valueName\":\"search_term_string\"}}],\"inLanguage\":\"pt-BR\"},{\"@type\":\"Organization\",\"@id\":\"https:\\\/\\\/redenoticiaz.com.br\\\/ribeiraopreto-regiao\\\/#organization\",\"name\":\"Ribeir\u00e3o Preto e Regi\u00e3o\",\"url\":\"https:\\\/\\\/redenoticiaz.com.br\\\/ribeiraopreto-regiao\\\/\",\"logo\":{\"@type\":\"ImageObject\",\"inLanguage\":\"pt-BR\",\"@id\":\"https:\\\/\\\/redenoticiaz.com.br\\\/ribeiraopreto-regiao\\\/#\\\/schema\\\/logo\\\/image\\\/\",\"url\":\"https:\\\/\\\/redenoticiaz.com.br\\\/barretos-regiao\\\/wp-content\\\/uploads\\\/sites\\\/4\\\/2022\\\/02\\\/logo.jpg\",\"contentUrl\":\"https:\\\/\\\/redenoticiaz.com.br\\\/barretos-regiao\\\/wp-content\\\/uploads\\\/sites\\\/4\\\/2022\\\/02\\\/logo.jpg\",\"width\":400,\"height\":250,\"caption\":\"Ribeir\u00e3o Preto e Regi\u00e3o\"},\"image\":{\"@id\":\"https:\\\/\\\/redenoticiaz.com.br\\\/ribeiraopreto-regiao\\\/#\\\/schema\\\/logo\\\/image\\\/\"},\"sameAs\":[\"https:\\\/\\\/m.facebook.com\\\/redenoticiaz.barretos\",\"https:\\\/\\\/x.com\\\/RN_barretos\",\"https:\\\/\\\/www.instagram.com\\\/redenoticiaz.barretos\\\/?igshid=YmMyMTA2M2Y\",\"https:\\\/\\\/www.linkedin.com\\\/company\\\/rede-noticiaz-barretos-e-regio\\\/\"]},{\"@type\":\"Person\",\"@id\":\"\",\"url\":\"https:\\\/\\\/redenoticiaz.com.br\\\/ribeiraopreto-regiao\\\/sp\\\/author\"}]}<\/script>\n<!-- \/ Yoast SEO plugin. -->","yoast_head_json":{"title":"Festival de ballet e casinha do Papai Noel movimentam o Natal Encantado - Ribeir\u00e3o Preto e Regi\u00e3o","description":"Natal Encantado 2022 aberto, a festividade tem atra\u00eddo milhares de fam\u00edlias para a Pra\u00e7a Central da cidade. Confira a programa\u00e7\u00e3o...","robots":{"index":"index","follow":"follow","max-snippet":"max-snippet:-1","max-image-preview":"max-image-preview:large","max-video-preview":"max-video-preview:-1"},"canonical":"https:\/\/redenoticiaz.com.br\/ribeiraopreto-regiao\/sp\/2022\/12\/16\/festival-de-ballet-e-casinha-do-papai-noel-movimentam-o-natal-encantado","og_locale":"pt_BR","og_type":"article","og_title":"Festival de ballet e casinha do Papai Noel movimentam o Natal Encantado - Ribeir\u00e3o Preto e Regi\u00e3o","og_description":"Natal Encantado 2022 aberto, a festividade tem atra\u00eddo milhares de fam\u00edlias para a Pra\u00e7a Central da cidade. Confira a programa\u00e7\u00e3o...","og_url":"https:\/\/redenoticiaz.com.br\/ribeiraopreto-regiao\/sp\/2022\/12\/16\/festival-de-ballet-e-casinha-do-papai-noel-movimentam-o-natal-encantado","og_site_name":"Ribeir\u00e3o Preto e Regi\u00e3o","article_publisher":"https:\/\/m.facebook.com\/redenoticiaz.barretos","article_published_time":"2022-12-16T17:46:20+00:00","og_image":[{"width":1833,"height":1080,"url":"https:\/\/redenoticiaz.com.br\/ribeiraopreto-regiao\/wp-content\/uploads\/sites\/4\/2022\/12\/Festival-de-Ballet-e-Natal-Encantado-3-scaled.jpg","type":"image\/jpeg"}],"twitter_card":"summary_large_image","twitter_creator":"@RN_barretos","twitter_site":"@RN_barretos","twitter_misc":{"Escrito por":"","Est. tempo de leitura":"3 minutos"},"schema":{"@context":"https:\/\/schema.org","@graph":[{"@type":"Article","@id":"https:\/\/redenoticiaz.com.br\/ribeiraopreto-regiao\/sp\/2022\/12\/16\/festival-de-ballet-e-casinha-do-papai-noel-movimentam-o-natal-encantado#article","isPartOf":{"@id":"https:\/\/redenoticiaz.com.br\/ribeiraopreto-regiao\/sp\/2022\/12\/16\/festival-de-ballet-e-casinha-do-papai-noel-movimentam-o-natal-encantado"},"author":{"name":"","@id":""},"headline":"Festival de ballet e casinha do Papai Noel movimentam o Natal Encantado","datePublished":"2022-12-16T17:46:20+00:00","mainEntityOfPage":{"@id":"https:\/\/redenoticiaz.com.br\/ribeiraopreto-regiao\/sp\/2022\/12\/16\/festival-de-ballet-e-casinha-do-papai-noel-movimentam-o-natal-encantado"},"wordCount":385,"commentCount":0,"publisher":{"@id":"https:\/\/redenoticiaz.com.br\/ribeiraopreto-regiao\/#organization"},"image":{"@id":"https:\/\/redenoticiaz.com.br\/ribeiraopreto-regiao\/sp\/2022\/12\/16\/festival-de-ballet-e-casinha-do-papai-noel-movimentam-o-natal-encantado#primaryimage"},"thumbnailUrl":"https:\/\/redenoticiaz.com.br\/ribeiraopreto-regiao\/wp-content\/uploads\/sites\/4\/2022\/12\/Festival-de-Ballet-e-Natal-Encantado-3-scaled.jpg","keywords":["MOVIMENTA MILHARES DE PESSOAS","NATAL ENCANTADO","PRA\u00c7A","PROGRAMA\u00c7\u00c3O"],"articleSection":["Entretenimento"],"inLanguage":"pt-BR","potentialAction":[{"@type":"CommentAction","name":"Comment","target":["https:\/\/redenoticiaz.com.br\/ribeiraopreto-regiao\/sp\/2022\/12\/16\/festival-de-ballet-e-casinha-do-papai-noel-movimentam-o-natal-encantado#respond"]}]},{"@type":"WebPage","@id":"https:\/\/redenoticiaz.com.br\/ribeiraopreto-regiao\/sp\/2022\/12\/16\/festival-de-ballet-e-casinha-do-papai-noel-movimentam-o-natal-encantado","url":"https:\/\/redenoticiaz.com.br\/ribeiraopreto-regiao\/sp\/2022\/12\/16\/festival-de-ballet-e-casinha-do-papai-noel-movimentam-o-natal-encantado","name":"Festival de ballet e casinha do Papai Noel movimentam o Natal Encantado - Ribeir\u00e3o Preto e Regi\u00e3o","isPartOf":{"@id":"https:\/\/redenoticiaz.com.br\/ribeiraopreto-regiao\/#website"},"primaryImageOfPage":{"@id":"https:\/\/redenoticiaz.com.br\/ribeiraopreto-regiao\/sp\/2022\/12\/16\/festival-de-ballet-e-casinha-do-papai-noel-movimentam-o-natal-encantado#primaryimage"},"image":{"@id":"https:\/\/redenoticiaz.com.br\/ribeiraopreto-regiao\/sp\/2022\/12\/16\/festival-de-ballet-e-casinha-do-papai-noel-movimentam-o-natal-encantado#primaryimage"},"thumbnailUrl":"https:\/\/redenoticiaz.com.br\/ribeiraopreto-regiao\/wp-content\/uploads\/sites\/4\/2022\/12\/Festival-de-Ballet-e-Natal-Encantado-3-scaled.jpg","datePublished":"2022-12-16T17:46:20+00:00","description":"Natal Encantado 2022 aberto, a festividade tem atra\u00eddo milhares de fam\u00edlias para a Pra\u00e7a Central da cidade. Confira a programa\u00e7\u00e3o...","inLanguage":"pt-BR","potentialAction":[{"@type":"ReadAction","target":["https:\/\/redenoticiaz.com.br\/ribeiraopreto-regiao\/sp\/2022\/12\/16\/festival-de-ballet-e-casinha-do-papai-noel-movimentam-o-natal-encantado"]}]},{"@type":"ImageObject","inLanguage":"pt-BR","@id":"https:\/\/redenoticiaz.com.br\/ribeiraopreto-regiao\/sp\/2022\/12\/16\/festival-de-ballet-e-casinha-do-papai-noel-movimentam-o-natal-encantado#primaryimage","url":"https:\/\/redenoticiaz.com.br\/ribeiraopreto-regiao\/wp-content\/uploads\/sites\/4\/2022\/12\/Festival-de-Ballet-e-Natal-Encantado-3-scaled.jpg","contentUrl":"https:\/\/redenoticiaz.com.br\/ribeiraopreto-regiao\/wp-content\/uploads\/sites\/4\/2022\/12\/Festival-de-Ballet-e-Natal-Encantado-3-scaled.jpg","width":1833,"height":1080,"caption":"Confira a programa\u00e7\u00e3o do Natal Encantado. Cr\u00e9dito: Divulga\u00e7\u00e3o"},{"@type":"WebSite","@id":"https:\/\/redenoticiaz.com.br\/ribeiraopreto-regiao\/#website","url":"https:\/\/redenoticiaz.com.br\/ribeiraopreto-regiao\/","name":"Ribeir\u00e3o Preto e Regi\u00e3o","description":"Rede NoticiaZ - Ribeir\u00e3o Preto e regi\u00e3o","publisher":{"@id":"https:\/\/redenoticiaz.com.br\/ribeiraopreto-regiao\/#organization"},"potentialAction":[{"@type":"SearchAction","target":{"@type":"EntryPoint","urlTemplate":"https:\/\/redenoticiaz.com.br\/ribeiraopreto-regiao\/?s={search_term_string}"},"query-input":{"@type":"PropertyValueSpecification","valueRequired":true,"valueName":"search_term_string"}}],"inLanguage":"pt-BR"},{"@type":"Organization","@id":"https:\/\/redenoticiaz.com.br\/ribeiraopreto-regiao\/#organization","name":"Ribeir\u00e3o Preto e Regi\u00e3o","url":"https:\/\/redenoticiaz.com.br\/ribeiraopreto-regiao\/","logo":{"@type":"ImageObject","inLanguage":"pt-BR","@id":"https:\/\/redenoticiaz.com.br\/ribeiraopreto-regiao\/#\/schema\/logo\/image\/","url":"https:\/\/redenoticiaz.com.br\/barretos-regiao\/wp-content\/uploads\/sites\/4\/2022\/02\/logo.jpg","contentUrl":"https:\/\/redenoticiaz.com.br\/barretos-regiao\/wp-content\/uploads\/sites\/4\/2022\/02\/logo.jpg","width":400,"height":250,"caption":"Ribeir\u00e3o Preto e Regi\u00e3o"},"image":{"@id":"https:\/\/redenoticiaz.com.br\/ribeiraopreto-regiao\/#\/schema\/logo\/image\/"},"sameAs":["https:\/\/m.facebook.com\/redenoticiaz.barretos","https:\/\/x.com\/RN_barretos","https:\/\/www.instagram.com\/redenoticiaz.barretos\/?igshid=YmMyMTA2M2Y","https:\/\/www.linkedin.com\/company\/rede-noticiaz-barretos-e-regio\/"]},{"@type":"Person","@id":"","url":"https:\/\/redenoticiaz.com.br\/ribeiraopreto-regiao\/sp\/author"}]}},"_links":{"self":[{"href":"https:\/\/redenoticiaz.com.br\/ribeiraopreto-regiao\/wp-json\/wp\/v2\/posts\/96983","targetHints":{"allow":["GET"]}}],"collection":[{"href":"https:\/\/redenoticiaz.com.br\/ribeiraopreto-regiao\/wp-json\/wp\/v2\/posts"}],"about":[{"href":"https:\/\/redenoticiaz.com.br\/ribeiraopreto-regiao\/wp-json\/wp\/v2\/types\/post"}],"author":[{"embeddable":true,"href":"https:\/\/redenoticiaz.com.br\/ribeiraopreto-regiao\/wp-json\/wp\/v2\/users\/15"}],"replies":[{"embeddable":true,"href":"https:\/\/redenoticiaz.com.br\/ribeiraopreto-regiao\/wp-json\/wp\/v2\/comments?post=96983"}],"version-history":[{"count":1,"href":"https:\/\/redenoticiaz.com.br\/ribeiraopreto-regiao\/wp-json\/wp\/v2\/posts\/96983\/revisions"}],"predecessor-version":[{"id":96987,"href":"https:\/\/redenoticiaz.com.br\/ribeiraopreto-regiao\/wp-json\/wp\/v2\/posts\/96983\/revisions\/96987"}],"wp:featuredmedia":[{"embeddable":true,"href":"https:\/\/redenoticiaz.com.br\/ribeiraopreto-regiao\/wp-json\/wp\/v2\/media\/96984"}],"wp:attachment":[{"href":"https:\/\/redenoticiaz.com.br\/ribeiraopreto-regiao\/wp-json\/wp\/v2\/media?parent=96983"}],"wp:term":[{"taxonomy":"category","embeddable":true,"href":"https:\/\/redenoticiaz.com.br\/ribeiraopreto-regiao\/wp-json\/wp\/v2\/categories?post=96983"},{"taxonomy":"post_tag","embeddable":true,"href":"https:\/\/redenoticiaz.com.br\/ribeiraopreto-regiao\/wp-json\/wp\/v2\/tags?post=96983"}],"curies":[{"name":"wp","href":"https:\/\/api.w.org\/{rel}","templated":true}]}}