{"id":97,"date":"2022-02-26T12:00:30","date_gmt":"2022-02-26T15:00:30","guid":{"rendered":"https:\/\/redenoticiaz.com.br\/barretos-regiao\/?p=97"},"modified":"2022-02-26T07:18:45","modified_gmt":"2022-02-26T10:18:45","slug":"artigo-o-futuro-a-deus-pertence-sobre-o-banco-central","status":"publish","type":"post","link":"https:\/\/redenoticiaz.com.br\/ribeiraopreto-regiao\/sp\/2022\/02\/26\/artigo-o-futuro-a-deus-pertence-sobre-o-banco-central","title":{"rendered":"Artigo: &#8220;O futuro a Deus pertence sobre o Banco Central&#8221;"},"content":{"rendered":"<p><em>Por Luis Ot\u00e1vio Leal<\/em><\/p>\n<p>A partir da leitura da Ata da \u00faltima reuni\u00e3o do <strong>COPOM<\/strong> vamos discutir como os cen\u00e1rios internos e externos podem influir nas pr\u00f3ximas decis\u00f5es do <a href=\"https:\/\/www.bcb.gov.br\/\">Banco Central do Brasil<\/a>, chegando a uma conclus\u00e3o que vai, de certo modo, contra o consenso atual.<\/p>\n<p>Se f\u00f4ssemos dar um t\u00edtulo para esse documento, seria: \u201cAta dos recados\u201d. O primeiro deles, e talvez o mais surpreendente, porque n\u00e3o \u00e9 do feitio do BCB ser t\u00e3o expl\u00edcito em coment\u00e1rios sobre quest\u00f5es pol\u00edticas, foi dado aos defensores das PECs que visam baixar o pre\u00e7o dos combust\u00edveis. O BCB diz que a rela\u00e7\u00e3o custo-benef\u00edcio da medida \u00e9 totalmente desfavor\u00e1vel.<\/p>\n<p>Em contrapartida a uma redu\u00e7\u00e3o da infla\u00e7\u00e3o no curto prazo, ter\u00edamos impactos de m\u00e9dio e longo prazos que trariam um efeito l\u00edquido negativo para a condu\u00e7\u00e3o da pol\u00edtica monet\u00e1ria.<\/p>\n<p>O segundo \u201crecado\u201d foi para quem n\u00e3o entendeu que o ajuste dever\u00e1 ficar acima do cen\u00e1rio de refer\u00eancia, que sup\u00f5e que os juros cheguem a 12% a.a. em mar\u00e7o, feche 2022 em 11,75% a.a. e caia para 8,00% a.a. ao final de 2023.<\/p>\n<p>O terceiro \u201crecado\u201d foi para quem ficou em d\u00favida com rela\u00e7\u00e3o \u00e0 utiliza\u00e7\u00e3o da express\u00e3o \u201cpr\u00f3ximos passos\u201d no Comunicado. Era apenas uma figura de linguagem ou indicava a ideia de que o COPOM iria al\u00e9m de mar\u00e7o com a alta dos juros? Bem, se havia alguma d\u00favida quanto a isso, a fala posterior do diretor de pol\u00edtica monet\u00e1ria do BCB, Bruno Serra, sobre \u201cpelo menos duas altas\u201d, serviu para san\u00e1-la.<\/p>\n<h3>Ata dos recados<\/h3>\n<p>A \u201cAta dos Recados\u201d tamb\u00e9m deixou algumas quest\u00f5es em aberto. A principal delas \u00e9 se o \u201cajuste mais contracionista que o utilizado no cen\u00e1rio de refer\u00eancia ao longo do horizonte relevante\u201d se refere apenas \u00e0 taxa m\u00e1xima a ser alcan\u00e7ada ou \u00e0 dura\u00e7\u00e3o do ciclo, ou a uma combina\u00e7\u00e3o linear das duas op\u00e7\u00f5es.<\/p>\n<p>Recados dados, recados entendidos, a partir apenas das indica\u00e7\u00f5es da Ata, a conclus\u00e3o a que podemos chegar \u00e9 que os juros ter\u00e3o que subir mais do que 12,00% a.a. e que a \u00faltima eleva\u00e7\u00e3o n\u00e3o ser\u00e1 na reuni\u00e3o de mar\u00e7o. Juntando essas informa\u00e7\u00f5es parece que o \u201cplano de voo\u201d atual do BCB seria um aumento de 1,00 p.p. na reuni\u00e3o de mar\u00e7o e outro de 0,50 p.p. na de maio, encerrando o atual ciclo com a taxa em 12,25% a.a. Entretanto, apesar de todas essas evid\u00eancias, mantemos a nossa proje\u00e7\u00e3o de Selic terminal em 11,75% a.a., vamos entender o porqu\u00ea.<\/p>\n<h3>Seguran\u00e7a<\/h3>\n<p>O mercado seguramente est\u00e1 certo em precificar que, neste momento, a estrat\u00e9gia do BCB \u00e9 de elevar os juros at\u00e9, pelo menos, 12,25% a.a. Entretanto, se tem uma coisa que aprendemos desde o in\u00edcio dessa pandemia \u00e9 que tr\u00eas meses s\u00e3o uma eternidade em termos de cen\u00e1rio.<\/p>\n<p>Basta lembrar que, em meados de dezembro de 2021, ap\u00f3s a divulga\u00e7\u00e3o de um n\u00famero horroroso de Produ\u00e7\u00e3o Industrial e de uma surpresa positiva com o IPCA-15, o mercado chegou a colocar em d\u00favida a necessidade de dar 1,50 p.p. na reuni\u00e3o do Copom de fevereiro deste ano.<\/p>\n<p>Por acreditarmos que essa combina\u00e7\u00e3o poder\u00e1 ocorrer novamente antes da reuni\u00e3o de maio e que, o in\u00edcio do processo de eleva\u00e7\u00e3o dos juros nos EUA pode ajudar no trabalho do BCB de conter a infla\u00e7\u00e3o por aqui, mantemos a nossa proje\u00e7\u00e3o de 11,75% a.a. para o final do atual ciclo de alta dos juros, apesar de haver claramente um vi\u00e9s de alta para ela.<\/p>\n<p>*Luis Otavio Leal \u00e9 economista-chefe do Banco Alfa<\/p>\n<p><strong>LEIA TAMB\u00c9M<\/strong><\/p>\n<p><a href=\"https:\/\/redenoticiaz.com.br\/blog\/2022\/02\/05\/especialista-da-dicas-de-como-economizar-dinheiro-2\">Especialista d\u00e1 dicas de como economizar dinheiro<\/a><\/p>\n","protected":false},"excerpt":{"rendered":"<p>Por Luis Ot\u00e1vio Leal A partir da leitura da Ata da \u00faltima reuni\u00e3o do COPOM vamos discutir como os cen\u00e1rios internos e externos podem influir nas pr\u00f3ximas decis\u00f5es do Banco Central do Brasil, chegando a uma conclus\u00e3o que vai, de certo modo, contra o consenso atual. Se f\u00f4ssemos dar um t\u00edtulo para esse documento, seria: &hellip;<\/p>\n","protected":false},"author":6,"featured_media":98,"comment_status":"open","ping_status":"closed","sticky":false,"template":"","format":"standard","meta":{"footnotes":""},"categories":[101],"tags":[202,203,204,205],"class_list":["post-97","post","type-post","status-publish","format-standard","has-post-thumbnail","hentry","category-economia","tag-artigo","tag-banco-central","tag-banco-central-do-brasil","tag-economia"],"yoast_head":"<!-- This site is optimized with the Yoast SEO plugin v27.4 - https:\/\/yoast.com\/product\/yoast-seo-wordpress\/ -->\n<title>Artigo: &quot;O futuro a Deus pertence sobre o Banco Central&quot; - Ribeir\u00e3o Preto e Regi\u00e3o<\/title>\n<meta name=\"description\" content=\"vamos discutir como os cen\u00e1rios internos e externos podem influir nas pr\u00f3ximas decis\u00f5es do Banco Central do Brasil, chegando\" \/>\n<meta name=\"robots\" content=\"index, follow, max-snippet:-1, max-image-preview:large, max-video-preview:-1\" \/>\n<link rel=\"canonical\" href=\"https:\/\/redenoticiaz.com.br\/ribeiraopreto-regiao\/sp\/2022\/02\/26\/artigo-o-futuro-a-deus-pertence-sobre-o-banco-central\" \/>\n<meta property=\"og:locale\" content=\"pt_BR\" \/>\n<meta property=\"og:type\" content=\"article\" \/>\n<meta property=\"og:title\" content=\"Artigo: &quot;O futuro a Deus pertence sobre o Banco Central&quot; - Ribeir\u00e3o Preto e Regi\u00e3o\" \/>\n<meta property=\"og:description\" content=\"vamos discutir como os cen\u00e1rios internos e externos podem influir nas pr\u00f3ximas decis\u00f5es do Banco Central do Brasil, chegando\" \/>\n<meta property=\"og:url\" content=\"https:\/\/redenoticiaz.com.br\/ribeiraopreto-regiao\/sp\/2022\/02\/26\/artigo-o-futuro-a-deus-pertence-sobre-o-banco-central\" \/>\n<meta property=\"og:site_name\" content=\"Ribeir\u00e3o Preto e Regi\u00e3o\" \/>\n<meta property=\"article:publisher\" content=\"https:\/\/m.facebook.com\/redenoticiaz.barretos\" \/>\n<meta property=\"article:published_time\" content=\"2022-02-26T15:00:30+00:00\" \/>\n<meta property=\"og:image\" content=\"https:\/\/redenoticiaz.com.br\/ribeiraopreto-regiao\/wp-content\/uploads\/sites\/4\/2022\/02\/logo.jpg\" \/>\n\t<meta property=\"og:image:width\" content=\"400\" \/>\n\t<meta property=\"og:image:height\" content=\"250\" \/>\n\t<meta property=\"og:image:type\" content=\"image\/jpeg\" \/>\n<meta name=\"author\" content=\"Leonardo Francisco\" \/>\n<meta name=\"twitter:card\" content=\"summary_large_image\" \/>\n<meta name=\"twitter:creator\" content=\"@RN_barretos\" \/>\n<meta name=\"twitter:site\" content=\"@RN_barretos\" \/>\n<meta name=\"twitter:label1\" content=\"Escrito por\" \/>\n\t<meta name=\"twitter:data1\" content=\"Leonardo Francisco\" \/>\n\t<meta name=\"twitter:label2\" content=\"Est. tempo de leitura\" \/>\n\t<meta name=\"twitter:data2\" content=\"3 minutos\" \/>\n<script type=\"application\/ld+json\" class=\"yoast-schema-graph\">{\"@context\":\"https:\\\/\\\/schema.org\",\"@graph\":[{\"@type\":\"Article\",\"@id\":\"https:\\\/\\\/redenoticiaz.com.br\\\/ribeiraopreto-regiao\\\/sp\\\/2022\\\/02\\\/26\\\/artigo-o-futuro-a-deus-pertence-sobre-o-banco-central#article\",\"isPartOf\":{\"@id\":\"https:\\\/\\\/redenoticiaz.com.br\\\/ribeiraopreto-regiao\\\/sp\\\/2022\\\/02\\\/26\\\/artigo-o-futuro-a-deus-pertence-sobre-o-banco-central\"},\"author\":{\"name\":\"Leonardo Francisco\",\"@id\":\"https:\\\/\\\/redenoticiaz.com.br\\\/ribeiraopreto-regiao\\\/#\\\/schema\\\/person\\\/0f0b8a5bdafefe82841e07ae8d81ecb3\"},\"headline\":\"Artigo: &#8220;O futuro a Deus pertence sobre o Banco Central&#8221;\",\"datePublished\":\"2022-02-26T15:00:30+00:00\",\"mainEntityOfPage\":{\"@id\":\"https:\\\/\\\/redenoticiaz.com.br\\\/ribeiraopreto-regiao\\\/sp\\\/2022\\\/02\\\/26\\\/artigo-o-futuro-a-deus-pertence-sobre-o-banco-central\"},\"wordCount\":662,\"commentCount\":0,\"publisher\":{\"@id\":\"https:\\\/\\\/redenoticiaz.com.br\\\/ribeiraopreto-regiao\\\/#organization\"},\"image\":{\"@id\":\"https:\\\/\\\/redenoticiaz.com.br\\\/ribeiraopreto-regiao\\\/sp\\\/2022\\\/02\\\/26\\\/artigo-o-futuro-a-deus-pertence-sobre-o-banco-central#primaryimage\"},\"thumbnailUrl\":\"https:\\\/\\\/redenoticiaz.com.br\\\/ribeiraopreto-regiao\\\/wp-content\\\/uploads\\\/sites\\\/4\\\/2022\\\/02\\\/banco-central-1024x683-1-848x477-1.jpeg?v=1644277914\",\"keywords\":[\"ARTIGO\",\"banco central\",\"BANCO CENTRAL DO BRASIL\",\"economia\"],\"articleSection\":[\"Economia\"],\"inLanguage\":\"pt-BR\",\"potentialAction\":[{\"@type\":\"CommentAction\",\"name\":\"Comment\",\"target\":[\"https:\\\/\\\/redenoticiaz.com.br\\\/ribeiraopreto-regiao\\\/sp\\\/2022\\\/02\\\/26\\\/artigo-o-futuro-a-deus-pertence-sobre-o-banco-central#respond\"]}]},{\"@type\":\"WebPage\",\"@id\":\"https:\\\/\\\/redenoticiaz.com.br\\\/ribeiraopreto-regiao\\\/sp\\\/2022\\\/02\\\/26\\\/artigo-o-futuro-a-deus-pertence-sobre-o-banco-central\",\"url\":\"https:\\\/\\\/redenoticiaz.com.br\\\/ribeiraopreto-regiao\\\/sp\\\/2022\\\/02\\\/26\\\/artigo-o-futuro-a-deus-pertence-sobre-o-banco-central\",\"name\":\"Artigo: \\\"O futuro a Deus pertence sobre o Banco Central\\\" - Ribeir\u00e3o Preto e Regi\u00e3o\",\"isPartOf\":{\"@id\":\"https:\\\/\\\/redenoticiaz.com.br\\\/ribeiraopreto-regiao\\\/#website\"},\"primaryImageOfPage\":{\"@id\":\"https:\\\/\\\/redenoticiaz.com.br\\\/ribeiraopreto-regiao\\\/sp\\\/2022\\\/02\\\/26\\\/artigo-o-futuro-a-deus-pertence-sobre-o-banco-central#primaryimage\"},\"image\":{\"@id\":\"https:\\\/\\\/redenoticiaz.com.br\\\/ribeiraopreto-regiao\\\/sp\\\/2022\\\/02\\\/26\\\/artigo-o-futuro-a-deus-pertence-sobre-o-banco-central#primaryimage\"},\"thumbnailUrl\":\"https:\\\/\\\/redenoticiaz.com.br\\\/ribeiraopreto-regiao\\\/wp-content\\\/uploads\\\/sites\\\/4\\\/2022\\\/02\\\/banco-central-1024x683-1-848x477-1.jpeg?v=1644277914\",\"datePublished\":\"2022-02-26T15:00:30+00:00\",\"description\":\"vamos discutir como os cen\u00e1rios internos e externos podem influir nas pr\u00f3ximas decis\u00f5es do Banco Central do Brasil, chegando\",\"inLanguage\":\"pt-BR\",\"potentialAction\":[{\"@type\":\"ReadAction\",\"target\":[\"https:\\\/\\\/redenoticiaz.com.br\\\/ribeiraopreto-regiao\\\/sp\\\/2022\\\/02\\\/26\\\/artigo-o-futuro-a-deus-pertence-sobre-o-banco-central\"]}]},{\"@type\":\"ImageObject\",\"inLanguage\":\"pt-BR\",\"@id\":\"https:\\\/\\\/redenoticiaz.com.br\\\/ribeiraopreto-regiao\\\/sp\\\/2022\\\/02\\\/26\\\/artigo-o-futuro-a-deus-pertence-sobre-o-banco-central#primaryimage\",\"url\":\"https:\\\/\\\/redenoticiaz.com.br\\\/ribeiraopreto-regiao\\\/wp-content\\\/uploads\\\/sites\\\/4\\\/2022\\\/02\\\/banco-central-1024x683-1-848x477-1.jpeg?v=1644277914\",\"contentUrl\":\"https:\\\/\\\/redenoticiaz.com.br\\\/ribeiraopreto-regiao\\\/wp-content\\\/uploads\\\/sites\\\/4\\\/2022\\\/02\\\/banco-central-1024x683-1-848x477-1.jpeg?v=1644277914\",\"width\":848,\"height\":477,\"caption\":\"Cr\u00e9ditos: Divulga\u00e7\u00e3o\"},{\"@type\":\"WebSite\",\"@id\":\"https:\\\/\\\/redenoticiaz.com.br\\\/ribeiraopreto-regiao\\\/#website\",\"url\":\"https:\\\/\\\/redenoticiaz.com.br\\\/ribeiraopreto-regiao\\\/\",\"name\":\"Ribeir\u00e3o Preto e Regi\u00e3o\",\"description\":\"Rede NoticiaZ - Ribeir\u00e3o Preto e regi\u00e3o\",\"publisher\":{\"@id\":\"https:\\\/\\\/redenoticiaz.com.br\\\/ribeiraopreto-regiao\\\/#organization\"},\"potentialAction\":[{\"@type\":\"SearchAction\",\"target\":{\"@type\":\"EntryPoint\",\"urlTemplate\":\"https:\\\/\\\/redenoticiaz.com.br\\\/ribeiraopreto-regiao\\\/?s={search_term_string}\"},\"query-input\":{\"@type\":\"PropertyValueSpecification\",\"valueRequired\":true,\"valueName\":\"search_term_string\"}}],\"inLanguage\":\"pt-BR\"},{\"@type\":\"Organization\",\"@id\":\"https:\\\/\\\/redenoticiaz.com.br\\\/ribeiraopreto-regiao\\\/#organization\",\"name\":\"Ribeir\u00e3o Preto e Regi\u00e3o\",\"url\":\"https:\\\/\\\/redenoticiaz.com.br\\\/ribeiraopreto-regiao\\\/\",\"logo\":{\"@type\":\"ImageObject\",\"inLanguage\":\"pt-BR\",\"@id\":\"https:\\\/\\\/redenoticiaz.com.br\\\/ribeiraopreto-regiao\\\/#\\\/schema\\\/logo\\\/image\\\/\",\"url\":\"https:\\\/\\\/redenoticiaz.com.br\\\/barretos-regiao\\\/wp-content\\\/uploads\\\/sites\\\/4\\\/2022\\\/02\\\/logo.jpg\",\"contentUrl\":\"https:\\\/\\\/redenoticiaz.com.br\\\/barretos-regiao\\\/wp-content\\\/uploads\\\/sites\\\/4\\\/2022\\\/02\\\/logo.jpg\",\"width\":400,\"height\":250,\"caption\":\"Ribeir\u00e3o Preto e Regi\u00e3o\"},\"image\":{\"@id\":\"https:\\\/\\\/redenoticiaz.com.br\\\/ribeiraopreto-regiao\\\/#\\\/schema\\\/logo\\\/image\\\/\"},\"sameAs\":[\"https:\\\/\\\/m.facebook.com\\\/redenoticiaz.barretos\",\"https:\\\/\\\/x.com\\\/RN_barretos\",\"https:\\\/\\\/www.instagram.com\\\/redenoticiaz.barretos\\\/?igshid=YmMyMTA2M2Y\",\"https:\\\/\\\/www.linkedin.com\\\/company\\\/rede-noticiaz-barretos-e-regio\\\/\"]},{\"@type\":\"Person\",\"@id\":\"https:\\\/\\\/redenoticiaz.com.br\\\/ribeiraopreto-regiao\\\/#\\\/schema\\\/person\\\/0f0b8a5bdafefe82841e07ae8d81ecb3\",\"name\":\"Leonardo Francisco\",\"image\":{\"@type\":\"ImageObject\",\"inLanguage\":\"pt-BR\",\"@id\":\"https:\\\/\\\/secure.gravatar.com\\\/avatar\\\/a7358cb406a99b682ec6df1e77e31ae82e63601f6784e8a3df411d72b37864da?s=96&d=mm&r=g\",\"url\":\"https:\\\/\\\/secure.gravatar.com\\\/avatar\\\/a7358cb406a99b682ec6df1e77e31ae82e63601f6784e8a3df411d72b37864da?s=96&d=mm&r=g\",\"contentUrl\":\"https:\\\/\\\/secure.gravatar.com\\\/avatar\\\/a7358cb406a99b682ec6df1e77e31ae82e63601f6784e8a3df411d72b37864da?s=96&d=mm&r=g\",\"caption\":\"Leonardo Francisco\"},\"url\":\"https:\\\/\\\/redenoticiaz.com.br\\\/ribeiraopreto-regiao\\\/sp\\\/author\\\/leonardo-francisco\"}]}<\/script>\n<!-- \/ Yoast SEO plugin. -->","yoast_head_json":{"title":"Artigo: \"O futuro a Deus pertence sobre o Banco Central\" - Ribeir\u00e3o Preto e Regi\u00e3o","description":"vamos discutir como os cen\u00e1rios internos e externos podem influir nas pr\u00f3ximas decis\u00f5es do Banco Central do Brasil, chegando","robots":{"index":"index","follow":"follow","max-snippet":"max-snippet:-1","max-image-preview":"max-image-preview:large","max-video-preview":"max-video-preview:-1"},"canonical":"https:\/\/redenoticiaz.com.br\/ribeiraopreto-regiao\/sp\/2022\/02\/26\/artigo-o-futuro-a-deus-pertence-sobre-o-banco-central","og_locale":"pt_BR","og_type":"article","og_title":"Artigo: \"O futuro a Deus pertence sobre o Banco Central\" - Ribeir\u00e3o Preto e Regi\u00e3o","og_description":"vamos discutir como os cen\u00e1rios internos e externos podem influir nas pr\u00f3ximas decis\u00f5es do Banco Central do Brasil, chegando","og_url":"https:\/\/redenoticiaz.com.br\/ribeiraopreto-regiao\/sp\/2022\/02\/26\/artigo-o-futuro-a-deus-pertence-sobre-o-banco-central","og_site_name":"Ribeir\u00e3o Preto e Regi\u00e3o","article_publisher":"https:\/\/m.facebook.com\/redenoticiaz.barretos","article_published_time":"2022-02-26T15:00:30+00:00","og_image":[{"width":400,"height":250,"url":"https:\/\/redenoticiaz.com.br\/ribeiraopreto-regiao\/wp-content\/uploads\/sites\/4\/2022\/02\/logo.jpg","type":"image\/jpeg"}],"author":"Leonardo Francisco","twitter_card":"summary_large_image","twitter_creator":"@RN_barretos","twitter_site":"@RN_barretos","twitter_misc":{"Escrito por":"Leonardo Francisco","Est. tempo de leitura":"3 minutos"},"schema":{"@context":"https:\/\/schema.org","@graph":[{"@type":"Article","@id":"https:\/\/redenoticiaz.com.br\/ribeiraopreto-regiao\/sp\/2022\/02\/26\/artigo-o-futuro-a-deus-pertence-sobre-o-banco-central#article","isPartOf":{"@id":"https:\/\/redenoticiaz.com.br\/ribeiraopreto-regiao\/sp\/2022\/02\/26\/artigo-o-futuro-a-deus-pertence-sobre-o-banco-central"},"author":{"name":"Leonardo Francisco","@id":"https:\/\/redenoticiaz.com.br\/ribeiraopreto-regiao\/#\/schema\/person\/0f0b8a5bdafefe82841e07ae8d81ecb3"},"headline":"Artigo: &#8220;O futuro a Deus pertence sobre o Banco Central&#8221;","datePublished":"2022-02-26T15:00:30+00:00","mainEntityOfPage":{"@id":"https:\/\/redenoticiaz.com.br\/ribeiraopreto-regiao\/sp\/2022\/02\/26\/artigo-o-futuro-a-deus-pertence-sobre-o-banco-central"},"wordCount":662,"commentCount":0,"publisher":{"@id":"https:\/\/redenoticiaz.com.br\/ribeiraopreto-regiao\/#organization"},"image":{"@id":"https:\/\/redenoticiaz.com.br\/ribeiraopreto-regiao\/sp\/2022\/02\/26\/artigo-o-futuro-a-deus-pertence-sobre-o-banco-central#primaryimage"},"thumbnailUrl":"https:\/\/redenoticiaz.com.br\/ribeiraopreto-regiao\/wp-content\/uploads\/sites\/4\/2022\/02\/banco-central-1024x683-1-848x477-1.jpeg?v=1644277914","keywords":["ARTIGO","banco central","BANCO CENTRAL DO BRASIL","economia"],"articleSection":["Economia"],"inLanguage":"pt-BR","potentialAction":[{"@type":"CommentAction","name":"Comment","target":["https:\/\/redenoticiaz.com.br\/ribeiraopreto-regiao\/sp\/2022\/02\/26\/artigo-o-futuro-a-deus-pertence-sobre-o-banco-central#respond"]}]},{"@type":"WebPage","@id":"https:\/\/redenoticiaz.com.br\/ribeiraopreto-regiao\/sp\/2022\/02\/26\/artigo-o-futuro-a-deus-pertence-sobre-o-banco-central","url":"https:\/\/redenoticiaz.com.br\/ribeiraopreto-regiao\/sp\/2022\/02\/26\/artigo-o-futuro-a-deus-pertence-sobre-o-banco-central","name":"Artigo: \"O futuro a Deus pertence sobre o Banco Central\" - Ribeir\u00e3o Preto e Regi\u00e3o","isPartOf":{"@id":"https:\/\/redenoticiaz.com.br\/ribeiraopreto-regiao\/#website"},"primaryImageOfPage":{"@id":"https:\/\/redenoticiaz.com.br\/ribeiraopreto-regiao\/sp\/2022\/02\/26\/artigo-o-futuro-a-deus-pertence-sobre-o-banco-central#primaryimage"},"image":{"@id":"https:\/\/redenoticiaz.com.br\/ribeiraopreto-regiao\/sp\/2022\/02\/26\/artigo-o-futuro-a-deus-pertence-sobre-o-banco-central#primaryimage"},"thumbnailUrl":"https:\/\/redenoticiaz.com.br\/ribeiraopreto-regiao\/wp-content\/uploads\/sites\/4\/2022\/02\/banco-central-1024x683-1-848x477-1.jpeg?v=1644277914","datePublished":"2022-02-26T15:00:30+00:00","description":"vamos discutir como os cen\u00e1rios internos e externos podem influir nas pr\u00f3ximas decis\u00f5es do Banco Central do Brasil, chegando","inLanguage":"pt-BR","potentialAction":[{"@type":"ReadAction","target":["https:\/\/redenoticiaz.com.br\/ribeiraopreto-regiao\/sp\/2022\/02\/26\/artigo-o-futuro-a-deus-pertence-sobre-o-banco-central"]}]},{"@type":"ImageObject","inLanguage":"pt-BR","@id":"https:\/\/redenoticiaz.com.br\/ribeiraopreto-regiao\/sp\/2022\/02\/26\/artigo-o-futuro-a-deus-pertence-sobre-o-banco-central#primaryimage","url":"https:\/\/redenoticiaz.com.br\/ribeiraopreto-regiao\/wp-content\/uploads\/sites\/4\/2022\/02\/banco-central-1024x683-1-848x477-1.jpeg?v=1644277914","contentUrl":"https:\/\/redenoticiaz.com.br\/ribeiraopreto-regiao\/wp-content\/uploads\/sites\/4\/2022\/02\/banco-central-1024x683-1-848x477-1.jpeg?v=1644277914","width":848,"height":477,"caption":"Cr\u00e9ditos: Divulga\u00e7\u00e3o"},{"@type":"WebSite","@id":"https:\/\/redenoticiaz.com.br\/ribeiraopreto-regiao\/#website","url":"https:\/\/redenoticiaz.com.br\/ribeiraopreto-regiao\/","name":"Ribeir\u00e3o Preto e Regi\u00e3o","description":"Rede NoticiaZ - Ribeir\u00e3o Preto e regi\u00e3o","publisher":{"@id":"https:\/\/redenoticiaz.com.br\/ribeiraopreto-regiao\/#organization"},"potentialAction":[{"@type":"SearchAction","target":{"@type":"EntryPoint","urlTemplate":"https:\/\/redenoticiaz.com.br\/ribeiraopreto-regiao\/?s={search_term_string}"},"query-input":{"@type":"PropertyValueSpecification","valueRequired":true,"valueName":"search_term_string"}}],"inLanguage":"pt-BR"},{"@type":"Organization","@id":"https:\/\/redenoticiaz.com.br\/ribeiraopreto-regiao\/#organization","name":"Ribeir\u00e3o Preto e Regi\u00e3o","url":"https:\/\/redenoticiaz.com.br\/ribeiraopreto-regiao\/","logo":{"@type":"ImageObject","inLanguage":"pt-BR","@id":"https:\/\/redenoticiaz.com.br\/ribeiraopreto-regiao\/#\/schema\/logo\/image\/","url":"https:\/\/redenoticiaz.com.br\/barretos-regiao\/wp-content\/uploads\/sites\/4\/2022\/02\/logo.jpg","contentUrl":"https:\/\/redenoticiaz.com.br\/barretos-regiao\/wp-content\/uploads\/sites\/4\/2022\/02\/logo.jpg","width":400,"height":250,"caption":"Ribeir\u00e3o Preto e Regi\u00e3o"},"image":{"@id":"https:\/\/redenoticiaz.com.br\/ribeiraopreto-regiao\/#\/schema\/logo\/image\/"},"sameAs":["https:\/\/m.facebook.com\/redenoticiaz.barretos","https:\/\/x.com\/RN_barretos","https:\/\/www.instagram.com\/redenoticiaz.barretos\/?igshid=YmMyMTA2M2Y","https:\/\/www.linkedin.com\/company\/rede-noticiaz-barretos-e-regio\/"]},{"@type":"Person","@id":"https:\/\/redenoticiaz.com.br\/ribeiraopreto-regiao\/#\/schema\/person\/0f0b8a5bdafefe82841e07ae8d81ecb3","name":"Leonardo Francisco","image":{"@type":"ImageObject","inLanguage":"pt-BR","@id":"https:\/\/secure.gravatar.com\/avatar\/a7358cb406a99b682ec6df1e77e31ae82e63601f6784e8a3df411d72b37864da?s=96&d=mm&r=g","url":"https:\/\/secure.gravatar.com\/avatar\/a7358cb406a99b682ec6df1e77e31ae82e63601f6784e8a3df411d72b37864da?s=96&d=mm&r=g","contentUrl":"https:\/\/secure.gravatar.com\/avatar\/a7358cb406a99b682ec6df1e77e31ae82e63601f6784e8a3df411d72b37864da?s=96&d=mm&r=g","caption":"Leonardo Francisco"},"url":"https:\/\/redenoticiaz.com.br\/ribeiraopreto-regiao\/sp\/author\/leonardo-francisco"}]}},"_links":{"self":[{"href":"https:\/\/redenoticiaz.com.br\/ribeiraopreto-regiao\/wp-json\/wp\/v2\/posts\/97","targetHints":{"allow":["GET"]}}],"collection":[{"href":"https:\/\/redenoticiaz.com.br\/ribeiraopreto-regiao\/wp-json\/wp\/v2\/posts"}],"about":[{"href":"https:\/\/redenoticiaz.com.br\/ribeiraopreto-regiao\/wp-json\/wp\/v2\/types\/post"}],"author":[{"embeddable":true,"href":"https:\/\/redenoticiaz.com.br\/ribeiraopreto-regiao\/wp-json\/wp\/v2\/users\/6"}],"replies":[{"embeddable":true,"href":"https:\/\/redenoticiaz.com.br\/ribeiraopreto-regiao\/wp-json\/wp\/v2\/comments?post=97"}],"version-history":[{"count":0,"href":"https:\/\/redenoticiaz.com.br\/ribeiraopreto-regiao\/wp-json\/wp\/v2\/posts\/97\/revisions"}],"wp:featuredmedia":[{"embeddable":true,"href":"https:\/\/redenoticiaz.com.br\/ribeiraopreto-regiao\/wp-json\/wp\/v2\/media\/98"}],"wp:attachment":[{"href":"https:\/\/redenoticiaz.com.br\/ribeiraopreto-regiao\/wp-json\/wp\/v2\/media?parent=97"}],"wp:term":[{"taxonomy":"category","embeddable":true,"href":"https:\/\/redenoticiaz.com.br\/ribeiraopreto-regiao\/wp-json\/wp\/v2\/categories?post=97"},{"taxonomy":"post_tag","embeddable":true,"href":"https:\/\/redenoticiaz.com.br\/ribeiraopreto-regiao\/wp-json\/wp\/v2\/tags?post=97"}],"curies":[{"name":"wp","href":"https:\/\/api.w.org\/{rel}","templated":true}]}}