{"id":97171,"date":"2022-12-20T17:49:39","date_gmt":"2022-12-20T20:49:39","guid":{"rendered":"https:\/\/redenoticiaz.com.br\/barretos-regiao\/?p=97171"},"modified":"2022-12-20T17:49:39","modified_gmt":"2022-12-20T20:49:39","slug":"toda-forma-de-prevencao-vale-a-pena-rede-amorsaude-se-mobiliza-em-campanha-nacional-contra-o-hiv","status":"publish","type":"post","link":"https:\/\/redenoticiaz.com.br\/ribeiraopreto-regiao\/sp\/2022\/12\/20\/toda-forma-de-prevencao-vale-a-pena-rede-amorsaude-se-mobiliza-em-campanha-nacional-contra-o-hiv","title":{"rendered":"Toda forma de preven\u00e7\u00e3o vale a pena: Rede AmorSa\u00fade se mobiliza em campanha nacional contra o HIV"},"content":{"rendered":"<p dir=\"ltr\">Com o tema &#8220;Toda forma de preven\u00e7\u00e3o vale a pena&#8221;, a AmorSa\u00fade, a maior rede de cl\u00ednicas populares do Brasil, atualmente com mais de 400 unidades distribu\u00eddas em todos os estados do pa\u00eds, est\u00e1 promovendo uma s\u00e9rie de a\u00e7\u00f5es para a conscientiza\u00e7\u00e3o sobre a preven\u00e7\u00e3o do HIV e outras ISTs-Infec\u00e7\u00f5es Sexualmente Transmiss\u00edveis, em apoio ao Dezembro Vermelho.<\/p>\n<p dir=\"ltr\">Por meio de orienta\u00e7\u00f5es divulgadas em todas as unidades e plataformas digitais da rede, a AmorSa\u00fade destaca a import\u00e2ncia das medidas de autocuidado como o uso do preservativo masculino ou feminino em todas as rela\u00e7\u00f5es sexuais, o n\u00e3o compartilhamento de seringas e agulhas e, em uma situa\u00e7\u00e3o de urg\u00eancia, a utiliza\u00e7\u00e3o de uma medica\u00e7\u00e3o p\u00f3s-exposi\u00e7\u00e3o ao v\u00edrus. Al\u00e9m disso, para incentivar o diagn\u00f3stico precoce, durante todo o m\u00eas de dezembro, a rede oferecer\u00e1 uma condi\u00e7\u00e3o especial para a primeira consulta m\u00e9dica particular, em qualquer \u00e1rea cl\u00ednica, pelo valor de R$ 40, v\u00e1lida em todas as unidades, facilitando o acesso ao cuidado da sa\u00fade.<\/p>\n<p dir=\"ltr\">Segundo o m\u00e9dico ginecologista Dr. F\u00e1bio Pereira Lage, que atende na cl\u00ednica AmorSa\u00fade de Itaja\u00ed-SC, a campanha de Dezembro Vermelho tem um papel fundamental. &#8220;Inegavelmente esse tipo de campanha tem uma import\u00e2ncia extremamente grande no papel n\u00e3o s\u00f3 de preven\u00e7\u00e3o, mas tamb\u00e9m de conscientiza\u00e7\u00e3o a respeito dessa doen\u00e7a. Como a Aids \u00e9 uma patologia em que n\u00e3o h\u00e1 cura, a despeito de todos os tratamentos que s\u00e3o oferecidos, a preven\u00e7\u00e3o, sem d\u00favida, \u00e9 o melhor caminho. E informa\u00e7\u00e3o \u00e9 algo que constitui a melhor forma de preven\u00e7\u00e3o, aponta Dr. F\u00e1bio.<\/p>\n<p dir=\"ltr\">Institu\u00edda pela Lei n\u00ba 13.504\/2017, a campanha nacional Dezembro Vermelho \u00e9 formada por um conjunto de atividades e mobiliza\u00e7\u00f5es relacionadas ao enfrentamento ao HIV\/Aids e \u00e0s demais ISTs. As a\u00e7\u00f5es s\u00e3o realizadas tanto pela administra\u00e7\u00e3o p\u00fablica como por entidades da sociedade civil e institui\u00e7\u00f5es privadas. O m\u00eas escolhido para a campanha deve-se ao fato do Dia Mundial de Combate \u00e0 Aids ser celebrado no dia 1\u00ba de Dezembro, data definida pela Organiza\u00e7\u00e3o Mundial de Sa\u00fade (OMS), em 1988, per\u00edodo em que o tema come\u00e7ou a ganhar mais espa\u00e7o no debate p\u00fablico.<\/p>\n<p>&nbsp;<\/p>\n<h3 dir=\"ltr\">Avan\u00e7os e obst\u00e1culos<\/h3>\n<p dir=\"ltr\">Com o passar do tempo e os avan\u00e7os da medicina, muitas mudan\u00e7as ocorreram em rela\u00e7\u00e3o ao tratamento e diagn\u00f3stico do HIV\/Aids. Apesar de ainda n\u00e3o haver cura, o uso de medicamentos antirretrovirais age inibindo a multiplica\u00e7\u00e3o do v\u00edrus HIV no organismo, prevenindo a evolu\u00e7\u00e3o para a Aids (doen\u00e7a causada pelo v\u00edrus HIV). Com isso, o que antes era uma condi\u00e7\u00e3o quase sempre fatal, hoje, com o tratamento adequado, pode ser considerado um problema de sa\u00fade cr\u00f4nico, com boas expectativas de vida.<\/p>\n<p dir=\"ltr\">Uma outra mudan\u00e7a ocorrida nos \u00faltimos anos se refere \u00e0 troca de terminologia de DSTs (Doen\u00e7as Sexualmente Transmiss\u00edveis) para ISTs (Infec\u00e7\u00f5es Sexualmente Transmiss\u00edveis). Segundo o Minist\u00e9rio da Sa\u00fade, o termo IST passou a ser adotado em substitui\u00e7\u00e3o \u00e0 express\u00e3o DST, porque destaca a possibilidade de uma pessoa ter e transmitir uma infec\u00e7\u00e3o, mesmo sem sinais e sintomas. Entre as principais ISTs, est\u00e3o: Herpes genital; Cancro mole (cancroide); HPV; Gonorreia; S\u00edfilis; Infec\u00e7\u00f5es por Clam\u00eddia; Tricomon\u00edase e Hepatites virais B e C.<\/p>\n<p dir=\"ltr\">No entanto, apesar dos avan\u00e7os nestas \u00e1reas, um aspecto continua at\u00e9 o presente: o preconceito, que se configura como um obst\u00e1culo tanto para o diagn\u00f3stico precoce como para a preven\u00e7\u00e3o. &#8220;Infelizmente, vivemos em uma sociedade que ainda se mostra muito discriminat\u00f3ria. Ainda nos dias de hoje h\u00e1 o preconceito, mesmo que velado, de doen\u00e7as como a Aids&#8221;, afirma o Dr. F\u00e1bio Lage.<\/p>\n<p dir=\"ltr\">Ademais, outro ponto preocupante, como destaca o m\u00e9dico, \u00e9 o alto \u00edndice de cont\u00e1gio que permanece na atualidade. De acordo com os dados do Minist\u00e9rio da Sa\u00fade, somente no ano passado foram 50 mil novos casos no Brasil, com isso, o n\u00famero de pessoas com HIV no pa\u00eds passou de 900 mil. No mundo todo, 38,4 milh\u00f5es de pessoas vivem com HIV. &#8220;Apesar de todas as campanhas que s\u00e3o feitas, h\u00e1 um aumento nos casos de cont\u00e1gio pelo HIV. Al\u00e9m disso, uma recusa de uma grande parte da popula\u00e7\u00e3o ao uso de meios de preven\u00e7\u00e3o tamb\u00e9m faz com que haja esse aumento. Isso nos faz pensar que campanhas como Dezembro Vermelho n\u00e3o devem parar nunca&#8221;, pontua.<\/p>\n<p dir=\"ltr\">Como existe a possibilidade de uma pessoa ter sido contaminada pelo v\u00edrus, mas n\u00e3o apresentar sintomas, \u00e9 fundamental realizar consultas e exames m\u00e9dicos regulares. &#8220;Sempre que houver uma poss\u00edvel exposi\u00e7\u00e3o ao HIV ou sempre que houver atitudes de risco para tal infec\u00e7\u00e3o deve-se fazer o teste diagn\u00f3stico. Atualmente, testes mais novos conseguem identificar marcadores que se encontram mais cedo no sangue, possibilitando um diagn\u00f3stico mais precoce&#8221;, explica o Dr. F\u00e1bio Lage.<\/p>\n<p dir=\"ltr\">VEJA TAMB\u00c9M:\u00a0<a href=\"https:\/\/redenoticiaz.com.br\/barretos-regiao\/sp\/2022\/12\/10\/barretos-recebe-certificacao-de-boas-praticas-rumo-a-eliminacao-de-transmissao-de-hiv-e-de-sifilis-da-mae-para-o-bebe\">Barretos recebe certifica\u00e7\u00e3o de boas pr\u00e1ticas rumo \u00e0 elimina\u00e7\u00e3o de transmiss\u00e3o de HIV e de s\u00edfilis da m\u00e3e para o beb\u00ea<\/a><\/p>\n","protected":false},"excerpt":{"rendered":"<p>Com o tema &#8220;Toda forma de preven\u00e7\u00e3o vale a pena&#8221;, a AmorSa\u00fade, a maior rede de cl\u00ednicas populares do Brasil, atualmente com mais de 400 unidades distribu\u00eddas em todos os estados do pa\u00eds, est\u00e1 promovendo uma s\u00e9rie de a\u00e7\u00f5es para a conscientiza\u00e7\u00e3o sobre a preven\u00e7\u00e3o do HIV e outras ISTs-Infec\u00e7\u00f5es Sexualmente Transmiss\u00edveis, em apoio ao &hellip;<\/p>\n","protected":false},"author":15,"featured_media":97172,"comment_status":"open","ping_status":"closed","sticky":false,"template":"","format":"standard","meta":{"footnotes":""},"categories":[252,129],"tags":[21780,23111,23110,23109],"class_list":["post-97171","post","type-post","status-publish","format-standard","has-post-thumbnail","hentry","category-acao-social","category-saude","tag-amorsaude","tag-campanha-nacional-contra-o-hiv","tag-clinicas-populares-promovem-acoesclinicas-populares-promovem-acoes","tag-dezembro-vermelho"],"yoast_head":"<!-- This site is optimized with the Yoast SEO plugin v28.4 - https:\/\/yoast.com\/product\/yoast-seo-wordpress\/ -->\n<title>Toda forma de preven\u00e7\u00e3o vale a pena: Rede AmorSa\u00fade se mobiliza em campanha nacional contra o HIV - Ribeir\u00e3o Preto e Regi\u00e3o<\/title>\n<meta name=\"description\" content=\"AmorSa\u00fade, a maior rede de cl\u00ednicas populares do Brasil, atualmente com mais de 400 unidades distribu\u00eddas em todos os estados do pa\u00eds.\" \/>\n<meta name=\"robots\" content=\"index, follow, max-snippet:-1, max-image-preview:large, max-video-preview:-1\" \/>\n<link rel=\"canonical\" href=\"https:\/\/redenoticiaz.com.br\/ribeiraopreto-regiao\/sp\/2022\/12\/20\/toda-forma-de-prevencao-vale-a-pena-rede-amorsaude-se-mobiliza-em-campanha-nacional-contra-o-hiv\" \/>\n<meta property=\"og:locale\" content=\"pt_BR\" \/>\n<meta property=\"og:type\" content=\"article\" \/>\n<meta property=\"og:title\" content=\"Toda forma de preven\u00e7\u00e3o vale a pena: Rede AmorSa\u00fade se mobiliza em campanha nacional contra o HIV - Ribeir\u00e3o Preto e Regi\u00e3o\" \/>\n<meta property=\"og:description\" content=\"AmorSa\u00fade, a maior rede de cl\u00ednicas populares do Brasil, atualmente com mais de 400 unidades distribu\u00eddas em todos os estados do pa\u00eds.\" \/>\n<meta property=\"og:url\" content=\"https:\/\/redenoticiaz.com.br\/ribeiraopreto-regiao\/sp\/2022\/12\/20\/toda-forma-de-prevencao-vale-a-pena-rede-amorsaude-se-mobiliza-em-campanha-nacional-contra-o-hiv\" \/>\n<meta property=\"og:site_name\" content=\"Ribeir\u00e3o Preto e Regi\u00e3o\" \/>\n<meta property=\"article:publisher\" content=\"https:\/\/m.facebook.com\/redenoticiaz.barretos\" \/>\n<meta property=\"article:published_time\" content=\"2022-12-20T20:49:39+00:00\" \/>\n<meta property=\"og:image\" content=\"https:\/\/redenoticiaz.com.br\/ribeiraopreto-regiao\/wp-content\/uploads\/sites\/4\/2022\/12\/iStock-897600234.jpg\" \/>\n\t<meta property=\"og:image:width\" content=\"1254\" \/>\n\t<meta property=\"og:image:height\" content=\"837\" \/>\n\t<meta property=\"og:image:type\" content=\"image\/jpeg\" \/>\n<meta name=\"twitter:card\" content=\"summary_large_image\" \/>\n<meta name=\"twitter:creator\" content=\"@RN_barretos\" \/>\n<meta name=\"twitter:site\" content=\"@RN_barretos\" \/>\n<meta name=\"twitter:label1\" content=\"Escrito por\" \/>\n\t<meta name=\"twitter:data1\" content=\"\" \/>\n\t<meta name=\"twitter:label2\" content=\"Est. tempo de leitura\" \/>\n\t<meta name=\"twitter:data2\" content=\"5 minutos\" \/>\n<script type=\"application\/ld+json\" class=\"yoast-schema-graph\">{\"@context\":\"https:\\\/\\\/schema.org\",\"@graph\":[{\"@type\":\"Article\",\"@id\":\"https:\\\/\\\/redenoticiaz.com.br\\\/ribeiraopreto-regiao\\\/sp\\\/2022\\\/12\\\/20\\\/toda-forma-de-prevencao-vale-a-pena-rede-amorsaude-se-mobiliza-em-campanha-nacional-contra-o-hiv#article\",\"isPartOf\":{\"@id\":\"https:\\\/\\\/redenoticiaz.com.br\\\/ribeiraopreto-regiao\\\/sp\\\/2022\\\/12\\\/20\\\/toda-forma-de-prevencao-vale-a-pena-rede-amorsaude-se-mobiliza-em-campanha-nacional-contra-o-hiv\"},\"author\":{\"name\":\"\",\"@id\":\"\"},\"headline\":\"Toda forma de preven\u00e7\u00e3o vale a pena: Rede AmorSa\u00fade se mobiliza em campanha nacional contra o HIV\",\"datePublished\":\"2022-12-20T20:49:39+00:00\",\"mainEntityOfPage\":{\"@id\":\"https:\\\/\\\/redenoticiaz.com.br\\\/ribeiraopreto-regiao\\\/sp\\\/2022\\\/12\\\/20\\\/toda-forma-de-prevencao-vale-a-pena-rede-amorsaude-se-mobiliza-em-campanha-nacional-contra-o-hiv\"},\"wordCount\":911,\"commentCount\":0,\"publisher\":{\"@id\":\"https:\\\/\\\/redenoticiaz.com.br\\\/ribeiraopreto-regiao\\\/#organization\"},\"image\":{\"@id\":\"https:\\\/\\\/redenoticiaz.com.br\\\/ribeiraopreto-regiao\\\/sp\\\/2022\\\/12\\\/20\\\/toda-forma-de-prevencao-vale-a-pena-rede-amorsaude-se-mobiliza-em-campanha-nacional-contra-o-hiv#primaryimage\"},\"thumbnailUrl\":\"https:\\\/\\\/redenoticiaz.com.br\\\/ribeiraopreto-regiao\\\/wp-content\\\/uploads\\\/sites\\\/4\\\/2022\\\/12\\\/iStock-897600234.jpg\",\"keywords\":[\"AMORSA\u00daDE\",\"campanha nacional contra o HIV\",\"cl\u00ednicas populares promovem a\u00e7\u00f5escl\u00ednicas populares promovem a\u00e7\u00f5es\",\"Dezembro Vermelho\"],\"articleSection\":[\"A\u00e7\u00e3o Social\",\"Sa\u00fade\"],\"inLanguage\":\"pt-BR\",\"potentialAction\":[{\"@type\":\"CommentAction\",\"name\":\"Comment\",\"target\":[\"https:\\\/\\\/redenoticiaz.com.br\\\/ribeiraopreto-regiao\\\/sp\\\/2022\\\/12\\\/20\\\/toda-forma-de-prevencao-vale-a-pena-rede-amorsaude-se-mobiliza-em-campanha-nacional-contra-o-hiv#respond\"]}]},{\"@type\":\"WebPage\",\"@id\":\"https:\\\/\\\/redenoticiaz.com.br\\\/ribeiraopreto-regiao\\\/sp\\\/2022\\\/12\\\/20\\\/toda-forma-de-prevencao-vale-a-pena-rede-amorsaude-se-mobiliza-em-campanha-nacional-contra-o-hiv\",\"url\":\"https:\\\/\\\/redenoticiaz.com.br\\\/ribeiraopreto-regiao\\\/sp\\\/2022\\\/12\\\/20\\\/toda-forma-de-prevencao-vale-a-pena-rede-amorsaude-se-mobiliza-em-campanha-nacional-contra-o-hiv\",\"name\":\"Toda forma de preven\u00e7\u00e3o vale a pena: Rede AmorSa\u00fade se mobiliza em campanha nacional contra o HIV - Ribeir\u00e3o Preto e Regi\u00e3o\",\"isPartOf\":{\"@id\":\"https:\\\/\\\/redenoticiaz.com.br\\\/ribeiraopreto-regiao\\\/#website\"},\"primaryImageOfPage\":{\"@id\":\"https:\\\/\\\/redenoticiaz.com.br\\\/ribeiraopreto-regiao\\\/sp\\\/2022\\\/12\\\/20\\\/toda-forma-de-prevencao-vale-a-pena-rede-amorsaude-se-mobiliza-em-campanha-nacional-contra-o-hiv#primaryimage\"},\"image\":{\"@id\":\"https:\\\/\\\/redenoticiaz.com.br\\\/ribeiraopreto-regiao\\\/sp\\\/2022\\\/12\\\/20\\\/toda-forma-de-prevencao-vale-a-pena-rede-amorsaude-se-mobiliza-em-campanha-nacional-contra-o-hiv#primaryimage\"},\"thumbnailUrl\":\"https:\\\/\\\/redenoticiaz.com.br\\\/ribeiraopreto-regiao\\\/wp-content\\\/uploads\\\/sites\\\/4\\\/2022\\\/12\\\/iStock-897600234.jpg\",\"datePublished\":\"2022-12-20T20:49:39+00:00\",\"description\":\"AmorSa\u00fade, a maior rede de cl\u00ednicas populares do Brasil, atualmente com mais de 400 unidades distribu\u00eddas em todos os estados do pa\u00eds.\",\"inLanguage\":\"pt-BR\",\"potentialAction\":[{\"@type\":\"ReadAction\",\"target\":[\"https:\\\/\\\/redenoticiaz.com.br\\\/ribeiraopreto-regiao\\\/sp\\\/2022\\\/12\\\/20\\\/toda-forma-de-prevencao-vale-a-pena-rede-amorsaude-se-mobiliza-em-campanha-nacional-contra-o-hiv\"]}]},{\"@type\":\"ImageObject\",\"inLanguage\":\"pt-BR\",\"@id\":\"https:\\\/\\\/redenoticiaz.com.br\\\/ribeiraopreto-regiao\\\/sp\\\/2022\\\/12\\\/20\\\/toda-forma-de-prevencao-vale-a-pena-rede-amorsaude-se-mobiliza-em-campanha-nacional-contra-o-hiv#primaryimage\",\"url\":\"https:\\\/\\\/redenoticiaz.com.br\\\/ribeiraopreto-regiao\\\/wp-content\\\/uploads\\\/sites\\\/4\\\/2022\\\/12\\\/iStock-897600234.jpg\",\"contentUrl\":\"https:\\\/\\\/redenoticiaz.com.br\\\/ribeiraopreto-regiao\\\/wp-content\\\/uploads\\\/sites\\\/4\\\/2022\\\/12\\\/iStock-897600234.jpg\",\"width\":1254,\"height\":837,\"caption\":\"Cr\u00e9dito: Divulga\u00e7\u00e3o\"},{\"@type\":\"WebSite\",\"@id\":\"https:\\\/\\\/redenoticiaz.com.br\\\/ribeiraopreto-regiao\\\/#website\",\"url\":\"https:\\\/\\\/redenoticiaz.com.br\\\/ribeiraopreto-regiao\\\/\",\"name\":\"Ribeir\u00e3o Preto e Regi\u00e3o\",\"description\":\"Rede NoticiaZ - Ribeir\u00e3o Preto e regi\u00e3o\",\"publisher\":{\"@id\":\"https:\\\/\\\/redenoticiaz.com.br\\\/ribeiraopreto-regiao\\\/#organization\"},\"potentialAction\":[{\"@type\":\"SearchAction\",\"target\":{\"@type\":\"EntryPoint\",\"urlTemplate\":\"https:\\\/\\\/redenoticiaz.com.br\\\/ribeiraopreto-regiao\\\/?s={search_term_string}\"},\"query-input\":{\"@type\":\"PropertyValueSpecification\",\"valueRequired\":true,\"valueName\":\"search_term_string\"}}],\"inLanguage\":\"pt-BR\"},{\"@type\":\"Organization\",\"@id\":\"https:\\\/\\\/redenoticiaz.com.br\\\/ribeiraopreto-regiao\\\/#organization\",\"name\":\"Ribeir\u00e3o Preto e Regi\u00e3o\",\"url\":\"https:\\\/\\\/redenoticiaz.com.br\\\/ribeiraopreto-regiao\\\/\",\"logo\":{\"@type\":\"ImageObject\",\"inLanguage\":\"pt-BR\",\"@id\":\"https:\\\/\\\/redenoticiaz.com.br\\\/ribeiraopreto-regiao\\\/#\\\/schema\\\/logo\\\/image\\\/\",\"url\":\"https:\\\/\\\/redenoticiaz.com.br\\\/barretos-regiao\\\/wp-content\\\/uploads\\\/sites\\\/4\\\/2022\\\/02\\\/logo.jpg\",\"contentUrl\":\"https:\\\/\\\/redenoticiaz.com.br\\\/barretos-regiao\\\/wp-content\\\/uploads\\\/sites\\\/4\\\/2022\\\/02\\\/logo.jpg\",\"width\":400,\"height\":250,\"caption\":\"Ribeir\u00e3o Preto e Regi\u00e3o\"},\"image\":{\"@id\":\"https:\\\/\\\/redenoticiaz.com.br\\\/ribeiraopreto-regiao\\\/#\\\/schema\\\/logo\\\/image\\\/\"},\"sameAs\":[\"https:\\\/\\\/m.facebook.com\\\/redenoticiaz.barretos\",\"https:\\\/\\\/x.com\\\/RN_barretos\",\"https:\\\/\\\/www.instagram.com\\\/redenoticiaz.barretos\\\/?igshid=YmMyMTA2M2Y\",\"https:\\\/\\\/www.linkedin.com\\\/company\\\/rede-noticiaz-barretos-e-regio\\\/\"]},{\"@type\":\"Person\",\"@id\":\"\",\"url\":\"https:\\\/\\\/redenoticiaz.com.br\\\/ribeiraopreto-regiao\\\/sp\\\/author\"}]}<\/script>\n<!-- \/ Yoast SEO plugin. -->","yoast_head_json":{"title":"Toda forma de preven\u00e7\u00e3o vale a pena: Rede AmorSa\u00fade se mobiliza em campanha nacional contra o HIV - Ribeir\u00e3o Preto e Regi\u00e3o","description":"AmorSa\u00fade, a maior rede de cl\u00ednicas populares do Brasil, atualmente com mais de 400 unidades distribu\u00eddas em todos os estados do pa\u00eds.","robots":{"index":"index","follow":"follow","max-snippet":"max-snippet:-1","max-image-preview":"max-image-preview:large","max-video-preview":"max-video-preview:-1"},"canonical":"https:\/\/redenoticiaz.com.br\/ribeiraopreto-regiao\/sp\/2022\/12\/20\/toda-forma-de-prevencao-vale-a-pena-rede-amorsaude-se-mobiliza-em-campanha-nacional-contra-o-hiv","og_locale":"pt_BR","og_type":"article","og_title":"Toda forma de preven\u00e7\u00e3o vale a pena: Rede AmorSa\u00fade se mobiliza em campanha nacional contra o HIV - Ribeir\u00e3o Preto e Regi\u00e3o","og_description":"AmorSa\u00fade, a maior rede de cl\u00ednicas populares do Brasil, atualmente com mais de 400 unidades distribu\u00eddas em todos os estados do pa\u00eds.","og_url":"https:\/\/redenoticiaz.com.br\/ribeiraopreto-regiao\/sp\/2022\/12\/20\/toda-forma-de-prevencao-vale-a-pena-rede-amorsaude-se-mobiliza-em-campanha-nacional-contra-o-hiv","og_site_name":"Ribeir\u00e3o Preto e Regi\u00e3o","article_publisher":"https:\/\/m.facebook.com\/redenoticiaz.barretos","article_published_time":"2022-12-20T20:49:39+00:00","og_image":[{"width":1254,"height":837,"url":"https:\/\/redenoticiaz.com.br\/ribeiraopreto-regiao\/wp-content\/uploads\/sites\/4\/2022\/12\/iStock-897600234.jpg","type":"image\/jpeg"}],"twitter_card":"summary_large_image","twitter_creator":"@RN_barretos","twitter_site":"@RN_barretos","twitter_misc":{"Escrito por":"","Est. tempo de leitura":"5 minutos"},"schema":{"@context":"https:\/\/schema.org","@graph":[{"@type":"Article","@id":"https:\/\/redenoticiaz.com.br\/ribeiraopreto-regiao\/sp\/2022\/12\/20\/toda-forma-de-prevencao-vale-a-pena-rede-amorsaude-se-mobiliza-em-campanha-nacional-contra-o-hiv#article","isPartOf":{"@id":"https:\/\/redenoticiaz.com.br\/ribeiraopreto-regiao\/sp\/2022\/12\/20\/toda-forma-de-prevencao-vale-a-pena-rede-amorsaude-se-mobiliza-em-campanha-nacional-contra-o-hiv"},"author":{"name":"","@id":""},"headline":"Toda forma de preven\u00e7\u00e3o vale a pena: Rede AmorSa\u00fade se mobiliza em campanha nacional contra o HIV","datePublished":"2022-12-20T20:49:39+00:00","mainEntityOfPage":{"@id":"https:\/\/redenoticiaz.com.br\/ribeiraopreto-regiao\/sp\/2022\/12\/20\/toda-forma-de-prevencao-vale-a-pena-rede-amorsaude-se-mobiliza-em-campanha-nacional-contra-o-hiv"},"wordCount":911,"commentCount":0,"publisher":{"@id":"https:\/\/redenoticiaz.com.br\/ribeiraopreto-regiao\/#organization"},"image":{"@id":"https:\/\/redenoticiaz.com.br\/ribeiraopreto-regiao\/sp\/2022\/12\/20\/toda-forma-de-prevencao-vale-a-pena-rede-amorsaude-se-mobiliza-em-campanha-nacional-contra-o-hiv#primaryimage"},"thumbnailUrl":"https:\/\/redenoticiaz.com.br\/ribeiraopreto-regiao\/wp-content\/uploads\/sites\/4\/2022\/12\/iStock-897600234.jpg","keywords":["AMORSA\u00daDE","campanha nacional contra o HIV","cl\u00ednicas populares promovem a\u00e7\u00f5escl\u00ednicas populares promovem a\u00e7\u00f5es","Dezembro Vermelho"],"articleSection":["A\u00e7\u00e3o Social","Sa\u00fade"],"inLanguage":"pt-BR","potentialAction":[{"@type":"CommentAction","name":"Comment","target":["https:\/\/redenoticiaz.com.br\/ribeiraopreto-regiao\/sp\/2022\/12\/20\/toda-forma-de-prevencao-vale-a-pena-rede-amorsaude-se-mobiliza-em-campanha-nacional-contra-o-hiv#respond"]}]},{"@type":"WebPage","@id":"https:\/\/redenoticiaz.com.br\/ribeiraopreto-regiao\/sp\/2022\/12\/20\/toda-forma-de-prevencao-vale-a-pena-rede-amorsaude-se-mobiliza-em-campanha-nacional-contra-o-hiv","url":"https:\/\/redenoticiaz.com.br\/ribeiraopreto-regiao\/sp\/2022\/12\/20\/toda-forma-de-prevencao-vale-a-pena-rede-amorsaude-se-mobiliza-em-campanha-nacional-contra-o-hiv","name":"Toda forma de preven\u00e7\u00e3o vale a pena: Rede AmorSa\u00fade se mobiliza em campanha nacional contra o HIV - Ribeir\u00e3o Preto e Regi\u00e3o","isPartOf":{"@id":"https:\/\/redenoticiaz.com.br\/ribeiraopreto-regiao\/#website"},"primaryImageOfPage":{"@id":"https:\/\/redenoticiaz.com.br\/ribeiraopreto-regiao\/sp\/2022\/12\/20\/toda-forma-de-prevencao-vale-a-pena-rede-amorsaude-se-mobiliza-em-campanha-nacional-contra-o-hiv#primaryimage"},"image":{"@id":"https:\/\/redenoticiaz.com.br\/ribeiraopreto-regiao\/sp\/2022\/12\/20\/toda-forma-de-prevencao-vale-a-pena-rede-amorsaude-se-mobiliza-em-campanha-nacional-contra-o-hiv#primaryimage"},"thumbnailUrl":"https:\/\/redenoticiaz.com.br\/ribeiraopreto-regiao\/wp-content\/uploads\/sites\/4\/2022\/12\/iStock-897600234.jpg","datePublished":"2022-12-20T20:49:39+00:00","description":"AmorSa\u00fade, a maior rede de cl\u00ednicas populares do Brasil, atualmente com mais de 400 unidades distribu\u00eddas em todos os estados do pa\u00eds.","inLanguage":"pt-BR","potentialAction":[{"@type":"ReadAction","target":["https:\/\/redenoticiaz.com.br\/ribeiraopreto-regiao\/sp\/2022\/12\/20\/toda-forma-de-prevencao-vale-a-pena-rede-amorsaude-se-mobiliza-em-campanha-nacional-contra-o-hiv"]}]},{"@type":"ImageObject","inLanguage":"pt-BR","@id":"https:\/\/redenoticiaz.com.br\/ribeiraopreto-regiao\/sp\/2022\/12\/20\/toda-forma-de-prevencao-vale-a-pena-rede-amorsaude-se-mobiliza-em-campanha-nacional-contra-o-hiv#primaryimage","url":"https:\/\/redenoticiaz.com.br\/ribeiraopreto-regiao\/wp-content\/uploads\/sites\/4\/2022\/12\/iStock-897600234.jpg","contentUrl":"https:\/\/redenoticiaz.com.br\/ribeiraopreto-regiao\/wp-content\/uploads\/sites\/4\/2022\/12\/iStock-897600234.jpg","width":1254,"height":837,"caption":"Cr\u00e9dito: Divulga\u00e7\u00e3o"},{"@type":"WebSite","@id":"https:\/\/redenoticiaz.com.br\/ribeiraopreto-regiao\/#website","url":"https:\/\/redenoticiaz.com.br\/ribeiraopreto-regiao\/","name":"Ribeir\u00e3o Preto e Regi\u00e3o","description":"Rede NoticiaZ - Ribeir\u00e3o Preto e regi\u00e3o","publisher":{"@id":"https:\/\/redenoticiaz.com.br\/ribeiraopreto-regiao\/#organization"},"potentialAction":[{"@type":"SearchAction","target":{"@type":"EntryPoint","urlTemplate":"https:\/\/redenoticiaz.com.br\/ribeiraopreto-regiao\/?s={search_term_string}"},"query-input":{"@type":"PropertyValueSpecification","valueRequired":true,"valueName":"search_term_string"}}],"inLanguage":"pt-BR"},{"@type":"Organization","@id":"https:\/\/redenoticiaz.com.br\/ribeiraopreto-regiao\/#organization","name":"Ribeir\u00e3o Preto e Regi\u00e3o","url":"https:\/\/redenoticiaz.com.br\/ribeiraopreto-regiao\/","logo":{"@type":"ImageObject","inLanguage":"pt-BR","@id":"https:\/\/redenoticiaz.com.br\/ribeiraopreto-regiao\/#\/schema\/logo\/image\/","url":"https:\/\/redenoticiaz.com.br\/barretos-regiao\/wp-content\/uploads\/sites\/4\/2022\/02\/logo.jpg","contentUrl":"https:\/\/redenoticiaz.com.br\/barretos-regiao\/wp-content\/uploads\/sites\/4\/2022\/02\/logo.jpg","width":400,"height":250,"caption":"Ribeir\u00e3o Preto e Regi\u00e3o"},"image":{"@id":"https:\/\/redenoticiaz.com.br\/ribeiraopreto-regiao\/#\/schema\/logo\/image\/"},"sameAs":["https:\/\/m.facebook.com\/redenoticiaz.barretos","https:\/\/x.com\/RN_barretos","https:\/\/www.instagram.com\/redenoticiaz.barretos\/?igshid=YmMyMTA2M2Y","https:\/\/www.linkedin.com\/company\/rede-noticiaz-barretos-e-regio\/"]},{"@type":"Person","@id":"","url":"https:\/\/redenoticiaz.com.br\/ribeiraopreto-regiao\/sp\/author"}]}},"_links":{"self":[{"href":"https:\/\/redenoticiaz.com.br\/ribeiraopreto-regiao\/wp-json\/wp\/v2\/posts\/97171","targetHints":{"allow":["GET"]}}],"collection":[{"href":"https:\/\/redenoticiaz.com.br\/ribeiraopreto-regiao\/wp-json\/wp\/v2\/posts"}],"about":[{"href":"https:\/\/redenoticiaz.com.br\/ribeiraopreto-regiao\/wp-json\/wp\/v2\/types\/post"}],"author":[{"embeddable":true,"href":"https:\/\/redenoticiaz.com.br\/ribeiraopreto-regiao\/wp-json\/wp\/v2\/users\/15"}],"replies":[{"embeddable":true,"href":"https:\/\/redenoticiaz.com.br\/ribeiraopreto-regiao\/wp-json\/wp\/v2\/comments?post=97171"}],"version-history":[{"count":1,"href":"https:\/\/redenoticiaz.com.br\/ribeiraopreto-regiao\/wp-json\/wp\/v2\/posts\/97171\/revisions"}],"predecessor-version":[{"id":97173,"href":"https:\/\/redenoticiaz.com.br\/ribeiraopreto-regiao\/wp-json\/wp\/v2\/posts\/97171\/revisions\/97173"}],"wp:featuredmedia":[{"embeddable":true,"href":"https:\/\/redenoticiaz.com.br\/ribeiraopreto-regiao\/wp-json\/wp\/v2\/media\/97172"}],"wp:attachment":[{"href":"https:\/\/redenoticiaz.com.br\/ribeiraopreto-regiao\/wp-json\/wp\/v2\/media?parent=97171"}],"wp:term":[{"taxonomy":"category","embeddable":true,"href":"https:\/\/redenoticiaz.com.br\/ribeiraopreto-regiao\/wp-json\/wp\/v2\/categories?post=97171"},{"taxonomy":"post_tag","embeddable":true,"href":"https:\/\/redenoticiaz.com.br\/ribeiraopreto-regiao\/wp-json\/wp\/v2\/tags?post=97171"}],"curies":[{"name":"wp","href":"https:\/\/api.w.org\/{rel}","templated":true}]}}