{"id":97201,"date":"2022-12-21T09:09:54","date_gmt":"2022-12-21T12:09:54","guid":{"rendered":"https:\/\/redenoticiaz.com.br\/barretos-regiao\/sp\/2022\/12\/21\/teledramaturgia-brasileira-perde-pedro-paulo-rangel-aos-74-anos"},"modified":"2022-12-21T09:09:54","modified_gmt":"2022-12-21T12:09:54","slug":"teledramaturgia-brasileira-perde-pedro-paulo-rangel-aos-74-anos","status":"publish","type":"post","link":"https:\/\/redenoticiaz.com.br\/ribeiraopreto-regiao\/sp\/2022\/12\/21\/teledramaturgia-brasileira-perde-pedro-paulo-rangel-aos-74-anos","title":{"rendered":"Teledramaturgia brasileira perde Pedro Paulo Rangel aos 74 anos"},"content":{"rendered":"<p>A teledramaturgia brasileira est\u00e1 de luto nesta quarta-feira (21). Morreu aos 74 anos <strong>o ator Pedro Paulo Rangel<\/strong>, no Rio de Janeiro. Ele estava internado e a fam\u00edlia do ator confirmou o \u00f3bito em raz\u00e3o de problemas respirat\u00f3rios. Mas a causa exata da morte ainda n\u00e3o foi informada.<\/p>\n<div id=\"chunk-19kfi\">\n<div class=\"mc-column content-text active-extra-styles \" data-block-type=\"unstyled\" data-block-weight=\"20\" data-block-id=\"3\">\n<p class=\"content-text__container \" data-track-category=\"Link no Texto\" data-track-links=\"\">Pedro Paulo Rangel estava internado no CTI da Casa de Sa\u00fade S\u00e3o Jos\u00e9, na Zona Sul do Rio, para tratar uma descompensa\u00e7\u00e3o do quadro de enfisema pulmonar, desde o dia 30 de novembro.<\/p>\n<\/div>\n<\/div>\n<div class=\"wall protected-content\">\n<div id=\"chunk-9isac\">\n<div class=\"mc-column content-text active-extra-styles \" data-block-type=\"unstyled\" data-block-weight=\"25\" data-block-id=\"5\">\n<p class=\"content-text__container \" data-track-category=\"Link no Texto\" data-track-links=\"\">Entre os trabalhos mais marcantes de Pedro Paulo est\u00e3o as novelas &#8220;Gabriela&#8221; (1975), &#8220;Saramandaia&#8221; (1976), &#8220;Vale Tudo&#8221; (1988), e o humor\u00edstico &#8220;TV Pirata&#8221; (1988).<\/p>\n<h3 data-track-category=\"Link no Texto\">Carreira<\/h3>\n<div id=\"chunk-ff01p\">\n<div class=\"mc-column content-text active-extra-styles \" data-block-type=\"unstyled\" data-block-weight=\"62\" data-block-id=\"11\">\n<p class=\"content-text__container \" data-track-category=\"Link no Texto\" data-track-links=\"\">Nascido no Rio de Janeiro em 29 de junho de 1948, Pedro Paulo Marques Rangel era morador do Rio Cumprido, na Zona Norte da cidade, quando teve o primeiro contato com o teatro, aos 11 anos. Fascinado com a descoberta, decidiu ser ator. Foi nessa \u00e9poca que escreveu uma pe\u00e7a para que pudesse atuar: &#8220;Quando os Pais Entram de F\u00e9rias&#8221;.<\/p>\n<\/div>\n<\/div>\n<div id=\"chunk-cht4c\">\n<div class=\"mc-column content-text active-extra-styles \" data-block-type=\"unstyled\" data-block-weight=\"39\" data-block-id=\"12\">\n<p class=\"content-text__container \" data-track-category=\"Link no Texto\" data-track-links=\"\">Mais tarde, no grupo de teatro da Igreja de Santa Terezinha, conheceu o ator Marco Nanini, com quem estudaria no Conservat\u00f3rio Nacional de Teatro, atual Escola de Teatro da Universidade Federal do Estado do Rio de Janeiro (Unirio).<\/p>\n<div id=\"chunk-e1ptk\">\n<div class=\"mc-column content-text active-extra-styles \" data-block-type=\"unstyled\" data-block-weight=\"29\" data-block-id=\"15\">\n<p class=\"content-text__container \" data-track-category=\"Link no Texto\" data-track-links=\"\">O primeiro contato de Pedro Paulo com o teatro profissional foi em 1968, na pe\u00e7a &#8220;Roda Viva&#8221;, de Chico Buarque, sob a dire\u00e7\u00e3o de Jos\u00e9 Celso Martinez Corr\u00eaa.<\/p>\n<\/div>\n<\/div>\n<div id=\"chunk-ci2tb\">\n<div class=\"mc-column content-text active-extra-styles \" data-block-type=\"unstyled\" data-block-weight=\"65\" data-block-id=\"16\">\n<p class=\"content-text__container \" data-track-category=\"Link no Texto\" data-track-links=\"\">Depois de passar pela TV Tupi de S\u00e3o Paulo, o ator estreou na TV Globo em 1972, na novela &#8220;Bicho do Mato&#8221;. Seu primeiro personagem de sucesso foi Juca Viana, em &#8220;Gabriela&#8221;. Na novela, Pedro Paulo protagonizou o primeiro nu masculino da televis\u00e3o, numa cena que mostrava o casal Juca e Chiquinha (Cidinha Millan) sendo atirado na rua, depois de ser flagrado na cama.<\/p>\n<div id=\"chunk-dkhif\">\n<div class=\"mc-column content-text active-extra-styles \" data-block-type=\"unstyled\" data-block-weight=\"33\" data-block-id=\"20\">\n<p class=\"content-text__container \" data-track-category=\"Link no Texto\" data-track-links=\"\">Ap\u00f3s v\u00e1rias pe\u00e7as de teatro e alguns filmes durante a d\u00e9cada de 70 e o in\u00edcio dos anos 80, como &#8220;Menino do Rio&#8221; (1982), Pedro Paulo voltou a trabalhar na TV Globo.<\/p>\n<\/div>\n<\/div>\n<div id=\"chunk-g8mi\">\n<div class=\"mc-column content-text active-extra-styles \" data-block-type=\"unstyled\" data-block-weight=\"35\" data-block-id=\"21\">\n<p class=\"content-text__container \" data-track-category=\"Link no Texto\" data-track-links=\"\">Convidado por J\u00f4 Soares, o ator participou de esquetes no programa humor\u00edstico &#8220;Viva o Gordo&#8221; (1982). O resultado agradou e ele foi convidado para integrar o elenco da segunda temporada de &#8220;TV Pirata&#8221; (1988).<\/p>\n<\/div>\n<\/div>\n<div id=\"chunk-a1e3j\">\n<div class=\"mc-column content-text active-extra-styles \" data-block-type=\"unstyled\" data-block-weight=\"40\" data-block-id=\"22\">\n<p class=\"content-text__container \" data-track-category=\"Link no Texto\" data-track-links=\"\">Em 1992, um novo papel marcou a carreira de Pedro Paulo Rangel, o homossexual Adamastor, de &#8220;Pedra sobre Pedra&#8221;. Em seguida, ele fez as novelas &#8220;O Mapa da Mina&#8221; (1993) e &#8220;A Indomada&#8221; (1997), al\u00e9m da miniss\u00e9rie &#8220;Engra\u00e7adinha&#8221;.<\/p>\n<\/div>\n<\/div>\n<div id=\"chunk-6qc4u\">\n<div class=\"mc-column content-text active-extra-styles \" data-block-type=\"unstyled\" data-block-weight=\"42\" data-block-id=\"23\">\n<p class=\"content-text__container \" data-track-category=\"Link no Texto\" data-track-links=\"\">Entre outras obras do ator est\u00e3o as novelas &#8220;Pedra Sobre Pedra&#8221;, &#8220;Vale Tudo&#8221;, &#8220;A Indomada&#8221;, &#8220;Saramandaia&#8221;, &#8220;O Cravo e a Rosa&#8221; e &#8220;Bel\u00edssima&#8221;, al\u00e9m de seriados e miniss\u00e9ries, como &#8220;A Muralha&#8221;, &#8220;Voc\u00ea Decide&#8221;, &#8220;A Diarista&#8221;, &#8220;Os Aspones&#8221; e &#8220;Sob Nova Dire\u00e7\u00e3o&#8221;.<\/p>\n<p data-track-category=\"Link no Texto\" data-track-links=\"\"><strong>LEIA TAMB\u00c9M<\/strong><\/p>\n<p data-track-category=\"Link no Texto\" data-track-links=\"\"><a href=\"https:\/\/redenoticiaz.com.br\/litoralsp\/2022\/12\/19\/thiago-rodrigues-investigacoes-mostram-que-ator-caiu-sozinho-e-nao-houve-assalto\">Thiago Rodrigues: Investiga\u00e7\u00f5es mostram que ator caiu sozinho e n\u00e3o houve assalto<\/a><\/p>\n<\/div>\n<\/div>\n<\/div>\n<\/div>\n<\/div>\n<\/div>\n<\/div>\n<\/div>\n<\/div>\n","protected":false},"excerpt":{"rendered":"<p>A teledramaturgia brasileira est\u00e1 de luto nesta quarta-feira (21). Morreu aos 74 anos o ator Pedro Paulo Rangel, no Rio de Janeiro. Ele estava internado e a fam\u00edlia do ator confirmou o \u00f3bito em raz\u00e3o de problemas respirat\u00f3rios. Mas a causa exata da morte ainda n\u00e3o foi informada. Pedro Paulo Rangel estava internado no CTI &hellip;<\/p>\n","protected":false},"author":6,"featured_media":97202,"comment_status":"open","ping_status":"closed","sticky":false,"template":"","format":"standard","meta":{"footnotes":""},"categories":[22062],"tags":[23129,23130,1773,1556,23131],"class_list":["post-97201","post","type-post","status-publish","format-standard","has-post-thumbnail","hentry","category-celebridades","tag-ator-pedro-paulo-rangel","tag-novelas","tag-rio-de-janeiro","tag-tv-globo","tag-tv-tupi"],"yoast_head":"<!-- This site is optimized with the Yoast SEO plugin v27.4 - https:\/\/yoast.com\/product\/yoast-seo-wordpress\/ -->\n<title>Teledramaturgia brasileira perde Pedro Paulo Rangel aos 74 anos - Ribeir\u00e3o Preto e Regi\u00e3o<\/title>\n<meta name=\"description\" content=\"A teledramaturgia brasileira est\u00e1 de luto nesta quarta-feira (21). Morreu aos 74 anos o ator Pedro Paulo Rangel, no Rio de Janeiro. Ele\" \/>\n<meta name=\"robots\" content=\"index, follow, max-snippet:-1, max-image-preview:large, max-video-preview:-1\" \/>\n<link rel=\"canonical\" href=\"https:\/\/redenoticiaz.com.br\/ribeiraopreto-regiao\/sp\/2022\/12\/21\/teledramaturgia-brasileira-perde-pedro-paulo-rangel-aos-74-anos\" \/>\n<meta property=\"og:locale\" content=\"pt_BR\" \/>\n<meta property=\"og:type\" content=\"article\" \/>\n<meta property=\"og:title\" content=\"Teledramaturgia brasileira perde Pedro Paulo Rangel aos 74 anos - Ribeir\u00e3o Preto e Regi\u00e3o\" \/>\n<meta property=\"og:description\" content=\"A teledramaturgia brasileira est\u00e1 de luto nesta quarta-feira (21). Morreu aos 74 anos o ator Pedro Paulo Rangel, no Rio de Janeiro. Ele\" \/>\n<meta property=\"og:url\" content=\"https:\/\/redenoticiaz.com.br\/ribeiraopreto-regiao\/sp\/2022\/12\/21\/teledramaturgia-brasileira-perde-pedro-paulo-rangel-aos-74-anos\" \/>\n<meta property=\"og:site_name\" content=\"Ribeir\u00e3o Preto e Regi\u00e3o\" \/>\n<meta property=\"article:publisher\" content=\"https:\/\/m.facebook.com\/redenoticiaz.barretos\" \/>\n<meta property=\"article:published_time\" content=\"2022-12-21T12:09:54+00:00\" \/>\n<meta property=\"og:image\" content=\"https:\/\/redenoticiaz.com.br\/ribeiraopreto-regiao\/wp-content\/uploads\/sites\/4\/2022\/02\/logo.jpg\" \/>\n\t<meta property=\"og:image:width\" content=\"400\" \/>\n\t<meta property=\"og:image:height\" content=\"250\" \/>\n\t<meta property=\"og:image:type\" content=\"image\/jpeg\" \/>\n<meta name=\"author\" content=\"Leonardo Francisco\" \/>\n<meta name=\"twitter:card\" content=\"summary_large_image\" \/>\n<meta name=\"twitter:creator\" content=\"@RN_barretos\" \/>\n<meta name=\"twitter:site\" content=\"@RN_barretos\" \/>\n<meta name=\"twitter:label1\" content=\"Escrito por\" \/>\n\t<meta name=\"twitter:data1\" content=\"Leonardo Francisco\" \/>\n\t<meta name=\"twitter:label2\" content=\"Est. tempo de leitura\" \/>\n\t<meta name=\"twitter:data2\" content=\"3 minutos\" \/>\n<script type=\"application\/ld+json\" class=\"yoast-schema-graph\">{\"@context\":\"https:\\\/\\\/schema.org\",\"@graph\":[{\"@type\":\"Article\",\"@id\":\"https:\\\/\\\/redenoticiaz.com.br\\\/ribeiraopreto-regiao\\\/sp\\\/2022\\\/12\\\/21\\\/teledramaturgia-brasileira-perde-pedro-paulo-rangel-aos-74-anos#article\",\"isPartOf\":{\"@id\":\"https:\\\/\\\/redenoticiaz.com.br\\\/ribeiraopreto-regiao\\\/sp\\\/2022\\\/12\\\/21\\\/teledramaturgia-brasileira-perde-pedro-paulo-rangel-aos-74-anos\"},\"author\":{\"name\":\"Leonardo Francisco\",\"@id\":\"https:\\\/\\\/redenoticiaz.com.br\\\/ribeiraopreto-regiao\\\/#\\\/schema\\\/person\\\/0f0b8a5bdafefe82841e07ae8d81ecb3\"},\"headline\":\"Teledramaturgia brasileira perde Pedro Paulo Rangel aos 74 anos\",\"datePublished\":\"2022-12-21T12:09:54+00:00\",\"mainEntityOfPage\":{\"@id\":\"https:\\\/\\\/redenoticiaz.com.br\\\/ribeiraopreto-regiao\\\/sp\\\/2022\\\/12\\\/21\\\/teledramaturgia-brasileira-perde-pedro-paulo-rangel-aos-74-anos\"},\"wordCount\":477,\"commentCount\":0,\"publisher\":{\"@id\":\"https:\\\/\\\/redenoticiaz.com.br\\\/ribeiraopreto-regiao\\\/#organization\"},\"image\":{\"@id\":\"https:\\\/\\\/redenoticiaz.com.br\\\/ribeiraopreto-regiao\\\/sp\\\/2022\\\/12\\\/21\\\/teledramaturgia-brasileira-perde-pedro-paulo-rangel-aos-74-anos#primaryimage\"},\"thumbnailUrl\":\"https:\\\/\\\/redenoticiaz.com.br\\\/ribeiraopreto-regiao\\\/wp-content\\\/uploads\\\/sites\\\/4\\\/2022\\\/12\\\/PEDRO-PAULO.jpg\",\"keywords\":[\"ATOR PEDRO PAULO RANGEL\",\"NOVELAS\",\"Rio de Janeiro\",\"TV GLOBO\",\"TV TUPI\"],\"articleSection\":[\"Celebridades\"],\"inLanguage\":\"pt-BR\",\"potentialAction\":[{\"@type\":\"CommentAction\",\"name\":\"Comment\",\"target\":[\"https:\\\/\\\/redenoticiaz.com.br\\\/ribeiraopreto-regiao\\\/sp\\\/2022\\\/12\\\/21\\\/teledramaturgia-brasileira-perde-pedro-paulo-rangel-aos-74-anos#respond\"]}]},{\"@type\":\"WebPage\",\"@id\":\"https:\\\/\\\/redenoticiaz.com.br\\\/ribeiraopreto-regiao\\\/sp\\\/2022\\\/12\\\/21\\\/teledramaturgia-brasileira-perde-pedro-paulo-rangel-aos-74-anos\",\"url\":\"https:\\\/\\\/redenoticiaz.com.br\\\/ribeiraopreto-regiao\\\/sp\\\/2022\\\/12\\\/21\\\/teledramaturgia-brasileira-perde-pedro-paulo-rangel-aos-74-anos\",\"name\":\"Teledramaturgia brasileira perde Pedro Paulo Rangel aos 74 anos - Ribeir\u00e3o Preto e Regi\u00e3o\",\"isPartOf\":{\"@id\":\"https:\\\/\\\/redenoticiaz.com.br\\\/ribeiraopreto-regiao\\\/#website\"},\"primaryImageOfPage\":{\"@id\":\"https:\\\/\\\/redenoticiaz.com.br\\\/ribeiraopreto-regiao\\\/sp\\\/2022\\\/12\\\/21\\\/teledramaturgia-brasileira-perde-pedro-paulo-rangel-aos-74-anos#primaryimage\"},\"image\":{\"@id\":\"https:\\\/\\\/redenoticiaz.com.br\\\/ribeiraopreto-regiao\\\/sp\\\/2022\\\/12\\\/21\\\/teledramaturgia-brasileira-perde-pedro-paulo-rangel-aos-74-anos#primaryimage\"},\"thumbnailUrl\":\"https:\\\/\\\/redenoticiaz.com.br\\\/ribeiraopreto-regiao\\\/wp-content\\\/uploads\\\/sites\\\/4\\\/2022\\\/12\\\/PEDRO-PAULO.jpg\",\"datePublished\":\"2022-12-21T12:09:54+00:00\",\"description\":\"A teledramaturgia brasileira est\u00e1 de luto nesta quarta-feira (21). Morreu aos 74 anos o ator Pedro Paulo Rangel, no Rio de Janeiro. Ele\",\"inLanguage\":\"pt-BR\",\"potentialAction\":[{\"@type\":\"ReadAction\",\"target\":[\"https:\\\/\\\/redenoticiaz.com.br\\\/ribeiraopreto-regiao\\\/sp\\\/2022\\\/12\\\/21\\\/teledramaturgia-brasileira-perde-pedro-paulo-rangel-aos-74-anos\"]}]},{\"@type\":\"ImageObject\",\"inLanguage\":\"pt-BR\",\"@id\":\"https:\\\/\\\/redenoticiaz.com.br\\\/ribeiraopreto-regiao\\\/sp\\\/2022\\\/12\\\/21\\\/teledramaturgia-brasileira-perde-pedro-paulo-rangel-aos-74-anos#primaryimage\",\"url\":\"https:\\\/\\\/redenoticiaz.com.br\\\/ribeiraopreto-regiao\\\/wp-content\\\/uploads\\\/sites\\\/4\\\/2022\\\/12\\\/PEDRO-PAULO.jpg\",\"contentUrl\":\"https:\\\/\\\/redenoticiaz.com.br\\\/ribeiraopreto-regiao\\\/wp-content\\\/uploads\\\/sites\\\/4\\\/2022\\\/12\\\/PEDRO-PAULO.jpg\",\"width\":553,\"height\":376,\"caption\":\"Cr\u00e9ditos: Reprodu\u00e7\u00e3o\\\/TV Globo\"},{\"@type\":\"WebSite\",\"@id\":\"https:\\\/\\\/redenoticiaz.com.br\\\/ribeiraopreto-regiao\\\/#website\",\"url\":\"https:\\\/\\\/redenoticiaz.com.br\\\/ribeiraopreto-regiao\\\/\",\"name\":\"Ribeir\u00e3o Preto e Regi\u00e3o\",\"description\":\"Rede NoticiaZ - Ribeir\u00e3o Preto e regi\u00e3o\",\"publisher\":{\"@id\":\"https:\\\/\\\/redenoticiaz.com.br\\\/ribeiraopreto-regiao\\\/#organization\"},\"potentialAction\":[{\"@type\":\"SearchAction\",\"target\":{\"@type\":\"EntryPoint\",\"urlTemplate\":\"https:\\\/\\\/redenoticiaz.com.br\\\/ribeiraopreto-regiao\\\/?s={search_term_string}\"},\"query-input\":{\"@type\":\"PropertyValueSpecification\",\"valueRequired\":true,\"valueName\":\"search_term_string\"}}],\"inLanguage\":\"pt-BR\"},{\"@type\":\"Organization\",\"@id\":\"https:\\\/\\\/redenoticiaz.com.br\\\/ribeiraopreto-regiao\\\/#organization\",\"name\":\"Ribeir\u00e3o Preto e Regi\u00e3o\",\"url\":\"https:\\\/\\\/redenoticiaz.com.br\\\/ribeiraopreto-regiao\\\/\",\"logo\":{\"@type\":\"ImageObject\",\"inLanguage\":\"pt-BR\",\"@id\":\"https:\\\/\\\/redenoticiaz.com.br\\\/ribeiraopreto-regiao\\\/#\\\/schema\\\/logo\\\/image\\\/\",\"url\":\"https:\\\/\\\/redenoticiaz.com.br\\\/barretos-regiao\\\/wp-content\\\/uploads\\\/sites\\\/4\\\/2022\\\/02\\\/logo.jpg\",\"contentUrl\":\"https:\\\/\\\/redenoticiaz.com.br\\\/barretos-regiao\\\/wp-content\\\/uploads\\\/sites\\\/4\\\/2022\\\/02\\\/logo.jpg\",\"width\":400,\"height\":250,\"caption\":\"Ribeir\u00e3o Preto e Regi\u00e3o\"},\"image\":{\"@id\":\"https:\\\/\\\/redenoticiaz.com.br\\\/ribeiraopreto-regiao\\\/#\\\/schema\\\/logo\\\/image\\\/\"},\"sameAs\":[\"https:\\\/\\\/m.facebook.com\\\/redenoticiaz.barretos\",\"https:\\\/\\\/x.com\\\/RN_barretos\",\"https:\\\/\\\/www.instagram.com\\\/redenoticiaz.barretos\\\/?igshid=YmMyMTA2M2Y\",\"https:\\\/\\\/www.linkedin.com\\\/company\\\/rede-noticiaz-barretos-e-regio\\\/\"]},{\"@type\":\"Person\",\"@id\":\"https:\\\/\\\/redenoticiaz.com.br\\\/ribeiraopreto-regiao\\\/#\\\/schema\\\/person\\\/0f0b8a5bdafefe82841e07ae8d81ecb3\",\"name\":\"Leonardo Francisco\",\"image\":{\"@type\":\"ImageObject\",\"inLanguage\":\"pt-BR\",\"@id\":\"https:\\\/\\\/secure.gravatar.com\\\/avatar\\\/a7358cb406a99b682ec6df1e77e31ae82e63601f6784e8a3df411d72b37864da?s=96&d=mm&r=g\",\"url\":\"https:\\\/\\\/secure.gravatar.com\\\/avatar\\\/a7358cb406a99b682ec6df1e77e31ae82e63601f6784e8a3df411d72b37864da?s=96&d=mm&r=g\",\"contentUrl\":\"https:\\\/\\\/secure.gravatar.com\\\/avatar\\\/a7358cb406a99b682ec6df1e77e31ae82e63601f6784e8a3df411d72b37864da?s=96&d=mm&r=g\",\"caption\":\"Leonardo Francisco\"},\"url\":\"https:\\\/\\\/redenoticiaz.com.br\\\/ribeiraopreto-regiao\\\/sp\\\/author\\\/leonardo-francisco\"}]}<\/script>\n<!-- \/ Yoast SEO plugin. -->","yoast_head_json":{"title":"Teledramaturgia brasileira perde Pedro Paulo Rangel aos 74 anos - Ribeir\u00e3o Preto e Regi\u00e3o","description":"A teledramaturgia brasileira est\u00e1 de luto nesta quarta-feira (21). Morreu aos 74 anos o ator Pedro Paulo Rangel, no Rio de Janeiro. Ele","robots":{"index":"index","follow":"follow","max-snippet":"max-snippet:-1","max-image-preview":"max-image-preview:large","max-video-preview":"max-video-preview:-1"},"canonical":"https:\/\/redenoticiaz.com.br\/ribeiraopreto-regiao\/sp\/2022\/12\/21\/teledramaturgia-brasileira-perde-pedro-paulo-rangel-aos-74-anos","og_locale":"pt_BR","og_type":"article","og_title":"Teledramaturgia brasileira perde Pedro Paulo Rangel aos 74 anos - Ribeir\u00e3o Preto e Regi\u00e3o","og_description":"A teledramaturgia brasileira est\u00e1 de luto nesta quarta-feira (21). Morreu aos 74 anos o ator Pedro Paulo Rangel, no Rio de Janeiro. Ele","og_url":"https:\/\/redenoticiaz.com.br\/ribeiraopreto-regiao\/sp\/2022\/12\/21\/teledramaturgia-brasileira-perde-pedro-paulo-rangel-aos-74-anos","og_site_name":"Ribeir\u00e3o Preto e Regi\u00e3o","article_publisher":"https:\/\/m.facebook.com\/redenoticiaz.barretos","article_published_time":"2022-12-21T12:09:54+00:00","og_image":[{"width":400,"height":250,"url":"https:\/\/redenoticiaz.com.br\/ribeiraopreto-regiao\/wp-content\/uploads\/sites\/4\/2022\/02\/logo.jpg","type":"image\/jpeg"}],"author":"Leonardo Francisco","twitter_card":"summary_large_image","twitter_creator":"@RN_barretos","twitter_site":"@RN_barretos","twitter_misc":{"Escrito por":"Leonardo Francisco","Est. tempo de leitura":"3 minutos"},"schema":{"@context":"https:\/\/schema.org","@graph":[{"@type":"Article","@id":"https:\/\/redenoticiaz.com.br\/ribeiraopreto-regiao\/sp\/2022\/12\/21\/teledramaturgia-brasileira-perde-pedro-paulo-rangel-aos-74-anos#article","isPartOf":{"@id":"https:\/\/redenoticiaz.com.br\/ribeiraopreto-regiao\/sp\/2022\/12\/21\/teledramaturgia-brasileira-perde-pedro-paulo-rangel-aos-74-anos"},"author":{"name":"Leonardo Francisco","@id":"https:\/\/redenoticiaz.com.br\/ribeiraopreto-regiao\/#\/schema\/person\/0f0b8a5bdafefe82841e07ae8d81ecb3"},"headline":"Teledramaturgia brasileira perde Pedro Paulo Rangel aos 74 anos","datePublished":"2022-12-21T12:09:54+00:00","mainEntityOfPage":{"@id":"https:\/\/redenoticiaz.com.br\/ribeiraopreto-regiao\/sp\/2022\/12\/21\/teledramaturgia-brasileira-perde-pedro-paulo-rangel-aos-74-anos"},"wordCount":477,"commentCount":0,"publisher":{"@id":"https:\/\/redenoticiaz.com.br\/ribeiraopreto-regiao\/#organization"},"image":{"@id":"https:\/\/redenoticiaz.com.br\/ribeiraopreto-regiao\/sp\/2022\/12\/21\/teledramaturgia-brasileira-perde-pedro-paulo-rangel-aos-74-anos#primaryimage"},"thumbnailUrl":"https:\/\/redenoticiaz.com.br\/ribeiraopreto-regiao\/wp-content\/uploads\/sites\/4\/2022\/12\/PEDRO-PAULO.jpg","keywords":["ATOR PEDRO PAULO RANGEL","NOVELAS","Rio de Janeiro","TV GLOBO","TV TUPI"],"articleSection":["Celebridades"],"inLanguage":"pt-BR","potentialAction":[{"@type":"CommentAction","name":"Comment","target":["https:\/\/redenoticiaz.com.br\/ribeiraopreto-regiao\/sp\/2022\/12\/21\/teledramaturgia-brasileira-perde-pedro-paulo-rangel-aos-74-anos#respond"]}]},{"@type":"WebPage","@id":"https:\/\/redenoticiaz.com.br\/ribeiraopreto-regiao\/sp\/2022\/12\/21\/teledramaturgia-brasileira-perde-pedro-paulo-rangel-aos-74-anos","url":"https:\/\/redenoticiaz.com.br\/ribeiraopreto-regiao\/sp\/2022\/12\/21\/teledramaturgia-brasileira-perde-pedro-paulo-rangel-aos-74-anos","name":"Teledramaturgia brasileira perde Pedro Paulo Rangel aos 74 anos - Ribeir\u00e3o Preto e Regi\u00e3o","isPartOf":{"@id":"https:\/\/redenoticiaz.com.br\/ribeiraopreto-regiao\/#website"},"primaryImageOfPage":{"@id":"https:\/\/redenoticiaz.com.br\/ribeiraopreto-regiao\/sp\/2022\/12\/21\/teledramaturgia-brasileira-perde-pedro-paulo-rangel-aos-74-anos#primaryimage"},"image":{"@id":"https:\/\/redenoticiaz.com.br\/ribeiraopreto-regiao\/sp\/2022\/12\/21\/teledramaturgia-brasileira-perde-pedro-paulo-rangel-aos-74-anos#primaryimage"},"thumbnailUrl":"https:\/\/redenoticiaz.com.br\/ribeiraopreto-regiao\/wp-content\/uploads\/sites\/4\/2022\/12\/PEDRO-PAULO.jpg","datePublished":"2022-12-21T12:09:54+00:00","description":"A teledramaturgia brasileira est\u00e1 de luto nesta quarta-feira (21). Morreu aos 74 anos o ator Pedro Paulo Rangel, no Rio de Janeiro. Ele","inLanguage":"pt-BR","potentialAction":[{"@type":"ReadAction","target":["https:\/\/redenoticiaz.com.br\/ribeiraopreto-regiao\/sp\/2022\/12\/21\/teledramaturgia-brasileira-perde-pedro-paulo-rangel-aos-74-anos"]}]},{"@type":"ImageObject","inLanguage":"pt-BR","@id":"https:\/\/redenoticiaz.com.br\/ribeiraopreto-regiao\/sp\/2022\/12\/21\/teledramaturgia-brasileira-perde-pedro-paulo-rangel-aos-74-anos#primaryimage","url":"https:\/\/redenoticiaz.com.br\/ribeiraopreto-regiao\/wp-content\/uploads\/sites\/4\/2022\/12\/PEDRO-PAULO.jpg","contentUrl":"https:\/\/redenoticiaz.com.br\/ribeiraopreto-regiao\/wp-content\/uploads\/sites\/4\/2022\/12\/PEDRO-PAULO.jpg","width":553,"height":376,"caption":"Cr\u00e9ditos: Reprodu\u00e7\u00e3o\/TV Globo"},{"@type":"WebSite","@id":"https:\/\/redenoticiaz.com.br\/ribeiraopreto-regiao\/#website","url":"https:\/\/redenoticiaz.com.br\/ribeiraopreto-regiao\/","name":"Ribeir\u00e3o Preto e Regi\u00e3o","description":"Rede NoticiaZ - Ribeir\u00e3o Preto e regi\u00e3o","publisher":{"@id":"https:\/\/redenoticiaz.com.br\/ribeiraopreto-regiao\/#organization"},"potentialAction":[{"@type":"SearchAction","target":{"@type":"EntryPoint","urlTemplate":"https:\/\/redenoticiaz.com.br\/ribeiraopreto-regiao\/?s={search_term_string}"},"query-input":{"@type":"PropertyValueSpecification","valueRequired":true,"valueName":"search_term_string"}}],"inLanguage":"pt-BR"},{"@type":"Organization","@id":"https:\/\/redenoticiaz.com.br\/ribeiraopreto-regiao\/#organization","name":"Ribeir\u00e3o Preto e Regi\u00e3o","url":"https:\/\/redenoticiaz.com.br\/ribeiraopreto-regiao\/","logo":{"@type":"ImageObject","inLanguage":"pt-BR","@id":"https:\/\/redenoticiaz.com.br\/ribeiraopreto-regiao\/#\/schema\/logo\/image\/","url":"https:\/\/redenoticiaz.com.br\/barretos-regiao\/wp-content\/uploads\/sites\/4\/2022\/02\/logo.jpg","contentUrl":"https:\/\/redenoticiaz.com.br\/barretos-regiao\/wp-content\/uploads\/sites\/4\/2022\/02\/logo.jpg","width":400,"height":250,"caption":"Ribeir\u00e3o Preto e Regi\u00e3o"},"image":{"@id":"https:\/\/redenoticiaz.com.br\/ribeiraopreto-regiao\/#\/schema\/logo\/image\/"},"sameAs":["https:\/\/m.facebook.com\/redenoticiaz.barretos","https:\/\/x.com\/RN_barretos","https:\/\/www.instagram.com\/redenoticiaz.barretos\/?igshid=YmMyMTA2M2Y","https:\/\/www.linkedin.com\/company\/rede-noticiaz-barretos-e-regio\/"]},{"@type":"Person","@id":"https:\/\/redenoticiaz.com.br\/ribeiraopreto-regiao\/#\/schema\/person\/0f0b8a5bdafefe82841e07ae8d81ecb3","name":"Leonardo Francisco","image":{"@type":"ImageObject","inLanguage":"pt-BR","@id":"https:\/\/secure.gravatar.com\/avatar\/a7358cb406a99b682ec6df1e77e31ae82e63601f6784e8a3df411d72b37864da?s=96&d=mm&r=g","url":"https:\/\/secure.gravatar.com\/avatar\/a7358cb406a99b682ec6df1e77e31ae82e63601f6784e8a3df411d72b37864da?s=96&d=mm&r=g","contentUrl":"https:\/\/secure.gravatar.com\/avatar\/a7358cb406a99b682ec6df1e77e31ae82e63601f6784e8a3df411d72b37864da?s=96&d=mm&r=g","caption":"Leonardo Francisco"},"url":"https:\/\/redenoticiaz.com.br\/ribeiraopreto-regiao\/sp\/author\/leonardo-francisco"}]}},"_links":{"self":[{"href":"https:\/\/redenoticiaz.com.br\/ribeiraopreto-regiao\/wp-json\/wp\/v2\/posts\/97201","targetHints":{"allow":["GET"]}}],"collection":[{"href":"https:\/\/redenoticiaz.com.br\/ribeiraopreto-regiao\/wp-json\/wp\/v2\/posts"}],"about":[{"href":"https:\/\/redenoticiaz.com.br\/ribeiraopreto-regiao\/wp-json\/wp\/v2\/types\/post"}],"author":[{"embeddable":true,"href":"https:\/\/redenoticiaz.com.br\/ribeiraopreto-regiao\/wp-json\/wp\/v2\/users\/6"}],"replies":[{"embeddable":true,"href":"https:\/\/redenoticiaz.com.br\/ribeiraopreto-regiao\/wp-json\/wp\/v2\/comments?post=97201"}],"version-history":[{"count":0,"href":"https:\/\/redenoticiaz.com.br\/ribeiraopreto-regiao\/wp-json\/wp\/v2\/posts\/97201\/revisions"}],"wp:featuredmedia":[{"embeddable":true,"href":"https:\/\/redenoticiaz.com.br\/ribeiraopreto-regiao\/wp-json\/wp\/v2\/media\/97202"}],"wp:attachment":[{"href":"https:\/\/redenoticiaz.com.br\/ribeiraopreto-regiao\/wp-json\/wp\/v2\/media?parent=97201"}],"wp:term":[{"taxonomy":"category","embeddable":true,"href":"https:\/\/redenoticiaz.com.br\/ribeiraopreto-regiao\/wp-json\/wp\/v2\/categories?post=97201"},{"taxonomy":"post_tag","embeddable":true,"href":"https:\/\/redenoticiaz.com.br\/ribeiraopreto-regiao\/wp-json\/wp\/v2\/tags?post=97201"}],"curies":[{"name":"wp","href":"https:\/\/api.w.org\/{rel}","templated":true}]}}