{"id":97250,"date":"2022-12-24T18:00:52","date_gmt":"2022-12-24T21:00:52","guid":{"rendered":"https:\/\/redenoticiaz.com.br\/barretos-regiao\/?p=97250"},"modified":"2022-12-21T22:54:15","modified_gmt":"2022-12-22T01:54:15","slug":"tomorrowland-anuncia-edicao-no-brasil-em-2023","status":"publish","type":"post","link":"https:\/\/redenoticiaz.com.br\/ribeiraopreto-regiao\/sp\/2022\/12\/24\/tomorrowland-anuncia-edicao-no-brasil-em-2023","title":{"rendered":"Tomorrowland anuncia edi\u00e7\u00e3o no Brasil em 2023"},"content":{"rendered":"<div id=\"chunk-e9g5f\">\n<div class=\"mc-column content-text active-extra-styles \" data-block-type=\"unstyled\" data-block-weight=\"23\" data-block-id=\"3\">\n<p class=\"content-text__container \" data-track-category=\"Link no Texto\" data-track-links=\"\">O Brasil vai receber a terceira edi\u00e7\u00e3o do Tomorrowland em 2023. A informa\u00e7\u00e3o foi divulgada nas redes sociais do festival.<\/p>\n<\/div>\n<\/div>\n<div class=\"wall protected-content\">\n<div id=\"chunk-6q4ba\">\n<div class=\"mc-column content-text active-extra-styles \" data-block-type=\"unstyled\" data-block-weight=\"33\" data-block-id=\"4\">\n<p class=\"content-text__container \" data-track-category=\"Link no Texto\" data-track-links=\"\">Esse \u00e9 o maior festival do mundo de m\u00fasica eletr\u00f4nica est\u00e1 marcado para os dias 12, 13 e 14 de outubro no Parque Maeda, em Itu, no interior de S\u00e3o Paulo.<\/p>\n<\/div>\n<\/div>\n<div id=\"chunk-2sidl\">\n<div class=\"mc-column content-text active-extra-styles \" data-block-type=\"unstyled\" data-block-weight=\"12\" data-block-id=\"5\">\n<p class=\"content-text__container \" data-track-category=\"Link no Texto\" data-track-links=\"\">Informa\u00e7\u00f5es sobre ingressos ou atra\u00e7\u00f5es devem ser divulgadas nos pr\u00f3ximos meses.<\/p>\n<\/div>\n<\/div>\n<div id=\"chunk-av0h\">\n<div class=\"mc-column content-text active-extra-styles \" data-block-type=\"unstyled\" data-block-weight=\"16\" data-block-id=\"6\">\n<p class=\"content-text__container \" data-track-category=\"Link no Texto\" data-track-links=\"\">O Tomorrowland Brasil j\u00e1 aconteceu em 2015 e 2016 com p\u00fablico de 150 mil pessoas.<\/p>\n<\/div>\n<\/div>\n<div id=\"chunk-4u1l3\">\n<div class=\"mc-column content-text active-extra-styles \" data-block-type=\"unstyled\" data-block-weight=\"20\" data-block-id=\"7\">\n<p class=\"content-text__container \" data-track-category=\"Link no Texto\" data-track-links=\"\">O festival tem edi\u00e7\u00f5es espalhadas pelo mundo, como na Fran\u00e7a, mas o maior de todos acontece na B\u00e9lgica desde 2005.<\/p>\n<p data-track-category=\"Link no Texto\" data-track-links=\"\">VEJA TAMB\u00c9M:\u00a0<a href=\"https:\/\/redenoticiaz.com.br\/barretos-regiao\/sp\/2022\/12\/19\/cicero-morais-lanca-nova-musica-em-plataforma-digital-confira\">C\u00edcero Morais lan\u00e7a nova m\u00fasica em plataforma digital, confira<\/a><\/p>\n<\/div>\n<\/div>\n<\/div>\n","protected":false},"excerpt":{"rendered":"<p>O Brasil vai receber a terceira edi\u00e7\u00e3o do Tomorrowland em 2023. A informa\u00e7\u00e3o foi divulgada nas redes sociais do festival. Esse \u00e9 o maior festival do mundo de m\u00fasica eletr\u00f4nica est\u00e1 marcado para os dias 12, 13 e 14 de outubro no Parque Maeda, em Itu, no interior de S\u00e3o Paulo. Informa\u00e7\u00f5es sobre ingressos ou &hellip;<\/p>\n","protected":false},"author":15,"featured_media":97254,"comment_status":"open","ping_status":"closed","sticky":false,"template":"","format":"standard","meta":{"footnotes":""},"categories":[815],"tags":[70,19894,23160,23159,23158],"class_list":["post-97250","post","type-post","status-publish","format-standard","has-post-thumbnail","hentry","category-cultura-e-musica","tag-brasil","tag-confirmado","tag-festival-de-musica","tag-terceira-edicao","tag-tomorrowland"],"yoast_head":"<!-- This site is optimized with the Yoast SEO plugin v27.4 - https:\/\/yoast.com\/product\/yoast-seo-wordpress\/ -->\n<title>Tomorrowland anuncia edi\u00e7\u00e3o no Brasil em 2023 - Ribeir\u00e3o Preto e Regi\u00e3o<\/title>\n<meta name=\"description\" content=\"O Brasil vai receber a terceira edi\u00e7\u00e3o do Tomorrowland em 2023. A informa\u00e7\u00e3o foi divulgada nas redes sociais do festival.\" \/>\n<meta name=\"robots\" content=\"index, follow, max-snippet:-1, max-image-preview:large, max-video-preview:-1\" \/>\n<link rel=\"canonical\" href=\"https:\/\/redenoticiaz.com.br\/ribeiraopreto-regiao\/sp\/2022\/12\/24\/tomorrowland-anuncia-edicao-no-brasil-em-2023\" \/>\n<meta property=\"og:locale\" content=\"pt_BR\" \/>\n<meta property=\"og:type\" content=\"article\" \/>\n<meta property=\"og:title\" content=\"Tomorrowland anuncia edi\u00e7\u00e3o no Brasil em 2023 - Ribeir\u00e3o Preto e Regi\u00e3o\" \/>\n<meta property=\"og:description\" content=\"O Brasil vai receber a terceira edi\u00e7\u00e3o do Tomorrowland em 2023. A informa\u00e7\u00e3o foi divulgada nas redes sociais do festival.\" \/>\n<meta property=\"og:url\" content=\"https:\/\/redenoticiaz.com.br\/ribeiraopreto-regiao\/sp\/2022\/12\/24\/tomorrowland-anuncia-edicao-no-brasil-em-2023\" \/>\n<meta property=\"og:site_name\" content=\"Ribeir\u00e3o Preto e Regi\u00e3o\" \/>\n<meta property=\"article:publisher\" content=\"https:\/\/m.facebook.com\/redenoticiaz.barretos\" \/>\n<meta property=\"article:published_time\" content=\"2022-12-24T21:00:52+00:00\" \/>\n<meta property=\"og:image\" content=\"https:\/\/redenoticiaz.com.br\/ribeiraopreto-regiao\/wp-content\/uploads\/sites\/4\/2022\/12\/Tomorrowland-anuncia-edicao-no-Brasil-em-2023.png\" \/>\n\t<meta property=\"og:image:width\" content=\"1080\" \/>\n\t<meta property=\"og:image:height\" content=\"1080\" \/>\n\t<meta property=\"og:image:type\" content=\"image\/png\" \/>\n<meta name=\"twitter:card\" content=\"summary_large_image\" \/>\n<meta name=\"twitter:creator\" content=\"@RN_barretos\" \/>\n<meta name=\"twitter:site\" content=\"@RN_barretos\" \/>\n<meta name=\"twitter:label1\" content=\"Escrito por\" \/>\n\t<meta name=\"twitter:data1\" content=\"\" \/>\n\t<meta name=\"twitter:label2\" content=\"Est. tempo de leitura\" \/>\n\t<meta name=\"twitter:data2\" content=\"1 minuto\" \/>\n<script type=\"application\/ld+json\" class=\"yoast-schema-graph\">{\"@context\":\"https:\\\/\\\/schema.org\",\"@graph\":[{\"@type\":\"Article\",\"@id\":\"https:\\\/\\\/redenoticiaz.com.br\\\/ribeiraopreto-regiao\\\/sp\\\/2022\\\/12\\\/24\\\/tomorrowland-anuncia-edicao-no-brasil-em-2023#article\",\"isPartOf\":{\"@id\":\"https:\\\/\\\/redenoticiaz.com.br\\\/ribeiraopreto-regiao\\\/sp\\\/2022\\\/12\\\/24\\\/tomorrowland-anuncia-edicao-no-brasil-em-2023\"},\"author\":{\"name\":\"\",\"@id\":\"\"},\"headline\":\"Tomorrowland anuncia edi\u00e7\u00e3o no Brasil em 2023\",\"datePublished\":\"2022-12-24T21:00:52+00:00\",\"mainEntityOfPage\":{\"@id\":\"https:\\\/\\\/redenoticiaz.com.br\\\/ribeiraopreto-regiao\\\/sp\\\/2022\\\/12\\\/24\\\/tomorrowland-anuncia-edicao-no-brasil-em-2023\"},\"wordCount\":122,\"commentCount\":0,\"publisher\":{\"@id\":\"https:\\\/\\\/redenoticiaz.com.br\\\/ribeiraopreto-regiao\\\/#organization\"},\"image\":{\"@id\":\"https:\\\/\\\/redenoticiaz.com.br\\\/ribeiraopreto-regiao\\\/sp\\\/2022\\\/12\\\/24\\\/tomorrowland-anuncia-edicao-no-brasil-em-2023#primaryimage\"},\"thumbnailUrl\":\"https:\\\/\\\/redenoticiaz.com.br\\\/ribeiraopreto-regiao\\\/wp-content\\\/uploads\\\/sites\\\/4\\\/2022\\\/12\\\/Tomorrowland-anuncia-edicao-no-Brasil-em-2023.png\",\"keywords\":[\"Brasil\",\"CONFIRMADO\",\"festival de m\u00fasica\",\"terceira edi\u00e7\u00e3o\",\"Tomorrowland\"],\"articleSection\":[\"Cultura e M\u00fasica\"],\"inLanguage\":\"pt-BR\",\"potentialAction\":[{\"@type\":\"CommentAction\",\"name\":\"Comment\",\"target\":[\"https:\\\/\\\/redenoticiaz.com.br\\\/ribeiraopreto-regiao\\\/sp\\\/2022\\\/12\\\/24\\\/tomorrowland-anuncia-edicao-no-brasil-em-2023#respond\"]}]},{\"@type\":\"WebPage\",\"@id\":\"https:\\\/\\\/redenoticiaz.com.br\\\/ribeiraopreto-regiao\\\/sp\\\/2022\\\/12\\\/24\\\/tomorrowland-anuncia-edicao-no-brasil-em-2023\",\"url\":\"https:\\\/\\\/redenoticiaz.com.br\\\/ribeiraopreto-regiao\\\/sp\\\/2022\\\/12\\\/24\\\/tomorrowland-anuncia-edicao-no-brasil-em-2023\",\"name\":\"Tomorrowland anuncia edi\u00e7\u00e3o no Brasil em 2023 - Ribeir\u00e3o Preto e Regi\u00e3o\",\"isPartOf\":{\"@id\":\"https:\\\/\\\/redenoticiaz.com.br\\\/ribeiraopreto-regiao\\\/#website\"},\"primaryImageOfPage\":{\"@id\":\"https:\\\/\\\/redenoticiaz.com.br\\\/ribeiraopreto-regiao\\\/sp\\\/2022\\\/12\\\/24\\\/tomorrowland-anuncia-edicao-no-brasil-em-2023#primaryimage\"},\"image\":{\"@id\":\"https:\\\/\\\/redenoticiaz.com.br\\\/ribeiraopreto-regiao\\\/sp\\\/2022\\\/12\\\/24\\\/tomorrowland-anuncia-edicao-no-brasil-em-2023#primaryimage\"},\"thumbnailUrl\":\"https:\\\/\\\/redenoticiaz.com.br\\\/ribeiraopreto-regiao\\\/wp-content\\\/uploads\\\/sites\\\/4\\\/2022\\\/12\\\/Tomorrowland-anuncia-edicao-no-Brasil-em-2023.png\",\"datePublished\":\"2022-12-24T21:00:52+00:00\",\"description\":\"O Brasil vai receber a terceira edi\u00e7\u00e3o do Tomorrowland em 2023. A informa\u00e7\u00e3o foi divulgada nas redes sociais do festival.\",\"inLanguage\":\"pt-BR\",\"potentialAction\":[{\"@type\":\"ReadAction\",\"target\":[\"https:\\\/\\\/redenoticiaz.com.br\\\/ribeiraopreto-regiao\\\/sp\\\/2022\\\/12\\\/24\\\/tomorrowland-anuncia-edicao-no-brasil-em-2023\"]}]},{\"@type\":\"ImageObject\",\"inLanguage\":\"pt-BR\",\"@id\":\"https:\\\/\\\/redenoticiaz.com.br\\\/ribeiraopreto-regiao\\\/sp\\\/2022\\\/12\\\/24\\\/tomorrowland-anuncia-edicao-no-brasil-em-2023#primaryimage\",\"url\":\"https:\\\/\\\/redenoticiaz.com.br\\\/ribeiraopreto-regiao\\\/wp-content\\\/uploads\\\/sites\\\/4\\\/2022\\\/12\\\/Tomorrowland-anuncia-edicao-no-Brasil-em-2023.png\",\"contentUrl\":\"https:\\\/\\\/redenoticiaz.com.br\\\/ribeiraopreto-regiao\\\/wp-content\\\/uploads\\\/sites\\\/4\\\/2022\\\/12\\\/Tomorrowland-anuncia-edicao-no-Brasil-em-2023.png\",\"width\":1080,\"height\":1080,\"caption\":\"Tomorrowland 2023. Cr\u00e9dito: Reprodu\u00e7\u00e3o\"},{\"@type\":\"WebSite\",\"@id\":\"https:\\\/\\\/redenoticiaz.com.br\\\/ribeiraopreto-regiao\\\/#website\",\"url\":\"https:\\\/\\\/redenoticiaz.com.br\\\/ribeiraopreto-regiao\\\/\",\"name\":\"Ribeir\u00e3o Preto e Regi\u00e3o\",\"description\":\"Rede NoticiaZ - Ribeir\u00e3o Preto e regi\u00e3o\",\"publisher\":{\"@id\":\"https:\\\/\\\/redenoticiaz.com.br\\\/ribeiraopreto-regiao\\\/#organization\"},\"potentialAction\":[{\"@type\":\"SearchAction\",\"target\":{\"@type\":\"EntryPoint\",\"urlTemplate\":\"https:\\\/\\\/redenoticiaz.com.br\\\/ribeiraopreto-regiao\\\/?s={search_term_string}\"},\"query-input\":{\"@type\":\"PropertyValueSpecification\",\"valueRequired\":true,\"valueName\":\"search_term_string\"}}],\"inLanguage\":\"pt-BR\"},{\"@type\":\"Organization\",\"@id\":\"https:\\\/\\\/redenoticiaz.com.br\\\/ribeiraopreto-regiao\\\/#organization\",\"name\":\"Ribeir\u00e3o Preto e Regi\u00e3o\",\"url\":\"https:\\\/\\\/redenoticiaz.com.br\\\/ribeiraopreto-regiao\\\/\",\"logo\":{\"@type\":\"ImageObject\",\"inLanguage\":\"pt-BR\",\"@id\":\"https:\\\/\\\/redenoticiaz.com.br\\\/ribeiraopreto-regiao\\\/#\\\/schema\\\/logo\\\/image\\\/\",\"url\":\"https:\\\/\\\/redenoticiaz.com.br\\\/barretos-regiao\\\/wp-content\\\/uploads\\\/sites\\\/4\\\/2022\\\/02\\\/logo.jpg\",\"contentUrl\":\"https:\\\/\\\/redenoticiaz.com.br\\\/barretos-regiao\\\/wp-content\\\/uploads\\\/sites\\\/4\\\/2022\\\/02\\\/logo.jpg\",\"width\":400,\"height\":250,\"caption\":\"Ribeir\u00e3o Preto e Regi\u00e3o\"},\"image\":{\"@id\":\"https:\\\/\\\/redenoticiaz.com.br\\\/ribeiraopreto-regiao\\\/#\\\/schema\\\/logo\\\/image\\\/\"},\"sameAs\":[\"https:\\\/\\\/m.facebook.com\\\/redenoticiaz.barretos\",\"https:\\\/\\\/x.com\\\/RN_barretos\",\"https:\\\/\\\/www.instagram.com\\\/redenoticiaz.barretos\\\/?igshid=YmMyMTA2M2Y\",\"https:\\\/\\\/www.linkedin.com\\\/company\\\/rede-noticiaz-barretos-e-regio\\\/\"]},{\"@type\":\"Person\",\"@id\":\"\",\"url\":\"https:\\\/\\\/redenoticiaz.com.br\\\/ribeiraopreto-regiao\\\/sp\\\/author\"}]}<\/script>\n<!-- \/ Yoast SEO plugin. -->","yoast_head_json":{"title":"Tomorrowland anuncia edi\u00e7\u00e3o no Brasil em 2023 - Ribeir\u00e3o Preto e Regi\u00e3o","description":"O Brasil vai receber a terceira edi\u00e7\u00e3o do Tomorrowland em 2023. A informa\u00e7\u00e3o foi divulgada nas redes sociais do festival.","robots":{"index":"index","follow":"follow","max-snippet":"max-snippet:-1","max-image-preview":"max-image-preview:large","max-video-preview":"max-video-preview:-1"},"canonical":"https:\/\/redenoticiaz.com.br\/ribeiraopreto-regiao\/sp\/2022\/12\/24\/tomorrowland-anuncia-edicao-no-brasil-em-2023","og_locale":"pt_BR","og_type":"article","og_title":"Tomorrowland anuncia edi\u00e7\u00e3o no Brasil em 2023 - Ribeir\u00e3o Preto e Regi\u00e3o","og_description":"O Brasil vai receber a terceira edi\u00e7\u00e3o do Tomorrowland em 2023. A informa\u00e7\u00e3o foi divulgada nas redes sociais do festival.","og_url":"https:\/\/redenoticiaz.com.br\/ribeiraopreto-regiao\/sp\/2022\/12\/24\/tomorrowland-anuncia-edicao-no-brasil-em-2023","og_site_name":"Ribeir\u00e3o Preto e Regi\u00e3o","article_publisher":"https:\/\/m.facebook.com\/redenoticiaz.barretos","article_published_time":"2022-12-24T21:00:52+00:00","og_image":[{"width":1080,"height":1080,"url":"https:\/\/redenoticiaz.com.br\/ribeiraopreto-regiao\/wp-content\/uploads\/sites\/4\/2022\/12\/Tomorrowland-anuncia-edicao-no-Brasil-em-2023.png","type":"image\/png"}],"twitter_card":"summary_large_image","twitter_creator":"@RN_barretos","twitter_site":"@RN_barretos","twitter_misc":{"Escrito por":"","Est. tempo de leitura":"1 minuto"},"schema":{"@context":"https:\/\/schema.org","@graph":[{"@type":"Article","@id":"https:\/\/redenoticiaz.com.br\/ribeiraopreto-regiao\/sp\/2022\/12\/24\/tomorrowland-anuncia-edicao-no-brasil-em-2023#article","isPartOf":{"@id":"https:\/\/redenoticiaz.com.br\/ribeiraopreto-regiao\/sp\/2022\/12\/24\/tomorrowland-anuncia-edicao-no-brasil-em-2023"},"author":{"name":"","@id":""},"headline":"Tomorrowland anuncia edi\u00e7\u00e3o no Brasil em 2023","datePublished":"2022-12-24T21:00:52+00:00","mainEntityOfPage":{"@id":"https:\/\/redenoticiaz.com.br\/ribeiraopreto-regiao\/sp\/2022\/12\/24\/tomorrowland-anuncia-edicao-no-brasil-em-2023"},"wordCount":122,"commentCount":0,"publisher":{"@id":"https:\/\/redenoticiaz.com.br\/ribeiraopreto-regiao\/#organization"},"image":{"@id":"https:\/\/redenoticiaz.com.br\/ribeiraopreto-regiao\/sp\/2022\/12\/24\/tomorrowland-anuncia-edicao-no-brasil-em-2023#primaryimage"},"thumbnailUrl":"https:\/\/redenoticiaz.com.br\/ribeiraopreto-regiao\/wp-content\/uploads\/sites\/4\/2022\/12\/Tomorrowland-anuncia-edicao-no-Brasil-em-2023.png","keywords":["Brasil","CONFIRMADO","festival de m\u00fasica","terceira edi\u00e7\u00e3o","Tomorrowland"],"articleSection":["Cultura e M\u00fasica"],"inLanguage":"pt-BR","potentialAction":[{"@type":"CommentAction","name":"Comment","target":["https:\/\/redenoticiaz.com.br\/ribeiraopreto-regiao\/sp\/2022\/12\/24\/tomorrowland-anuncia-edicao-no-brasil-em-2023#respond"]}]},{"@type":"WebPage","@id":"https:\/\/redenoticiaz.com.br\/ribeiraopreto-regiao\/sp\/2022\/12\/24\/tomorrowland-anuncia-edicao-no-brasil-em-2023","url":"https:\/\/redenoticiaz.com.br\/ribeiraopreto-regiao\/sp\/2022\/12\/24\/tomorrowland-anuncia-edicao-no-brasil-em-2023","name":"Tomorrowland anuncia edi\u00e7\u00e3o no Brasil em 2023 - Ribeir\u00e3o Preto e Regi\u00e3o","isPartOf":{"@id":"https:\/\/redenoticiaz.com.br\/ribeiraopreto-regiao\/#website"},"primaryImageOfPage":{"@id":"https:\/\/redenoticiaz.com.br\/ribeiraopreto-regiao\/sp\/2022\/12\/24\/tomorrowland-anuncia-edicao-no-brasil-em-2023#primaryimage"},"image":{"@id":"https:\/\/redenoticiaz.com.br\/ribeiraopreto-regiao\/sp\/2022\/12\/24\/tomorrowland-anuncia-edicao-no-brasil-em-2023#primaryimage"},"thumbnailUrl":"https:\/\/redenoticiaz.com.br\/ribeiraopreto-regiao\/wp-content\/uploads\/sites\/4\/2022\/12\/Tomorrowland-anuncia-edicao-no-Brasil-em-2023.png","datePublished":"2022-12-24T21:00:52+00:00","description":"O Brasil vai receber a terceira edi\u00e7\u00e3o do Tomorrowland em 2023. A informa\u00e7\u00e3o foi divulgada nas redes sociais do festival.","inLanguage":"pt-BR","potentialAction":[{"@type":"ReadAction","target":["https:\/\/redenoticiaz.com.br\/ribeiraopreto-regiao\/sp\/2022\/12\/24\/tomorrowland-anuncia-edicao-no-brasil-em-2023"]}]},{"@type":"ImageObject","inLanguage":"pt-BR","@id":"https:\/\/redenoticiaz.com.br\/ribeiraopreto-regiao\/sp\/2022\/12\/24\/tomorrowland-anuncia-edicao-no-brasil-em-2023#primaryimage","url":"https:\/\/redenoticiaz.com.br\/ribeiraopreto-regiao\/wp-content\/uploads\/sites\/4\/2022\/12\/Tomorrowland-anuncia-edicao-no-Brasil-em-2023.png","contentUrl":"https:\/\/redenoticiaz.com.br\/ribeiraopreto-regiao\/wp-content\/uploads\/sites\/4\/2022\/12\/Tomorrowland-anuncia-edicao-no-Brasil-em-2023.png","width":1080,"height":1080,"caption":"Tomorrowland 2023. Cr\u00e9dito: Reprodu\u00e7\u00e3o"},{"@type":"WebSite","@id":"https:\/\/redenoticiaz.com.br\/ribeiraopreto-regiao\/#website","url":"https:\/\/redenoticiaz.com.br\/ribeiraopreto-regiao\/","name":"Ribeir\u00e3o Preto e Regi\u00e3o","description":"Rede NoticiaZ - Ribeir\u00e3o Preto e regi\u00e3o","publisher":{"@id":"https:\/\/redenoticiaz.com.br\/ribeiraopreto-regiao\/#organization"},"potentialAction":[{"@type":"SearchAction","target":{"@type":"EntryPoint","urlTemplate":"https:\/\/redenoticiaz.com.br\/ribeiraopreto-regiao\/?s={search_term_string}"},"query-input":{"@type":"PropertyValueSpecification","valueRequired":true,"valueName":"search_term_string"}}],"inLanguage":"pt-BR"},{"@type":"Organization","@id":"https:\/\/redenoticiaz.com.br\/ribeiraopreto-regiao\/#organization","name":"Ribeir\u00e3o Preto e Regi\u00e3o","url":"https:\/\/redenoticiaz.com.br\/ribeiraopreto-regiao\/","logo":{"@type":"ImageObject","inLanguage":"pt-BR","@id":"https:\/\/redenoticiaz.com.br\/ribeiraopreto-regiao\/#\/schema\/logo\/image\/","url":"https:\/\/redenoticiaz.com.br\/barretos-regiao\/wp-content\/uploads\/sites\/4\/2022\/02\/logo.jpg","contentUrl":"https:\/\/redenoticiaz.com.br\/barretos-regiao\/wp-content\/uploads\/sites\/4\/2022\/02\/logo.jpg","width":400,"height":250,"caption":"Ribeir\u00e3o Preto e Regi\u00e3o"},"image":{"@id":"https:\/\/redenoticiaz.com.br\/ribeiraopreto-regiao\/#\/schema\/logo\/image\/"},"sameAs":["https:\/\/m.facebook.com\/redenoticiaz.barretos","https:\/\/x.com\/RN_barretos","https:\/\/www.instagram.com\/redenoticiaz.barretos\/?igshid=YmMyMTA2M2Y","https:\/\/www.linkedin.com\/company\/rede-noticiaz-barretos-e-regio\/"]},{"@type":"Person","@id":"","url":"https:\/\/redenoticiaz.com.br\/ribeiraopreto-regiao\/sp\/author"}]}},"_links":{"self":[{"href":"https:\/\/redenoticiaz.com.br\/ribeiraopreto-regiao\/wp-json\/wp\/v2\/posts\/97250","targetHints":{"allow":["GET"]}}],"collection":[{"href":"https:\/\/redenoticiaz.com.br\/ribeiraopreto-regiao\/wp-json\/wp\/v2\/posts"}],"about":[{"href":"https:\/\/redenoticiaz.com.br\/ribeiraopreto-regiao\/wp-json\/wp\/v2\/types\/post"}],"author":[{"embeddable":true,"href":"https:\/\/redenoticiaz.com.br\/ribeiraopreto-regiao\/wp-json\/wp\/v2\/users\/15"}],"replies":[{"embeddable":true,"href":"https:\/\/redenoticiaz.com.br\/ribeiraopreto-regiao\/wp-json\/wp\/v2\/comments?post=97250"}],"version-history":[{"count":1,"href":"https:\/\/redenoticiaz.com.br\/ribeiraopreto-regiao\/wp-json\/wp\/v2\/posts\/97250\/revisions"}],"predecessor-version":[{"id":97255,"href":"https:\/\/redenoticiaz.com.br\/ribeiraopreto-regiao\/wp-json\/wp\/v2\/posts\/97250\/revisions\/97255"}],"wp:featuredmedia":[{"embeddable":true,"href":"https:\/\/redenoticiaz.com.br\/ribeiraopreto-regiao\/wp-json\/wp\/v2\/media\/97254"}],"wp:attachment":[{"href":"https:\/\/redenoticiaz.com.br\/ribeiraopreto-regiao\/wp-json\/wp\/v2\/media?parent=97250"}],"wp:term":[{"taxonomy":"category","embeddable":true,"href":"https:\/\/redenoticiaz.com.br\/ribeiraopreto-regiao\/wp-json\/wp\/v2\/categories?post=97250"},{"taxonomy":"post_tag","embeddable":true,"href":"https:\/\/redenoticiaz.com.br\/ribeiraopreto-regiao\/wp-json\/wp\/v2\/tags?post=97250"}],"curies":[{"name":"wp","href":"https:\/\/api.w.org\/{rel}","templated":true}]}}