{"id":97277,"date":"2022-12-22T16:21:23","date_gmt":"2022-12-22T19:21:23","guid":{"rendered":"https:\/\/redenoticiaz.com.br\/barretos-regiao\/?p=97277"},"modified":"2022-12-22T16:21:23","modified_gmt":"2022-12-22T19:21:23","slug":"veiculo-furtado-em-barretos-e-recuperado-em-mato-grosso-do-sul","status":"publish","type":"post","link":"https:\/\/redenoticiaz.com.br\/ribeiraopreto-regiao\/sp\/2022\/12\/22\/veiculo-furtado-em-barretos-e-recuperado-em-mato-grosso-do-sul","title":{"rendered":"Ve\u00edculo furtado em Barretos \u00e9 recuperado em Mato Grosso do Sul"},"content":{"rendered":"<p>Uma caminhonete foi furtada no bairro de Los Angeles, em Barretos e localizada em Corumb\u00e1 (MS). A v\u00edtima havia deixado o ve\u00edculo estacionado enquanto visitava o sogro.<\/p>\n<p>A v\u00edtima relatou na delegacia que deixou sua caminhonete Toyota Hilux, ano 2016, cor prata, estacionada na via p\u00fablica, se ausentando por algum tempo.<\/p>\n<p>Ao retornar constatou que a caminhonete havia sido furtada junto com seus documentos pessoais, que estavam em seu interior do ve\u00edculo. Cinco cart\u00f5es banc\u00e1rios, R$22,00 e um cart\u00e3o do plano de sa\u00fade em nome de sua filha, tamb\u00e9m foram furtados.<\/p>\n<p>Ele registou os fatos, mas retornou a delegacia no dia seguinte avisando que sua caminhonete foi localizada pelos policiais na cidade de Corumb\u00e1 (MG).<\/p>\n<p>A v\u00edtima foi at\u00e9 a cidade pegar o ve\u00edculo, que estava sem as placas. Conforme laudo pericial de Corumb\u00e1, as placas foram retiradas e trocadas pelos ladr\u00f5es, estando as numera\u00e7\u00f5es de chassi e motor, intactas.<\/p>\n<p>VEJA TAMB\u00c9M:\u00a0<a href=\"https:\/\/redenoticiaz.com.br\/barretos-regiao\/sp\/2022\/12\/12\/motorista-perde-controle-de-veiculo-e-atinge-poste\">Motorista perde controle de ve\u00edculo e atinge poste<\/a><\/p>\n","protected":false},"excerpt":{"rendered":"<p>Uma caminhonete foi furtada no bairro de Los Angeles, em Barretos e localizada em Corumb\u00e1 (MS). A v\u00edtima havia deixado o ve\u00edculo estacionado enquanto visitava o sogro. A v\u00edtima relatou na delegacia que deixou sua caminhonete Toyota Hilux, ano 2016, cor prata, estacionada na via p\u00fablica, se ausentando por algum tempo. Ao retornar constatou que &hellip;<\/p>\n","protected":false},"author":15,"featured_media":97279,"comment_status":"open","ping_status":"closed","sticky":false,"template":"","format":"standard","meta":{"footnotes":""},"categories":[1,88],"tags":[64,23169,23170,23171],"class_list":["post-97277","post","type-post","status-publish","format-standard","has-post-thumbnail","hentry","category-cidades","category-policia","tag-barretos","tag-mato-grosso-do-sul","tag-veiculo-furtado","tag-veiculo-localizado"],"yoast_head":"<!-- This site is optimized with the Yoast SEO plugin v27.4 - https:\/\/yoast.com\/product\/yoast-seo-wordpress\/ -->\n<title>Ve\u00edculo furtado em Barretos \u00e9 recuperado em Mato Grosso do Sul - Ribeir\u00e3o Preto e Regi\u00e3o<\/title>\n<meta name=\"description\" content=\"Uma caminhonete foi furtada no bairro de Los Angeles, em Barretos e localizada em Corumb\u00e1 (MS). A v\u00edtima havia deixado o ve\u00edculo estacionado.\" \/>\n<meta name=\"robots\" content=\"index, follow, max-snippet:-1, max-image-preview:large, max-video-preview:-1\" \/>\n<link rel=\"canonical\" href=\"https:\/\/redenoticiaz.com.br\/ribeiraopreto-regiao\/sp\/2022\/12\/22\/veiculo-furtado-em-barretos-e-recuperado-em-mato-grosso-do-sul\" \/>\n<meta property=\"og:locale\" content=\"pt_BR\" \/>\n<meta property=\"og:type\" content=\"article\" \/>\n<meta property=\"og:title\" content=\"Ve\u00edculo furtado em Barretos \u00e9 recuperado em Mato Grosso do Sul - Ribeir\u00e3o Preto e Regi\u00e3o\" \/>\n<meta property=\"og:description\" content=\"Uma caminhonete foi furtada no bairro de Los Angeles, em Barretos e localizada em Corumb\u00e1 (MS). A v\u00edtima havia deixado o ve\u00edculo estacionado.\" \/>\n<meta property=\"og:url\" content=\"https:\/\/redenoticiaz.com.br\/ribeiraopreto-regiao\/sp\/2022\/12\/22\/veiculo-furtado-em-barretos-e-recuperado-em-mato-grosso-do-sul\" \/>\n<meta property=\"og:site_name\" content=\"Ribeir\u00e3o Preto e Regi\u00e3o\" \/>\n<meta property=\"article:publisher\" content=\"https:\/\/m.facebook.com\/redenoticiaz.barretos\" \/>\n<meta property=\"article:published_time\" content=\"2022-12-22T19:21:23+00:00\" \/>\n<meta property=\"og:image\" content=\"https:\/\/redenoticiaz.com.br\/ribeiraopreto-regiao\/wp-content\/uploads\/sites\/4\/2022\/12\/police-car-2021-08-30-08-14-43-utc-7-scaled.jpg\" \/>\n\t<meta property=\"og:image:width\" content=\"1620\" \/>\n\t<meta property=\"og:image:height\" content=\"1080\" \/>\n\t<meta property=\"og:image:type\" content=\"image\/jpeg\" \/>\n<meta name=\"twitter:card\" content=\"summary_large_image\" \/>\n<meta name=\"twitter:creator\" content=\"@RN_barretos\" \/>\n<meta name=\"twitter:site\" content=\"@RN_barretos\" \/>\n<meta name=\"twitter:label1\" content=\"Escrito por\" \/>\n\t<meta name=\"twitter:data1\" content=\"\" \/>\n\t<meta name=\"twitter:label2\" content=\"Est. tempo de leitura\" \/>\n\t<meta name=\"twitter:data2\" content=\"1 minuto\" \/>\n<script type=\"application\/ld+json\" class=\"yoast-schema-graph\">{\"@context\":\"https:\\\/\\\/schema.org\",\"@graph\":[{\"@type\":\"Article\",\"@id\":\"https:\\\/\\\/redenoticiaz.com.br\\\/ribeiraopreto-regiao\\\/sp\\\/2022\\\/12\\\/22\\\/veiculo-furtado-em-barretos-e-recuperado-em-mato-grosso-do-sul#article\",\"isPartOf\":{\"@id\":\"https:\\\/\\\/redenoticiaz.com.br\\\/ribeiraopreto-regiao\\\/sp\\\/2022\\\/12\\\/22\\\/veiculo-furtado-em-barretos-e-recuperado-em-mato-grosso-do-sul\"},\"author\":{\"name\":\"\",\"@id\":\"\"},\"headline\":\"Ve\u00edculo furtado em Barretos \u00e9 recuperado em Mato Grosso do Sul\",\"datePublished\":\"2022-12-22T19:21:23+00:00\",\"mainEntityOfPage\":{\"@id\":\"https:\\\/\\\/redenoticiaz.com.br\\\/ribeiraopreto-regiao\\\/sp\\\/2022\\\/12\\\/22\\\/veiculo-furtado-em-barretos-e-recuperado-em-mato-grosso-do-sul\"},\"wordCount\":186,\"commentCount\":0,\"publisher\":{\"@id\":\"https:\\\/\\\/redenoticiaz.com.br\\\/ribeiraopreto-regiao\\\/#organization\"},\"image\":{\"@id\":\"https:\\\/\\\/redenoticiaz.com.br\\\/ribeiraopreto-regiao\\\/sp\\\/2022\\\/12\\\/22\\\/veiculo-furtado-em-barretos-e-recuperado-em-mato-grosso-do-sul#primaryimage\"},\"thumbnailUrl\":\"https:\\\/\\\/redenoticiaz.com.br\\\/ribeiraopreto-regiao\\\/wp-content\\\/uploads\\\/sites\\\/4\\\/2022\\\/12\\\/police-car-2021-08-30-08-14-43-utc-7-scaled.jpg\",\"keywords\":[\"BARRETOS\",\"MATO GROSSO DO SUL\",\"VE\u00cdCULO FURTADO\",\"VE\u00cdCULO LOCALIZADO\"],\"articleSection\":[\"Cidades\",\"Pol\u00edcia\"],\"inLanguage\":\"pt-BR\",\"potentialAction\":[{\"@type\":\"CommentAction\",\"name\":\"Comment\",\"target\":[\"https:\\\/\\\/redenoticiaz.com.br\\\/ribeiraopreto-regiao\\\/sp\\\/2022\\\/12\\\/22\\\/veiculo-furtado-em-barretos-e-recuperado-em-mato-grosso-do-sul#respond\"]}]},{\"@type\":\"WebPage\",\"@id\":\"https:\\\/\\\/redenoticiaz.com.br\\\/ribeiraopreto-regiao\\\/sp\\\/2022\\\/12\\\/22\\\/veiculo-furtado-em-barretos-e-recuperado-em-mato-grosso-do-sul\",\"url\":\"https:\\\/\\\/redenoticiaz.com.br\\\/ribeiraopreto-regiao\\\/sp\\\/2022\\\/12\\\/22\\\/veiculo-furtado-em-barretos-e-recuperado-em-mato-grosso-do-sul\",\"name\":\"Ve\u00edculo furtado em Barretos \u00e9 recuperado em Mato Grosso do Sul - Ribeir\u00e3o Preto e Regi\u00e3o\",\"isPartOf\":{\"@id\":\"https:\\\/\\\/redenoticiaz.com.br\\\/ribeiraopreto-regiao\\\/#website\"},\"primaryImageOfPage\":{\"@id\":\"https:\\\/\\\/redenoticiaz.com.br\\\/ribeiraopreto-regiao\\\/sp\\\/2022\\\/12\\\/22\\\/veiculo-furtado-em-barretos-e-recuperado-em-mato-grosso-do-sul#primaryimage\"},\"image\":{\"@id\":\"https:\\\/\\\/redenoticiaz.com.br\\\/ribeiraopreto-regiao\\\/sp\\\/2022\\\/12\\\/22\\\/veiculo-furtado-em-barretos-e-recuperado-em-mato-grosso-do-sul#primaryimage\"},\"thumbnailUrl\":\"https:\\\/\\\/redenoticiaz.com.br\\\/ribeiraopreto-regiao\\\/wp-content\\\/uploads\\\/sites\\\/4\\\/2022\\\/12\\\/police-car-2021-08-30-08-14-43-utc-7-scaled.jpg\",\"datePublished\":\"2022-12-22T19:21:23+00:00\",\"description\":\"Uma caminhonete foi furtada no bairro de Los Angeles, em Barretos e localizada em Corumb\u00e1 (MS). A v\u00edtima havia deixado o ve\u00edculo estacionado.\",\"inLanguage\":\"pt-BR\",\"potentialAction\":[{\"@type\":\"ReadAction\",\"target\":[\"https:\\\/\\\/redenoticiaz.com.br\\\/ribeiraopreto-regiao\\\/sp\\\/2022\\\/12\\\/22\\\/veiculo-furtado-em-barretos-e-recuperado-em-mato-grosso-do-sul\"]}]},{\"@type\":\"ImageObject\",\"inLanguage\":\"pt-BR\",\"@id\":\"https:\\\/\\\/redenoticiaz.com.br\\\/ribeiraopreto-regiao\\\/sp\\\/2022\\\/12\\\/22\\\/veiculo-furtado-em-barretos-e-recuperado-em-mato-grosso-do-sul#primaryimage\",\"url\":\"https:\\\/\\\/redenoticiaz.com.br\\\/ribeiraopreto-regiao\\\/wp-content\\\/uploads\\\/sites\\\/4\\\/2022\\\/12\\\/police-car-2021-08-30-08-14-43-utc-7-scaled.jpg\",\"contentUrl\":\"https:\\\/\\\/redenoticiaz.com.br\\\/ribeiraopreto-regiao\\\/wp-content\\\/uploads\\\/sites\\\/4\\\/2022\\\/12\\\/police-car-2021-08-30-08-14-43-utc-7-scaled.jpg\",\"width\":1620,\"height\":1080,\"caption\":\"Cr\u00e9dito: Reprodu\u00e7\u00e3o\"},{\"@type\":\"WebSite\",\"@id\":\"https:\\\/\\\/redenoticiaz.com.br\\\/ribeiraopreto-regiao\\\/#website\",\"url\":\"https:\\\/\\\/redenoticiaz.com.br\\\/ribeiraopreto-regiao\\\/\",\"name\":\"Ribeir\u00e3o Preto e Regi\u00e3o\",\"description\":\"Rede NoticiaZ - Ribeir\u00e3o Preto e regi\u00e3o\",\"publisher\":{\"@id\":\"https:\\\/\\\/redenoticiaz.com.br\\\/ribeiraopreto-regiao\\\/#organization\"},\"potentialAction\":[{\"@type\":\"SearchAction\",\"target\":{\"@type\":\"EntryPoint\",\"urlTemplate\":\"https:\\\/\\\/redenoticiaz.com.br\\\/ribeiraopreto-regiao\\\/?s={search_term_string}\"},\"query-input\":{\"@type\":\"PropertyValueSpecification\",\"valueRequired\":true,\"valueName\":\"search_term_string\"}}],\"inLanguage\":\"pt-BR\"},{\"@type\":\"Organization\",\"@id\":\"https:\\\/\\\/redenoticiaz.com.br\\\/ribeiraopreto-regiao\\\/#organization\",\"name\":\"Ribeir\u00e3o Preto e Regi\u00e3o\",\"url\":\"https:\\\/\\\/redenoticiaz.com.br\\\/ribeiraopreto-regiao\\\/\",\"logo\":{\"@type\":\"ImageObject\",\"inLanguage\":\"pt-BR\",\"@id\":\"https:\\\/\\\/redenoticiaz.com.br\\\/ribeiraopreto-regiao\\\/#\\\/schema\\\/logo\\\/image\\\/\",\"url\":\"https:\\\/\\\/redenoticiaz.com.br\\\/barretos-regiao\\\/wp-content\\\/uploads\\\/sites\\\/4\\\/2022\\\/02\\\/logo.jpg\",\"contentUrl\":\"https:\\\/\\\/redenoticiaz.com.br\\\/barretos-regiao\\\/wp-content\\\/uploads\\\/sites\\\/4\\\/2022\\\/02\\\/logo.jpg\",\"width\":400,\"height\":250,\"caption\":\"Ribeir\u00e3o Preto e Regi\u00e3o\"},\"image\":{\"@id\":\"https:\\\/\\\/redenoticiaz.com.br\\\/ribeiraopreto-regiao\\\/#\\\/schema\\\/logo\\\/image\\\/\"},\"sameAs\":[\"https:\\\/\\\/m.facebook.com\\\/redenoticiaz.barretos\",\"https:\\\/\\\/x.com\\\/RN_barretos\",\"https:\\\/\\\/www.instagram.com\\\/redenoticiaz.barretos\\\/?igshid=YmMyMTA2M2Y\",\"https:\\\/\\\/www.linkedin.com\\\/company\\\/rede-noticiaz-barretos-e-regio\\\/\"]},{\"@type\":\"Person\",\"@id\":\"\",\"url\":\"https:\\\/\\\/redenoticiaz.com.br\\\/ribeiraopreto-regiao\\\/sp\\\/author\"}]}<\/script>\n<!-- \/ Yoast SEO plugin. -->","yoast_head_json":{"title":"Ve\u00edculo furtado em Barretos \u00e9 recuperado em Mato Grosso do Sul - Ribeir\u00e3o Preto e Regi\u00e3o","description":"Uma caminhonete foi furtada no bairro de Los Angeles, em Barretos e localizada em Corumb\u00e1 (MS). A v\u00edtima havia deixado o ve\u00edculo estacionado.","robots":{"index":"index","follow":"follow","max-snippet":"max-snippet:-1","max-image-preview":"max-image-preview:large","max-video-preview":"max-video-preview:-1"},"canonical":"https:\/\/redenoticiaz.com.br\/ribeiraopreto-regiao\/sp\/2022\/12\/22\/veiculo-furtado-em-barretos-e-recuperado-em-mato-grosso-do-sul","og_locale":"pt_BR","og_type":"article","og_title":"Ve\u00edculo furtado em Barretos \u00e9 recuperado em Mato Grosso do Sul - Ribeir\u00e3o Preto e Regi\u00e3o","og_description":"Uma caminhonete foi furtada no bairro de Los Angeles, em Barretos e localizada em Corumb\u00e1 (MS). A v\u00edtima havia deixado o ve\u00edculo estacionado.","og_url":"https:\/\/redenoticiaz.com.br\/ribeiraopreto-regiao\/sp\/2022\/12\/22\/veiculo-furtado-em-barretos-e-recuperado-em-mato-grosso-do-sul","og_site_name":"Ribeir\u00e3o Preto e Regi\u00e3o","article_publisher":"https:\/\/m.facebook.com\/redenoticiaz.barretos","article_published_time":"2022-12-22T19:21:23+00:00","og_image":[{"width":1620,"height":1080,"url":"https:\/\/redenoticiaz.com.br\/ribeiraopreto-regiao\/wp-content\/uploads\/sites\/4\/2022\/12\/police-car-2021-08-30-08-14-43-utc-7-scaled.jpg","type":"image\/jpeg"}],"twitter_card":"summary_large_image","twitter_creator":"@RN_barretos","twitter_site":"@RN_barretos","twitter_misc":{"Escrito por":"","Est. tempo de leitura":"1 minuto"},"schema":{"@context":"https:\/\/schema.org","@graph":[{"@type":"Article","@id":"https:\/\/redenoticiaz.com.br\/ribeiraopreto-regiao\/sp\/2022\/12\/22\/veiculo-furtado-em-barretos-e-recuperado-em-mato-grosso-do-sul#article","isPartOf":{"@id":"https:\/\/redenoticiaz.com.br\/ribeiraopreto-regiao\/sp\/2022\/12\/22\/veiculo-furtado-em-barretos-e-recuperado-em-mato-grosso-do-sul"},"author":{"name":"","@id":""},"headline":"Ve\u00edculo furtado em Barretos \u00e9 recuperado em Mato Grosso do Sul","datePublished":"2022-12-22T19:21:23+00:00","mainEntityOfPage":{"@id":"https:\/\/redenoticiaz.com.br\/ribeiraopreto-regiao\/sp\/2022\/12\/22\/veiculo-furtado-em-barretos-e-recuperado-em-mato-grosso-do-sul"},"wordCount":186,"commentCount":0,"publisher":{"@id":"https:\/\/redenoticiaz.com.br\/ribeiraopreto-regiao\/#organization"},"image":{"@id":"https:\/\/redenoticiaz.com.br\/ribeiraopreto-regiao\/sp\/2022\/12\/22\/veiculo-furtado-em-barretos-e-recuperado-em-mato-grosso-do-sul#primaryimage"},"thumbnailUrl":"https:\/\/redenoticiaz.com.br\/ribeiraopreto-regiao\/wp-content\/uploads\/sites\/4\/2022\/12\/police-car-2021-08-30-08-14-43-utc-7-scaled.jpg","keywords":["BARRETOS","MATO GROSSO DO SUL","VE\u00cdCULO FURTADO","VE\u00cdCULO LOCALIZADO"],"articleSection":["Cidades","Pol\u00edcia"],"inLanguage":"pt-BR","potentialAction":[{"@type":"CommentAction","name":"Comment","target":["https:\/\/redenoticiaz.com.br\/ribeiraopreto-regiao\/sp\/2022\/12\/22\/veiculo-furtado-em-barretos-e-recuperado-em-mato-grosso-do-sul#respond"]}]},{"@type":"WebPage","@id":"https:\/\/redenoticiaz.com.br\/ribeiraopreto-regiao\/sp\/2022\/12\/22\/veiculo-furtado-em-barretos-e-recuperado-em-mato-grosso-do-sul","url":"https:\/\/redenoticiaz.com.br\/ribeiraopreto-regiao\/sp\/2022\/12\/22\/veiculo-furtado-em-barretos-e-recuperado-em-mato-grosso-do-sul","name":"Ve\u00edculo furtado em Barretos \u00e9 recuperado em Mato Grosso do Sul - Ribeir\u00e3o Preto e Regi\u00e3o","isPartOf":{"@id":"https:\/\/redenoticiaz.com.br\/ribeiraopreto-regiao\/#website"},"primaryImageOfPage":{"@id":"https:\/\/redenoticiaz.com.br\/ribeiraopreto-regiao\/sp\/2022\/12\/22\/veiculo-furtado-em-barretos-e-recuperado-em-mato-grosso-do-sul#primaryimage"},"image":{"@id":"https:\/\/redenoticiaz.com.br\/ribeiraopreto-regiao\/sp\/2022\/12\/22\/veiculo-furtado-em-barretos-e-recuperado-em-mato-grosso-do-sul#primaryimage"},"thumbnailUrl":"https:\/\/redenoticiaz.com.br\/ribeiraopreto-regiao\/wp-content\/uploads\/sites\/4\/2022\/12\/police-car-2021-08-30-08-14-43-utc-7-scaled.jpg","datePublished":"2022-12-22T19:21:23+00:00","description":"Uma caminhonete foi furtada no bairro de Los Angeles, em Barretos e localizada em Corumb\u00e1 (MS). A v\u00edtima havia deixado o ve\u00edculo estacionado.","inLanguage":"pt-BR","potentialAction":[{"@type":"ReadAction","target":["https:\/\/redenoticiaz.com.br\/ribeiraopreto-regiao\/sp\/2022\/12\/22\/veiculo-furtado-em-barretos-e-recuperado-em-mato-grosso-do-sul"]}]},{"@type":"ImageObject","inLanguage":"pt-BR","@id":"https:\/\/redenoticiaz.com.br\/ribeiraopreto-regiao\/sp\/2022\/12\/22\/veiculo-furtado-em-barretos-e-recuperado-em-mato-grosso-do-sul#primaryimage","url":"https:\/\/redenoticiaz.com.br\/ribeiraopreto-regiao\/wp-content\/uploads\/sites\/4\/2022\/12\/police-car-2021-08-30-08-14-43-utc-7-scaled.jpg","contentUrl":"https:\/\/redenoticiaz.com.br\/ribeiraopreto-regiao\/wp-content\/uploads\/sites\/4\/2022\/12\/police-car-2021-08-30-08-14-43-utc-7-scaled.jpg","width":1620,"height":1080,"caption":"Cr\u00e9dito: Reprodu\u00e7\u00e3o"},{"@type":"WebSite","@id":"https:\/\/redenoticiaz.com.br\/ribeiraopreto-regiao\/#website","url":"https:\/\/redenoticiaz.com.br\/ribeiraopreto-regiao\/","name":"Ribeir\u00e3o Preto e Regi\u00e3o","description":"Rede NoticiaZ - Ribeir\u00e3o Preto e regi\u00e3o","publisher":{"@id":"https:\/\/redenoticiaz.com.br\/ribeiraopreto-regiao\/#organization"},"potentialAction":[{"@type":"SearchAction","target":{"@type":"EntryPoint","urlTemplate":"https:\/\/redenoticiaz.com.br\/ribeiraopreto-regiao\/?s={search_term_string}"},"query-input":{"@type":"PropertyValueSpecification","valueRequired":true,"valueName":"search_term_string"}}],"inLanguage":"pt-BR"},{"@type":"Organization","@id":"https:\/\/redenoticiaz.com.br\/ribeiraopreto-regiao\/#organization","name":"Ribeir\u00e3o Preto e Regi\u00e3o","url":"https:\/\/redenoticiaz.com.br\/ribeiraopreto-regiao\/","logo":{"@type":"ImageObject","inLanguage":"pt-BR","@id":"https:\/\/redenoticiaz.com.br\/ribeiraopreto-regiao\/#\/schema\/logo\/image\/","url":"https:\/\/redenoticiaz.com.br\/barretos-regiao\/wp-content\/uploads\/sites\/4\/2022\/02\/logo.jpg","contentUrl":"https:\/\/redenoticiaz.com.br\/barretos-regiao\/wp-content\/uploads\/sites\/4\/2022\/02\/logo.jpg","width":400,"height":250,"caption":"Ribeir\u00e3o Preto e Regi\u00e3o"},"image":{"@id":"https:\/\/redenoticiaz.com.br\/ribeiraopreto-regiao\/#\/schema\/logo\/image\/"},"sameAs":["https:\/\/m.facebook.com\/redenoticiaz.barretos","https:\/\/x.com\/RN_barretos","https:\/\/www.instagram.com\/redenoticiaz.barretos\/?igshid=YmMyMTA2M2Y","https:\/\/www.linkedin.com\/company\/rede-noticiaz-barretos-e-regio\/"]},{"@type":"Person","@id":"","url":"https:\/\/redenoticiaz.com.br\/ribeiraopreto-regiao\/sp\/author"}]}},"_links":{"self":[{"href":"https:\/\/redenoticiaz.com.br\/ribeiraopreto-regiao\/wp-json\/wp\/v2\/posts\/97277","targetHints":{"allow":["GET"]}}],"collection":[{"href":"https:\/\/redenoticiaz.com.br\/ribeiraopreto-regiao\/wp-json\/wp\/v2\/posts"}],"about":[{"href":"https:\/\/redenoticiaz.com.br\/ribeiraopreto-regiao\/wp-json\/wp\/v2\/types\/post"}],"author":[{"embeddable":true,"href":"https:\/\/redenoticiaz.com.br\/ribeiraopreto-regiao\/wp-json\/wp\/v2\/users\/15"}],"replies":[{"embeddable":true,"href":"https:\/\/redenoticiaz.com.br\/ribeiraopreto-regiao\/wp-json\/wp\/v2\/comments?post=97277"}],"version-history":[{"count":2,"href":"https:\/\/redenoticiaz.com.br\/ribeiraopreto-regiao\/wp-json\/wp\/v2\/posts\/97277\/revisions"}],"predecessor-version":[{"id":97280,"href":"https:\/\/redenoticiaz.com.br\/ribeiraopreto-regiao\/wp-json\/wp\/v2\/posts\/97277\/revisions\/97280"}],"wp:featuredmedia":[{"embeddable":true,"href":"https:\/\/redenoticiaz.com.br\/ribeiraopreto-regiao\/wp-json\/wp\/v2\/media\/97279"}],"wp:attachment":[{"href":"https:\/\/redenoticiaz.com.br\/ribeiraopreto-regiao\/wp-json\/wp\/v2\/media?parent=97277"}],"wp:term":[{"taxonomy":"category","embeddable":true,"href":"https:\/\/redenoticiaz.com.br\/ribeiraopreto-regiao\/wp-json\/wp\/v2\/categories?post=97277"},{"taxonomy":"post_tag","embeddable":true,"href":"https:\/\/redenoticiaz.com.br\/ribeiraopreto-regiao\/wp-json\/wp\/v2\/tags?post=97277"}],"curies":[{"name":"wp","href":"https:\/\/api.w.org\/{rel}","templated":true}]}}