{"id":97491,"date":"2022-12-31T08:00:23","date_gmt":"2022-12-31T11:00:23","guid":{"rendered":"https:\/\/redenoticiaz.com.br\/barretos-regiao\/?p=97491"},"modified":"2022-12-26T20:13:23","modified_gmt":"2022-12-26T23:13:23","slug":"numero-divorcios-no-pais-cai-10-este-ano-em-comparacao-a-2021","status":"publish","type":"post","link":"https:\/\/redenoticiaz.com.br\/ribeiraopreto-regiao\/sp\/2022\/12\/31\/numero-divorcios-no-pais-cai-10-este-ano-em-comparacao-a-2021","title":{"rendered":"N\u00famero div\u00f3rcios no pa\u00eds cai 10% este ano em compara\u00e7\u00e3o a 2021"},"content":{"rendered":"<p>Os casamentos est\u00e3o ganhando sobrevida no Brasil. O n\u00famero de div\u00f3rcios no pa\u00eds diminuiu 10% neste ano em rela\u00e7\u00e3o a 2021, segundo pesquisa do Cole\u0301gio Notarial do Brasil.<img decoding=\"async\" src=\"https:\/\/agenciabrasil.ebc.com.br\/ebc.png?id=1499869&amp;o=node\" \/><img decoding=\"async\" src=\"https:\/\/agenciabrasil.ebc.com.br\/ebc.gif?id=1499869&amp;o=node\" \/><\/p>\n<p>Entre janeiro e novembro, foram 68,7 mil separa\u00e7\u00f5es registradas nos cart\u00f3rios de Notas. \u00c9 o menor n\u00famero desde 2018.<\/p>\n<p>De acordo com o vice-presidente do Col\u00e9gio Notarial, Eduardo Calais, o fim do isolamento social e a retomada das atividades podem estar entre os motivos para a queda nos div\u00f3rcios.<\/p>\n<p>Em 2021, foram 76,6 mil\u00a0div\u00f3rcios nos cart\u00f3rios, recorde na hist\u00f3ria brasileira.<\/p>\n<p>Com rela\u00e7\u00e3o a 2020, primeiro ano da pandemia, a queda foi de 3,8%. Naquele ano, foram encerrados 71 mil casamentos.<\/p>\n<p>Os div\u00f3rcios realizados em cart\u00f3rio s\u00e3o consensuais, quando as partes t\u00eam acordo sobre os termos. Nesse caso, n\u00e3o \u00e9 necess\u00e1rio passar por um juiz para oficializar o fim do casamento.<\/p>\n<p><strong>Leia mais<\/strong><\/p>\n<p><a href=\"https:\/\/redenoticiaz.com.br\/blog\/2022\/10\/28\/tom-brady-e-gisele-bundchen-confirmam-divorcio-apos-13-anos-de-casamento\">O dia da felicidade \u00e9 hoje<\/a><\/p>\n","protected":false},"excerpt":{"rendered":"<p>Os casamentos est\u00e3o ganhando sobrevida no Brasil. O n\u00famero de div\u00f3rcios no pa\u00eds diminuiu 10% neste ano em rela\u00e7\u00e3o a 2021, segundo pesquisa do Cole\u0301gio Notarial do Brasil. Entre janeiro e novembro, foram 68,7 mil separa\u00e7\u00f5es registradas nos cart\u00f3rios de Notas. \u00c9 o menor n\u00famero desde 2018. De acordo com o vice-presidente do Col\u00e9gio Notarial, &hellip;<\/p>\n","protected":false},"author":12,"featured_media":97492,"comment_status":"open","ping_status":"closed","sticky":false,"template":"","format":"standard","meta":{"footnotes":""},"categories":[18753],"tags":[23268,21037,23269,23270,23271],"class_list":["post-97491","post","type-post","status-publish","format-standard","has-post-thumbnail","hentry","category-cidadania","tag-23268","tag-casamentos","tag-colegio-notarial-do-brasil","tag-divorcios","tag-eduardo-calais"],"yoast_head":"<!-- This site is optimized with the Yoast SEO plugin v27.4 - https:\/\/yoast.com\/product\/yoast-seo-wordpress\/ -->\n<title>N\u00famero div\u00f3rcios no pa\u00eds cai 10% este ano em compara\u00e7\u00e3o a 2021 - Ribeir\u00e3o Preto e Regi\u00e3o<\/title>\n<meta name=\"description\" content=\"Os casamentos est\u00e3o ganhando sobrevida no Brasil. O n\u00famero de div\u00f3rcios no pa\u00eds diminuiu 10% neste ano em rela\u00e7\u00e3o a 2021.\" \/>\n<meta name=\"robots\" content=\"index, follow, max-snippet:-1, max-image-preview:large, max-video-preview:-1\" \/>\n<link rel=\"canonical\" href=\"https:\/\/redenoticiaz.com.br\/ribeiraopreto-regiao\/sp\/2022\/12\/31\/numero-divorcios-no-pais-cai-10-este-ano-em-comparacao-a-2021\" \/>\n<meta property=\"og:locale\" content=\"pt_BR\" \/>\n<meta property=\"og:type\" content=\"article\" \/>\n<meta property=\"og:title\" content=\"N\u00famero div\u00f3rcios no pa\u00eds cai 10% este ano em compara\u00e7\u00e3o a 2021 - Ribeir\u00e3o Preto e Regi\u00e3o\" \/>\n<meta property=\"og:description\" content=\"Os casamentos est\u00e3o ganhando sobrevida no Brasil. O n\u00famero de div\u00f3rcios no pa\u00eds diminuiu 10% neste ano em rela\u00e7\u00e3o a 2021.\" \/>\n<meta property=\"og:url\" content=\"https:\/\/redenoticiaz.com.br\/ribeiraopreto-regiao\/sp\/2022\/12\/31\/numero-divorcios-no-pais-cai-10-este-ano-em-comparacao-a-2021\" \/>\n<meta property=\"og:site_name\" content=\"Ribeir\u00e3o Preto e Regi\u00e3o\" \/>\n<meta property=\"article:publisher\" content=\"https:\/\/m.facebook.com\/redenoticiaz.barretos\" \/>\n<meta property=\"article:published_time\" content=\"2022-12-31T11:00:23+00:00\" \/>\n<meta property=\"og:image\" content=\"https:\/\/redenoticiaz.com.br\/ribeiraopreto-regiao\/wp-content\/uploads\/sites\/4\/2022\/12\/tipos-divorcio-paopriwja4vrif2426ay0bjtgbw00ermgep43om88m.jpg?v=1672096294\" \/>\n\t<meta property=\"og:image:width\" content=\"770\" \/>\n\t<meta property=\"og:image:height\" content=\"479\" \/>\n\t<meta property=\"og:image:type\" content=\"image\/jpeg\" \/>\n<meta name=\"author\" content=\"Gustavo Silva\" \/>\n<meta name=\"twitter:card\" content=\"summary_large_image\" \/>\n<meta name=\"twitter:creator\" content=\"@RN_barretos\" \/>\n<meta name=\"twitter:site\" content=\"@RN_barretos\" \/>\n<meta name=\"twitter:label1\" content=\"Escrito por\" \/>\n\t<meta name=\"twitter:data1\" content=\"Gustavo Silva\" \/>\n\t<meta name=\"twitter:label2\" content=\"Est. tempo de leitura\" \/>\n\t<meta name=\"twitter:data2\" content=\"2 minutos\" \/>\n<script type=\"application\/ld+json\" class=\"yoast-schema-graph\">{\"@context\":\"https:\\\/\\\/schema.org\",\"@graph\":[{\"@type\":\"Article\",\"@id\":\"https:\\\/\\\/redenoticiaz.com.br\\\/ribeiraopreto-regiao\\\/sp\\\/2022\\\/12\\\/31\\\/numero-divorcios-no-pais-cai-10-este-ano-em-comparacao-a-2021#article\",\"isPartOf\":{\"@id\":\"https:\\\/\\\/redenoticiaz.com.br\\\/ribeiraopreto-regiao\\\/sp\\\/2022\\\/12\\\/31\\\/numero-divorcios-no-pais-cai-10-este-ano-em-comparacao-a-2021\"},\"author\":{\"name\":\"Gustavo Silva\",\"@id\":\"https:\\\/\\\/redenoticiaz.com.br\\\/ribeiraopreto-regiao\\\/#\\\/schema\\\/person\\\/16057b37a3c0ee6b096d7f887c566e2e\"},\"headline\":\"N\u00famero div\u00f3rcios no pa\u00eds cai 10% este ano em compara\u00e7\u00e3o a 2021\",\"datePublished\":\"2022-12-31T11:00:23+00:00\",\"mainEntityOfPage\":{\"@id\":\"https:\\\/\\\/redenoticiaz.com.br\\\/ribeiraopreto-regiao\\\/sp\\\/2022\\\/12\\\/31\\\/numero-divorcios-no-pais-cai-10-este-ano-em-comparacao-a-2021\"},\"wordCount\":170,\"commentCount\":0,\"publisher\":{\"@id\":\"https:\\\/\\\/redenoticiaz.com.br\\\/ribeiraopreto-regiao\\\/#organization\"},\"image\":{\"@id\":\"https:\\\/\\\/redenoticiaz.com.br\\\/ribeiraopreto-regiao\\\/sp\\\/2022\\\/12\\\/31\\\/numero-divorcios-no-pais-cai-10-este-ano-em-comparacao-a-2021#primaryimage\"},\"thumbnailUrl\":\"https:\\\/\\\/redenoticiaz.com.br\\\/ribeiraopreto-regiao\\\/wp-content\\\/uploads\\\/sites\\\/4\\\/2022\\\/12\\\/tipos-divorcio-paopriwja4vrif2426ay0bjtgbw00ermgep43om88m.jpg?v=1672096294\",\"keywords\":[\"2021\",\"casamentos\",\"Cole\u0301gio Notarial do Brasil\",\"div\u00f3rcios\",\"Eduardo Calais\"],\"articleSection\":[\"Cidadania\"],\"inLanguage\":\"pt-BR\",\"potentialAction\":[{\"@type\":\"CommentAction\",\"name\":\"Comment\",\"target\":[\"https:\\\/\\\/redenoticiaz.com.br\\\/ribeiraopreto-regiao\\\/sp\\\/2022\\\/12\\\/31\\\/numero-divorcios-no-pais-cai-10-este-ano-em-comparacao-a-2021#respond\"]}]},{\"@type\":\"WebPage\",\"@id\":\"https:\\\/\\\/redenoticiaz.com.br\\\/ribeiraopreto-regiao\\\/sp\\\/2022\\\/12\\\/31\\\/numero-divorcios-no-pais-cai-10-este-ano-em-comparacao-a-2021\",\"url\":\"https:\\\/\\\/redenoticiaz.com.br\\\/ribeiraopreto-regiao\\\/sp\\\/2022\\\/12\\\/31\\\/numero-divorcios-no-pais-cai-10-este-ano-em-comparacao-a-2021\",\"name\":\"N\u00famero div\u00f3rcios no pa\u00eds cai 10% este ano em compara\u00e7\u00e3o a 2021 - Ribeir\u00e3o Preto e Regi\u00e3o\",\"isPartOf\":{\"@id\":\"https:\\\/\\\/redenoticiaz.com.br\\\/ribeiraopreto-regiao\\\/#website\"},\"primaryImageOfPage\":{\"@id\":\"https:\\\/\\\/redenoticiaz.com.br\\\/ribeiraopreto-regiao\\\/sp\\\/2022\\\/12\\\/31\\\/numero-divorcios-no-pais-cai-10-este-ano-em-comparacao-a-2021#primaryimage\"},\"image\":{\"@id\":\"https:\\\/\\\/redenoticiaz.com.br\\\/ribeiraopreto-regiao\\\/sp\\\/2022\\\/12\\\/31\\\/numero-divorcios-no-pais-cai-10-este-ano-em-comparacao-a-2021#primaryimage\"},\"thumbnailUrl\":\"https:\\\/\\\/redenoticiaz.com.br\\\/ribeiraopreto-regiao\\\/wp-content\\\/uploads\\\/sites\\\/4\\\/2022\\\/12\\\/tipos-divorcio-paopriwja4vrif2426ay0bjtgbw00ermgep43om88m.jpg?v=1672096294\",\"datePublished\":\"2022-12-31T11:00:23+00:00\",\"description\":\"Os casamentos est\u00e3o ganhando sobrevida no Brasil. O n\u00famero de div\u00f3rcios no pa\u00eds diminuiu 10% neste ano em rela\u00e7\u00e3o a 2021.\",\"inLanguage\":\"pt-BR\",\"potentialAction\":[{\"@type\":\"ReadAction\",\"target\":[\"https:\\\/\\\/redenoticiaz.com.br\\\/ribeiraopreto-regiao\\\/sp\\\/2022\\\/12\\\/31\\\/numero-divorcios-no-pais-cai-10-este-ano-em-comparacao-a-2021\"]}]},{\"@type\":\"ImageObject\",\"inLanguage\":\"pt-BR\",\"@id\":\"https:\\\/\\\/redenoticiaz.com.br\\\/ribeiraopreto-regiao\\\/sp\\\/2022\\\/12\\\/31\\\/numero-divorcios-no-pais-cai-10-este-ano-em-comparacao-a-2021#primaryimage\",\"url\":\"https:\\\/\\\/redenoticiaz.com.br\\\/ribeiraopreto-regiao\\\/wp-content\\\/uploads\\\/sites\\\/4\\\/2022\\\/12\\\/tipos-divorcio-paopriwja4vrif2426ay0bjtgbw00ermgep43om88m.jpg?v=1672096294\",\"contentUrl\":\"https:\\\/\\\/redenoticiaz.com.br\\\/ribeiraopreto-regiao\\\/wp-content\\\/uploads\\\/sites\\\/4\\\/2022\\\/12\\\/tipos-divorcio-paopriwja4vrif2426ay0bjtgbw00ermgep43om88m.jpg?v=1672096294\",\"width\":770,\"height\":479,\"caption\":\"N\u00famero div\u00f3rcios no pa\u00eds cai 10% este ano em compara\u00e7\u00e3o a 2021\"},{\"@type\":\"WebSite\",\"@id\":\"https:\\\/\\\/redenoticiaz.com.br\\\/ribeiraopreto-regiao\\\/#website\",\"url\":\"https:\\\/\\\/redenoticiaz.com.br\\\/ribeiraopreto-regiao\\\/\",\"name\":\"Ribeir\u00e3o Preto e Regi\u00e3o\",\"description\":\"Rede NoticiaZ - Ribeir\u00e3o Preto e regi\u00e3o\",\"publisher\":{\"@id\":\"https:\\\/\\\/redenoticiaz.com.br\\\/ribeiraopreto-regiao\\\/#organization\"},\"potentialAction\":[{\"@type\":\"SearchAction\",\"target\":{\"@type\":\"EntryPoint\",\"urlTemplate\":\"https:\\\/\\\/redenoticiaz.com.br\\\/ribeiraopreto-regiao\\\/?s={search_term_string}\"},\"query-input\":{\"@type\":\"PropertyValueSpecification\",\"valueRequired\":true,\"valueName\":\"search_term_string\"}}],\"inLanguage\":\"pt-BR\"},{\"@type\":\"Organization\",\"@id\":\"https:\\\/\\\/redenoticiaz.com.br\\\/ribeiraopreto-regiao\\\/#organization\",\"name\":\"Ribeir\u00e3o Preto e Regi\u00e3o\",\"url\":\"https:\\\/\\\/redenoticiaz.com.br\\\/ribeiraopreto-regiao\\\/\",\"logo\":{\"@type\":\"ImageObject\",\"inLanguage\":\"pt-BR\",\"@id\":\"https:\\\/\\\/redenoticiaz.com.br\\\/ribeiraopreto-regiao\\\/#\\\/schema\\\/logo\\\/image\\\/\",\"url\":\"https:\\\/\\\/redenoticiaz.com.br\\\/barretos-regiao\\\/wp-content\\\/uploads\\\/sites\\\/4\\\/2022\\\/02\\\/logo.jpg\",\"contentUrl\":\"https:\\\/\\\/redenoticiaz.com.br\\\/barretos-regiao\\\/wp-content\\\/uploads\\\/sites\\\/4\\\/2022\\\/02\\\/logo.jpg\",\"width\":400,\"height\":250,\"caption\":\"Ribeir\u00e3o Preto e Regi\u00e3o\"},\"image\":{\"@id\":\"https:\\\/\\\/redenoticiaz.com.br\\\/ribeiraopreto-regiao\\\/#\\\/schema\\\/logo\\\/image\\\/\"},\"sameAs\":[\"https:\\\/\\\/m.facebook.com\\\/redenoticiaz.barretos\",\"https:\\\/\\\/x.com\\\/RN_barretos\",\"https:\\\/\\\/www.instagram.com\\\/redenoticiaz.barretos\\\/?igshid=YmMyMTA2M2Y\",\"https:\\\/\\\/www.linkedin.com\\\/company\\\/rede-noticiaz-barretos-e-regio\\\/\"]},{\"@type\":\"Person\",\"@id\":\"https:\\\/\\\/redenoticiaz.com.br\\\/ribeiraopreto-regiao\\\/#\\\/schema\\\/person\\\/16057b37a3c0ee6b096d7f887c566e2e\",\"name\":\"Gustavo Silva\",\"image\":{\"@type\":\"ImageObject\",\"inLanguage\":\"pt-BR\",\"@id\":\"https:\\\/\\\/secure.gravatar.com\\\/avatar\\\/3ee4e82f93b26de0a7cf4ea5eb7893da637ed6bb0c9170c58065944c56e28a33?s=96&d=mm&r=g\",\"url\":\"https:\\\/\\\/secure.gravatar.com\\\/avatar\\\/3ee4e82f93b26de0a7cf4ea5eb7893da637ed6bb0c9170c58065944c56e28a33?s=96&d=mm&r=g\",\"contentUrl\":\"https:\\\/\\\/secure.gravatar.com\\\/avatar\\\/3ee4e82f93b26de0a7cf4ea5eb7893da637ed6bb0c9170c58065944c56e28a33?s=96&d=mm&r=g\",\"caption\":\"Gustavo Silva\"},\"url\":\"https:\\\/\\\/redenoticiaz.com.br\\\/ribeiraopreto-regiao\\\/sp\\\/author\\\/gustavosilva\"}]}<\/script>\n<!-- \/ Yoast SEO plugin. -->","yoast_head_json":{"title":"N\u00famero div\u00f3rcios no pa\u00eds cai 10% este ano em compara\u00e7\u00e3o a 2021 - Ribeir\u00e3o Preto e Regi\u00e3o","description":"Os casamentos est\u00e3o ganhando sobrevida no Brasil. O n\u00famero de div\u00f3rcios no pa\u00eds diminuiu 10% neste ano em rela\u00e7\u00e3o a 2021.","robots":{"index":"index","follow":"follow","max-snippet":"max-snippet:-1","max-image-preview":"max-image-preview:large","max-video-preview":"max-video-preview:-1"},"canonical":"https:\/\/redenoticiaz.com.br\/ribeiraopreto-regiao\/sp\/2022\/12\/31\/numero-divorcios-no-pais-cai-10-este-ano-em-comparacao-a-2021","og_locale":"pt_BR","og_type":"article","og_title":"N\u00famero div\u00f3rcios no pa\u00eds cai 10% este ano em compara\u00e7\u00e3o a 2021 - Ribeir\u00e3o Preto e Regi\u00e3o","og_description":"Os casamentos est\u00e3o ganhando sobrevida no Brasil. O n\u00famero de div\u00f3rcios no pa\u00eds diminuiu 10% neste ano em rela\u00e7\u00e3o a 2021.","og_url":"https:\/\/redenoticiaz.com.br\/ribeiraopreto-regiao\/sp\/2022\/12\/31\/numero-divorcios-no-pais-cai-10-este-ano-em-comparacao-a-2021","og_site_name":"Ribeir\u00e3o Preto e Regi\u00e3o","article_publisher":"https:\/\/m.facebook.com\/redenoticiaz.barretos","article_published_time":"2022-12-31T11:00:23+00:00","og_image":[{"width":770,"height":479,"url":"https:\/\/redenoticiaz.com.br\/ribeiraopreto-regiao\/wp-content\/uploads\/sites\/4\/2022\/12\/tipos-divorcio-paopriwja4vrif2426ay0bjtgbw00ermgep43om88m.jpg?v=1672096294","type":"image\/jpeg"}],"author":"Gustavo Silva","twitter_card":"summary_large_image","twitter_creator":"@RN_barretos","twitter_site":"@RN_barretos","twitter_misc":{"Escrito por":"Gustavo Silva","Est. tempo de leitura":"2 minutos"},"schema":{"@context":"https:\/\/schema.org","@graph":[{"@type":"Article","@id":"https:\/\/redenoticiaz.com.br\/ribeiraopreto-regiao\/sp\/2022\/12\/31\/numero-divorcios-no-pais-cai-10-este-ano-em-comparacao-a-2021#article","isPartOf":{"@id":"https:\/\/redenoticiaz.com.br\/ribeiraopreto-regiao\/sp\/2022\/12\/31\/numero-divorcios-no-pais-cai-10-este-ano-em-comparacao-a-2021"},"author":{"name":"Gustavo Silva","@id":"https:\/\/redenoticiaz.com.br\/ribeiraopreto-regiao\/#\/schema\/person\/16057b37a3c0ee6b096d7f887c566e2e"},"headline":"N\u00famero div\u00f3rcios no pa\u00eds cai 10% este ano em compara\u00e7\u00e3o a 2021","datePublished":"2022-12-31T11:00:23+00:00","mainEntityOfPage":{"@id":"https:\/\/redenoticiaz.com.br\/ribeiraopreto-regiao\/sp\/2022\/12\/31\/numero-divorcios-no-pais-cai-10-este-ano-em-comparacao-a-2021"},"wordCount":170,"commentCount":0,"publisher":{"@id":"https:\/\/redenoticiaz.com.br\/ribeiraopreto-regiao\/#organization"},"image":{"@id":"https:\/\/redenoticiaz.com.br\/ribeiraopreto-regiao\/sp\/2022\/12\/31\/numero-divorcios-no-pais-cai-10-este-ano-em-comparacao-a-2021#primaryimage"},"thumbnailUrl":"https:\/\/redenoticiaz.com.br\/ribeiraopreto-regiao\/wp-content\/uploads\/sites\/4\/2022\/12\/tipos-divorcio-paopriwja4vrif2426ay0bjtgbw00ermgep43om88m.jpg?v=1672096294","keywords":["2021","casamentos","Cole\u0301gio Notarial do Brasil","div\u00f3rcios","Eduardo Calais"],"articleSection":["Cidadania"],"inLanguage":"pt-BR","potentialAction":[{"@type":"CommentAction","name":"Comment","target":["https:\/\/redenoticiaz.com.br\/ribeiraopreto-regiao\/sp\/2022\/12\/31\/numero-divorcios-no-pais-cai-10-este-ano-em-comparacao-a-2021#respond"]}]},{"@type":"WebPage","@id":"https:\/\/redenoticiaz.com.br\/ribeiraopreto-regiao\/sp\/2022\/12\/31\/numero-divorcios-no-pais-cai-10-este-ano-em-comparacao-a-2021","url":"https:\/\/redenoticiaz.com.br\/ribeiraopreto-regiao\/sp\/2022\/12\/31\/numero-divorcios-no-pais-cai-10-este-ano-em-comparacao-a-2021","name":"N\u00famero div\u00f3rcios no pa\u00eds cai 10% este ano em compara\u00e7\u00e3o a 2021 - Ribeir\u00e3o Preto e Regi\u00e3o","isPartOf":{"@id":"https:\/\/redenoticiaz.com.br\/ribeiraopreto-regiao\/#website"},"primaryImageOfPage":{"@id":"https:\/\/redenoticiaz.com.br\/ribeiraopreto-regiao\/sp\/2022\/12\/31\/numero-divorcios-no-pais-cai-10-este-ano-em-comparacao-a-2021#primaryimage"},"image":{"@id":"https:\/\/redenoticiaz.com.br\/ribeiraopreto-regiao\/sp\/2022\/12\/31\/numero-divorcios-no-pais-cai-10-este-ano-em-comparacao-a-2021#primaryimage"},"thumbnailUrl":"https:\/\/redenoticiaz.com.br\/ribeiraopreto-regiao\/wp-content\/uploads\/sites\/4\/2022\/12\/tipos-divorcio-paopriwja4vrif2426ay0bjtgbw00ermgep43om88m.jpg?v=1672096294","datePublished":"2022-12-31T11:00:23+00:00","description":"Os casamentos est\u00e3o ganhando sobrevida no Brasil. O n\u00famero de div\u00f3rcios no pa\u00eds diminuiu 10% neste ano em rela\u00e7\u00e3o a 2021.","inLanguage":"pt-BR","potentialAction":[{"@type":"ReadAction","target":["https:\/\/redenoticiaz.com.br\/ribeiraopreto-regiao\/sp\/2022\/12\/31\/numero-divorcios-no-pais-cai-10-este-ano-em-comparacao-a-2021"]}]},{"@type":"ImageObject","inLanguage":"pt-BR","@id":"https:\/\/redenoticiaz.com.br\/ribeiraopreto-regiao\/sp\/2022\/12\/31\/numero-divorcios-no-pais-cai-10-este-ano-em-comparacao-a-2021#primaryimage","url":"https:\/\/redenoticiaz.com.br\/ribeiraopreto-regiao\/wp-content\/uploads\/sites\/4\/2022\/12\/tipos-divorcio-paopriwja4vrif2426ay0bjtgbw00ermgep43om88m.jpg?v=1672096294","contentUrl":"https:\/\/redenoticiaz.com.br\/ribeiraopreto-regiao\/wp-content\/uploads\/sites\/4\/2022\/12\/tipos-divorcio-paopriwja4vrif2426ay0bjtgbw00ermgep43om88m.jpg?v=1672096294","width":770,"height":479,"caption":"N\u00famero div\u00f3rcios no pa\u00eds cai 10% este ano em compara\u00e7\u00e3o a 2021"},{"@type":"WebSite","@id":"https:\/\/redenoticiaz.com.br\/ribeiraopreto-regiao\/#website","url":"https:\/\/redenoticiaz.com.br\/ribeiraopreto-regiao\/","name":"Ribeir\u00e3o Preto e Regi\u00e3o","description":"Rede NoticiaZ - Ribeir\u00e3o Preto e regi\u00e3o","publisher":{"@id":"https:\/\/redenoticiaz.com.br\/ribeiraopreto-regiao\/#organization"},"potentialAction":[{"@type":"SearchAction","target":{"@type":"EntryPoint","urlTemplate":"https:\/\/redenoticiaz.com.br\/ribeiraopreto-regiao\/?s={search_term_string}"},"query-input":{"@type":"PropertyValueSpecification","valueRequired":true,"valueName":"search_term_string"}}],"inLanguage":"pt-BR"},{"@type":"Organization","@id":"https:\/\/redenoticiaz.com.br\/ribeiraopreto-regiao\/#organization","name":"Ribeir\u00e3o Preto e Regi\u00e3o","url":"https:\/\/redenoticiaz.com.br\/ribeiraopreto-regiao\/","logo":{"@type":"ImageObject","inLanguage":"pt-BR","@id":"https:\/\/redenoticiaz.com.br\/ribeiraopreto-regiao\/#\/schema\/logo\/image\/","url":"https:\/\/redenoticiaz.com.br\/barretos-regiao\/wp-content\/uploads\/sites\/4\/2022\/02\/logo.jpg","contentUrl":"https:\/\/redenoticiaz.com.br\/barretos-regiao\/wp-content\/uploads\/sites\/4\/2022\/02\/logo.jpg","width":400,"height":250,"caption":"Ribeir\u00e3o Preto e Regi\u00e3o"},"image":{"@id":"https:\/\/redenoticiaz.com.br\/ribeiraopreto-regiao\/#\/schema\/logo\/image\/"},"sameAs":["https:\/\/m.facebook.com\/redenoticiaz.barretos","https:\/\/x.com\/RN_barretos","https:\/\/www.instagram.com\/redenoticiaz.barretos\/?igshid=YmMyMTA2M2Y","https:\/\/www.linkedin.com\/company\/rede-noticiaz-barretos-e-regio\/"]},{"@type":"Person","@id":"https:\/\/redenoticiaz.com.br\/ribeiraopreto-regiao\/#\/schema\/person\/16057b37a3c0ee6b096d7f887c566e2e","name":"Gustavo Silva","image":{"@type":"ImageObject","inLanguage":"pt-BR","@id":"https:\/\/secure.gravatar.com\/avatar\/3ee4e82f93b26de0a7cf4ea5eb7893da637ed6bb0c9170c58065944c56e28a33?s=96&d=mm&r=g","url":"https:\/\/secure.gravatar.com\/avatar\/3ee4e82f93b26de0a7cf4ea5eb7893da637ed6bb0c9170c58065944c56e28a33?s=96&d=mm&r=g","contentUrl":"https:\/\/secure.gravatar.com\/avatar\/3ee4e82f93b26de0a7cf4ea5eb7893da637ed6bb0c9170c58065944c56e28a33?s=96&d=mm&r=g","caption":"Gustavo Silva"},"url":"https:\/\/redenoticiaz.com.br\/ribeiraopreto-regiao\/sp\/author\/gustavosilva"}]}},"_links":{"self":[{"href":"https:\/\/redenoticiaz.com.br\/ribeiraopreto-regiao\/wp-json\/wp\/v2\/posts\/97491","targetHints":{"allow":["GET"]}}],"collection":[{"href":"https:\/\/redenoticiaz.com.br\/ribeiraopreto-regiao\/wp-json\/wp\/v2\/posts"}],"about":[{"href":"https:\/\/redenoticiaz.com.br\/ribeiraopreto-regiao\/wp-json\/wp\/v2\/types\/post"}],"author":[{"embeddable":true,"href":"https:\/\/redenoticiaz.com.br\/ribeiraopreto-regiao\/wp-json\/wp\/v2\/users\/12"}],"replies":[{"embeddable":true,"href":"https:\/\/redenoticiaz.com.br\/ribeiraopreto-regiao\/wp-json\/wp\/v2\/comments?post=97491"}],"version-history":[{"count":0,"href":"https:\/\/redenoticiaz.com.br\/ribeiraopreto-regiao\/wp-json\/wp\/v2\/posts\/97491\/revisions"}],"wp:featuredmedia":[{"embeddable":true,"href":"https:\/\/redenoticiaz.com.br\/ribeiraopreto-regiao\/wp-json\/wp\/v2\/media\/97492"}],"wp:attachment":[{"href":"https:\/\/redenoticiaz.com.br\/ribeiraopreto-regiao\/wp-json\/wp\/v2\/media?parent=97491"}],"wp:term":[{"taxonomy":"category","embeddable":true,"href":"https:\/\/redenoticiaz.com.br\/ribeiraopreto-regiao\/wp-json\/wp\/v2\/categories?post=97491"},{"taxonomy":"post_tag","embeddable":true,"href":"https:\/\/redenoticiaz.com.br\/ribeiraopreto-regiao\/wp-json\/wp\/v2\/tags?post=97491"}],"curies":[{"name":"wp","href":"https:\/\/api.w.org\/{rel}","templated":true}]}}