{"id":97662,"date":"2022-12-29T16:42:54","date_gmt":"2022-12-29T19:42:54","guid":{"rendered":"https:\/\/redenoticiaz.com.br\/barretos-regiao\/sp\/2022\/12\/29\/key-alves-pede-folga-e-aumentam-rumores-de-que-a-jogadora-de-volei-ira-para-o-bbb"},"modified":"2022-12-29T16:43:43","modified_gmt":"2022-12-29T19:43:43","slug":"key-alves-pede-folga-e-aumentam-rumores-de-que-a-jogadora-de-volei-ira-para-o-bbb","status":"publish","type":"post","link":"https:\/\/redenoticiaz.com.br\/ribeiraopreto-regiao\/sp\/2022\/12\/29\/key-alves-pede-folga-e-aumentam-rumores-de-que-a-jogadora-de-volei-ira-para-o-bbb","title":{"rendered":"Key Alves pede folga e aumentam rumores de que a jogadora de v\u00f4lei ir\u00e1 para o BBB"},"content":{"rendered":"<p>Key Alves \u00e9 jogadora de v\u00f4lei e \u00e9 um dos nomes cotados para participar do Big Brother Brasil 23. Segundo rumores, a atleta teria pedido folga de uma semana de seu clube, o Osasco.<\/p>\n<p>A atleta tamb\u00e9m adiou uma cirurgia no joelho, que faria depois de sofrer uma les\u00e3o, h\u00e1 dois meses.<\/p>\n<p>Segundo a coluna do jornalista Leo Dias, a les\u00e3o foi confirmada pelo departamento m\u00e9dico do clube, que disse tratar-se de um rompimento de ligamento no joelho esquerdo.<\/p>\n<p>A expectativa \u00e9 que Key Alves volte \u00e0s quadras a tempo de disputar partidas da Superliga Feminina de V\u00f4lei, que termina em maio de 2023, ap\u00f3s o BBB. Dessa forma, o clube espera que Key Alves volte a jogar na semana seguinte ao Ano Novo.<\/p>\n<p>Uma fonte do conv\u00edvio da atleta, alertou que ela j\u00e1 est\u00e1 nos preparativos para o reality. A \u201cdespedida\u201d da fam\u00edlia j\u00e1 teria acontecido em Maresias h\u00e1 alguns dias.<\/p>\n<p>J\u00e1 os amigos ter\u00e3o uma comemora\u00e7\u00e3o com ela no R\u00e9veillon de Jericoacoara.<\/p>\n<p><strong>Leia mais<\/strong><\/p>\n<p><a href=\"https:\/\/redenoticiaz.com.br\/blog\/2022\/12\/27\/video-fabio-porchat-decide-falar-sobre-polemica-com-gkay\">V\u00cdDEO \u2013 F\u00e1bio Porchat decide falar sobre pol\u00eamica com GKAY<\/a><\/p>\n","protected":false},"excerpt":{"rendered":"<p>Key Alves \u00e9 jogadora de v\u00f4lei e \u00e9 um dos nomes cotados para participar do Big Brother Brasil 23. Segundo rumores, a atleta teria pedido folga de uma semana de seu clube, o Osasco. A atleta tamb\u00e9m adiou uma cirurgia no joelho, que faria depois de sofrer uma les\u00e3o, h\u00e1 dois meses. Segundo a coluna &hellip;<\/p>\n","protected":false},"author":12,"featured_media":97663,"comment_status":"open","ping_status":"closed","sticky":false,"template":"","format":"standard","meta":{"footnotes":""},"categories":[134],"tags":[448,21070,23350,23351],"class_list":["post-97662","post","type-post","status-publish","format-standard","has-post-thumbnail","hentry","category-entretenimento","tag-bbb","tag-big-brother-brasil-23","tag-jornalista-leo-dias","tag-key-alves"],"yoast_head":"<!-- This site is optimized with the Yoast SEO plugin v27.4 - https:\/\/yoast.com\/product\/yoast-seo-wordpress\/ -->\n<title>Key Alves pede folga e aumentam rumores de que a jogadora de v\u00f4lei ir\u00e1 para o BBB - Ribeir\u00e3o Preto e Regi\u00e3o<\/title>\n<meta name=\"description\" content=\"Key Alves \u00e9 jogadora de v\u00f4lei e \u00e9 cotada para participar do BBB 23. Segundo rumores, a atleta teria pedido folga de uma semana de seu clube.\" \/>\n<meta name=\"robots\" content=\"index, follow, max-snippet:-1, max-image-preview:large, max-video-preview:-1\" \/>\n<link rel=\"canonical\" href=\"https:\/\/redenoticiaz.com.br\/ribeiraopreto-regiao\/sp\/2022\/12\/29\/key-alves-pede-folga-e-aumentam-rumores-de-que-a-jogadora-de-volei-ira-para-o-bbb\" \/>\n<meta property=\"og:locale\" content=\"pt_BR\" \/>\n<meta property=\"og:type\" content=\"article\" \/>\n<meta property=\"og:title\" content=\"Key Alves pede folga e aumentam rumores de que a jogadora de v\u00f4lei ir\u00e1 para o BBB - Ribeir\u00e3o Preto e Regi\u00e3o\" \/>\n<meta property=\"og:description\" content=\"Key Alves \u00e9 jogadora de v\u00f4lei e \u00e9 cotada para participar do BBB 23. Segundo rumores, a atleta teria pedido folga de uma semana de seu clube.\" \/>\n<meta property=\"og:url\" content=\"https:\/\/redenoticiaz.com.br\/ribeiraopreto-regiao\/sp\/2022\/12\/29\/key-alves-pede-folga-e-aumentam-rumores-de-que-a-jogadora-de-volei-ira-para-o-bbb\" \/>\n<meta property=\"og:site_name\" content=\"Ribeir\u00e3o Preto e Regi\u00e3o\" \/>\n<meta property=\"article:publisher\" content=\"https:\/\/m.facebook.com\/redenoticiaz.barretos\" \/>\n<meta property=\"article:published_time\" content=\"2022-12-29T19:42:54+00:00\" \/>\n<meta property=\"article:modified_time\" content=\"2022-12-29T19:43:43+00:00\" \/>\n<meta property=\"og:image\" content=\"https:\/\/redenoticiaz.com.br\/ribeiraopreto-regiao\/wp-content\/uploads\/sites\/4\/2022\/12\/key_alves-jugadora-de-voleibol-que-triunfa-en-onlyfans_crop1658984442198.jpg_242310155.jpg?v=1672342961\" \/>\n\t<meta property=\"og:image:width\" content=\"1200\" \/>\n\t<meta property=\"og:image:height\" content=\"740\" \/>\n\t<meta property=\"og:image:type\" content=\"image\/jpeg\" \/>\n<meta name=\"author\" content=\"Gustavo Silva\" \/>\n<meta name=\"twitter:card\" content=\"summary_large_image\" \/>\n<meta name=\"twitter:creator\" content=\"@RN_barretos\" \/>\n<meta name=\"twitter:site\" content=\"@RN_barretos\" \/>\n<meta name=\"twitter:label1\" content=\"Escrito por\" \/>\n\t<meta name=\"twitter:data1\" content=\"Gustavo Silva\" \/>\n\t<meta name=\"twitter:label2\" content=\"Est. tempo de leitura\" \/>\n\t<meta name=\"twitter:data2\" content=\"1 minuto\" \/>\n<script type=\"application\/ld+json\" class=\"yoast-schema-graph\">{\"@context\":\"https:\\\/\\\/schema.org\",\"@graph\":[{\"@type\":\"Article\",\"@id\":\"https:\\\/\\\/redenoticiaz.com.br\\\/ribeiraopreto-regiao\\\/sp\\\/2022\\\/12\\\/29\\\/key-alves-pede-folga-e-aumentam-rumores-de-que-a-jogadora-de-volei-ira-para-o-bbb#article\",\"isPartOf\":{\"@id\":\"https:\\\/\\\/redenoticiaz.com.br\\\/ribeiraopreto-regiao\\\/sp\\\/2022\\\/12\\\/29\\\/key-alves-pede-folga-e-aumentam-rumores-de-que-a-jogadora-de-volei-ira-para-o-bbb\"},\"author\":{\"name\":\"Gustavo Silva\",\"@id\":\"https:\\\/\\\/redenoticiaz.com.br\\\/ribeiraopreto-regiao\\\/#\\\/schema\\\/person\\\/16057b37a3c0ee6b096d7f887c566e2e\"},\"headline\":\"Key Alves pede folga e aumentam rumores de que a jogadora de v\u00f4lei ir\u00e1 para o BBB\",\"datePublished\":\"2022-12-29T19:42:54+00:00\",\"dateModified\":\"2022-12-29T19:43:43+00:00\",\"mainEntityOfPage\":{\"@id\":\"https:\\\/\\\/redenoticiaz.com.br\\\/ribeiraopreto-regiao\\\/sp\\\/2022\\\/12\\\/29\\\/key-alves-pede-folga-e-aumentam-rumores-de-que-a-jogadora-de-volei-ira-para-o-bbb\"},\"wordCount\":203,\"commentCount\":0,\"publisher\":{\"@id\":\"https:\\\/\\\/redenoticiaz.com.br\\\/ribeiraopreto-regiao\\\/#organization\"},\"image\":{\"@id\":\"https:\\\/\\\/redenoticiaz.com.br\\\/ribeiraopreto-regiao\\\/sp\\\/2022\\\/12\\\/29\\\/key-alves-pede-folga-e-aumentam-rumores-de-que-a-jogadora-de-volei-ira-para-o-bbb#primaryimage\"},\"thumbnailUrl\":\"https:\\\/\\\/redenoticiaz.com.br\\\/ribeiraopreto-regiao\\\/wp-content\\\/uploads\\\/sites\\\/4\\\/2022\\\/12\\\/key_alves-jugadora-de-voleibol-que-triunfa-en-onlyfans_crop1658984442198.jpg_242310155.jpg?v=1672342961\",\"keywords\":[\"BBB\",\"Big Brother Brasil 23\",\"JORNALISTA LEO DIAS\",\"Key Alves\"],\"articleSection\":[\"Entretenimento\"],\"inLanguage\":\"pt-BR\",\"potentialAction\":[{\"@type\":\"CommentAction\",\"name\":\"Comment\",\"target\":[\"https:\\\/\\\/redenoticiaz.com.br\\\/ribeiraopreto-regiao\\\/sp\\\/2022\\\/12\\\/29\\\/key-alves-pede-folga-e-aumentam-rumores-de-que-a-jogadora-de-volei-ira-para-o-bbb#respond\"]}]},{\"@type\":\"WebPage\",\"@id\":\"https:\\\/\\\/redenoticiaz.com.br\\\/ribeiraopreto-regiao\\\/sp\\\/2022\\\/12\\\/29\\\/key-alves-pede-folga-e-aumentam-rumores-de-que-a-jogadora-de-volei-ira-para-o-bbb\",\"url\":\"https:\\\/\\\/redenoticiaz.com.br\\\/ribeiraopreto-regiao\\\/sp\\\/2022\\\/12\\\/29\\\/key-alves-pede-folga-e-aumentam-rumores-de-que-a-jogadora-de-volei-ira-para-o-bbb\",\"name\":\"Key Alves pede folga e aumentam rumores de que a jogadora de v\u00f4lei ir\u00e1 para o BBB - Ribeir\u00e3o Preto e Regi\u00e3o\",\"isPartOf\":{\"@id\":\"https:\\\/\\\/redenoticiaz.com.br\\\/ribeiraopreto-regiao\\\/#website\"},\"primaryImageOfPage\":{\"@id\":\"https:\\\/\\\/redenoticiaz.com.br\\\/ribeiraopreto-regiao\\\/sp\\\/2022\\\/12\\\/29\\\/key-alves-pede-folga-e-aumentam-rumores-de-que-a-jogadora-de-volei-ira-para-o-bbb#primaryimage\"},\"image\":{\"@id\":\"https:\\\/\\\/redenoticiaz.com.br\\\/ribeiraopreto-regiao\\\/sp\\\/2022\\\/12\\\/29\\\/key-alves-pede-folga-e-aumentam-rumores-de-que-a-jogadora-de-volei-ira-para-o-bbb#primaryimage\"},\"thumbnailUrl\":\"https:\\\/\\\/redenoticiaz.com.br\\\/ribeiraopreto-regiao\\\/wp-content\\\/uploads\\\/sites\\\/4\\\/2022\\\/12\\\/key_alves-jugadora-de-voleibol-que-triunfa-en-onlyfans_crop1658984442198.jpg_242310155.jpg?v=1672342961\",\"datePublished\":\"2022-12-29T19:42:54+00:00\",\"dateModified\":\"2022-12-29T19:43:43+00:00\",\"description\":\"Key Alves \u00e9 jogadora de v\u00f4lei e \u00e9 cotada para participar do BBB 23. Segundo rumores, a atleta teria pedido folga de uma semana de seu clube.\",\"inLanguage\":\"pt-BR\",\"potentialAction\":[{\"@type\":\"ReadAction\",\"target\":[\"https:\\\/\\\/redenoticiaz.com.br\\\/ribeiraopreto-regiao\\\/sp\\\/2022\\\/12\\\/29\\\/key-alves-pede-folga-e-aumentam-rumores-de-que-a-jogadora-de-volei-ira-para-o-bbb\"]}]},{\"@type\":\"ImageObject\",\"inLanguage\":\"pt-BR\",\"@id\":\"https:\\\/\\\/redenoticiaz.com.br\\\/ribeiraopreto-regiao\\\/sp\\\/2022\\\/12\\\/29\\\/key-alves-pede-folga-e-aumentam-rumores-de-que-a-jogadora-de-volei-ira-para-o-bbb#primaryimage\",\"url\":\"https:\\\/\\\/redenoticiaz.com.br\\\/ribeiraopreto-regiao\\\/wp-content\\\/uploads\\\/sites\\\/4\\\/2022\\\/12\\\/key_alves-jugadora-de-voleibol-que-triunfa-en-onlyfans_crop1658984442198.jpg_242310155.jpg?v=1672342961\",\"contentUrl\":\"https:\\\/\\\/redenoticiaz.com.br\\\/ribeiraopreto-regiao\\\/wp-content\\\/uploads\\\/sites\\\/4\\\/2022\\\/12\\\/key_alves-jugadora-de-voleibol-que-triunfa-en-onlyfans_crop1658984442198.jpg_242310155.jpg?v=1672342961\",\"width\":1200,\"height\":740,\"caption\":\"Key Alves pede folga e aumentam rumores de que a jogadora de v\u00f4lei ir\u00e1 para o BBB\"},{\"@type\":\"WebSite\",\"@id\":\"https:\\\/\\\/redenoticiaz.com.br\\\/ribeiraopreto-regiao\\\/#website\",\"url\":\"https:\\\/\\\/redenoticiaz.com.br\\\/ribeiraopreto-regiao\\\/\",\"name\":\"Ribeir\u00e3o Preto e Regi\u00e3o\",\"description\":\"Rede NoticiaZ - Ribeir\u00e3o Preto e regi\u00e3o\",\"publisher\":{\"@id\":\"https:\\\/\\\/redenoticiaz.com.br\\\/ribeiraopreto-regiao\\\/#organization\"},\"potentialAction\":[{\"@type\":\"SearchAction\",\"target\":{\"@type\":\"EntryPoint\",\"urlTemplate\":\"https:\\\/\\\/redenoticiaz.com.br\\\/ribeiraopreto-regiao\\\/?s={search_term_string}\"},\"query-input\":{\"@type\":\"PropertyValueSpecification\",\"valueRequired\":true,\"valueName\":\"search_term_string\"}}],\"inLanguage\":\"pt-BR\"},{\"@type\":\"Organization\",\"@id\":\"https:\\\/\\\/redenoticiaz.com.br\\\/ribeiraopreto-regiao\\\/#organization\",\"name\":\"Ribeir\u00e3o Preto e Regi\u00e3o\",\"url\":\"https:\\\/\\\/redenoticiaz.com.br\\\/ribeiraopreto-regiao\\\/\",\"logo\":{\"@type\":\"ImageObject\",\"inLanguage\":\"pt-BR\",\"@id\":\"https:\\\/\\\/redenoticiaz.com.br\\\/ribeiraopreto-regiao\\\/#\\\/schema\\\/logo\\\/image\\\/\",\"url\":\"https:\\\/\\\/redenoticiaz.com.br\\\/barretos-regiao\\\/wp-content\\\/uploads\\\/sites\\\/4\\\/2022\\\/02\\\/logo.jpg\",\"contentUrl\":\"https:\\\/\\\/redenoticiaz.com.br\\\/barretos-regiao\\\/wp-content\\\/uploads\\\/sites\\\/4\\\/2022\\\/02\\\/logo.jpg\",\"width\":400,\"height\":250,\"caption\":\"Ribeir\u00e3o Preto e Regi\u00e3o\"},\"image\":{\"@id\":\"https:\\\/\\\/redenoticiaz.com.br\\\/ribeiraopreto-regiao\\\/#\\\/schema\\\/logo\\\/image\\\/\"},\"sameAs\":[\"https:\\\/\\\/m.facebook.com\\\/redenoticiaz.barretos\",\"https:\\\/\\\/x.com\\\/RN_barretos\",\"https:\\\/\\\/www.instagram.com\\\/redenoticiaz.barretos\\\/?igshid=YmMyMTA2M2Y\",\"https:\\\/\\\/www.linkedin.com\\\/company\\\/rede-noticiaz-barretos-e-regio\\\/\"]},{\"@type\":\"Person\",\"@id\":\"https:\\\/\\\/redenoticiaz.com.br\\\/ribeiraopreto-regiao\\\/#\\\/schema\\\/person\\\/16057b37a3c0ee6b096d7f887c566e2e\",\"name\":\"Gustavo Silva\",\"image\":{\"@type\":\"ImageObject\",\"inLanguage\":\"pt-BR\",\"@id\":\"https:\\\/\\\/secure.gravatar.com\\\/avatar\\\/3ee4e82f93b26de0a7cf4ea5eb7893da637ed6bb0c9170c58065944c56e28a33?s=96&d=mm&r=g\",\"url\":\"https:\\\/\\\/secure.gravatar.com\\\/avatar\\\/3ee4e82f93b26de0a7cf4ea5eb7893da637ed6bb0c9170c58065944c56e28a33?s=96&d=mm&r=g\",\"contentUrl\":\"https:\\\/\\\/secure.gravatar.com\\\/avatar\\\/3ee4e82f93b26de0a7cf4ea5eb7893da637ed6bb0c9170c58065944c56e28a33?s=96&d=mm&r=g\",\"caption\":\"Gustavo Silva\"},\"url\":\"https:\\\/\\\/redenoticiaz.com.br\\\/ribeiraopreto-regiao\\\/sp\\\/author\\\/gustavosilva\"}]}<\/script>\n<!-- \/ Yoast SEO plugin. -->","yoast_head_json":{"title":"Key Alves pede folga e aumentam rumores de que a jogadora de v\u00f4lei ir\u00e1 para o BBB - Ribeir\u00e3o Preto e Regi\u00e3o","description":"Key Alves \u00e9 jogadora de v\u00f4lei e \u00e9 cotada para participar do BBB 23. Segundo rumores, a atleta teria pedido folga de uma semana de seu clube.","robots":{"index":"index","follow":"follow","max-snippet":"max-snippet:-1","max-image-preview":"max-image-preview:large","max-video-preview":"max-video-preview:-1"},"canonical":"https:\/\/redenoticiaz.com.br\/ribeiraopreto-regiao\/sp\/2022\/12\/29\/key-alves-pede-folga-e-aumentam-rumores-de-que-a-jogadora-de-volei-ira-para-o-bbb","og_locale":"pt_BR","og_type":"article","og_title":"Key Alves pede folga e aumentam rumores de que a jogadora de v\u00f4lei ir\u00e1 para o BBB - Ribeir\u00e3o Preto e Regi\u00e3o","og_description":"Key Alves \u00e9 jogadora de v\u00f4lei e \u00e9 cotada para participar do BBB 23. Segundo rumores, a atleta teria pedido folga de uma semana de seu clube.","og_url":"https:\/\/redenoticiaz.com.br\/ribeiraopreto-regiao\/sp\/2022\/12\/29\/key-alves-pede-folga-e-aumentam-rumores-de-que-a-jogadora-de-volei-ira-para-o-bbb","og_site_name":"Ribeir\u00e3o Preto e Regi\u00e3o","article_publisher":"https:\/\/m.facebook.com\/redenoticiaz.barretos","article_published_time":"2022-12-29T19:42:54+00:00","article_modified_time":"2022-12-29T19:43:43+00:00","og_image":[{"width":1200,"height":740,"url":"https:\/\/redenoticiaz.com.br\/ribeiraopreto-regiao\/wp-content\/uploads\/sites\/4\/2022\/12\/key_alves-jugadora-de-voleibol-que-triunfa-en-onlyfans_crop1658984442198.jpg_242310155.jpg?v=1672342961","type":"image\/jpeg"}],"author":"Gustavo Silva","twitter_card":"summary_large_image","twitter_creator":"@RN_barretos","twitter_site":"@RN_barretos","twitter_misc":{"Escrito por":"Gustavo Silva","Est. tempo de leitura":"1 minuto"},"schema":{"@context":"https:\/\/schema.org","@graph":[{"@type":"Article","@id":"https:\/\/redenoticiaz.com.br\/ribeiraopreto-regiao\/sp\/2022\/12\/29\/key-alves-pede-folga-e-aumentam-rumores-de-que-a-jogadora-de-volei-ira-para-o-bbb#article","isPartOf":{"@id":"https:\/\/redenoticiaz.com.br\/ribeiraopreto-regiao\/sp\/2022\/12\/29\/key-alves-pede-folga-e-aumentam-rumores-de-que-a-jogadora-de-volei-ira-para-o-bbb"},"author":{"name":"Gustavo Silva","@id":"https:\/\/redenoticiaz.com.br\/ribeiraopreto-regiao\/#\/schema\/person\/16057b37a3c0ee6b096d7f887c566e2e"},"headline":"Key Alves pede folga e aumentam rumores de que a jogadora de v\u00f4lei ir\u00e1 para o BBB","datePublished":"2022-12-29T19:42:54+00:00","dateModified":"2022-12-29T19:43:43+00:00","mainEntityOfPage":{"@id":"https:\/\/redenoticiaz.com.br\/ribeiraopreto-regiao\/sp\/2022\/12\/29\/key-alves-pede-folga-e-aumentam-rumores-de-que-a-jogadora-de-volei-ira-para-o-bbb"},"wordCount":203,"commentCount":0,"publisher":{"@id":"https:\/\/redenoticiaz.com.br\/ribeiraopreto-regiao\/#organization"},"image":{"@id":"https:\/\/redenoticiaz.com.br\/ribeiraopreto-regiao\/sp\/2022\/12\/29\/key-alves-pede-folga-e-aumentam-rumores-de-que-a-jogadora-de-volei-ira-para-o-bbb#primaryimage"},"thumbnailUrl":"https:\/\/redenoticiaz.com.br\/ribeiraopreto-regiao\/wp-content\/uploads\/sites\/4\/2022\/12\/key_alves-jugadora-de-voleibol-que-triunfa-en-onlyfans_crop1658984442198.jpg_242310155.jpg?v=1672342961","keywords":["BBB","Big Brother Brasil 23","JORNALISTA LEO DIAS","Key Alves"],"articleSection":["Entretenimento"],"inLanguage":"pt-BR","potentialAction":[{"@type":"CommentAction","name":"Comment","target":["https:\/\/redenoticiaz.com.br\/ribeiraopreto-regiao\/sp\/2022\/12\/29\/key-alves-pede-folga-e-aumentam-rumores-de-que-a-jogadora-de-volei-ira-para-o-bbb#respond"]}]},{"@type":"WebPage","@id":"https:\/\/redenoticiaz.com.br\/ribeiraopreto-regiao\/sp\/2022\/12\/29\/key-alves-pede-folga-e-aumentam-rumores-de-que-a-jogadora-de-volei-ira-para-o-bbb","url":"https:\/\/redenoticiaz.com.br\/ribeiraopreto-regiao\/sp\/2022\/12\/29\/key-alves-pede-folga-e-aumentam-rumores-de-que-a-jogadora-de-volei-ira-para-o-bbb","name":"Key Alves pede folga e aumentam rumores de que a jogadora de v\u00f4lei ir\u00e1 para o BBB - Ribeir\u00e3o Preto e Regi\u00e3o","isPartOf":{"@id":"https:\/\/redenoticiaz.com.br\/ribeiraopreto-regiao\/#website"},"primaryImageOfPage":{"@id":"https:\/\/redenoticiaz.com.br\/ribeiraopreto-regiao\/sp\/2022\/12\/29\/key-alves-pede-folga-e-aumentam-rumores-de-que-a-jogadora-de-volei-ira-para-o-bbb#primaryimage"},"image":{"@id":"https:\/\/redenoticiaz.com.br\/ribeiraopreto-regiao\/sp\/2022\/12\/29\/key-alves-pede-folga-e-aumentam-rumores-de-que-a-jogadora-de-volei-ira-para-o-bbb#primaryimage"},"thumbnailUrl":"https:\/\/redenoticiaz.com.br\/ribeiraopreto-regiao\/wp-content\/uploads\/sites\/4\/2022\/12\/key_alves-jugadora-de-voleibol-que-triunfa-en-onlyfans_crop1658984442198.jpg_242310155.jpg?v=1672342961","datePublished":"2022-12-29T19:42:54+00:00","dateModified":"2022-12-29T19:43:43+00:00","description":"Key Alves \u00e9 jogadora de v\u00f4lei e \u00e9 cotada para participar do BBB 23. Segundo rumores, a atleta teria pedido folga de uma semana de seu clube.","inLanguage":"pt-BR","potentialAction":[{"@type":"ReadAction","target":["https:\/\/redenoticiaz.com.br\/ribeiraopreto-regiao\/sp\/2022\/12\/29\/key-alves-pede-folga-e-aumentam-rumores-de-que-a-jogadora-de-volei-ira-para-o-bbb"]}]},{"@type":"ImageObject","inLanguage":"pt-BR","@id":"https:\/\/redenoticiaz.com.br\/ribeiraopreto-regiao\/sp\/2022\/12\/29\/key-alves-pede-folga-e-aumentam-rumores-de-que-a-jogadora-de-volei-ira-para-o-bbb#primaryimage","url":"https:\/\/redenoticiaz.com.br\/ribeiraopreto-regiao\/wp-content\/uploads\/sites\/4\/2022\/12\/key_alves-jugadora-de-voleibol-que-triunfa-en-onlyfans_crop1658984442198.jpg_242310155.jpg?v=1672342961","contentUrl":"https:\/\/redenoticiaz.com.br\/ribeiraopreto-regiao\/wp-content\/uploads\/sites\/4\/2022\/12\/key_alves-jugadora-de-voleibol-que-triunfa-en-onlyfans_crop1658984442198.jpg_242310155.jpg?v=1672342961","width":1200,"height":740,"caption":"Key Alves pede folga e aumentam rumores de que a jogadora de v\u00f4lei ir\u00e1 para o BBB"},{"@type":"WebSite","@id":"https:\/\/redenoticiaz.com.br\/ribeiraopreto-regiao\/#website","url":"https:\/\/redenoticiaz.com.br\/ribeiraopreto-regiao\/","name":"Ribeir\u00e3o Preto e Regi\u00e3o","description":"Rede NoticiaZ - Ribeir\u00e3o Preto e regi\u00e3o","publisher":{"@id":"https:\/\/redenoticiaz.com.br\/ribeiraopreto-regiao\/#organization"},"potentialAction":[{"@type":"SearchAction","target":{"@type":"EntryPoint","urlTemplate":"https:\/\/redenoticiaz.com.br\/ribeiraopreto-regiao\/?s={search_term_string}"},"query-input":{"@type":"PropertyValueSpecification","valueRequired":true,"valueName":"search_term_string"}}],"inLanguage":"pt-BR"},{"@type":"Organization","@id":"https:\/\/redenoticiaz.com.br\/ribeiraopreto-regiao\/#organization","name":"Ribeir\u00e3o Preto e Regi\u00e3o","url":"https:\/\/redenoticiaz.com.br\/ribeiraopreto-regiao\/","logo":{"@type":"ImageObject","inLanguage":"pt-BR","@id":"https:\/\/redenoticiaz.com.br\/ribeiraopreto-regiao\/#\/schema\/logo\/image\/","url":"https:\/\/redenoticiaz.com.br\/barretos-regiao\/wp-content\/uploads\/sites\/4\/2022\/02\/logo.jpg","contentUrl":"https:\/\/redenoticiaz.com.br\/barretos-regiao\/wp-content\/uploads\/sites\/4\/2022\/02\/logo.jpg","width":400,"height":250,"caption":"Ribeir\u00e3o Preto e Regi\u00e3o"},"image":{"@id":"https:\/\/redenoticiaz.com.br\/ribeiraopreto-regiao\/#\/schema\/logo\/image\/"},"sameAs":["https:\/\/m.facebook.com\/redenoticiaz.barretos","https:\/\/x.com\/RN_barretos","https:\/\/www.instagram.com\/redenoticiaz.barretos\/?igshid=YmMyMTA2M2Y","https:\/\/www.linkedin.com\/company\/rede-noticiaz-barretos-e-regio\/"]},{"@type":"Person","@id":"https:\/\/redenoticiaz.com.br\/ribeiraopreto-regiao\/#\/schema\/person\/16057b37a3c0ee6b096d7f887c566e2e","name":"Gustavo Silva","image":{"@type":"ImageObject","inLanguage":"pt-BR","@id":"https:\/\/secure.gravatar.com\/avatar\/3ee4e82f93b26de0a7cf4ea5eb7893da637ed6bb0c9170c58065944c56e28a33?s=96&d=mm&r=g","url":"https:\/\/secure.gravatar.com\/avatar\/3ee4e82f93b26de0a7cf4ea5eb7893da637ed6bb0c9170c58065944c56e28a33?s=96&d=mm&r=g","contentUrl":"https:\/\/secure.gravatar.com\/avatar\/3ee4e82f93b26de0a7cf4ea5eb7893da637ed6bb0c9170c58065944c56e28a33?s=96&d=mm&r=g","caption":"Gustavo Silva"},"url":"https:\/\/redenoticiaz.com.br\/ribeiraopreto-regiao\/sp\/author\/gustavosilva"}]}},"_links":{"self":[{"href":"https:\/\/redenoticiaz.com.br\/ribeiraopreto-regiao\/wp-json\/wp\/v2\/posts\/97662","targetHints":{"allow":["GET"]}}],"collection":[{"href":"https:\/\/redenoticiaz.com.br\/ribeiraopreto-regiao\/wp-json\/wp\/v2\/posts"}],"about":[{"href":"https:\/\/redenoticiaz.com.br\/ribeiraopreto-regiao\/wp-json\/wp\/v2\/types\/post"}],"author":[{"embeddable":true,"href":"https:\/\/redenoticiaz.com.br\/ribeiraopreto-regiao\/wp-json\/wp\/v2\/users\/12"}],"replies":[{"embeddable":true,"href":"https:\/\/redenoticiaz.com.br\/ribeiraopreto-regiao\/wp-json\/wp\/v2\/comments?post=97662"}],"version-history":[{"count":0,"href":"https:\/\/redenoticiaz.com.br\/ribeiraopreto-regiao\/wp-json\/wp\/v2\/posts\/97662\/revisions"}],"wp:featuredmedia":[{"embeddable":true,"href":"https:\/\/redenoticiaz.com.br\/ribeiraopreto-regiao\/wp-json\/wp\/v2\/media\/97663"}],"wp:attachment":[{"href":"https:\/\/redenoticiaz.com.br\/ribeiraopreto-regiao\/wp-json\/wp\/v2\/media?parent=97662"}],"wp:term":[{"taxonomy":"category","embeddable":true,"href":"https:\/\/redenoticiaz.com.br\/ribeiraopreto-regiao\/wp-json\/wp\/v2\/categories?post=97662"},{"taxonomy":"post_tag","embeddable":true,"href":"https:\/\/redenoticiaz.com.br\/ribeiraopreto-regiao\/wp-json\/wp\/v2\/tags?post=97662"}],"curies":[{"name":"wp","href":"https:\/\/api.w.org\/{rel}","templated":true}]}}