{"id":97718,"date":"2022-12-30T14:53:13","date_gmt":"2022-12-30T17:53:13","guid":{"rendered":"https:\/\/redenoticiaz.com.br\/barretos-regiao\/?p=97718"},"modified":"2022-12-30T14:53:13","modified_gmt":"2022-12-30T17:53:13","slug":"cerimonia-marca-abertura-da-etapa-barretense-da-copinha-2023","status":"publish","type":"post","link":"https:\/\/redenoticiaz.com.br\/ribeiraopreto-regiao\/sp\/2022\/12\/30\/cerimonia-marca-abertura-da-etapa-barretense-da-copinha-2023","title":{"rendered":"Cerim\u00f4nia marca abertura da etapa barretense da Copinha 2023"},"content":{"rendered":"<div>A prefeitura da Est\u00e2ncia Tur\u00edstica de Barretos, por meio da parceria entre as secretarias municipais de Esportes e Lazer e Cultura, promove no pr\u00f3ximo dia 02 de janeiro de 2023 a cerim\u00f4nia de abertura da etapa barretense da 53\u00aa edi\u00e7\u00e3o da Copa S\u00e3o Paulo de Futebol J\u00fanior.<\/div>\n<div><\/div>\n<div><\/div>\n<div>A prefeita Paula Lemos falou da import\u00e2ncia do evento para a cidade. &#8220;Pela primeira vez na hist\u00f3ria Barretos \u00e9 sede da Copinha, o maior campeonato de futebol de base, que re\u00fane times do Brasil todo. Este \u00e9 um momento muito importante para a nossa cidade e mostra o compromisso desta administra\u00e7\u00e3o com o esporte, o turismo e o lazer. Convido a todos os apaixonados por futebol a prestigiarem esta cerim\u00f4nia&#8221;, destacou.<\/div>\n<div><\/div>\n<div><\/div>\n<div>O evento, que ser\u00e1 realizado no Gin\u00e1sio de Esportes do Complexo Poliesportivo Jo\u00e3o Batista da Rocha, o Roch\u00e3o, a partir das 18h30, ainda contar\u00e1 com a apresenta\u00e7\u00e3o art\u00edstica &#8220;Sonhar, acreditar e ter f\u00e9&#8221;. Dirigido e coreografado por Aristeu Faustino, o espet\u00e1culo ter\u00e1 participa\u00e7\u00e3o de artistas circenses, b-boys dancers de hip hop, bailarinos cl\u00e1ssicos e crian\u00e7as que vivem a cultura da dan\u00e7a. Durante a cerim\u00f4nia tamb\u00e9m ser\u00e3o apresentados os jogadores do time Sub-20 do Barretos Esporte Clube (BEC) que disputar\u00e3o o campeonato.<\/div>\n<div><\/div>\n<div><\/div>\n<div>Os jogos do grupo sete da Copinha 2023 acontecem entre os dias 03 e 09 de janeiro, no Est\u00e1dio Ant\u00f4nio Gomes Martins, com entrada gratuita. O grupo \u00e9 composto pelo BEC, Clube Athl\u00e9tico Paranaense (PR), Sociedade Esportiva de Picos (PI) e o Esporte Clube S\u00e3o Bento.<\/div>\n<div><\/div>\n<div>VEJA TAMB\u00c9M:\u00a0<a href=\"https:\/\/redenoticiaz.com.br\/barretos-regiao\/sp\/2022\/12\/11\/sede-da-copinha-2023-barretos-ja-tem-datas-de-jogos-definidas\">Sede da Copinha 2023, Barretos j\u00e1 tem datas de jogos definidas<\/a><\/div>\n","protected":false},"excerpt":{"rendered":"<p>A prefeitura da Est\u00e2ncia Tur\u00edstica de Barretos, por meio da parceria entre as secretarias municipais de Esportes e Lazer e Cultura, promove no pr\u00f3ximo dia 02 de janeiro de 2023 a cerim\u00f4nia de abertura da etapa barretense da 53\u00aa edi\u00e7\u00e3o da Copa S\u00e3o Paulo de Futebol J\u00fanior. A prefeita Paula Lemos falou da import\u00e2ncia do &hellip;<\/p>\n","protected":false},"author":15,"featured_media":97719,"comment_status":"open","ping_status":"closed","sticky":false,"template":"","format":"standard","meta":{"footnotes":""},"categories":[87],"tags":[64,22180,23376],"class_list":["post-97718","post","type-post","status-publish","format-standard","has-post-thumbnail","hentry","category-esporte","tag-barretos","tag-cerimonia-de-abertura","tag-copinha-2023"],"yoast_head":"<!-- This site is optimized with the Yoast SEO plugin v27.4 - https:\/\/yoast.com\/product\/yoast-seo-wordpress\/ -->\n<title>Cerim\u00f4nia marca abertura da etapa barretense da Copinha 2023 - Ribeir\u00e3o Preto e Regi\u00e3o<\/title>\n<meta name=\"description\" content=\"Barretos, por meio da parceria entre as secretarias municipais de Esportes e Lazer e Cultura, promove no pr\u00f3ximo dia 02 de janeiro\" \/>\n<meta name=\"robots\" content=\"index, follow, max-snippet:-1, max-image-preview:large, max-video-preview:-1\" \/>\n<link rel=\"canonical\" href=\"https:\/\/redenoticiaz.com.br\/ribeiraopreto-regiao\/sp\/2022\/12\/30\/cerimonia-marca-abertura-da-etapa-barretense-da-copinha-2023\" \/>\n<meta property=\"og:locale\" content=\"pt_BR\" \/>\n<meta property=\"og:type\" content=\"article\" \/>\n<meta property=\"og:title\" content=\"Cerim\u00f4nia marca abertura da etapa barretense da Copinha 2023 - Ribeir\u00e3o Preto e Regi\u00e3o\" \/>\n<meta property=\"og:description\" content=\"Barretos, por meio da parceria entre as secretarias municipais de Esportes e Lazer e Cultura, promove no pr\u00f3ximo dia 02 de janeiro\" \/>\n<meta property=\"og:url\" content=\"https:\/\/redenoticiaz.com.br\/ribeiraopreto-regiao\/sp\/2022\/12\/30\/cerimonia-marca-abertura-da-etapa-barretense-da-copinha-2023\" \/>\n<meta property=\"og:site_name\" content=\"Ribeir\u00e3o Preto e Regi\u00e3o\" \/>\n<meta property=\"article:publisher\" content=\"https:\/\/m.facebook.com\/redenoticiaz.barretos\" \/>\n<meta property=\"article:published_time\" content=\"2022-12-30T17:53:13+00:00\" \/>\n<meta property=\"og:image\" content=\"https:\/\/redenoticiaz.com.br\/ribeiraopreto-regiao\/wp-content\/uploads\/sites\/4\/2022\/12\/37a749d808e46495a8da1e5352d03cae-1.jpg\" \/>\n\t<meta property=\"og:image:width\" content=\"1280\" \/>\n\t<meta property=\"og:image:height\" content=\"854\" \/>\n\t<meta property=\"og:image:type\" content=\"image\/jpeg\" \/>\n<meta name=\"twitter:card\" content=\"summary_large_image\" \/>\n<meta name=\"twitter:creator\" content=\"@RN_barretos\" \/>\n<meta name=\"twitter:site\" content=\"@RN_barretos\" \/>\n<meta name=\"twitter:label1\" content=\"Escrito por\" \/>\n\t<meta name=\"twitter:data1\" content=\"\" \/>\n\t<meta name=\"twitter:label2\" content=\"Est. tempo de leitura\" \/>\n\t<meta name=\"twitter:data2\" content=\"2 minutos\" \/>\n<script type=\"application\/ld+json\" class=\"yoast-schema-graph\">{\"@context\":\"https:\\\/\\\/schema.org\",\"@graph\":[{\"@type\":\"Article\",\"@id\":\"https:\\\/\\\/redenoticiaz.com.br\\\/ribeiraopreto-regiao\\\/sp\\\/2022\\\/12\\\/30\\\/cerimonia-marca-abertura-da-etapa-barretense-da-copinha-2023#article\",\"isPartOf\":{\"@id\":\"https:\\\/\\\/redenoticiaz.com.br\\\/ribeiraopreto-regiao\\\/sp\\\/2022\\\/12\\\/30\\\/cerimonia-marca-abertura-da-etapa-barretense-da-copinha-2023\"},\"author\":{\"name\":\"\",\"@id\":\"\"},\"headline\":\"Cerim\u00f4nia marca abertura da etapa barretense da Copinha 2023\",\"datePublished\":\"2022-12-30T17:53:13+00:00\",\"mainEntityOfPage\":{\"@id\":\"https:\\\/\\\/redenoticiaz.com.br\\\/ribeiraopreto-regiao\\\/sp\\\/2022\\\/12\\\/30\\\/cerimonia-marca-abertura-da-etapa-barretense-da-copinha-2023\"},\"wordCount\":288,\"commentCount\":0,\"publisher\":{\"@id\":\"https:\\\/\\\/redenoticiaz.com.br\\\/ribeiraopreto-regiao\\\/#organization\"},\"image\":{\"@id\":\"https:\\\/\\\/redenoticiaz.com.br\\\/ribeiraopreto-regiao\\\/sp\\\/2022\\\/12\\\/30\\\/cerimonia-marca-abertura-da-etapa-barretense-da-copinha-2023#primaryimage\"},\"thumbnailUrl\":\"https:\\\/\\\/redenoticiaz.com.br\\\/ribeiraopreto-regiao\\\/wp-content\\\/uploads\\\/sites\\\/4\\\/2022\\\/12\\\/37a749d808e46495a8da1e5352d03cae-1.jpg\",\"keywords\":[\"BARRETOS\",\"CERIM\u00d4NIA DE ABERTURA\",\"COPINHA 2023\"],\"articleSection\":[\"Esporte\"],\"inLanguage\":\"pt-BR\",\"potentialAction\":[{\"@type\":\"CommentAction\",\"name\":\"Comment\",\"target\":[\"https:\\\/\\\/redenoticiaz.com.br\\\/ribeiraopreto-regiao\\\/sp\\\/2022\\\/12\\\/30\\\/cerimonia-marca-abertura-da-etapa-barretense-da-copinha-2023#respond\"]}]},{\"@type\":\"WebPage\",\"@id\":\"https:\\\/\\\/redenoticiaz.com.br\\\/ribeiraopreto-regiao\\\/sp\\\/2022\\\/12\\\/30\\\/cerimonia-marca-abertura-da-etapa-barretense-da-copinha-2023\",\"url\":\"https:\\\/\\\/redenoticiaz.com.br\\\/ribeiraopreto-regiao\\\/sp\\\/2022\\\/12\\\/30\\\/cerimonia-marca-abertura-da-etapa-barretense-da-copinha-2023\",\"name\":\"Cerim\u00f4nia marca abertura da etapa barretense da Copinha 2023 - Ribeir\u00e3o Preto e Regi\u00e3o\",\"isPartOf\":{\"@id\":\"https:\\\/\\\/redenoticiaz.com.br\\\/ribeiraopreto-regiao\\\/#website\"},\"primaryImageOfPage\":{\"@id\":\"https:\\\/\\\/redenoticiaz.com.br\\\/ribeiraopreto-regiao\\\/sp\\\/2022\\\/12\\\/30\\\/cerimonia-marca-abertura-da-etapa-barretense-da-copinha-2023#primaryimage\"},\"image\":{\"@id\":\"https:\\\/\\\/redenoticiaz.com.br\\\/ribeiraopreto-regiao\\\/sp\\\/2022\\\/12\\\/30\\\/cerimonia-marca-abertura-da-etapa-barretense-da-copinha-2023#primaryimage\"},\"thumbnailUrl\":\"https:\\\/\\\/redenoticiaz.com.br\\\/ribeiraopreto-regiao\\\/wp-content\\\/uploads\\\/sites\\\/4\\\/2022\\\/12\\\/37a749d808e46495a8da1e5352d03cae-1.jpg\",\"datePublished\":\"2022-12-30T17:53:13+00:00\",\"description\":\"Barretos, por meio da parceria entre as secretarias municipais de Esportes e Lazer e Cultura, promove no pr\u00f3ximo dia 02 de janeiro\",\"inLanguage\":\"pt-BR\",\"potentialAction\":[{\"@type\":\"ReadAction\",\"target\":[\"https:\\\/\\\/redenoticiaz.com.br\\\/ribeiraopreto-regiao\\\/sp\\\/2022\\\/12\\\/30\\\/cerimonia-marca-abertura-da-etapa-barretense-da-copinha-2023\"]}]},{\"@type\":\"ImageObject\",\"inLanguage\":\"pt-BR\",\"@id\":\"https:\\\/\\\/redenoticiaz.com.br\\\/ribeiraopreto-regiao\\\/sp\\\/2022\\\/12\\\/30\\\/cerimonia-marca-abertura-da-etapa-barretense-da-copinha-2023#primaryimage\",\"url\":\"https:\\\/\\\/redenoticiaz.com.br\\\/ribeiraopreto-regiao\\\/wp-content\\\/uploads\\\/sites\\\/4\\\/2022\\\/12\\\/37a749d808e46495a8da1e5352d03cae-1.jpg\",\"contentUrl\":\"https:\\\/\\\/redenoticiaz.com.br\\\/ribeiraopreto-regiao\\\/wp-content\\\/uploads\\\/sites\\\/4\\\/2022\\\/12\\\/37a749d808e46495a8da1e5352d03cae-1.jpg\",\"width\":1280,\"height\":854,\"caption\":\"Cr\u00e9dito: Divulga\u00e7\u00e3o\"},{\"@type\":\"WebSite\",\"@id\":\"https:\\\/\\\/redenoticiaz.com.br\\\/ribeiraopreto-regiao\\\/#website\",\"url\":\"https:\\\/\\\/redenoticiaz.com.br\\\/ribeiraopreto-regiao\\\/\",\"name\":\"Ribeir\u00e3o Preto e Regi\u00e3o\",\"description\":\"Rede NoticiaZ - Ribeir\u00e3o Preto e regi\u00e3o\",\"publisher\":{\"@id\":\"https:\\\/\\\/redenoticiaz.com.br\\\/ribeiraopreto-regiao\\\/#organization\"},\"potentialAction\":[{\"@type\":\"SearchAction\",\"target\":{\"@type\":\"EntryPoint\",\"urlTemplate\":\"https:\\\/\\\/redenoticiaz.com.br\\\/ribeiraopreto-regiao\\\/?s={search_term_string}\"},\"query-input\":{\"@type\":\"PropertyValueSpecification\",\"valueRequired\":true,\"valueName\":\"search_term_string\"}}],\"inLanguage\":\"pt-BR\"},{\"@type\":\"Organization\",\"@id\":\"https:\\\/\\\/redenoticiaz.com.br\\\/ribeiraopreto-regiao\\\/#organization\",\"name\":\"Ribeir\u00e3o Preto e Regi\u00e3o\",\"url\":\"https:\\\/\\\/redenoticiaz.com.br\\\/ribeiraopreto-regiao\\\/\",\"logo\":{\"@type\":\"ImageObject\",\"inLanguage\":\"pt-BR\",\"@id\":\"https:\\\/\\\/redenoticiaz.com.br\\\/ribeiraopreto-regiao\\\/#\\\/schema\\\/logo\\\/image\\\/\",\"url\":\"https:\\\/\\\/redenoticiaz.com.br\\\/barretos-regiao\\\/wp-content\\\/uploads\\\/sites\\\/4\\\/2022\\\/02\\\/logo.jpg\",\"contentUrl\":\"https:\\\/\\\/redenoticiaz.com.br\\\/barretos-regiao\\\/wp-content\\\/uploads\\\/sites\\\/4\\\/2022\\\/02\\\/logo.jpg\",\"width\":400,\"height\":250,\"caption\":\"Ribeir\u00e3o Preto e Regi\u00e3o\"},\"image\":{\"@id\":\"https:\\\/\\\/redenoticiaz.com.br\\\/ribeiraopreto-regiao\\\/#\\\/schema\\\/logo\\\/image\\\/\"},\"sameAs\":[\"https:\\\/\\\/m.facebook.com\\\/redenoticiaz.barretos\",\"https:\\\/\\\/x.com\\\/RN_barretos\",\"https:\\\/\\\/www.instagram.com\\\/redenoticiaz.barretos\\\/?igshid=YmMyMTA2M2Y\",\"https:\\\/\\\/www.linkedin.com\\\/company\\\/rede-noticiaz-barretos-e-regio\\\/\"]},{\"@type\":\"Person\",\"@id\":\"\",\"url\":\"https:\\\/\\\/redenoticiaz.com.br\\\/ribeiraopreto-regiao\\\/sp\\\/author\"}]}<\/script>\n<!-- \/ Yoast SEO plugin. -->","yoast_head_json":{"title":"Cerim\u00f4nia marca abertura da etapa barretense da Copinha 2023 - Ribeir\u00e3o Preto e Regi\u00e3o","description":"Barretos, por meio da parceria entre as secretarias municipais de Esportes e Lazer e Cultura, promove no pr\u00f3ximo dia 02 de janeiro","robots":{"index":"index","follow":"follow","max-snippet":"max-snippet:-1","max-image-preview":"max-image-preview:large","max-video-preview":"max-video-preview:-1"},"canonical":"https:\/\/redenoticiaz.com.br\/ribeiraopreto-regiao\/sp\/2022\/12\/30\/cerimonia-marca-abertura-da-etapa-barretense-da-copinha-2023","og_locale":"pt_BR","og_type":"article","og_title":"Cerim\u00f4nia marca abertura da etapa barretense da Copinha 2023 - Ribeir\u00e3o Preto e Regi\u00e3o","og_description":"Barretos, por meio da parceria entre as secretarias municipais de Esportes e Lazer e Cultura, promove no pr\u00f3ximo dia 02 de janeiro","og_url":"https:\/\/redenoticiaz.com.br\/ribeiraopreto-regiao\/sp\/2022\/12\/30\/cerimonia-marca-abertura-da-etapa-barretense-da-copinha-2023","og_site_name":"Ribeir\u00e3o Preto e Regi\u00e3o","article_publisher":"https:\/\/m.facebook.com\/redenoticiaz.barretos","article_published_time":"2022-12-30T17:53:13+00:00","og_image":[{"width":1280,"height":854,"url":"https:\/\/redenoticiaz.com.br\/ribeiraopreto-regiao\/wp-content\/uploads\/sites\/4\/2022\/12\/37a749d808e46495a8da1e5352d03cae-1.jpg","type":"image\/jpeg"}],"twitter_card":"summary_large_image","twitter_creator":"@RN_barretos","twitter_site":"@RN_barretos","twitter_misc":{"Escrito por":"","Est. tempo de leitura":"2 minutos"},"schema":{"@context":"https:\/\/schema.org","@graph":[{"@type":"Article","@id":"https:\/\/redenoticiaz.com.br\/ribeiraopreto-regiao\/sp\/2022\/12\/30\/cerimonia-marca-abertura-da-etapa-barretense-da-copinha-2023#article","isPartOf":{"@id":"https:\/\/redenoticiaz.com.br\/ribeiraopreto-regiao\/sp\/2022\/12\/30\/cerimonia-marca-abertura-da-etapa-barretense-da-copinha-2023"},"author":{"name":"","@id":""},"headline":"Cerim\u00f4nia marca abertura da etapa barretense da Copinha 2023","datePublished":"2022-12-30T17:53:13+00:00","mainEntityOfPage":{"@id":"https:\/\/redenoticiaz.com.br\/ribeiraopreto-regiao\/sp\/2022\/12\/30\/cerimonia-marca-abertura-da-etapa-barretense-da-copinha-2023"},"wordCount":288,"commentCount":0,"publisher":{"@id":"https:\/\/redenoticiaz.com.br\/ribeiraopreto-regiao\/#organization"},"image":{"@id":"https:\/\/redenoticiaz.com.br\/ribeiraopreto-regiao\/sp\/2022\/12\/30\/cerimonia-marca-abertura-da-etapa-barretense-da-copinha-2023#primaryimage"},"thumbnailUrl":"https:\/\/redenoticiaz.com.br\/ribeiraopreto-regiao\/wp-content\/uploads\/sites\/4\/2022\/12\/37a749d808e46495a8da1e5352d03cae-1.jpg","keywords":["BARRETOS","CERIM\u00d4NIA DE ABERTURA","COPINHA 2023"],"articleSection":["Esporte"],"inLanguage":"pt-BR","potentialAction":[{"@type":"CommentAction","name":"Comment","target":["https:\/\/redenoticiaz.com.br\/ribeiraopreto-regiao\/sp\/2022\/12\/30\/cerimonia-marca-abertura-da-etapa-barretense-da-copinha-2023#respond"]}]},{"@type":"WebPage","@id":"https:\/\/redenoticiaz.com.br\/ribeiraopreto-regiao\/sp\/2022\/12\/30\/cerimonia-marca-abertura-da-etapa-barretense-da-copinha-2023","url":"https:\/\/redenoticiaz.com.br\/ribeiraopreto-regiao\/sp\/2022\/12\/30\/cerimonia-marca-abertura-da-etapa-barretense-da-copinha-2023","name":"Cerim\u00f4nia marca abertura da etapa barretense da Copinha 2023 - Ribeir\u00e3o Preto e Regi\u00e3o","isPartOf":{"@id":"https:\/\/redenoticiaz.com.br\/ribeiraopreto-regiao\/#website"},"primaryImageOfPage":{"@id":"https:\/\/redenoticiaz.com.br\/ribeiraopreto-regiao\/sp\/2022\/12\/30\/cerimonia-marca-abertura-da-etapa-barretense-da-copinha-2023#primaryimage"},"image":{"@id":"https:\/\/redenoticiaz.com.br\/ribeiraopreto-regiao\/sp\/2022\/12\/30\/cerimonia-marca-abertura-da-etapa-barretense-da-copinha-2023#primaryimage"},"thumbnailUrl":"https:\/\/redenoticiaz.com.br\/ribeiraopreto-regiao\/wp-content\/uploads\/sites\/4\/2022\/12\/37a749d808e46495a8da1e5352d03cae-1.jpg","datePublished":"2022-12-30T17:53:13+00:00","description":"Barretos, por meio da parceria entre as secretarias municipais de Esportes e Lazer e Cultura, promove no pr\u00f3ximo dia 02 de janeiro","inLanguage":"pt-BR","potentialAction":[{"@type":"ReadAction","target":["https:\/\/redenoticiaz.com.br\/ribeiraopreto-regiao\/sp\/2022\/12\/30\/cerimonia-marca-abertura-da-etapa-barretense-da-copinha-2023"]}]},{"@type":"ImageObject","inLanguage":"pt-BR","@id":"https:\/\/redenoticiaz.com.br\/ribeiraopreto-regiao\/sp\/2022\/12\/30\/cerimonia-marca-abertura-da-etapa-barretense-da-copinha-2023#primaryimage","url":"https:\/\/redenoticiaz.com.br\/ribeiraopreto-regiao\/wp-content\/uploads\/sites\/4\/2022\/12\/37a749d808e46495a8da1e5352d03cae-1.jpg","contentUrl":"https:\/\/redenoticiaz.com.br\/ribeiraopreto-regiao\/wp-content\/uploads\/sites\/4\/2022\/12\/37a749d808e46495a8da1e5352d03cae-1.jpg","width":1280,"height":854,"caption":"Cr\u00e9dito: Divulga\u00e7\u00e3o"},{"@type":"WebSite","@id":"https:\/\/redenoticiaz.com.br\/ribeiraopreto-regiao\/#website","url":"https:\/\/redenoticiaz.com.br\/ribeiraopreto-regiao\/","name":"Ribeir\u00e3o Preto e Regi\u00e3o","description":"Rede NoticiaZ - Ribeir\u00e3o Preto e regi\u00e3o","publisher":{"@id":"https:\/\/redenoticiaz.com.br\/ribeiraopreto-regiao\/#organization"},"potentialAction":[{"@type":"SearchAction","target":{"@type":"EntryPoint","urlTemplate":"https:\/\/redenoticiaz.com.br\/ribeiraopreto-regiao\/?s={search_term_string}"},"query-input":{"@type":"PropertyValueSpecification","valueRequired":true,"valueName":"search_term_string"}}],"inLanguage":"pt-BR"},{"@type":"Organization","@id":"https:\/\/redenoticiaz.com.br\/ribeiraopreto-regiao\/#organization","name":"Ribeir\u00e3o Preto e Regi\u00e3o","url":"https:\/\/redenoticiaz.com.br\/ribeiraopreto-regiao\/","logo":{"@type":"ImageObject","inLanguage":"pt-BR","@id":"https:\/\/redenoticiaz.com.br\/ribeiraopreto-regiao\/#\/schema\/logo\/image\/","url":"https:\/\/redenoticiaz.com.br\/barretos-regiao\/wp-content\/uploads\/sites\/4\/2022\/02\/logo.jpg","contentUrl":"https:\/\/redenoticiaz.com.br\/barretos-regiao\/wp-content\/uploads\/sites\/4\/2022\/02\/logo.jpg","width":400,"height":250,"caption":"Ribeir\u00e3o Preto e Regi\u00e3o"},"image":{"@id":"https:\/\/redenoticiaz.com.br\/ribeiraopreto-regiao\/#\/schema\/logo\/image\/"},"sameAs":["https:\/\/m.facebook.com\/redenoticiaz.barretos","https:\/\/x.com\/RN_barretos","https:\/\/www.instagram.com\/redenoticiaz.barretos\/?igshid=YmMyMTA2M2Y","https:\/\/www.linkedin.com\/company\/rede-noticiaz-barretos-e-regio\/"]},{"@type":"Person","@id":"","url":"https:\/\/redenoticiaz.com.br\/ribeiraopreto-regiao\/sp\/author"}]}},"_links":{"self":[{"href":"https:\/\/redenoticiaz.com.br\/ribeiraopreto-regiao\/wp-json\/wp\/v2\/posts\/97718","targetHints":{"allow":["GET"]}}],"collection":[{"href":"https:\/\/redenoticiaz.com.br\/ribeiraopreto-regiao\/wp-json\/wp\/v2\/posts"}],"about":[{"href":"https:\/\/redenoticiaz.com.br\/ribeiraopreto-regiao\/wp-json\/wp\/v2\/types\/post"}],"author":[{"embeddable":true,"href":"https:\/\/redenoticiaz.com.br\/ribeiraopreto-regiao\/wp-json\/wp\/v2\/users\/15"}],"replies":[{"embeddable":true,"href":"https:\/\/redenoticiaz.com.br\/ribeiraopreto-regiao\/wp-json\/wp\/v2\/comments?post=97718"}],"version-history":[{"count":1,"href":"https:\/\/redenoticiaz.com.br\/ribeiraopreto-regiao\/wp-json\/wp\/v2\/posts\/97718\/revisions"}],"predecessor-version":[{"id":97720,"href":"https:\/\/redenoticiaz.com.br\/ribeiraopreto-regiao\/wp-json\/wp\/v2\/posts\/97718\/revisions\/97720"}],"wp:featuredmedia":[{"embeddable":true,"href":"https:\/\/redenoticiaz.com.br\/ribeiraopreto-regiao\/wp-json\/wp\/v2\/media\/97719"}],"wp:attachment":[{"href":"https:\/\/redenoticiaz.com.br\/ribeiraopreto-regiao\/wp-json\/wp\/v2\/media?parent=97718"}],"wp:term":[{"taxonomy":"category","embeddable":true,"href":"https:\/\/redenoticiaz.com.br\/ribeiraopreto-regiao\/wp-json\/wp\/v2\/categories?post=97718"},{"taxonomy":"post_tag","embeddable":true,"href":"https:\/\/redenoticiaz.com.br\/ribeiraopreto-regiao\/wp-json\/wp\/v2\/tags?post=97718"}],"curies":[{"name":"wp","href":"https:\/\/api.w.org\/{rel}","templated":true}]}}