{"id":97757,"date":"2022-12-31T11:04:19","date_gmt":"2022-12-31T14:04:19","guid":{"rendered":"https:\/\/redenoticiaz.com.br\/barretos-regiao\/sp\/2022\/12\/31\/sao-silvestre-e-dominada-mais-uma-vez-por-africanos"},"modified":"2022-12-31T11:04:19","modified_gmt":"2022-12-31T14:04:19","slug":"sao-silvestre-e-dominada-mais-uma-vez-por-africanos","status":"publish","type":"post","link":"https:\/\/redenoticiaz.com.br\/ribeiraopreto-regiao\/sp\/2022\/12\/31\/sao-silvestre-e-dominada-mais-uma-vez-por-africanos","title":{"rendered":"S\u00e3o Silvestre \u00e9 dominada mais uma vez por africanos"},"content":{"rendered":"<p>Mais uma vez o Brasil n\u00e3o teve \u00eaxito com a<strong> Corrida de S\u00e3o Silvestre<\/strong>. Tanto, no masculino, como no feminino, os africanos foram dominantes e venceram a prova disputada neste s\u00e1bado (31), em S\u00e3o Paulo. No feminino, a queniana Catherine Reline venceu e no masculino, o ugandense Andrew Kwemoi triunfou. Ainda teve Eti\u00f3pia e Tanz\u00e2nia completando o p\u00f3dio, enquanto que o Brasil teve a melhor coloca\u00e7\u00e3o, um quarto lugar.<\/p>\n<p>Ao todo a Avenida Paulista, onde foi a largada e chegada recebeu 32 mil corredores profissionais e amadores. E como n\u00e3o podia faltar, homenagens, fantasias e todo um alto astral que a S\u00e3o Silvestre \u00e9 capaz de transmitir.<\/p>\n<p>No feminino, Keline n\u00e3o teve advers\u00e1ria. As et\u00edopes Yimer Wude e Kabebush Yisma fecharam em segundo e terceiro lugares, respectivamente, mas nunca amea\u00e7aram a vit\u00f3ria da queniana, que manteve o ritmo forte pelo dif\u00edcil percurso, conhecido por suas ladeiras, do in\u00edcio ao fim. A brasileira mais bem colocada foi Jenifer Nascimento, terceira colocada no ano passado, e que dessa vez chegou em quarto lugar.<\/p>\n<p>J\u00e1 Andrew Kwemoi teve mais trabalho. Isso porque Joseph Panga, da Tanz\u00e2nia, esteve na sua cola o tempo todo, mas n\u00e3o conseguiu super\u00e1-lo e ficou com a segunda coloca\u00e7\u00e3o, seguido por outro atleta de Uganda, Maxwell Rotich. O melhor brasileiro foi F\u00e1bio Jesus Correia, que comemorou muito seu quarto lugar e chorou, emocionado.<\/p>\n<div id=\"chunk-5m4uq\">\n<div class=\"mc-column content-text active-extra-styles \" data-block-type=\"unstyled\" data-block-weight=\"2\" data-block-id=\"27\">\n<h5 class=\"content-text__container \" data-track-category=\"Link no Texto\"><strong>P\u00f3dio feminino<\/strong><\/h5>\n<\/div>\n<\/div>\n<div class=\"mc-column content-text active-extra-styles\" data-block-type=\"raw\" data-block-weight=\"24\" data-block-id=\"28\">\n<ol class=\"content-ordered-list theme-ordered-list-color-primary\">\n<li>Catherine Reline Amanang Ole (Qu\u00eania) &#8211; 49min39s<\/li>\n<li>Wude Ayalew Yimer (Eti\u00f3pia) &#8211; 50min01s<\/li>\n<li>Kebebush Yisma Ewoldemariam (Eti\u00f3pia) &#8211; 52min57s<\/li>\n<li>Jenifer Nascimento (Brasil) &#8211; 54min02s<\/li>\n<\/ol>\n<\/div>\n<div id=\"chunk-ee2ah\">\n<div class=\"mc-column content-text active-extra-styles \" data-block-type=\"unstyled\" data-block-weight=\"2\" data-block-id=\"29\">\n<h5 class=\"content-text__container \" data-track-category=\"Link no Texto\"><strong>P\u00f3dio masculino<\/strong><\/h5>\n<\/div>\n<\/div>\n<div class=\"mc-column content-text active-extra-styles\" data-block-type=\"raw\" data-block-weight=\"24\" data-block-id=\"30\">\n<ol class=\"content-ordered-list theme-ordered-list-color-primary\">\n<li>Andrew Rotich Kwemoi (Uganda) &#8211; 44min43s<\/li>\n<li>Joseph Tiophil Panga (Tanz\u00e2nia) &#8211; 45min17s<\/li>\n<li>Maxwell Kortek Rotich (Uganda) &#8211; 45min42s<\/li>\n<li>Fabio Jesus Correia (Brasil) &#8211; 46min13s<\/li>\n<\/ol>\n<\/div>\n<p><strong>LEIA TAMB\u00c9M<\/strong><\/p>\n<p><a href=\"https:\/\/redenoticiaz.com.br\/blog\/2022\/12\/30\/velorio-de-pele-sera-na-vila-belmiro\">Vel\u00f3rio de Pel\u00e9 ser\u00e1 na Vila Belmiro<\/a><\/p>\n","protected":false},"excerpt":{"rendered":"<p>Mais uma vez o Brasil n\u00e3o teve \u00eaxito com a Corrida de S\u00e3o Silvestre. Tanto, no masculino, como no feminino, os africanos foram dominantes e venceram a prova disputada neste s\u00e1bado (31), em S\u00e3o Paulo. No feminino, a queniana Catherine Reline venceu e no masculino, o ugandense Andrew Kwemoi triunfou. Ainda teve Eti\u00f3pia e Tanz\u00e2nia &hellip;<\/p>\n","protected":false},"author":6,"featured_media":97758,"comment_status":"open","ping_status":"closed","sticky":false,"template":"","format":"standard","meta":{"footnotes":""},"categories":[87],"tags":[23400,23401,157,23402],"class_list":["post-97757","post","type-post","status-publish","format-standard","has-post-thumbnail","hentry","category-esporte","tag-corrida-de-sao-silvestre","tag-quenia","tag-sao-paulo","tag-uganda"],"yoast_head":"<!-- This site is optimized with the Yoast SEO plugin v27.4 - https:\/\/yoast.com\/product\/yoast-seo-wordpress\/ -->\n<title>S\u00e3o Silvestre \u00e9 dominada mais uma vez por africanos - Ribeir\u00e3o Preto e Regi\u00e3o<\/title>\n<meta name=\"description\" content=\"Mais uma vez o Brasil n\u00e3o teve \u00eaxito com a Corrida de S\u00e3o Silvestre. Tanto, no masculino, como no feminino, os africanos foram\" \/>\n<meta name=\"robots\" content=\"index, follow, max-snippet:-1, max-image-preview:large, max-video-preview:-1\" \/>\n<link rel=\"canonical\" href=\"https:\/\/redenoticiaz.com.br\/ribeiraopreto-regiao\/sp\/2022\/12\/31\/sao-silvestre-e-dominada-mais-uma-vez-por-africanos\" \/>\n<meta property=\"og:locale\" content=\"pt_BR\" \/>\n<meta property=\"og:type\" content=\"article\" \/>\n<meta property=\"og:title\" content=\"S\u00e3o Silvestre \u00e9 dominada mais uma vez por africanos - Ribeir\u00e3o Preto e Regi\u00e3o\" \/>\n<meta property=\"og:description\" content=\"Mais uma vez o Brasil n\u00e3o teve \u00eaxito com a Corrida de S\u00e3o Silvestre. Tanto, no masculino, como no feminino, os africanos foram\" \/>\n<meta property=\"og:url\" content=\"https:\/\/redenoticiaz.com.br\/ribeiraopreto-regiao\/sp\/2022\/12\/31\/sao-silvestre-e-dominada-mais-uma-vez-por-africanos\" \/>\n<meta property=\"og:site_name\" content=\"Ribeir\u00e3o Preto e Regi\u00e3o\" \/>\n<meta property=\"article:publisher\" content=\"https:\/\/m.facebook.com\/redenoticiaz.barretos\" \/>\n<meta property=\"article:published_time\" content=\"2022-12-31T14:04:19+00:00\" \/>\n<meta property=\"og:image\" content=\"https:\/\/redenoticiaz.com.br\/ribeiraopreto-regiao\/wp-content\/uploads\/sites\/4\/2022\/02\/logo.jpg\" \/>\n\t<meta property=\"og:image:width\" content=\"400\" \/>\n\t<meta property=\"og:image:height\" content=\"250\" \/>\n\t<meta property=\"og:image:type\" content=\"image\/jpeg\" \/>\n<meta name=\"author\" content=\"Leonardo Francisco\" \/>\n<meta name=\"twitter:card\" content=\"summary_large_image\" \/>\n<meta name=\"twitter:creator\" content=\"@RN_barretos\" \/>\n<meta name=\"twitter:site\" content=\"@RN_barretos\" \/>\n<meta name=\"twitter:label1\" content=\"Escrito por\" \/>\n\t<meta name=\"twitter:data1\" content=\"Leonardo Francisco\" \/>\n\t<meta name=\"twitter:label2\" content=\"Est. tempo de leitura\" \/>\n\t<meta name=\"twitter:data2\" content=\"2 minutos\" \/>\n<script type=\"application\/ld+json\" class=\"yoast-schema-graph\">{\"@context\":\"https:\\\/\\\/schema.org\",\"@graph\":[{\"@type\":\"Article\",\"@id\":\"https:\\\/\\\/redenoticiaz.com.br\\\/ribeiraopreto-regiao\\\/sp\\\/2022\\\/12\\\/31\\\/sao-silvestre-e-dominada-mais-uma-vez-por-africanos#article\",\"isPartOf\":{\"@id\":\"https:\\\/\\\/redenoticiaz.com.br\\\/ribeiraopreto-regiao\\\/sp\\\/2022\\\/12\\\/31\\\/sao-silvestre-e-dominada-mais-uma-vez-por-africanos\"},\"author\":{\"name\":\"Leonardo Francisco\",\"@id\":\"https:\\\/\\\/redenoticiaz.com.br\\\/ribeiraopreto-regiao\\\/#\\\/schema\\\/person\\\/0f0b8a5bdafefe82841e07ae8d81ecb3\"},\"headline\":\"S\u00e3o Silvestre \u00e9 dominada mais uma vez por africanos\",\"datePublished\":\"2022-12-31T14:04:19+00:00\",\"mainEntityOfPage\":{\"@id\":\"https:\\\/\\\/redenoticiaz.com.br\\\/ribeiraopreto-regiao\\\/sp\\\/2022\\\/12\\\/31\\\/sao-silvestre-e-dominada-mais-uma-vez-por-africanos\"},\"wordCount\":329,\"commentCount\":0,\"publisher\":{\"@id\":\"https:\\\/\\\/redenoticiaz.com.br\\\/ribeiraopreto-regiao\\\/#organization\"},\"image\":{\"@id\":\"https:\\\/\\\/redenoticiaz.com.br\\\/ribeiraopreto-regiao\\\/sp\\\/2022\\\/12\\\/31\\\/sao-silvestre-e-dominada-mais-uma-vez-por-africanos#primaryimage\"},\"thumbnailUrl\":\"https:\\\/\\\/redenoticiaz.com.br\\\/ribeiraopreto-regiao\\\/wp-content\\\/uploads\\\/sites\\\/4\\\/2022\\\/12\\\/largada-da-prova-masculina-da-sao-silvestre-2022-1672487068048_v2_450x450.jpg?v=1672495348\",\"keywords\":[\"CORRIDA DE S\u00c3O SILVESTRE\",\"QU\u00caNIA\",\"S\u00e3o Paulo\",\"UGANDA\"],\"articleSection\":[\"Esporte\"],\"inLanguage\":\"pt-BR\",\"potentialAction\":[{\"@type\":\"CommentAction\",\"name\":\"Comment\",\"target\":[\"https:\\\/\\\/redenoticiaz.com.br\\\/ribeiraopreto-regiao\\\/sp\\\/2022\\\/12\\\/31\\\/sao-silvestre-e-dominada-mais-uma-vez-por-africanos#respond\"]}]},{\"@type\":\"WebPage\",\"@id\":\"https:\\\/\\\/redenoticiaz.com.br\\\/ribeiraopreto-regiao\\\/sp\\\/2022\\\/12\\\/31\\\/sao-silvestre-e-dominada-mais-uma-vez-por-africanos\",\"url\":\"https:\\\/\\\/redenoticiaz.com.br\\\/ribeiraopreto-regiao\\\/sp\\\/2022\\\/12\\\/31\\\/sao-silvestre-e-dominada-mais-uma-vez-por-africanos\",\"name\":\"S\u00e3o Silvestre \u00e9 dominada mais uma vez por africanos - Ribeir\u00e3o Preto e Regi\u00e3o\",\"isPartOf\":{\"@id\":\"https:\\\/\\\/redenoticiaz.com.br\\\/ribeiraopreto-regiao\\\/#website\"},\"primaryImageOfPage\":{\"@id\":\"https:\\\/\\\/redenoticiaz.com.br\\\/ribeiraopreto-regiao\\\/sp\\\/2022\\\/12\\\/31\\\/sao-silvestre-e-dominada-mais-uma-vez-por-africanos#primaryimage\"},\"image\":{\"@id\":\"https:\\\/\\\/redenoticiaz.com.br\\\/ribeiraopreto-regiao\\\/sp\\\/2022\\\/12\\\/31\\\/sao-silvestre-e-dominada-mais-uma-vez-por-africanos#primaryimage\"},\"thumbnailUrl\":\"https:\\\/\\\/redenoticiaz.com.br\\\/ribeiraopreto-regiao\\\/wp-content\\\/uploads\\\/sites\\\/4\\\/2022\\\/12\\\/largada-da-prova-masculina-da-sao-silvestre-2022-1672487068048_v2_450x450.jpg?v=1672495348\",\"datePublished\":\"2022-12-31T14:04:19+00:00\",\"description\":\"Mais uma vez o Brasil n\u00e3o teve \u00eaxito com a Corrida de S\u00e3o Silvestre. Tanto, no masculino, como no feminino, os africanos foram\",\"inLanguage\":\"pt-BR\",\"potentialAction\":[{\"@type\":\"ReadAction\",\"target\":[\"https:\\\/\\\/redenoticiaz.com.br\\\/ribeiraopreto-regiao\\\/sp\\\/2022\\\/12\\\/31\\\/sao-silvestre-e-dominada-mais-uma-vez-por-africanos\"]}]},{\"@type\":\"ImageObject\",\"inLanguage\":\"pt-BR\",\"@id\":\"https:\\\/\\\/redenoticiaz.com.br\\\/ribeiraopreto-regiao\\\/sp\\\/2022\\\/12\\\/31\\\/sao-silvestre-e-dominada-mais-uma-vez-por-africanos#primaryimage\",\"url\":\"https:\\\/\\\/redenoticiaz.com.br\\\/ribeiraopreto-regiao\\\/wp-content\\\/uploads\\\/sites\\\/4\\\/2022\\\/12\\\/largada-da-prova-masculina-da-sao-silvestre-2022-1672487068048_v2_450x450.jpg?v=1672495348\",\"contentUrl\":\"https:\\\/\\\/redenoticiaz.com.br\\\/ribeiraopreto-regiao\\\/wp-content\\\/uploads\\\/sites\\\/4\\\/2022\\\/12\\\/largada-da-prova-masculina-da-sao-silvestre-2022-1672487068048_v2_450x450.jpg?v=1672495348\",\"width\":450,\"height\":450,\"caption\":\"A \u00faltima vit\u00f3ria brasileira foi em 2010. Cr\u00e9ditos: Divulga\u00e7\u00e3o\"},{\"@type\":\"WebSite\",\"@id\":\"https:\\\/\\\/redenoticiaz.com.br\\\/ribeiraopreto-regiao\\\/#website\",\"url\":\"https:\\\/\\\/redenoticiaz.com.br\\\/ribeiraopreto-regiao\\\/\",\"name\":\"Ribeir\u00e3o Preto e Regi\u00e3o\",\"description\":\"Rede NoticiaZ - Ribeir\u00e3o Preto e regi\u00e3o\",\"publisher\":{\"@id\":\"https:\\\/\\\/redenoticiaz.com.br\\\/ribeiraopreto-regiao\\\/#organization\"},\"potentialAction\":[{\"@type\":\"SearchAction\",\"target\":{\"@type\":\"EntryPoint\",\"urlTemplate\":\"https:\\\/\\\/redenoticiaz.com.br\\\/ribeiraopreto-regiao\\\/?s={search_term_string}\"},\"query-input\":{\"@type\":\"PropertyValueSpecification\",\"valueRequired\":true,\"valueName\":\"search_term_string\"}}],\"inLanguage\":\"pt-BR\"},{\"@type\":\"Organization\",\"@id\":\"https:\\\/\\\/redenoticiaz.com.br\\\/ribeiraopreto-regiao\\\/#organization\",\"name\":\"Ribeir\u00e3o Preto e Regi\u00e3o\",\"url\":\"https:\\\/\\\/redenoticiaz.com.br\\\/ribeiraopreto-regiao\\\/\",\"logo\":{\"@type\":\"ImageObject\",\"inLanguage\":\"pt-BR\",\"@id\":\"https:\\\/\\\/redenoticiaz.com.br\\\/ribeiraopreto-regiao\\\/#\\\/schema\\\/logo\\\/image\\\/\",\"url\":\"https:\\\/\\\/redenoticiaz.com.br\\\/barretos-regiao\\\/wp-content\\\/uploads\\\/sites\\\/4\\\/2022\\\/02\\\/logo.jpg\",\"contentUrl\":\"https:\\\/\\\/redenoticiaz.com.br\\\/barretos-regiao\\\/wp-content\\\/uploads\\\/sites\\\/4\\\/2022\\\/02\\\/logo.jpg\",\"width\":400,\"height\":250,\"caption\":\"Ribeir\u00e3o Preto e Regi\u00e3o\"},\"image\":{\"@id\":\"https:\\\/\\\/redenoticiaz.com.br\\\/ribeiraopreto-regiao\\\/#\\\/schema\\\/logo\\\/image\\\/\"},\"sameAs\":[\"https:\\\/\\\/m.facebook.com\\\/redenoticiaz.barretos\",\"https:\\\/\\\/x.com\\\/RN_barretos\",\"https:\\\/\\\/www.instagram.com\\\/redenoticiaz.barretos\\\/?igshid=YmMyMTA2M2Y\",\"https:\\\/\\\/www.linkedin.com\\\/company\\\/rede-noticiaz-barretos-e-regio\\\/\"]},{\"@type\":\"Person\",\"@id\":\"https:\\\/\\\/redenoticiaz.com.br\\\/ribeiraopreto-regiao\\\/#\\\/schema\\\/person\\\/0f0b8a5bdafefe82841e07ae8d81ecb3\",\"name\":\"Leonardo Francisco\",\"image\":{\"@type\":\"ImageObject\",\"inLanguage\":\"pt-BR\",\"@id\":\"https:\\\/\\\/secure.gravatar.com\\\/avatar\\\/a7358cb406a99b682ec6df1e77e31ae82e63601f6784e8a3df411d72b37864da?s=96&d=mm&r=g\",\"url\":\"https:\\\/\\\/secure.gravatar.com\\\/avatar\\\/a7358cb406a99b682ec6df1e77e31ae82e63601f6784e8a3df411d72b37864da?s=96&d=mm&r=g\",\"contentUrl\":\"https:\\\/\\\/secure.gravatar.com\\\/avatar\\\/a7358cb406a99b682ec6df1e77e31ae82e63601f6784e8a3df411d72b37864da?s=96&d=mm&r=g\",\"caption\":\"Leonardo Francisco\"},\"url\":\"https:\\\/\\\/redenoticiaz.com.br\\\/ribeiraopreto-regiao\\\/sp\\\/author\\\/leonardo-francisco\"}]}<\/script>\n<!-- \/ Yoast SEO plugin. -->","yoast_head_json":{"title":"S\u00e3o Silvestre \u00e9 dominada mais uma vez por africanos - Ribeir\u00e3o Preto e Regi\u00e3o","description":"Mais uma vez o Brasil n\u00e3o teve \u00eaxito com a Corrida de S\u00e3o Silvestre. Tanto, no masculino, como no feminino, os africanos foram","robots":{"index":"index","follow":"follow","max-snippet":"max-snippet:-1","max-image-preview":"max-image-preview:large","max-video-preview":"max-video-preview:-1"},"canonical":"https:\/\/redenoticiaz.com.br\/ribeiraopreto-regiao\/sp\/2022\/12\/31\/sao-silvestre-e-dominada-mais-uma-vez-por-africanos","og_locale":"pt_BR","og_type":"article","og_title":"S\u00e3o Silvestre \u00e9 dominada mais uma vez por africanos - Ribeir\u00e3o Preto e Regi\u00e3o","og_description":"Mais uma vez o Brasil n\u00e3o teve \u00eaxito com a Corrida de S\u00e3o Silvestre. Tanto, no masculino, como no feminino, os africanos foram","og_url":"https:\/\/redenoticiaz.com.br\/ribeiraopreto-regiao\/sp\/2022\/12\/31\/sao-silvestre-e-dominada-mais-uma-vez-por-africanos","og_site_name":"Ribeir\u00e3o Preto e Regi\u00e3o","article_publisher":"https:\/\/m.facebook.com\/redenoticiaz.barretos","article_published_time":"2022-12-31T14:04:19+00:00","og_image":[{"width":400,"height":250,"url":"https:\/\/redenoticiaz.com.br\/ribeiraopreto-regiao\/wp-content\/uploads\/sites\/4\/2022\/02\/logo.jpg","type":"image\/jpeg"}],"author":"Leonardo Francisco","twitter_card":"summary_large_image","twitter_creator":"@RN_barretos","twitter_site":"@RN_barretos","twitter_misc":{"Escrito por":"Leonardo Francisco","Est. tempo de leitura":"2 minutos"},"schema":{"@context":"https:\/\/schema.org","@graph":[{"@type":"Article","@id":"https:\/\/redenoticiaz.com.br\/ribeiraopreto-regiao\/sp\/2022\/12\/31\/sao-silvestre-e-dominada-mais-uma-vez-por-africanos#article","isPartOf":{"@id":"https:\/\/redenoticiaz.com.br\/ribeiraopreto-regiao\/sp\/2022\/12\/31\/sao-silvestre-e-dominada-mais-uma-vez-por-africanos"},"author":{"name":"Leonardo Francisco","@id":"https:\/\/redenoticiaz.com.br\/ribeiraopreto-regiao\/#\/schema\/person\/0f0b8a5bdafefe82841e07ae8d81ecb3"},"headline":"S\u00e3o Silvestre \u00e9 dominada mais uma vez por africanos","datePublished":"2022-12-31T14:04:19+00:00","mainEntityOfPage":{"@id":"https:\/\/redenoticiaz.com.br\/ribeiraopreto-regiao\/sp\/2022\/12\/31\/sao-silvestre-e-dominada-mais-uma-vez-por-africanos"},"wordCount":329,"commentCount":0,"publisher":{"@id":"https:\/\/redenoticiaz.com.br\/ribeiraopreto-regiao\/#organization"},"image":{"@id":"https:\/\/redenoticiaz.com.br\/ribeiraopreto-regiao\/sp\/2022\/12\/31\/sao-silvestre-e-dominada-mais-uma-vez-por-africanos#primaryimage"},"thumbnailUrl":"https:\/\/redenoticiaz.com.br\/ribeiraopreto-regiao\/wp-content\/uploads\/sites\/4\/2022\/12\/largada-da-prova-masculina-da-sao-silvestre-2022-1672487068048_v2_450x450.jpg?v=1672495348","keywords":["CORRIDA DE S\u00c3O SILVESTRE","QU\u00caNIA","S\u00e3o Paulo","UGANDA"],"articleSection":["Esporte"],"inLanguage":"pt-BR","potentialAction":[{"@type":"CommentAction","name":"Comment","target":["https:\/\/redenoticiaz.com.br\/ribeiraopreto-regiao\/sp\/2022\/12\/31\/sao-silvestre-e-dominada-mais-uma-vez-por-africanos#respond"]}]},{"@type":"WebPage","@id":"https:\/\/redenoticiaz.com.br\/ribeiraopreto-regiao\/sp\/2022\/12\/31\/sao-silvestre-e-dominada-mais-uma-vez-por-africanos","url":"https:\/\/redenoticiaz.com.br\/ribeiraopreto-regiao\/sp\/2022\/12\/31\/sao-silvestre-e-dominada-mais-uma-vez-por-africanos","name":"S\u00e3o Silvestre \u00e9 dominada mais uma vez por africanos - Ribeir\u00e3o Preto e Regi\u00e3o","isPartOf":{"@id":"https:\/\/redenoticiaz.com.br\/ribeiraopreto-regiao\/#website"},"primaryImageOfPage":{"@id":"https:\/\/redenoticiaz.com.br\/ribeiraopreto-regiao\/sp\/2022\/12\/31\/sao-silvestre-e-dominada-mais-uma-vez-por-africanos#primaryimage"},"image":{"@id":"https:\/\/redenoticiaz.com.br\/ribeiraopreto-regiao\/sp\/2022\/12\/31\/sao-silvestre-e-dominada-mais-uma-vez-por-africanos#primaryimage"},"thumbnailUrl":"https:\/\/redenoticiaz.com.br\/ribeiraopreto-regiao\/wp-content\/uploads\/sites\/4\/2022\/12\/largada-da-prova-masculina-da-sao-silvestre-2022-1672487068048_v2_450x450.jpg?v=1672495348","datePublished":"2022-12-31T14:04:19+00:00","description":"Mais uma vez o Brasil n\u00e3o teve \u00eaxito com a Corrida de S\u00e3o Silvestre. Tanto, no masculino, como no feminino, os africanos foram","inLanguage":"pt-BR","potentialAction":[{"@type":"ReadAction","target":["https:\/\/redenoticiaz.com.br\/ribeiraopreto-regiao\/sp\/2022\/12\/31\/sao-silvestre-e-dominada-mais-uma-vez-por-africanos"]}]},{"@type":"ImageObject","inLanguage":"pt-BR","@id":"https:\/\/redenoticiaz.com.br\/ribeiraopreto-regiao\/sp\/2022\/12\/31\/sao-silvestre-e-dominada-mais-uma-vez-por-africanos#primaryimage","url":"https:\/\/redenoticiaz.com.br\/ribeiraopreto-regiao\/wp-content\/uploads\/sites\/4\/2022\/12\/largada-da-prova-masculina-da-sao-silvestre-2022-1672487068048_v2_450x450.jpg?v=1672495348","contentUrl":"https:\/\/redenoticiaz.com.br\/ribeiraopreto-regiao\/wp-content\/uploads\/sites\/4\/2022\/12\/largada-da-prova-masculina-da-sao-silvestre-2022-1672487068048_v2_450x450.jpg?v=1672495348","width":450,"height":450,"caption":"A \u00faltima vit\u00f3ria brasileira foi em 2010. Cr\u00e9ditos: Divulga\u00e7\u00e3o"},{"@type":"WebSite","@id":"https:\/\/redenoticiaz.com.br\/ribeiraopreto-regiao\/#website","url":"https:\/\/redenoticiaz.com.br\/ribeiraopreto-regiao\/","name":"Ribeir\u00e3o Preto e Regi\u00e3o","description":"Rede NoticiaZ - Ribeir\u00e3o Preto e regi\u00e3o","publisher":{"@id":"https:\/\/redenoticiaz.com.br\/ribeiraopreto-regiao\/#organization"},"potentialAction":[{"@type":"SearchAction","target":{"@type":"EntryPoint","urlTemplate":"https:\/\/redenoticiaz.com.br\/ribeiraopreto-regiao\/?s={search_term_string}"},"query-input":{"@type":"PropertyValueSpecification","valueRequired":true,"valueName":"search_term_string"}}],"inLanguage":"pt-BR"},{"@type":"Organization","@id":"https:\/\/redenoticiaz.com.br\/ribeiraopreto-regiao\/#organization","name":"Ribeir\u00e3o Preto e Regi\u00e3o","url":"https:\/\/redenoticiaz.com.br\/ribeiraopreto-regiao\/","logo":{"@type":"ImageObject","inLanguage":"pt-BR","@id":"https:\/\/redenoticiaz.com.br\/ribeiraopreto-regiao\/#\/schema\/logo\/image\/","url":"https:\/\/redenoticiaz.com.br\/barretos-regiao\/wp-content\/uploads\/sites\/4\/2022\/02\/logo.jpg","contentUrl":"https:\/\/redenoticiaz.com.br\/barretos-regiao\/wp-content\/uploads\/sites\/4\/2022\/02\/logo.jpg","width":400,"height":250,"caption":"Ribeir\u00e3o Preto e Regi\u00e3o"},"image":{"@id":"https:\/\/redenoticiaz.com.br\/ribeiraopreto-regiao\/#\/schema\/logo\/image\/"},"sameAs":["https:\/\/m.facebook.com\/redenoticiaz.barretos","https:\/\/x.com\/RN_barretos","https:\/\/www.instagram.com\/redenoticiaz.barretos\/?igshid=YmMyMTA2M2Y","https:\/\/www.linkedin.com\/company\/rede-noticiaz-barretos-e-regio\/"]},{"@type":"Person","@id":"https:\/\/redenoticiaz.com.br\/ribeiraopreto-regiao\/#\/schema\/person\/0f0b8a5bdafefe82841e07ae8d81ecb3","name":"Leonardo Francisco","image":{"@type":"ImageObject","inLanguage":"pt-BR","@id":"https:\/\/secure.gravatar.com\/avatar\/a7358cb406a99b682ec6df1e77e31ae82e63601f6784e8a3df411d72b37864da?s=96&d=mm&r=g","url":"https:\/\/secure.gravatar.com\/avatar\/a7358cb406a99b682ec6df1e77e31ae82e63601f6784e8a3df411d72b37864da?s=96&d=mm&r=g","contentUrl":"https:\/\/secure.gravatar.com\/avatar\/a7358cb406a99b682ec6df1e77e31ae82e63601f6784e8a3df411d72b37864da?s=96&d=mm&r=g","caption":"Leonardo Francisco"},"url":"https:\/\/redenoticiaz.com.br\/ribeiraopreto-regiao\/sp\/author\/leonardo-francisco"}]}},"_links":{"self":[{"href":"https:\/\/redenoticiaz.com.br\/ribeiraopreto-regiao\/wp-json\/wp\/v2\/posts\/97757","targetHints":{"allow":["GET"]}}],"collection":[{"href":"https:\/\/redenoticiaz.com.br\/ribeiraopreto-regiao\/wp-json\/wp\/v2\/posts"}],"about":[{"href":"https:\/\/redenoticiaz.com.br\/ribeiraopreto-regiao\/wp-json\/wp\/v2\/types\/post"}],"author":[{"embeddable":true,"href":"https:\/\/redenoticiaz.com.br\/ribeiraopreto-regiao\/wp-json\/wp\/v2\/users\/6"}],"replies":[{"embeddable":true,"href":"https:\/\/redenoticiaz.com.br\/ribeiraopreto-regiao\/wp-json\/wp\/v2\/comments?post=97757"}],"version-history":[{"count":1,"href":"https:\/\/redenoticiaz.com.br\/ribeiraopreto-regiao\/wp-json\/wp\/v2\/posts\/97757\/revisions"}],"predecessor-version":[{"id":97759,"href":"https:\/\/redenoticiaz.com.br\/ribeiraopreto-regiao\/wp-json\/wp\/v2\/posts\/97757\/revisions\/97759"}],"wp:featuredmedia":[{"embeddable":true,"href":"https:\/\/redenoticiaz.com.br\/ribeiraopreto-regiao\/wp-json\/wp\/v2\/media\/97758"}],"wp:attachment":[{"href":"https:\/\/redenoticiaz.com.br\/ribeiraopreto-regiao\/wp-json\/wp\/v2\/media?parent=97757"}],"wp:term":[{"taxonomy":"category","embeddable":true,"href":"https:\/\/redenoticiaz.com.br\/ribeiraopreto-regiao\/wp-json\/wp\/v2\/categories?post=97757"},{"taxonomy":"post_tag","embeddable":true,"href":"https:\/\/redenoticiaz.com.br\/ribeiraopreto-regiao\/wp-json\/wp\/v2\/tags?post=97757"}],"curies":[{"name":"wp","href":"https:\/\/api.w.org\/{rel}","templated":true}]}}