{"id":97820,"date":"2023-01-02T14:35:38","date_gmt":"2023-01-02T17:35:38","guid":{"rendered":"https:\/\/redenoticiaz.com.br\/barretos-regiao\/?p=97820"},"modified":"2023-01-02T14:37:15","modified_gmt":"2023-01-02T17:37:15","slug":"reveillon-das-aguas-2023-reune-mais-de-15-mil-pessoas-em-show-da-dupla-fernando-sorocaba","status":"publish","type":"post","link":"https:\/\/redenoticiaz.com.br\/ribeiraopreto-regiao\/sp\/2023\/01\/02\/reveillon-das-aguas-2023-reune-mais-de-15-mil-pessoas-em-show-da-dupla-fernando-sorocaba","title":{"rendered":"R\u00e9veillon das \u00c1guas 2023 re\u00fane mais de 15 mil pessoas em show da dupla Fernando &amp; Sorocaba"},"content":{"rendered":"<p class=\"v1MsoNormal\"><span style=\"font-family: arial, sans-serif\">Consagrando-se como a maior festa de toda a regi\u00e3o, o R\u00e9veillon das \u00c1guas 2023 da Est\u00e2ncia Tur\u00edstica de Ol\u00edmpia bateu recorde de p\u00fablico e reuniu cerca de 15 mil pessoas para a virada do ano.<\/span><\/p>\n<p class=\"v1MsoNormal\"><span style=\"font-family: arial, sans-serif\">Realizado no estacionamento do parque Thermas dos Laranjais, o evento, al\u00e9m de oferecer entretenimento, tamb\u00e9m promoveu a solidariedade com a troca dos ingressos por alimentos, destinados \u00e0s entidades assistenciais. Segundo a organiza\u00e7\u00e3o, mais de 10 mil convites foram trocados, arrecadando cerca de 15 toneladas de alimentos, entre arroz, feij\u00e3o, caf\u00e9, \u00f3leo e leite, tendo em vista que era 1 kg para moradores e 2 kg para visitantes.<\/span><\/p>\n<p class=\"v1MsoNormal\"><span style=\"font-family: arial, sans-serif\">Desde a primeira edi\u00e7\u00e3o, o evento adota esta iniciativa, j\u00e1 tendo beneficiado milhares de fam\u00edlias olimpienses que s\u00e3o atendidas pelas institui\u00e7\u00f5es. Toda a coleta ser\u00e1 conferida e separada para, em breve, ser entregue \u00e0s entidades. O estacionamento tamb\u00e9m foi beneficente com renda de cerca de R$ 10 mil revertida para a Santa Casa de Miseric\u00f3rdia.<\/span><\/p>\n<div id='gallery-1' class='gallery galleryid-97820 gallery-columns-3 gallery-size-medium'><figure class='gallery-item'>\n\t\t\t<div class='gallery-icon landscape'>\n\t\t\t\t<a href='https:\/\/redenoticiaz.com.br\/ribeiraopreto-regiao\/sp\/2023\/01\/02\/reveillon-das-aguas-2023-reune-mais-de-15-mil-pessoas-em-show-da-dupla-fernando-sorocaba\/reveillon-das-aguas-2023-2'><img loading=\"lazy\" decoding=\"async\" width=\"300\" height=\"169\" src=\"https:\/\/redenoticiaz.com.br\/ribeiraopreto-regiao\/wp-content\/uploads\/sites\/4\/2023\/01\/Reveillon-das-Aguas-2023-2-300x169.jpg\" class=\"attachment-medium size-medium\" alt=\"\" srcset=\"https:\/\/redenoticiaz.com.br\/ribeiraopreto-regiao\/wp-content\/uploads\/sites\/4\/2023\/01\/Reveillon-das-Aguas-2023-2-300x169.jpg 300w, https:\/\/redenoticiaz.com.br\/ribeiraopreto-regiao\/wp-content\/uploads\/sites\/4\/2023\/01\/Reveillon-das-Aguas-2023-2-1024x576.jpg 1024w, https:\/\/redenoticiaz.com.br\/ribeiraopreto-regiao\/wp-content\/uploads\/sites\/4\/2023\/01\/Reveillon-das-Aguas-2023-2-768x432.jpg 768w, https:\/\/redenoticiaz.com.br\/ribeiraopreto-regiao\/wp-content\/uploads\/sites\/4\/2023\/01\/Reveillon-das-Aguas-2023-2-1536x864.jpg 1536w, https:\/\/redenoticiaz.com.br\/ribeiraopreto-regiao\/wp-content\/uploads\/sites\/4\/2023\/01\/Reveillon-das-Aguas-2023-2-2048x1152.jpg 2048w, https:\/\/redenoticiaz.com.br\/ribeiraopreto-regiao\/wp-content\/uploads\/sites\/4\/2023\/01\/Reveillon-das-Aguas-2023-2-390x220.jpg 390w, https:\/\/redenoticiaz.com.br\/ribeiraopreto-regiao\/wp-content\/uploads\/sites\/4\/2023\/01\/Reveillon-das-Aguas-2023-2-scaled.jpg 1920w\" sizes=\"auto, (max-width: 300px) 100vw, 300px\" \/><\/a>\n\t\t\t<\/div><\/figure><figure class='gallery-item'>\n\t\t\t<div class='gallery-icon landscape'>\n\t\t\t\t<a href='https:\/\/redenoticiaz.com.br\/ribeiraopreto-regiao\/sp\/2023\/01\/02\/reveillon-das-aguas-2023-reune-mais-de-15-mil-pessoas-em-show-da-dupla-fernando-sorocaba\/default-43'><img loading=\"lazy\" decoding=\"async\" width=\"300\" height=\"173\" src=\"https:\/\/redenoticiaz.com.br\/ribeiraopreto-regiao\/wp-content\/uploads\/sites\/4\/2023\/01\/Reveillon-das-Aguas-2023-1-300x173.jpg\" class=\"attachment-medium size-medium\" alt=\"\" aria-describedby=\"gallery-1-97824\" srcset=\"https:\/\/redenoticiaz.com.br\/ribeiraopreto-regiao\/wp-content\/uploads\/sites\/4\/2023\/01\/Reveillon-das-Aguas-2023-1-300x173.jpg 300w, https:\/\/redenoticiaz.com.br\/ribeiraopreto-regiao\/wp-content\/uploads\/sites\/4\/2023\/01\/Reveillon-das-Aguas-2023-1-1024x592.jpg 1024w, https:\/\/redenoticiaz.com.br\/ribeiraopreto-regiao\/wp-content\/uploads\/sites\/4\/2023\/01\/Reveillon-das-Aguas-2023-1-768x444.jpg 768w, https:\/\/redenoticiaz.com.br\/ribeiraopreto-regiao\/wp-content\/uploads\/sites\/4\/2023\/01\/Reveillon-das-Aguas-2023-1-1536x888.jpg 1536w, https:\/\/redenoticiaz.com.br\/ribeiraopreto-regiao\/wp-content\/uploads\/sites\/4\/2023\/01\/Reveillon-das-Aguas-2023-1-2048x1184.jpg 2048w, https:\/\/redenoticiaz.com.br\/ribeiraopreto-regiao\/wp-content\/uploads\/sites\/4\/2023\/01\/Reveillon-das-Aguas-2023-1-scaled.jpg 1868w\" sizes=\"auto, (max-width: 300px) 100vw, 300px\" \/><\/a>\n\t\t\t<\/div>\n\t\t\t\t<figcaption class='wp-caption-text gallery-caption' id='gallery-1-97824'>\n\t\t\t\tdefault\n\t\t\t\t<\/figcaption><\/figure><figure class='gallery-item'>\n\t\t\t<div class='gallery-icon landscape'>\n\t\t\t\t<a href='https:\/\/redenoticiaz.com.br\/ribeiraopreto-regiao\/sp\/2023\/01\/02\/reveillon-das-aguas-2023-reune-mais-de-15-mil-pessoas-em-show-da-dupla-fernando-sorocaba\/default-44'><img loading=\"lazy\" decoding=\"async\" width=\"300\" height=\"199\" src=\"https:\/\/redenoticiaz.com.br\/ribeiraopreto-regiao\/wp-content\/uploads\/sites\/4\/2023\/01\/Reveillon-das-Aguas-2023-8-300x199.jpg\" class=\"attachment-medium size-medium\" alt=\"\" aria-describedby=\"gallery-1-97826\" srcset=\"https:\/\/redenoticiaz.com.br\/ribeiraopreto-regiao\/wp-content\/uploads\/sites\/4\/2023\/01\/Reveillon-das-Aguas-2023-8-300x199.jpg 300w, https:\/\/redenoticiaz.com.br\/ribeiraopreto-regiao\/wp-content\/uploads\/sites\/4\/2023\/01\/Reveillon-das-Aguas-2023-8-1024x680.jpg 1024w, https:\/\/redenoticiaz.com.br\/ribeiraopreto-regiao\/wp-content\/uploads\/sites\/4\/2023\/01\/Reveillon-das-Aguas-2023-8-768x510.jpg 768w, https:\/\/redenoticiaz.com.br\/ribeiraopreto-regiao\/wp-content\/uploads\/sites\/4\/2023\/01\/Reveillon-das-Aguas-2023-8-1536x1021.jpg 1536w, https:\/\/redenoticiaz.com.br\/ribeiraopreto-regiao\/wp-content\/uploads\/sites\/4\/2023\/01\/Reveillon-das-Aguas-2023-8-2048x1361.jpg 2048w, https:\/\/redenoticiaz.com.br\/ribeiraopreto-regiao\/wp-content\/uploads\/sites\/4\/2023\/01\/Reveillon-das-Aguas-2023-8-scaled.jpg 1625w\" sizes=\"auto, (max-width: 300px) 100vw, 300px\" \/><\/a>\n\t\t\t<\/div>\n\t\t\t\t<figcaption class='wp-caption-text gallery-caption' id='gallery-1-97826'>\n\t\t\t\tdefault\n\t\t\t\t<\/figcaption><\/figure>\n\t\t<\/div>\n\n<p class=\"v1MsoNormal\"><span style=\"font-family: arial, sans-serif\">A programa\u00e7\u00e3o do R\u00e9veillon 2023 teve in\u00edcio por volta das 22 horas com DJ que animou o p\u00fablico. Pouco antes da meia noite, a dupla Fernando &amp; Sorocaba, que foi a grande atra\u00e7\u00e3o da festa, subiu ao palco para a concentra\u00e7\u00e3o da contagem regressiva e, ao lado do prefeito Fernando Cunha, da secret\u00e1ria de Turismo e Cultura, Priscila Foresti, e familiares, recebeu o novo ano com energias positivas e muita anima\u00e7\u00e3o.<\/span><\/p>\n<p class=\"v1MsoNormal\"><span style=\"font-family: arial, sans-serif\">Ap\u00f3s o show principal, o grupo de pagode Luz do Desejo e o grupo de ax\u00e9 Batom na Cueca foram outras atra\u00e7\u00f5es da festa. O evento n\u00e3o promoveu queima de fogos, em respeito \u00e0 legisla\u00e7\u00e3o vigente no munic\u00edpio, que pro\u00edbe a soltura de artefatos com estampido.<\/span><\/p>\n<p class=\"v1MsoNormal\"><span style=\"font-family: arial, sans-serif\">Al\u00e9m da pista solid\u00e1ria, o Camarote Premium e os corporativos tamb\u00e9m reuniram milhares de pessoas, em um espa\u00e7o privativo e diferenciado da festa. A estrutura do evento contou ainda com pra\u00e7a de alimenta\u00e7\u00e3o, seguran\u00e7a e banheiros.<\/span><\/p>\n<p class=\"v1MsoNormal\"><span style=\"font-family: arial, sans-serif\">O R\u00e9veillon das \u00c1guas 2023 foi coorganizado pela Prefeitura, por meio da secretaria de Turismo e Cultura, com o grupo &#8216;OBA Festival&#8217;, e contou ainda com o apoio do Grupo Enjoy Parques &amp; Resorts e a promo\u00e7\u00e3o institucional da TV TEM e do Portal Tem Mais.<\/span><\/p>\n<p>VEJA TAMB\u00c9M:\u00a0<a href=\"https:\/\/redenoticiaz.com.br\/barretos-regiao\/sp\/2023\/01\/02\/moradores-de-guaira-morremcarbonizados-em-acidente-no-rodoanel\">Moradores de Gua\u00edra morrem carbonizados em acidente no Rodoanel<\/a><\/p>\n","protected":false},"excerpt":{"rendered":"<p>Consagrando-se como a maior festa de toda a regi\u00e3o, o R\u00e9veillon das \u00c1guas 2023 da Est\u00e2ncia Tur\u00edstica de Ol\u00edmpia bateu recorde de p\u00fablico e reuniu cerca de 15 mil pessoas para a virada do ano. Realizado no estacionamento do parque Thermas dos Laranjais, o evento, al\u00e9m de oferecer entretenimento, tamb\u00e9m promoveu a solidariedade com a &hellip;<\/p>\n","protected":false},"author":15,"featured_media":97821,"comment_status":"open","ping_status":"closed","sticky":false,"template":"","format":"standard","meta":{"footnotes":""},"categories":[22062,815,134],"tags":[23432,21321,22299,664,23431,23433],"class_list":["post-97820","post","type-post","status-publish","format-standard","has-post-thumbnail","hentry","category-celebridades","category-cultura-e-musica","category-entretenimento","tag-alimentos-arecadados","tag-fernando-e-sorocaba","tag-reveillon-das-aguas-2023","tag-show","tag-solidariedade","tag-troca-de-incresso"],"yoast_head":"<!-- This site is optimized with the Yoast SEO plugin v27.5 - https:\/\/yoast.com\/product\/yoast-seo-wordpress\/ -->\n<title>R\u00e9veillon das \u00c1guas 2023 re\u00fane mais de 15 mil pessoas em show da dupla Fernando &amp; Sorocaba - Ribeir\u00e3o Preto e Regi\u00e3o<\/title>\n<meta name=\"description\" content=\"R\u00e9veillon das \u00c1guas 2023 da Est\u00e2ncia Tur\u00edstica de Ol\u00edmpia bateu recorde de p\u00fablico e reuniu cerca de 15 mil pessoas para a virada do ano.\" \/>\n<meta name=\"robots\" content=\"index, follow, max-snippet:-1, max-image-preview:large, max-video-preview:-1\" \/>\n<link rel=\"canonical\" href=\"https:\/\/redenoticiaz.com.br\/ribeiraopreto-regiao\/sp\/2023\/01\/02\/reveillon-das-aguas-2023-reune-mais-de-15-mil-pessoas-em-show-da-dupla-fernando-sorocaba\" \/>\n<meta property=\"og:locale\" content=\"pt_BR\" \/>\n<meta property=\"og:type\" content=\"article\" \/>\n<meta property=\"og:title\" content=\"R\u00e9veillon das \u00c1guas 2023 re\u00fane mais de 15 mil pessoas em show da dupla Fernando &amp; Sorocaba - Ribeir\u00e3o Preto e Regi\u00e3o\" \/>\n<meta property=\"og:description\" content=\"R\u00e9veillon das \u00c1guas 2023 da Est\u00e2ncia Tur\u00edstica de Ol\u00edmpia bateu recorde de p\u00fablico e reuniu cerca de 15 mil pessoas para a virada do ano.\" \/>\n<meta property=\"og:url\" content=\"https:\/\/redenoticiaz.com.br\/ribeiraopreto-regiao\/sp\/2023\/01\/02\/reveillon-das-aguas-2023-reune-mais-de-15-mil-pessoas-em-show-da-dupla-fernando-sorocaba\" \/>\n<meta property=\"og:site_name\" content=\"Ribeir\u00e3o Preto e Regi\u00e3o\" \/>\n<meta property=\"article:publisher\" content=\"https:\/\/m.facebook.com\/redenoticiaz.barretos\" \/>\n<meta property=\"article:published_time\" content=\"2023-01-02T17:35:38+00:00\" \/>\n<meta property=\"article:modified_time\" content=\"2023-01-02T17:37:15+00:00\" \/>\n<meta property=\"og:image\" content=\"https:\/\/redenoticiaz.com.br\/ribeiraopreto-regiao\/wp-content\/uploads\/sites\/4\/2023\/01\/Reveillon-das-Aguas-2023-7-scaled.jpg\" \/>\n\t<meta property=\"og:image:width\" content=\"1621\" \/>\n\t<meta property=\"og:image:height\" content=\"1080\" \/>\n\t<meta property=\"og:image:type\" content=\"image\/jpeg\" \/>\n<meta name=\"twitter:card\" content=\"summary_large_image\" \/>\n<meta name=\"twitter:creator\" content=\"@RN_barretos\" \/>\n<meta name=\"twitter:site\" content=\"@RN_barretos\" \/>\n<meta name=\"twitter:label1\" content=\"Escrito por\" \/>\n\t<meta name=\"twitter:data1\" content=\"\" \/>\n\t<meta name=\"twitter:label2\" content=\"Est. tempo de leitura\" \/>\n\t<meta name=\"twitter:data2\" content=\"3 minutos\" \/>\n<script type=\"application\/ld+json\" class=\"yoast-schema-graph\">{\"@context\":\"https:\\\/\\\/schema.org\",\"@graph\":[{\"@type\":\"Article\",\"@id\":\"https:\\\/\\\/redenoticiaz.com.br\\\/ribeiraopreto-regiao\\\/sp\\\/2023\\\/01\\\/02\\\/reveillon-das-aguas-2023-reune-mais-de-15-mil-pessoas-em-show-da-dupla-fernando-sorocaba#article\",\"isPartOf\":{\"@id\":\"https:\\\/\\\/redenoticiaz.com.br\\\/ribeiraopreto-regiao\\\/sp\\\/2023\\\/01\\\/02\\\/reveillon-das-aguas-2023-reune-mais-de-15-mil-pessoas-em-show-da-dupla-fernando-sorocaba\"},\"author\":{\"name\":\"\",\"@id\":\"\"},\"headline\":\"R\u00e9veillon das \u00c1guas 2023 re\u00fane mais de 15 mil pessoas em show da dupla Fernando &amp; Sorocaba\",\"datePublished\":\"2023-01-02T17:35:38+00:00\",\"dateModified\":\"2023-01-02T17:37:15+00:00\",\"mainEntityOfPage\":{\"@id\":\"https:\\\/\\\/redenoticiaz.com.br\\\/ribeiraopreto-regiao\\\/sp\\\/2023\\\/01\\\/02\\\/reveillon-das-aguas-2023-reune-mais-de-15-mil-pessoas-em-show-da-dupla-fernando-sorocaba\"},\"wordCount\":418,\"commentCount\":0,\"publisher\":{\"@id\":\"https:\\\/\\\/redenoticiaz.com.br\\\/ribeiraopreto-regiao\\\/#organization\"},\"image\":{\"@id\":\"https:\\\/\\\/redenoticiaz.com.br\\\/ribeiraopreto-regiao\\\/sp\\\/2023\\\/01\\\/02\\\/reveillon-das-aguas-2023-reune-mais-de-15-mil-pessoas-em-show-da-dupla-fernando-sorocaba#primaryimage\"},\"thumbnailUrl\":\"https:\\\/\\\/redenoticiaz.com.br\\\/ribeiraopreto-regiao\\\/wp-content\\\/uploads\\\/sites\\\/4\\\/2023\\\/01\\\/Reveillon-das-Aguas-2023-7-scaled.jpg\",\"keywords\":[\"ALIMENTOS ARECADADOS\",\"Fernando e Sorocaba\",\"R\u00e9veillon das \u00c1guas 2023\",\"SHOW\",\"SOLIDARIEDADE\",\"TROCA DE INCRESSO\"],\"articleSection\":[\"Celebridades\",\"Cultura e M\u00fasica\",\"Entretenimento\"],\"inLanguage\":\"pt-BR\",\"potentialAction\":[{\"@type\":\"CommentAction\",\"name\":\"Comment\",\"target\":[\"https:\\\/\\\/redenoticiaz.com.br\\\/ribeiraopreto-regiao\\\/sp\\\/2023\\\/01\\\/02\\\/reveillon-das-aguas-2023-reune-mais-de-15-mil-pessoas-em-show-da-dupla-fernando-sorocaba#respond\"]}]},{\"@type\":\"WebPage\",\"@id\":\"https:\\\/\\\/redenoticiaz.com.br\\\/ribeiraopreto-regiao\\\/sp\\\/2023\\\/01\\\/02\\\/reveillon-das-aguas-2023-reune-mais-de-15-mil-pessoas-em-show-da-dupla-fernando-sorocaba\",\"url\":\"https:\\\/\\\/redenoticiaz.com.br\\\/ribeiraopreto-regiao\\\/sp\\\/2023\\\/01\\\/02\\\/reveillon-das-aguas-2023-reune-mais-de-15-mil-pessoas-em-show-da-dupla-fernando-sorocaba\",\"name\":\"R\u00e9veillon das \u00c1guas 2023 re\u00fane mais de 15 mil pessoas em show da dupla Fernando &amp; Sorocaba - Ribeir\u00e3o Preto e Regi\u00e3o\",\"isPartOf\":{\"@id\":\"https:\\\/\\\/redenoticiaz.com.br\\\/ribeiraopreto-regiao\\\/#website\"},\"primaryImageOfPage\":{\"@id\":\"https:\\\/\\\/redenoticiaz.com.br\\\/ribeiraopreto-regiao\\\/sp\\\/2023\\\/01\\\/02\\\/reveillon-das-aguas-2023-reune-mais-de-15-mil-pessoas-em-show-da-dupla-fernando-sorocaba#primaryimage\"},\"image\":{\"@id\":\"https:\\\/\\\/redenoticiaz.com.br\\\/ribeiraopreto-regiao\\\/sp\\\/2023\\\/01\\\/02\\\/reveillon-das-aguas-2023-reune-mais-de-15-mil-pessoas-em-show-da-dupla-fernando-sorocaba#primaryimage\"},\"thumbnailUrl\":\"https:\\\/\\\/redenoticiaz.com.br\\\/ribeiraopreto-regiao\\\/wp-content\\\/uploads\\\/sites\\\/4\\\/2023\\\/01\\\/Reveillon-das-Aguas-2023-7-scaled.jpg\",\"datePublished\":\"2023-01-02T17:35:38+00:00\",\"dateModified\":\"2023-01-02T17:37:15+00:00\",\"description\":\"R\u00e9veillon das \u00c1guas 2023 da Est\u00e2ncia Tur\u00edstica de Ol\u00edmpia bateu recorde de p\u00fablico e reuniu cerca de 15 mil pessoas para a virada do ano.\",\"inLanguage\":\"pt-BR\",\"potentialAction\":[{\"@type\":\"ReadAction\",\"target\":[\"https:\\\/\\\/redenoticiaz.com.br\\\/ribeiraopreto-regiao\\\/sp\\\/2023\\\/01\\\/02\\\/reveillon-das-aguas-2023-reune-mais-de-15-mil-pessoas-em-show-da-dupla-fernando-sorocaba\"]}]},{\"@type\":\"ImageObject\",\"inLanguage\":\"pt-BR\",\"@id\":\"https:\\\/\\\/redenoticiaz.com.br\\\/ribeiraopreto-regiao\\\/sp\\\/2023\\\/01\\\/02\\\/reveillon-das-aguas-2023-reune-mais-de-15-mil-pessoas-em-show-da-dupla-fernando-sorocaba#primaryimage\",\"url\":\"https:\\\/\\\/redenoticiaz.com.br\\\/ribeiraopreto-regiao\\\/wp-content\\\/uploads\\\/sites\\\/4\\\/2023\\\/01\\\/Reveillon-das-Aguas-2023-7-scaled.jpg\",\"contentUrl\":\"https:\\\/\\\/redenoticiaz.com.br\\\/ribeiraopreto-regiao\\\/wp-content\\\/uploads\\\/sites\\\/4\\\/2023\\\/01\\\/Reveillon-das-Aguas-2023-7-scaled.jpg\",\"width\":1621,\"height\":1080,\"caption\":\"Fernando &amp; Sorocaba. Cr\u00e9dito: Divulga\u00e7\u00e3o\"},{\"@type\":\"WebSite\",\"@id\":\"https:\\\/\\\/redenoticiaz.com.br\\\/ribeiraopreto-regiao\\\/#website\",\"url\":\"https:\\\/\\\/redenoticiaz.com.br\\\/ribeiraopreto-regiao\\\/\",\"name\":\"Ribeir\u00e3o Preto e Regi\u00e3o\",\"description\":\"Rede NoticiaZ - Ribeir\u00e3o Preto e regi\u00e3o\",\"publisher\":{\"@id\":\"https:\\\/\\\/redenoticiaz.com.br\\\/ribeiraopreto-regiao\\\/#organization\"},\"potentialAction\":[{\"@type\":\"SearchAction\",\"target\":{\"@type\":\"EntryPoint\",\"urlTemplate\":\"https:\\\/\\\/redenoticiaz.com.br\\\/ribeiraopreto-regiao\\\/?s={search_term_string}\"},\"query-input\":{\"@type\":\"PropertyValueSpecification\",\"valueRequired\":true,\"valueName\":\"search_term_string\"}}],\"inLanguage\":\"pt-BR\"},{\"@type\":\"Organization\",\"@id\":\"https:\\\/\\\/redenoticiaz.com.br\\\/ribeiraopreto-regiao\\\/#organization\",\"name\":\"Ribeir\u00e3o Preto e Regi\u00e3o\",\"url\":\"https:\\\/\\\/redenoticiaz.com.br\\\/ribeiraopreto-regiao\\\/\",\"logo\":{\"@type\":\"ImageObject\",\"inLanguage\":\"pt-BR\",\"@id\":\"https:\\\/\\\/redenoticiaz.com.br\\\/ribeiraopreto-regiao\\\/#\\\/schema\\\/logo\\\/image\\\/\",\"url\":\"https:\\\/\\\/redenoticiaz.com.br\\\/barretos-regiao\\\/wp-content\\\/uploads\\\/sites\\\/4\\\/2022\\\/02\\\/logo.jpg\",\"contentUrl\":\"https:\\\/\\\/redenoticiaz.com.br\\\/barretos-regiao\\\/wp-content\\\/uploads\\\/sites\\\/4\\\/2022\\\/02\\\/logo.jpg\",\"width\":400,\"height\":250,\"caption\":\"Ribeir\u00e3o Preto e Regi\u00e3o\"},\"image\":{\"@id\":\"https:\\\/\\\/redenoticiaz.com.br\\\/ribeiraopreto-regiao\\\/#\\\/schema\\\/logo\\\/image\\\/\"},\"sameAs\":[\"https:\\\/\\\/m.facebook.com\\\/redenoticiaz.barretos\",\"https:\\\/\\\/x.com\\\/RN_barretos\",\"https:\\\/\\\/www.instagram.com\\\/redenoticiaz.barretos\\\/?igshid=YmMyMTA2M2Y\",\"https:\\\/\\\/www.linkedin.com\\\/company\\\/rede-noticiaz-barretos-e-regio\\\/\"]},{\"@type\":\"Person\",\"@id\":\"\",\"url\":\"https:\\\/\\\/redenoticiaz.com.br\\\/ribeiraopreto-regiao\\\/sp\\\/author\"}]}<\/script>\n<!-- \/ Yoast SEO plugin. -->","yoast_head_json":{"title":"R\u00e9veillon das \u00c1guas 2023 re\u00fane mais de 15 mil pessoas em show da dupla Fernando &amp; Sorocaba - Ribeir\u00e3o Preto e Regi\u00e3o","description":"R\u00e9veillon das \u00c1guas 2023 da Est\u00e2ncia Tur\u00edstica de Ol\u00edmpia bateu recorde de p\u00fablico e reuniu cerca de 15 mil pessoas para a virada do ano.","robots":{"index":"index","follow":"follow","max-snippet":"max-snippet:-1","max-image-preview":"max-image-preview:large","max-video-preview":"max-video-preview:-1"},"canonical":"https:\/\/redenoticiaz.com.br\/ribeiraopreto-regiao\/sp\/2023\/01\/02\/reveillon-das-aguas-2023-reune-mais-de-15-mil-pessoas-em-show-da-dupla-fernando-sorocaba","og_locale":"pt_BR","og_type":"article","og_title":"R\u00e9veillon das \u00c1guas 2023 re\u00fane mais de 15 mil pessoas em show da dupla Fernando &amp; Sorocaba - Ribeir\u00e3o Preto e Regi\u00e3o","og_description":"R\u00e9veillon das \u00c1guas 2023 da Est\u00e2ncia Tur\u00edstica de Ol\u00edmpia bateu recorde de p\u00fablico e reuniu cerca de 15 mil pessoas para a virada do ano.","og_url":"https:\/\/redenoticiaz.com.br\/ribeiraopreto-regiao\/sp\/2023\/01\/02\/reveillon-das-aguas-2023-reune-mais-de-15-mil-pessoas-em-show-da-dupla-fernando-sorocaba","og_site_name":"Ribeir\u00e3o Preto e Regi\u00e3o","article_publisher":"https:\/\/m.facebook.com\/redenoticiaz.barretos","article_published_time":"2023-01-02T17:35:38+00:00","article_modified_time":"2023-01-02T17:37:15+00:00","og_image":[{"width":1621,"height":1080,"url":"https:\/\/redenoticiaz.com.br\/ribeiraopreto-regiao\/wp-content\/uploads\/sites\/4\/2023\/01\/Reveillon-das-Aguas-2023-7-scaled.jpg","type":"image\/jpeg"}],"twitter_card":"summary_large_image","twitter_creator":"@RN_barretos","twitter_site":"@RN_barretos","twitter_misc":{"Escrito por":"","Est. tempo de leitura":"3 minutos"},"schema":{"@context":"https:\/\/schema.org","@graph":[{"@type":"Article","@id":"https:\/\/redenoticiaz.com.br\/ribeiraopreto-regiao\/sp\/2023\/01\/02\/reveillon-das-aguas-2023-reune-mais-de-15-mil-pessoas-em-show-da-dupla-fernando-sorocaba#article","isPartOf":{"@id":"https:\/\/redenoticiaz.com.br\/ribeiraopreto-regiao\/sp\/2023\/01\/02\/reveillon-das-aguas-2023-reune-mais-de-15-mil-pessoas-em-show-da-dupla-fernando-sorocaba"},"author":{"name":"","@id":""},"headline":"R\u00e9veillon das \u00c1guas 2023 re\u00fane mais de 15 mil pessoas em show da dupla Fernando &amp; Sorocaba","datePublished":"2023-01-02T17:35:38+00:00","dateModified":"2023-01-02T17:37:15+00:00","mainEntityOfPage":{"@id":"https:\/\/redenoticiaz.com.br\/ribeiraopreto-regiao\/sp\/2023\/01\/02\/reveillon-das-aguas-2023-reune-mais-de-15-mil-pessoas-em-show-da-dupla-fernando-sorocaba"},"wordCount":418,"commentCount":0,"publisher":{"@id":"https:\/\/redenoticiaz.com.br\/ribeiraopreto-regiao\/#organization"},"image":{"@id":"https:\/\/redenoticiaz.com.br\/ribeiraopreto-regiao\/sp\/2023\/01\/02\/reveillon-das-aguas-2023-reune-mais-de-15-mil-pessoas-em-show-da-dupla-fernando-sorocaba#primaryimage"},"thumbnailUrl":"https:\/\/redenoticiaz.com.br\/ribeiraopreto-regiao\/wp-content\/uploads\/sites\/4\/2023\/01\/Reveillon-das-Aguas-2023-7-scaled.jpg","keywords":["ALIMENTOS ARECADADOS","Fernando e Sorocaba","R\u00e9veillon das \u00c1guas 2023","SHOW","SOLIDARIEDADE","TROCA DE INCRESSO"],"articleSection":["Celebridades","Cultura e M\u00fasica","Entretenimento"],"inLanguage":"pt-BR","potentialAction":[{"@type":"CommentAction","name":"Comment","target":["https:\/\/redenoticiaz.com.br\/ribeiraopreto-regiao\/sp\/2023\/01\/02\/reveillon-das-aguas-2023-reune-mais-de-15-mil-pessoas-em-show-da-dupla-fernando-sorocaba#respond"]}]},{"@type":"WebPage","@id":"https:\/\/redenoticiaz.com.br\/ribeiraopreto-regiao\/sp\/2023\/01\/02\/reveillon-das-aguas-2023-reune-mais-de-15-mil-pessoas-em-show-da-dupla-fernando-sorocaba","url":"https:\/\/redenoticiaz.com.br\/ribeiraopreto-regiao\/sp\/2023\/01\/02\/reveillon-das-aguas-2023-reune-mais-de-15-mil-pessoas-em-show-da-dupla-fernando-sorocaba","name":"R\u00e9veillon das \u00c1guas 2023 re\u00fane mais de 15 mil pessoas em show da dupla Fernando &amp; Sorocaba - Ribeir\u00e3o Preto e Regi\u00e3o","isPartOf":{"@id":"https:\/\/redenoticiaz.com.br\/ribeiraopreto-regiao\/#website"},"primaryImageOfPage":{"@id":"https:\/\/redenoticiaz.com.br\/ribeiraopreto-regiao\/sp\/2023\/01\/02\/reveillon-das-aguas-2023-reune-mais-de-15-mil-pessoas-em-show-da-dupla-fernando-sorocaba#primaryimage"},"image":{"@id":"https:\/\/redenoticiaz.com.br\/ribeiraopreto-regiao\/sp\/2023\/01\/02\/reveillon-das-aguas-2023-reune-mais-de-15-mil-pessoas-em-show-da-dupla-fernando-sorocaba#primaryimage"},"thumbnailUrl":"https:\/\/redenoticiaz.com.br\/ribeiraopreto-regiao\/wp-content\/uploads\/sites\/4\/2023\/01\/Reveillon-das-Aguas-2023-7-scaled.jpg","datePublished":"2023-01-02T17:35:38+00:00","dateModified":"2023-01-02T17:37:15+00:00","description":"R\u00e9veillon das \u00c1guas 2023 da Est\u00e2ncia Tur\u00edstica de Ol\u00edmpia bateu recorde de p\u00fablico e reuniu cerca de 15 mil pessoas para a virada do ano.","inLanguage":"pt-BR","potentialAction":[{"@type":"ReadAction","target":["https:\/\/redenoticiaz.com.br\/ribeiraopreto-regiao\/sp\/2023\/01\/02\/reveillon-das-aguas-2023-reune-mais-de-15-mil-pessoas-em-show-da-dupla-fernando-sorocaba"]}]},{"@type":"ImageObject","inLanguage":"pt-BR","@id":"https:\/\/redenoticiaz.com.br\/ribeiraopreto-regiao\/sp\/2023\/01\/02\/reveillon-das-aguas-2023-reune-mais-de-15-mil-pessoas-em-show-da-dupla-fernando-sorocaba#primaryimage","url":"https:\/\/redenoticiaz.com.br\/ribeiraopreto-regiao\/wp-content\/uploads\/sites\/4\/2023\/01\/Reveillon-das-Aguas-2023-7-scaled.jpg","contentUrl":"https:\/\/redenoticiaz.com.br\/ribeiraopreto-regiao\/wp-content\/uploads\/sites\/4\/2023\/01\/Reveillon-das-Aguas-2023-7-scaled.jpg","width":1621,"height":1080,"caption":"Fernando &amp; Sorocaba. Cr\u00e9dito: Divulga\u00e7\u00e3o"},{"@type":"WebSite","@id":"https:\/\/redenoticiaz.com.br\/ribeiraopreto-regiao\/#website","url":"https:\/\/redenoticiaz.com.br\/ribeiraopreto-regiao\/","name":"Ribeir\u00e3o Preto e Regi\u00e3o","description":"Rede NoticiaZ - Ribeir\u00e3o Preto e regi\u00e3o","publisher":{"@id":"https:\/\/redenoticiaz.com.br\/ribeiraopreto-regiao\/#organization"},"potentialAction":[{"@type":"SearchAction","target":{"@type":"EntryPoint","urlTemplate":"https:\/\/redenoticiaz.com.br\/ribeiraopreto-regiao\/?s={search_term_string}"},"query-input":{"@type":"PropertyValueSpecification","valueRequired":true,"valueName":"search_term_string"}}],"inLanguage":"pt-BR"},{"@type":"Organization","@id":"https:\/\/redenoticiaz.com.br\/ribeiraopreto-regiao\/#organization","name":"Ribeir\u00e3o Preto e Regi\u00e3o","url":"https:\/\/redenoticiaz.com.br\/ribeiraopreto-regiao\/","logo":{"@type":"ImageObject","inLanguage":"pt-BR","@id":"https:\/\/redenoticiaz.com.br\/ribeiraopreto-regiao\/#\/schema\/logo\/image\/","url":"https:\/\/redenoticiaz.com.br\/barretos-regiao\/wp-content\/uploads\/sites\/4\/2022\/02\/logo.jpg","contentUrl":"https:\/\/redenoticiaz.com.br\/barretos-regiao\/wp-content\/uploads\/sites\/4\/2022\/02\/logo.jpg","width":400,"height":250,"caption":"Ribeir\u00e3o Preto e Regi\u00e3o"},"image":{"@id":"https:\/\/redenoticiaz.com.br\/ribeiraopreto-regiao\/#\/schema\/logo\/image\/"},"sameAs":["https:\/\/m.facebook.com\/redenoticiaz.barretos","https:\/\/x.com\/RN_barretos","https:\/\/www.instagram.com\/redenoticiaz.barretos\/?igshid=YmMyMTA2M2Y","https:\/\/www.linkedin.com\/company\/rede-noticiaz-barretos-e-regio\/"]},{"@type":"Person","@id":"","url":"https:\/\/redenoticiaz.com.br\/ribeiraopreto-regiao\/sp\/author"}]}},"_links":{"self":[{"href":"https:\/\/redenoticiaz.com.br\/ribeiraopreto-regiao\/wp-json\/wp\/v2\/posts\/97820","targetHints":{"allow":["GET"]}}],"collection":[{"href":"https:\/\/redenoticiaz.com.br\/ribeiraopreto-regiao\/wp-json\/wp\/v2\/posts"}],"about":[{"href":"https:\/\/redenoticiaz.com.br\/ribeiraopreto-regiao\/wp-json\/wp\/v2\/types\/post"}],"author":[{"embeddable":true,"href":"https:\/\/redenoticiaz.com.br\/ribeiraopreto-regiao\/wp-json\/wp\/v2\/users\/15"}],"replies":[{"embeddable":true,"href":"https:\/\/redenoticiaz.com.br\/ribeiraopreto-regiao\/wp-json\/wp\/v2\/comments?post=97820"}],"version-history":[{"count":2,"href":"https:\/\/redenoticiaz.com.br\/ribeiraopreto-regiao\/wp-json\/wp\/v2\/posts\/97820\/revisions"}],"predecessor-version":[{"id":97827,"href":"https:\/\/redenoticiaz.com.br\/ribeiraopreto-regiao\/wp-json\/wp\/v2\/posts\/97820\/revisions\/97827"}],"wp:featuredmedia":[{"embeddable":true,"href":"https:\/\/redenoticiaz.com.br\/ribeiraopreto-regiao\/wp-json\/wp\/v2\/media\/97821"}],"wp:attachment":[{"href":"https:\/\/redenoticiaz.com.br\/ribeiraopreto-regiao\/wp-json\/wp\/v2\/media?parent=97820"}],"wp:term":[{"taxonomy":"category","embeddable":true,"href":"https:\/\/redenoticiaz.com.br\/ribeiraopreto-regiao\/wp-json\/wp\/v2\/categories?post=97820"},{"taxonomy":"post_tag","embeddable":true,"href":"https:\/\/redenoticiaz.com.br\/ribeiraopreto-regiao\/wp-json\/wp\/v2\/tags?post=97820"}],"curies":[{"name":"wp","href":"https:\/\/api.w.org\/{rel}","templated":true}]}}