{"id":97907,"date":"2023-01-03T14:56:09","date_gmt":"2023-01-03T17:56:09","guid":{"rendered":"https:\/\/redenoticiaz.com.br\/barretos-regiao\/sp\/2023\/01\/03\/atencao-motorista-o-ipva-estara-mais-caro"},"modified":"2023-01-03T14:56:09","modified_gmt":"2023-01-03T17:56:09","slug":"atencao-motorista-o-ipva-estara-mais-caro","status":"publish","type":"post","link":"https:\/\/redenoticiaz.com.br\/ribeiraopreto-regiao\/sp\/2023\/01\/03\/atencao-motorista-o-ipva-estara-mais-caro","title":{"rendered":"Aten\u00e7\u00e3o motorista! O IPVA estar\u00e1 mais caro"},"content":{"rendered":"<div id=\"chunk-fj23\">\n<div class=\"mc-column content-text active-extra-styles \" data-block-type=\"unstyled\" data-block-weight=\"38\" data-block-id=\"3\">\n<p class=\"content-text__container \" data-track-category=\"Link no Texto\" data-track-links=\"\">\u00c9 bom o motorista preparar o bolso. Janeiro \u00e9 o m\u00eas onde diversas contas precisam ser pagas. Uma delas \u00e9 o <strong>IPVA 2023<\/strong>, onde segundo o governo de S\u00e3o Paulo ele estar\u00e1 em m\u00e9dia <strong>10,77% mais caro.<\/strong> Os dados s\u00e3o da pesquisa anual feita pela Funda\u00e7\u00e3o Instituto de Pesquisas Econ\u00f4micas (Fipe).<\/p>\n<\/div>\n<\/div>\n<div class=\"wall protected-content\">\n<div id=\"chunk-4kafo\">\n<div class=\"mc-column content-text active-extra-styles \" data-block-type=\"unstyled\" data-block-weight=\"37\" data-block-id=\"4\">\n<p class=\"content-text__container \" data-track-category=\"Link no Texto\" data-track-links=\"\">O valor do IPVA varia de acordo com levantamento da Fipe, baseado nos valores de mercado apurados em setembro\/outubro de 2022, em compara\u00e7\u00e3o com igual per\u00edodo de 2021. Veja o valor do seu carro pela placa <a href=\"https:\/\/www3.fazenda.sp.gov.br\/SIVEI\/Veiculos\/ValorVenal\" target=\"_blank\" rel=\"noopener\">aqui<\/a>.<\/p>\n<\/div>\n<\/div>\n<div id=\"chunk-dh2ui\">\n<div class=\"mc-column content-text active-extra-styles \" data-block-type=\"unstyled\" data-block-weight=\"74\" data-block-id=\"5\">\n<p class=\"content-text__container \" data-track-category=\"Link no Texto\" data-track-links=\"\">Apesar disso, o aumento foi menor do que o ocorrido no ano passado, de 22,54%. O governo paulista mudou o esquema de parcelamento, que vai variar de tr\u00eas a cinco parcelas dependendo do valor do imposto a ser pago. Quem pagar integralmente em janeiro receber\u00e1 um desconto de 3%, enquanto quem parcelar a partir do primeiro m\u00eas do ano ou pagar em cota \u00fanica em fevereiro n\u00e3o ter\u00e1 desconto, como ocorreu em 2022.<\/p>\n<div class=\"mc-column content-text active-extra-styles\" data-block-type=\"raw\" data-block-weight=\"3\" data-block-id=\"8\">\n<div class=\"content-intertitle\">\n<h3>Calend\u00e1rio de pagamento<\/h3>\n<\/div>\n<\/div>\n<div id=\"chunk-43l9i\">\n<div class=\"mc-column content-text active-extra-styles \" data-block-type=\"unstyled\" data-block-weight=\"21\" data-block-id=\"9\">\n<p class=\"content-text__container \" data-track-category=\"Link no Texto\" data-track-links=\"\">Os propriet\u00e1rios poder\u00e3o escolher entre as seguintes formas de pagamento com vencimentos de acordo com o final de placa:<\/p>\n<\/div>\n<\/div>\n<div id=\"chunk-daeg2\">\n<div class=\"mc-column content-text active-extra-styles \" data-block-type=\"unstyled\" data-block-weight=\"2\" data-block-id=\"10\">\n<p class=\"content-text__container \" data-track-category=\"Link no Texto\" data-track-links=\"\"><strong>\u00c0 vista<\/strong><\/p>\n<\/div>\n<\/div>\n<div class=\"mc-column content-text active-extra-styles\" data-block-type=\"raw\" data-block-weight=\"14\" data-block-id=\"11\">\n<ul class=\"content-unordered-list\">\n<li>Cota \u00fanica em janeiro com desconto de 3%;<\/li>\n<li>Cota \u00fanica em fevereiro, sem desconto;<\/li>\n<\/ul>\n<\/div>\n<div id=\"chunk-9h9nf\">\n<div class=\"mc-column content-text active-extra-styles \" data-block-type=\"unstyled\" data-block-weight=\"8\" data-block-id=\"12\">\n<p class=\"content-text__container \" data-track-category=\"Link no Texto\" data-track-links=\"\"><strong>Parcelamento, sem desconto, cota m\u00ednima de R$ 68,52<\/strong><\/p>\n<\/div>\n<\/div>\n<div class=\"mc-column content-text active-extra-styles\" data-block-type=\"raw\" data-block-weight=\"40\" data-block-id=\"13\">\n<ul class=\"content-unordered-list\">\n<li>Em 3 vezes, de janeiro a mar\u00e7o (IPVA entre R$ 205,56 e R$ 274,07);<\/li>\n<li>Em 4 vezes, de janeiro a abril (IPVA entre R$ 274,08 e R$ 342,5);<\/li>\n<li>Em 5 vezes, de janeiro a maio (IPVA acima de R$ 342,60).<\/li>\n<\/ul>\n<\/div>\n<div id=\"chunk-3j2nf\">\n<div class=\"mc-column content-text active-extra-styles \" data-block-type=\"unstyled\" data-block-weight=\"56\" data-block-id=\"14\">\n<p class=\"content-text__container \" data-track-category=\"Link no Texto\" data-track-links=\"\">Os caminh\u00f5es t\u00eam prazos diferenciados: para o pagamento integral em janeiro \u00e9 concedido desconto de 3%; para os propriet\u00e1rios que optarem pelo parcelamento em tr\u00eas, quatro ou cinco vezes, sem desconto, os vencimentos s\u00e3o em 20 de mar\u00e7o, 20 de abril, 20 de maio, 20 de julho, 20 de agosto e 20 de setembro.<\/p>\n<div class=\"mc-column content-text active-extra-styles\" data-block-type=\"raw\" data-block-weight=\"3\" data-block-id=\"18\">\n<div class=\"content-intertitle\">\n<h3>Frota e al\u00edquotas<\/h3>\n<\/div>\n<\/div>\n<div id=\"chunk-6tg9g\">\n<div class=\"mc-column content-text active-extra-styles \" data-block-type=\"unstyled\" data-block-weight=\"82\" data-block-id=\"19\">\n<p class=\"content-text__container \" data-track-category=\"Link no Texto\" data-track-links=\"\">A frota total no estado de S\u00e3o Paulo \u00e9 de aproximadamente 27 milh\u00f5es de ve\u00edculos. Desses, 17,9 milh\u00f5es est\u00e3o sujeitos ao recolhimento do IPVA e 8,5 milh\u00f5es est\u00e3o isentos por terem mais de 20 anos de fabrica\u00e7\u00e3o. Cerca de 920 mil ve\u00edculos s\u00e3o considerados isentos, imunes ou dispensados do pagamento (como taxistas, pessoas com defici\u00eancia, igrejas, entidades sem fins lucrativos, ve\u00edculos oficiais e \u00f4nibus\/micro-\u00f4nibus urbanos). A Sefaz-SP estima que a arrecada\u00e7\u00e3o com o imposto atinja R$ 23,4 bilh\u00f5es em 2023.<\/p>\n<\/div>\n<\/div>\n<div id=\"chunk-23vj4\">\n<div class=\"mc-column content-text active-extra-styles \" data-block-type=\"unstyled\" data-block-weight=\"48\" data-block-id=\"20\">\n<p class=\"content-text__container \" data-track-category=\"Link no Texto\" data-track-links=\"\">As al\u00edquotas do imposto para ve\u00edculos particulares novos e usados permanecem as mesmas: 4% para carros de passeio; 2% para motocicletas e similares, caminhonetes cabine simples, micro-\u00f4nibus, \u00f4nibus e maquin\u00e1rio pesado; al\u00e9m de 1,5% para caminh\u00f5es e 1% para os ve\u00edculos de locadoras, registrados em S\u00e3o Paulo.<\/p>\n<div class=\"mc-column content-text active-extra-styles\" data-block-type=\"raw\" data-block-weight=\"1\" data-block-id=\"22\">\n<div class=\"content-intertitle\">\n<h3>Licenciamento<\/h3>\n<\/div>\n<\/div>\n<div id=\"chunk-44pkq\">\n<div class=\"mc-column content-text active-extra-styles \" data-block-type=\"unstyled\" data-block-weight=\"34\" data-block-id=\"23\">\n<p class=\"content-text__container \" data-track-category=\"Link no Texto\" data-track-links=\"\">Os propriet\u00e1rios que desejam antecipar o licenciamento anual dever\u00e3o quitar todos os d\u00e9bitos que recaiam sobre o ve\u00edculo, incluindo o IPVA, a taxa de licenciamento e, se for o caso, multas de tr\u00e2nsito.<\/p>\n<\/div>\n<\/div>\n<div class=\"mc-column content-text active-extra-styles\" data-block-type=\"raw\" data-block-weight=\"3\" data-block-id=\"24\">\n<div class=\"content-intertitle\">\n<h3>Atraso de pagamento<\/h3>\n<\/div>\n<\/div>\n<div id=\"chunk-ehf4o\">\n<div class=\"mc-column content-text active-extra-styles \" data-block-type=\"unstyled\" data-block-weight=\"43\" data-block-id=\"25\">\n<p class=\"content-text__container \" data-track-category=\"Link no Texto\" data-track-links=\"\">O contribuinte que deixar de recolher o imposto fica sujeito a multa de 0,33% por dia de atraso e juros de mora com base na taxa Selic. Passados 60 dias, o percentual da multa fixa-se em 20% do valor do imposto.<\/p>\n<\/div>\n<\/div>\n<div id=\"chunk-c9p2r\">\n<div class=\"mc-column content-text active-extra-styles \" data-block-type=\"unstyled\" data-block-weight=\"60\" data-block-id=\"26\">\n<p class=\"content-text__container \" data-track-category=\"Link no Texto\" data-track-links=\"\">Permanecendo a inadimpl\u00eancia do IPVA, o d\u00e9bito ser\u00e1 inscrito na D\u00edvida Ativa, al\u00e9m da inclus\u00e3o do nome do propriet\u00e1rio no Cadin Estadual, impedindo-o de aproveitar eventual cr\u00e9dito que possua por solicitar a Nota Fiscal Paulista. A partir do momento em que o d\u00e9bito de IPVA estiver inscrito, a Procuradoria Geral do Estado poder\u00e1 vir a cobr\u00e1-lo mediante protesto.<\/p>\n<\/div>\n<\/div>\n<div id=\"chunk-b4l4d\">\n<div class=\"mc-column content-text active-extra-styles \" data-block-type=\"unstyled\" data-block-weight=\"43\" data-block-id=\"27\">\n<p class=\"content-text__container \" data-track-category=\"Link no Texto\" data-track-links=\"\">A inadimpl\u00eancia do IPVA impede o novo licenciamento do ve\u00edculo. Ap\u00f3s a data limite fixada pelo Detran para o licenciamento, o ve\u00edculo poder\u00e1 vir a ser apreendido, com multa aplicada pela autoridade de tr\u00e2nsito e sete pontos na Carteira Nacional de Habilita\u00e7\u00e3o (CNH).<\/p>\n<p data-track-category=\"Link no Texto\" data-track-links=\"\"><strong>LEIA TAMB\u00c9M<\/strong><\/p>\n<p data-track-category=\"Link no Texto\" data-track-links=\"\"><a href=\"https:\/\/redenoticiaz.com.br\/blog\/2023\/01\/03\/carne-do-iptu-de-jundiai-comeca-a-ser-distribuido\">Carn\u00ea do IPTU de Jundia\u00ed come\u00e7a a ser distribu\u00eddo<\/a><\/p>\n<\/div>\n<\/div>\n<\/div>\n<\/div>\n<\/div>\n<\/div>\n<\/div>\n<\/div>\n<\/div>\n","protected":false},"excerpt":{"rendered":"<p>\u00c9 bom o motorista preparar o bolso. Janeiro \u00e9 o m\u00eas onde diversas contas precisam ser pagas. Uma delas \u00e9 o IPVA 2023, onde segundo o governo de S\u00e3o Paulo ele estar\u00e1 em m\u00e9dia 10,77% mais caro. Os dados s\u00e3o da pesquisa anual feita pela Funda\u00e7\u00e3o Instituto de Pesquisas Econ\u00f4micas (Fipe). O valor do IPVA &hellip;<\/p>\n","protected":false},"author":6,"featured_media":97908,"comment_status":"open","ping_status":"closed","sticky":false,"template":"","format":"standard","meta":{"footnotes":""},"categories":[101],"tags":[1558,23475,12473,157],"class_list":["post-97907","post","type-post","status-publish","format-standard","has-post-thumbnail","hentry","category-economia","tag-governo-de-sao-paulo","tag-ipva-2023","tag-reajuste","tag-sao-paulo"],"yoast_head":"<!-- This site is optimized with the Yoast SEO plugin v27.4 - https:\/\/yoast.com\/product\/yoast-seo-wordpress\/ -->\n<title>Aten\u00e7\u00e3o motorista! O IPVA estar\u00e1 mais caro - Ribeir\u00e3o Preto e Regi\u00e3o<\/title>\n<meta name=\"description\" content=\"\u00c9 bom o motorista preparar o bolso. Janeiro \u00e9 o m\u00eas onde diversas contas precisam ser pagas. Uma delas \u00e9 o IPVA 2023, onde segundo\" \/>\n<meta name=\"robots\" content=\"index, follow, max-snippet:-1, max-image-preview:large, max-video-preview:-1\" \/>\n<link rel=\"canonical\" href=\"https:\/\/redenoticiaz.com.br\/ribeiraopreto-regiao\/sp\/2023\/01\/03\/atencao-motorista-o-ipva-estara-mais-caro\" \/>\n<meta property=\"og:locale\" content=\"pt_BR\" \/>\n<meta property=\"og:type\" content=\"article\" \/>\n<meta property=\"og:title\" content=\"Aten\u00e7\u00e3o motorista! O IPVA estar\u00e1 mais caro - Ribeir\u00e3o Preto e Regi\u00e3o\" \/>\n<meta property=\"og:description\" content=\"\u00c9 bom o motorista preparar o bolso. Janeiro \u00e9 o m\u00eas onde diversas contas precisam ser pagas. Uma delas \u00e9 o IPVA 2023, onde segundo\" \/>\n<meta property=\"og:url\" content=\"https:\/\/redenoticiaz.com.br\/ribeiraopreto-regiao\/sp\/2023\/01\/03\/atencao-motorista-o-ipva-estara-mais-caro\" \/>\n<meta property=\"og:site_name\" content=\"Ribeir\u00e3o Preto e Regi\u00e3o\" \/>\n<meta property=\"article:publisher\" content=\"https:\/\/m.facebook.com\/redenoticiaz.barretos\" \/>\n<meta property=\"article:published_time\" content=\"2023-01-03T17:56:09+00:00\" \/>\n<meta property=\"og:image\" content=\"https:\/\/redenoticiaz.com.br\/ribeiraopreto-regiao\/wp-content\/uploads\/sites\/4\/2022\/02\/logo.jpg\" \/>\n\t<meta property=\"og:image:width\" content=\"400\" \/>\n\t<meta property=\"og:image:height\" content=\"250\" \/>\n\t<meta property=\"og:image:type\" content=\"image\/jpeg\" \/>\n<meta name=\"author\" content=\"Leonardo Francisco\" \/>\n<meta name=\"twitter:card\" content=\"summary_large_image\" \/>\n<meta name=\"twitter:creator\" content=\"@RN_barretos\" \/>\n<meta name=\"twitter:site\" content=\"@RN_barretos\" \/>\n<meta name=\"twitter:label1\" content=\"Escrito por\" \/>\n\t<meta name=\"twitter:data1\" content=\"Leonardo Francisco\" \/>\n\t<meta name=\"twitter:label2\" content=\"Est. tempo de leitura\" \/>\n\t<meta name=\"twitter:data2\" content=\"4 minutos\" \/>\n<script type=\"application\/ld+json\" class=\"yoast-schema-graph\">{\"@context\":\"https:\\\/\\\/schema.org\",\"@graph\":[{\"@type\":\"Article\",\"@id\":\"https:\\\/\\\/redenoticiaz.com.br\\\/ribeiraopreto-regiao\\\/sp\\\/2023\\\/01\\\/03\\\/atencao-motorista-o-ipva-estara-mais-caro#article\",\"isPartOf\":{\"@id\":\"https:\\\/\\\/redenoticiaz.com.br\\\/ribeiraopreto-regiao\\\/sp\\\/2023\\\/01\\\/03\\\/atencao-motorista-o-ipva-estara-mais-caro\"},\"author\":{\"name\":\"Leonardo Francisco\",\"@id\":\"https:\\\/\\\/redenoticiaz.com.br\\\/ribeiraopreto-regiao\\\/#\\\/schema\\\/person\\\/0f0b8a5bdafefe82841e07ae8d81ecb3\"},\"headline\":\"Aten\u00e7\u00e3o motorista! O IPVA estar\u00e1 mais caro\",\"datePublished\":\"2023-01-03T17:56:09+00:00\",\"mainEntityOfPage\":{\"@id\":\"https:\\\/\\\/redenoticiaz.com.br\\\/ribeiraopreto-regiao\\\/sp\\\/2023\\\/01\\\/03\\\/atencao-motorista-o-ipva-estara-mais-caro\"},\"wordCount\":656,\"commentCount\":0,\"publisher\":{\"@id\":\"https:\\\/\\\/redenoticiaz.com.br\\\/ribeiraopreto-regiao\\\/#organization\"},\"image\":{\"@id\":\"https:\\\/\\\/redenoticiaz.com.br\\\/ribeiraopreto-regiao\\\/sp\\\/2023\\\/01\\\/03\\\/atencao-motorista-o-ipva-estara-mais-caro#primaryimage\"},\"thumbnailUrl\":\"https:\\\/\\\/redenoticiaz.com.br\\\/ribeiraopreto-regiao\\\/wp-content\\\/uploads\\\/sites\\\/4\\\/2023\\\/01\\\/CARROS-.jpg?v=1672768469\",\"keywords\":[\"Governo de S\u00e3o Paulo\",\"IPVA 2023\",\"REAJUSTE\",\"S\u00e3o Paulo\"],\"articleSection\":[\"Economia\"],\"inLanguage\":\"pt-BR\",\"potentialAction\":[{\"@type\":\"CommentAction\",\"name\":\"Comment\",\"target\":[\"https:\\\/\\\/redenoticiaz.com.br\\\/ribeiraopreto-regiao\\\/sp\\\/2023\\\/01\\\/03\\\/atencao-motorista-o-ipva-estara-mais-caro#respond\"]}]},{\"@type\":\"WebPage\",\"@id\":\"https:\\\/\\\/redenoticiaz.com.br\\\/ribeiraopreto-regiao\\\/sp\\\/2023\\\/01\\\/03\\\/atencao-motorista-o-ipva-estara-mais-caro\",\"url\":\"https:\\\/\\\/redenoticiaz.com.br\\\/ribeiraopreto-regiao\\\/sp\\\/2023\\\/01\\\/03\\\/atencao-motorista-o-ipva-estara-mais-caro\",\"name\":\"Aten\u00e7\u00e3o motorista! O IPVA estar\u00e1 mais caro - Ribeir\u00e3o Preto e Regi\u00e3o\",\"isPartOf\":{\"@id\":\"https:\\\/\\\/redenoticiaz.com.br\\\/ribeiraopreto-regiao\\\/#website\"},\"primaryImageOfPage\":{\"@id\":\"https:\\\/\\\/redenoticiaz.com.br\\\/ribeiraopreto-regiao\\\/sp\\\/2023\\\/01\\\/03\\\/atencao-motorista-o-ipva-estara-mais-caro#primaryimage\"},\"image\":{\"@id\":\"https:\\\/\\\/redenoticiaz.com.br\\\/ribeiraopreto-regiao\\\/sp\\\/2023\\\/01\\\/03\\\/atencao-motorista-o-ipva-estara-mais-caro#primaryimage\"},\"thumbnailUrl\":\"https:\\\/\\\/redenoticiaz.com.br\\\/ribeiraopreto-regiao\\\/wp-content\\\/uploads\\\/sites\\\/4\\\/2023\\\/01\\\/CARROS-.jpg?v=1672768469\",\"datePublished\":\"2023-01-03T17:56:09+00:00\",\"description\":\"\u00c9 bom o motorista preparar o bolso. Janeiro \u00e9 o m\u00eas onde diversas contas precisam ser pagas. Uma delas \u00e9 o IPVA 2023, onde segundo\",\"inLanguage\":\"pt-BR\",\"potentialAction\":[{\"@type\":\"ReadAction\",\"target\":[\"https:\\\/\\\/redenoticiaz.com.br\\\/ribeiraopreto-regiao\\\/sp\\\/2023\\\/01\\\/03\\\/atencao-motorista-o-ipva-estara-mais-caro\"]}]},{\"@type\":\"ImageObject\",\"inLanguage\":\"pt-BR\",\"@id\":\"https:\\\/\\\/redenoticiaz.com.br\\\/ribeiraopreto-regiao\\\/sp\\\/2023\\\/01\\\/03\\\/atencao-motorista-o-ipva-estara-mais-caro#primaryimage\",\"url\":\"https:\\\/\\\/redenoticiaz.com.br\\\/ribeiraopreto-regiao\\\/wp-content\\\/uploads\\\/sites\\\/4\\\/2023\\\/01\\\/CARROS-.jpg?v=1672768469\",\"contentUrl\":\"https:\\\/\\\/redenoticiaz.com.br\\\/ribeiraopreto-regiao\\\/wp-content\\\/uploads\\\/sites\\\/4\\\/2023\\\/01\\\/CARROS-.jpg?v=1672768469\",\"width\":531,\"height\":370,\"caption\":\"Cr\u00e9ditos: Reprodu\u00e7\u00e3o\\\/Estad\u00e3o Conte\u00fado\"},{\"@type\":\"WebSite\",\"@id\":\"https:\\\/\\\/redenoticiaz.com.br\\\/ribeiraopreto-regiao\\\/#website\",\"url\":\"https:\\\/\\\/redenoticiaz.com.br\\\/ribeiraopreto-regiao\\\/\",\"name\":\"Ribeir\u00e3o Preto e Regi\u00e3o\",\"description\":\"Rede NoticiaZ - Ribeir\u00e3o Preto e regi\u00e3o\",\"publisher\":{\"@id\":\"https:\\\/\\\/redenoticiaz.com.br\\\/ribeiraopreto-regiao\\\/#organization\"},\"potentialAction\":[{\"@type\":\"SearchAction\",\"target\":{\"@type\":\"EntryPoint\",\"urlTemplate\":\"https:\\\/\\\/redenoticiaz.com.br\\\/ribeiraopreto-regiao\\\/?s={search_term_string}\"},\"query-input\":{\"@type\":\"PropertyValueSpecification\",\"valueRequired\":true,\"valueName\":\"search_term_string\"}}],\"inLanguage\":\"pt-BR\"},{\"@type\":\"Organization\",\"@id\":\"https:\\\/\\\/redenoticiaz.com.br\\\/ribeiraopreto-regiao\\\/#organization\",\"name\":\"Ribeir\u00e3o Preto e Regi\u00e3o\",\"url\":\"https:\\\/\\\/redenoticiaz.com.br\\\/ribeiraopreto-regiao\\\/\",\"logo\":{\"@type\":\"ImageObject\",\"inLanguage\":\"pt-BR\",\"@id\":\"https:\\\/\\\/redenoticiaz.com.br\\\/ribeiraopreto-regiao\\\/#\\\/schema\\\/logo\\\/image\\\/\",\"url\":\"https:\\\/\\\/redenoticiaz.com.br\\\/barretos-regiao\\\/wp-content\\\/uploads\\\/sites\\\/4\\\/2022\\\/02\\\/logo.jpg\",\"contentUrl\":\"https:\\\/\\\/redenoticiaz.com.br\\\/barretos-regiao\\\/wp-content\\\/uploads\\\/sites\\\/4\\\/2022\\\/02\\\/logo.jpg\",\"width\":400,\"height\":250,\"caption\":\"Ribeir\u00e3o Preto e Regi\u00e3o\"},\"image\":{\"@id\":\"https:\\\/\\\/redenoticiaz.com.br\\\/ribeiraopreto-regiao\\\/#\\\/schema\\\/logo\\\/image\\\/\"},\"sameAs\":[\"https:\\\/\\\/m.facebook.com\\\/redenoticiaz.barretos\",\"https:\\\/\\\/x.com\\\/RN_barretos\",\"https:\\\/\\\/www.instagram.com\\\/redenoticiaz.barretos\\\/?igshid=YmMyMTA2M2Y\",\"https:\\\/\\\/www.linkedin.com\\\/company\\\/rede-noticiaz-barretos-e-regio\\\/\"]},{\"@type\":\"Person\",\"@id\":\"https:\\\/\\\/redenoticiaz.com.br\\\/ribeiraopreto-regiao\\\/#\\\/schema\\\/person\\\/0f0b8a5bdafefe82841e07ae8d81ecb3\",\"name\":\"Leonardo Francisco\",\"image\":{\"@type\":\"ImageObject\",\"inLanguage\":\"pt-BR\",\"@id\":\"https:\\\/\\\/secure.gravatar.com\\\/avatar\\\/a7358cb406a99b682ec6df1e77e31ae82e63601f6784e8a3df411d72b37864da?s=96&d=mm&r=g\",\"url\":\"https:\\\/\\\/secure.gravatar.com\\\/avatar\\\/a7358cb406a99b682ec6df1e77e31ae82e63601f6784e8a3df411d72b37864da?s=96&d=mm&r=g\",\"contentUrl\":\"https:\\\/\\\/secure.gravatar.com\\\/avatar\\\/a7358cb406a99b682ec6df1e77e31ae82e63601f6784e8a3df411d72b37864da?s=96&d=mm&r=g\",\"caption\":\"Leonardo Francisco\"},\"url\":\"https:\\\/\\\/redenoticiaz.com.br\\\/ribeiraopreto-regiao\\\/sp\\\/author\\\/leonardo-francisco\"}]}<\/script>\n<!-- \/ Yoast SEO plugin. -->","yoast_head_json":{"title":"Aten\u00e7\u00e3o motorista! O IPVA estar\u00e1 mais caro - Ribeir\u00e3o Preto e Regi\u00e3o","description":"\u00c9 bom o motorista preparar o bolso. Janeiro \u00e9 o m\u00eas onde diversas contas precisam ser pagas. Uma delas \u00e9 o IPVA 2023, onde segundo","robots":{"index":"index","follow":"follow","max-snippet":"max-snippet:-1","max-image-preview":"max-image-preview:large","max-video-preview":"max-video-preview:-1"},"canonical":"https:\/\/redenoticiaz.com.br\/ribeiraopreto-regiao\/sp\/2023\/01\/03\/atencao-motorista-o-ipva-estara-mais-caro","og_locale":"pt_BR","og_type":"article","og_title":"Aten\u00e7\u00e3o motorista! O IPVA estar\u00e1 mais caro - Ribeir\u00e3o Preto e Regi\u00e3o","og_description":"\u00c9 bom o motorista preparar o bolso. Janeiro \u00e9 o m\u00eas onde diversas contas precisam ser pagas. Uma delas \u00e9 o IPVA 2023, onde segundo","og_url":"https:\/\/redenoticiaz.com.br\/ribeiraopreto-regiao\/sp\/2023\/01\/03\/atencao-motorista-o-ipva-estara-mais-caro","og_site_name":"Ribeir\u00e3o Preto e Regi\u00e3o","article_publisher":"https:\/\/m.facebook.com\/redenoticiaz.barretos","article_published_time":"2023-01-03T17:56:09+00:00","og_image":[{"width":400,"height":250,"url":"https:\/\/redenoticiaz.com.br\/ribeiraopreto-regiao\/wp-content\/uploads\/sites\/4\/2022\/02\/logo.jpg","type":"image\/jpeg"}],"author":"Leonardo Francisco","twitter_card":"summary_large_image","twitter_creator":"@RN_barretos","twitter_site":"@RN_barretos","twitter_misc":{"Escrito por":"Leonardo Francisco","Est. tempo de leitura":"4 minutos"},"schema":{"@context":"https:\/\/schema.org","@graph":[{"@type":"Article","@id":"https:\/\/redenoticiaz.com.br\/ribeiraopreto-regiao\/sp\/2023\/01\/03\/atencao-motorista-o-ipva-estara-mais-caro#article","isPartOf":{"@id":"https:\/\/redenoticiaz.com.br\/ribeiraopreto-regiao\/sp\/2023\/01\/03\/atencao-motorista-o-ipva-estara-mais-caro"},"author":{"name":"Leonardo Francisco","@id":"https:\/\/redenoticiaz.com.br\/ribeiraopreto-regiao\/#\/schema\/person\/0f0b8a5bdafefe82841e07ae8d81ecb3"},"headline":"Aten\u00e7\u00e3o motorista! O IPVA estar\u00e1 mais caro","datePublished":"2023-01-03T17:56:09+00:00","mainEntityOfPage":{"@id":"https:\/\/redenoticiaz.com.br\/ribeiraopreto-regiao\/sp\/2023\/01\/03\/atencao-motorista-o-ipva-estara-mais-caro"},"wordCount":656,"commentCount":0,"publisher":{"@id":"https:\/\/redenoticiaz.com.br\/ribeiraopreto-regiao\/#organization"},"image":{"@id":"https:\/\/redenoticiaz.com.br\/ribeiraopreto-regiao\/sp\/2023\/01\/03\/atencao-motorista-o-ipva-estara-mais-caro#primaryimage"},"thumbnailUrl":"https:\/\/redenoticiaz.com.br\/ribeiraopreto-regiao\/wp-content\/uploads\/sites\/4\/2023\/01\/CARROS-.jpg?v=1672768469","keywords":["Governo de S\u00e3o Paulo","IPVA 2023","REAJUSTE","S\u00e3o Paulo"],"articleSection":["Economia"],"inLanguage":"pt-BR","potentialAction":[{"@type":"CommentAction","name":"Comment","target":["https:\/\/redenoticiaz.com.br\/ribeiraopreto-regiao\/sp\/2023\/01\/03\/atencao-motorista-o-ipva-estara-mais-caro#respond"]}]},{"@type":"WebPage","@id":"https:\/\/redenoticiaz.com.br\/ribeiraopreto-regiao\/sp\/2023\/01\/03\/atencao-motorista-o-ipva-estara-mais-caro","url":"https:\/\/redenoticiaz.com.br\/ribeiraopreto-regiao\/sp\/2023\/01\/03\/atencao-motorista-o-ipva-estara-mais-caro","name":"Aten\u00e7\u00e3o motorista! O IPVA estar\u00e1 mais caro - Ribeir\u00e3o Preto e Regi\u00e3o","isPartOf":{"@id":"https:\/\/redenoticiaz.com.br\/ribeiraopreto-regiao\/#website"},"primaryImageOfPage":{"@id":"https:\/\/redenoticiaz.com.br\/ribeiraopreto-regiao\/sp\/2023\/01\/03\/atencao-motorista-o-ipva-estara-mais-caro#primaryimage"},"image":{"@id":"https:\/\/redenoticiaz.com.br\/ribeiraopreto-regiao\/sp\/2023\/01\/03\/atencao-motorista-o-ipva-estara-mais-caro#primaryimage"},"thumbnailUrl":"https:\/\/redenoticiaz.com.br\/ribeiraopreto-regiao\/wp-content\/uploads\/sites\/4\/2023\/01\/CARROS-.jpg?v=1672768469","datePublished":"2023-01-03T17:56:09+00:00","description":"\u00c9 bom o motorista preparar o bolso. Janeiro \u00e9 o m\u00eas onde diversas contas precisam ser pagas. Uma delas \u00e9 o IPVA 2023, onde segundo","inLanguage":"pt-BR","potentialAction":[{"@type":"ReadAction","target":["https:\/\/redenoticiaz.com.br\/ribeiraopreto-regiao\/sp\/2023\/01\/03\/atencao-motorista-o-ipva-estara-mais-caro"]}]},{"@type":"ImageObject","inLanguage":"pt-BR","@id":"https:\/\/redenoticiaz.com.br\/ribeiraopreto-regiao\/sp\/2023\/01\/03\/atencao-motorista-o-ipva-estara-mais-caro#primaryimage","url":"https:\/\/redenoticiaz.com.br\/ribeiraopreto-regiao\/wp-content\/uploads\/sites\/4\/2023\/01\/CARROS-.jpg?v=1672768469","contentUrl":"https:\/\/redenoticiaz.com.br\/ribeiraopreto-regiao\/wp-content\/uploads\/sites\/4\/2023\/01\/CARROS-.jpg?v=1672768469","width":531,"height":370,"caption":"Cr\u00e9ditos: Reprodu\u00e7\u00e3o\/Estad\u00e3o Conte\u00fado"},{"@type":"WebSite","@id":"https:\/\/redenoticiaz.com.br\/ribeiraopreto-regiao\/#website","url":"https:\/\/redenoticiaz.com.br\/ribeiraopreto-regiao\/","name":"Ribeir\u00e3o Preto e Regi\u00e3o","description":"Rede NoticiaZ - Ribeir\u00e3o Preto e regi\u00e3o","publisher":{"@id":"https:\/\/redenoticiaz.com.br\/ribeiraopreto-regiao\/#organization"},"potentialAction":[{"@type":"SearchAction","target":{"@type":"EntryPoint","urlTemplate":"https:\/\/redenoticiaz.com.br\/ribeiraopreto-regiao\/?s={search_term_string}"},"query-input":{"@type":"PropertyValueSpecification","valueRequired":true,"valueName":"search_term_string"}}],"inLanguage":"pt-BR"},{"@type":"Organization","@id":"https:\/\/redenoticiaz.com.br\/ribeiraopreto-regiao\/#organization","name":"Ribeir\u00e3o Preto e Regi\u00e3o","url":"https:\/\/redenoticiaz.com.br\/ribeiraopreto-regiao\/","logo":{"@type":"ImageObject","inLanguage":"pt-BR","@id":"https:\/\/redenoticiaz.com.br\/ribeiraopreto-regiao\/#\/schema\/logo\/image\/","url":"https:\/\/redenoticiaz.com.br\/barretos-regiao\/wp-content\/uploads\/sites\/4\/2022\/02\/logo.jpg","contentUrl":"https:\/\/redenoticiaz.com.br\/barretos-regiao\/wp-content\/uploads\/sites\/4\/2022\/02\/logo.jpg","width":400,"height":250,"caption":"Ribeir\u00e3o Preto e Regi\u00e3o"},"image":{"@id":"https:\/\/redenoticiaz.com.br\/ribeiraopreto-regiao\/#\/schema\/logo\/image\/"},"sameAs":["https:\/\/m.facebook.com\/redenoticiaz.barretos","https:\/\/x.com\/RN_barretos","https:\/\/www.instagram.com\/redenoticiaz.barretos\/?igshid=YmMyMTA2M2Y","https:\/\/www.linkedin.com\/company\/rede-noticiaz-barretos-e-regio\/"]},{"@type":"Person","@id":"https:\/\/redenoticiaz.com.br\/ribeiraopreto-regiao\/#\/schema\/person\/0f0b8a5bdafefe82841e07ae8d81ecb3","name":"Leonardo Francisco","image":{"@type":"ImageObject","inLanguage":"pt-BR","@id":"https:\/\/secure.gravatar.com\/avatar\/a7358cb406a99b682ec6df1e77e31ae82e63601f6784e8a3df411d72b37864da?s=96&d=mm&r=g","url":"https:\/\/secure.gravatar.com\/avatar\/a7358cb406a99b682ec6df1e77e31ae82e63601f6784e8a3df411d72b37864da?s=96&d=mm&r=g","contentUrl":"https:\/\/secure.gravatar.com\/avatar\/a7358cb406a99b682ec6df1e77e31ae82e63601f6784e8a3df411d72b37864da?s=96&d=mm&r=g","caption":"Leonardo Francisco"},"url":"https:\/\/redenoticiaz.com.br\/ribeiraopreto-regiao\/sp\/author\/leonardo-francisco"}]}},"_links":{"self":[{"href":"https:\/\/redenoticiaz.com.br\/ribeiraopreto-regiao\/wp-json\/wp\/v2\/posts\/97907","targetHints":{"allow":["GET"]}}],"collection":[{"href":"https:\/\/redenoticiaz.com.br\/ribeiraopreto-regiao\/wp-json\/wp\/v2\/posts"}],"about":[{"href":"https:\/\/redenoticiaz.com.br\/ribeiraopreto-regiao\/wp-json\/wp\/v2\/types\/post"}],"author":[{"embeddable":true,"href":"https:\/\/redenoticiaz.com.br\/ribeiraopreto-regiao\/wp-json\/wp\/v2\/users\/6"}],"replies":[{"embeddable":true,"href":"https:\/\/redenoticiaz.com.br\/ribeiraopreto-regiao\/wp-json\/wp\/v2\/comments?post=97907"}],"version-history":[{"count":0,"href":"https:\/\/redenoticiaz.com.br\/ribeiraopreto-regiao\/wp-json\/wp\/v2\/posts\/97907\/revisions"}],"wp:featuredmedia":[{"embeddable":true,"href":"https:\/\/redenoticiaz.com.br\/ribeiraopreto-regiao\/wp-json\/wp\/v2\/media\/97908"}],"wp:attachment":[{"href":"https:\/\/redenoticiaz.com.br\/ribeiraopreto-regiao\/wp-json\/wp\/v2\/media?parent=97907"}],"wp:term":[{"taxonomy":"category","embeddable":true,"href":"https:\/\/redenoticiaz.com.br\/ribeiraopreto-regiao\/wp-json\/wp\/v2\/categories?post=97907"},{"taxonomy":"post_tag","embeddable":true,"href":"https:\/\/redenoticiaz.com.br\/ribeiraopreto-regiao\/wp-json\/wp\/v2\/tags?post=97907"}],"curies":[{"name":"wp","href":"https:\/\/api.w.org\/{rel}","templated":true}]}}