{"id":97944,"date":"2023-01-04T09:30:46","date_gmt":"2023-01-04T12:30:46","guid":{"rendered":"https:\/\/redenoticiaz.com.br\/barretos-regiao\/sp\/2023\/01\/03\/familia-de-mulher-morta-por-rojao-no-litoral-de-sp-tentou-se-proteger-de-fogos-na-orla"},"modified":"2023-01-04T09:12:37","modified_gmt":"2023-01-04T12:12:37","slug":"familia-de-mulher-morta-por-rojao-no-litoral-de-sp-tentou-se-proteger-de-fogos-na-orla","status":"publish","type":"post","link":"https:\/\/redenoticiaz.com.br\/ribeiraopreto-regiao\/sp\/2023\/01\/04\/familia-de-mulher-morta-por-rojao-no-litoral-de-sp-tentou-se-proteger-de-fogos-na-orla","title":{"rendered":"Fam\u00edlia de mulher morta por roj\u00e3o no litoral de SP tentou se proteger de fogos na orla"},"content":{"rendered":"<p>A fam\u00edlia de Elis\u00e2ngela Tinem, de 38 anos, morta ap\u00f3s um roj\u00e3o explodir em seu corpo na virada do ano, relatou que tentou se proteger de fogos de artif\u00edcio disparados na orla momentos antes do acidente.<\/p>\n<blockquote><p>&#8220;Est\u00e1vamos em casa e decidimos ver a queima de fogos oficial em alguma praia. Perguntamos a um policial qual era a praia mais pr\u00f3xima que teria queima de fogos oficial. Ele nos disse e, ent\u00e3o, seguimos andando pela orla uns 2 ou 3 km at\u00e9 chegar ao local. Paramos um pouco antes do quiosque, mas percebemos que tinham algumas pessoas soltando fogos e foguetes na areia. Achamos perigoso e seguimos andando mais pra frente&#8221;, relatou Alexander Gon\u00e7alves, de 41 anos.<\/p><\/blockquote>\n<p>A fam\u00edlia de Elis\u00e2ngela planejava\u00a0ficar no litoral de SP entre os dias 29 de dezembro e 4 de janeiro.<\/p>\n<p>Alexander relata que estava ao lado de Elis\u00e2ngela durante a virada do ano, quando ela come\u00e7ou a registrar a queima de fogos oficial com o celular.<\/p>\n<p>&#8220;Ela me deu um beijo e um abra\u00e7o, desejamos felicidades e foi quando ela pegou o celular e come\u00e7ou a filmar os fogos oficias da prefeitura que estavam no sentido centro. Ela ficou a minha direita. Com o celular em m\u00e3os, ela come\u00e7ou a virar para filmar a parte de tr\u00e1s, pois tinha outro ponto pr\u00f3ximo a um condom\u00ednio bonito&#8221;.<\/p>\n<p>Em seguida, ela foi atingida pelo roj\u00e3o, que ficou preso \u00e0 roupa. Alexander conta que tentou retirar o artefato, mas ele explodiu antes que pudesse ajud\u00e1-la.<\/p>\n<p>&#8220;Vi que ela virou, mas continuei olhando para frente. Foi quando ouvi ela gritando. Nesse instante olhei para ela e vi o artefato preso. Corri em dire\u00e7\u00e3o a ela, mais ou menos dois passos, para tentar bater no foguete para tirar&#8221;.<\/p>\n<div id=\"chunk-2cvbh\">\n<div class=\"mc-column content-text active-extra-styles \" data-block-type=\"unstyled\" data-block-weight=\"19\" data-block-id=\"20\">\n<p class=\"content-text__container \" data-track-category=\"Link no Texto\" data-track-links=\"\">Elis\u00e2ngela n\u00e3o resistiu aos ferimentos e morreu no local. Alexander sofreu queimaduras na m\u00e3o, bra\u00e7o, peito e pernas.<\/p>\n<\/div>\n<\/div>\n<div id=\"chunk-c41ll\">\n<div class=\"mc-column content-text active-extra-styles \" data-block-type=\"unstyled\" data-block-weight=\"38\" data-block-id=\"24\">\n<p class=\"content-text__container \" data-track-category=\"Link no Texto\" data-track-links=\"\">Segundo a SSP, a ocorr\u00eancia foi registrada como homic\u00eddio e les\u00e3o corporal culposa na Central de Pol\u00edcia Judici\u00e1ria de Praia Grande, e o caso foi encaminhado ao 1\u00b0Distrito Policial. O respons\u00e1vel pelo roj\u00e3o ainda n\u00e3o foi identificado.<\/p>\n<\/div>\n<\/div>\n<p data-track-category=\"Link no Texto\" data-track-links=\"\"><strong>Leia mais<\/strong><\/p>\n<p data-track-category=\"Link no Texto\" data-track-links=\"\"><a href=\"https:\/\/redenoticiaz.com.br\/litoralsp\/2023\/01\/01\/catorze-pessoas-ficam-a-deriva-apos-barco-dar-pane-no-mar-de-caragua\">Catorze pessoas ficam \u00e0 deriva ap\u00f3s barco dar pane no mar de Caragu\u00e1<\/a><\/p>\n","protected":false},"excerpt":{"rendered":"<p>A fam\u00edlia de Elis\u00e2ngela Tinem, de 38 anos, morta ap\u00f3s um roj\u00e3o explodir em seu corpo na virada do ano, relatou que tentou se proteger de fogos de artif\u00edcio disparados na orla momentos antes do acidente. &#8220;Est\u00e1vamos em casa e decidimos ver a queima de fogos oficial em alguma praia. Perguntamos a um policial qual &hellip;<\/p>\n","protected":false},"author":12,"featured_media":97945,"comment_status":"open","ping_status":"closed","sticky":false,"template":"","format":"standard","meta":{"footnotes":""},"categories":[88],"tags":[23497,23453,23220,23425],"class_list":["post-97944","post","type-post","status-publish","format-standard","has-post-thumbnail","hentry","category-policia","tag-elisangela-tinem","tag-mulher-morre","tag-queima-de-fogos","tag-rojao"],"yoast_head":"<!-- This site is optimized with the Yoast SEO plugin v27.4 - https:\/\/yoast.com\/product\/yoast-seo-wordpress\/ -->\n<title>Fam\u00edlia de mulher morta por roj\u00e3o no litoral de SP tentou se proteger de fogos na orla - Ribeir\u00e3o Preto e Regi\u00e3o<\/title>\n<meta name=\"description\" content=\"A fam\u00edlia de Elis\u00e2ngela Tinem, morta ap\u00f3s ser atingida por um roj\u00e3o, relatou que tentou se proteger de fogos de artif\u00edcio.\" \/>\n<meta name=\"robots\" content=\"index, follow, max-snippet:-1, max-image-preview:large, max-video-preview:-1\" \/>\n<link rel=\"canonical\" href=\"https:\/\/redenoticiaz.com.br\/ribeiraopreto-regiao\/sp\/2023\/01\/04\/familia-de-mulher-morta-por-rojao-no-litoral-de-sp-tentou-se-proteger-de-fogos-na-orla\" \/>\n<meta property=\"og:locale\" content=\"pt_BR\" \/>\n<meta property=\"og:type\" content=\"article\" \/>\n<meta property=\"og:title\" content=\"Fam\u00edlia de mulher morta por roj\u00e3o no litoral de SP tentou se proteger de fogos na orla - Ribeir\u00e3o Preto e Regi\u00e3o\" \/>\n<meta property=\"og:description\" content=\"A fam\u00edlia de Elis\u00e2ngela Tinem, morta ap\u00f3s ser atingida por um roj\u00e3o, relatou que tentou se proteger de fogos de artif\u00edcio.\" \/>\n<meta property=\"og:url\" content=\"https:\/\/redenoticiaz.com.br\/ribeiraopreto-regiao\/sp\/2023\/01\/04\/familia-de-mulher-morta-por-rojao-no-litoral-de-sp-tentou-se-proteger-de-fogos-na-orla\" \/>\n<meta property=\"og:site_name\" content=\"Ribeir\u00e3o Preto e Regi\u00e3o\" \/>\n<meta property=\"article:publisher\" content=\"https:\/\/m.facebook.com\/redenoticiaz.barretos\" \/>\n<meta property=\"article:published_time\" content=\"2023-01-04T12:30:46+00:00\" \/>\n<meta property=\"og:image\" content=\"https:\/\/redenoticiaz.com.br\/ribeiraopreto-regiao\/wp-content\/uploads\/sites\/4\/2023\/01\/whatsapp-image-2023-01-02-at-10.57.01.jpg\" \/>\n\t<meta property=\"og:image:width\" content=\"982\" \/>\n\t<meta property=\"og:image:height\" content=\"578\" \/>\n\t<meta property=\"og:image:type\" content=\"image\/jpeg\" \/>\n<meta name=\"author\" content=\"Gustavo Silva\" \/>\n<meta name=\"twitter:card\" content=\"summary_large_image\" \/>\n<meta name=\"twitter:creator\" content=\"@RN_barretos\" \/>\n<meta name=\"twitter:site\" content=\"@RN_barretos\" \/>\n<meta name=\"twitter:label1\" content=\"Escrito por\" \/>\n\t<meta name=\"twitter:data1\" content=\"Gustavo Silva\" \/>\n\t<meta name=\"twitter:label2\" content=\"Est. tempo de leitura\" \/>\n\t<meta name=\"twitter:data2\" content=\"2 minutos\" \/>\n<script type=\"application\/ld+json\" class=\"yoast-schema-graph\">{\"@context\":\"https:\\\/\\\/schema.org\",\"@graph\":[{\"@type\":\"Article\",\"@id\":\"https:\\\/\\\/redenoticiaz.com.br\\\/ribeiraopreto-regiao\\\/sp\\\/2023\\\/01\\\/04\\\/familia-de-mulher-morta-por-rojao-no-litoral-de-sp-tentou-se-proteger-de-fogos-na-orla#article\",\"isPartOf\":{\"@id\":\"https:\\\/\\\/redenoticiaz.com.br\\\/ribeiraopreto-regiao\\\/sp\\\/2023\\\/01\\\/04\\\/familia-de-mulher-morta-por-rojao-no-litoral-de-sp-tentou-se-proteger-de-fogos-na-orla\"},\"author\":{\"name\":\"Gustavo Silva\",\"@id\":\"https:\\\/\\\/redenoticiaz.com.br\\\/ribeiraopreto-regiao\\\/#\\\/schema\\\/person\\\/16057b37a3c0ee6b096d7f887c566e2e\"},\"headline\":\"Fam\u00edlia de mulher morta por roj\u00e3o no litoral de SP tentou se proteger de fogos na orla\",\"datePublished\":\"2023-01-04T12:30:46+00:00\",\"mainEntityOfPage\":{\"@id\":\"https:\\\/\\\/redenoticiaz.com.br\\\/ribeiraopreto-regiao\\\/sp\\\/2023\\\/01\\\/04\\\/familia-de-mulher-morta-por-rojao-no-litoral-de-sp-tentou-se-proteger-de-fogos-na-orla\"},\"wordCount\":406,\"commentCount\":0,\"publisher\":{\"@id\":\"https:\\\/\\\/redenoticiaz.com.br\\\/ribeiraopreto-regiao\\\/#organization\"},\"image\":{\"@id\":\"https:\\\/\\\/redenoticiaz.com.br\\\/ribeiraopreto-regiao\\\/sp\\\/2023\\\/01\\\/04\\\/familia-de-mulher-morta-por-rojao-no-litoral-de-sp-tentou-se-proteger-de-fogos-na-orla#primaryimage\"},\"thumbnailUrl\":\"https:\\\/\\\/redenoticiaz.com.br\\\/ribeiraopreto-regiao\\\/wp-content\\\/uploads\\\/sites\\\/4\\\/2023\\\/01\\\/whatsapp-image-2023-01-02-at-10.57.01.jpg\",\"keywords\":[\"Elis\u00e2ngela Tinem\",\"MULHER MORRE\",\"QUEIMA DE FOGOS\",\"ROJ\u00c3O\"],\"articleSection\":[\"Pol\u00edcia\"],\"inLanguage\":\"pt-BR\",\"potentialAction\":[{\"@type\":\"CommentAction\",\"name\":\"Comment\",\"target\":[\"https:\\\/\\\/redenoticiaz.com.br\\\/ribeiraopreto-regiao\\\/sp\\\/2023\\\/01\\\/04\\\/familia-de-mulher-morta-por-rojao-no-litoral-de-sp-tentou-se-proteger-de-fogos-na-orla#respond\"]}]},{\"@type\":\"WebPage\",\"@id\":\"https:\\\/\\\/redenoticiaz.com.br\\\/ribeiraopreto-regiao\\\/sp\\\/2023\\\/01\\\/04\\\/familia-de-mulher-morta-por-rojao-no-litoral-de-sp-tentou-se-proteger-de-fogos-na-orla\",\"url\":\"https:\\\/\\\/redenoticiaz.com.br\\\/ribeiraopreto-regiao\\\/sp\\\/2023\\\/01\\\/04\\\/familia-de-mulher-morta-por-rojao-no-litoral-de-sp-tentou-se-proteger-de-fogos-na-orla\",\"name\":\"Fam\u00edlia de mulher morta por roj\u00e3o no litoral de SP tentou se proteger de fogos na orla - Ribeir\u00e3o Preto e Regi\u00e3o\",\"isPartOf\":{\"@id\":\"https:\\\/\\\/redenoticiaz.com.br\\\/ribeiraopreto-regiao\\\/#website\"},\"primaryImageOfPage\":{\"@id\":\"https:\\\/\\\/redenoticiaz.com.br\\\/ribeiraopreto-regiao\\\/sp\\\/2023\\\/01\\\/04\\\/familia-de-mulher-morta-por-rojao-no-litoral-de-sp-tentou-se-proteger-de-fogos-na-orla#primaryimage\"},\"image\":{\"@id\":\"https:\\\/\\\/redenoticiaz.com.br\\\/ribeiraopreto-regiao\\\/sp\\\/2023\\\/01\\\/04\\\/familia-de-mulher-morta-por-rojao-no-litoral-de-sp-tentou-se-proteger-de-fogos-na-orla#primaryimage\"},\"thumbnailUrl\":\"https:\\\/\\\/redenoticiaz.com.br\\\/ribeiraopreto-regiao\\\/wp-content\\\/uploads\\\/sites\\\/4\\\/2023\\\/01\\\/whatsapp-image-2023-01-02-at-10.57.01.jpg\",\"datePublished\":\"2023-01-04T12:30:46+00:00\",\"description\":\"A fam\u00edlia de Elis\u00e2ngela Tinem, morta ap\u00f3s ser atingida por um roj\u00e3o, relatou que tentou se proteger de fogos de artif\u00edcio.\",\"inLanguage\":\"pt-BR\",\"potentialAction\":[{\"@type\":\"ReadAction\",\"target\":[\"https:\\\/\\\/redenoticiaz.com.br\\\/ribeiraopreto-regiao\\\/sp\\\/2023\\\/01\\\/04\\\/familia-de-mulher-morta-por-rojao-no-litoral-de-sp-tentou-se-proteger-de-fogos-na-orla\"]}]},{\"@type\":\"ImageObject\",\"inLanguage\":\"pt-BR\",\"@id\":\"https:\\\/\\\/redenoticiaz.com.br\\\/ribeiraopreto-regiao\\\/sp\\\/2023\\\/01\\\/04\\\/familia-de-mulher-morta-por-rojao-no-litoral-de-sp-tentou-se-proteger-de-fogos-na-orla#primaryimage\",\"url\":\"https:\\\/\\\/redenoticiaz.com.br\\\/ribeiraopreto-regiao\\\/wp-content\\\/uploads\\\/sites\\\/4\\\/2023\\\/01\\\/whatsapp-image-2023-01-02-at-10.57.01.jpg\",\"contentUrl\":\"https:\\\/\\\/redenoticiaz.com.br\\\/ribeiraopreto-regiao\\\/wp-content\\\/uploads\\\/sites\\\/4\\\/2023\\\/01\\\/whatsapp-image-2023-01-02-at-10.57.01.jpg\",\"width\":982,\"height\":578,\"caption\":\"Fam\u00edlia de mulher morta por roj\u00e3o no litoral de SP tentou se proteger de fogos na orla\"},{\"@type\":\"WebSite\",\"@id\":\"https:\\\/\\\/redenoticiaz.com.br\\\/ribeiraopreto-regiao\\\/#website\",\"url\":\"https:\\\/\\\/redenoticiaz.com.br\\\/ribeiraopreto-regiao\\\/\",\"name\":\"Ribeir\u00e3o Preto e Regi\u00e3o\",\"description\":\"Rede NoticiaZ - Ribeir\u00e3o Preto e regi\u00e3o\",\"publisher\":{\"@id\":\"https:\\\/\\\/redenoticiaz.com.br\\\/ribeiraopreto-regiao\\\/#organization\"},\"potentialAction\":[{\"@type\":\"SearchAction\",\"target\":{\"@type\":\"EntryPoint\",\"urlTemplate\":\"https:\\\/\\\/redenoticiaz.com.br\\\/ribeiraopreto-regiao\\\/?s={search_term_string}\"},\"query-input\":{\"@type\":\"PropertyValueSpecification\",\"valueRequired\":true,\"valueName\":\"search_term_string\"}}],\"inLanguage\":\"pt-BR\"},{\"@type\":\"Organization\",\"@id\":\"https:\\\/\\\/redenoticiaz.com.br\\\/ribeiraopreto-regiao\\\/#organization\",\"name\":\"Ribeir\u00e3o Preto e Regi\u00e3o\",\"url\":\"https:\\\/\\\/redenoticiaz.com.br\\\/ribeiraopreto-regiao\\\/\",\"logo\":{\"@type\":\"ImageObject\",\"inLanguage\":\"pt-BR\",\"@id\":\"https:\\\/\\\/redenoticiaz.com.br\\\/ribeiraopreto-regiao\\\/#\\\/schema\\\/logo\\\/image\\\/\",\"url\":\"https:\\\/\\\/redenoticiaz.com.br\\\/barretos-regiao\\\/wp-content\\\/uploads\\\/sites\\\/4\\\/2022\\\/02\\\/logo.jpg\",\"contentUrl\":\"https:\\\/\\\/redenoticiaz.com.br\\\/barretos-regiao\\\/wp-content\\\/uploads\\\/sites\\\/4\\\/2022\\\/02\\\/logo.jpg\",\"width\":400,\"height\":250,\"caption\":\"Ribeir\u00e3o Preto e Regi\u00e3o\"},\"image\":{\"@id\":\"https:\\\/\\\/redenoticiaz.com.br\\\/ribeiraopreto-regiao\\\/#\\\/schema\\\/logo\\\/image\\\/\"},\"sameAs\":[\"https:\\\/\\\/m.facebook.com\\\/redenoticiaz.barretos\",\"https:\\\/\\\/x.com\\\/RN_barretos\",\"https:\\\/\\\/www.instagram.com\\\/redenoticiaz.barretos\\\/?igshid=YmMyMTA2M2Y\",\"https:\\\/\\\/www.linkedin.com\\\/company\\\/rede-noticiaz-barretos-e-regio\\\/\"]},{\"@type\":\"Person\",\"@id\":\"https:\\\/\\\/redenoticiaz.com.br\\\/ribeiraopreto-regiao\\\/#\\\/schema\\\/person\\\/16057b37a3c0ee6b096d7f887c566e2e\",\"name\":\"Gustavo Silva\",\"image\":{\"@type\":\"ImageObject\",\"inLanguage\":\"pt-BR\",\"@id\":\"https:\\\/\\\/secure.gravatar.com\\\/avatar\\\/3ee4e82f93b26de0a7cf4ea5eb7893da637ed6bb0c9170c58065944c56e28a33?s=96&d=mm&r=g\",\"url\":\"https:\\\/\\\/secure.gravatar.com\\\/avatar\\\/3ee4e82f93b26de0a7cf4ea5eb7893da637ed6bb0c9170c58065944c56e28a33?s=96&d=mm&r=g\",\"contentUrl\":\"https:\\\/\\\/secure.gravatar.com\\\/avatar\\\/3ee4e82f93b26de0a7cf4ea5eb7893da637ed6bb0c9170c58065944c56e28a33?s=96&d=mm&r=g\",\"caption\":\"Gustavo Silva\"},\"url\":\"https:\\\/\\\/redenoticiaz.com.br\\\/ribeiraopreto-regiao\\\/sp\\\/author\\\/gustavosilva\"}]}<\/script>\n<!-- \/ Yoast SEO plugin. -->","yoast_head_json":{"title":"Fam\u00edlia de mulher morta por roj\u00e3o no litoral de SP tentou se proteger de fogos na orla - Ribeir\u00e3o Preto e Regi\u00e3o","description":"A fam\u00edlia de Elis\u00e2ngela Tinem, morta ap\u00f3s ser atingida por um roj\u00e3o, relatou que tentou se proteger de fogos de artif\u00edcio.","robots":{"index":"index","follow":"follow","max-snippet":"max-snippet:-1","max-image-preview":"max-image-preview:large","max-video-preview":"max-video-preview:-1"},"canonical":"https:\/\/redenoticiaz.com.br\/ribeiraopreto-regiao\/sp\/2023\/01\/04\/familia-de-mulher-morta-por-rojao-no-litoral-de-sp-tentou-se-proteger-de-fogos-na-orla","og_locale":"pt_BR","og_type":"article","og_title":"Fam\u00edlia de mulher morta por roj\u00e3o no litoral de SP tentou se proteger de fogos na orla - Ribeir\u00e3o Preto e Regi\u00e3o","og_description":"A fam\u00edlia de Elis\u00e2ngela Tinem, morta ap\u00f3s ser atingida por um roj\u00e3o, relatou que tentou se proteger de fogos de artif\u00edcio.","og_url":"https:\/\/redenoticiaz.com.br\/ribeiraopreto-regiao\/sp\/2023\/01\/04\/familia-de-mulher-morta-por-rojao-no-litoral-de-sp-tentou-se-proteger-de-fogos-na-orla","og_site_name":"Ribeir\u00e3o Preto e Regi\u00e3o","article_publisher":"https:\/\/m.facebook.com\/redenoticiaz.barretos","article_published_time":"2023-01-04T12:30:46+00:00","og_image":[{"width":982,"height":578,"url":"https:\/\/redenoticiaz.com.br\/ribeiraopreto-regiao\/wp-content\/uploads\/sites\/4\/2023\/01\/whatsapp-image-2023-01-02-at-10.57.01.jpg","type":"image\/jpeg"}],"author":"Gustavo Silva","twitter_card":"summary_large_image","twitter_creator":"@RN_barretos","twitter_site":"@RN_barretos","twitter_misc":{"Escrito por":"Gustavo Silva","Est. tempo de leitura":"2 minutos"},"schema":{"@context":"https:\/\/schema.org","@graph":[{"@type":"Article","@id":"https:\/\/redenoticiaz.com.br\/ribeiraopreto-regiao\/sp\/2023\/01\/04\/familia-de-mulher-morta-por-rojao-no-litoral-de-sp-tentou-se-proteger-de-fogos-na-orla#article","isPartOf":{"@id":"https:\/\/redenoticiaz.com.br\/ribeiraopreto-regiao\/sp\/2023\/01\/04\/familia-de-mulher-morta-por-rojao-no-litoral-de-sp-tentou-se-proteger-de-fogos-na-orla"},"author":{"name":"Gustavo Silva","@id":"https:\/\/redenoticiaz.com.br\/ribeiraopreto-regiao\/#\/schema\/person\/16057b37a3c0ee6b096d7f887c566e2e"},"headline":"Fam\u00edlia de mulher morta por roj\u00e3o no litoral de SP tentou se proteger de fogos na orla","datePublished":"2023-01-04T12:30:46+00:00","mainEntityOfPage":{"@id":"https:\/\/redenoticiaz.com.br\/ribeiraopreto-regiao\/sp\/2023\/01\/04\/familia-de-mulher-morta-por-rojao-no-litoral-de-sp-tentou-se-proteger-de-fogos-na-orla"},"wordCount":406,"commentCount":0,"publisher":{"@id":"https:\/\/redenoticiaz.com.br\/ribeiraopreto-regiao\/#organization"},"image":{"@id":"https:\/\/redenoticiaz.com.br\/ribeiraopreto-regiao\/sp\/2023\/01\/04\/familia-de-mulher-morta-por-rojao-no-litoral-de-sp-tentou-se-proteger-de-fogos-na-orla#primaryimage"},"thumbnailUrl":"https:\/\/redenoticiaz.com.br\/ribeiraopreto-regiao\/wp-content\/uploads\/sites\/4\/2023\/01\/whatsapp-image-2023-01-02-at-10.57.01.jpg","keywords":["Elis\u00e2ngela Tinem","MULHER MORRE","QUEIMA DE FOGOS","ROJ\u00c3O"],"articleSection":["Pol\u00edcia"],"inLanguage":"pt-BR","potentialAction":[{"@type":"CommentAction","name":"Comment","target":["https:\/\/redenoticiaz.com.br\/ribeiraopreto-regiao\/sp\/2023\/01\/04\/familia-de-mulher-morta-por-rojao-no-litoral-de-sp-tentou-se-proteger-de-fogos-na-orla#respond"]}]},{"@type":"WebPage","@id":"https:\/\/redenoticiaz.com.br\/ribeiraopreto-regiao\/sp\/2023\/01\/04\/familia-de-mulher-morta-por-rojao-no-litoral-de-sp-tentou-se-proteger-de-fogos-na-orla","url":"https:\/\/redenoticiaz.com.br\/ribeiraopreto-regiao\/sp\/2023\/01\/04\/familia-de-mulher-morta-por-rojao-no-litoral-de-sp-tentou-se-proteger-de-fogos-na-orla","name":"Fam\u00edlia de mulher morta por roj\u00e3o no litoral de SP tentou se proteger de fogos na orla - Ribeir\u00e3o Preto e Regi\u00e3o","isPartOf":{"@id":"https:\/\/redenoticiaz.com.br\/ribeiraopreto-regiao\/#website"},"primaryImageOfPage":{"@id":"https:\/\/redenoticiaz.com.br\/ribeiraopreto-regiao\/sp\/2023\/01\/04\/familia-de-mulher-morta-por-rojao-no-litoral-de-sp-tentou-se-proteger-de-fogos-na-orla#primaryimage"},"image":{"@id":"https:\/\/redenoticiaz.com.br\/ribeiraopreto-regiao\/sp\/2023\/01\/04\/familia-de-mulher-morta-por-rojao-no-litoral-de-sp-tentou-se-proteger-de-fogos-na-orla#primaryimage"},"thumbnailUrl":"https:\/\/redenoticiaz.com.br\/ribeiraopreto-regiao\/wp-content\/uploads\/sites\/4\/2023\/01\/whatsapp-image-2023-01-02-at-10.57.01.jpg","datePublished":"2023-01-04T12:30:46+00:00","description":"A fam\u00edlia de Elis\u00e2ngela Tinem, morta ap\u00f3s ser atingida por um roj\u00e3o, relatou que tentou se proteger de fogos de artif\u00edcio.","inLanguage":"pt-BR","potentialAction":[{"@type":"ReadAction","target":["https:\/\/redenoticiaz.com.br\/ribeiraopreto-regiao\/sp\/2023\/01\/04\/familia-de-mulher-morta-por-rojao-no-litoral-de-sp-tentou-se-proteger-de-fogos-na-orla"]}]},{"@type":"ImageObject","inLanguage":"pt-BR","@id":"https:\/\/redenoticiaz.com.br\/ribeiraopreto-regiao\/sp\/2023\/01\/04\/familia-de-mulher-morta-por-rojao-no-litoral-de-sp-tentou-se-proteger-de-fogos-na-orla#primaryimage","url":"https:\/\/redenoticiaz.com.br\/ribeiraopreto-regiao\/wp-content\/uploads\/sites\/4\/2023\/01\/whatsapp-image-2023-01-02-at-10.57.01.jpg","contentUrl":"https:\/\/redenoticiaz.com.br\/ribeiraopreto-regiao\/wp-content\/uploads\/sites\/4\/2023\/01\/whatsapp-image-2023-01-02-at-10.57.01.jpg","width":982,"height":578,"caption":"Fam\u00edlia de mulher morta por roj\u00e3o no litoral de SP tentou se proteger de fogos na orla"},{"@type":"WebSite","@id":"https:\/\/redenoticiaz.com.br\/ribeiraopreto-regiao\/#website","url":"https:\/\/redenoticiaz.com.br\/ribeiraopreto-regiao\/","name":"Ribeir\u00e3o Preto e Regi\u00e3o","description":"Rede NoticiaZ - Ribeir\u00e3o Preto e regi\u00e3o","publisher":{"@id":"https:\/\/redenoticiaz.com.br\/ribeiraopreto-regiao\/#organization"},"potentialAction":[{"@type":"SearchAction","target":{"@type":"EntryPoint","urlTemplate":"https:\/\/redenoticiaz.com.br\/ribeiraopreto-regiao\/?s={search_term_string}"},"query-input":{"@type":"PropertyValueSpecification","valueRequired":true,"valueName":"search_term_string"}}],"inLanguage":"pt-BR"},{"@type":"Organization","@id":"https:\/\/redenoticiaz.com.br\/ribeiraopreto-regiao\/#organization","name":"Ribeir\u00e3o Preto e Regi\u00e3o","url":"https:\/\/redenoticiaz.com.br\/ribeiraopreto-regiao\/","logo":{"@type":"ImageObject","inLanguage":"pt-BR","@id":"https:\/\/redenoticiaz.com.br\/ribeiraopreto-regiao\/#\/schema\/logo\/image\/","url":"https:\/\/redenoticiaz.com.br\/barretos-regiao\/wp-content\/uploads\/sites\/4\/2022\/02\/logo.jpg","contentUrl":"https:\/\/redenoticiaz.com.br\/barretos-regiao\/wp-content\/uploads\/sites\/4\/2022\/02\/logo.jpg","width":400,"height":250,"caption":"Ribeir\u00e3o Preto e Regi\u00e3o"},"image":{"@id":"https:\/\/redenoticiaz.com.br\/ribeiraopreto-regiao\/#\/schema\/logo\/image\/"},"sameAs":["https:\/\/m.facebook.com\/redenoticiaz.barretos","https:\/\/x.com\/RN_barretos","https:\/\/www.instagram.com\/redenoticiaz.barretos\/?igshid=YmMyMTA2M2Y","https:\/\/www.linkedin.com\/company\/rede-noticiaz-barretos-e-regio\/"]},{"@type":"Person","@id":"https:\/\/redenoticiaz.com.br\/ribeiraopreto-regiao\/#\/schema\/person\/16057b37a3c0ee6b096d7f887c566e2e","name":"Gustavo Silva","image":{"@type":"ImageObject","inLanguage":"pt-BR","@id":"https:\/\/secure.gravatar.com\/avatar\/3ee4e82f93b26de0a7cf4ea5eb7893da637ed6bb0c9170c58065944c56e28a33?s=96&d=mm&r=g","url":"https:\/\/secure.gravatar.com\/avatar\/3ee4e82f93b26de0a7cf4ea5eb7893da637ed6bb0c9170c58065944c56e28a33?s=96&d=mm&r=g","contentUrl":"https:\/\/secure.gravatar.com\/avatar\/3ee4e82f93b26de0a7cf4ea5eb7893da637ed6bb0c9170c58065944c56e28a33?s=96&d=mm&r=g","caption":"Gustavo Silva"},"url":"https:\/\/redenoticiaz.com.br\/ribeiraopreto-regiao\/sp\/author\/gustavosilva"}]}},"_links":{"self":[{"href":"https:\/\/redenoticiaz.com.br\/ribeiraopreto-regiao\/wp-json\/wp\/v2\/posts\/97944","targetHints":{"allow":["GET"]}}],"collection":[{"href":"https:\/\/redenoticiaz.com.br\/ribeiraopreto-regiao\/wp-json\/wp\/v2\/posts"}],"about":[{"href":"https:\/\/redenoticiaz.com.br\/ribeiraopreto-regiao\/wp-json\/wp\/v2\/types\/post"}],"author":[{"embeddable":true,"href":"https:\/\/redenoticiaz.com.br\/ribeiraopreto-regiao\/wp-json\/wp\/v2\/users\/12"}],"replies":[{"embeddable":true,"href":"https:\/\/redenoticiaz.com.br\/ribeiraopreto-regiao\/wp-json\/wp\/v2\/comments?post=97944"}],"version-history":[{"count":1,"href":"https:\/\/redenoticiaz.com.br\/ribeiraopreto-regiao\/wp-json\/wp\/v2\/posts\/97944\/revisions"}],"predecessor-version":[{"id":97946,"href":"https:\/\/redenoticiaz.com.br\/ribeiraopreto-regiao\/wp-json\/wp\/v2\/posts\/97944\/revisions\/97946"}],"wp:featuredmedia":[{"embeddable":true,"href":"https:\/\/redenoticiaz.com.br\/ribeiraopreto-regiao\/wp-json\/wp\/v2\/media\/97945"}],"wp:attachment":[{"href":"https:\/\/redenoticiaz.com.br\/ribeiraopreto-regiao\/wp-json\/wp\/v2\/media?parent=97944"}],"wp:term":[{"taxonomy":"category","embeddable":true,"href":"https:\/\/redenoticiaz.com.br\/ribeiraopreto-regiao\/wp-json\/wp\/v2\/categories?post=97944"},{"taxonomy":"post_tag","embeddable":true,"href":"https:\/\/redenoticiaz.com.br\/ribeiraopreto-regiao\/wp-json\/wp\/v2\/tags?post=97944"}],"curies":[{"name":"wp","href":"https:\/\/api.w.org\/{rel}","templated":true}]}}