{"id":97959,"date":"2023-01-04T14:16:48","date_gmt":"2023-01-04T17:16:48","guid":{"rendered":"https:\/\/redenoticiaz.com.br\/barretos-regiao\/?p=97959"},"modified":"2023-01-04T14:16:48","modified_gmt":"2023-01-04T17:16:48","slug":"bazar-em-prol-a-casa-transitoria-andre-luiz-no-north-shopping","status":"publish","type":"post","link":"https:\/\/redenoticiaz.com.br\/ribeiraopreto-regiao\/sp\/2023\/01\/04\/bazar-em-prol-a-casa-transitoria-andre-luiz-no-north-shopping","title":{"rendered":"Bazar em prol \u00e0 Casa Transit\u00f3ria Andr\u00e9 Luiz no North Shopping"},"content":{"rendered":"<p>At\u00e9 o dia 31 de janeiro, o North Shopping Barretos recebe o primeiro Bazar Solid\u00e1rio de 2023.\u00a0A entidade beneficiada ser\u00e1 a Casa Transit\u00f3ria Andr\u00e9 Luiz.<\/p>\n<p>Os clientes podem visitar e adquirir as pe\u00e7as no bazar, localizado no Espa\u00e7o de Eventos, ao lado do sal\u00e3o Dona Flor do shopping.<\/p>\n<p>No local haver\u00e1 pe\u00e7as de croch\u00eas e de patchwork, artigos religiosos, trabalhos em madeira, canecas personalizadas, agendas, planner (ferramenta para auxiliar o planejamento de tarefas, seja elas profissionais ou pessoais), entre outros utens\u00edlios.<\/p>\n<p>VEJA TAMB\u00c9M:\u00a0<a href=\"https:\/\/redenoticiaz.com.br\/barretos-regiao\/sp\/2023\/01\/04\/centro-de-esportes-lazer-e-cultura-dona-racibe-rezek-inicia-projeto-ferias-2023\">Centro de Esportes, Lazer e Cultura Dona Racibe Rezek inicia Projeto F\u00e9rias 2023<\/a><\/p>\n<p>&nbsp;<\/p>\n","protected":false},"excerpt":{"rendered":"<p>At\u00e9 o dia 31 de janeiro, o North Shopping Barretos recebe o primeiro Bazar Solid\u00e1rio de 2023.\u00a0A entidade beneficiada ser\u00e1 a Casa Transit\u00f3ria Andr\u00e9 Luiz. Os clientes podem visitar e adquirir as pe\u00e7as no bazar, localizado no Espa\u00e7o de Eventos, ao lado do sal\u00e3o Dona Flor do shopping. No local haver\u00e1 pe\u00e7as de croch\u00eas e &hellip;<\/p>\n","protected":false},"author":15,"featured_media":97960,"comment_status":"open","ping_status":"closed","sticky":false,"template":"","format":"standard","meta":{"footnotes":""},"categories":[252],"tags":[23505,4338,23506,20020],"class_list":["post-97959","post","type-post","status-publish","format-standard","has-post-thumbnail","hentry","category-acao-social","tag-artesas","tag-bazar","tag-casa-transitoria-andre-luiz","tag-north-shopping"],"yoast_head":"<!-- This site is optimized with the Yoast SEO plugin v27.4 - https:\/\/yoast.com\/product\/yoast-seo-wordpress\/ -->\n<title>Bazar em prol \u00e0 Casa Transit\u00f3ria Andr\u00e9 Luiz no North Shopping - Ribeir\u00e3o Preto e Regi\u00e3o<\/title>\n<meta name=\"description\" content=\"North Shopping Barretos recebe o primeiro Bazar Solid\u00e1rio de 2023.\u00a0A entidade beneficiada ser\u00e1 a Casa Transit\u00f3ria Andr\u00e9 Luiz.\" \/>\n<meta name=\"robots\" content=\"index, follow, max-snippet:-1, max-image-preview:large, max-video-preview:-1\" \/>\n<link rel=\"canonical\" href=\"https:\/\/redenoticiaz.com.br\/ribeiraopreto-regiao\/sp\/2023\/01\/04\/bazar-em-prol-a-casa-transitoria-andre-luiz-no-north-shopping\" \/>\n<meta property=\"og:locale\" content=\"pt_BR\" \/>\n<meta property=\"og:type\" content=\"article\" \/>\n<meta property=\"og:title\" content=\"Bazar em prol \u00e0 Casa Transit\u00f3ria Andr\u00e9 Luiz no North Shopping - Ribeir\u00e3o Preto e Regi\u00e3o\" \/>\n<meta property=\"og:description\" content=\"North Shopping Barretos recebe o primeiro Bazar Solid\u00e1rio de 2023.\u00a0A entidade beneficiada ser\u00e1 a Casa Transit\u00f3ria Andr\u00e9 Luiz.\" \/>\n<meta property=\"og:url\" content=\"https:\/\/redenoticiaz.com.br\/ribeiraopreto-regiao\/sp\/2023\/01\/04\/bazar-em-prol-a-casa-transitoria-andre-luiz-no-north-shopping\" \/>\n<meta property=\"og:site_name\" content=\"Ribeir\u00e3o Preto e Regi\u00e3o\" \/>\n<meta property=\"article:publisher\" content=\"https:\/\/m.facebook.com\/redenoticiaz.barretos\" \/>\n<meta property=\"article:published_time\" content=\"2023-01-04T17:16:48+00:00\" \/>\n<meta property=\"og:image\" content=\"https:\/\/redenoticiaz.com.br\/ribeiraopreto-regiao\/wp-content\/uploads\/sites\/4\/2023\/01\/69c00a35-6ad0-4c19-80ef-382d6118a6c3.jpeg\" \/>\n\t<meta property=\"og:image:width\" content=\"1440\" \/>\n\t<meta property=\"og:image:height\" content=\"1080\" \/>\n\t<meta property=\"og:image:type\" content=\"image\/jpeg\" \/>\n<meta name=\"twitter:card\" content=\"summary_large_image\" \/>\n<meta name=\"twitter:creator\" content=\"@RN_barretos\" \/>\n<meta name=\"twitter:site\" content=\"@RN_barretos\" \/>\n<meta name=\"twitter:label1\" content=\"Escrito por\" \/>\n\t<meta name=\"twitter:data1\" content=\"\" \/>\n\t<meta name=\"twitter:label2\" content=\"Est. tempo de leitura\" \/>\n\t<meta name=\"twitter:data2\" content=\"1 minuto\" \/>\n<script type=\"application\/ld+json\" class=\"yoast-schema-graph\">{\"@context\":\"https:\\\/\\\/schema.org\",\"@graph\":[{\"@type\":\"Article\",\"@id\":\"https:\\\/\\\/redenoticiaz.com.br\\\/ribeiraopreto-regiao\\\/sp\\\/2023\\\/01\\\/04\\\/bazar-em-prol-a-casa-transitoria-andre-luiz-no-north-shopping#article\",\"isPartOf\":{\"@id\":\"https:\\\/\\\/redenoticiaz.com.br\\\/ribeiraopreto-regiao\\\/sp\\\/2023\\\/01\\\/04\\\/bazar-em-prol-a-casa-transitoria-andre-luiz-no-north-shopping\"},\"author\":{\"name\":\"\",\"@id\":\"\"},\"headline\":\"Bazar em prol \u00e0 Casa Transit\u00f3ria Andr\u00e9 Luiz no North Shopping\",\"datePublished\":\"2023-01-04T17:16:48+00:00\",\"mainEntityOfPage\":{\"@id\":\"https:\\\/\\\/redenoticiaz.com.br\\\/ribeiraopreto-regiao\\\/sp\\\/2023\\\/01\\\/04\\\/bazar-em-prol-a-casa-transitoria-andre-luiz-no-north-shopping\"},\"wordCount\":116,\"commentCount\":0,\"publisher\":{\"@id\":\"https:\\\/\\\/redenoticiaz.com.br\\\/ribeiraopreto-regiao\\\/#organization\"},\"image\":{\"@id\":\"https:\\\/\\\/redenoticiaz.com.br\\\/ribeiraopreto-regiao\\\/sp\\\/2023\\\/01\\\/04\\\/bazar-em-prol-a-casa-transitoria-andre-luiz-no-north-shopping#primaryimage\"},\"thumbnailUrl\":\"https:\\\/\\\/redenoticiaz.com.br\\\/ribeiraopreto-regiao\\\/wp-content\\\/uploads\\\/sites\\\/4\\\/2023\\\/01\\\/69c00a35-6ad0-4c19-80ef-382d6118a6c3.jpeg\",\"keywords\":[\"artes\u00e3s\",\"BAZAR\",\"Casa Transit\u00f3ria Andr\u00e9 Luiz\",\"NORTH SHOPPING\"],\"articleSection\":[\"A\u00e7\u00e3o Social\"],\"inLanguage\":\"pt-BR\",\"potentialAction\":[{\"@type\":\"CommentAction\",\"name\":\"Comment\",\"target\":[\"https:\\\/\\\/redenoticiaz.com.br\\\/ribeiraopreto-regiao\\\/sp\\\/2023\\\/01\\\/04\\\/bazar-em-prol-a-casa-transitoria-andre-luiz-no-north-shopping#respond\"]}]},{\"@type\":\"WebPage\",\"@id\":\"https:\\\/\\\/redenoticiaz.com.br\\\/ribeiraopreto-regiao\\\/sp\\\/2023\\\/01\\\/04\\\/bazar-em-prol-a-casa-transitoria-andre-luiz-no-north-shopping\",\"url\":\"https:\\\/\\\/redenoticiaz.com.br\\\/ribeiraopreto-regiao\\\/sp\\\/2023\\\/01\\\/04\\\/bazar-em-prol-a-casa-transitoria-andre-luiz-no-north-shopping\",\"name\":\"Bazar em prol \u00e0 Casa Transit\u00f3ria Andr\u00e9 Luiz no North Shopping - Ribeir\u00e3o Preto e Regi\u00e3o\",\"isPartOf\":{\"@id\":\"https:\\\/\\\/redenoticiaz.com.br\\\/ribeiraopreto-regiao\\\/#website\"},\"primaryImageOfPage\":{\"@id\":\"https:\\\/\\\/redenoticiaz.com.br\\\/ribeiraopreto-regiao\\\/sp\\\/2023\\\/01\\\/04\\\/bazar-em-prol-a-casa-transitoria-andre-luiz-no-north-shopping#primaryimage\"},\"image\":{\"@id\":\"https:\\\/\\\/redenoticiaz.com.br\\\/ribeiraopreto-regiao\\\/sp\\\/2023\\\/01\\\/04\\\/bazar-em-prol-a-casa-transitoria-andre-luiz-no-north-shopping#primaryimage\"},\"thumbnailUrl\":\"https:\\\/\\\/redenoticiaz.com.br\\\/ribeiraopreto-regiao\\\/wp-content\\\/uploads\\\/sites\\\/4\\\/2023\\\/01\\\/69c00a35-6ad0-4c19-80ef-382d6118a6c3.jpeg\",\"datePublished\":\"2023-01-04T17:16:48+00:00\",\"description\":\"North Shopping Barretos recebe o primeiro Bazar Solid\u00e1rio de 2023.\u00a0A entidade beneficiada ser\u00e1 a Casa Transit\u00f3ria Andr\u00e9 Luiz.\",\"inLanguage\":\"pt-BR\",\"potentialAction\":[{\"@type\":\"ReadAction\",\"target\":[\"https:\\\/\\\/redenoticiaz.com.br\\\/ribeiraopreto-regiao\\\/sp\\\/2023\\\/01\\\/04\\\/bazar-em-prol-a-casa-transitoria-andre-luiz-no-north-shopping\"]}]},{\"@type\":\"ImageObject\",\"inLanguage\":\"pt-BR\",\"@id\":\"https:\\\/\\\/redenoticiaz.com.br\\\/ribeiraopreto-regiao\\\/sp\\\/2023\\\/01\\\/04\\\/bazar-em-prol-a-casa-transitoria-andre-luiz-no-north-shopping#primaryimage\",\"url\":\"https:\\\/\\\/redenoticiaz.com.br\\\/ribeiraopreto-regiao\\\/wp-content\\\/uploads\\\/sites\\\/4\\\/2023\\\/01\\\/69c00a35-6ad0-4c19-80ef-382d6118a6c3.jpeg\",\"contentUrl\":\"https:\\\/\\\/redenoticiaz.com.br\\\/ribeiraopreto-regiao\\\/wp-content\\\/uploads\\\/sites\\\/4\\\/2023\\\/01\\\/69c00a35-6ad0-4c19-80ef-382d6118a6c3.jpeg\",\"width\":1440,\"height\":1080,\"caption\":\"Cr\u00e9dito: Divulga\u00e7\u00e3o\"},{\"@type\":\"WebSite\",\"@id\":\"https:\\\/\\\/redenoticiaz.com.br\\\/ribeiraopreto-regiao\\\/#website\",\"url\":\"https:\\\/\\\/redenoticiaz.com.br\\\/ribeiraopreto-regiao\\\/\",\"name\":\"Ribeir\u00e3o Preto e Regi\u00e3o\",\"description\":\"Rede NoticiaZ - Ribeir\u00e3o Preto e regi\u00e3o\",\"publisher\":{\"@id\":\"https:\\\/\\\/redenoticiaz.com.br\\\/ribeiraopreto-regiao\\\/#organization\"},\"potentialAction\":[{\"@type\":\"SearchAction\",\"target\":{\"@type\":\"EntryPoint\",\"urlTemplate\":\"https:\\\/\\\/redenoticiaz.com.br\\\/ribeiraopreto-regiao\\\/?s={search_term_string}\"},\"query-input\":{\"@type\":\"PropertyValueSpecification\",\"valueRequired\":true,\"valueName\":\"search_term_string\"}}],\"inLanguage\":\"pt-BR\"},{\"@type\":\"Organization\",\"@id\":\"https:\\\/\\\/redenoticiaz.com.br\\\/ribeiraopreto-regiao\\\/#organization\",\"name\":\"Ribeir\u00e3o Preto e Regi\u00e3o\",\"url\":\"https:\\\/\\\/redenoticiaz.com.br\\\/ribeiraopreto-regiao\\\/\",\"logo\":{\"@type\":\"ImageObject\",\"inLanguage\":\"pt-BR\",\"@id\":\"https:\\\/\\\/redenoticiaz.com.br\\\/ribeiraopreto-regiao\\\/#\\\/schema\\\/logo\\\/image\\\/\",\"url\":\"https:\\\/\\\/redenoticiaz.com.br\\\/barretos-regiao\\\/wp-content\\\/uploads\\\/sites\\\/4\\\/2022\\\/02\\\/logo.jpg\",\"contentUrl\":\"https:\\\/\\\/redenoticiaz.com.br\\\/barretos-regiao\\\/wp-content\\\/uploads\\\/sites\\\/4\\\/2022\\\/02\\\/logo.jpg\",\"width\":400,\"height\":250,\"caption\":\"Ribeir\u00e3o Preto e Regi\u00e3o\"},\"image\":{\"@id\":\"https:\\\/\\\/redenoticiaz.com.br\\\/ribeiraopreto-regiao\\\/#\\\/schema\\\/logo\\\/image\\\/\"},\"sameAs\":[\"https:\\\/\\\/m.facebook.com\\\/redenoticiaz.barretos\",\"https:\\\/\\\/x.com\\\/RN_barretos\",\"https:\\\/\\\/www.instagram.com\\\/redenoticiaz.barretos\\\/?igshid=YmMyMTA2M2Y\",\"https:\\\/\\\/www.linkedin.com\\\/company\\\/rede-noticiaz-barretos-e-regio\\\/\"]},{\"@type\":\"Person\",\"@id\":\"\",\"url\":\"https:\\\/\\\/redenoticiaz.com.br\\\/ribeiraopreto-regiao\\\/sp\\\/author\"}]}<\/script>\n<!-- \/ Yoast SEO plugin. -->","yoast_head_json":{"title":"Bazar em prol \u00e0 Casa Transit\u00f3ria Andr\u00e9 Luiz no North Shopping - Ribeir\u00e3o Preto e Regi\u00e3o","description":"North Shopping Barretos recebe o primeiro Bazar Solid\u00e1rio de 2023.\u00a0A entidade beneficiada ser\u00e1 a Casa Transit\u00f3ria Andr\u00e9 Luiz.","robots":{"index":"index","follow":"follow","max-snippet":"max-snippet:-1","max-image-preview":"max-image-preview:large","max-video-preview":"max-video-preview:-1"},"canonical":"https:\/\/redenoticiaz.com.br\/ribeiraopreto-regiao\/sp\/2023\/01\/04\/bazar-em-prol-a-casa-transitoria-andre-luiz-no-north-shopping","og_locale":"pt_BR","og_type":"article","og_title":"Bazar em prol \u00e0 Casa Transit\u00f3ria Andr\u00e9 Luiz no North Shopping - Ribeir\u00e3o Preto e Regi\u00e3o","og_description":"North Shopping Barretos recebe o primeiro Bazar Solid\u00e1rio de 2023.\u00a0A entidade beneficiada ser\u00e1 a Casa Transit\u00f3ria Andr\u00e9 Luiz.","og_url":"https:\/\/redenoticiaz.com.br\/ribeiraopreto-regiao\/sp\/2023\/01\/04\/bazar-em-prol-a-casa-transitoria-andre-luiz-no-north-shopping","og_site_name":"Ribeir\u00e3o Preto e Regi\u00e3o","article_publisher":"https:\/\/m.facebook.com\/redenoticiaz.barretos","article_published_time":"2023-01-04T17:16:48+00:00","og_image":[{"width":1440,"height":1080,"url":"https:\/\/redenoticiaz.com.br\/ribeiraopreto-regiao\/wp-content\/uploads\/sites\/4\/2023\/01\/69c00a35-6ad0-4c19-80ef-382d6118a6c3.jpeg","type":"image\/jpeg"}],"twitter_card":"summary_large_image","twitter_creator":"@RN_barretos","twitter_site":"@RN_barretos","twitter_misc":{"Escrito por":"","Est. tempo de leitura":"1 minuto"},"schema":{"@context":"https:\/\/schema.org","@graph":[{"@type":"Article","@id":"https:\/\/redenoticiaz.com.br\/ribeiraopreto-regiao\/sp\/2023\/01\/04\/bazar-em-prol-a-casa-transitoria-andre-luiz-no-north-shopping#article","isPartOf":{"@id":"https:\/\/redenoticiaz.com.br\/ribeiraopreto-regiao\/sp\/2023\/01\/04\/bazar-em-prol-a-casa-transitoria-andre-luiz-no-north-shopping"},"author":{"name":"","@id":""},"headline":"Bazar em prol \u00e0 Casa Transit\u00f3ria Andr\u00e9 Luiz no North Shopping","datePublished":"2023-01-04T17:16:48+00:00","mainEntityOfPage":{"@id":"https:\/\/redenoticiaz.com.br\/ribeiraopreto-regiao\/sp\/2023\/01\/04\/bazar-em-prol-a-casa-transitoria-andre-luiz-no-north-shopping"},"wordCount":116,"commentCount":0,"publisher":{"@id":"https:\/\/redenoticiaz.com.br\/ribeiraopreto-regiao\/#organization"},"image":{"@id":"https:\/\/redenoticiaz.com.br\/ribeiraopreto-regiao\/sp\/2023\/01\/04\/bazar-em-prol-a-casa-transitoria-andre-luiz-no-north-shopping#primaryimage"},"thumbnailUrl":"https:\/\/redenoticiaz.com.br\/ribeiraopreto-regiao\/wp-content\/uploads\/sites\/4\/2023\/01\/69c00a35-6ad0-4c19-80ef-382d6118a6c3.jpeg","keywords":["artes\u00e3s","BAZAR","Casa Transit\u00f3ria Andr\u00e9 Luiz","NORTH SHOPPING"],"articleSection":["A\u00e7\u00e3o Social"],"inLanguage":"pt-BR","potentialAction":[{"@type":"CommentAction","name":"Comment","target":["https:\/\/redenoticiaz.com.br\/ribeiraopreto-regiao\/sp\/2023\/01\/04\/bazar-em-prol-a-casa-transitoria-andre-luiz-no-north-shopping#respond"]}]},{"@type":"WebPage","@id":"https:\/\/redenoticiaz.com.br\/ribeiraopreto-regiao\/sp\/2023\/01\/04\/bazar-em-prol-a-casa-transitoria-andre-luiz-no-north-shopping","url":"https:\/\/redenoticiaz.com.br\/ribeiraopreto-regiao\/sp\/2023\/01\/04\/bazar-em-prol-a-casa-transitoria-andre-luiz-no-north-shopping","name":"Bazar em prol \u00e0 Casa Transit\u00f3ria Andr\u00e9 Luiz no North Shopping - Ribeir\u00e3o Preto e Regi\u00e3o","isPartOf":{"@id":"https:\/\/redenoticiaz.com.br\/ribeiraopreto-regiao\/#website"},"primaryImageOfPage":{"@id":"https:\/\/redenoticiaz.com.br\/ribeiraopreto-regiao\/sp\/2023\/01\/04\/bazar-em-prol-a-casa-transitoria-andre-luiz-no-north-shopping#primaryimage"},"image":{"@id":"https:\/\/redenoticiaz.com.br\/ribeiraopreto-regiao\/sp\/2023\/01\/04\/bazar-em-prol-a-casa-transitoria-andre-luiz-no-north-shopping#primaryimage"},"thumbnailUrl":"https:\/\/redenoticiaz.com.br\/ribeiraopreto-regiao\/wp-content\/uploads\/sites\/4\/2023\/01\/69c00a35-6ad0-4c19-80ef-382d6118a6c3.jpeg","datePublished":"2023-01-04T17:16:48+00:00","description":"North Shopping Barretos recebe o primeiro Bazar Solid\u00e1rio de 2023.\u00a0A entidade beneficiada ser\u00e1 a Casa Transit\u00f3ria Andr\u00e9 Luiz.","inLanguage":"pt-BR","potentialAction":[{"@type":"ReadAction","target":["https:\/\/redenoticiaz.com.br\/ribeiraopreto-regiao\/sp\/2023\/01\/04\/bazar-em-prol-a-casa-transitoria-andre-luiz-no-north-shopping"]}]},{"@type":"ImageObject","inLanguage":"pt-BR","@id":"https:\/\/redenoticiaz.com.br\/ribeiraopreto-regiao\/sp\/2023\/01\/04\/bazar-em-prol-a-casa-transitoria-andre-luiz-no-north-shopping#primaryimage","url":"https:\/\/redenoticiaz.com.br\/ribeiraopreto-regiao\/wp-content\/uploads\/sites\/4\/2023\/01\/69c00a35-6ad0-4c19-80ef-382d6118a6c3.jpeg","contentUrl":"https:\/\/redenoticiaz.com.br\/ribeiraopreto-regiao\/wp-content\/uploads\/sites\/4\/2023\/01\/69c00a35-6ad0-4c19-80ef-382d6118a6c3.jpeg","width":1440,"height":1080,"caption":"Cr\u00e9dito: Divulga\u00e7\u00e3o"},{"@type":"WebSite","@id":"https:\/\/redenoticiaz.com.br\/ribeiraopreto-regiao\/#website","url":"https:\/\/redenoticiaz.com.br\/ribeiraopreto-regiao\/","name":"Ribeir\u00e3o Preto e Regi\u00e3o","description":"Rede NoticiaZ - Ribeir\u00e3o Preto e regi\u00e3o","publisher":{"@id":"https:\/\/redenoticiaz.com.br\/ribeiraopreto-regiao\/#organization"},"potentialAction":[{"@type":"SearchAction","target":{"@type":"EntryPoint","urlTemplate":"https:\/\/redenoticiaz.com.br\/ribeiraopreto-regiao\/?s={search_term_string}"},"query-input":{"@type":"PropertyValueSpecification","valueRequired":true,"valueName":"search_term_string"}}],"inLanguage":"pt-BR"},{"@type":"Organization","@id":"https:\/\/redenoticiaz.com.br\/ribeiraopreto-regiao\/#organization","name":"Ribeir\u00e3o Preto e Regi\u00e3o","url":"https:\/\/redenoticiaz.com.br\/ribeiraopreto-regiao\/","logo":{"@type":"ImageObject","inLanguage":"pt-BR","@id":"https:\/\/redenoticiaz.com.br\/ribeiraopreto-regiao\/#\/schema\/logo\/image\/","url":"https:\/\/redenoticiaz.com.br\/barretos-regiao\/wp-content\/uploads\/sites\/4\/2022\/02\/logo.jpg","contentUrl":"https:\/\/redenoticiaz.com.br\/barretos-regiao\/wp-content\/uploads\/sites\/4\/2022\/02\/logo.jpg","width":400,"height":250,"caption":"Ribeir\u00e3o Preto e Regi\u00e3o"},"image":{"@id":"https:\/\/redenoticiaz.com.br\/ribeiraopreto-regiao\/#\/schema\/logo\/image\/"},"sameAs":["https:\/\/m.facebook.com\/redenoticiaz.barretos","https:\/\/x.com\/RN_barretos","https:\/\/www.instagram.com\/redenoticiaz.barretos\/?igshid=YmMyMTA2M2Y","https:\/\/www.linkedin.com\/company\/rede-noticiaz-barretos-e-regio\/"]},{"@type":"Person","@id":"","url":"https:\/\/redenoticiaz.com.br\/ribeiraopreto-regiao\/sp\/author"}]}},"_links":{"self":[{"href":"https:\/\/redenoticiaz.com.br\/ribeiraopreto-regiao\/wp-json\/wp\/v2\/posts\/97959","targetHints":{"allow":["GET"]}}],"collection":[{"href":"https:\/\/redenoticiaz.com.br\/ribeiraopreto-regiao\/wp-json\/wp\/v2\/posts"}],"about":[{"href":"https:\/\/redenoticiaz.com.br\/ribeiraopreto-regiao\/wp-json\/wp\/v2\/types\/post"}],"author":[{"embeddable":true,"href":"https:\/\/redenoticiaz.com.br\/ribeiraopreto-regiao\/wp-json\/wp\/v2\/users\/15"}],"replies":[{"embeddable":true,"href":"https:\/\/redenoticiaz.com.br\/ribeiraopreto-regiao\/wp-json\/wp\/v2\/comments?post=97959"}],"version-history":[{"count":1,"href":"https:\/\/redenoticiaz.com.br\/ribeiraopreto-regiao\/wp-json\/wp\/v2\/posts\/97959\/revisions"}],"predecessor-version":[{"id":97961,"href":"https:\/\/redenoticiaz.com.br\/ribeiraopreto-regiao\/wp-json\/wp\/v2\/posts\/97959\/revisions\/97961"}],"wp:featuredmedia":[{"embeddable":true,"href":"https:\/\/redenoticiaz.com.br\/ribeiraopreto-regiao\/wp-json\/wp\/v2\/media\/97960"}],"wp:attachment":[{"href":"https:\/\/redenoticiaz.com.br\/ribeiraopreto-regiao\/wp-json\/wp\/v2\/media?parent=97959"}],"wp:term":[{"taxonomy":"category","embeddable":true,"href":"https:\/\/redenoticiaz.com.br\/ribeiraopreto-regiao\/wp-json\/wp\/v2\/categories?post=97959"},{"taxonomy":"post_tag","embeddable":true,"href":"https:\/\/redenoticiaz.com.br\/ribeiraopreto-regiao\/wp-json\/wp\/v2\/tags?post=97959"}],"curies":[{"name":"wp","href":"https:\/\/api.w.org\/{rel}","templated":true}]}}