{"id":97990,"date":"2023-01-07T17:00:17","date_gmt":"2023-01-07T20:00:17","guid":{"rendered":"https:\/\/redenoticiaz.com.br\/barretos-regiao\/?p=97990"},"modified":"2023-01-04T17:32:16","modified_gmt":"2023-01-04T20:32:16","slug":"estrelado-por-jon-hamm-confesse-fletch-chega-as-plataformas-digitais","status":"publish","type":"post","link":"https:\/\/redenoticiaz.com.br\/ribeiraopreto-regiao\/sp\/2023\/01\/07\/estrelado-por-jon-hamm-confesse-fletch-chega-as-plataformas-digitais","title":{"rendered":"Estrelado por Jon Hamm, \u2018Confesse, Fletch\u2019 chega \u00e0s plataformas digitais"},"content":{"rendered":"<p>A com\u00e9dia criminal\u00a0<strong>&#8220;Confesse, Fletch&#8221;<\/strong>, estrelada por Jon Hamm, estar\u00e1 dispon\u00edvel nas plataformas digitais em janeiro. O filme poder\u00e1 ser adquirido ou alugado atrav\u00e9s das seguintes op\u00e7\u00f5es: Apple TV, Google Play e Microsoft Store para compra e Claro TV+, Amazon Prime Video, Sky, Vivo Play e Oi para aluguel.<\/p>\n<p>&nbsp;<\/p>\n<p>Nesta com\u00e9dia, Jon Hamm interpreta o charmoso e incans\u00e1vel Fletch, que se torna o principal suspeito num caso de homic\u00eddio enquanto procurava uma colec\u00e7\u00e3o de arte roubada. A \u00fanica forma de provar a sua inoc\u00eancia ser\u00e1 descobrir quem da longa lista de suspeitos \u00e9 o culpado &#8211; desde o exc\u00eantrico negociante de arte e um playboy desaparecido at\u00e9 um vizinho louco e a namorada italiana de Fletch. O crime, na realidade, nunca foi t\u00e3o desorganizado.<\/p>\n<p>&nbsp;<\/p>\n<p>Escrito e dirigido por Greg Mottola (Superbad, Paul),\u00a0<strong>&#8220;Confesse, Fletch&#8221;<\/strong>\u00a0\u00e9 um filme no qual intriga, mist\u00e9rio, romance e personagens engra\u00e7ados se juntam para fazer um longa-metragem divertido do in\u00edcio ao fim. No elenco, est\u00e3o tamb\u00e9m Marcia Gay Harden, Roy Wood Jr., Annie Mumolo e Kyle MacLachlan.<br \/>\nVEJA TAMB\u00c9M:\u00a0<a href=\"https:\/\/redenoticiaz.com.br\/barretos-regiao\/sp\/2023\/01\/03\/serie-1899-e-cancelada-pela-netflix\">S\u00e9rie 1899 \u00e9 cancelada pela Netflix<\/a><\/p>\n","protected":false},"excerpt":{"rendered":"<p>A com\u00e9dia criminal\u00a0&#8220;Confesse, Fletch&#8221;, estrelada por Jon Hamm, estar\u00e1 dispon\u00edvel nas plataformas digitais em janeiro. O filme poder\u00e1 ser adquirido ou alugado atrav\u00e9s das seguintes op\u00e7\u00f5es: Apple TV, Google Play e Microsoft Store para compra e Claro TV+, Amazon Prime Video, Sky, Vivo Play e Oi para aluguel. &nbsp; Nesta com\u00e9dia, Jon Hamm interpreta o &hellip;<\/p>\n","protected":false},"author":15,"featured_media":97991,"comment_status":"open","ping_status":"closed","sticky":false,"template":"","format":"standard","meta":{"footnotes":""},"categories":[23210],"tags":[12581,23515,15115,23516,23517],"class_list":["post-97990","post","type-post","status-publish","format-standard","has-post-thumbnail","hentry","category-cameraz","tag-comedia","tag-confesse","tag-filme","tag-fletch","tag-jon-hamm"],"yoast_head":"<!-- This site is optimized with the Yoast SEO plugin v27.4 - https:\/\/yoast.com\/product\/yoast-seo-wordpress\/ -->\n<title>Estrelado por Jon Hamm, \u2018Confesse, Fletch\u2019 chega \u00e0s plataformas digitais - Ribeir\u00e3o Preto e Regi\u00e3o<\/title>\n<meta name=\"description\" content=\"A com\u00e9dia criminal\u00a0&quot;Confesse, Fletch&quot;, estrelada por Jon Hamm, estar\u00e1 dispon\u00edvel nas plataformas digitais em janeiro...\" \/>\n<meta name=\"robots\" content=\"index, follow, max-snippet:-1, max-image-preview:large, max-video-preview:-1\" \/>\n<link rel=\"canonical\" href=\"https:\/\/redenoticiaz.com.br\/ribeiraopreto-regiao\/sp\/2023\/01\/07\/estrelado-por-jon-hamm-confesse-fletch-chega-as-plataformas-digitais\" \/>\n<meta property=\"og:locale\" content=\"pt_BR\" \/>\n<meta property=\"og:type\" content=\"article\" \/>\n<meta property=\"og:title\" content=\"Estrelado por Jon Hamm, \u2018Confesse, Fletch\u2019 chega \u00e0s plataformas digitais - Ribeir\u00e3o Preto e Regi\u00e3o\" \/>\n<meta property=\"og:description\" content=\"A com\u00e9dia criminal\u00a0&quot;Confesse, Fletch&quot;, estrelada por Jon Hamm, estar\u00e1 dispon\u00edvel nas plataformas digitais em janeiro...\" \/>\n<meta property=\"og:url\" content=\"https:\/\/redenoticiaz.com.br\/ribeiraopreto-regiao\/sp\/2023\/01\/07\/estrelado-por-jon-hamm-confesse-fletch-chega-as-plataformas-digitais\" \/>\n<meta property=\"og:site_name\" content=\"Ribeir\u00e3o Preto e Regi\u00e3o\" \/>\n<meta property=\"article:publisher\" content=\"https:\/\/m.facebook.com\/redenoticiaz.barretos\" \/>\n<meta property=\"article:published_time\" content=\"2023-01-07T20:00:17+00:00\" \/>\n<meta property=\"og:image\" content=\"https:\/\/redenoticiaz.com.br\/ribeiraopreto-regiao\/wp-content\/uploads\/sites\/4\/2023\/01\/220826104842-confess-fletch-trailer-screengrab-scaled.jpg\" \/>\n\t<meta property=\"og:image:width\" content=\"1920\" \/>\n\t<meta property=\"og:image:height\" content=\"993\" \/>\n\t<meta property=\"og:image:type\" content=\"image\/jpeg\" \/>\n<meta name=\"twitter:card\" content=\"summary_large_image\" \/>\n<meta name=\"twitter:creator\" content=\"@RN_barretos\" \/>\n<meta name=\"twitter:site\" content=\"@RN_barretos\" \/>\n<meta name=\"twitter:label1\" content=\"Escrito por\" \/>\n\t<meta name=\"twitter:data1\" content=\"\" \/>\n\t<meta name=\"twitter:label2\" content=\"Est. tempo de leitura\" \/>\n\t<meta name=\"twitter:data2\" content=\"1 minuto\" \/>\n<script type=\"application\/ld+json\" class=\"yoast-schema-graph\">{\"@context\":\"https:\\\/\\\/schema.org\",\"@graph\":[{\"@type\":\"Article\",\"@id\":\"https:\\\/\\\/redenoticiaz.com.br\\\/ribeiraopreto-regiao\\\/sp\\\/2023\\\/01\\\/07\\\/estrelado-por-jon-hamm-confesse-fletch-chega-as-plataformas-digitais#article\",\"isPartOf\":{\"@id\":\"https:\\\/\\\/redenoticiaz.com.br\\\/ribeiraopreto-regiao\\\/sp\\\/2023\\\/01\\\/07\\\/estrelado-por-jon-hamm-confesse-fletch-chega-as-plataformas-digitais\"},\"author\":{\"name\":\"\",\"@id\":\"\"},\"headline\":\"Estrelado por Jon Hamm, \u2018Confesse, Fletch\u2019 chega \u00e0s plataformas digitais\",\"datePublished\":\"2023-01-07T20:00:17+00:00\",\"mainEntityOfPage\":{\"@id\":\"https:\\\/\\\/redenoticiaz.com.br\\\/ribeiraopreto-regiao\\\/sp\\\/2023\\\/01\\\/07\\\/estrelado-por-jon-hamm-confesse-fletch-chega-as-plataformas-digitais\"},\"wordCount\":205,\"commentCount\":0,\"publisher\":{\"@id\":\"https:\\\/\\\/redenoticiaz.com.br\\\/ribeiraopreto-regiao\\\/#organization\"},\"image\":{\"@id\":\"https:\\\/\\\/redenoticiaz.com.br\\\/ribeiraopreto-regiao\\\/sp\\\/2023\\\/01\\\/07\\\/estrelado-por-jon-hamm-confesse-fletch-chega-as-plataformas-digitais#primaryimage\"},\"thumbnailUrl\":\"https:\\\/\\\/redenoticiaz.com.br\\\/ribeiraopreto-regiao\\\/wp-content\\\/uploads\\\/sites\\\/4\\\/2023\\\/01\\\/220826104842-confess-fletch-trailer-screengrab-scaled.jpg\",\"keywords\":[\"COM\u00c9DIA\",\"Confesse\",\"FILME\",\"Fletch'\",\"Jon Hamm\"],\"articleSection\":[\"C\u00e2mera Z\"],\"inLanguage\":\"pt-BR\",\"potentialAction\":[{\"@type\":\"CommentAction\",\"name\":\"Comment\",\"target\":[\"https:\\\/\\\/redenoticiaz.com.br\\\/ribeiraopreto-regiao\\\/sp\\\/2023\\\/01\\\/07\\\/estrelado-por-jon-hamm-confesse-fletch-chega-as-plataformas-digitais#respond\"]}]},{\"@type\":\"WebPage\",\"@id\":\"https:\\\/\\\/redenoticiaz.com.br\\\/ribeiraopreto-regiao\\\/sp\\\/2023\\\/01\\\/07\\\/estrelado-por-jon-hamm-confesse-fletch-chega-as-plataformas-digitais\",\"url\":\"https:\\\/\\\/redenoticiaz.com.br\\\/ribeiraopreto-regiao\\\/sp\\\/2023\\\/01\\\/07\\\/estrelado-por-jon-hamm-confesse-fletch-chega-as-plataformas-digitais\",\"name\":\"Estrelado por Jon Hamm, \u2018Confesse, Fletch\u2019 chega \u00e0s plataformas digitais - Ribeir\u00e3o Preto e Regi\u00e3o\",\"isPartOf\":{\"@id\":\"https:\\\/\\\/redenoticiaz.com.br\\\/ribeiraopreto-regiao\\\/#website\"},\"primaryImageOfPage\":{\"@id\":\"https:\\\/\\\/redenoticiaz.com.br\\\/ribeiraopreto-regiao\\\/sp\\\/2023\\\/01\\\/07\\\/estrelado-por-jon-hamm-confesse-fletch-chega-as-plataformas-digitais#primaryimage\"},\"image\":{\"@id\":\"https:\\\/\\\/redenoticiaz.com.br\\\/ribeiraopreto-regiao\\\/sp\\\/2023\\\/01\\\/07\\\/estrelado-por-jon-hamm-confesse-fletch-chega-as-plataformas-digitais#primaryimage\"},\"thumbnailUrl\":\"https:\\\/\\\/redenoticiaz.com.br\\\/ribeiraopreto-regiao\\\/wp-content\\\/uploads\\\/sites\\\/4\\\/2023\\\/01\\\/220826104842-confess-fletch-trailer-screengrab-scaled.jpg\",\"datePublished\":\"2023-01-07T20:00:17+00:00\",\"description\":\"A com\u00e9dia criminal\u00a0\\\"Confesse, Fletch\\\", estrelada por Jon Hamm, estar\u00e1 dispon\u00edvel nas plataformas digitais em janeiro...\",\"inLanguage\":\"pt-BR\",\"potentialAction\":[{\"@type\":\"ReadAction\",\"target\":[\"https:\\\/\\\/redenoticiaz.com.br\\\/ribeiraopreto-regiao\\\/sp\\\/2023\\\/01\\\/07\\\/estrelado-por-jon-hamm-confesse-fletch-chega-as-plataformas-digitais\"]}]},{\"@type\":\"ImageObject\",\"inLanguage\":\"pt-BR\",\"@id\":\"https:\\\/\\\/redenoticiaz.com.br\\\/ribeiraopreto-regiao\\\/sp\\\/2023\\\/01\\\/07\\\/estrelado-por-jon-hamm-confesse-fletch-chega-as-plataformas-digitais#primaryimage\",\"url\":\"https:\\\/\\\/redenoticiaz.com.br\\\/ribeiraopreto-regiao\\\/wp-content\\\/uploads\\\/sites\\\/4\\\/2023\\\/01\\\/220826104842-confess-fletch-trailer-screengrab-scaled.jpg\",\"contentUrl\":\"https:\\\/\\\/redenoticiaz.com.br\\\/ribeiraopreto-regiao\\\/wp-content\\\/uploads\\\/sites\\\/4\\\/2023\\\/01\\\/220826104842-confess-fletch-trailer-screengrab-scaled.jpg\",\"width\":1920,\"height\":993,\"caption\":\"'Confesse, Fletch' chega \u00e0s plataformas digitais. Cr\u00e9dito: Divulga\u00e7\u00e3o\"},{\"@type\":\"WebSite\",\"@id\":\"https:\\\/\\\/redenoticiaz.com.br\\\/ribeiraopreto-regiao\\\/#website\",\"url\":\"https:\\\/\\\/redenoticiaz.com.br\\\/ribeiraopreto-regiao\\\/\",\"name\":\"Ribeir\u00e3o Preto e Regi\u00e3o\",\"description\":\"Rede NoticiaZ - Ribeir\u00e3o Preto e regi\u00e3o\",\"publisher\":{\"@id\":\"https:\\\/\\\/redenoticiaz.com.br\\\/ribeiraopreto-regiao\\\/#organization\"},\"potentialAction\":[{\"@type\":\"SearchAction\",\"target\":{\"@type\":\"EntryPoint\",\"urlTemplate\":\"https:\\\/\\\/redenoticiaz.com.br\\\/ribeiraopreto-regiao\\\/?s={search_term_string}\"},\"query-input\":{\"@type\":\"PropertyValueSpecification\",\"valueRequired\":true,\"valueName\":\"search_term_string\"}}],\"inLanguage\":\"pt-BR\"},{\"@type\":\"Organization\",\"@id\":\"https:\\\/\\\/redenoticiaz.com.br\\\/ribeiraopreto-regiao\\\/#organization\",\"name\":\"Ribeir\u00e3o Preto e Regi\u00e3o\",\"url\":\"https:\\\/\\\/redenoticiaz.com.br\\\/ribeiraopreto-regiao\\\/\",\"logo\":{\"@type\":\"ImageObject\",\"inLanguage\":\"pt-BR\",\"@id\":\"https:\\\/\\\/redenoticiaz.com.br\\\/ribeiraopreto-regiao\\\/#\\\/schema\\\/logo\\\/image\\\/\",\"url\":\"https:\\\/\\\/redenoticiaz.com.br\\\/barretos-regiao\\\/wp-content\\\/uploads\\\/sites\\\/4\\\/2022\\\/02\\\/logo.jpg\",\"contentUrl\":\"https:\\\/\\\/redenoticiaz.com.br\\\/barretos-regiao\\\/wp-content\\\/uploads\\\/sites\\\/4\\\/2022\\\/02\\\/logo.jpg\",\"width\":400,\"height\":250,\"caption\":\"Ribeir\u00e3o Preto e Regi\u00e3o\"},\"image\":{\"@id\":\"https:\\\/\\\/redenoticiaz.com.br\\\/ribeiraopreto-regiao\\\/#\\\/schema\\\/logo\\\/image\\\/\"},\"sameAs\":[\"https:\\\/\\\/m.facebook.com\\\/redenoticiaz.barretos\",\"https:\\\/\\\/x.com\\\/RN_barretos\",\"https:\\\/\\\/www.instagram.com\\\/redenoticiaz.barretos\\\/?igshid=YmMyMTA2M2Y\",\"https:\\\/\\\/www.linkedin.com\\\/company\\\/rede-noticiaz-barretos-e-regio\\\/\"]},{\"@type\":\"Person\",\"@id\":\"\",\"url\":\"https:\\\/\\\/redenoticiaz.com.br\\\/ribeiraopreto-regiao\\\/sp\\\/author\"}]}<\/script>\n<!-- \/ Yoast SEO plugin. -->","yoast_head_json":{"title":"Estrelado por Jon Hamm, \u2018Confesse, Fletch\u2019 chega \u00e0s plataformas digitais - Ribeir\u00e3o Preto e Regi\u00e3o","description":"A com\u00e9dia criminal\u00a0\"Confesse, Fletch\", estrelada por Jon Hamm, estar\u00e1 dispon\u00edvel nas plataformas digitais em janeiro...","robots":{"index":"index","follow":"follow","max-snippet":"max-snippet:-1","max-image-preview":"max-image-preview:large","max-video-preview":"max-video-preview:-1"},"canonical":"https:\/\/redenoticiaz.com.br\/ribeiraopreto-regiao\/sp\/2023\/01\/07\/estrelado-por-jon-hamm-confesse-fletch-chega-as-plataformas-digitais","og_locale":"pt_BR","og_type":"article","og_title":"Estrelado por Jon Hamm, \u2018Confesse, Fletch\u2019 chega \u00e0s plataformas digitais - Ribeir\u00e3o Preto e Regi\u00e3o","og_description":"A com\u00e9dia criminal\u00a0\"Confesse, Fletch\", estrelada por Jon Hamm, estar\u00e1 dispon\u00edvel nas plataformas digitais em janeiro...","og_url":"https:\/\/redenoticiaz.com.br\/ribeiraopreto-regiao\/sp\/2023\/01\/07\/estrelado-por-jon-hamm-confesse-fletch-chega-as-plataformas-digitais","og_site_name":"Ribeir\u00e3o Preto e Regi\u00e3o","article_publisher":"https:\/\/m.facebook.com\/redenoticiaz.barretos","article_published_time":"2023-01-07T20:00:17+00:00","og_image":[{"width":1920,"height":993,"url":"https:\/\/redenoticiaz.com.br\/ribeiraopreto-regiao\/wp-content\/uploads\/sites\/4\/2023\/01\/220826104842-confess-fletch-trailer-screengrab-scaled.jpg","type":"image\/jpeg"}],"twitter_card":"summary_large_image","twitter_creator":"@RN_barretos","twitter_site":"@RN_barretos","twitter_misc":{"Escrito por":"","Est. tempo de leitura":"1 minuto"},"schema":{"@context":"https:\/\/schema.org","@graph":[{"@type":"Article","@id":"https:\/\/redenoticiaz.com.br\/ribeiraopreto-regiao\/sp\/2023\/01\/07\/estrelado-por-jon-hamm-confesse-fletch-chega-as-plataformas-digitais#article","isPartOf":{"@id":"https:\/\/redenoticiaz.com.br\/ribeiraopreto-regiao\/sp\/2023\/01\/07\/estrelado-por-jon-hamm-confesse-fletch-chega-as-plataformas-digitais"},"author":{"name":"","@id":""},"headline":"Estrelado por Jon Hamm, \u2018Confesse, Fletch\u2019 chega \u00e0s plataformas digitais","datePublished":"2023-01-07T20:00:17+00:00","mainEntityOfPage":{"@id":"https:\/\/redenoticiaz.com.br\/ribeiraopreto-regiao\/sp\/2023\/01\/07\/estrelado-por-jon-hamm-confesse-fletch-chega-as-plataformas-digitais"},"wordCount":205,"commentCount":0,"publisher":{"@id":"https:\/\/redenoticiaz.com.br\/ribeiraopreto-regiao\/#organization"},"image":{"@id":"https:\/\/redenoticiaz.com.br\/ribeiraopreto-regiao\/sp\/2023\/01\/07\/estrelado-por-jon-hamm-confesse-fletch-chega-as-plataformas-digitais#primaryimage"},"thumbnailUrl":"https:\/\/redenoticiaz.com.br\/ribeiraopreto-regiao\/wp-content\/uploads\/sites\/4\/2023\/01\/220826104842-confess-fletch-trailer-screengrab-scaled.jpg","keywords":["COM\u00c9DIA","Confesse","FILME","Fletch'","Jon Hamm"],"articleSection":["C\u00e2mera Z"],"inLanguage":"pt-BR","potentialAction":[{"@type":"CommentAction","name":"Comment","target":["https:\/\/redenoticiaz.com.br\/ribeiraopreto-regiao\/sp\/2023\/01\/07\/estrelado-por-jon-hamm-confesse-fletch-chega-as-plataformas-digitais#respond"]}]},{"@type":"WebPage","@id":"https:\/\/redenoticiaz.com.br\/ribeiraopreto-regiao\/sp\/2023\/01\/07\/estrelado-por-jon-hamm-confesse-fletch-chega-as-plataformas-digitais","url":"https:\/\/redenoticiaz.com.br\/ribeiraopreto-regiao\/sp\/2023\/01\/07\/estrelado-por-jon-hamm-confesse-fletch-chega-as-plataformas-digitais","name":"Estrelado por Jon Hamm, \u2018Confesse, Fletch\u2019 chega \u00e0s plataformas digitais - Ribeir\u00e3o Preto e Regi\u00e3o","isPartOf":{"@id":"https:\/\/redenoticiaz.com.br\/ribeiraopreto-regiao\/#website"},"primaryImageOfPage":{"@id":"https:\/\/redenoticiaz.com.br\/ribeiraopreto-regiao\/sp\/2023\/01\/07\/estrelado-por-jon-hamm-confesse-fletch-chega-as-plataformas-digitais#primaryimage"},"image":{"@id":"https:\/\/redenoticiaz.com.br\/ribeiraopreto-regiao\/sp\/2023\/01\/07\/estrelado-por-jon-hamm-confesse-fletch-chega-as-plataformas-digitais#primaryimage"},"thumbnailUrl":"https:\/\/redenoticiaz.com.br\/ribeiraopreto-regiao\/wp-content\/uploads\/sites\/4\/2023\/01\/220826104842-confess-fletch-trailer-screengrab-scaled.jpg","datePublished":"2023-01-07T20:00:17+00:00","description":"A com\u00e9dia criminal\u00a0\"Confesse, Fletch\", estrelada por Jon Hamm, estar\u00e1 dispon\u00edvel nas plataformas digitais em janeiro...","inLanguage":"pt-BR","potentialAction":[{"@type":"ReadAction","target":["https:\/\/redenoticiaz.com.br\/ribeiraopreto-regiao\/sp\/2023\/01\/07\/estrelado-por-jon-hamm-confesse-fletch-chega-as-plataformas-digitais"]}]},{"@type":"ImageObject","inLanguage":"pt-BR","@id":"https:\/\/redenoticiaz.com.br\/ribeiraopreto-regiao\/sp\/2023\/01\/07\/estrelado-por-jon-hamm-confesse-fletch-chega-as-plataformas-digitais#primaryimage","url":"https:\/\/redenoticiaz.com.br\/ribeiraopreto-regiao\/wp-content\/uploads\/sites\/4\/2023\/01\/220826104842-confess-fletch-trailer-screengrab-scaled.jpg","contentUrl":"https:\/\/redenoticiaz.com.br\/ribeiraopreto-regiao\/wp-content\/uploads\/sites\/4\/2023\/01\/220826104842-confess-fletch-trailer-screengrab-scaled.jpg","width":1920,"height":993,"caption":"'Confesse, Fletch' chega \u00e0s plataformas digitais. Cr\u00e9dito: Divulga\u00e7\u00e3o"},{"@type":"WebSite","@id":"https:\/\/redenoticiaz.com.br\/ribeiraopreto-regiao\/#website","url":"https:\/\/redenoticiaz.com.br\/ribeiraopreto-regiao\/","name":"Ribeir\u00e3o Preto e Regi\u00e3o","description":"Rede NoticiaZ - Ribeir\u00e3o Preto e regi\u00e3o","publisher":{"@id":"https:\/\/redenoticiaz.com.br\/ribeiraopreto-regiao\/#organization"},"potentialAction":[{"@type":"SearchAction","target":{"@type":"EntryPoint","urlTemplate":"https:\/\/redenoticiaz.com.br\/ribeiraopreto-regiao\/?s={search_term_string}"},"query-input":{"@type":"PropertyValueSpecification","valueRequired":true,"valueName":"search_term_string"}}],"inLanguage":"pt-BR"},{"@type":"Organization","@id":"https:\/\/redenoticiaz.com.br\/ribeiraopreto-regiao\/#organization","name":"Ribeir\u00e3o Preto e Regi\u00e3o","url":"https:\/\/redenoticiaz.com.br\/ribeiraopreto-regiao\/","logo":{"@type":"ImageObject","inLanguage":"pt-BR","@id":"https:\/\/redenoticiaz.com.br\/ribeiraopreto-regiao\/#\/schema\/logo\/image\/","url":"https:\/\/redenoticiaz.com.br\/barretos-regiao\/wp-content\/uploads\/sites\/4\/2022\/02\/logo.jpg","contentUrl":"https:\/\/redenoticiaz.com.br\/barretos-regiao\/wp-content\/uploads\/sites\/4\/2022\/02\/logo.jpg","width":400,"height":250,"caption":"Ribeir\u00e3o Preto e Regi\u00e3o"},"image":{"@id":"https:\/\/redenoticiaz.com.br\/ribeiraopreto-regiao\/#\/schema\/logo\/image\/"},"sameAs":["https:\/\/m.facebook.com\/redenoticiaz.barretos","https:\/\/x.com\/RN_barretos","https:\/\/www.instagram.com\/redenoticiaz.barretos\/?igshid=YmMyMTA2M2Y","https:\/\/www.linkedin.com\/company\/rede-noticiaz-barretos-e-regio\/"]},{"@type":"Person","@id":"","url":"https:\/\/redenoticiaz.com.br\/ribeiraopreto-regiao\/sp\/author"}]}},"_links":{"self":[{"href":"https:\/\/redenoticiaz.com.br\/ribeiraopreto-regiao\/wp-json\/wp\/v2\/posts\/97990","targetHints":{"allow":["GET"]}}],"collection":[{"href":"https:\/\/redenoticiaz.com.br\/ribeiraopreto-regiao\/wp-json\/wp\/v2\/posts"}],"about":[{"href":"https:\/\/redenoticiaz.com.br\/ribeiraopreto-regiao\/wp-json\/wp\/v2\/types\/post"}],"author":[{"embeddable":true,"href":"https:\/\/redenoticiaz.com.br\/ribeiraopreto-regiao\/wp-json\/wp\/v2\/users\/15"}],"replies":[{"embeddable":true,"href":"https:\/\/redenoticiaz.com.br\/ribeiraopreto-regiao\/wp-json\/wp\/v2\/comments?post=97990"}],"version-history":[{"count":2,"href":"https:\/\/redenoticiaz.com.br\/ribeiraopreto-regiao\/wp-json\/wp\/v2\/posts\/97990\/revisions"}],"predecessor-version":[{"id":97993,"href":"https:\/\/redenoticiaz.com.br\/ribeiraopreto-regiao\/wp-json\/wp\/v2\/posts\/97990\/revisions\/97993"}],"wp:featuredmedia":[{"embeddable":true,"href":"https:\/\/redenoticiaz.com.br\/ribeiraopreto-regiao\/wp-json\/wp\/v2\/media\/97991"}],"wp:attachment":[{"href":"https:\/\/redenoticiaz.com.br\/ribeiraopreto-regiao\/wp-json\/wp\/v2\/media?parent=97990"}],"wp:term":[{"taxonomy":"category","embeddable":true,"href":"https:\/\/redenoticiaz.com.br\/ribeiraopreto-regiao\/wp-json\/wp\/v2\/categories?post=97990"},{"taxonomy":"post_tag","embeddable":true,"href":"https:\/\/redenoticiaz.com.br\/ribeiraopreto-regiao\/wp-json\/wp\/v2\/tags?post=97990"}],"curies":[{"name":"wp","href":"https:\/\/api.w.org\/{rel}","templated":true}]}}