{"id":98043,"date":"2023-01-05T16:03:15","date_gmt":"2023-01-05T19:03:15","guid":{"rendered":"https:\/\/redenoticiaz.com.br\/barretos-regiao\/?p=98043"},"modified":"2023-01-05T16:03:15","modified_gmt":"2023-01-05T19:03:15","slug":"prefeitura-divulga-periodo-de-agendamento-para-castracao-gratuita-de-caes-e-gatos","status":"publish","type":"post","link":"https:\/\/redenoticiaz.com.br\/ribeiraopreto-regiao\/sp\/2023\/01\/05\/prefeitura-divulga-periodo-de-agendamento-para-castracao-gratuita-de-caes-e-gatos","title":{"rendered":"Prefeitura divulga per\u00edodo de agendamento para castra\u00e7\u00e3o gratuita de c\u00e3es e gatos"},"content":{"rendered":"<div>Barretos, por meio do Centro Veterin\u00e1rio S\u00e3o Francisco de Assis, vinculado \u00e0 Secretaria Municipal de Sa\u00fade, ir\u00e1 abrir no final deste m\u00eas o per\u00edodo de agendamento para castra\u00e7\u00e3o gratuita de c\u00e3es e gatos. Entre a segunda-feira 30 de janeiro e a sexta-feira 3 de fevereiro, os barretenses interessados em castrar seus animais devem comparecer ao Centro Veterin\u00e1rio das 8 \u00e0s 11h30 ou das 13h30 \u00e0s 15h30. Cada tutor (pessoa respons\u00e1vel) pode cadastrar at\u00e9 dois animais.<\/div>\n<div><b>\u00a0<\/b><\/div>\n<div><\/div>\n<div><b>Documentos e condi\u00e7\u00f5es necess\u00e1rias<\/b><\/div>\n<div>Para realizar o agendamento, o tutor deve levar RG, CPF e comprovante de endere\u00e7o. Os c\u00e3es e gatos devem ter pelo menos 7 meses de vida. C\u00e3es das ra\u00e7as shih-tzu, chow-chow e boxer n\u00e3o s\u00e3o contemplados na a\u00e7\u00e3o por necessitarem de anestesia inalat\u00f3ria. A castra\u00e7\u00e3o no centro veterin\u00e1rio municipal \u00e9 gratuita; sendo priorit\u00e1rios os atendimentos a animais encontrados nas ruas e aos de pessoas em situa\u00e7\u00e3o de vulnerabilidade socioecon\u00f4mica.<\/div>\n<div><\/div>\n<div><\/div>\n<div><b>Quando as castra\u00e7\u00f5es v\u00e3o ser realizadas?<\/b><\/div>\n<div>A equipe pretende realizar de 8 a 10 cirurgias por dia; elas ser\u00e3o no per\u00edodo da manh\u00e3. A veterin\u00e1ria Stella Maria de Paula, coordenadora do Centro, informa que as cirurgias de castra\u00e7\u00e3o come\u00e7am em fevereiro. &#8220;O intuito \u00e9 fazermos cadastros para per\u00edodos de tr\u00eas meses. Trabalhando com esse per\u00edodo menor, esperamos diminuir o n\u00famero de pessoas que agendam e depois se esquecem de trazer seus animais&#8221;, afirma.<\/div>\n<div><\/div>\n<div><\/div>\n<div><b>Onde agendar?<\/b><\/div>\n<div>O Centro Veterin\u00e1rio fica na sede da Secretaria Municipal da Sa\u00fade, localizada \u00e0 Avenida Ibirapuera, n\u00ba. 177. No momento em que o respons\u00e1vel realizar o agendamento, ser\u00e3o refor\u00e7adas instru\u00e7\u00f5es, tais como que no dia da cirurgia o animal deve estar de jejum por 12 horas e que o tutor deve fazer exame de sangue no animal antes dele passar por cirurgia.<\/div>\n<div><\/div>\n<div>VEJA TAMB\u00c9M:\u00a0<a href=\"https:\/\/redenoticiaz.com.br\/barretos-regiao\/sp\/2023\/01\/05\/jogos-de-verao-2023-de-olimpia-comecam-na-proxima-semana-com-700-atletas-inscritos\">Jogos de Ver\u00e3o 2023 de Ol\u00edmpia come\u00e7am na pr\u00f3xima semana com 700 atletas inscritos<\/a><\/div>\n","protected":false},"excerpt":{"rendered":"<p>Barretos, por meio do Centro Veterin\u00e1rio S\u00e3o Francisco de Assis, vinculado \u00e0 Secretaria Municipal de Sa\u00fade, ir\u00e1 abrir no final deste m\u00eas o per\u00edodo de agendamento para castra\u00e7\u00e3o gratuita de c\u00e3es e gatos. Entre a segunda-feira 30 de janeiro e a sexta-feira 3 de fevereiro, os barretenses interessados em castrar seus animais devem comparecer ao &hellip;<\/p>\n","protected":false},"author":15,"featured_media":98044,"comment_status":"open","ping_status":"closed","sticky":false,"template":"","format":"standard","meta":{"footnotes":""},"categories":[94],"tags":[3184,6396,23545],"class_list":["post-98043","post","type-post","status-publish","format-standard","has-post-thumbnail","hentry","category-meio-ambiente","tag-agendamento","tag-caes-e-gatos","tag-castracao-gratuita"],"yoast_head":"<!-- This site is optimized with the Yoast SEO plugin v27.4 - https:\/\/yoast.com\/product\/yoast-seo-wordpress\/ -->\n<title>Prefeitura divulga per\u00edodo de agendamento para castra\u00e7\u00e3o gratuita de c\u00e3es e gatos - Ribeir\u00e3o Preto e Regi\u00e3o<\/title>\n<meta name=\"description\" content=\"Centro Veterin\u00e1rio S\u00e3o Francisco de Assis, vinculado \u00e0 Secretaria de Sa\u00fade, ir\u00e1 abrir no final deste m\u00eas o per\u00edodo de agendamento para castra\u00e7\u00e3o gratuita\" \/>\n<meta name=\"robots\" content=\"index, follow, max-snippet:-1, max-image-preview:large, max-video-preview:-1\" \/>\n<link rel=\"canonical\" href=\"https:\/\/redenoticiaz.com.br\/ribeiraopreto-regiao\/sp\/2023\/01\/05\/prefeitura-divulga-periodo-de-agendamento-para-castracao-gratuita-de-caes-e-gatos\" \/>\n<meta property=\"og:locale\" content=\"pt_BR\" \/>\n<meta property=\"og:type\" content=\"article\" \/>\n<meta property=\"og:title\" content=\"Prefeitura divulga per\u00edodo de agendamento para castra\u00e7\u00e3o gratuita de c\u00e3es e gatos - Ribeir\u00e3o Preto e Regi\u00e3o\" \/>\n<meta property=\"og:description\" content=\"Centro Veterin\u00e1rio S\u00e3o Francisco de Assis, vinculado \u00e0 Secretaria de Sa\u00fade, ir\u00e1 abrir no final deste m\u00eas o per\u00edodo de agendamento para castra\u00e7\u00e3o gratuita\" \/>\n<meta property=\"og:url\" content=\"https:\/\/redenoticiaz.com.br\/ribeiraopreto-regiao\/sp\/2023\/01\/05\/prefeitura-divulga-periodo-de-agendamento-para-castracao-gratuita-de-caes-e-gatos\" \/>\n<meta property=\"og:site_name\" content=\"Ribeir\u00e3o Preto e Regi\u00e3o\" \/>\n<meta property=\"article:publisher\" content=\"https:\/\/m.facebook.com\/redenoticiaz.barretos\" \/>\n<meta property=\"article:published_time\" content=\"2023-01-05T19:03:15+00:00\" \/>\n<meta property=\"og:image\" content=\"https:\/\/redenoticiaz.com.br\/ribeiraopreto-regiao\/wp-content\/uploads\/sites\/4\/2023\/01\/Prefeitura-divulga-periodo-de-agendamento-para-castracao-gratuita-de-caes-e-gatos.png\" \/>\n\t<meta property=\"og:image:width\" content=\"1200\" \/>\n\t<meta property=\"og:image:height\" content=\"628\" \/>\n\t<meta property=\"og:image:type\" content=\"image\/png\" \/>\n<meta name=\"twitter:card\" content=\"summary_large_image\" \/>\n<meta name=\"twitter:creator\" content=\"@RN_barretos\" \/>\n<meta name=\"twitter:site\" content=\"@RN_barretos\" \/>\n<meta name=\"twitter:label1\" content=\"Escrito por\" \/>\n\t<meta name=\"twitter:data1\" content=\"\" \/>\n\t<meta name=\"twitter:label2\" content=\"Est. tempo de leitura\" \/>\n\t<meta name=\"twitter:data2\" content=\"2 minutos\" \/>\n<script type=\"application\/ld+json\" class=\"yoast-schema-graph\">{\"@context\":\"https:\\\/\\\/schema.org\",\"@graph\":[{\"@type\":\"Article\",\"@id\":\"https:\\\/\\\/redenoticiaz.com.br\\\/ribeiraopreto-regiao\\\/sp\\\/2023\\\/01\\\/05\\\/prefeitura-divulga-periodo-de-agendamento-para-castracao-gratuita-de-caes-e-gatos#article\",\"isPartOf\":{\"@id\":\"https:\\\/\\\/redenoticiaz.com.br\\\/ribeiraopreto-regiao\\\/sp\\\/2023\\\/01\\\/05\\\/prefeitura-divulga-periodo-de-agendamento-para-castracao-gratuita-de-caes-e-gatos\"},\"author\":{\"name\":\"\",\"@id\":\"\"},\"headline\":\"Prefeitura divulga per\u00edodo de agendamento para castra\u00e7\u00e3o gratuita de c\u00e3es e gatos\",\"datePublished\":\"2023-01-05T19:03:15+00:00\",\"mainEntityOfPage\":{\"@id\":\"https:\\\/\\\/redenoticiaz.com.br\\\/ribeiraopreto-regiao\\\/sp\\\/2023\\\/01\\\/05\\\/prefeitura-divulga-periodo-de-agendamento-para-castracao-gratuita-de-caes-e-gatos\"},\"wordCount\":347,\"commentCount\":0,\"publisher\":{\"@id\":\"https:\\\/\\\/redenoticiaz.com.br\\\/ribeiraopreto-regiao\\\/#organization\"},\"image\":{\"@id\":\"https:\\\/\\\/redenoticiaz.com.br\\\/ribeiraopreto-regiao\\\/sp\\\/2023\\\/01\\\/05\\\/prefeitura-divulga-periodo-de-agendamento-para-castracao-gratuita-de-caes-e-gatos#primaryimage\"},\"thumbnailUrl\":\"https:\\\/\\\/redenoticiaz.com.br\\\/ribeiraopreto-regiao\\\/wp-content\\\/uploads\\\/sites\\\/4\\\/2023\\\/01\\\/Prefeitura-divulga-periodo-de-agendamento-para-castracao-gratuita-de-caes-e-gatos.png\",\"keywords\":[\"agendamento\",\"C\u00c3ES E GATOS\",\"castra\u00e7\u00e3o gratuita\"],\"articleSection\":[\"Meio Ambiente\"],\"inLanguage\":\"pt-BR\",\"potentialAction\":[{\"@type\":\"CommentAction\",\"name\":\"Comment\",\"target\":[\"https:\\\/\\\/redenoticiaz.com.br\\\/ribeiraopreto-regiao\\\/sp\\\/2023\\\/01\\\/05\\\/prefeitura-divulga-periodo-de-agendamento-para-castracao-gratuita-de-caes-e-gatos#respond\"]}]},{\"@type\":\"WebPage\",\"@id\":\"https:\\\/\\\/redenoticiaz.com.br\\\/ribeiraopreto-regiao\\\/sp\\\/2023\\\/01\\\/05\\\/prefeitura-divulga-periodo-de-agendamento-para-castracao-gratuita-de-caes-e-gatos\",\"url\":\"https:\\\/\\\/redenoticiaz.com.br\\\/ribeiraopreto-regiao\\\/sp\\\/2023\\\/01\\\/05\\\/prefeitura-divulga-periodo-de-agendamento-para-castracao-gratuita-de-caes-e-gatos\",\"name\":\"Prefeitura divulga per\u00edodo de agendamento para castra\u00e7\u00e3o gratuita de c\u00e3es e gatos - Ribeir\u00e3o Preto e Regi\u00e3o\",\"isPartOf\":{\"@id\":\"https:\\\/\\\/redenoticiaz.com.br\\\/ribeiraopreto-regiao\\\/#website\"},\"primaryImageOfPage\":{\"@id\":\"https:\\\/\\\/redenoticiaz.com.br\\\/ribeiraopreto-regiao\\\/sp\\\/2023\\\/01\\\/05\\\/prefeitura-divulga-periodo-de-agendamento-para-castracao-gratuita-de-caes-e-gatos#primaryimage\"},\"image\":{\"@id\":\"https:\\\/\\\/redenoticiaz.com.br\\\/ribeiraopreto-regiao\\\/sp\\\/2023\\\/01\\\/05\\\/prefeitura-divulga-periodo-de-agendamento-para-castracao-gratuita-de-caes-e-gatos#primaryimage\"},\"thumbnailUrl\":\"https:\\\/\\\/redenoticiaz.com.br\\\/ribeiraopreto-regiao\\\/wp-content\\\/uploads\\\/sites\\\/4\\\/2023\\\/01\\\/Prefeitura-divulga-periodo-de-agendamento-para-castracao-gratuita-de-caes-e-gatos.png\",\"datePublished\":\"2023-01-05T19:03:15+00:00\",\"description\":\"Centro Veterin\u00e1rio S\u00e3o Francisco de Assis, vinculado \u00e0 Secretaria de Sa\u00fade, ir\u00e1 abrir no final deste m\u00eas o per\u00edodo de agendamento para castra\u00e7\u00e3o gratuita\",\"inLanguage\":\"pt-BR\",\"potentialAction\":[{\"@type\":\"ReadAction\",\"target\":[\"https:\\\/\\\/redenoticiaz.com.br\\\/ribeiraopreto-regiao\\\/sp\\\/2023\\\/01\\\/05\\\/prefeitura-divulga-periodo-de-agendamento-para-castracao-gratuita-de-caes-e-gatos\"]}]},{\"@type\":\"ImageObject\",\"inLanguage\":\"pt-BR\",\"@id\":\"https:\\\/\\\/redenoticiaz.com.br\\\/ribeiraopreto-regiao\\\/sp\\\/2023\\\/01\\\/05\\\/prefeitura-divulga-periodo-de-agendamento-para-castracao-gratuita-de-caes-e-gatos#primaryimage\",\"url\":\"https:\\\/\\\/redenoticiaz.com.br\\\/ribeiraopreto-regiao\\\/wp-content\\\/uploads\\\/sites\\\/4\\\/2023\\\/01\\\/Prefeitura-divulga-periodo-de-agendamento-para-castracao-gratuita-de-caes-e-gatos.png\",\"contentUrl\":\"https:\\\/\\\/redenoticiaz.com.br\\\/ribeiraopreto-regiao\\\/wp-content\\\/uploads\\\/sites\\\/4\\\/2023\\\/01\\\/Prefeitura-divulga-periodo-de-agendamento-para-castracao-gratuita-de-caes-e-gatos.png\",\"width\":1200,\"height\":628,\"caption\":\"Cr\u00e9dito: Divulga\u00e7\u00e3o\"},{\"@type\":\"WebSite\",\"@id\":\"https:\\\/\\\/redenoticiaz.com.br\\\/ribeiraopreto-regiao\\\/#website\",\"url\":\"https:\\\/\\\/redenoticiaz.com.br\\\/ribeiraopreto-regiao\\\/\",\"name\":\"Ribeir\u00e3o Preto e Regi\u00e3o\",\"description\":\"Rede NoticiaZ - Ribeir\u00e3o Preto e regi\u00e3o\",\"publisher\":{\"@id\":\"https:\\\/\\\/redenoticiaz.com.br\\\/ribeiraopreto-regiao\\\/#organization\"},\"potentialAction\":[{\"@type\":\"SearchAction\",\"target\":{\"@type\":\"EntryPoint\",\"urlTemplate\":\"https:\\\/\\\/redenoticiaz.com.br\\\/ribeiraopreto-regiao\\\/?s={search_term_string}\"},\"query-input\":{\"@type\":\"PropertyValueSpecification\",\"valueRequired\":true,\"valueName\":\"search_term_string\"}}],\"inLanguage\":\"pt-BR\"},{\"@type\":\"Organization\",\"@id\":\"https:\\\/\\\/redenoticiaz.com.br\\\/ribeiraopreto-regiao\\\/#organization\",\"name\":\"Ribeir\u00e3o Preto e Regi\u00e3o\",\"url\":\"https:\\\/\\\/redenoticiaz.com.br\\\/ribeiraopreto-regiao\\\/\",\"logo\":{\"@type\":\"ImageObject\",\"inLanguage\":\"pt-BR\",\"@id\":\"https:\\\/\\\/redenoticiaz.com.br\\\/ribeiraopreto-regiao\\\/#\\\/schema\\\/logo\\\/image\\\/\",\"url\":\"https:\\\/\\\/redenoticiaz.com.br\\\/barretos-regiao\\\/wp-content\\\/uploads\\\/sites\\\/4\\\/2022\\\/02\\\/logo.jpg\",\"contentUrl\":\"https:\\\/\\\/redenoticiaz.com.br\\\/barretos-regiao\\\/wp-content\\\/uploads\\\/sites\\\/4\\\/2022\\\/02\\\/logo.jpg\",\"width\":400,\"height\":250,\"caption\":\"Ribeir\u00e3o Preto e Regi\u00e3o\"},\"image\":{\"@id\":\"https:\\\/\\\/redenoticiaz.com.br\\\/ribeiraopreto-regiao\\\/#\\\/schema\\\/logo\\\/image\\\/\"},\"sameAs\":[\"https:\\\/\\\/m.facebook.com\\\/redenoticiaz.barretos\",\"https:\\\/\\\/x.com\\\/RN_barretos\",\"https:\\\/\\\/www.instagram.com\\\/redenoticiaz.barretos\\\/?igshid=YmMyMTA2M2Y\",\"https:\\\/\\\/www.linkedin.com\\\/company\\\/rede-noticiaz-barretos-e-regio\\\/\"]},{\"@type\":\"Person\",\"@id\":\"\",\"url\":\"https:\\\/\\\/redenoticiaz.com.br\\\/ribeiraopreto-regiao\\\/sp\\\/author\"}]}<\/script>\n<!-- \/ Yoast SEO plugin. -->","yoast_head_json":{"title":"Prefeitura divulga per\u00edodo de agendamento para castra\u00e7\u00e3o gratuita de c\u00e3es e gatos - Ribeir\u00e3o Preto e Regi\u00e3o","description":"Centro Veterin\u00e1rio S\u00e3o Francisco de Assis, vinculado \u00e0 Secretaria de Sa\u00fade, ir\u00e1 abrir no final deste m\u00eas o per\u00edodo de agendamento para castra\u00e7\u00e3o gratuita","robots":{"index":"index","follow":"follow","max-snippet":"max-snippet:-1","max-image-preview":"max-image-preview:large","max-video-preview":"max-video-preview:-1"},"canonical":"https:\/\/redenoticiaz.com.br\/ribeiraopreto-regiao\/sp\/2023\/01\/05\/prefeitura-divulga-periodo-de-agendamento-para-castracao-gratuita-de-caes-e-gatos","og_locale":"pt_BR","og_type":"article","og_title":"Prefeitura divulga per\u00edodo de agendamento para castra\u00e7\u00e3o gratuita de c\u00e3es e gatos - Ribeir\u00e3o Preto e Regi\u00e3o","og_description":"Centro Veterin\u00e1rio S\u00e3o Francisco de Assis, vinculado \u00e0 Secretaria de Sa\u00fade, ir\u00e1 abrir no final deste m\u00eas o per\u00edodo de agendamento para castra\u00e7\u00e3o gratuita","og_url":"https:\/\/redenoticiaz.com.br\/ribeiraopreto-regiao\/sp\/2023\/01\/05\/prefeitura-divulga-periodo-de-agendamento-para-castracao-gratuita-de-caes-e-gatos","og_site_name":"Ribeir\u00e3o Preto e Regi\u00e3o","article_publisher":"https:\/\/m.facebook.com\/redenoticiaz.barretos","article_published_time":"2023-01-05T19:03:15+00:00","og_image":[{"width":1200,"height":628,"url":"https:\/\/redenoticiaz.com.br\/ribeiraopreto-regiao\/wp-content\/uploads\/sites\/4\/2023\/01\/Prefeitura-divulga-periodo-de-agendamento-para-castracao-gratuita-de-caes-e-gatos.png","type":"image\/png"}],"twitter_card":"summary_large_image","twitter_creator":"@RN_barretos","twitter_site":"@RN_barretos","twitter_misc":{"Escrito por":"","Est. tempo de leitura":"2 minutos"},"schema":{"@context":"https:\/\/schema.org","@graph":[{"@type":"Article","@id":"https:\/\/redenoticiaz.com.br\/ribeiraopreto-regiao\/sp\/2023\/01\/05\/prefeitura-divulga-periodo-de-agendamento-para-castracao-gratuita-de-caes-e-gatos#article","isPartOf":{"@id":"https:\/\/redenoticiaz.com.br\/ribeiraopreto-regiao\/sp\/2023\/01\/05\/prefeitura-divulga-periodo-de-agendamento-para-castracao-gratuita-de-caes-e-gatos"},"author":{"name":"","@id":""},"headline":"Prefeitura divulga per\u00edodo de agendamento para castra\u00e7\u00e3o gratuita de c\u00e3es e gatos","datePublished":"2023-01-05T19:03:15+00:00","mainEntityOfPage":{"@id":"https:\/\/redenoticiaz.com.br\/ribeiraopreto-regiao\/sp\/2023\/01\/05\/prefeitura-divulga-periodo-de-agendamento-para-castracao-gratuita-de-caes-e-gatos"},"wordCount":347,"commentCount":0,"publisher":{"@id":"https:\/\/redenoticiaz.com.br\/ribeiraopreto-regiao\/#organization"},"image":{"@id":"https:\/\/redenoticiaz.com.br\/ribeiraopreto-regiao\/sp\/2023\/01\/05\/prefeitura-divulga-periodo-de-agendamento-para-castracao-gratuita-de-caes-e-gatos#primaryimage"},"thumbnailUrl":"https:\/\/redenoticiaz.com.br\/ribeiraopreto-regiao\/wp-content\/uploads\/sites\/4\/2023\/01\/Prefeitura-divulga-periodo-de-agendamento-para-castracao-gratuita-de-caes-e-gatos.png","keywords":["agendamento","C\u00c3ES E GATOS","castra\u00e7\u00e3o gratuita"],"articleSection":["Meio Ambiente"],"inLanguage":"pt-BR","potentialAction":[{"@type":"CommentAction","name":"Comment","target":["https:\/\/redenoticiaz.com.br\/ribeiraopreto-regiao\/sp\/2023\/01\/05\/prefeitura-divulga-periodo-de-agendamento-para-castracao-gratuita-de-caes-e-gatos#respond"]}]},{"@type":"WebPage","@id":"https:\/\/redenoticiaz.com.br\/ribeiraopreto-regiao\/sp\/2023\/01\/05\/prefeitura-divulga-periodo-de-agendamento-para-castracao-gratuita-de-caes-e-gatos","url":"https:\/\/redenoticiaz.com.br\/ribeiraopreto-regiao\/sp\/2023\/01\/05\/prefeitura-divulga-periodo-de-agendamento-para-castracao-gratuita-de-caes-e-gatos","name":"Prefeitura divulga per\u00edodo de agendamento para castra\u00e7\u00e3o gratuita de c\u00e3es e gatos - Ribeir\u00e3o Preto e Regi\u00e3o","isPartOf":{"@id":"https:\/\/redenoticiaz.com.br\/ribeiraopreto-regiao\/#website"},"primaryImageOfPage":{"@id":"https:\/\/redenoticiaz.com.br\/ribeiraopreto-regiao\/sp\/2023\/01\/05\/prefeitura-divulga-periodo-de-agendamento-para-castracao-gratuita-de-caes-e-gatos#primaryimage"},"image":{"@id":"https:\/\/redenoticiaz.com.br\/ribeiraopreto-regiao\/sp\/2023\/01\/05\/prefeitura-divulga-periodo-de-agendamento-para-castracao-gratuita-de-caes-e-gatos#primaryimage"},"thumbnailUrl":"https:\/\/redenoticiaz.com.br\/ribeiraopreto-regiao\/wp-content\/uploads\/sites\/4\/2023\/01\/Prefeitura-divulga-periodo-de-agendamento-para-castracao-gratuita-de-caes-e-gatos.png","datePublished":"2023-01-05T19:03:15+00:00","description":"Centro Veterin\u00e1rio S\u00e3o Francisco de Assis, vinculado \u00e0 Secretaria de Sa\u00fade, ir\u00e1 abrir no final deste m\u00eas o per\u00edodo de agendamento para castra\u00e7\u00e3o gratuita","inLanguage":"pt-BR","potentialAction":[{"@type":"ReadAction","target":["https:\/\/redenoticiaz.com.br\/ribeiraopreto-regiao\/sp\/2023\/01\/05\/prefeitura-divulga-periodo-de-agendamento-para-castracao-gratuita-de-caes-e-gatos"]}]},{"@type":"ImageObject","inLanguage":"pt-BR","@id":"https:\/\/redenoticiaz.com.br\/ribeiraopreto-regiao\/sp\/2023\/01\/05\/prefeitura-divulga-periodo-de-agendamento-para-castracao-gratuita-de-caes-e-gatos#primaryimage","url":"https:\/\/redenoticiaz.com.br\/ribeiraopreto-regiao\/wp-content\/uploads\/sites\/4\/2023\/01\/Prefeitura-divulga-periodo-de-agendamento-para-castracao-gratuita-de-caes-e-gatos.png","contentUrl":"https:\/\/redenoticiaz.com.br\/ribeiraopreto-regiao\/wp-content\/uploads\/sites\/4\/2023\/01\/Prefeitura-divulga-periodo-de-agendamento-para-castracao-gratuita-de-caes-e-gatos.png","width":1200,"height":628,"caption":"Cr\u00e9dito: Divulga\u00e7\u00e3o"},{"@type":"WebSite","@id":"https:\/\/redenoticiaz.com.br\/ribeiraopreto-regiao\/#website","url":"https:\/\/redenoticiaz.com.br\/ribeiraopreto-regiao\/","name":"Ribeir\u00e3o Preto e Regi\u00e3o","description":"Rede NoticiaZ - Ribeir\u00e3o Preto e regi\u00e3o","publisher":{"@id":"https:\/\/redenoticiaz.com.br\/ribeiraopreto-regiao\/#organization"},"potentialAction":[{"@type":"SearchAction","target":{"@type":"EntryPoint","urlTemplate":"https:\/\/redenoticiaz.com.br\/ribeiraopreto-regiao\/?s={search_term_string}"},"query-input":{"@type":"PropertyValueSpecification","valueRequired":true,"valueName":"search_term_string"}}],"inLanguage":"pt-BR"},{"@type":"Organization","@id":"https:\/\/redenoticiaz.com.br\/ribeiraopreto-regiao\/#organization","name":"Ribeir\u00e3o Preto e Regi\u00e3o","url":"https:\/\/redenoticiaz.com.br\/ribeiraopreto-regiao\/","logo":{"@type":"ImageObject","inLanguage":"pt-BR","@id":"https:\/\/redenoticiaz.com.br\/ribeiraopreto-regiao\/#\/schema\/logo\/image\/","url":"https:\/\/redenoticiaz.com.br\/barretos-regiao\/wp-content\/uploads\/sites\/4\/2022\/02\/logo.jpg","contentUrl":"https:\/\/redenoticiaz.com.br\/barretos-regiao\/wp-content\/uploads\/sites\/4\/2022\/02\/logo.jpg","width":400,"height":250,"caption":"Ribeir\u00e3o Preto e Regi\u00e3o"},"image":{"@id":"https:\/\/redenoticiaz.com.br\/ribeiraopreto-regiao\/#\/schema\/logo\/image\/"},"sameAs":["https:\/\/m.facebook.com\/redenoticiaz.barretos","https:\/\/x.com\/RN_barretos","https:\/\/www.instagram.com\/redenoticiaz.barretos\/?igshid=YmMyMTA2M2Y","https:\/\/www.linkedin.com\/company\/rede-noticiaz-barretos-e-regio\/"]},{"@type":"Person","@id":"","url":"https:\/\/redenoticiaz.com.br\/ribeiraopreto-regiao\/sp\/author"}]}},"_links":{"self":[{"href":"https:\/\/redenoticiaz.com.br\/ribeiraopreto-regiao\/wp-json\/wp\/v2\/posts\/98043","targetHints":{"allow":["GET"]}}],"collection":[{"href":"https:\/\/redenoticiaz.com.br\/ribeiraopreto-regiao\/wp-json\/wp\/v2\/posts"}],"about":[{"href":"https:\/\/redenoticiaz.com.br\/ribeiraopreto-regiao\/wp-json\/wp\/v2\/types\/post"}],"author":[{"embeddable":true,"href":"https:\/\/redenoticiaz.com.br\/ribeiraopreto-regiao\/wp-json\/wp\/v2\/users\/15"}],"replies":[{"embeddable":true,"href":"https:\/\/redenoticiaz.com.br\/ribeiraopreto-regiao\/wp-json\/wp\/v2\/comments?post=98043"}],"version-history":[{"count":1,"href":"https:\/\/redenoticiaz.com.br\/ribeiraopreto-regiao\/wp-json\/wp\/v2\/posts\/98043\/revisions"}],"predecessor-version":[{"id":98045,"href":"https:\/\/redenoticiaz.com.br\/ribeiraopreto-regiao\/wp-json\/wp\/v2\/posts\/98043\/revisions\/98045"}],"wp:featuredmedia":[{"embeddable":true,"href":"https:\/\/redenoticiaz.com.br\/ribeiraopreto-regiao\/wp-json\/wp\/v2\/media\/98044"}],"wp:attachment":[{"href":"https:\/\/redenoticiaz.com.br\/ribeiraopreto-regiao\/wp-json\/wp\/v2\/media?parent=98043"}],"wp:term":[{"taxonomy":"category","embeddable":true,"href":"https:\/\/redenoticiaz.com.br\/ribeiraopreto-regiao\/wp-json\/wp\/v2\/categories?post=98043"},{"taxonomy":"post_tag","embeddable":true,"href":"https:\/\/redenoticiaz.com.br\/ribeiraopreto-regiao\/wp-json\/wp\/v2\/tags?post=98043"}],"curies":[{"name":"wp","href":"https:\/\/api.w.org\/{rel}","templated":true}]}}