{"id":98206,"date":"2023-01-09T09:50:11","date_gmt":"2023-01-09T12:50:11","guid":{"rendered":"https:\/\/redenoticiaz.com.br\/barretos-regiao\/sp\/2023\/01\/09\/ex-presidente-bolsonaro-se-manifesta-sobre-os-atos-antidemocraticos-e-pode-deixar-os-eua"},"modified":"2023-01-09T09:50:11","modified_gmt":"2023-01-09T12:50:11","slug":"ex-presidente-bolsonaro-se-manifesta-sobre-os-atos-antidemocraticos-e-pode-deixar-os-eua","status":"publish","type":"post","link":"https:\/\/redenoticiaz.com.br\/ribeiraopreto-regiao\/sp\/2023\/01\/09\/ex-presidente-bolsonaro-se-manifesta-sobre-os-atos-antidemocraticos-e-pode-deixar-os-eua","title":{"rendered":"Ex-presidente Bolsonaro se manifesta sobre os atos antidemocr\u00e1ticos e pode deixar os EUA"},"content":{"rendered":"<p>Ap\u00f3s um tempo em sil\u00eancio, o ex-presidente Jair Bolsonaro (PL) enfim se manifestou pela primeira vez ao p\u00fablico sobre as <strong>manifesta\u00e7\u00f5es antidemocr\u00e1ticas<\/strong> que depredaram o Pal\u00e1cio do Planalto, em Bras\u00edlia nesse domingo (8). Para ele, os atos &#8220;fogem \u00e0 regra da democracia&#8221; e lamentou sobre o ato. No entanto, a vida dele nos Estados Unidos, onde est\u00e1 de f\u00e9rias, est\u00e1 com os dias contados.<\/p>\n<p>Por meio das redes sociais, Bolsonaro escreveu sobre o caso., mas sem deixar de dar uma alfinetada nos governo do PT. &#8220;Manifesta\u00e7\u00f5es pac\u00edficas, na forma da lei, fazem parte da democracia. Contudo, depreda\u00e7\u00f5es e invas\u00f5es de pr\u00e9dios p\u00fablicos, como ocorridos no dia de hoje, assim como os praticados pela esquerda em 2013 e 2017, fogem \u00e0 regra&#8221;.<\/p>\n<p>&#8220;Ao longo do meu mandato, sempre estive dentro das quatro linhas da Constitui\u00e7\u00e3o, respeitando e defendendo as leis, a democracia, a transpar\u00eancia e a nossa sagrada liberdade&#8221;.<\/p>\n<p>Bolsonaro virou alvo de cr\u00edticas do presidente Luiz In\u00e1cio Lula da Silva (PT), por incitar a viol\u00eancia e as manifesta\u00e7\u00f5es antidemocr\u00e1ticas. O ex-presidente respondeu. &#8220;Repudio as acusa\u00e7\u00f5es em provas a mim atribu\u00eddas por parte do atual chefe do executivo do Brasil&#8221;.<\/p>\n<h3>Bolsonaro nos Estados Unidos<\/h3>\n<p>Desde os \u00faltimos dias de 2022, Jair Bolsonaro e a fam\u00edlia est\u00e3o em Fl\u00f3rida, nos Estados Unidos passando f\u00e9rias. No entanto, ap\u00f3s o epis\u00f3dio de domingo (8), com as manifesta\u00e7\u00f5es ocorridas em Bras\u00edlia, que destru\u00edram o Pal\u00e1cio da Alvorada, j\u00e1 est\u00e3o sendo feitos os pedidos para que ele deixe o pa\u00eds.<\/p>\n<p class=\"content-text__container \" data-track-category=\"Link no Texto\" data-track-links=\"\">Ao menos cinco congressistas americanos defenderam a extradi\u00e7\u00e3o de Bolsonaro. Um processo de extradi\u00e7\u00e3o \u00e9 a entrega de uma pessoa investigada, processada ou condenada ap\u00f3s um pedido formal para o pa\u00eds em que ela se encontra. Um pedido de extradi\u00e7\u00e3o de um brasileiro no exterior pode ser feito pelo Minist\u00e9rio P\u00fablico, que instaura o procedimento para ser analisado junto ao Poder Executivo e \u00e0s autoridades estrangeiras.<\/p>\n<h3 data-track-category=\"Link no Texto\">Pol\u00edticos americanos<\/h3>\n<div id=\"chunk-d0a6a\">\n<div class=\"mc-column content-text active-extra-styles \" data-block-type=\"unstyled\" data-block-weight=\"23\" data-block-id=\"11\">\n<p class=\"content-text__container \" data-track-category=\"Link no Texto\" data-track-links=\"\">Joaquin Castro, deputado democrata pelo Texas, disse que terroristas dom\u00e9sticos e fascistas n\u00e3o podem usar a cartilha de Trump para minar a democracia&#8221;. &#8220;Bolsonaro n\u00e3o deve se refugiar na Fl\u00f3rida, onde est\u00e1 se escondendo da responsabilidade por seus crimes&#8221;, afirmou.<\/p>\n<\/div>\n<\/div>\n<div data-block-type=\"raw\" data-block-weight=\"17\" data-block-id=\"12\">\n<div id=\"chunk-7272f\">\n<div class=\"mc-column content-text active-extra-styles \" data-block-type=\"unstyled\" data-block-weight=\"20\" data-block-id=\"15\">\n<p class=\"content-text__container \" data-track-category=\"Link no Texto\" data-track-links=\"\">Alexandria Ocasio-Cortez, deputada democrata por Nova York, disse que &#8220;os EUA devem parar de conceder ref\u00fagio a Bolsonaro na Fl\u00f3rida&#8221;.<\/p>\n<\/div>\n<\/div>\n<div id=\"chunk-b9bq3\">\n<div class=\"mc-column content-text active-extra-styles \" data-block-type=\"unstyled\" data-block-weight=\"35\" data-block-id=\"16\">\n<p class=\"content-text__container \" data-track-category=\"Link no Texto\" data-track-links=\"\">&#8220;Quase dois anos depois que o Capit\u00f3lio dos EUA foi atacado por fascistas, vemos movimentos fascistas no exterior tentando fazer o mesmo no Brasil. Devemos ser solid\u00e1rios com o governo democraticamente eleito de Lula&#8221;, escreveu.<\/p>\n<p data-track-category=\"Link no Texto\" data-track-links=\"\">Anna Eskamani, deputada democrata pela Fl\u00f3rida, questionou o governador de seu estado. &#8220;Ron de Santis, por que voc\u00ea est\u00e1 dando ref\u00fagio para Jair Bolsonaro na Fl\u00f3rida? \u00c9 porque voc\u00ea apoia os regimes fascistas de extrema direita que invadem capit\u00f3lios?&#8221;<\/p>\n<div id=\"chunk-8k27d\">\n<div class=\"mc-column content-text active-extra-styles \" data-block-type=\"unstyled\" data-block-weight=\"25\" data-block-id=\"21\">\n<p class=\"content-text__container \" data-track-category=\"Link no Texto\" data-track-links=\"\">Mark Takano, deputado democrata pela Calif\u00f3rnia, disse que os EUA e as pessoas democr\u00e1ticas em todo os lugares devem apoiar os resultados da elei\u00e7\u00e3o brasileira.<\/p>\n<\/div>\n<\/div>\n<div id=\"chunk-4mn8o\">\n<div class=\"mc-column content-text active-extra-styles \" data-block-type=\"unstyled\" data-block-weight=\"32\" data-block-id=\"22\">\n<p class=\"content-text__container \" data-track-category=\"Link no Texto\" data-track-links=\"\">&#8220;A viol\u00eancia antidemocr\u00e1tica no Brasil hoje \u00e9 um lembrete preocupante dos perigosos movimentos fascistas que crescem em todo o mundo. Jair Bolsonaro n\u00e3o deveria ter permiss\u00e3o para se refugiar nos EUA&#8221;, afirmou.<\/p>\n<p data-track-category=\"Link no Texto\" data-track-links=\"\">Ilhan Omar, deputada por Minnesota, prestou solidariedade a Lula e aos brasileiros. &#8220;As democracias de todo o mundo devem permanecer unidas para condenar este ataque \u00e0 democracia. Bolsonaro n\u00e3o deveria se refugiar na Fl\u00f3rida&#8221;, disse.<\/p>\n<p data-track-category=\"Link no Texto\" data-track-links=\"\"><strong>LEIA TAMB\u00c9M<\/strong><\/p>\n<p data-track-category=\"Link no Texto\" data-track-links=\"\"><a href=\"https:\/\/redenoticiaz.com.br\/litoralsp\/2023\/01\/09\/brasilia-tem-seguranca-reforcada-apos-atos-antidemocraticos\">Bras\u00edlia tem seguran\u00e7a refor\u00e7ada ap\u00f3s atos antidemocr\u00e1ticos<\/a><\/p>\n<\/div>\n<\/div>\n<\/div>\n<\/div>\n<\/div>\n","protected":false},"excerpt":{"rendered":"<p>Ap\u00f3s um tempo em sil\u00eancio, o ex-presidente Jair Bolsonaro (PL) enfim se manifestou pela primeira vez ao p\u00fablico sobre as manifesta\u00e7\u00f5es antidemocr\u00e1ticas que depredaram o Pal\u00e1cio do Planalto, em Bras\u00edlia nesse domingo (8). Para ele, os atos &#8220;fogem \u00e0 regra da democracia&#8221; e lamentou sobre o ato. No entanto, a vida dele nos Estados Unidos, &hellip;<\/p>\n","protected":false},"author":6,"featured_media":98207,"comment_status":"open","ping_status":"closed","sticky":false,"template":"","format":"standard","meta":{"footnotes":""},"categories":[186],"tags":[193,19123,365,23625,21738],"class_list":["post-98206","post","type-post","status-publish","format-standard","has-post-thumbnail","hentry","category-politica","tag-estados-unidos","tag-florida","tag-jair-bolsonaro","tag-manifestacoes-antidemocraticas","tag-pedido-de-extradicao"],"yoast_head":"<!-- This site is optimized with the Yoast SEO plugin v27.4 - https:\/\/yoast.com\/product\/yoast-seo-wordpress\/ -->\n<title>Ex-presidente Bolsonaro se manifesta sobre os atos antidemocr\u00e1ticos e pode deixar os EUA - Ribeir\u00e3o Preto e Regi\u00e3o<\/title>\n<meta name=\"description\" content=\"Ap\u00f3s um tempo em sil\u00eancio, o ex-presidente Jair Bolsonaro (PL) enfim se manifestou pela primeira vez ao p\u00fablico sobre as manifesta\u00e7\u00f5es\" \/>\n<meta name=\"robots\" content=\"index, follow, max-snippet:-1, max-image-preview:large, max-video-preview:-1\" \/>\n<link rel=\"canonical\" href=\"https:\/\/redenoticiaz.com.br\/ribeiraopreto-regiao\/sp\/2023\/01\/09\/ex-presidente-bolsonaro-se-manifesta-sobre-os-atos-antidemocraticos-e-pode-deixar-os-eua\" \/>\n<meta property=\"og:locale\" content=\"pt_BR\" \/>\n<meta property=\"og:type\" content=\"article\" \/>\n<meta property=\"og:title\" content=\"Ex-presidente Bolsonaro se manifesta sobre os atos antidemocr\u00e1ticos e pode deixar os EUA - Ribeir\u00e3o Preto e Regi\u00e3o\" \/>\n<meta property=\"og:description\" content=\"Ap\u00f3s um tempo em sil\u00eancio, o ex-presidente Jair Bolsonaro (PL) enfim se manifestou pela primeira vez ao p\u00fablico sobre as manifesta\u00e7\u00f5es\" \/>\n<meta property=\"og:url\" content=\"https:\/\/redenoticiaz.com.br\/ribeiraopreto-regiao\/sp\/2023\/01\/09\/ex-presidente-bolsonaro-se-manifesta-sobre-os-atos-antidemocraticos-e-pode-deixar-os-eua\" \/>\n<meta property=\"og:site_name\" content=\"Ribeir\u00e3o Preto e Regi\u00e3o\" \/>\n<meta property=\"article:publisher\" content=\"https:\/\/m.facebook.com\/redenoticiaz.barretos\" \/>\n<meta property=\"article:published_time\" content=\"2023-01-09T12:50:11+00:00\" \/>\n<meta property=\"og:image\" content=\"https:\/\/redenoticiaz.com.br\/ribeiraopreto-regiao\/wp-content\/uploads\/sites\/4\/2022\/02\/logo.jpg\" \/>\n\t<meta property=\"og:image:width\" content=\"400\" \/>\n\t<meta property=\"og:image:height\" content=\"250\" \/>\n\t<meta property=\"og:image:type\" content=\"image\/jpeg\" \/>\n<meta name=\"author\" content=\"Leonardo Francisco\" \/>\n<meta name=\"twitter:card\" content=\"summary_large_image\" \/>\n<meta name=\"twitter:creator\" content=\"@RN_barretos\" \/>\n<meta name=\"twitter:site\" content=\"@RN_barretos\" \/>\n<meta name=\"twitter:label1\" content=\"Escrito por\" \/>\n\t<meta name=\"twitter:data1\" content=\"Leonardo Francisco\" \/>\n\t<meta name=\"twitter:label2\" content=\"Est. tempo de leitura\" \/>\n\t<meta name=\"twitter:data2\" content=\"4 minutos\" \/>\n<script type=\"application\/ld+json\" class=\"yoast-schema-graph\">{\"@context\":\"https:\\\/\\\/schema.org\",\"@graph\":[{\"@type\":\"Article\",\"@id\":\"https:\\\/\\\/redenoticiaz.com.br\\\/ribeiraopreto-regiao\\\/sp\\\/2023\\\/01\\\/09\\\/ex-presidente-bolsonaro-se-manifesta-sobre-os-atos-antidemocraticos-e-pode-deixar-os-eua#article\",\"isPartOf\":{\"@id\":\"https:\\\/\\\/redenoticiaz.com.br\\\/ribeiraopreto-regiao\\\/sp\\\/2023\\\/01\\\/09\\\/ex-presidente-bolsonaro-se-manifesta-sobre-os-atos-antidemocraticos-e-pode-deixar-os-eua\"},\"author\":{\"name\":\"Leonardo Francisco\",\"@id\":\"https:\\\/\\\/redenoticiaz.com.br\\\/ribeiraopreto-regiao\\\/#\\\/schema\\\/person\\\/0f0b8a5bdafefe82841e07ae8d81ecb3\"},\"headline\":\"Ex-presidente Bolsonaro se manifesta sobre os atos antidemocr\u00e1ticos e pode deixar os EUA\",\"datePublished\":\"2023-01-09T12:50:11+00:00\",\"mainEntityOfPage\":{\"@id\":\"https:\\\/\\\/redenoticiaz.com.br\\\/ribeiraopreto-regiao\\\/sp\\\/2023\\\/01\\\/09\\\/ex-presidente-bolsonaro-se-manifesta-sobre-os-atos-antidemocraticos-e-pode-deixar-os-eua\"},\"wordCount\":620,\"commentCount\":0,\"publisher\":{\"@id\":\"https:\\\/\\\/redenoticiaz.com.br\\\/ribeiraopreto-regiao\\\/#organization\"},\"image\":{\"@id\":\"https:\\\/\\\/redenoticiaz.com.br\\\/ribeiraopreto-regiao\\\/sp\\\/2023\\\/01\\\/09\\\/ex-presidente-bolsonaro-se-manifesta-sobre-os-atos-antidemocraticos-e-pode-deixar-os-eua#primaryimage\"},\"thumbnailUrl\":\"https:\\\/\\\/redenoticiaz.com.br\\\/ribeiraopreto-regiao\\\/wp-content\\\/uploads\\\/sites\\\/4\\\/2023\\\/01\\\/BOLSONARO-EUA.jpg\",\"keywords\":[\"Estados Unidos\",\"FLORIDA\",\"Jair Bolsonaro\",\"MANIFESTA\u00c7\u00d5ES ANTIDEMOCR\u00c1TICAS\",\"PEDIDO DE EXTRADI\u00c7\u00c3O\"],\"articleSection\":[\"Pol\u00edtica\"],\"inLanguage\":\"pt-BR\",\"potentialAction\":[{\"@type\":\"CommentAction\",\"name\":\"Comment\",\"target\":[\"https:\\\/\\\/redenoticiaz.com.br\\\/ribeiraopreto-regiao\\\/sp\\\/2023\\\/01\\\/09\\\/ex-presidente-bolsonaro-se-manifesta-sobre-os-atos-antidemocraticos-e-pode-deixar-os-eua#respond\"]}]},{\"@type\":\"WebPage\",\"@id\":\"https:\\\/\\\/redenoticiaz.com.br\\\/ribeiraopreto-regiao\\\/sp\\\/2023\\\/01\\\/09\\\/ex-presidente-bolsonaro-se-manifesta-sobre-os-atos-antidemocraticos-e-pode-deixar-os-eua\",\"url\":\"https:\\\/\\\/redenoticiaz.com.br\\\/ribeiraopreto-regiao\\\/sp\\\/2023\\\/01\\\/09\\\/ex-presidente-bolsonaro-se-manifesta-sobre-os-atos-antidemocraticos-e-pode-deixar-os-eua\",\"name\":\"Ex-presidente Bolsonaro se manifesta sobre os atos antidemocr\u00e1ticos e pode deixar os EUA - Ribeir\u00e3o Preto e Regi\u00e3o\",\"isPartOf\":{\"@id\":\"https:\\\/\\\/redenoticiaz.com.br\\\/ribeiraopreto-regiao\\\/#website\"},\"primaryImageOfPage\":{\"@id\":\"https:\\\/\\\/redenoticiaz.com.br\\\/ribeiraopreto-regiao\\\/sp\\\/2023\\\/01\\\/09\\\/ex-presidente-bolsonaro-se-manifesta-sobre-os-atos-antidemocraticos-e-pode-deixar-os-eua#primaryimage\"},\"image\":{\"@id\":\"https:\\\/\\\/redenoticiaz.com.br\\\/ribeiraopreto-regiao\\\/sp\\\/2023\\\/01\\\/09\\\/ex-presidente-bolsonaro-se-manifesta-sobre-os-atos-antidemocraticos-e-pode-deixar-os-eua#primaryimage\"},\"thumbnailUrl\":\"https:\\\/\\\/redenoticiaz.com.br\\\/ribeiraopreto-regiao\\\/wp-content\\\/uploads\\\/sites\\\/4\\\/2023\\\/01\\\/BOLSONARO-EUA.jpg\",\"datePublished\":\"2023-01-09T12:50:11+00:00\",\"description\":\"Ap\u00f3s um tempo em sil\u00eancio, o ex-presidente Jair Bolsonaro (PL) enfim se manifestou pela primeira vez ao p\u00fablico sobre as manifesta\u00e7\u00f5es\",\"inLanguage\":\"pt-BR\",\"potentialAction\":[{\"@type\":\"ReadAction\",\"target\":[\"https:\\\/\\\/redenoticiaz.com.br\\\/ribeiraopreto-regiao\\\/sp\\\/2023\\\/01\\\/09\\\/ex-presidente-bolsonaro-se-manifesta-sobre-os-atos-antidemocraticos-e-pode-deixar-os-eua\"]}]},{\"@type\":\"ImageObject\",\"inLanguage\":\"pt-BR\",\"@id\":\"https:\\\/\\\/redenoticiaz.com.br\\\/ribeiraopreto-regiao\\\/sp\\\/2023\\\/01\\\/09\\\/ex-presidente-bolsonaro-se-manifesta-sobre-os-atos-antidemocraticos-e-pode-deixar-os-eua#primaryimage\",\"url\":\"https:\\\/\\\/redenoticiaz.com.br\\\/ribeiraopreto-regiao\\\/wp-content\\\/uploads\\\/sites\\\/4\\\/2023\\\/01\\\/BOLSONARO-EUA.jpg\",\"contentUrl\":\"https:\\\/\\\/redenoticiaz.com.br\\\/ribeiraopreto-regiao\\\/wp-content\\\/uploads\\\/sites\\\/4\\\/2023\\\/01\\\/BOLSONARO-EUA.jpg\",\"width\":496,\"height\":361,\"caption\":\"Ex-presidente est\u00e1 em uma mans\u00e3o na Fl\u00f3rida desde o dia 31 de dezembro. Cr\u00e9ditos: Reprodu\u00e7\u00e3o\"},{\"@type\":\"WebSite\",\"@id\":\"https:\\\/\\\/redenoticiaz.com.br\\\/ribeiraopreto-regiao\\\/#website\",\"url\":\"https:\\\/\\\/redenoticiaz.com.br\\\/ribeiraopreto-regiao\\\/\",\"name\":\"Ribeir\u00e3o Preto e Regi\u00e3o\",\"description\":\"Rede NoticiaZ - Ribeir\u00e3o Preto e regi\u00e3o\",\"publisher\":{\"@id\":\"https:\\\/\\\/redenoticiaz.com.br\\\/ribeiraopreto-regiao\\\/#organization\"},\"potentialAction\":[{\"@type\":\"SearchAction\",\"target\":{\"@type\":\"EntryPoint\",\"urlTemplate\":\"https:\\\/\\\/redenoticiaz.com.br\\\/ribeiraopreto-regiao\\\/?s={search_term_string}\"},\"query-input\":{\"@type\":\"PropertyValueSpecification\",\"valueRequired\":true,\"valueName\":\"search_term_string\"}}],\"inLanguage\":\"pt-BR\"},{\"@type\":\"Organization\",\"@id\":\"https:\\\/\\\/redenoticiaz.com.br\\\/ribeiraopreto-regiao\\\/#organization\",\"name\":\"Ribeir\u00e3o Preto e Regi\u00e3o\",\"url\":\"https:\\\/\\\/redenoticiaz.com.br\\\/ribeiraopreto-regiao\\\/\",\"logo\":{\"@type\":\"ImageObject\",\"inLanguage\":\"pt-BR\",\"@id\":\"https:\\\/\\\/redenoticiaz.com.br\\\/ribeiraopreto-regiao\\\/#\\\/schema\\\/logo\\\/image\\\/\",\"url\":\"https:\\\/\\\/redenoticiaz.com.br\\\/barretos-regiao\\\/wp-content\\\/uploads\\\/sites\\\/4\\\/2022\\\/02\\\/logo.jpg\",\"contentUrl\":\"https:\\\/\\\/redenoticiaz.com.br\\\/barretos-regiao\\\/wp-content\\\/uploads\\\/sites\\\/4\\\/2022\\\/02\\\/logo.jpg\",\"width\":400,\"height\":250,\"caption\":\"Ribeir\u00e3o Preto e Regi\u00e3o\"},\"image\":{\"@id\":\"https:\\\/\\\/redenoticiaz.com.br\\\/ribeiraopreto-regiao\\\/#\\\/schema\\\/logo\\\/image\\\/\"},\"sameAs\":[\"https:\\\/\\\/m.facebook.com\\\/redenoticiaz.barretos\",\"https:\\\/\\\/x.com\\\/RN_barretos\",\"https:\\\/\\\/www.instagram.com\\\/redenoticiaz.barretos\\\/?igshid=YmMyMTA2M2Y\",\"https:\\\/\\\/www.linkedin.com\\\/company\\\/rede-noticiaz-barretos-e-regio\\\/\"]},{\"@type\":\"Person\",\"@id\":\"https:\\\/\\\/redenoticiaz.com.br\\\/ribeiraopreto-regiao\\\/#\\\/schema\\\/person\\\/0f0b8a5bdafefe82841e07ae8d81ecb3\",\"name\":\"Leonardo Francisco\",\"image\":{\"@type\":\"ImageObject\",\"inLanguage\":\"pt-BR\",\"@id\":\"https:\\\/\\\/secure.gravatar.com\\\/avatar\\\/a7358cb406a99b682ec6df1e77e31ae82e63601f6784e8a3df411d72b37864da?s=96&d=mm&r=g\",\"url\":\"https:\\\/\\\/secure.gravatar.com\\\/avatar\\\/a7358cb406a99b682ec6df1e77e31ae82e63601f6784e8a3df411d72b37864da?s=96&d=mm&r=g\",\"contentUrl\":\"https:\\\/\\\/secure.gravatar.com\\\/avatar\\\/a7358cb406a99b682ec6df1e77e31ae82e63601f6784e8a3df411d72b37864da?s=96&d=mm&r=g\",\"caption\":\"Leonardo Francisco\"},\"url\":\"https:\\\/\\\/redenoticiaz.com.br\\\/ribeiraopreto-regiao\\\/sp\\\/author\\\/leonardo-francisco\"}]}<\/script>\n<!-- \/ Yoast SEO plugin. -->","yoast_head_json":{"title":"Ex-presidente Bolsonaro se manifesta sobre os atos antidemocr\u00e1ticos e pode deixar os EUA - Ribeir\u00e3o Preto e Regi\u00e3o","description":"Ap\u00f3s um tempo em sil\u00eancio, o ex-presidente Jair Bolsonaro (PL) enfim se manifestou pela primeira vez ao p\u00fablico sobre as manifesta\u00e7\u00f5es","robots":{"index":"index","follow":"follow","max-snippet":"max-snippet:-1","max-image-preview":"max-image-preview:large","max-video-preview":"max-video-preview:-1"},"canonical":"https:\/\/redenoticiaz.com.br\/ribeiraopreto-regiao\/sp\/2023\/01\/09\/ex-presidente-bolsonaro-se-manifesta-sobre-os-atos-antidemocraticos-e-pode-deixar-os-eua","og_locale":"pt_BR","og_type":"article","og_title":"Ex-presidente Bolsonaro se manifesta sobre os atos antidemocr\u00e1ticos e pode deixar os EUA - Ribeir\u00e3o Preto e Regi\u00e3o","og_description":"Ap\u00f3s um tempo em sil\u00eancio, o ex-presidente Jair Bolsonaro (PL) enfim se manifestou pela primeira vez ao p\u00fablico sobre as manifesta\u00e7\u00f5es","og_url":"https:\/\/redenoticiaz.com.br\/ribeiraopreto-regiao\/sp\/2023\/01\/09\/ex-presidente-bolsonaro-se-manifesta-sobre-os-atos-antidemocraticos-e-pode-deixar-os-eua","og_site_name":"Ribeir\u00e3o Preto e Regi\u00e3o","article_publisher":"https:\/\/m.facebook.com\/redenoticiaz.barretos","article_published_time":"2023-01-09T12:50:11+00:00","og_image":[{"width":400,"height":250,"url":"https:\/\/redenoticiaz.com.br\/ribeiraopreto-regiao\/wp-content\/uploads\/sites\/4\/2022\/02\/logo.jpg","type":"image\/jpeg"}],"author":"Leonardo Francisco","twitter_card":"summary_large_image","twitter_creator":"@RN_barretos","twitter_site":"@RN_barretos","twitter_misc":{"Escrito por":"Leonardo Francisco","Est. tempo de leitura":"4 minutos"},"schema":{"@context":"https:\/\/schema.org","@graph":[{"@type":"Article","@id":"https:\/\/redenoticiaz.com.br\/ribeiraopreto-regiao\/sp\/2023\/01\/09\/ex-presidente-bolsonaro-se-manifesta-sobre-os-atos-antidemocraticos-e-pode-deixar-os-eua#article","isPartOf":{"@id":"https:\/\/redenoticiaz.com.br\/ribeiraopreto-regiao\/sp\/2023\/01\/09\/ex-presidente-bolsonaro-se-manifesta-sobre-os-atos-antidemocraticos-e-pode-deixar-os-eua"},"author":{"name":"Leonardo Francisco","@id":"https:\/\/redenoticiaz.com.br\/ribeiraopreto-regiao\/#\/schema\/person\/0f0b8a5bdafefe82841e07ae8d81ecb3"},"headline":"Ex-presidente Bolsonaro se manifesta sobre os atos antidemocr\u00e1ticos e pode deixar os EUA","datePublished":"2023-01-09T12:50:11+00:00","mainEntityOfPage":{"@id":"https:\/\/redenoticiaz.com.br\/ribeiraopreto-regiao\/sp\/2023\/01\/09\/ex-presidente-bolsonaro-se-manifesta-sobre-os-atos-antidemocraticos-e-pode-deixar-os-eua"},"wordCount":620,"commentCount":0,"publisher":{"@id":"https:\/\/redenoticiaz.com.br\/ribeiraopreto-regiao\/#organization"},"image":{"@id":"https:\/\/redenoticiaz.com.br\/ribeiraopreto-regiao\/sp\/2023\/01\/09\/ex-presidente-bolsonaro-se-manifesta-sobre-os-atos-antidemocraticos-e-pode-deixar-os-eua#primaryimage"},"thumbnailUrl":"https:\/\/redenoticiaz.com.br\/ribeiraopreto-regiao\/wp-content\/uploads\/sites\/4\/2023\/01\/BOLSONARO-EUA.jpg","keywords":["Estados Unidos","FLORIDA","Jair Bolsonaro","MANIFESTA\u00c7\u00d5ES ANTIDEMOCR\u00c1TICAS","PEDIDO DE EXTRADI\u00c7\u00c3O"],"articleSection":["Pol\u00edtica"],"inLanguage":"pt-BR","potentialAction":[{"@type":"CommentAction","name":"Comment","target":["https:\/\/redenoticiaz.com.br\/ribeiraopreto-regiao\/sp\/2023\/01\/09\/ex-presidente-bolsonaro-se-manifesta-sobre-os-atos-antidemocraticos-e-pode-deixar-os-eua#respond"]}]},{"@type":"WebPage","@id":"https:\/\/redenoticiaz.com.br\/ribeiraopreto-regiao\/sp\/2023\/01\/09\/ex-presidente-bolsonaro-se-manifesta-sobre-os-atos-antidemocraticos-e-pode-deixar-os-eua","url":"https:\/\/redenoticiaz.com.br\/ribeiraopreto-regiao\/sp\/2023\/01\/09\/ex-presidente-bolsonaro-se-manifesta-sobre-os-atos-antidemocraticos-e-pode-deixar-os-eua","name":"Ex-presidente Bolsonaro se manifesta sobre os atos antidemocr\u00e1ticos e pode deixar os EUA - Ribeir\u00e3o Preto e Regi\u00e3o","isPartOf":{"@id":"https:\/\/redenoticiaz.com.br\/ribeiraopreto-regiao\/#website"},"primaryImageOfPage":{"@id":"https:\/\/redenoticiaz.com.br\/ribeiraopreto-regiao\/sp\/2023\/01\/09\/ex-presidente-bolsonaro-se-manifesta-sobre-os-atos-antidemocraticos-e-pode-deixar-os-eua#primaryimage"},"image":{"@id":"https:\/\/redenoticiaz.com.br\/ribeiraopreto-regiao\/sp\/2023\/01\/09\/ex-presidente-bolsonaro-se-manifesta-sobre-os-atos-antidemocraticos-e-pode-deixar-os-eua#primaryimage"},"thumbnailUrl":"https:\/\/redenoticiaz.com.br\/ribeiraopreto-regiao\/wp-content\/uploads\/sites\/4\/2023\/01\/BOLSONARO-EUA.jpg","datePublished":"2023-01-09T12:50:11+00:00","description":"Ap\u00f3s um tempo em sil\u00eancio, o ex-presidente Jair Bolsonaro (PL) enfim se manifestou pela primeira vez ao p\u00fablico sobre as manifesta\u00e7\u00f5es","inLanguage":"pt-BR","potentialAction":[{"@type":"ReadAction","target":["https:\/\/redenoticiaz.com.br\/ribeiraopreto-regiao\/sp\/2023\/01\/09\/ex-presidente-bolsonaro-se-manifesta-sobre-os-atos-antidemocraticos-e-pode-deixar-os-eua"]}]},{"@type":"ImageObject","inLanguage":"pt-BR","@id":"https:\/\/redenoticiaz.com.br\/ribeiraopreto-regiao\/sp\/2023\/01\/09\/ex-presidente-bolsonaro-se-manifesta-sobre-os-atos-antidemocraticos-e-pode-deixar-os-eua#primaryimage","url":"https:\/\/redenoticiaz.com.br\/ribeiraopreto-regiao\/wp-content\/uploads\/sites\/4\/2023\/01\/BOLSONARO-EUA.jpg","contentUrl":"https:\/\/redenoticiaz.com.br\/ribeiraopreto-regiao\/wp-content\/uploads\/sites\/4\/2023\/01\/BOLSONARO-EUA.jpg","width":496,"height":361,"caption":"Ex-presidente est\u00e1 em uma mans\u00e3o na Fl\u00f3rida desde o dia 31 de dezembro. Cr\u00e9ditos: Reprodu\u00e7\u00e3o"},{"@type":"WebSite","@id":"https:\/\/redenoticiaz.com.br\/ribeiraopreto-regiao\/#website","url":"https:\/\/redenoticiaz.com.br\/ribeiraopreto-regiao\/","name":"Ribeir\u00e3o Preto e Regi\u00e3o","description":"Rede NoticiaZ - Ribeir\u00e3o Preto e regi\u00e3o","publisher":{"@id":"https:\/\/redenoticiaz.com.br\/ribeiraopreto-regiao\/#organization"},"potentialAction":[{"@type":"SearchAction","target":{"@type":"EntryPoint","urlTemplate":"https:\/\/redenoticiaz.com.br\/ribeiraopreto-regiao\/?s={search_term_string}"},"query-input":{"@type":"PropertyValueSpecification","valueRequired":true,"valueName":"search_term_string"}}],"inLanguage":"pt-BR"},{"@type":"Organization","@id":"https:\/\/redenoticiaz.com.br\/ribeiraopreto-regiao\/#organization","name":"Ribeir\u00e3o Preto e Regi\u00e3o","url":"https:\/\/redenoticiaz.com.br\/ribeiraopreto-regiao\/","logo":{"@type":"ImageObject","inLanguage":"pt-BR","@id":"https:\/\/redenoticiaz.com.br\/ribeiraopreto-regiao\/#\/schema\/logo\/image\/","url":"https:\/\/redenoticiaz.com.br\/barretos-regiao\/wp-content\/uploads\/sites\/4\/2022\/02\/logo.jpg","contentUrl":"https:\/\/redenoticiaz.com.br\/barretos-regiao\/wp-content\/uploads\/sites\/4\/2022\/02\/logo.jpg","width":400,"height":250,"caption":"Ribeir\u00e3o Preto e Regi\u00e3o"},"image":{"@id":"https:\/\/redenoticiaz.com.br\/ribeiraopreto-regiao\/#\/schema\/logo\/image\/"},"sameAs":["https:\/\/m.facebook.com\/redenoticiaz.barretos","https:\/\/x.com\/RN_barretos","https:\/\/www.instagram.com\/redenoticiaz.barretos\/?igshid=YmMyMTA2M2Y","https:\/\/www.linkedin.com\/company\/rede-noticiaz-barretos-e-regio\/"]},{"@type":"Person","@id":"https:\/\/redenoticiaz.com.br\/ribeiraopreto-regiao\/#\/schema\/person\/0f0b8a5bdafefe82841e07ae8d81ecb3","name":"Leonardo Francisco","image":{"@type":"ImageObject","inLanguage":"pt-BR","@id":"https:\/\/secure.gravatar.com\/avatar\/a7358cb406a99b682ec6df1e77e31ae82e63601f6784e8a3df411d72b37864da?s=96&d=mm&r=g","url":"https:\/\/secure.gravatar.com\/avatar\/a7358cb406a99b682ec6df1e77e31ae82e63601f6784e8a3df411d72b37864da?s=96&d=mm&r=g","contentUrl":"https:\/\/secure.gravatar.com\/avatar\/a7358cb406a99b682ec6df1e77e31ae82e63601f6784e8a3df411d72b37864da?s=96&d=mm&r=g","caption":"Leonardo Francisco"},"url":"https:\/\/redenoticiaz.com.br\/ribeiraopreto-regiao\/sp\/author\/leonardo-francisco"}]}},"_links":{"self":[{"href":"https:\/\/redenoticiaz.com.br\/ribeiraopreto-regiao\/wp-json\/wp\/v2\/posts\/98206","targetHints":{"allow":["GET"]}}],"collection":[{"href":"https:\/\/redenoticiaz.com.br\/ribeiraopreto-regiao\/wp-json\/wp\/v2\/posts"}],"about":[{"href":"https:\/\/redenoticiaz.com.br\/ribeiraopreto-regiao\/wp-json\/wp\/v2\/types\/post"}],"author":[{"embeddable":true,"href":"https:\/\/redenoticiaz.com.br\/ribeiraopreto-regiao\/wp-json\/wp\/v2\/users\/6"}],"replies":[{"embeddable":true,"href":"https:\/\/redenoticiaz.com.br\/ribeiraopreto-regiao\/wp-json\/wp\/v2\/comments?post=98206"}],"version-history":[{"count":1,"href":"https:\/\/redenoticiaz.com.br\/ribeiraopreto-regiao\/wp-json\/wp\/v2\/posts\/98206\/revisions"}],"predecessor-version":[{"id":98208,"href":"https:\/\/redenoticiaz.com.br\/ribeiraopreto-regiao\/wp-json\/wp\/v2\/posts\/98206\/revisions\/98208"}],"wp:featuredmedia":[{"embeddable":true,"href":"https:\/\/redenoticiaz.com.br\/ribeiraopreto-regiao\/wp-json\/wp\/v2\/media\/98207"}],"wp:attachment":[{"href":"https:\/\/redenoticiaz.com.br\/ribeiraopreto-regiao\/wp-json\/wp\/v2\/media?parent=98206"}],"wp:term":[{"taxonomy":"category","embeddable":true,"href":"https:\/\/redenoticiaz.com.br\/ribeiraopreto-regiao\/wp-json\/wp\/v2\/categories?post=98206"},{"taxonomy":"post_tag","embeddable":true,"href":"https:\/\/redenoticiaz.com.br\/ribeiraopreto-regiao\/wp-json\/wp\/v2\/tags?post=98206"}],"curies":[{"name":"wp","href":"https:\/\/api.w.org\/{rel}","templated":true}]}}