{"id":98209,"date":"2023-01-09T10:47:39","date_gmt":"2023-01-09T13:47:39","guid":{"rendered":"https:\/\/redenoticiaz.com.br\/barretos-regiao\/sp\/2023\/01\/09\/video-mais-de-1-200-manifestantes-sao-levados-para-a-sede-da-policia-federal"},"modified":"2023-01-09T10:47:39","modified_gmt":"2023-01-09T13:47:39","slug":"video-mais-de-1-200-manifestantes-sao-levados-para-a-sede-da-policia-federal","status":"publish","type":"post","link":"https:\/\/redenoticiaz.com.br\/ribeiraopreto-regiao\/sp\/2023\/01\/09\/video-mais-de-1-200-manifestantes-sao-levados-para-a-sede-da-policia-federal","title":{"rendered":"V\u00cdDEO &#8211; Mais de 1.200 manifestantes s\u00e3o levados para a sede da Pol\u00edcia Federal"},"content":{"rendered":"<p>Golpistas que estavam acampados no Distrito Federal est\u00e3o sendo levados para a sede da Pol\u00edcia Federal (PF). Pelo menos 40 \u00f4nibus lotados com extremistas apoiadores do ex-presidente Jair Bolsonaro (PL) deixaram o local. Ao todo, <strong>mais de 1.200 manifestantes<\/strong> est\u00e3o sendo levados para a sede da PF, ap\u00f3s ficarem acampados no quartel-general do Ex\u00e9rcito em Bras\u00edlia.<\/p>\n<p>Os atos antidemocr\u00e1ticos ocorridos em Bras\u00edlia no domingo (8), geraram forte e negativa repercuss\u00e3o na imprensa internacional. Autoridades brasileiras e estrangeiras mostraram apoio ao presidente Luiz In\u00e1cio Lula da Silva e acusam o ex-presidente Jair Bolsonaro (PL), de incitar os atos.<\/p>\n<h3>Veja o v\u00eddeo:<\/h3>\n\n<p>e para refor\u00e7ar a seguran\u00e7a de novos ataques, governadores de pelo menos tr\u00eas estados, Alagoas, Bahia e Par\u00e1, prometeram enviar tropas para refor\u00e7ar a seguran\u00e7a em Bras\u00edlia ap\u00f3s terroristas invadirem as sedes dos tr\u00eas Poderes.<\/p>\n<p>Ap\u00f3s classificar o ataque terrorista em Bras\u00edlia como \u201cinadmiss\u00edvel e criminoso\u201d, o governador de Alagoas, Paulo Dantas (MDB), colocou \u00e0 disposi\u00e7\u00e3o do Governo Federal as for\u00e7as policiais do estado na noite de domingo.<\/p>\n<p>Helder Barbalho (MDB), governador do Par\u00e1, disse que enviar\u00e1 60 policiais do Batalh\u00e3o de Choque em apoio ao Governo Federal.<\/p>\n<p>Na manh\u00e3 desta segunda, desembarcaram em Bras\u00edlia 70 policiais militares do Batalh\u00e3o de Choque da Bahia enviados pelo governador Jer\u00f4nimo Rodrigues (PT).<\/p>\n<p>O F\u00f3rum Nacional de Governadores ofereceu, na noite de domingo, o envio de for\u00e7as policiais para ajudar na seguran\u00e7a da \u00e1rea central de Bras\u00edlia ap\u00f3s atos terroristas.<\/p>\n<p><strong>LEIA TAMB\u00c9M<\/strong><\/p>\n<p><a href=\"https:\/\/redenoticiaz.com.br\/blog\/2023\/01\/09\/ex-presidente-bolsonaro-se-manifesta-sobre-os-atos-antidemocraticos-e-pode-deixar-os-eua\">Ex-presidente Bolsonaro se manifesta sobre os atos antidemocr\u00e1ticos e pode deixar os EUA<\/a><\/p>\n","protected":false},"excerpt":{"rendered":"<p>Golpistas que estavam acampados no Distrito Federal est\u00e3o sendo levados para a sede da Pol\u00edcia Federal (PF). Pelo menos 40 \u00f4nibus lotados com extremistas apoiadores do ex-presidente Jair Bolsonaro (PL) deixaram o local. Ao todo, mais de 1.200 manifestantes est\u00e3o sendo levados para a sede da PF, ap\u00f3s ficarem acampados no quartel-general do Ex\u00e9rcito em &hellip;<\/p>\n","protected":false},"author":6,"featured_media":98210,"comment_status":"open","ping_status":"closed","sticky":false,"template":"","format":"standard","meta":{"footnotes":""},"categories":[88,186],"tags":[2588,11047,2333,3681,674,23626,23627],"class_list":["post-98209","post","type-post","status-publish","format-standard","has-post-thumbnail","hentry","category-policia","category-politica","tag-brasilia","tag-exercito","tag-governo-federal","tag-policia-federal","tag-policia-militar","tag-quartel-general","tag-saida-de-bolsonaristas"],"yoast_head":"<!-- This site is optimized with the Yoast SEO plugin v27.4 - https:\/\/yoast.com\/product\/yoast-seo-wordpress\/ -->\n<title>V\u00cdDEO &#8211; Mais de 1.200 manifestantes s\u00e3o levados para a sede da Pol\u00edcia Federal - Ribeir\u00e3o Preto e Regi\u00e3o<\/title>\n<meta name=\"description\" content=\"menos 40 \u00f4nibus lotados com extremistas apoiadores do ex-presidente Jair Bolsonaro (PL) deixaram o local. Ao todo, mais de 1.200 manifestantes est\u00e3o\" \/>\n<meta name=\"robots\" content=\"index, follow, max-snippet:-1, max-image-preview:large, max-video-preview:-1\" \/>\n<link rel=\"canonical\" href=\"https:\/\/redenoticiaz.com.br\/ribeiraopreto-regiao\/sp\/2023\/01\/09\/video-mais-de-1-200-manifestantes-sao-levados-para-a-sede-da-policia-federal\" \/>\n<meta property=\"og:locale\" content=\"pt_BR\" \/>\n<meta property=\"og:type\" content=\"article\" \/>\n<meta property=\"og:title\" content=\"V\u00cdDEO &#8211; Mais de 1.200 manifestantes s\u00e3o levados para a sede da Pol\u00edcia Federal - Ribeir\u00e3o Preto e Regi\u00e3o\" \/>\n<meta property=\"og:description\" content=\"menos 40 \u00f4nibus lotados com extremistas apoiadores do ex-presidente Jair Bolsonaro (PL) deixaram o local. Ao todo, mais de 1.200 manifestantes est\u00e3o\" \/>\n<meta property=\"og:url\" content=\"https:\/\/redenoticiaz.com.br\/ribeiraopreto-regiao\/sp\/2023\/01\/09\/video-mais-de-1-200-manifestantes-sao-levados-para-a-sede-da-policia-federal\" \/>\n<meta property=\"og:site_name\" content=\"Ribeir\u00e3o Preto e Regi\u00e3o\" \/>\n<meta property=\"article:publisher\" content=\"https:\/\/m.facebook.com\/redenoticiaz.barretos\" \/>\n<meta property=\"article:published_time\" content=\"2023-01-09T13:47:39+00:00\" \/>\n<meta property=\"og:image\" content=\"https:\/\/redenoticiaz.com.br\/ribeiraopreto-regiao\/wp-content\/uploads\/sites\/4\/2023\/02\/industria_automobilisticaautomovel_fabrica.jpg?v=1676407100\" \/>\n\t<meta property=\"og:image:width\" content=\"1170\" \/>\n\t<meta property=\"og:image:height\" content=\"700\" \/>\n\t<meta property=\"og:image:type\" content=\"image\/jpeg\" \/>\n<meta name=\"author\" content=\"Leonardo Francisco\" \/>\n<meta name=\"twitter:card\" content=\"summary_large_image\" \/>\n<meta name=\"twitter:creator\" content=\"@RN_barretos\" \/>\n<meta name=\"twitter:site\" content=\"@RN_barretos\" \/>\n<meta name=\"twitter:label1\" content=\"Escrito por\" \/>\n\t<meta name=\"twitter:data1\" content=\"Leonardo Francisco\" \/>\n\t<meta name=\"twitter:label2\" content=\"Est. tempo de leitura\" \/>\n\t<meta name=\"twitter:data2\" content=\"2 minutos\" \/>\n<script type=\"application\/ld+json\" class=\"yoast-schema-graph\">{\"@context\":\"https:\\\/\\\/schema.org\",\"@graph\":[{\"@type\":\"Article\",\"@id\":\"https:\\\/\\\/redenoticiaz.com.br\\\/ribeiraopreto-regiao\\\/sp\\\/2023\\\/01\\\/09\\\/video-mais-de-1-200-manifestantes-sao-levados-para-a-sede-da-policia-federal#article\",\"isPartOf\":{\"@id\":\"https:\\\/\\\/redenoticiaz.com.br\\\/ribeiraopreto-regiao\\\/sp\\\/2023\\\/01\\\/09\\\/video-mais-de-1-200-manifestantes-sao-levados-para-a-sede-da-policia-federal\"},\"author\":{\"name\":\"Leonardo Francisco\",\"@id\":\"https:\\\/\\\/redenoticiaz.com.br\\\/ribeiraopreto-regiao\\\/#\\\/schema\\\/person\\\/0f0b8a5bdafefe82841e07ae8d81ecb3\"},\"headline\":\"V\u00cdDEO &#8211; Mais de 1.200 manifestantes s\u00e3o levados para a sede da Pol\u00edcia Federal\",\"datePublished\":\"2023-01-09T13:47:39+00:00\",\"mainEntityOfPage\":{\"@id\":\"https:\\\/\\\/redenoticiaz.com.br\\\/ribeiraopreto-regiao\\\/sp\\\/2023\\\/01\\\/09\\\/video-mais-de-1-200-manifestantes-sao-levados-para-a-sede-da-policia-federal\"},\"wordCount\":300,\"commentCount\":0,\"publisher\":{\"@id\":\"https:\\\/\\\/redenoticiaz.com.br\\\/ribeiraopreto-regiao\\\/#organization\"},\"image\":{\"@id\":\"https:\\\/\\\/redenoticiaz.com.br\\\/ribeiraopreto-regiao\\\/sp\\\/2023\\\/01\\\/09\\\/video-mais-de-1-200-manifestantes-sao-levados-para-a-sede-da-policia-federal#primaryimage\"},\"thumbnailUrl\":\"https:\\\/\\\/redenoticiaz.com.br\\\/ribeiraopreto-regiao\\\/wp-content\\\/uploads\\\/sites\\\/4\\\/2023\\\/01\\\/ESCOLTA.jpg?v=1673272004\",\"keywords\":[\"BRAS\u00cdLIA\",\"EX\u00c9RCITO\",\"GOVERNO FEDERAL\",\"policia federal\",\"policia militar\",\"QUARTEL-GENERAL\",\"SA\u00cdDA DE BOLSONARISTAS\"],\"articleSection\":[\"Pol\u00edcia\",\"Pol\u00edtica\"],\"inLanguage\":\"pt-BR\",\"potentialAction\":[{\"@type\":\"CommentAction\",\"name\":\"Comment\",\"target\":[\"https:\\\/\\\/redenoticiaz.com.br\\\/ribeiraopreto-regiao\\\/sp\\\/2023\\\/01\\\/09\\\/video-mais-de-1-200-manifestantes-sao-levados-para-a-sede-da-policia-federal#respond\"]}]},{\"@type\":\"WebPage\",\"@id\":\"https:\\\/\\\/redenoticiaz.com.br\\\/ribeiraopreto-regiao\\\/sp\\\/2023\\\/01\\\/09\\\/video-mais-de-1-200-manifestantes-sao-levados-para-a-sede-da-policia-federal\",\"url\":\"https:\\\/\\\/redenoticiaz.com.br\\\/ribeiraopreto-regiao\\\/sp\\\/2023\\\/01\\\/09\\\/video-mais-de-1-200-manifestantes-sao-levados-para-a-sede-da-policia-federal\",\"name\":\"V\u00cdDEO &#8211; Mais de 1.200 manifestantes s\u00e3o levados para a sede da Pol\u00edcia Federal - Ribeir\u00e3o Preto e Regi\u00e3o\",\"isPartOf\":{\"@id\":\"https:\\\/\\\/redenoticiaz.com.br\\\/ribeiraopreto-regiao\\\/#website\"},\"primaryImageOfPage\":{\"@id\":\"https:\\\/\\\/redenoticiaz.com.br\\\/ribeiraopreto-regiao\\\/sp\\\/2023\\\/01\\\/09\\\/video-mais-de-1-200-manifestantes-sao-levados-para-a-sede-da-policia-federal#primaryimage\"},\"image\":{\"@id\":\"https:\\\/\\\/redenoticiaz.com.br\\\/ribeiraopreto-regiao\\\/sp\\\/2023\\\/01\\\/09\\\/video-mais-de-1-200-manifestantes-sao-levados-para-a-sede-da-policia-federal#primaryimage\"},\"thumbnailUrl\":\"https:\\\/\\\/redenoticiaz.com.br\\\/ribeiraopreto-regiao\\\/wp-content\\\/uploads\\\/sites\\\/4\\\/2023\\\/01\\\/ESCOLTA.jpg?v=1673272004\",\"datePublished\":\"2023-01-09T13:47:39+00:00\",\"description\":\"menos 40 \u00f4nibus lotados com extremistas apoiadores do ex-presidente Jair Bolsonaro (PL) deixaram o local. Ao todo, mais de 1.200 manifestantes est\u00e3o\",\"inLanguage\":\"pt-BR\",\"potentialAction\":[{\"@type\":\"ReadAction\",\"target\":[\"https:\\\/\\\/redenoticiaz.com.br\\\/ribeiraopreto-regiao\\\/sp\\\/2023\\\/01\\\/09\\\/video-mais-de-1-200-manifestantes-sao-levados-para-a-sede-da-policia-federal\"]}]},{\"@type\":\"ImageObject\",\"inLanguage\":\"pt-BR\",\"@id\":\"https:\\\/\\\/redenoticiaz.com.br\\\/ribeiraopreto-regiao\\\/sp\\\/2023\\\/01\\\/09\\\/video-mais-de-1-200-manifestantes-sao-levados-para-a-sede-da-policia-federal#primaryimage\",\"url\":\"https:\\\/\\\/redenoticiaz.com.br\\\/ribeiraopreto-regiao\\\/wp-content\\\/uploads\\\/sites\\\/4\\\/2023\\\/01\\\/ESCOLTA.jpg?v=1673272004\",\"contentUrl\":\"https:\\\/\\\/redenoticiaz.com.br\\\/ribeiraopreto-regiao\\\/wp-content\\\/uploads\\\/sites\\\/4\\\/2023\\\/01\\\/ESCOLTA.jpg?v=1673272004\",\"width\":640,\"height\":264,\"caption\":\"Cr\u00e9ditos: Reprodu\u00e7\u00e3o\"},{\"@type\":\"WebSite\",\"@id\":\"https:\\\/\\\/redenoticiaz.com.br\\\/ribeiraopreto-regiao\\\/#website\",\"url\":\"https:\\\/\\\/redenoticiaz.com.br\\\/ribeiraopreto-regiao\\\/\",\"name\":\"Ribeir\u00e3o Preto e Regi\u00e3o\",\"description\":\"Rede NoticiaZ - Ribeir\u00e3o Preto e regi\u00e3o\",\"publisher\":{\"@id\":\"https:\\\/\\\/redenoticiaz.com.br\\\/ribeiraopreto-regiao\\\/#organization\"},\"potentialAction\":[{\"@type\":\"SearchAction\",\"target\":{\"@type\":\"EntryPoint\",\"urlTemplate\":\"https:\\\/\\\/redenoticiaz.com.br\\\/ribeiraopreto-regiao\\\/?s={search_term_string}\"},\"query-input\":{\"@type\":\"PropertyValueSpecification\",\"valueRequired\":true,\"valueName\":\"search_term_string\"}}],\"inLanguage\":\"pt-BR\"},{\"@type\":\"Organization\",\"@id\":\"https:\\\/\\\/redenoticiaz.com.br\\\/ribeiraopreto-regiao\\\/#organization\",\"name\":\"Ribeir\u00e3o Preto e Regi\u00e3o\",\"url\":\"https:\\\/\\\/redenoticiaz.com.br\\\/ribeiraopreto-regiao\\\/\",\"logo\":{\"@type\":\"ImageObject\",\"inLanguage\":\"pt-BR\",\"@id\":\"https:\\\/\\\/redenoticiaz.com.br\\\/ribeiraopreto-regiao\\\/#\\\/schema\\\/logo\\\/image\\\/\",\"url\":\"https:\\\/\\\/redenoticiaz.com.br\\\/barretos-regiao\\\/wp-content\\\/uploads\\\/sites\\\/4\\\/2022\\\/02\\\/logo.jpg\",\"contentUrl\":\"https:\\\/\\\/redenoticiaz.com.br\\\/barretos-regiao\\\/wp-content\\\/uploads\\\/sites\\\/4\\\/2022\\\/02\\\/logo.jpg\",\"width\":400,\"height\":250,\"caption\":\"Ribeir\u00e3o Preto e Regi\u00e3o\"},\"image\":{\"@id\":\"https:\\\/\\\/redenoticiaz.com.br\\\/ribeiraopreto-regiao\\\/#\\\/schema\\\/logo\\\/image\\\/\"},\"sameAs\":[\"https:\\\/\\\/m.facebook.com\\\/redenoticiaz.barretos\",\"https:\\\/\\\/x.com\\\/RN_barretos\",\"https:\\\/\\\/www.instagram.com\\\/redenoticiaz.barretos\\\/?igshid=YmMyMTA2M2Y\",\"https:\\\/\\\/www.linkedin.com\\\/company\\\/rede-noticiaz-barretos-e-regio\\\/\"]},{\"@type\":\"Person\",\"@id\":\"https:\\\/\\\/redenoticiaz.com.br\\\/ribeiraopreto-regiao\\\/#\\\/schema\\\/person\\\/0f0b8a5bdafefe82841e07ae8d81ecb3\",\"name\":\"Leonardo Francisco\",\"image\":{\"@type\":\"ImageObject\",\"inLanguage\":\"pt-BR\",\"@id\":\"https:\\\/\\\/secure.gravatar.com\\\/avatar\\\/a7358cb406a99b682ec6df1e77e31ae82e63601f6784e8a3df411d72b37864da?s=96&d=mm&r=g\",\"url\":\"https:\\\/\\\/secure.gravatar.com\\\/avatar\\\/a7358cb406a99b682ec6df1e77e31ae82e63601f6784e8a3df411d72b37864da?s=96&d=mm&r=g\",\"contentUrl\":\"https:\\\/\\\/secure.gravatar.com\\\/avatar\\\/a7358cb406a99b682ec6df1e77e31ae82e63601f6784e8a3df411d72b37864da?s=96&d=mm&r=g\",\"caption\":\"Leonardo Francisco\"},\"url\":\"https:\\\/\\\/redenoticiaz.com.br\\\/ribeiraopreto-regiao\\\/sp\\\/author\\\/leonardo-francisco\"}]}<\/script>\n<!-- \/ Yoast SEO plugin. -->","yoast_head_json":{"title":"V\u00cdDEO &#8211; Mais de 1.200 manifestantes s\u00e3o levados para a sede da Pol\u00edcia Federal - Ribeir\u00e3o Preto e Regi\u00e3o","description":"menos 40 \u00f4nibus lotados com extremistas apoiadores do ex-presidente Jair Bolsonaro (PL) deixaram o local. Ao todo, mais de 1.200 manifestantes est\u00e3o","robots":{"index":"index","follow":"follow","max-snippet":"max-snippet:-1","max-image-preview":"max-image-preview:large","max-video-preview":"max-video-preview:-1"},"canonical":"https:\/\/redenoticiaz.com.br\/ribeiraopreto-regiao\/sp\/2023\/01\/09\/video-mais-de-1-200-manifestantes-sao-levados-para-a-sede-da-policia-federal","og_locale":"pt_BR","og_type":"article","og_title":"V\u00cdDEO &#8211; Mais de 1.200 manifestantes s\u00e3o levados para a sede da Pol\u00edcia Federal - Ribeir\u00e3o Preto e Regi\u00e3o","og_description":"menos 40 \u00f4nibus lotados com extremistas apoiadores do ex-presidente Jair Bolsonaro (PL) deixaram o local. Ao todo, mais de 1.200 manifestantes est\u00e3o","og_url":"https:\/\/redenoticiaz.com.br\/ribeiraopreto-regiao\/sp\/2023\/01\/09\/video-mais-de-1-200-manifestantes-sao-levados-para-a-sede-da-policia-federal","og_site_name":"Ribeir\u00e3o Preto e Regi\u00e3o","article_publisher":"https:\/\/m.facebook.com\/redenoticiaz.barretos","article_published_time":"2023-01-09T13:47:39+00:00","og_image":[{"width":1170,"height":700,"url":"https:\/\/redenoticiaz.com.br\/ribeiraopreto-regiao\/wp-content\/uploads\/sites\/4\/2023\/02\/industria_automobilisticaautomovel_fabrica.jpg?v=1676407100","type":"image\/jpeg"}],"author":"Leonardo Francisco","twitter_card":"summary_large_image","twitter_creator":"@RN_barretos","twitter_site":"@RN_barretos","twitter_misc":{"Escrito por":"Leonardo Francisco","Est. tempo de leitura":"2 minutos"},"schema":{"@context":"https:\/\/schema.org","@graph":[{"@type":"Article","@id":"https:\/\/redenoticiaz.com.br\/ribeiraopreto-regiao\/sp\/2023\/01\/09\/video-mais-de-1-200-manifestantes-sao-levados-para-a-sede-da-policia-federal#article","isPartOf":{"@id":"https:\/\/redenoticiaz.com.br\/ribeiraopreto-regiao\/sp\/2023\/01\/09\/video-mais-de-1-200-manifestantes-sao-levados-para-a-sede-da-policia-federal"},"author":{"name":"Leonardo Francisco","@id":"https:\/\/redenoticiaz.com.br\/ribeiraopreto-regiao\/#\/schema\/person\/0f0b8a5bdafefe82841e07ae8d81ecb3"},"headline":"V\u00cdDEO &#8211; Mais de 1.200 manifestantes s\u00e3o levados para a sede da Pol\u00edcia Federal","datePublished":"2023-01-09T13:47:39+00:00","mainEntityOfPage":{"@id":"https:\/\/redenoticiaz.com.br\/ribeiraopreto-regiao\/sp\/2023\/01\/09\/video-mais-de-1-200-manifestantes-sao-levados-para-a-sede-da-policia-federal"},"wordCount":300,"commentCount":0,"publisher":{"@id":"https:\/\/redenoticiaz.com.br\/ribeiraopreto-regiao\/#organization"},"image":{"@id":"https:\/\/redenoticiaz.com.br\/ribeiraopreto-regiao\/sp\/2023\/01\/09\/video-mais-de-1-200-manifestantes-sao-levados-para-a-sede-da-policia-federal#primaryimage"},"thumbnailUrl":"https:\/\/redenoticiaz.com.br\/ribeiraopreto-regiao\/wp-content\/uploads\/sites\/4\/2023\/01\/ESCOLTA.jpg?v=1673272004","keywords":["BRAS\u00cdLIA","EX\u00c9RCITO","GOVERNO FEDERAL","policia federal","policia militar","QUARTEL-GENERAL","SA\u00cdDA DE BOLSONARISTAS"],"articleSection":["Pol\u00edcia","Pol\u00edtica"],"inLanguage":"pt-BR","potentialAction":[{"@type":"CommentAction","name":"Comment","target":["https:\/\/redenoticiaz.com.br\/ribeiraopreto-regiao\/sp\/2023\/01\/09\/video-mais-de-1-200-manifestantes-sao-levados-para-a-sede-da-policia-federal#respond"]}]},{"@type":"WebPage","@id":"https:\/\/redenoticiaz.com.br\/ribeiraopreto-regiao\/sp\/2023\/01\/09\/video-mais-de-1-200-manifestantes-sao-levados-para-a-sede-da-policia-federal","url":"https:\/\/redenoticiaz.com.br\/ribeiraopreto-regiao\/sp\/2023\/01\/09\/video-mais-de-1-200-manifestantes-sao-levados-para-a-sede-da-policia-federal","name":"V\u00cdDEO &#8211; Mais de 1.200 manifestantes s\u00e3o levados para a sede da Pol\u00edcia Federal - Ribeir\u00e3o Preto e Regi\u00e3o","isPartOf":{"@id":"https:\/\/redenoticiaz.com.br\/ribeiraopreto-regiao\/#website"},"primaryImageOfPage":{"@id":"https:\/\/redenoticiaz.com.br\/ribeiraopreto-regiao\/sp\/2023\/01\/09\/video-mais-de-1-200-manifestantes-sao-levados-para-a-sede-da-policia-federal#primaryimage"},"image":{"@id":"https:\/\/redenoticiaz.com.br\/ribeiraopreto-regiao\/sp\/2023\/01\/09\/video-mais-de-1-200-manifestantes-sao-levados-para-a-sede-da-policia-federal#primaryimage"},"thumbnailUrl":"https:\/\/redenoticiaz.com.br\/ribeiraopreto-regiao\/wp-content\/uploads\/sites\/4\/2023\/01\/ESCOLTA.jpg?v=1673272004","datePublished":"2023-01-09T13:47:39+00:00","description":"menos 40 \u00f4nibus lotados com extremistas apoiadores do ex-presidente Jair Bolsonaro (PL) deixaram o local. Ao todo, mais de 1.200 manifestantes est\u00e3o","inLanguage":"pt-BR","potentialAction":[{"@type":"ReadAction","target":["https:\/\/redenoticiaz.com.br\/ribeiraopreto-regiao\/sp\/2023\/01\/09\/video-mais-de-1-200-manifestantes-sao-levados-para-a-sede-da-policia-federal"]}]},{"@type":"ImageObject","inLanguage":"pt-BR","@id":"https:\/\/redenoticiaz.com.br\/ribeiraopreto-regiao\/sp\/2023\/01\/09\/video-mais-de-1-200-manifestantes-sao-levados-para-a-sede-da-policia-federal#primaryimage","url":"https:\/\/redenoticiaz.com.br\/ribeiraopreto-regiao\/wp-content\/uploads\/sites\/4\/2023\/01\/ESCOLTA.jpg?v=1673272004","contentUrl":"https:\/\/redenoticiaz.com.br\/ribeiraopreto-regiao\/wp-content\/uploads\/sites\/4\/2023\/01\/ESCOLTA.jpg?v=1673272004","width":640,"height":264,"caption":"Cr\u00e9ditos: Reprodu\u00e7\u00e3o"},{"@type":"WebSite","@id":"https:\/\/redenoticiaz.com.br\/ribeiraopreto-regiao\/#website","url":"https:\/\/redenoticiaz.com.br\/ribeiraopreto-regiao\/","name":"Ribeir\u00e3o Preto e Regi\u00e3o","description":"Rede NoticiaZ - Ribeir\u00e3o Preto e regi\u00e3o","publisher":{"@id":"https:\/\/redenoticiaz.com.br\/ribeiraopreto-regiao\/#organization"},"potentialAction":[{"@type":"SearchAction","target":{"@type":"EntryPoint","urlTemplate":"https:\/\/redenoticiaz.com.br\/ribeiraopreto-regiao\/?s={search_term_string}"},"query-input":{"@type":"PropertyValueSpecification","valueRequired":true,"valueName":"search_term_string"}}],"inLanguage":"pt-BR"},{"@type":"Organization","@id":"https:\/\/redenoticiaz.com.br\/ribeiraopreto-regiao\/#organization","name":"Ribeir\u00e3o Preto e Regi\u00e3o","url":"https:\/\/redenoticiaz.com.br\/ribeiraopreto-regiao\/","logo":{"@type":"ImageObject","inLanguage":"pt-BR","@id":"https:\/\/redenoticiaz.com.br\/ribeiraopreto-regiao\/#\/schema\/logo\/image\/","url":"https:\/\/redenoticiaz.com.br\/barretos-regiao\/wp-content\/uploads\/sites\/4\/2022\/02\/logo.jpg","contentUrl":"https:\/\/redenoticiaz.com.br\/barretos-regiao\/wp-content\/uploads\/sites\/4\/2022\/02\/logo.jpg","width":400,"height":250,"caption":"Ribeir\u00e3o Preto e Regi\u00e3o"},"image":{"@id":"https:\/\/redenoticiaz.com.br\/ribeiraopreto-regiao\/#\/schema\/logo\/image\/"},"sameAs":["https:\/\/m.facebook.com\/redenoticiaz.barretos","https:\/\/x.com\/RN_barretos","https:\/\/www.instagram.com\/redenoticiaz.barretos\/?igshid=YmMyMTA2M2Y","https:\/\/www.linkedin.com\/company\/rede-noticiaz-barretos-e-regio\/"]},{"@type":"Person","@id":"https:\/\/redenoticiaz.com.br\/ribeiraopreto-regiao\/#\/schema\/person\/0f0b8a5bdafefe82841e07ae8d81ecb3","name":"Leonardo Francisco","image":{"@type":"ImageObject","inLanguage":"pt-BR","@id":"https:\/\/secure.gravatar.com\/avatar\/a7358cb406a99b682ec6df1e77e31ae82e63601f6784e8a3df411d72b37864da?s=96&d=mm&r=g","url":"https:\/\/secure.gravatar.com\/avatar\/a7358cb406a99b682ec6df1e77e31ae82e63601f6784e8a3df411d72b37864da?s=96&d=mm&r=g","contentUrl":"https:\/\/secure.gravatar.com\/avatar\/a7358cb406a99b682ec6df1e77e31ae82e63601f6784e8a3df411d72b37864da?s=96&d=mm&r=g","caption":"Leonardo Francisco"},"url":"https:\/\/redenoticiaz.com.br\/ribeiraopreto-regiao\/sp\/author\/leonardo-francisco"}]}},"_links":{"self":[{"href":"https:\/\/redenoticiaz.com.br\/ribeiraopreto-regiao\/wp-json\/wp\/v2\/posts\/98209","targetHints":{"allow":["GET"]}}],"collection":[{"href":"https:\/\/redenoticiaz.com.br\/ribeiraopreto-regiao\/wp-json\/wp\/v2\/posts"}],"about":[{"href":"https:\/\/redenoticiaz.com.br\/ribeiraopreto-regiao\/wp-json\/wp\/v2\/types\/post"}],"author":[{"embeddable":true,"href":"https:\/\/redenoticiaz.com.br\/ribeiraopreto-regiao\/wp-json\/wp\/v2\/users\/6"}],"replies":[{"embeddable":true,"href":"https:\/\/redenoticiaz.com.br\/ribeiraopreto-regiao\/wp-json\/wp\/v2\/comments?post=98209"}],"version-history":[{"count":1,"href":"https:\/\/redenoticiaz.com.br\/ribeiraopreto-regiao\/wp-json\/wp\/v2\/posts\/98209\/revisions"}],"predecessor-version":[{"id":98213,"href":"https:\/\/redenoticiaz.com.br\/ribeiraopreto-regiao\/wp-json\/wp\/v2\/posts\/98209\/revisions\/98213"}],"wp:featuredmedia":[{"embeddable":true,"href":"https:\/\/redenoticiaz.com.br\/ribeiraopreto-regiao\/wp-json\/wp\/v2\/media\/98210"}],"wp:attachment":[{"href":"https:\/\/redenoticiaz.com.br\/ribeiraopreto-regiao\/wp-json\/wp\/v2\/media?parent=98209"}],"wp:term":[{"taxonomy":"category","embeddable":true,"href":"https:\/\/redenoticiaz.com.br\/ribeiraopreto-regiao\/wp-json\/wp\/v2\/categories?post=98209"},{"taxonomy":"post_tag","embeddable":true,"href":"https:\/\/redenoticiaz.com.br\/ribeiraopreto-regiao\/wp-json\/wp\/v2\/tags?post=98209"}],"curies":[{"name":"wp","href":"https:\/\/api.w.org\/{rel}","templated":true}]}}