{"id":98214,"date":"2023-01-09T11:04:10","date_gmt":"2023-01-09T14:04:10","guid":{"rendered":"https:\/\/redenoticiaz.com.br\/barretos-regiao\/sp\/2023\/01\/09\/governador-do-distrito-federal-e-afastado-apos-atos-antidemocraticos"},"modified":"2023-01-09T11:04:10","modified_gmt":"2023-01-09T14:04:10","slug":"governador-do-distrito-federal-e-afastado-apos-atos-antidemocraticos","status":"publish","type":"post","link":"https:\/\/redenoticiaz.com.br\/ribeiraopreto-regiao\/sp\/2023\/01\/09\/governador-do-distrito-federal-e-afastado-apos-atos-antidemocraticos","title":{"rendered":"Governador do Distrito Federal \u00e9 afastado ap\u00f3s atos antidemocr\u00e1ticos"},"content":{"rendered":"<div class=\"post-item-wrap\">\n<p>A partir desta segunda-feira (9), o governador do Distrito Federal (DF), Ibaneis Rocha, ficar\u00e1 90 dias afastado do cargo. A decis\u00e3o foi publicada pelo ministro Alexandre de Moraes, do Supremo Tribunal Federal (STF), citou descaso e omiss\u00e3o por parte do governador e do ent\u00e3o secret\u00e1rio de Seguran\u00e7a do DF, Anderson Torres, que foi exonerado ontem.<img decoding=\"async\" src=\"https:\/\/agenciabrasil.ebc.com.br\/ebc.png?id=1502709&amp;o=node\" \/><img decoding=\"async\" src=\"https:\/\/agenciabrasil.ebc.com.br\/ebc.gif?id=1502709&amp;o=node\" \/><\/p>\n<p>O motivo foi a omiss\u00e3o e o descaso com medidas de preven\u00e7\u00e3o contra os atos antidemocr\u00e1ticos que depredaram o Pal\u00e1cio do Planalto.<\/p>\n<p>\u201cO descaso e a coniv\u00eancia do ex-ministro da Justi\u00e7a e Seguran\u00e7a P\u00fablica e, at\u00e9 ent\u00e3o, secret\u00e1rio de Seguran\u00e7a P\u00fablica do Distrito Federal, Anderson Torres \u2013 cuja responsabilidade est\u00e1 sendo apurada em peti\u00e7\u00e3o em separado \u2013 com qualquer planejamento que garantisse a seguran\u00e7a e a ordem no DF, tanto do patrim\u00f4nio p\u00fablico \u2013 Congresso Nacional, Presid\u00eancia da Rep\u00fablica e Supremo Tribunal Federal&#8221;.<\/p>\n<p>&#8220;S\u00f3 n\u00e3o foi mais acintoso do que a conduta dolosamente omissiva do governador do DF, Ibaneis Rocha, que n\u00e3o s\u00f3 deu declara\u00e7\u00f5es p\u00fablicas defendendo uma falsa &#8216;livre manifesta\u00e7\u00e3o pol\u00edtica em Bras\u00edlia&#8217; \u2013 mesmo sabedor, por todas as redes, que ataques \u00e0s institui\u00e7\u00f5es e seus membros seriam realizados \u2013 como tamb\u00e9m ignorou todos os apelos das autoridades para a realiza\u00e7\u00e3o de um plano de seguran\u00e7a semelhante ao realizado nos \u00faltimos dois anos, em 7 de setembro em especial, com a proibi\u00e7\u00e3o de ingresso na Esplanada dos Minist\u00e9rios pelos criminosos terroristas; tendo liberado o amplo acesso\u201d, destacou o magistrado.<\/p>\n<h3>Investiga\u00e7\u00f5es<\/h3>\n<p>O chefe do Executivo local e o secret\u00e1rio de Seguran\u00e7a exonerado Anderson Torres tamb\u00e9m ser\u00e3o inclu\u00eddos no inqu\u00e9rito que investiga atos antidemocr\u00e1ticos. Com isso, a vice de Ibaneis, Celina Le\u00e3o (PP), assumir\u00e1 o comando do Executivo local nesse per\u00edodo.<\/p>\n<p>Moraes\u00a0determinou\u00a0ainda\u00a0a desocupa\u00e7\u00e3o total do acampamento bolsonarista em frente ao Quartel do Ex\u00e9rcito, na \u00e1rea central de Bras\u00edlia, em at\u00e9 24 horas. Os que insistirem,\u00a0alerta o ministro,\u00a0poder\u00e3o ser presos em flagrante e enquadrados em pelo menos sete crimes diferentes.<\/p>\n<p>\u201cDetermino a desocupa\u00e7\u00e3o e dissolu\u00e7\u00e3o total, em 24 (vinte e quatro) horas, dos acampamentos realizados nas imedia\u00e7\u00f5es dos quart\u00e9is generais e outras unidades militares para a pr\u00e1tica de atos antidemocr\u00e1ticos e pris\u00e3o em flagrante de seus participantes pela pr\u00e1tica dos crimes previstos nos artigos 2\u00aa, 3\u00ba, 5\u00ba e 6\u00ba (atos terroristas, inclusive preparat\u00f3rios) da Lei n\u00ba 13.260, de\u00a016 de mar\u00e7o de 2016 e nos artigos 288 (associa\u00e7\u00e3o criminosa), 359-L (aboli\u00e7\u00e3o violenta do Estado Democr\u00e1tico de Direito) e 359-M (golpe de Estado), 147 (amea\u00e7a), 147-A, \u00a7 1\u00ba, III (persegui\u00e7\u00e3o), 286 (incita\u00e7\u00e3o ao crime)\u201d.<\/p>\n<p>A\u00a0desocupa\u00e7\u00e3o\u00a0dever\u00e1 ser feita\u00a0pelas pol\u00edcias militares dos estados e Distrito Federal, com o apoio da For\u00e7a Nacional e Pol\u00edcia Federal se necess\u00e1rio, devendo o governador do estado e DF ser intimado para efetivar a decis\u00e3o, sob pena de responsabilidade pessoal.<\/p>\n<p>Em v\u00eddeo divulgado ontem (8) a noite,\u00a0Ibaneis Rocha\u00a0pediu\u00a0desculpas aos chefes dos Tr\u00eas Poderes. Segundo o governador afastado, n\u00e3o se imaginava que os atos tomariam tal propor\u00e7\u00e3o.\u00a0\u201cQuero me dirigir aqui, primeiramente ao presidente Luiz In\u00e1cio Lula da Silva, para pedir desculpas pelo que aconteceu\u00a0hoje\u00a0em nossa cidade. Para a presidente do Supremo Tribunal Federal [Rosa Weber], ao meu querido amigo Arthur Lira [presidente da C\u00e2mara], ao meu querido amigo Rodrigo Pacheco [presidente do Senado]\u201d, disse.<\/p>\n<h3>Interven\u00e7\u00e3o<\/h3>\n<p>Ontem, o presidente Luiz In\u00e1cio Lula da Silva\u00a0anunciou a publica\u00e7\u00e3o de um decreto que prev\u00ea a interven\u00e7\u00e3o na \u00e1rea de seguran\u00e7a p\u00fablica do governo do Distrito Federal (GDF). A interven\u00e7\u00e3o vai at\u00e9 31 de janeiro deste ano. Ela est\u00e1 sendo votada.<\/p>\n<p>(Por Ag\u00eancia Brasil)<\/p>\n<p><strong>LEIA TAMB\u00c9M<\/strong><\/p>\n<p><a href=\"https:\/\/redenoticiaz.com.br\/blog\/2023\/01\/09\/video-mais-de-1-200-manifestantes-sao-levados-para-a-sede-da-policia-federal\">V\u00cdDEO \u2013 Mais de 1.200 manifestantes s\u00e3o levados para a sede da Pol\u00edcia Federal<\/a><\/p>\n<\/div>\n","protected":false},"excerpt":{"rendered":"<p>A partir desta segunda-feira (9), o governador do Distrito Federal (DF), Ibaneis Rocha, ficar\u00e1 90 dias afastado do cargo. A decis\u00e3o foi publicada pelo ministro Alexandre de Moraes, do Supremo Tribunal Federal (STF), citou descaso e omiss\u00e3o por parte do governador e do ent\u00e3o secret\u00e1rio de Seguran\u00e7a do DF, Anderson Torres, que foi exonerado ontem. &hellip;<\/p>\n","protected":false},"author":6,"featured_media":98215,"comment_status":"open","ping_status":"closed","sticky":false,"template":"","format":"standard","meta":{"footnotes":""},"categories":[683,186],"tags":[23623,2588,3080,23628,23629,23630],"class_list":["post-98214","post","type-post","status-publish","format-standard","has-post-thumbnail","hentry","category-justica","category-politica","tag-atos-antidemocraticos","tag-brasilia","tag-distrito-federal","tag-governador-afastado","tag-ibaneis-rocha","tag-omissao"],"yoast_head":"<!-- This site is optimized with the Yoast SEO plugin v27.5 - https:\/\/yoast.com\/product\/yoast-seo-wordpress\/ -->\n<title>Governador do Distrito Federal \u00e9 afastado ap\u00f3s atos antidemocr\u00e1ticos - Ribeir\u00e3o Preto e Regi\u00e3o<\/title>\n<meta name=\"description\" content=\"A partir desta segunda-feira (9), o governador do Distrito Federal (DF), Ibaneis Rocha, ficar\u00e1 90 dias afastado do cargo. A decis\u00e3o\" \/>\n<meta name=\"robots\" content=\"index, follow, max-snippet:-1, max-image-preview:large, max-video-preview:-1\" \/>\n<link rel=\"canonical\" href=\"https:\/\/redenoticiaz.com.br\/ribeiraopreto-regiao\/sp\/2023\/01\/09\/governador-do-distrito-federal-e-afastado-apos-atos-antidemocraticos\" \/>\n<meta property=\"og:locale\" content=\"pt_BR\" \/>\n<meta property=\"og:type\" content=\"article\" \/>\n<meta property=\"og:title\" content=\"Governador do Distrito Federal \u00e9 afastado ap\u00f3s atos antidemocr\u00e1ticos - Ribeir\u00e3o Preto e Regi\u00e3o\" \/>\n<meta property=\"og:description\" content=\"A partir desta segunda-feira (9), o governador do Distrito Federal (DF), Ibaneis Rocha, ficar\u00e1 90 dias afastado do cargo. A decis\u00e3o\" \/>\n<meta property=\"og:url\" content=\"https:\/\/redenoticiaz.com.br\/ribeiraopreto-regiao\/sp\/2023\/01\/09\/governador-do-distrito-federal-e-afastado-apos-atos-antidemocraticos\" \/>\n<meta property=\"og:site_name\" content=\"Ribeir\u00e3o Preto e Regi\u00e3o\" \/>\n<meta property=\"article:publisher\" content=\"https:\/\/m.facebook.com\/redenoticiaz.barretos\" \/>\n<meta property=\"article:published_time\" content=\"2023-01-09T14:04:10+00:00\" \/>\n<meta property=\"og:image\" content=\"https:\/\/redenoticiaz.com.br\/ribeiraopreto-regiao\/wp-content\/uploads\/sites\/4\/2022\/02\/logo.jpg\" \/>\n\t<meta property=\"og:image:width\" content=\"400\" \/>\n\t<meta property=\"og:image:height\" content=\"250\" \/>\n\t<meta property=\"og:image:type\" content=\"image\/jpeg\" \/>\n<meta name=\"author\" content=\"Leonardo Francisco\" \/>\n<meta name=\"twitter:card\" content=\"summary_large_image\" \/>\n<meta name=\"twitter:creator\" content=\"@RN_barretos\" \/>\n<meta name=\"twitter:site\" content=\"@RN_barretos\" \/>\n<meta name=\"twitter:label1\" content=\"Escrito por\" \/>\n\t<meta name=\"twitter:data1\" content=\"Leonardo Francisco\" \/>\n\t<meta name=\"twitter:label2\" content=\"Est. tempo de leitura\" \/>\n\t<meta name=\"twitter:data2\" content=\"4 minutos\" \/>\n<script type=\"application\/ld+json\" class=\"yoast-schema-graph\">{\"@context\":\"https:\\\/\\\/schema.org\",\"@graph\":[{\"@type\":\"Article\",\"@id\":\"https:\\\/\\\/redenoticiaz.com.br\\\/ribeiraopreto-regiao\\\/sp\\\/2023\\\/01\\\/09\\\/governador-do-distrito-federal-e-afastado-apos-atos-antidemocraticos#article\",\"isPartOf\":{\"@id\":\"https:\\\/\\\/redenoticiaz.com.br\\\/ribeiraopreto-regiao\\\/sp\\\/2023\\\/01\\\/09\\\/governador-do-distrito-federal-e-afastado-apos-atos-antidemocraticos\"},\"author\":{\"name\":\"Leonardo Francisco\",\"@id\":\"https:\\\/\\\/redenoticiaz.com.br\\\/ribeiraopreto-regiao\\\/#\\\/schema\\\/person\\\/0f0b8a5bdafefe82841e07ae8d81ecb3\"},\"headline\":\"Governador do Distrito Federal \u00e9 afastado ap\u00f3s atos antidemocr\u00e1ticos\",\"datePublished\":\"2023-01-09T14:04:10+00:00\",\"mainEntityOfPage\":{\"@id\":\"https:\\\/\\\/redenoticiaz.com.br\\\/ribeiraopreto-regiao\\\/sp\\\/2023\\\/01\\\/09\\\/governador-do-distrito-federal-e-afastado-apos-atos-antidemocraticos\"},\"wordCount\":668,\"commentCount\":0,\"publisher\":{\"@id\":\"https:\\\/\\\/redenoticiaz.com.br\\\/ribeiraopreto-regiao\\\/#organization\"},\"image\":{\"@id\":\"https:\\\/\\\/redenoticiaz.com.br\\\/ribeiraopreto-regiao\\\/sp\\\/2023\\\/01\\\/09\\\/governador-do-distrito-federal-e-afastado-apos-atos-antidemocraticos#primaryimage\"},\"thumbnailUrl\":\"https:\\\/\\\/redenoticiaz.com.br\\\/ribeiraopreto-regiao\\\/wp-content\\\/uploads\\\/sites\\\/4\\\/2023\\\/01\\\/ibaneis_mdb_2_-_df.jpg?v=1673272963\",\"keywords\":[\"ATOS ANTIDEMOCR\u00c1TICOS\",\"BRAS\u00cdLIA\",\"DISTRITO FEDERAL\",\"GOVERNADOR AFASTADO\",\"IBANEIS ROCHA\",\"OMISS\u00c3O\"],\"articleSection\":[\"Justi\u00e7a\",\"Pol\u00edtica\"],\"inLanguage\":\"pt-BR\",\"potentialAction\":[{\"@type\":\"CommentAction\",\"name\":\"Comment\",\"target\":[\"https:\\\/\\\/redenoticiaz.com.br\\\/ribeiraopreto-regiao\\\/sp\\\/2023\\\/01\\\/09\\\/governador-do-distrito-federal-e-afastado-apos-atos-antidemocraticos#respond\"]}]},{\"@type\":\"WebPage\",\"@id\":\"https:\\\/\\\/redenoticiaz.com.br\\\/ribeiraopreto-regiao\\\/sp\\\/2023\\\/01\\\/09\\\/governador-do-distrito-federal-e-afastado-apos-atos-antidemocraticos\",\"url\":\"https:\\\/\\\/redenoticiaz.com.br\\\/ribeiraopreto-regiao\\\/sp\\\/2023\\\/01\\\/09\\\/governador-do-distrito-federal-e-afastado-apos-atos-antidemocraticos\",\"name\":\"Governador do Distrito Federal \u00e9 afastado ap\u00f3s atos antidemocr\u00e1ticos - Ribeir\u00e3o Preto e Regi\u00e3o\",\"isPartOf\":{\"@id\":\"https:\\\/\\\/redenoticiaz.com.br\\\/ribeiraopreto-regiao\\\/#website\"},\"primaryImageOfPage\":{\"@id\":\"https:\\\/\\\/redenoticiaz.com.br\\\/ribeiraopreto-regiao\\\/sp\\\/2023\\\/01\\\/09\\\/governador-do-distrito-federal-e-afastado-apos-atos-antidemocraticos#primaryimage\"},\"image\":{\"@id\":\"https:\\\/\\\/redenoticiaz.com.br\\\/ribeiraopreto-regiao\\\/sp\\\/2023\\\/01\\\/09\\\/governador-do-distrito-federal-e-afastado-apos-atos-antidemocraticos#primaryimage\"},\"thumbnailUrl\":\"https:\\\/\\\/redenoticiaz.com.br\\\/ribeiraopreto-regiao\\\/wp-content\\\/uploads\\\/sites\\\/4\\\/2023\\\/01\\\/ibaneis_mdb_2_-_df.jpg?v=1673272963\",\"datePublished\":\"2023-01-09T14:04:10+00:00\",\"description\":\"A partir desta segunda-feira (9), o governador do Distrito Federal (DF), Ibaneis Rocha, ficar\u00e1 90 dias afastado do cargo. A decis\u00e3o\",\"inLanguage\":\"pt-BR\",\"potentialAction\":[{\"@type\":\"ReadAction\",\"target\":[\"https:\\\/\\\/redenoticiaz.com.br\\\/ribeiraopreto-regiao\\\/sp\\\/2023\\\/01\\\/09\\\/governador-do-distrito-federal-e-afastado-apos-atos-antidemocraticos\"]}]},{\"@type\":\"ImageObject\",\"inLanguage\":\"pt-BR\",\"@id\":\"https:\\\/\\\/redenoticiaz.com.br\\\/ribeiraopreto-regiao\\\/sp\\\/2023\\\/01\\\/09\\\/governador-do-distrito-federal-e-afastado-apos-atos-antidemocraticos#primaryimage\",\"url\":\"https:\\\/\\\/redenoticiaz.com.br\\\/ribeiraopreto-regiao\\\/wp-content\\\/uploads\\\/sites\\\/4\\\/2023\\\/01\\\/ibaneis_mdb_2_-_df.jpg?v=1673272963\",\"contentUrl\":\"https:\\\/\\\/redenoticiaz.com.br\\\/ribeiraopreto-regiao\\\/wp-content\\\/uploads\\\/sites\\\/4\\\/2023\\\/01\\\/ibaneis_mdb_2_-_df.jpg?v=1673272963\",\"width\":1170,\"height\":700,\"caption\":\"Cr\u00e9ditos: Divulga\u00e7\u00e3o\\\/Ag\u00eancia Brasil\"},{\"@type\":\"WebSite\",\"@id\":\"https:\\\/\\\/redenoticiaz.com.br\\\/ribeiraopreto-regiao\\\/#website\",\"url\":\"https:\\\/\\\/redenoticiaz.com.br\\\/ribeiraopreto-regiao\\\/\",\"name\":\"Ribeir\u00e3o Preto e Regi\u00e3o\",\"description\":\"Rede NoticiaZ - Ribeir\u00e3o Preto e regi\u00e3o\",\"publisher\":{\"@id\":\"https:\\\/\\\/redenoticiaz.com.br\\\/ribeiraopreto-regiao\\\/#organization\"},\"potentialAction\":[{\"@type\":\"SearchAction\",\"target\":{\"@type\":\"EntryPoint\",\"urlTemplate\":\"https:\\\/\\\/redenoticiaz.com.br\\\/ribeiraopreto-regiao\\\/?s={search_term_string}\"},\"query-input\":{\"@type\":\"PropertyValueSpecification\",\"valueRequired\":true,\"valueName\":\"search_term_string\"}}],\"inLanguage\":\"pt-BR\"},{\"@type\":\"Organization\",\"@id\":\"https:\\\/\\\/redenoticiaz.com.br\\\/ribeiraopreto-regiao\\\/#organization\",\"name\":\"Ribeir\u00e3o Preto e Regi\u00e3o\",\"url\":\"https:\\\/\\\/redenoticiaz.com.br\\\/ribeiraopreto-regiao\\\/\",\"logo\":{\"@type\":\"ImageObject\",\"inLanguage\":\"pt-BR\",\"@id\":\"https:\\\/\\\/redenoticiaz.com.br\\\/ribeiraopreto-regiao\\\/#\\\/schema\\\/logo\\\/image\\\/\",\"url\":\"https:\\\/\\\/redenoticiaz.com.br\\\/barretos-regiao\\\/wp-content\\\/uploads\\\/sites\\\/4\\\/2022\\\/02\\\/logo.jpg\",\"contentUrl\":\"https:\\\/\\\/redenoticiaz.com.br\\\/barretos-regiao\\\/wp-content\\\/uploads\\\/sites\\\/4\\\/2022\\\/02\\\/logo.jpg\",\"width\":400,\"height\":250,\"caption\":\"Ribeir\u00e3o Preto e Regi\u00e3o\"},\"image\":{\"@id\":\"https:\\\/\\\/redenoticiaz.com.br\\\/ribeiraopreto-regiao\\\/#\\\/schema\\\/logo\\\/image\\\/\"},\"sameAs\":[\"https:\\\/\\\/m.facebook.com\\\/redenoticiaz.barretos\",\"https:\\\/\\\/x.com\\\/RN_barretos\",\"https:\\\/\\\/www.instagram.com\\\/redenoticiaz.barretos\\\/?igshid=YmMyMTA2M2Y\",\"https:\\\/\\\/www.linkedin.com\\\/company\\\/rede-noticiaz-barretos-e-regio\\\/\"]},{\"@type\":\"Person\",\"@id\":\"https:\\\/\\\/redenoticiaz.com.br\\\/ribeiraopreto-regiao\\\/#\\\/schema\\\/person\\\/0f0b8a5bdafefe82841e07ae8d81ecb3\",\"name\":\"Leonardo Francisco\",\"image\":{\"@type\":\"ImageObject\",\"inLanguage\":\"pt-BR\",\"@id\":\"https:\\\/\\\/secure.gravatar.com\\\/avatar\\\/a7358cb406a99b682ec6df1e77e31ae82e63601f6784e8a3df411d72b37864da?s=96&d=mm&r=g\",\"url\":\"https:\\\/\\\/secure.gravatar.com\\\/avatar\\\/a7358cb406a99b682ec6df1e77e31ae82e63601f6784e8a3df411d72b37864da?s=96&d=mm&r=g\",\"contentUrl\":\"https:\\\/\\\/secure.gravatar.com\\\/avatar\\\/a7358cb406a99b682ec6df1e77e31ae82e63601f6784e8a3df411d72b37864da?s=96&d=mm&r=g\",\"caption\":\"Leonardo Francisco\"},\"url\":\"https:\\\/\\\/redenoticiaz.com.br\\\/ribeiraopreto-regiao\\\/sp\\\/author\\\/leonardo-francisco\"}]}<\/script>\n<!-- \/ Yoast SEO plugin. -->","yoast_head_json":{"title":"Governador do Distrito Federal \u00e9 afastado ap\u00f3s atos antidemocr\u00e1ticos - Ribeir\u00e3o Preto e Regi\u00e3o","description":"A partir desta segunda-feira (9), o governador do Distrito Federal (DF), Ibaneis Rocha, ficar\u00e1 90 dias afastado do cargo. A decis\u00e3o","robots":{"index":"index","follow":"follow","max-snippet":"max-snippet:-1","max-image-preview":"max-image-preview:large","max-video-preview":"max-video-preview:-1"},"canonical":"https:\/\/redenoticiaz.com.br\/ribeiraopreto-regiao\/sp\/2023\/01\/09\/governador-do-distrito-federal-e-afastado-apos-atos-antidemocraticos","og_locale":"pt_BR","og_type":"article","og_title":"Governador do Distrito Federal \u00e9 afastado ap\u00f3s atos antidemocr\u00e1ticos - Ribeir\u00e3o Preto e Regi\u00e3o","og_description":"A partir desta segunda-feira (9), o governador do Distrito Federal (DF), Ibaneis Rocha, ficar\u00e1 90 dias afastado do cargo. A decis\u00e3o","og_url":"https:\/\/redenoticiaz.com.br\/ribeiraopreto-regiao\/sp\/2023\/01\/09\/governador-do-distrito-federal-e-afastado-apos-atos-antidemocraticos","og_site_name":"Ribeir\u00e3o Preto e Regi\u00e3o","article_publisher":"https:\/\/m.facebook.com\/redenoticiaz.barretos","article_published_time":"2023-01-09T14:04:10+00:00","og_image":[{"width":400,"height":250,"url":"https:\/\/redenoticiaz.com.br\/ribeiraopreto-regiao\/wp-content\/uploads\/sites\/4\/2022\/02\/logo.jpg","type":"image\/jpeg"}],"author":"Leonardo Francisco","twitter_card":"summary_large_image","twitter_creator":"@RN_barretos","twitter_site":"@RN_barretos","twitter_misc":{"Escrito por":"Leonardo Francisco","Est. tempo de leitura":"4 minutos"},"schema":{"@context":"https:\/\/schema.org","@graph":[{"@type":"Article","@id":"https:\/\/redenoticiaz.com.br\/ribeiraopreto-regiao\/sp\/2023\/01\/09\/governador-do-distrito-federal-e-afastado-apos-atos-antidemocraticos#article","isPartOf":{"@id":"https:\/\/redenoticiaz.com.br\/ribeiraopreto-regiao\/sp\/2023\/01\/09\/governador-do-distrito-federal-e-afastado-apos-atos-antidemocraticos"},"author":{"name":"Leonardo Francisco","@id":"https:\/\/redenoticiaz.com.br\/ribeiraopreto-regiao\/#\/schema\/person\/0f0b8a5bdafefe82841e07ae8d81ecb3"},"headline":"Governador do Distrito Federal \u00e9 afastado ap\u00f3s atos antidemocr\u00e1ticos","datePublished":"2023-01-09T14:04:10+00:00","mainEntityOfPage":{"@id":"https:\/\/redenoticiaz.com.br\/ribeiraopreto-regiao\/sp\/2023\/01\/09\/governador-do-distrito-federal-e-afastado-apos-atos-antidemocraticos"},"wordCount":668,"commentCount":0,"publisher":{"@id":"https:\/\/redenoticiaz.com.br\/ribeiraopreto-regiao\/#organization"},"image":{"@id":"https:\/\/redenoticiaz.com.br\/ribeiraopreto-regiao\/sp\/2023\/01\/09\/governador-do-distrito-federal-e-afastado-apos-atos-antidemocraticos#primaryimage"},"thumbnailUrl":"https:\/\/redenoticiaz.com.br\/ribeiraopreto-regiao\/wp-content\/uploads\/sites\/4\/2023\/01\/ibaneis_mdb_2_-_df.jpg?v=1673272963","keywords":["ATOS ANTIDEMOCR\u00c1TICOS","BRAS\u00cdLIA","DISTRITO FEDERAL","GOVERNADOR AFASTADO","IBANEIS ROCHA","OMISS\u00c3O"],"articleSection":["Justi\u00e7a","Pol\u00edtica"],"inLanguage":"pt-BR","potentialAction":[{"@type":"CommentAction","name":"Comment","target":["https:\/\/redenoticiaz.com.br\/ribeiraopreto-regiao\/sp\/2023\/01\/09\/governador-do-distrito-federal-e-afastado-apos-atos-antidemocraticos#respond"]}]},{"@type":"WebPage","@id":"https:\/\/redenoticiaz.com.br\/ribeiraopreto-regiao\/sp\/2023\/01\/09\/governador-do-distrito-federal-e-afastado-apos-atos-antidemocraticos","url":"https:\/\/redenoticiaz.com.br\/ribeiraopreto-regiao\/sp\/2023\/01\/09\/governador-do-distrito-federal-e-afastado-apos-atos-antidemocraticos","name":"Governador do Distrito Federal \u00e9 afastado ap\u00f3s atos antidemocr\u00e1ticos - Ribeir\u00e3o Preto e Regi\u00e3o","isPartOf":{"@id":"https:\/\/redenoticiaz.com.br\/ribeiraopreto-regiao\/#website"},"primaryImageOfPage":{"@id":"https:\/\/redenoticiaz.com.br\/ribeiraopreto-regiao\/sp\/2023\/01\/09\/governador-do-distrito-federal-e-afastado-apos-atos-antidemocraticos#primaryimage"},"image":{"@id":"https:\/\/redenoticiaz.com.br\/ribeiraopreto-regiao\/sp\/2023\/01\/09\/governador-do-distrito-federal-e-afastado-apos-atos-antidemocraticos#primaryimage"},"thumbnailUrl":"https:\/\/redenoticiaz.com.br\/ribeiraopreto-regiao\/wp-content\/uploads\/sites\/4\/2023\/01\/ibaneis_mdb_2_-_df.jpg?v=1673272963","datePublished":"2023-01-09T14:04:10+00:00","description":"A partir desta segunda-feira (9), o governador do Distrito Federal (DF), Ibaneis Rocha, ficar\u00e1 90 dias afastado do cargo. A decis\u00e3o","inLanguage":"pt-BR","potentialAction":[{"@type":"ReadAction","target":["https:\/\/redenoticiaz.com.br\/ribeiraopreto-regiao\/sp\/2023\/01\/09\/governador-do-distrito-federal-e-afastado-apos-atos-antidemocraticos"]}]},{"@type":"ImageObject","inLanguage":"pt-BR","@id":"https:\/\/redenoticiaz.com.br\/ribeiraopreto-regiao\/sp\/2023\/01\/09\/governador-do-distrito-federal-e-afastado-apos-atos-antidemocraticos#primaryimage","url":"https:\/\/redenoticiaz.com.br\/ribeiraopreto-regiao\/wp-content\/uploads\/sites\/4\/2023\/01\/ibaneis_mdb_2_-_df.jpg?v=1673272963","contentUrl":"https:\/\/redenoticiaz.com.br\/ribeiraopreto-regiao\/wp-content\/uploads\/sites\/4\/2023\/01\/ibaneis_mdb_2_-_df.jpg?v=1673272963","width":1170,"height":700,"caption":"Cr\u00e9ditos: Divulga\u00e7\u00e3o\/Ag\u00eancia Brasil"},{"@type":"WebSite","@id":"https:\/\/redenoticiaz.com.br\/ribeiraopreto-regiao\/#website","url":"https:\/\/redenoticiaz.com.br\/ribeiraopreto-regiao\/","name":"Ribeir\u00e3o Preto e Regi\u00e3o","description":"Rede NoticiaZ - Ribeir\u00e3o Preto e regi\u00e3o","publisher":{"@id":"https:\/\/redenoticiaz.com.br\/ribeiraopreto-regiao\/#organization"},"potentialAction":[{"@type":"SearchAction","target":{"@type":"EntryPoint","urlTemplate":"https:\/\/redenoticiaz.com.br\/ribeiraopreto-regiao\/?s={search_term_string}"},"query-input":{"@type":"PropertyValueSpecification","valueRequired":true,"valueName":"search_term_string"}}],"inLanguage":"pt-BR"},{"@type":"Organization","@id":"https:\/\/redenoticiaz.com.br\/ribeiraopreto-regiao\/#organization","name":"Ribeir\u00e3o Preto e Regi\u00e3o","url":"https:\/\/redenoticiaz.com.br\/ribeiraopreto-regiao\/","logo":{"@type":"ImageObject","inLanguage":"pt-BR","@id":"https:\/\/redenoticiaz.com.br\/ribeiraopreto-regiao\/#\/schema\/logo\/image\/","url":"https:\/\/redenoticiaz.com.br\/barretos-regiao\/wp-content\/uploads\/sites\/4\/2022\/02\/logo.jpg","contentUrl":"https:\/\/redenoticiaz.com.br\/barretos-regiao\/wp-content\/uploads\/sites\/4\/2022\/02\/logo.jpg","width":400,"height":250,"caption":"Ribeir\u00e3o Preto e Regi\u00e3o"},"image":{"@id":"https:\/\/redenoticiaz.com.br\/ribeiraopreto-regiao\/#\/schema\/logo\/image\/"},"sameAs":["https:\/\/m.facebook.com\/redenoticiaz.barretos","https:\/\/x.com\/RN_barretos","https:\/\/www.instagram.com\/redenoticiaz.barretos\/?igshid=YmMyMTA2M2Y","https:\/\/www.linkedin.com\/company\/rede-noticiaz-barretos-e-regio\/"]},{"@type":"Person","@id":"https:\/\/redenoticiaz.com.br\/ribeiraopreto-regiao\/#\/schema\/person\/0f0b8a5bdafefe82841e07ae8d81ecb3","name":"Leonardo Francisco","image":{"@type":"ImageObject","inLanguage":"pt-BR","@id":"https:\/\/secure.gravatar.com\/avatar\/a7358cb406a99b682ec6df1e77e31ae82e63601f6784e8a3df411d72b37864da?s=96&d=mm&r=g","url":"https:\/\/secure.gravatar.com\/avatar\/a7358cb406a99b682ec6df1e77e31ae82e63601f6784e8a3df411d72b37864da?s=96&d=mm&r=g","contentUrl":"https:\/\/secure.gravatar.com\/avatar\/a7358cb406a99b682ec6df1e77e31ae82e63601f6784e8a3df411d72b37864da?s=96&d=mm&r=g","caption":"Leonardo Francisco"},"url":"https:\/\/redenoticiaz.com.br\/ribeiraopreto-regiao\/sp\/author\/leonardo-francisco"}]}},"_links":{"self":[{"href":"https:\/\/redenoticiaz.com.br\/ribeiraopreto-regiao\/wp-json\/wp\/v2\/posts\/98214","targetHints":{"allow":["GET"]}}],"collection":[{"href":"https:\/\/redenoticiaz.com.br\/ribeiraopreto-regiao\/wp-json\/wp\/v2\/posts"}],"about":[{"href":"https:\/\/redenoticiaz.com.br\/ribeiraopreto-regiao\/wp-json\/wp\/v2\/types\/post"}],"author":[{"embeddable":true,"href":"https:\/\/redenoticiaz.com.br\/ribeiraopreto-regiao\/wp-json\/wp\/v2\/users\/6"}],"replies":[{"embeddable":true,"href":"https:\/\/redenoticiaz.com.br\/ribeiraopreto-regiao\/wp-json\/wp\/v2\/comments?post=98214"}],"version-history":[{"count":0,"href":"https:\/\/redenoticiaz.com.br\/ribeiraopreto-regiao\/wp-json\/wp\/v2\/posts\/98214\/revisions"}],"wp:featuredmedia":[{"embeddable":true,"href":"https:\/\/redenoticiaz.com.br\/ribeiraopreto-regiao\/wp-json\/wp\/v2\/media\/98215"}],"wp:attachment":[{"href":"https:\/\/redenoticiaz.com.br\/ribeiraopreto-regiao\/wp-json\/wp\/v2\/media?parent=98214"}],"wp:term":[{"taxonomy":"category","embeddable":true,"href":"https:\/\/redenoticiaz.com.br\/ribeiraopreto-regiao\/wp-json\/wp\/v2\/categories?post=98214"},{"taxonomy":"post_tag","embeddable":true,"href":"https:\/\/redenoticiaz.com.br\/ribeiraopreto-regiao\/wp-json\/wp\/v2\/tags?post=98214"}],"curies":[{"name":"wp","href":"https:\/\/api.w.org\/{rel}","templated":true}]}}