{"id":98216,"date":"2023-01-09T11:20:35","date_gmt":"2023-01-09T14:20:35","guid":{"rendered":"https:\/\/redenoticiaz.com.br\/barretos-regiao\/sp\/2023\/01\/09\/dono-do-rojao-que-matou-mulher-no-reveillon-em-praia-grande-tem-imagem-divulgada"},"modified":"2023-01-09T11:20:35","modified_gmt":"2023-01-09T14:20:35","slug":"dono-do-rojao-que-matou-mulher-no-reveillon-em-praia-grande-tem-imagem-divulgada","status":"publish","type":"post","link":"https:\/\/redenoticiaz.com.br\/ribeiraopreto-regiao\/sp\/2023\/01\/09\/dono-do-rojao-que-matou-mulher-no-reveillon-em-praia-grande-tem-imagem-divulgada","title":{"rendered":"Dono do roj\u00e3o que matou mulher no R\u00e9veillon em Praia Grande tem imagem divulgada"},"content":{"rendered":"<div id=\"chunk-6dra5\">\n<div class=\"mc-column content-text active-extra-styles \" data-block-type=\"unstyled\" data-block-weight=\"60\" data-block-id=\"3\">\n<p class=\"content-text__container \" data-track-category=\"Link no Texto\" data-track-links=\"\">Um v\u00eddeo foi divulgado onde \u00e9 mostrado quem \u00e9 o <strong>suspeito de ter soltado o roj\u00e3o que causou a morte de Elisangela Tinem, de 38 anos<\/strong>, durante o R\u00e9veillon, em Praia Grande, Litoral de S\u00e3o Paulo. Ele aparece, minutos antes da virada do ano, carregando uma caixa com fogos de artif\u00edcio. Agora a Pol\u00edcia Civil tenta localizar o suspeito.<\/p>\n<\/div>\n<\/div>\n<div class=\"wall protected-content\">\n<div id=\"chunk-6ccm1\">\n<div class=\"mc-column content-text active-extra-styles \" data-block-type=\"unstyled\" data-block-weight=\"73\" data-block-id=\"4\">\n<p class=\"content-text__container \" data-track-category=\"Link no Texto\" data-track-links=\"\">O acidente ocorreu na praia do bairro Vila Mirim quando come\u00e7ou a queima de fogos na noite do dia 31 de dezembro. A explos\u00e3o ocorreu quando o artefato &#8216;desvia no ar&#8217;, fica preso \u00e0 roupa da v\u00edtima e explode no peito dela.<\/p>\n<div id=\"chunk-cp6us\">\n<div class=\"mc-column content-text active-extra-styles \" data-block-type=\"unstyled\" data-block-weight=\"43\" data-block-id=\"7\">\n<p class=\"content-text__container \" data-track-category=\"Link no Texto\" data-track-links=\"\">A investiga\u00e7\u00e3o tenta identificar o homem que aparece nas imagens acendendo os fogos de artif\u00edcio. &#8220;Por meio de imagens de monitoramento, n\u00f3s conseguimos chegar em uma pessoa que trajava uma camiseta branca e uma bermuda vermelha&#8221;, explicou o delegado Alex Mendon\u00e7a do Nascimento.<\/p>\n<\/div>\n<\/div>\n<div id=\"chunk-c1371\">\n<div class=\"mc-column content-text active-extra-styles \" data-block-type=\"unstyled\" data-block-weight=\"44\" data-block-id=\"8\">\n<p class=\"content-text__container \" data-track-category=\"Link no Texto\" data-track-links=\"\">Novas imagens de uma c\u00e2mera de monitoramento, obtidas pela pol\u00edcia, mostram o homem com uma caixa e, depois, ele retorna com uma crian\u00e7a. Ele chegou na praia com um menino, \u00e0s 23h27 do dia 31 de dezembro.<\/p>\n<div id=\"chunk-b8eob\">\n<div class=\"mc-column content-text active-extra-styles \" data-block-type=\"unstyled\" data-block-weight=\"49\" data-block-id=\"11\">\n<p class=\"content-text__container \" data-track-category=\"Link no Texto\" data-track-links=\"\">&#8220;A Pol\u00edcia trabalha como homic\u00eddio culposo, pela imprud\u00eancia na instala\u00e7\u00e3o dessa caixa de fogos de artif\u00edcio no meio de uma quantidade enorme de pessoas. Mas, nada impede que ele possa vir a responder por homic\u00eddio doloso, que ele acaba assumindo o risco de produzir resultado&#8221;, disse o delegado.<\/p>\n<\/div>\n<\/div>\n<div id=\"chunk-56c4\">\n<div class=\"mc-column content-text active-extra-styles \" data-block-type=\"unstyled\" data-block-weight=\"31\" data-block-id=\"12\">\n<p class=\"content-text__container \" data-track-category=\"Link no Texto\" data-track-links=\"\">A Pol\u00edcia Civil tamb\u00e9m recolheu, a poucos metros, uma caixa pl\u00e1stica enterrada na areia. O material ser\u00e1 analisado pela per\u00edcia para saber que tipo de artefato atingiu e matou Elis\u00e2ngela.<\/p>\n<p data-track-category=\"Link no Texto\" data-track-links=\"\"><strong>LEIA TAMB\u00c9M<\/strong><\/p>\n<p data-track-category=\"Link no Texto\" data-track-links=\"\"><a href=\"https:\/\/redenoticiaz.com.br\/litoralsp\/2023\/01\/05\/policia-identifica-roupas-do-suspeito-que-soltou-rojao-e-matou-mulher-em-praia-grande\">Pol\u00edcia identifica roupas do suspeito que soltou roj\u00e3o e matou mulher em Praia Grande<\/a><\/p>\n<\/div>\n<\/div>\n<\/div>\n<\/div>\n<\/div>\n<\/div>\n<\/div>\n","protected":false},"excerpt":{"rendered":"<p>Um v\u00eddeo foi divulgado onde \u00e9 mostrado quem \u00e9 o suspeito de ter soltado o roj\u00e3o que causou a morte de Elisangela Tinem, de 38 anos, durante o R\u00e9veillon, em Praia Grande, Litoral de S\u00e3o Paulo. Ele aparece, minutos antes da virada do ano, carregando uma caixa com fogos de artif\u00edcio. Agora a Pol\u00edcia Civil &hellip;<\/p>\n","protected":false},"author":6,"featured_media":98217,"comment_status":"open","ping_status":"closed","sticky":false,"template":"","format":"standard","meta":{"footnotes":""},"categories":[88],"tags":[23631,22320,367,21322,23425,23632],"class_list":["post-98216","post","type-post","status-publish","format-standard","has-post-thumbnail","hentry","category-policia","tag-morte-de-mulher","tag-policia-civil-2","tag-praia-grande","tag-reveillon","tag-rojao","tag-suspeito-identificado"],"yoast_head":"<!-- This site is optimized with the Yoast SEO plugin v27.4 - https:\/\/yoast.com\/product\/yoast-seo-wordpress\/ -->\n<title>Dono do roj\u00e3o que matou mulher no R\u00e9veillon em Praia Grande tem imagem divulgada - Ribeir\u00e3o Preto e Regi\u00e3o<\/title>\n<meta name=\"description\" content=\"divulgado onde \u00e9 mostrado quem \u00e9 o suspeito de ter soltado o roj\u00e3o que causou a morte de Elisangela Tinem, de 38 anos, durante\" \/>\n<meta name=\"robots\" content=\"index, follow, max-snippet:-1, max-image-preview:large, max-video-preview:-1\" \/>\n<link rel=\"canonical\" href=\"https:\/\/redenoticiaz.com.br\/ribeiraopreto-regiao\/sp\/2023\/01\/09\/dono-do-rojao-que-matou-mulher-no-reveillon-em-praia-grande-tem-imagem-divulgada\" \/>\n<meta property=\"og:locale\" content=\"pt_BR\" \/>\n<meta property=\"og:type\" content=\"article\" \/>\n<meta property=\"og:title\" content=\"Dono do roj\u00e3o que matou mulher no R\u00e9veillon em Praia Grande tem imagem divulgada - Ribeir\u00e3o Preto e Regi\u00e3o\" \/>\n<meta property=\"og:description\" content=\"divulgado onde \u00e9 mostrado quem \u00e9 o suspeito de ter soltado o roj\u00e3o que causou a morte de Elisangela Tinem, de 38 anos, durante\" \/>\n<meta property=\"og:url\" content=\"https:\/\/redenoticiaz.com.br\/ribeiraopreto-regiao\/sp\/2023\/01\/09\/dono-do-rojao-que-matou-mulher-no-reveillon-em-praia-grande-tem-imagem-divulgada\" \/>\n<meta property=\"og:site_name\" content=\"Ribeir\u00e3o Preto e Regi\u00e3o\" \/>\n<meta property=\"article:publisher\" content=\"https:\/\/m.facebook.com\/redenoticiaz.barretos\" \/>\n<meta property=\"article:published_time\" content=\"2023-01-09T14:20:35+00:00\" \/>\n<meta property=\"og:image\" content=\"https:\/\/redenoticiaz.com.br\/ribeiraopreto-regiao\/wp-content\/uploads\/sites\/4\/2023\/01\/Barretos-Motorcycles-2023-veja-precos-e-como-comprar-ingressos.png\" \/>\n\t<meta property=\"og:image:width\" content=\"1200\" \/>\n\t<meta property=\"og:image:height\" content=\"628\" \/>\n\t<meta property=\"og:image:type\" content=\"image\/png\" \/>\n<meta name=\"author\" content=\"Leonardo Francisco\" \/>\n<meta name=\"twitter:card\" content=\"summary_large_image\" \/>\n<meta name=\"twitter:creator\" content=\"@RN_barretos\" \/>\n<meta name=\"twitter:site\" content=\"@RN_barretos\" \/>\n<meta name=\"twitter:label1\" content=\"Escrito por\" \/>\n\t<meta name=\"twitter:data1\" content=\"Leonardo Francisco\" \/>\n\t<meta name=\"twitter:label2\" content=\"Est. tempo de leitura\" \/>\n\t<meta name=\"twitter:data2\" content=\"2 minutos\" \/>\n<script type=\"application\/ld+json\" class=\"yoast-schema-graph\">{\"@context\":\"https:\\\/\\\/schema.org\",\"@graph\":[{\"@type\":\"Article\",\"@id\":\"https:\\\/\\\/redenoticiaz.com.br\\\/ribeiraopreto-regiao\\\/sp\\\/2023\\\/01\\\/09\\\/dono-do-rojao-que-matou-mulher-no-reveillon-em-praia-grande-tem-imagem-divulgada#article\",\"isPartOf\":{\"@id\":\"https:\\\/\\\/redenoticiaz.com.br\\\/ribeiraopreto-regiao\\\/sp\\\/2023\\\/01\\\/09\\\/dono-do-rojao-que-matou-mulher-no-reveillon-em-praia-grande-tem-imagem-divulgada\"},\"author\":{\"name\":\"Leonardo Francisco\",\"@id\":\"https:\\\/\\\/redenoticiaz.com.br\\\/ribeiraopreto-regiao\\\/#\\\/schema\\\/person\\\/0f0b8a5bdafefe82841e07ae8d81ecb3\"},\"headline\":\"Dono do roj\u00e3o que matou mulher no R\u00e9veillon em Praia Grande tem imagem divulgada\",\"datePublished\":\"2023-01-09T14:20:35+00:00\",\"mainEntityOfPage\":{\"@id\":\"https:\\\/\\\/redenoticiaz.com.br\\\/ribeiraopreto-regiao\\\/sp\\\/2023\\\/01\\\/09\\\/dono-do-rojao-que-matou-mulher-no-reveillon-em-praia-grande-tem-imagem-divulgada\"},\"wordCount\":315,\"commentCount\":0,\"publisher\":{\"@id\":\"https:\\\/\\\/redenoticiaz.com.br\\\/ribeiraopreto-regiao\\\/#organization\"},\"image\":{\"@id\":\"https:\\\/\\\/redenoticiaz.com.br\\\/ribeiraopreto-regiao\\\/sp\\\/2023\\\/01\\\/09\\\/dono-do-rojao-que-matou-mulher-no-reveillon-em-praia-grande-tem-imagem-divulgada#primaryimage\"},\"thumbnailUrl\":\"https:\\\/\\\/redenoticiaz.com.br\\\/ribeiraopreto-regiao\\\/wp-content\\\/uploads\\\/sites\\\/4\\\/2023\\\/01\\\/SUSPEITO-ROJAO.jpg\",\"keywords\":[\"MORTE DE MULHER\",\"POL\u00cdCIA CIVIL\",\"PRAIA GRANDE\",\"R\u00c9VEILLON\",\"ROJ\u00c3O\",\"SUSPEITO IDENTIFICADO\"],\"articleSection\":[\"Pol\u00edcia\"],\"inLanguage\":\"pt-BR\",\"potentialAction\":[{\"@type\":\"CommentAction\",\"name\":\"Comment\",\"target\":[\"https:\\\/\\\/redenoticiaz.com.br\\\/ribeiraopreto-regiao\\\/sp\\\/2023\\\/01\\\/09\\\/dono-do-rojao-que-matou-mulher-no-reveillon-em-praia-grande-tem-imagem-divulgada#respond\"]}]},{\"@type\":\"WebPage\",\"@id\":\"https:\\\/\\\/redenoticiaz.com.br\\\/ribeiraopreto-regiao\\\/sp\\\/2023\\\/01\\\/09\\\/dono-do-rojao-que-matou-mulher-no-reveillon-em-praia-grande-tem-imagem-divulgada\",\"url\":\"https:\\\/\\\/redenoticiaz.com.br\\\/ribeiraopreto-regiao\\\/sp\\\/2023\\\/01\\\/09\\\/dono-do-rojao-que-matou-mulher-no-reveillon-em-praia-grande-tem-imagem-divulgada\",\"name\":\"Dono do roj\u00e3o que matou mulher no R\u00e9veillon em Praia Grande tem imagem divulgada - Ribeir\u00e3o Preto e Regi\u00e3o\",\"isPartOf\":{\"@id\":\"https:\\\/\\\/redenoticiaz.com.br\\\/ribeiraopreto-regiao\\\/#website\"},\"primaryImageOfPage\":{\"@id\":\"https:\\\/\\\/redenoticiaz.com.br\\\/ribeiraopreto-regiao\\\/sp\\\/2023\\\/01\\\/09\\\/dono-do-rojao-que-matou-mulher-no-reveillon-em-praia-grande-tem-imagem-divulgada#primaryimage\"},\"image\":{\"@id\":\"https:\\\/\\\/redenoticiaz.com.br\\\/ribeiraopreto-regiao\\\/sp\\\/2023\\\/01\\\/09\\\/dono-do-rojao-que-matou-mulher-no-reveillon-em-praia-grande-tem-imagem-divulgada#primaryimage\"},\"thumbnailUrl\":\"https:\\\/\\\/redenoticiaz.com.br\\\/ribeiraopreto-regiao\\\/wp-content\\\/uploads\\\/sites\\\/4\\\/2023\\\/01\\\/SUSPEITO-ROJAO.jpg\",\"datePublished\":\"2023-01-09T14:20:35+00:00\",\"description\":\"divulgado onde \u00e9 mostrado quem \u00e9 o suspeito de ter soltado o roj\u00e3o que causou a morte de Elisangela Tinem, de 38 anos, durante\",\"inLanguage\":\"pt-BR\",\"potentialAction\":[{\"@type\":\"ReadAction\",\"target\":[\"https:\\\/\\\/redenoticiaz.com.br\\\/ribeiraopreto-regiao\\\/sp\\\/2023\\\/01\\\/09\\\/dono-do-rojao-que-matou-mulher-no-reveillon-em-praia-grande-tem-imagem-divulgada\"]}]},{\"@type\":\"ImageObject\",\"inLanguage\":\"pt-BR\",\"@id\":\"https:\\\/\\\/redenoticiaz.com.br\\\/ribeiraopreto-regiao\\\/sp\\\/2023\\\/01\\\/09\\\/dono-do-rojao-que-matou-mulher-no-reveillon-em-praia-grande-tem-imagem-divulgada#primaryimage\",\"url\":\"https:\\\/\\\/redenoticiaz.com.br\\\/ribeiraopreto-regiao\\\/wp-content\\\/uploads\\\/sites\\\/4\\\/2023\\\/01\\\/SUSPEITO-ROJAO.jpg\",\"contentUrl\":\"https:\\\/\\\/redenoticiaz.com.br\\\/ribeiraopreto-regiao\\\/wp-content\\\/uploads\\\/sites\\\/4\\\/2023\\\/01\\\/SUSPEITO-ROJAO.jpg\",\"width\":495,\"height\":259,\"caption\":\"Pol\u00edcia busca saber o paradeiro do acusado. Cr\u00e9ditos: Reprodu\u00e7\u00e3o\"},{\"@type\":\"WebSite\",\"@id\":\"https:\\\/\\\/redenoticiaz.com.br\\\/ribeiraopreto-regiao\\\/#website\",\"url\":\"https:\\\/\\\/redenoticiaz.com.br\\\/ribeiraopreto-regiao\\\/\",\"name\":\"Ribeir\u00e3o Preto e Regi\u00e3o\",\"description\":\"Rede NoticiaZ - Ribeir\u00e3o Preto e regi\u00e3o\",\"publisher\":{\"@id\":\"https:\\\/\\\/redenoticiaz.com.br\\\/ribeiraopreto-regiao\\\/#organization\"},\"potentialAction\":[{\"@type\":\"SearchAction\",\"target\":{\"@type\":\"EntryPoint\",\"urlTemplate\":\"https:\\\/\\\/redenoticiaz.com.br\\\/ribeiraopreto-regiao\\\/?s={search_term_string}\"},\"query-input\":{\"@type\":\"PropertyValueSpecification\",\"valueRequired\":true,\"valueName\":\"search_term_string\"}}],\"inLanguage\":\"pt-BR\"},{\"@type\":\"Organization\",\"@id\":\"https:\\\/\\\/redenoticiaz.com.br\\\/ribeiraopreto-regiao\\\/#organization\",\"name\":\"Ribeir\u00e3o Preto e Regi\u00e3o\",\"url\":\"https:\\\/\\\/redenoticiaz.com.br\\\/ribeiraopreto-regiao\\\/\",\"logo\":{\"@type\":\"ImageObject\",\"inLanguage\":\"pt-BR\",\"@id\":\"https:\\\/\\\/redenoticiaz.com.br\\\/ribeiraopreto-regiao\\\/#\\\/schema\\\/logo\\\/image\\\/\",\"url\":\"https:\\\/\\\/redenoticiaz.com.br\\\/barretos-regiao\\\/wp-content\\\/uploads\\\/sites\\\/4\\\/2022\\\/02\\\/logo.jpg\",\"contentUrl\":\"https:\\\/\\\/redenoticiaz.com.br\\\/barretos-regiao\\\/wp-content\\\/uploads\\\/sites\\\/4\\\/2022\\\/02\\\/logo.jpg\",\"width\":400,\"height\":250,\"caption\":\"Ribeir\u00e3o Preto e Regi\u00e3o\"},\"image\":{\"@id\":\"https:\\\/\\\/redenoticiaz.com.br\\\/ribeiraopreto-regiao\\\/#\\\/schema\\\/logo\\\/image\\\/\"},\"sameAs\":[\"https:\\\/\\\/m.facebook.com\\\/redenoticiaz.barretos\",\"https:\\\/\\\/x.com\\\/RN_barretos\",\"https:\\\/\\\/www.instagram.com\\\/redenoticiaz.barretos\\\/?igshid=YmMyMTA2M2Y\",\"https:\\\/\\\/www.linkedin.com\\\/company\\\/rede-noticiaz-barretos-e-regio\\\/\"]},{\"@type\":\"Person\",\"@id\":\"https:\\\/\\\/redenoticiaz.com.br\\\/ribeiraopreto-regiao\\\/#\\\/schema\\\/person\\\/0f0b8a5bdafefe82841e07ae8d81ecb3\",\"name\":\"Leonardo Francisco\",\"image\":{\"@type\":\"ImageObject\",\"inLanguage\":\"pt-BR\",\"@id\":\"https:\\\/\\\/secure.gravatar.com\\\/avatar\\\/a7358cb406a99b682ec6df1e77e31ae82e63601f6784e8a3df411d72b37864da?s=96&d=mm&r=g\",\"url\":\"https:\\\/\\\/secure.gravatar.com\\\/avatar\\\/a7358cb406a99b682ec6df1e77e31ae82e63601f6784e8a3df411d72b37864da?s=96&d=mm&r=g\",\"contentUrl\":\"https:\\\/\\\/secure.gravatar.com\\\/avatar\\\/a7358cb406a99b682ec6df1e77e31ae82e63601f6784e8a3df411d72b37864da?s=96&d=mm&r=g\",\"caption\":\"Leonardo Francisco\"},\"url\":\"https:\\\/\\\/redenoticiaz.com.br\\\/ribeiraopreto-regiao\\\/sp\\\/author\\\/leonardo-francisco\"}]}<\/script>\n<!-- \/ Yoast SEO plugin. -->","yoast_head_json":{"title":"Dono do roj\u00e3o que matou mulher no R\u00e9veillon em Praia Grande tem imagem divulgada - Ribeir\u00e3o Preto e Regi\u00e3o","description":"divulgado onde \u00e9 mostrado quem \u00e9 o suspeito de ter soltado o roj\u00e3o que causou a morte de Elisangela Tinem, de 38 anos, durante","robots":{"index":"index","follow":"follow","max-snippet":"max-snippet:-1","max-image-preview":"max-image-preview:large","max-video-preview":"max-video-preview:-1"},"canonical":"https:\/\/redenoticiaz.com.br\/ribeiraopreto-regiao\/sp\/2023\/01\/09\/dono-do-rojao-que-matou-mulher-no-reveillon-em-praia-grande-tem-imagem-divulgada","og_locale":"pt_BR","og_type":"article","og_title":"Dono do roj\u00e3o que matou mulher no R\u00e9veillon em Praia Grande tem imagem divulgada - Ribeir\u00e3o Preto e Regi\u00e3o","og_description":"divulgado onde \u00e9 mostrado quem \u00e9 o suspeito de ter soltado o roj\u00e3o que causou a morte de Elisangela Tinem, de 38 anos, durante","og_url":"https:\/\/redenoticiaz.com.br\/ribeiraopreto-regiao\/sp\/2023\/01\/09\/dono-do-rojao-que-matou-mulher-no-reveillon-em-praia-grande-tem-imagem-divulgada","og_site_name":"Ribeir\u00e3o Preto e Regi\u00e3o","article_publisher":"https:\/\/m.facebook.com\/redenoticiaz.barretos","article_published_time":"2023-01-09T14:20:35+00:00","og_image":[{"width":1200,"height":628,"url":"https:\/\/redenoticiaz.com.br\/ribeiraopreto-regiao\/wp-content\/uploads\/sites\/4\/2023\/01\/Barretos-Motorcycles-2023-veja-precos-e-como-comprar-ingressos.png","type":"image\/png"}],"author":"Leonardo Francisco","twitter_card":"summary_large_image","twitter_creator":"@RN_barretos","twitter_site":"@RN_barretos","twitter_misc":{"Escrito por":"Leonardo Francisco","Est. tempo de leitura":"2 minutos"},"schema":{"@context":"https:\/\/schema.org","@graph":[{"@type":"Article","@id":"https:\/\/redenoticiaz.com.br\/ribeiraopreto-regiao\/sp\/2023\/01\/09\/dono-do-rojao-que-matou-mulher-no-reveillon-em-praia-grande-tem-imagem-divulgada#article","isPartOf":{"@id":"https:\/\/redenoticiaz.com.br\/ribeiraopreto-regiao\/sp\/2023\/01\/09\/dono-do-rojao-que-matou-mulher-no-reveillon-em-praia-grande-tem-imagem-divulgada"},"author":{"name":"Leonardo Francisco","@id":"https:\/\/redenoticiaz.com.br\/ribeiraopreto-regiao\/#\/schema\/person\/0f0b8a5bdafefe82841e07ae8d81ecb3"},"headline":"Dono do roj\u00e3o que matou mulher no R\u00e9veillon em Praia Grande tem imagem divulgada","datePublished":"2023-01-09T14:20:35+00:00","mainEntityOfPage":{"@id":"https:\/\/redenoticiaz.com.br\/ribeiraopreto-regiao\/sp\/2023\/01\/09\/dono-do-rojao-que-matou-mulher-no-reveillon-em-praia-grande-tem-imagem-divulgada"},"wordCount":315,"commentCount":0,"publisher":{"@id":"https:\/\/redenoticiaz.com.br\/ribeiraopreto-regiao\/#organization"},"image":{"@id":"https:\/\/redenoticiaz.com.br\/ribeiraopreto-regiao\/sp\/2023\/01\/09\/dono-do-rojao-que-matou-mulher-no-reveillon-em-praia-grande-tem-imagem-divulgada#primaryimage"},"thumbnailUrl":"https:\/\/redenoticiaz.com.br\/ribeiraopreto-regiao\/wp-content\/uploads\/sites\/4\/2023\/01\/SUSPEITO-ROJAO.jpg","keywords":["MORTE DE MULHER","POL\u00cdCIA CIVIL","PRAIA GRANDE","R\u00c9VEILLON","ROJ\u00c3O","SUSPEITO IDENTIFICADO"],"articleSection":["Pol\u00edcia"],"inLanguage":"pt-BR","potentialAction":[{"@type":"CommentAction","name":"Comment","target":["https:\/\/redenoticiaz.com.br\/ribeiraopreto-regiao\/sp\/2023\/01\/09\/dono-do-rojao-que-matou-mulher-no-reveillon-em-praia-grande-tem-imagem-divulgada#respond"]}]},{"@type":"WebPage","@id":"https:\/\/redenoticiaz.com.br\/ribeiraopreto-regiao\/sp\/2023\/01\/09\/dono-do-rojao-que-matou-mulher-no-reveillon-em-praia-grande-tem-imagem-divulgada","url":"https:\/\/redenoticiaz.com.br\/ribeiraopreto-regiao\/sp\/2023\/01\/09\/dono-do-rojao-que-matou-mulher-no-reveillon-em-praia-grande-tem-imagem-divulgada","name":"Dono do roj\u00e3o que matou mulher no R\u00e9veillon em Praia Grande tem imagem divulgada - Ribeir\u00e3o Preto e Regi\u00e3o","isPartOf":{"@id":"https:\/\/redenoticiaz.com.br\/ribeiraopreto-regiao\/#website"},"primaryImageOfPage":{"@id":"https:\/\/redenoticiaz.com.br\/ribeiraopreto-regiao\/sp\/2023\/01\/09\/dono-do-rojao-que-matou-mulher-no-reveillon-em-praia-grande-tem-imagem-divulgada#primaryimage"},"image":{"@id":"https:\/\/redenoticiaz.com.br\/ribeiraopreto-regiao\/sp\/2023\/01\/09\/dono-do-rojao-que-matou-mulher-no-reveillon-em-praia-grande-tem-imagem-divulgada#primaryimage"},"thumbnailUrl":"https:\/\/redenoticiaz.com.br\/ribeiraopreto-regiao\/wp-content\/uploads\/sites\/4\/2023\/01\/SUSPEITO-ROJAO.jpg","datePublished":"2023-01-09T14:20:35+00:00","description":"divulgado onde \u00e9 mostrado quem \u00e9 o suspeito de ter soltado o roj\u00e3o que causou a morte de Elisangela Tinem, de 38 anos, durante","inLanguage":"pt-BR","potentialAction":[{"@type":"ReadAction","target":["https:\/\/redenoticiaz.com.br\/ribeiraopreto-regiao\/sp\/2023\/01\/09\/dono-do-rojao-que-matou-mulher-no-reveillon-em-praia-grande-tem-imagem-divulgada"]}]},{"@type":"ImageObject","inLanguage":"pt-BR","@id":"https:\/\/redenoticiaz.com.br\/ribeiraopreto-regiao\/sp\/2023\/01\/09\/dono-do-rojao-que-matou-mulher-no-reveillon-em-praia-grande-tem-imagem-divulgada#primaryimage","url":"https:\/\/redenoticiaz.com.br\/ribeiraopreto-regiao\/wp-content\/uploads\/sites\/4\/2023\/01\/SUSPEITO-ROJAO.jpg","contentUrl":"https:\/\/redenoticiaz.com.br\/ribeiraopreto-regiao\/wp-content\/uploads\/sites\/4\/2023\/01\/SUSPEITO-ROJAO.jpg","width":495,"height":259,"caption":"Pol\u00edcia busca saber o paradeiro do acusado. Cr\u00e9ditos: Reprodu\u00e7\u00e3o"},{"@type":"WebSite","@id":"https:\/\/redenoticiaz.com.br\/ribeiraopreto-regiao\/#website","url":"https:\/\/redenoticiaz.com.br\/ribeiraopreto-regiao\/","name":"Ribeir\u00e3o Preto e Regi\u00e3o","description":"Rede NoticiaZ - Ribeir\u00e3o Preto e regi\u00e3o","publisher":{"@id":"https:\/\/redenoticiaz.com.br\/ribeiraopreto-regiao\/#organization"},"potentialAction":[{"@type":"SearchAction","target":{"@type":"EntryPoint","urlTemplate":"https:\/\/redenoticiaz.com.br\/ribeiraopreto-regiao\/?s={search_term_string}"},"query-input":{"@type":"PropertyValueSpecification","valueRequired":true,"valueName":"search_term_string"}}],"inLanguage":"pt-BR"},{"@type":"Organization","@id":"https:\/\/redenoticiaz.com.br\/ribeiraopreto-regiao\/#organization","name":"Ribeir\u00e3o Preto e Regi\u00e3o","url":"https:\/\/redenoticiaz.com.br\/ribeiraopreto-regiao\/","logo":{"@type":"ImageObject","inLanguage":"pt-BR","@id":"https:\/\/redenoticiaz.com.br\/ribeiraopreto-regiao\/#\/schema\/logo\/image\/","url":"https:\/\/redenoticiaz.com.br\/barretos-regiao\/wp-content\/uploads\/sites\/4\/2022\/02\/logo.jpg","contentUrl":"https:\/\/redenoticiaz.com.br\/barretos-regiao\/wp-content\/uploads\/sites\/4\/2022\/02\/logo.jpg","width":400,"height":250,"caption":"Ribeir\u00e3o Preto e Regi\u00e3o"},"image":{"@id":"https:\/\/redenoticiaz.com.br\/ribeiraopreto-regiao\/#\/schema\/logo\/image\/"},"sameAs":["https:\/\/m.facebook.com\/redenoticiaz.barretos","https:\/\/x.com\/RN_barretos","https:\/\/www.instagram.com\/redenoticiaz.barretos\/?igshid=YmMyMTA2M2Y","https:\/\/www.linkedin.com\/company\/rede-noticiaz-barretos-e-regio\/"]},{"@type":"Person","@id":"https:\/\/redenoticiaz.com.br\/ribeiraopreto-regiao\/#\/schema\/person\/0f0b8a5bdafefe82841e07ae8d81ecb3","name":"Leonardo Francisco","image":{"@type":"ImageObject","inLanguage":"pt-BR","@id":"https:\/\/secure.gravatar.com\/avatar\/a7358cb406a99b682ec6df1e77e31ae82e63601f6784e8a3df411d72b37864da?s=96&d=mm&r=g","url":"https:\/\/secure.gravatar.com\/avatar\/a7358cb406a99b682ec6df1e77e31ae82e63601f6784e8a3df411d72b37864da?s=96&d=mm&r=g","contentUrl":"https:\/\/secure.gravatar.com\/avatar\/a7358cb406a99b682ec6df1e77e31ae82e63601f6784e8a3df411d72b37864da?s=96&d=mm&r=g","caption":"Leonardo Francisco"},"url":"https:\/\/redenoticiaz.com.br\/ribeiraopreto-regiao\/sp\/author\/leonardo-francisco"}]}},"_links":{"self":[{"href":"https:\/\/redenoticiaz.com.br\/ribeiraopreto-regiao\/wp-json\/wp\/v2\/posts\/98216","targetHints":{"allow":["GET"]}}],"collection":[{"href":"https:\/\/redenoticiaz.com.br\/ribeiraopreto-regiao\/wp-json\/wp\/v2\/posts"}],"about":[{"href":"https:\/\/redenoticiaz.com.br\/ribeiraopreto-regiao\/wp-json\/wp\/v2\/types\/post"}],"author":[{"embeddable":true,"href":"https:\/\/redenoticiaz.com.br\/ribeiraopreto-regiao\/wp-json\/wp\/v2\/users\/6"}],"replies":[{"embeddable":true,"href":"https:\/\/redenoticiaz.com.br\/ribeiraopreto-regiao\/wp-json\/wp\/v2\/comments?post=98216"}],"version-history":[{"count":0,"href":"https:\/\/redenoticiaz.com.br\/ribeiraopreto-regiao\/wp-json\/wp\/v2\/posts\/98216\/revisions"}],"wp:featuredmedia":[{"embeddable":true,"href":"https:\/\/redenoticiaz.com.br\/ribeiraopreto-regiao\/wp-json\/wp\/v2\/media\/98217"}],"wp:attachment":[{"href":"https:\/\/redenoticiaz.com.br\/ribeiraopreto-regiao\/wp-json\/wp\/v2\/media?parent=98216"}],"wp:term":[{"taxonomy":"category","embeddable":true,"href":"https:\/\/redenoticiaz.com.br\/ribeiraopreto-regiao\/wp-json\/wp\/v2\/categories?post=98216"},{"taxonomy":"post_tag","embeddable":true,"href":"https:\/\/redenoticiaz.com.br\/ribeiraopreto-regiao\/wp-json\/wp\/v2\/tags?post=98216"}],"curies":[{"name":"wp","href":"https:\/\/api.w.org\/{rel}","templated":true}]}}