{"id":98292,"date":"2023-01-10T08:15:05","date_gmt":"2023-01-10T11:15:05","guid":{"rendered":"https:\/\/redenoticiaz.com.br\/barretos-regiao\/sp\/2023\/01\/10\/lula-se-reune-com-governadores-apos-atos-antidemocraticos"},"modified":"2023-01-10T08:15:05","modified_gmt":"2023-01-10T11:15:05","slug":"lula-se-reune-com-governadores-apos-atos-antidemocraticos","status":"publish","type":"post","link":"https:\/\/redenoticiaz.com.br\/ribeiraopreto-regiao\/sp\/2023\/01\/10\/lula-se-reune-com-governadores-apos-atos-antidemocraticos","title":{"rendered":"Lula se re\u00fane com governadores ap\u00f3s atos antidemocr\u00e1ticos"},"content":{"rendered":"<p>Nessa segunda-feira (9), governadores, representantes de governos estaduais e demais pol\u00edticos se reuniram com o presidente Luiz In\u00e1cio Lula da Silva (PT) para <strong>abordar os atos golpistas que resultaram na depreda\u00e7\u00e3o do Congresso Nacional, do Pal\u00e1cio do Planalto e do Supremo Tribunal Federal (STF),<\/strong> ocorridos no domingo (8). No encontro, todos reafirmaram a defesa da democracia e condenaram tentativa de ruptura institucional no pa\u00eds.<\/p>\n<p>Tamb\u00e9m estiveram no encontro os presidentes da C\u00e2mara dos Deputados, Arthur Lira, e do Senado Federal em exerc\u00edcio, Veneziano Vital do R\u00eago (MDB-PB), al\u00e9m da presidente do Supremo Tribunal Federal\u00a0(STF), Rosa Weber, e de outros ministros da Suprema Corte.<\/p>\n<p>&#8220;\u00c9 importante ressaltar que este f\u00f3rum [de governadores] se re\u00fane respeitando as diversas matizes pol\u00edticas que comp\u00f5em a pluralidade ideol\u00f3gica e partid\u00e1ria do nosso pa\u00eds, mas todos t\u00eam uma causa inegoci\u00e1vel, que nos une: a democracia&#8221;, destacou o governador do Par\u00e1, H\u00e9lder Barbalho, que articulou o encontro, e fez uma fala representando os governadores da Regi\u00e3o Norte.<\/p>\n<p>Durante a reuni\u00e3o, os l\u00edderes estaduais foram un\u00e2nimes em enfatizar a defesa do estado democr\u00e1tico de direito no pa\u00eds. &#8220;Essa reuni\u00e3o de\u00a0hoje\u00a0significa que a democracia brasileira vai se tornar, depois dos epis\u00f3dios de\u00a0ontem, ainda mais forte&#8221;, disse o governador de S\u00e3o Paulo Tarc\u00edsio de Freitas, em nome da Regi\u00e3o Sudeste.<\/p>\n<p>A governadora F\u00e1tima Bezerra, do Rio Grande do Norte, falou da indigna\u00e7\u00e3o com as cenas de destrui\u00e7\u00e3o dos maiores s\u00edmbolos da democracia republicana do pa\u00eds e pediu puni\u00e7\u00e3o aos golpistas. &#8220;Foi muito doloroso ver as cenas de ontem, a viol\u00eancia atingindo o cora\u00e7\u00e3o da Rep\u00fablica. Diante de um epis\u00f3dio t\u00e3o grave, n\u00e3o poderia ser outra a atitude dos governadores do Brasil, de estarem aqui\u00a0hoje. Esses atos de\u00a0ontem\u00a0n\u00e3o podem ficar impunes&#8221;, afirmou, em nome da Regi\u00e3o Nordeste.<\/p>\n<h3>A\u00e7\u00f5es<\/h3>\n<p>Pela Regi\u00e3o Sul, coube ao governador do Rio Grande do Sul, Eduardo Leite, destacar algumas das a\u00e7\u00f5es conjuntas deflagradas pelos estados, como a disponibiliza\u00e7\u00e3o de efetivos policiais para manter a ordem no Distrito Federal e desmobiliza\u00e7\u00e3o de acampamentos golpistas nos estados. &#8220;Al\u00e9m de estar disponibilizando efetivo policial, estamos atuando de forma sin\u00e9rgica em sintonia para a manuten\u00e7\u00e3o da ordem nos nossos estados&#8221;.<\/p>\n<p>A\u00a0governadora em exerc\u00edcio\u00a0do Distrito Federal, Celina Le\u00e3o, disse que o governo da capital &#8220;coaduna com a democracia&#8221; e lembrou da pris\u00e3o, at\u00e9 o momento, de mais de 1,5 mil pessoas por envolvimento nos atos de vandalismo. Celina Le\u00e3o substitui o governador Ibaneis Rocha, afastado na madrugada desta\u00a0segunda, por decis\u00e3o do ministro do STF, Alexandre de Moraes.\u00a0Ela aproveitou para dizer que o governador afastado &#8220;\u00e9 um democrata&#8221;, mas que, &#8220;por infelicidade, recebeu v\u00e1rias informa\u00e7\u00f5es equivocadas durante a crise&#8221;.<\/p>\n<p>Desde\u00a0ontem, o DF est\u00e1 sob interven\u00e7\u00e3o federal na seguran\u00e7a p\u00fablica. O decreto assinado pelo presidente Lula ainda precisa ser aprovado pelo Congresso Nacional, o que ocorrer\u00e1 de forma simb\u00f3lica, assegurou o presidente da C\u00e2mara dos Deputados. &#8220;N\u00f3s votaremos simbolicamente, por unanimidade, para demonstrar que a Casa do povo est\u00e1 unida em defesa de medidas duras para esse pequeno grupo radical, que hostilizou as institui\u00e7\u00f5es e tentou deixar a democracia de c\u00f3coras\u00a0ontem&#8221;.<\/p>\n<h3>Financiadores<\/h3>\n<p>Em\u00a0discurso aos governadores, o presidente Lula agradeceu pela solidariedade prestada e fez duras cr\u00edticas aos grupos envolvidos nos atos de vandalismo.<\/p>\n<p>&#8220;Voc\u00eas vieram prestar solidariedade ao pa\u00eds e \u00e0 democracia. O que n\u00f3s vimos\u00a0ontem\u00a0foi uma coisa que j\u00e1 estava prevista. Isso tinha sido anunciado h\u00e1 algum tempo atr\u00e1s. As pessoas n\u00e3o tinham pautam de reivindica\u00e7\u00e3o. Eles estavam reivindicando golpe, era a \u00fanica coisa que se ouvia falar&#8221;, disse.<\/p>\n<p>O presidente tamb\u00e9m voltou a criticar a a\u00e7\u00e3o das for\u00e7as policiais\u00a0e disse que \u00e9 preciso apurar e encontrar os financiadores dos atos democr\u00e1ticos. &#8220;A pol\u00edcia de Bras\u00edlia negligenciou. A intelig\u00eancia de Bras\u00edlia negligenciou. \u00c9 f\u00e1cil a gente ver os policiais conversando com os invasores. N\u00e3o vamos ser autorit\u00e1rios com ningu\u00e9m, mas n\u00e3o seremos mornos com ningu\u00e9m. N\u00f3s vamos encontrar quem financiou [os atos golpistas]&#8221;.<\/p>\n<p>O ministro da Justi\u00e7a e Seguran\u00e7a P\u00fablica, Fl\u00e1vio Dino, afirmou que que as investiga\u00e7\u00f5es em curso devem resultar em novos pedidos de pris\u00e3o preventiva e tempor\u00e1ria, principalmente contra os financiadores.<\/p>\n<h3>Unidade<\/h3>\n<p>Presente na\u00a0reuni\u00e3o, a ministra Rosa Weber, presidente do STF, tamb\u00e9m fez quest\u00e3o de enaltecer a presen\u00e7a dos governadores em um gesto de compromisso democr\u00e1tico com o Brasil. &#8220;Eu estou aqui, em nome do STF, agradecendo a iniciativa do f\u00f3rum dos governadores de testemunharem a unidade nacional, de um Brasil que todos n\u00f3s queremos, no sentido da defesa da nossa democracia e do Estado Democr\u00e1tico de Direito. O sentido dessa uni\u00e3o em torno de um Brasil que queremos, um Brasil de paz, solid\u00e1rio e fraterno&#8221;.<\/p>\n<p>Em\u00a0outro gesto de unidade, ap\u00f3s o encontro, presidente, governadores e ministros do STF atravessaram a Pra\u00e7a dos Tr\u00eas Poderes a p\u00e9, at\u00e9 a sede do STF, edif\u00edcio que\u00a0ontem\u00a0tamb\u00e9m foi brutalmente destru\u00eddo. A ministra Rosa Weber garantiu que o pr\u00e9dio estar\u00e1 pronto para reabertura do ano judici\u00e1rio, em fevereiro.<\/p>\n<p><strong>LEIA TAMB\u00c9M<\/strong><\/p>\n<p><a href=\"https:\/\/redenoticiaz.com.br\/blog\/2023\/01\/09\/presidentes-dos-tres-poderes-se-manifestam-atos-de-golpistas-em-brasilia\">Presidentes dos Tr\u00eas Poderes se manifestam atos de \u201cgolpistas\u201d em Bras\u00edlia<\/a><\/p>\n","protected":false},"excerpt":{"rendered":"<p>Nessa segunda-feira (9), governadores, representantes de governos estaduais e demais pol\u00edticos se reuniram com o presidente Luiz In\u00e1cio Lula da Silva (PT) para abordar os atos golpistas que resultaram na depreda\u00e7\u00e3o do Congresso Nacional, do Pal\u00e1cio do Planalto e do Supremo Tribunal Federal (STF), ocorridos no domingo (8). No encontro, todos reafirmaram a defesa da &hellip;<\/p>\n","protected":false},"author":6,"featured_media":98293,"comment_status":"open","ping_status":"closed","sticky":false,"template":"","format":"standard","meta":{"footnotes":""},"categories":[186],"tags":[23623,23670,2588,23671,21550,23672,19535],"class_list":["post-98292","post","type-post","status-publish","format-standard","has-post-thumbnail","hentry","category-politica","tag-atos-antidemocraticos","tag-autoridades","tag-brasilia","tag-governadores","tag-politicos","tag-presidente-luiz-inacio-lula-da-silva","tag-reuniao"],"yoast_head":"<!-- This site is optimized with the Yoast SEO plugin v27.4 - https:\/\/yoast.com\/product\/yoast-seo-wordpress\/ -->\n<title>Lula se re\u00fane com governadores ap\u00f3s atos antidemocr\u00e1ticos - Ribeir\u00e3o Preto e Regi\u00e3o<\/title>\n<meta name=\"description\" content=\"Nessa segunda-feira (9), governadores, representantes de governos estaduais e demais pol\u00edticos se reuniram com o presidente Luiz In\u00e1cio Lula\" \/>\n<meta name=\"robots\" content=\"index, follow, max-snippet:-1, max-image-preview:large, max-video-preview:-1\" \/>\n<link rel=\"canonical\" href=\"https:\/\/redenoticiaz.com.br\/ribeiraopreto-regiao\/sp\/2023\/01\/10\/lula-se-reune-com-governadores-apos-atos-antidemocraticos\" \/>\n<meta property=\"og:locale\" content=\"pt_BR\" \/>\n<meta property=\"og:type\" content=\"article\" \/>\n<meta property=\"og:title\" content=\"Lula se re\u00fane com governadores ap\u00f3s atos antidemocr\u00e1ticos - Ribeir\u00e3o Preto e Regi\u00e3o\" \/>\n<meta property=\"og:description\" content=\"Nessa segunda-feira (9), governadores, representantes de governos estaduais e demais pol\u00edticos se reuniram com o presidente Luiz In\u00e1cio Lula\" \/>\n<meta property=\"og:url\" content=\"https:\/\/redenoticiaz.com.br\/ribeiraopreto-regiao\/sp\/2023\/01\/10\/lula-se-reune-com-governadores-apos-atos-antidemocraticos\" \/>\n<meta property=\"og:site_name\" content=\"Ribeir\u00e3o Preto e Regi\u00e3o\" \/>\n<meta property=\"article:publisher\" content=\"https:\/\/m.facebook.com\/redenoticiaz.barretos\" \/>\n<meta property=\"article:published_time\" content=\"2023-01-10T11:15:05+00:00\" \/>\n<meta property=\"og:image\" content=\"https:\/\/redenoticiaz.com.br\/ribeiraopreto-regiao\/wp-content\/uploads\/sites\/4\/2022\/02\/logo.jpg\" \/>\n\t<meta property=\"og:image:width\" content=\"400\" \/>\n\t<meta property=\"og:image:height\" content=\"250\" \/>\n\t<meta property=\"og:image:type\" content=\"image\/jpeg\" \/>\n<meta name=\"author\" content=\"Leonardo Francisco\" \/>\n<meta name=\"twitter:card\" content=\"summary_large_image\" \/>\n<meta name=\"twitter:creator\" content=\"@RN_barretos\" \/>\n<meta name=\"twitter:site\" content=\"@RN_barretos\" \/>\n<meta name=\"twitter:label1\" content=\"Escrito por\" \/>\n\t<meta name=\"twitter:data1\" content=\"Leonardo Francisco\" \/>\n\t<meta name=\"twitter:label2\" content=\"Est. tempo de leitura\" \/>\n\t<meta name=\"twitter:data2\" content=\"5 minutos\" \/>\n<script type=\"application\/ld+json\" class=\"yoast-schema-graph\">{\"@context\":\"https:\\\/\\\/schema.org\",\"@graph\":[{\"@type\":\"Article\",\"@id\":\"https:\\\/\\\/redenoticiaz.com.br\\\/ribeiraopreto-regiao\\\/sp\\\/2023\\\/01\\\/10\\\/lula-se-reune-com-governadores-apos-atos-antidemocraticos#article\",\"isPartOf\":{\"@id\":\"https:\\\/\\\/redenoticiaz.com.br\\\/ribeiraopreto-regiao\\\/sp\\\/2023\\\/01\\\/10\\\/lula-se-reune-com-governadores-apos-atos-antidemocraticos\"},\"author\":{\"name\":\"Leonardo Francisco\",\"@id\":\"https:\\\/\\\/redenoticiaz.com.br\\\/ribeiraopreto-regiao\\\/#\\\/schema\\\/person\\\/0f0b8a5bdafefe82841e07ae8d81ecb3\"},\"headline\":\"Lula se re\u00fane com governadores ap\u00f3s atos antidemocr\u00e1ticos\",\"datePublished\":\"2023-01-10T11:15:05+00:00\",\"mainEntityOfPage\":{\"@id\":\"https:\\\/\\\/redenoticiaz.com.br\\\/ribeiraopreto-regiao\\\/sp\\\/2023\\\/01\\\/10\\\/lula-se-reune-com-governadores-apos-atos-antidemocraticos\"},\"wordCount\":948,\"commentCount\":0,\"publisher\":{\"@id\":\"https:\\\/\\\/redenoticiaz.com.br\\\/ribeiraopreto-regiao\\\/#organization\"},\"image\":{\"@id\":\"https:\\\/\\\/redenoticiaz.com.br\\\/ribeiraopreto-regiao\\\/sp\\\/2023\\\/01\\\/10\\\/lula-se-reune-com-governadores-apos-atos-antidemocraticos#primaryimage\"},\"thumbnailUrl\":\"https:\\\/\\\/redenoticiaz.com.br\\\/ribeiraopreto-regiao\\\/wp-content\\\/uploads\\\/sites\\\/4\\\/2023\\\/01\\\/lula_governadores_acoes_extremistas_20230109_0250_1.jpg?v=1673349162\",\"keywords\":[\"ATOS ANTIDEMOCR\u00c1TICOS\",\"AUTORIDADES\",\"BRAS\u00cdLIA\",\"GOVERNADORES\",\"POL\u00cdTICOS\",\"PRESIDENTE LUIZ IN\u00c1CIO LULA DA SILVA\",\"REUNI\u00c3O\"],\"articleSection\":[\"Pol\u00edtica\"],\"inLanguage\":\"pt-BR\",\"potentialAction\":[{\"@type\":\"CommentAction\",\"name\":\"Comment\",\"target\":[\"https:\\\/\\\/redenoticiaz.com.br\\\/ribeiraopreto-regiao\\\/sp\\\/2023\\\/01\\\/10\\\/lula-se-reune-com-governadores-apos-atos-antidemocraticos#respond\"]}]},{\"@type\":\"WebPage\",\"@id\":\"https:\\\/\\\/redenoticiaz.com.br\\\/ribeiraopreto-regiao\\\/sp\\\/2023\\\/01\\\/10\\\/lula-se-reune-com-governadores-apos-atos-antidemocraticos\",\"url\":\"https:\\\/\\\/redenoticiaz.com.br\\\/ribeiraopreto-regiao\\\/sp\\\/2023\\\/01\\\/10\\\/lula-se-reune-com-governadores-apos-atos-antidemocraticos\",\"name\":\"Lula se re\u00fane com governadores ap\u00f3s atos antidemocr\u00e1ticos - Ribeir\u00e3o Preto e Regi\u00e3o\",\"isPartOf\":{\"@id\":\"https:\\\/\\\/redenoticiaz.com.br\\\/ribeiraopreto-regiao\\\/#website\"},\"primaryImageOfPage\":{\"@id\":\"https:\\\/\\\/redenoticiaz.com.br\\\/ribeiraopreto-regiao\\\/sp\\\/2023\\\/01\\\/10\\\/lula-se-reune-com-governadores-apos-atos-antidemocraticos#primaryimage\"},\"image\":{\"@id\":\"https:\\\/\\\/redenoticiaz.com.br\\\/ribeiraopreto-regiao\\\/sp\\\/2023\\\/01\\\/10\\\/lula-se-reune-com-governadores-apos-atos-antidemocraticos#primaryimage\"},\"thumbnailUrl\":\"https:\\\/\\\/redenoticiaz.com.br\\\/ribeiraopreto-regiao\\\/wp-content\\\/uploads\\\/sites\\\/4\\\/2023\\\/01\\\/lula_governadores_acoes_extremistas_20230109_0250_1.jpg?v=1673349162\",\"datePublished\":\"2023-01-10T11:15:05+00:00\",\"description\":\"Nessa segunda-feira (9), governadores, representantes de governos estaduais e demais pol\u00edticos se reuniram com o presidente Luiz In\u00e1cio Lula\",\"inLanguage\":\"pt-BR\",\"potentialAction\":[{\"@type\":\"ReadAction\",\"target\":[\"https:\\\/\\\/redenoticiaz.com.br\\\/ribeiraopreto-regiao\\\/sp\\\/2023\\\/01\\\/10\\\/lula-se-reune-com-governadores-apos-atos-antidemocraticos\"]}]},{\"@type\":\"ImageObject\",\"inLanguage\":\"pt-BR\",\"@id\":\"https:\\\/\\\/redenoticiaz.com.br\\\/ribeiraopreto-regiao\\\/sp\\\/2023\\\/01\\\/10\\\/lula-se-reune-com-governadores-apos-atos-antidemocraticos#primaryimage\",\"url\":\"https:\\\/\\\/redenoticiaz.com.br\\\/ribeiraopreto-regiao\\\/wp-content\\\/uploads\\\/sites\\\/4\\\/2023\\\/01\\\/lula_governadores_acoes_extremistas_20230109_0250_1.jpg?v=1673349162\",\"contentUrl\":\"https:\\\/\\\/redenoticiaz.com.br\\\/ribeiraopreto-regiao\\\/wp-content\\\/uploads\\\/sites\\\/4\\\/2023\\\/01\\\/lula_governadores_acoes_extremistas_20230109_0250_1.jpg?v=1673349162\",\"width\":1170,\"height\":700,\"caption\":\"O presidente Lula em reuni\u00e3o com os governadores para debater a redu\u00e7\u00e3o de a\u00e7\u00f5es extremistas pelo pa\u00eds. Cr\u00e9ditos: Ag\u00eancia Brasil\"},{\"@type\":\"WebSite\",\"@id\":\"https:\\\/\\\/redenoticiaz.com.br\\\/ribeiraopreto-regiao\\\/#website\",\"url\":\"https:\\\/\\\/redenoticiaz.com.br\\\/ribeiraopreto-regiao\\\/\",\"name\":\"Ribeir\u00e3o Preto e Regi\u00e3o\",\"description\":\"Rede NoticiaZ - Ribeir\u00e3o Preto e regi\u00e3o\",\"publisher\":{\"@id\":\"https:\\\/\\\/redenoticiaz.com.br\\\/ribeiraopreto-regiao\\\/#organization\"},\"potentialAction\":[{\"@type\":\"SearchAction\",\"target\":{\"@type\":\"EntryPoint\",\"urlTemplate\":\"https:\\\/\\\/redenoticiaz.com.br\\\/ribeiraopreto-regiao\\\/?s={search_term_string}\"},\"query-input\":{\"@type\":\"PropertyValueSpecification\",\"valueRequired\":true,\"valueName\":\"search_term_string\"}}],\"inLanguage\":\"pt-BR\"},{\"@type\":\"Organization\",\"@id\":\"https:\\\/\\\/redenoticiaz.com.br\\\/ribeiraopreto-regiao\\\/#organization\",\"name\":\"Ribeir\u00e3o Preto e Regi\u00e3o\",\"url\":\"https:\\\/\\\/redenoticiaz.com.br\\\/ribeiraopreto-regiao\\\/\",\"logo\":{\"@type\":\"ImageObject\",\"inLanguage\":\"pt-BR\",\"@id\":\"https:\\\/\\\/redenoticiaz.com.br\\\/ribeiraopreto-regiao\\\/#\\\/schema\\\/logo\\\/image\\\/\",\"url\":\"https:\\\/\\\/redenoticiaz.com.br\\\/barretos-regiao\\\/wp-content\\\/uploads\\\/sites\\\/4\\\/2022\\\/02\\\/logo.jpg\",\"contentUrl\":\"https:\\\/\\\/redenoticiaz.com.br\\\/barretos-regiao\\\/wp-content\\\/uploads\\\/sites\\\/4\\\/2022\\\/02\\\/logo.jpg\",\"width\":400,\"height\":250,\"caption\":\"Ribeir\u00e3o Preto e Regi\u00e3o\"},\"image\":{\"@id\":\"https:\\\/\\\/redenoticiaz.com.br\\\/ribeiraopreto-regiao\\\/#\\\/schema\\\/logo\\\/image\\\/\"},\"sameAs\":[\"https:\\\/\\\/m.facebook.com\\\/redenoticiaz.barretos\",\"https:\\\/\\\/x.com\\\/RN_barretos\",\"https:\\\/\\\/www.instagram.com\\\/redenoticiaz.barretos\\\/?igshid=YmMyMTA2M2Y\",\"https:\\\/\\\/www.linkedin.com\\\/company\\\/rede-noticiaz-barretos-e-regio\\\/\"]},{\"@type\":\"Person\",\"@id\":\"https:\\\/\\\/redenoticiaz.com.br\\\/ribeiraopreto-regiao\\\/#\\\/schema\\\/person\\\/0f0b8a5bdafefe82841e07ae8d81ecb3\",\"name\":\"Leonardo Francisco\",\"image\":{\"@type\":\"ImageObject\",\"inLanguage\":\"pt-BR\",\"@id\":\"https:\\\/\\\/secure.gravatar.com\\\/avatar\\\/a7358cb406a99b682ec6df1e77e31ae82e63601f6784e8a3df411d72b37864da?s=96&d=mm&r=g\",\"url\":\"https:\\\/\\\/secure.gravatar.com\\\/avatar\\\/a7358cb406a99b682ec6df1e77e31ae82e63601f6784e8a3df411d72b37864da?s=96&d=mm&r=g\",\"contentUrl\":\"https:\\\/\\\/secure.gravatar.com\\\/avatar\\\/a7358cb406a99b682ec6df1e77e31ae82e63601f6784e8a3df411d72b37864da?s=96&d=mm&r=g\",\"caption\":\"Leonardo Francisco\"},\"url\":\"https:\\\/\\\/redenoticiaz.com.br\\\/ribeiraopreto-regiao\\\/sp\\\/author\\\/leonardo-francisco\"}]}<\/script>\n<!-- \/ Yoast SEO plugin. -->","yoast_head_json":{"title":"Lula se re\u00fane com governadores ap\u00f3s atos antidemocr\u00e1ticos - Ribeir\u00e3o Preto e Regi\u00e3o","description":"Nessa segunda-feira (9), governadores, representantes de governos estaduais e demais pol\u00edticos se reuniram com o presidente Luiz In\u00e1cio Lula","robots":{"index":"index","follow":"follow","max-snippet":"max-snippet:-1","max-image-preview":"max-image-preview:large","max-video-preview":"max-video-preview:-1"},"canonical":"https:\/\/redenoticiaz.com.br\/ribeiraopreto-regiao\/sp\/2023\/01\/10\/lula-se-reune-com-governadores-apos-atos-antidemocraticos","og_locale":"pt_BR","og_type":"article","og_title":"Lula se re\u00fane com governadores ap\u00f3s atos antidemocr\u00e1ticos - Ribeir\u00e3o Preto e Regi\u00e3o","og_description":"Nessa segunda-feira (9), governadores, representantes de governos estaduais e demais pol\u00edticos se reuniram com o presidente Luiz In\u00e1cio Lula","og_url":"https:\/\/redenoticiaz.com.br\/ribeiraopreto-regiao\/sp\/2023\/01\/10\/lula-se-reune-com-governadores-apos-atos-antidemocraticos","og_site_name":"Ribeir\u00e3o Preto e Regi\u00e3o","article_publisher":"https:\/\/m.facebook.com\/redenoticiaz.barretos","article_published_time":"2023-01-10T11:15:05+00:00","og_image":[{"width":400,"height":250,"url":"https:\/\/redenoticiaz.com.br\/ribeiraopreto-regiao\/wp-content\/uploads\/sites\/4\/2022\/02\/logo.jpg","type":"image\/jpeg"}],"author":"Leonardo Francisco","twitter_card":"summary_large_image","twitter_creator":"@RN_barretos","twitter_site":"@RN_barretos","twitter_misc":{"Escrito por":"Leonardo Francisco","Est. tempo de leitura":"5 minutos"},"schema":{"@context":"https:\/\/schema.org","@graph":[{"@type":"Article","@id":"https:\/\/redenoticiaz.com.br\/ribeiraopreto-regiao\/sp\/2023\/01\/10\/lula-se-reune-com-governadores-apos-atos-antidemocraticos#article","isPartOf":{"@id":"https:\/\/redenoticiaz.com.br\/ribeiraopreto-regiao\/sp\/2023\/01\/10\/lula-se-reune-com-governadores-apos-atos-antidemocraticos"},"author":{"name":"Leonardo Francisco","@id":"https:\/\/redenoticiaz.com.br\/ribeiraopreto-regiao\/#\/schema\/person\/0f0b8a5bdafefe82841e07ae8d81ecb3"},"headline":"Lula se re\u00fane com governadores ap\u00f3s atos antidemocr\u00e1ticos","datePublished":"2023-01-10T11:15:05+00:00","mainEntityOfPage":{"@id":"https:\/\/redenoticiaz.com.br\/ribeiraopreto-regiao\/sp\/2023\/01\/10\/lula-se-reune-com-governadores-apos-atos-antidemocraticos"},"wordCount":948,"commentCount":0,"publisher":{"@id":"https:\/\/redenoticiaz.com.br\/ribeiraopreto-regiao\/#organization"},"image":{"@id":"https:\/\/redenoticiaz.com.br\/ribeiraopreto-regiao\/sp\/2023\/01\/10\/lula-se-reune-com-governadores-apos-atos-antidemocraticos#primaryimage"},"thumbnailUrl":"https:\/\/redenoticiaz.com.br\/ribeiraopreto-regiao\/wp-content\/uploads\/sites\/4\/2023\/01\/lula_governadores_acoes_extremistas_20230109_0250_1.jpg?v=1673349162","keywords":["ATOS ANTIDEMOCR\u00c1TICOS","AUTORIDADES","BRAS\u00cdLIA","GOVERNADORES","POL\u00cdTICOS","PRESIDENTE LUIZ IN\u00c1CIO LULA DA SILVA","REUNI\u00c3O"],"articleSection":["Pol\u00edtica"],"inLanguage":"pt-BR","potentialAction":[{"@type":"CommentAction","name":"Comment","target":["https:\/\/redenoticiaz.com.br\/ribeiraopreto-regiao\/sp\/2023\/01\/10\/lula-se-reune-com-governadores-apos-atos-antidemocraticos#respond"]}]},{"@type":"WebPage","@id":"https:\/\/redenoticiaz.com.br\/ribeiraopreto-regiao\/sp\/2023\/01\/10\/lula-se-reune-com-governadores-apos-atos-antidemocraticos","url":"https:\/\/redenoticiaz.com.br\/ribeiraopreto-regiao\/sp\/2023\/01\/10\/lula-se-reune-com-governadores-apos-atos-antidemocraticos","name":"Lula se re\u00fane com governadores ap\u00f3s atos antidemocr\u00e1ticos - Ribeir\u00e3o Preto e Regi\u00e3o","isPartOf":{"@id":"https:\/\/redenoticiaz.com.br\/ribeiraopreto-regiao\/#website"},"primaryImageOfPage":{"@id":"https:\/\/redenoticiaz.com.br\/ribeiraopreto-regiao\/sp\/2023\/01\/10\/lula-se-reune-com-governadores-apos-atos-antidemocraticos#primaryimage"},"image":{"@id":"https:\/\/redenoticiaz.com.br\/ribeiraopreto-regiao\/sp\/2023\/01\/10\/lula-se-reune-com-governadores-apos-atos-antidemocraticos#primaryimage"},"thumbnailUrl":"https:\/\/redenoticiaz.com.br\/ribeiraopreto-regiao\/wp-content\/uploads\/sites\/4\/2023\/01\/lula_governadores_acoes_extremistas_20230109_0250_1.jpg?v=1673349162","datePublished":"2023-01-10T11:15:05+00:00","description":"Nessa segunda-feira (9), governadores, representantes de governos estaduais e demais pol\u00edticos se reuniram com o presidente Luiz In\u00e1cio Lula","inLanguage":"pt-BR","potentialAction":[{"@type":"ReadAction","target":["https:\/\/redenoticiaz.com.br\/ribeiraopreto-regiao\/sp\/2023\/01\/10\/lula-se-reune-com-governadores-apos-atos-antidemocraticos"]}]},{"@type":"ImageObject","inLanguage":"pt-BR","@id":"https:\/\/redenoticiaz.com.br\/ribeiraopreto-regiao\/sp\/2023\/01\/10\/lula-se-reune-com-governadores-apos-atos-antidemocraticos#primaryimage","url":"https:\/\/redenoticiaz.com.br\/ribeiraopreto-regiao\/wp-content\/uploads\/sites\/4\/2023\/01\/lula_governadores_acoes_extremistas_20230109_0250_1.jpg?v=1673349162","contentUrl":"https:\/\/redenoticiaz.com.br\/ribeiraopreto-regiao\/wp-content\/uploads\/sites\/4\/2023\/01\/lula_governadores_acoes_extremistas_20230109_0250_1.jpg?v=1673349162","width":1170,"height":700,"caption":"O presidente Lula em reuni\u00e3o com os governadores para debater a redu\u00e7\u00e3o de a\u00e7\u00f5es extremistas pelo pa\u00eds. Cr\u00e9ditos: Ag\u00eancia Brasil"},{"@type":"WebSite","@id":"https:\/\/redenoticiaz.com.br\/ribeiraopreto-regiao\/#website","url":"https:\/\/redenoticiaz.com.br\/ribeiraopreto-regiao\/","name":"Ribeir\u00e3o Preto e Regi\u00e3o","description":"Rede NoticiaZ - Ribeir\u00e3o Preto e regi\u00e3o","publisher":{"@id":"https:\/\/redenoticiaz.com.br\/ribeiraopreto-regiao\/#organization"},"potentialAction":[{"@type":"SearchAction","target":{"@type":"EntryPoint","urlTemplate":"https:\/\/redenoticiaz.com.br\/ribeiraopreto-regiao\/?s={search_term_string}"},"query-input":{"@type":"PropertyValueSpecification","valueRequired":true,"valueName":"search_term_string"}}],"inLanguage":"pt-BR"},{"@type":"Organization","@id":"https:\/\/redenoticiaz.com.br\/ribeiraopreto-regiao\/#organization","name":"Ribeir\u00e3o Preto e Regi\u00e3o","url":"https:\/\/redenoticiaz.com.br\/ribeiraopreto-regiao\/","logo":{"@type":"ImageObject","inLanguage":"pt-BR","@id":"https:\/\/redenoticiaz.com.br\/ribeiraopreto-regiao\/#\/schema\/logo\/image\/","url":"https:\/\/redenoticiaz.com.br\/barretos-regiao\/wp-content\/uploads\/sites\/4\/2022\/02\/logo.jpg","contentUrl":"https:\/\/redenoticiaz.com.br\/barretos-regiao\/wp-content\/uploads\/sites\/4\/2022\/02\/logo.jpg","width":400,"height":250,"caption":"Ribeir\u00e3o Preto e Regi\u00e3o"},"image":{"@id":"https:\/\/redenoticiaz.com.br\/ribeiraopreto-regiao\/#\/schema\/logo\/image\/"},"sameAs":["https:\/\/m.facebook.com\/redenoticiaz.barretos","https:\/\/x.com\/RN_barretos","https:\/\/www.instagram.com\/redenoticiaz.barretos\/?igshid=YmMyMTA2M2Y","https:\/\/www.linkedin.com\/company\/rede-noticiaz-barretos-e-regio\/"]},{"@type":"Person","@id":"https:\/\/redenoticiaz.com.br\/ribeiraopreto-regiao\/#\/schema\/person\/0f0b8a5bdafefe82841e07ae8d81ecb3","name":"Leonardo Francisco","image":{"@type":"ImageObject","inLanguage":"pt-BR","@id":"https:\/\/secure.gravatar.com\/avatar\/a7358cb406a99b682ec6df1e77e31ae82e63601f6784e8a3df411d72b37864da?s=96&d=mm&r=g","url":"https:\/\/secure.gravatar.com\/avatar\/a7358cb406a99b682ec6df1e77e31ae82e63601f6784e8a3df411d72b37864da?s=96&d=mm&r=g","contentUrl":"https:\/\/secure.gravatar.com\/avatar\/a7358cb406a99b682ec6df1e77e31ae82e63601f6784e8a3df411d72b37864da?s=96&d=mm&r=g","caption":"Leonardo Francisco"},"url":"https:\/\/redenoticiaz.com.br\/ribeiraopreto-regiao\/sp\/author\/leonardo-francisco"}]}},"_links":{"self":[{"href":"https:\/\/redenoticiaz.com.br\/ribeiraopreto-regiao\/wp-json\/wp\/v2\/posts\/98292","targetHints":{"allow":["GET"]}}],"collection":[{"href":"https:\/\/redenoticiaz.com.br\/ribeiraopreto-regiao\/wp-json\/wp\/v2\/posts"}],"about":[{"href":"https:\/\/redenoticiaz.com.br\/ribeiraopreto-regiao\/wp-json\/wp\/v2\/types\/post"}],"author":[{"embeddable":true,"href":"https:\/\/redenoticiaz.com.br\/ribeiraopreto-regiao\/wp-json\/wp\/v2\/users\/6"}],"replies":[{"embeddable":true,"href":"https:\/\/redenoticiaz.com.br\/ribeiraopreto-regiao\/wp-json\/wp\/v2\/comments?post=98292"}],"version-history":[{"count":0,"href":"https:\/\/redenoticiaz.com.br\/ribeiraopreto-regiao\/wp-json\/wp\/v2\/posts\/98292\/revisions"}],"wp:featuredmedia":[{"embeddable":true,"href":"https:\/\/redenoticiaz.com.br\/ribeiraopreto-regiao\/wp-json\/wp\/v2\/media\/98293"}],"wp:attachment":[{"href":"https:\/\/redenoticiaz.com.br\/ribeiraopreto-regiao\/wp-json\/wp\/v2\/media?parent=98292"}],"wp:term":[{"taxonomy":"category","embeddable":true,"href":"https:\/\/redenoticiaz.com.br\/ribeiraopreto-regiao\/wp-json\/wp\/v2\/categories?post=98292"},{"taxonomy":"post_tag","embeddable":true,"href":"https:\/\/redenoticiaz.com.br\/ribeiraopreto-regiao\/wp-json\/wp\/v2\/tags?post=98292"}],"curies":[{"name":"wp","href":"https:\/\/api.w.org\/{rel}","templated":true}]}}