{"id":98351,"date":"2023-01-10T18:11:08","date_gmt":"2023-01-10T21:11:08","guid":{"rendered":"https:\/\/redenoticiaz.com.br\/barretos-regiao\/sp\/2023\/01\/10\/moraes-determina-prisao-do-ex-comandante-da-pm-e-de-anderson-torres"},"modified":"2023-01-11T06:11:41","modified_gmt":"2023-01-11T09:11:41","slug":"moraes-determina-prisao-do-ex-comandante-da-pm-e-de-anderson-torres","status":"publish","type":"post","link":"https:\/\/redenoticiaz.com.br\/ribeiraopreto-regiao\/sp\/2023\/01\/10\/moraes-determina-prisao-do-ex-comandante-da-pm-e-de-anderson-torres","title":{"rendered":"Moraes determina pris\u00e3o do ex-comandante da PM e de Anderson Torres"},"content":{"rendered":"<p>O ministro Alexandre de Moraes, do Supremo Tribunal Federal (STF), determinou hoje (10) a pris\u00e3o do ex-comandante da Pol\u00edcia Militar do Distrito Federal coronel F\u00e1bio Augusto Vieira, e do ex-secret\u00e1rio de Seguran\u00e7a P\u00fablica do DF, Anderson Torres.<img decoding=\"async\" src=\"https:\/\/agenciabrasil.ebc.com.br\/ebc.png?id=1503373&amp;o=node\" \/><img decoding=\"async\" src=\"https:\/\/agenciabrasil.ebc.com.br\/ebc.gif?id=1503373&amp;o=node\" \/><\/p>\n<p>Coronel F\u00e1bio Augusto Vieira era o respons\u00e1vel pela tropa que atuou durante os\u00a0<a href=\"https:\/\/agenciabrasil.ebc.com.br\/tags\/atos-antidemocraticos\" target=\"_blank\" rel=\"noopener\">atos antidemocr\u00e1ticos<\/a>\u00a0neste domingo (8) contra o Congresso, o Pal\u00e1cio do Planalto e a Suprema Corte.<\/p>\n<p>Vieira n\u00e3o est\u00e1 mais no comando da corpora\u00e7\u00e3o. Ele foi exonerado ontem (9) pelo interventor nomeado para a Secretaria de Seguran\u00e7a P\u00fablica do Distrito Federal ap\u00f3s o presidente Luiz In\u00e1cio Lula da Silva decretar\u00a0<a href=\"https:\/\/agenciabrasil.ebc.com.br\/radioagencia-nacional\/politica\/audio\/2023-01\/senado-aprova-intervencao-federal-no-df\" target=\"_blank\" rel=\"noopener\">interven\u00e7\u00e3o federal<\/a>\u00a0na seguran\u00e7a p\u00fablica do DF e o afastamento do governador Ibaneis Rocha pelo prazo de 90 dias, determinado pelo ministro.<\/p>\n<p>Na decis\u00e3o, Moraes tamb\u00e9m determinou a pris\u00e3o do ex-ministro da Justi\u00e7a e ex-secret\u00e1rio de Seguran\u00e7a do DF Anderson Torres. Neste momento, viaturas da PF est\u00e3o na casa dele em Bras\u00edlia.<\/p>\n<p><em>*Com informa\u00e7\u00f5es da Ag\u00eanciaBrasil<\/em><\/p>\n<p><strong>Leia mais<\/strong><\/p>\n<p><a href=\"https:\/\/redenoticiaz.com.br\/blog\/2022\/10\/31\/alexandre-de-moraes-vira-protagonista-nas-redes-gerando-mais-de-4-milhoes-de-interacoes-no-dia-de-eleicao\">Alexandre de Moraes vira protagonista nas redes gerando mais de 4 milh\u00f5es de intera\u00e7\u00f5es no dia de elei\u00e7\u00e3o<\/a><\/p>\n","protected":false},"excerpt":{"rendered":"<p>O ministro Alexandre de Moraes, do Supremo Tribunal Federal (STF), determinou hoje (10) a pris\u00e3o do ex-comandante da Pol\u00edcia Militar do Distrito Federal coronel F\u00e1bio Augusto Vieira, e do ex-secret\u00e1rio de Seguran\u00e7a P\u00fablica do DF, Anderson Torres. Coronel F\u00e1bio Augusto Vieira era o respons\u00e1vel pela tropa que atuou durante os\u00a0atos antidemocr\u00e1ticos\u00a0neste domingo (8) contra o &hellip;<\/p>\n","protected":false},"author":12,"featured_media":98363,"comment_status":"open","ping_status":"closed","sticky":false,"template":"","format":"standard","meta":{"footnotes":""},"categories":[683,186],"tags":[21622,23629,7234,17968,262,22729],"class_list":["post-98351","post","type-post","status-publish","format-standard","has-post-thumbnail","hentry","category-justica","category-politica","tag-alexandre-de-moraes","tag-ibaneis-rocha","tag-palacio-do-planalto","tag-pm","tag-stf","tag-suprema-corte"],"yoast_head":"<!-- This site is optimized with the Yoast SEO plugin v27.4 - https:\/\/yoast.com\/product\/yoast-seo-wordpress\/ -->\n<title>Moraes determina pris\u00e3o do ex-comandante da PM e de Anderson Torres - Ribeir\u00e3o Preto e Regi\u00e3o<\/title>\n<meta name=\"description\" content=\"O ministro Alexandre de Moraes, do Supremo Tribunal Federal, determinou a pris\u00e3o do ex-comandante da Pol\u00edcia Militar do Distrito Federal.\" \/>\n<meta name=\"robots\" content=\"index, follow, max-snippet:-1, max-image-preview:large, max-video-preview:-1\" \/>\n<link rel=\"canonical\" href=\"https:\/\/redenoticiaz.com.br\/ribeiraopreto-regiao\/sp\/2023\/01\/10\/moraes-determina-prisao-do-ex-comandante-da-pm-e-de-anderson-torres\" \/>\n<meta property=\"og:locale\" content=\"pt_BR\" \/>\n<meta property=\"og:type\" content=\"article\" \/>\n<meta property=\"og:title\" content=\"Moraes determina pris\u00e3o do ex-comandante da PM e de Anderson Torres - Ribeir\u00e3o Preto e Regi\u00e3o\" \/>\n<meta property=\"og:description\" content=\"O ministro Alexandre de Moraes, do Supremo Tribunal Federal, determinou a pris\u00e3o do ex-comandante da Pol\u00edcia Militar do Distrito Federal.\" \/>\n<meta property=\"og:url\" content=\"https:\/\/redenoticiaz.com.br\/ribeiraopreto-regiao\/sp\/2023\/01\/10\/moraes-determina-prisao-do-ex-comandante-da-pm-e-de-anderson-torres\" \/>\n<meta property=\"og:site_name\" content=\"Ribeir\u00e3o Preto e Regi\u00e3o\" \/>\n<meta property=\"article:publisher\" content=\"https:\/\/m.facebook.com\/redenoticiaz.barretos\" \/>\n<meta property=\"article:published_time\" content=\"2023-01-10T21:11:08+00:00\" \/>\n<meta property=\"article:modified_time\" content=\"2023-01-11T09:11:41+00:00\" \/>\n<meta property=\"og:image\" content=\"https:\/\/redenoticiaz.com.br\/ribeiraopreto-regiao\/wp-content\/uploads\/sites\/4\/2023\/01\/anderson-torres.jpeg?v=1673428124\" \/>\n\t<meta property=\"og:image:width\" content=\"800\" \/>\n\t<meta property=\"og:image:height\" content=\"600\" \/>\n\t<meta property=\"og:image:type\" content=\"image\/jpeg\" \/>\n<meta name=\"author\" content=\"Gustavo Silva\" \/>\n<meta name=\"twitter:card\" content=\"summary_large_image\" \/>\n<meta name=\"twitter:creator\" content=\"@RN_barretos\" \/>\n<meta name=\"twitter:site\" content=\"@RN_barretos\" \/>\n<meta name=\"twitter:label1\" content=\"Escrito por\" \/>\n\t<meta name=\"twitter:data1\" content=\"Gustavo Silva\" \/>\n\t<meta name=\"twitter:label2\" content=\"Est. tempo de leitura\" \/>\n\t<meta name=\"twitter:data2\" content=\"2 minutos\" \/>\n<script type=\"application\/ld+json\" class=\"yoast-schema-graph\">{\"@context\":\"https:\\\/\\\/schema.org\",\"@graph\":[{\"@type\":\"Article\",\"@id\":\"https:\\\/\\\/redenoticiaz.com.br\\\/ribeiraopreto-regiao\\\/sp\\\/2023\\\/01\\\/10\\\/moraes-determina-prisao-do-ex-comandante-da-pm-e-de-anderson-torres#article\",\"isPartOf\":{\"@id\":\"https:\\\/\\\/redenoticiaz.com.br\\\/ribeiraopreto-regiao\\\/sp\\\/2023\\\/01\\\/10\\\/moraes-determina-prisao-do-ex-comandante-da-pm-e-de-anderson-torres\"},\"author\":{\"name\":\"Gustavo Silva\",\"@id\":\"https:\\\/\\\/redenoticiaz.com.br\\\/ribeiraopreto-regiao\\\/#\\\/schema\\\/person\\\/16057b37a3c0ee6b096d7f887c566e2e\"},\"headline\":\"Moraes determina pris\u00e3o do ex-comandante da PM e de Anderson Torres\",\"datePublished\":\"2023-01-10T21:11:08+00:00\",\"dateModified\":\"2023-01-11T09:11:41+00:00\",\"mainEntityOfPage\":{\"@id\":\"https:\\\/\\\/redenoticiaz.com.br\\\/ribeiraopreto-regiao\\\/sp\\\/2023\\\/01\\\/10\\\/moraes-determina-prisao-do-ex-comandante-da-pm-e-de-anderson-torres\"},\"wordCount\":215,\"commentCount\":0,\"publisher\":{\"@id\":\"https:\\\/\\\/redenoticiaz.com.br\\\/ribeiraopreto-regiao\\\/#organization\"},\"image\":{\"@id\":\"https:\\\/\\\/redenoticiaz.com.br\\\/ribeiraopreto-regiao\\\/sp\\\/2023\\\/01\\\/10\\\/moraes-determina-prisao-do-ex-comandante-da-pm-e-de-anderson-torres#primaryimage\"},\"thumbnailUrl\":\"https:\\\/\\\/redenoticiaz.com.br\\\/ribeiraopreto-regiao\\\/wp-content\\\/uploads\\\/sites\\\/4\\\/2023\\\/01\\\/anderson-torres.jpeg?v=1673428124\",\"keywords\":[\"ALEXANDRE DE MORAES\",\"IBANEIS ROCHA\",\"PAL\u00c1CIO DO PLANALTO\",\"pm\",\"stf\",\"SUPREMA CORTE\"],\"articleSection\":[\"Justi\u00e7a\",\"Pol\u00edtica\"],\"inLanguage\":\"pt-BR\",\"potentialAction\":[{\"@type\":\"CommentAction\",\"name\":\"Comment\",\"target\":[\"https:\\\/\\\/redenoticiaz.com.br\\\/ribeiraopreto-regiao\\\/sp\\\/2023\\\/01\\\/10\\\/moraes-determina-prisao-do-ex-comandante-da-pm-e-de-anderson-torres#respond\"]}]},{\"@type\":\"WebPage\",\"@id\":\"https:\\\/\\\/redenoticiaz.com.br\\\/ribeiraopreto-regiao\\\/sp\\\/2023\\\/01\\\/10\\\/moraes-determina-prisao-do-ex-comandante-da-pm-e-de-anderson-torres\",\"url\":\"https:\\\/\\\/redenoticiaz.com.br\\\/ribeiraopreto-regiao\\\/sp\\\/2023\\\/01\\\/10\\\/moraes-determina-prisao-do-ex-comandante-da-pm-e-de-anderson-torres\",\"name\":\"Moraes determina pris\u00e3o do ex-comandante da PM e de Anderson Torres - Ribeir\u00e3o Preto e Regi\u00e3o\",\"isPartOf\":{\"@id\":\"https:\\\/\\\/redenoticiaz.com.br\\\/ribeiraopreto-regiao\\\/#website\"},\"primaryImageOfPage\":{\"@id\":\"https:\\\/\\\/redenoticiaz.com.br\\\/ribeiraopreto-regiao\\\/sp\\\/2023\\\/01\\\/10\\\/moraes-determina-prisao-do-ex-comandante-da-pm-e-de-anderson-torres#primaryimage\"},\"image\":{\"@id\":\"https:\\\/\\\/redenoticiaz.com.br\\\/ribeiraopreto-regiao\\\/sp\\\/2023\\\/01\\\/10\\\/moraes-determina-prisao-do-ex-comandante-da-pm-e-de-anderson-torres#primaryimage\"},\"thumbnailUrl\":\"https:\\\/\\\/redenoticiaz.com.br\\\/ribeiraopreto-regiao\\\/wp-content\\\/uploads\\\/sites\\\/4\\\/2023\\\/01\\\/anderson-torres.jpeg?v=1673428124\",\"datePublished\":\"2023-01-10T21:11:08+00:00\",\"dateModified\":\"2023-01-11T09:11:41+00:00\",\"description\":\"O ministro Alexandre de Moraes, do Supremo Tribunal Federal, determinou a pris\u00e3o do ex-comandante da Pol\u00edcia Militar do Distrito Federal.\",\"inLanguage\":\"pt-BR\",\"potentialAction\":[{\"@type\":\"ReadAction\",\"target\":[\"https:\\\/\\\/redenoticiaz.com.br\\\/ribeiraopreto-regiao\\\/sp\\\/2023\\\/01\\\/10\\\/moraes-determina-prisao-do-ex-comandante-da-pm-e-de-anderson-torres\"]}]},{\"@type\":\"ImageObject\",\"inLanguage\":\"pt-BR\",\"@id\":\"https:\\\/\\\/redenoticiaz.com.br\\\/ribeiraopreto-regiao\\\/sp\\\/2023\\\/01\\\/10\\\/moraes-determina-prisao-do-ex-comandante-da-pm-e-de-anderson-torres#primaryimage\",\"url\":\"https:\\\/\\\/redenoticiaz.com.br\\\/ribeiraopreto-regiao\\\/wp-content\\\/uploads\\\/sites\\\/4\\\/2023\\\/01\\\/anderson-torres.jpeg?v=1673428124\",\"contentUrl\":\"https:\\\/\\\/redenoticiaz.com.br\\\/ribeiraopreto-regiao\\\/wp-content\\\/uploads\\\/sites\\\/4\\\/2023\\\/01\\\/anderson-torres.jpeg?v=1673428124\",\"width\":800,\"height\":600,\"caption\":\"O ministro da Justi\u00e7a e Seguran\u00e7a P\u00fablica, Anderson Torres ,participa do programa A Voz do Brasil\"},{\"@type\":\"WebSite\",\"@id\":\"https:\\\/\\\/redenoticiaz.com.br\\\/ribeiraopreto-regiao\\\/#website\",\"url\":\"https:\\\/\\\/redenoticiaz.com.br\\\/ribeiraopreto-regiao\\\/\",\"name\":\"Ribeir\u00e3o Preto e Regi\u00e3o\",\"description\":\"Rede NoticiaZ - Ribeir\u00e3o Preto e regi\u00e3o\",\"publisher\":{\"@id\":\"https:\\\/\\\/redenoticiaz.com.br\\\/ribeiraopreto-regiao\\\/#organization\"},\"potentialAction\":[{\"@type\":\"SearchAction\",\"target\":{\"@type\":\"EntryPoint\",\"urlTemplate\":\"https:\\\/\\\/redenoticiaz.com.br\\\/ribeiraopreto-regiao\\\/?s={search_term_string}\"},\"query-input\":{\"@type\":\"PropertyValueSpecification\",\"valueRequired\":true,\"valueName\":\"search_term_string\"}}],\"inLanguage\":\"pt-BR\"},{\"@type\":\"Organization\",\"@id\":\"https:\\\/\\\/redenoticiaz.com.br\\\/ribeiraopreto-regiao\\\/#organization\",\"name\":\"Ribeir\u00e3o Preto e Regi\u00e3o\",\"url\":\"https:\\\/\\\/redenoticiaz.com.br\\\/ribeiraopreto-regiao\\\/\",\"logo\":{\"@type\":\"ImageObject\",\"inLanguage\":\"pt-BR\",\"@id\":\"https:\\\/\\\/redenoticiaz.com.br\\\/ribeiraopreto-regiao\\\/#\\\/schema\\\/logo\\\/image\\\/\",\"url\":\"https:\\\/\\\/redenoticiaz.com.br\\\/barretos-regiao\\\/wp-content\\\/uploads\\\/sites\\\/4\\\/2022\\\/02\\\/logo.jpg\",\"contentUrl\":\"https:\\\/\\\/redenoticiaz.com.br\\\/barretos-regiao\\\/wp-content\\\/uploads\\\/sites\\\/4\\\/2022\\\/02\\\/logo.jpg\",\"width\":400,\"height\":250,\"caption\":\"Ribeir\u00e3o Preto e Regi\u00e3o\"},\"image\":{\"@id\":\"https:\\\/\\\/redenoticiaz.com.br\\\/ribeiraopreto-regiao\\\/#\\\/schema\\\/logo\\\/image\\\/\"},\"sameAs\":[\"https:\\\/\\\/m.facebook.com\\\/redenoticiaz.barretos\",\"https:\\\/\\\/x.com\\\/RN_barretos\",\"https:\\\/\\\/www.instagram.com\\\/redenoticiaz.barretos\\\/?igshid=YmMyMTA2M2Y\",\"https:\\\/\\\/www.linkedin.com\\\/company\\\/rede-noticiaz-barretos-e-regio\\\/\"]},{\"@type\":\"Person\",\"@id\":\"https:\\\/\\\/redenoticiaz.com.br\\\/ribeiraopreto-regiao\\\/#\\\/schema\\\/person\\\/16057b37a3c0ee6b096d7f887c566e2e\",\"name\":\"Gustavo Silva\",\"image\":{\"@type\":\"ImageObject\",\"inLanguage\":\"pt-BR\",\"@id\":\"https:\\\/\\\/secure.gravatar.com\\\/avatar\\\/3ee4e82f93b26de0a7cf4ea5eb7893da637ed6bb0c9170c58065944c56e28a33?s=96&d=mm&r=g\",\"url\":\"https:\\\/\\\/secure.gravatar.com\\\/avatar\\\/3ee4e82f93b26de0a7cf4ea5eb7893da637ed6bb0c9170c58065944c56e28a33?s=96&d=mm&r=g\",\"contentUrl\":\"https:\\\/\\\/secure.gravatar.com\\\/avatar\\\/3ee4e82f93b26de0a7cf4ea5eb7893da637ed6bb0c9170c58065944c56e28a33?s=96&d=mm&r=g\",\"caption\":\"Gustavo Silva\"},\"url\":\"https:\\\/\\\/redenoticiaz.com.br\\\/ribeiraopreto-regiao\\\/sp\\\/author\\\/gustavosilva\"}]}<\/script>\n<!-- \/ Yoast SEO plugin. -->","yoast_head_json":{"title":"Moraes determina pris\u00e3o do ex-comandante da PM e de Anderson Torres - Ribeir\u00e3o Preto e Regi\u00e3o","description":"O ministro Alexandre de Moraes, do Supremo Tribunal Federal, determinou a pris\u00e3o do ex-comandante da Pol\u00edcia Militar do Distrito Federal.","robots":{"index":"index","follow":"follow","max-snippet":"max-snippet:-1","max-image-preview":"max-image-preview:large","max-video-preview":"max-video-preview:-1"},"canonical":"https:\/\/redenoticiaz.com.br\/ribeiraopreto-regiao\/sp\/2023\/01\/10\/moraes-determina-prisao-do-ex-comandante-da-pm-e-de-anderson-torres","og_locale":"pt_BR","og_type":"article","og_title":"Moraes determina pris\u00e3o do ex-comandante da PM e de Anderson Torres - Ribeir\u00e3o Preto e Regi\u00e3o","og_description":"O ministro Alexandre de Moraes, do Supremo Tribunal Federal, determinou a pris\u00e3o do ex-comandante da Pol\u00edcia Militar do Distrito Federal.","og_url":"https:\/\/redenoticiaz.com.br\/ribeiraopreto-regiao\/sp\/2023\/01\/10\/moraes-determina-prisao-do-ex-comandante-da-pm-e-de-anderson-torres","og_site_name":"Ribeir\u00e3o Preto e Regi\u00e3o","article_publisher":"https:\/\/m.facebook.com\/redenoticiaz.barretos","article_published_time":"2023-01-10T21:11:08+00:00","article_modified_time":"2023-01-11T09:11:41+00:00","og_image":[{"width":800,"height":600,"url":"https:\/\/redenoticiaz.com.br\/ribeiraopreto-regiao\/wp-content\/uploads\/sites\/4\/2023\/01\/anderson-torres.jpeg?v=1673428124","type":"image\/jpeg"}],"author":"Gustavo Silva","twitter_card":"summary_large_image","twitter_creator":"@RN_barretos","twitter_site":"@RN_barretos","twitter_misc":{"Escrito por":"Gustavo Silva","Est. tempo de leitura":"2 minutos"},"schema":{"@context":"https:\/\/schema.org","@graph":[{"@type":"Article","@id":"https:\/\/redenoticiaz.com.br\/ribeiraopreto-regiao\/sp\/2023\/01\/10\/moraes-determina-prisao-do-ex-comandante-da-pm-e-de-anderson-torres#article","isPartOf":{"@id":"https:\/\/redenoticiaz.com.br\/ribeiraopreto-regiao\/sp\/2023\/01\/10\/moraes-determina-prisao-do-ex-comandante-da-pm-e-de-anderson-torres"},"author":{"name":"Gustavo Silva","@id":"https:\/\/redenoticiaz.com.br\/ribeiraopreto-regiao\/#\/schema\/person\/16057b37a3c0ee6b096d7f887c566e2e"},"headline":"Moraes determina pris\u00e3o do ex-comandante da PM e de Anderson Torres","datePublished":"2023-01-10T21:11:08+00:00","dateModified":"2023-01-11T09:11:41+00:00","mainEntityOfPage":{"@id":"https:\/\/redenoticiaz.com.br\/ribeiraopreto-regiao\/sp\/2023\/01\/10\/moraes-determina-prisao-do-ex-comandante-da-pm-e-de-anderson-torres"},"wordCount":215,"commentCount":0,"publisher":{"@id":"https:\/\/redenoticiaz.com.br\/ribeiraopreto-regiao\/#organization"},"image":{"@id":"https:\/\/redenoticiaz.com.br\/ribeiraopreto-regiao\/sp\/2023\/01\/10\/moraes-determina-prisao-do-ex-comandante-da-pm-e-de-anderson-torres#primaryimage"},"thumbnailUrl":"https:\/\/redenoticiaz.com.br\/ribeiraopreto-regiao\/wp-content\/uploads\/sites\/4\/2023\/01\/anderson-torres.jpeg?v=1673428124","keywords":["ALEXANDRE DE MORAES","IBANEIS ROCHA","PAL\u00c1CIO DO PLANALTO","pm","stf","SUPREMA CORTE"],"articleSection":["Justi\u00e7a","Pol\u00edtica"],"inLanguage":"pt-BR","potentialAction":[{"@type":"CommentAction","name":"Comment","target":["https:\/\/redenoticiaz.com.br\/ribeiraopreto-regiao\/sp\/2023\/01\/10\/moraes-determina-prisao-do-ex-comandante-da-pm-e-de-anderson-torres#respond"]}]},{"@type":"WebPage","@id":"https:\/\/redenoticiaz.com.br\/ribeiraopreto-regiao\/sp\/2023\/01\/10\/moraes-determina-prisao-do-ex-comandante-da-pm-e-de-anderson-torres","url":"https:\/\/redenoticiaz.com.br\/ribeiraopreto-regiao\/sp\/2023\/01\/10\/moraes-determina-prisao-do-ex-comandante-da-pm-e-de-anderson-torres","name":"Moraes determina pris\u00e3o do ex-comandante da PM e de Anderson Torres - Ribeir\u00e3o Preto e Regi\u00e3o","isPartOf":{"@id":"https:\/\/redenoticiaz.com.br\/ribeiraopreto-regiao\/#website"},"primaryImageOfPage":{"@id":"https:\/\/redenoticiaz.com.br\/ribeiraopreto-regiao\/sp\/2023\/01\/10\/moraes-determina-prisao-do-ex-comandante-da-pm-e-de-anderson-torres#primaryimage"},"image":{"@id":"https:\/\/redenoticiaz.com.br\/ribeiraopreto-regiao\/sp\/2023\/01\/10\/moraes-determina-prisao-do-ex-comandante-da-pm-e-de-anderson-torres#primaryimage"},"thumbnailUrl":"https:\/\/redenoticiaz.com.br\/ribeiraopreto-regiao\/wp-content\/uploads\/sites\/4\/2023\/01\/anderson-torres.jpeg?v=1673428124","datePublished":"2023-01-10T21:11:08+00:00","dateModified":"2023-01-11T09:11:41+00:00","description":"O ministro Alexandre de Moraes, do Supremo Tribunal Federal, determinou a pris\u00e3o do ex-comandante da Pol\u00edcia Militar do Distrito Federal.","inLanguage":"pt-BR","potentialAction":[{"@type":"ReadAction","target":["https:\/\/redenoticiaz.com.br\/ribeiraopreto-regiao\/sp\/2023\/01\/10\/moraes-determina-prisao-do-ex-comandante-da-pm-e-de-anderson-torres"]}]},{"@type":"ImageObject","inLanguage":"pt-BR","@id":"https:\/\/redenoticiaz.com.br\/ribeiraopreto-regiao\/sp\/2023\/01\/10\/moraes-determina-prisao-do-ex-comandante-da-pm-e-de-anderson-torres#primaryimage","url":"https:\/\/redenoticiaz.com.br\/ribeiraopreto-regiao\/wp-content\/uploads\/sites\/4\/2023\/01\/anderson-torres.jpeg?v=1673428124","contentUrl":"https:\/\/redenoticiaz.com.br\/ribeiraopreto-regiao\/wp-content\/uploads\/sites\/4\/2023\/01\/anderson-torres.jpeg?v=1673428124","width":800,"height":600,"caption":"O ministro da Justi\u00e7a e Seguran\u00e7a P\u00fablica, Anderson Torres ,participa do programa A Voz do Brasil"},{"@type":"WebSite","@id":"https:\/\/redenoticiaz.com.br\/ribeiraopreto-regiao\/#website","url":"https:\/\/redenoticiaz.com.br\/ribeiraopreto-regiao\/","name":"Ribeir\u00e3o Preto e Regi\u00e3o","description":"Rede NoticiaZ - Ribeir\u00e3o Preto e regi\u00e3o","publisher":{"@id":"https:\/\/redenoticiaz.com.br\/ribeiraopreto-regiao\/#organization"},"potentialAction":[{"@type":"SearchAction","target":{"@type":"EntryPoint","urlTemplate":"https:\/\/redenoticiaz.com.br\/ribeiraopreto-regiao\/?s={search_term_string}"},"query-input":{"@type":"PropertyValueSpecification","valueRequired":true,"valueName":"search_term_string"}}],"inLanguage":"pt-BR"},{"@type":"Organization","@id":"https:\/\/redenoticiaz.com.br\/ribeiraopreto-regiao\/#organization","name":"Ribeir\u00e3o Preto e Regi\u00e3o","url":"https:\/\/redenoticiaz.com.br\/ribeiraopreto-regiao\/","logo":{"@type":"ImageObject","inLanguage":"pt-BR","@id":"https:\/\/redenoticiaz.com.br\/ribeiraopreto-regiao\/#\/schema\/logo\/image\/","url":"https:\/\/redenoticiaz.com.br\/barretos-regiao\/wp-content\/uploads\/sites\/4\/2022\/02\/logo.jpg","contentUrl":"https:\/\/redenoticiaz.com.br\/barretos-regiao\/wp-content\/uploads\/sites\/4\/2022\/02\/logo.jpg","width":400,"height":250,"caption":"Ribeir\u00e3o Preto e Regi\u00e3o"},"image":{"@id":"https:\/\/redenoticiaz.com.br\/ribeiraopreto-regiao\/#\/schema\/logo\/image\/"},"sameAs":["https:\/\/m.facebook.com\/redenoticiaz.barretos","https:\/\/x.com\/RN_barretos","https:\/\/www.instagram.com\/redenoticiaz.barretos\/?igshid=YmMyMTA2M2Y","https:\/\/www.linkedin.com\/company\/rede-noticiaz-barretos-e-regio\/"]},{"@type":"Person","@id":"https:\/\/redenoticiaz.com.br\/ribeiraopreto-regiao\/#\/schema\/person\/16057b37a3c0ee6b096d7f887c566e2e","name":"Gustavo Silva","image":{"@type":"ImageObject","inLanguage":"pt-BR","@id":"https:\/\/secure.gravatar.com\/avatar\/3ee4e82f93b26de0a7cf4ea5eb7893da637ed6bb0c9170c58065944c56e28a33?s=96&d=mm&r=g","url":"https:\/\/secure.gravatar.com\/avatar\/3ee4e82f93b26de0a7cf4ea5eb7893da637ed6bb0c9170c58065944c56e28a33?s=96&d=mm&r=g","contentUrl":"https:\/\/secure.gravatar.com\/avatar\/3ee4e82f93b26de0a7cf4ea5eb7893da637ed6bb0c9170c58065944c56e28a33?s=96&d=mm&r=g","caption":"Gustavo Silva"},"url":"https:\/\/redenoticiaz.com.br\/ribeiraopreto-regiao\/sp\/author\/gustavosilva"}]}},"_links":{"self":[{"href":"https:\/\/redenoticiaz.com.br\/ribeiraopreto-regiao\/wp-json\/wp\/v2\/posts\/98351","targetHints":{"allow":["GET"]}}],"collection":[{"href":"https:\/\/redenoticiaz.com.br\/ribeiraopreto-regiao\/wp-json\/wp\/v2\/posts"}],"about":[{"href":"https:\/\/redenoticiaz.com.br\/ribeiraopreto-regiao\/wp-json\/wp\/v2\/types\/post"}],"author":[{"embeddable":true,"href":"https:\/\/redenoticiaz.com.br\/ribeiraopreto-regiao\/wp-json\/wp\/v2\/users\/12"}],"replies":[{"embeddable":true,"href":"https:\/\/redenoticiaz.com.br\/ribeiraopreto-regiao\/wp-json\/wp\/v2\/comments?post=98351"}],"version-history":[{"count":1,"href":"https:\/\/redenoticiaz.com.br\/ribeiraopreto-regiao\/wp-json\/wp\/v2\/posts\/98351\/revisions"}],"predecessor-version":[{"id":98353,"href":"https:\/\/redenoticiaz.com.br\/ribeiraopreto-regiao\/wp-json\/wp\/v2\/posts\/98351\/revisions\/98353"}],"wp:featuredmedia":[{"embeddable":true,"href":"https:\/\/redenoticiaz.com.br\/ribeiraopreto-regiao\/wp-json\/wp\/v2\/media\/98363"}],"wp:attachment":[{"href":"https:\/\/redenoticiaz.com.br\/ribeiraopreto-regiao\/wp-json\/wp\/v2\/media?parent=98351"}],"wp:term":[{"taxonomy":"category","embeddable":true,"href":"https:\/\/redenoticiaz.com.br\/ribeiraopreto-regiao\/wp-json\/wp\/v2\/categories?post=98351"},{"taxonomy":"post_tag","embeddable":true,"href":"https:\/\/redenoticiaz.com.br\/ribeiraopreto-regiao\/wp-json\/wp\/v2\/tags?post=98351"}],"curies":[{"name":"wp","href":"https:\/\/api.w.org\/{rel}","templated":true}]}}