{"id":98379,"date":"2023-01-11T09:51:43","date_gmt":"2023-01-11T12:51:43","guid":{"rendered":"https:\/\/redenoticiaz.com.br\/barretos-regiao\/?p=98379"},"modified":"2023-01-11T09:51:43","modified_gmt":"2023-01-11T12:51:43","slug":"transporte-intermunicipal-passa-por-alteracao-no-horario","status":"publish","type":"post","link":"https:\/\/redenoticiaz.com.br\/ribeiraopreto-regiao\/sp\/2023\/01\/11\/transporte-intermunicipal-passa-por-alteracao-no-horario","title":{"rendered":"Transporte Intermunicipal passa por altera\u00e7\u00e3o no hor\u00e1rio"},"content":{"rendered":"<p>A redu\u00e7\u00e3o no n\u00famero de hor\u00e1rios de \u00f4nibus que fazem a linha S\u00e3o Jos\u00e9 do Rio Preto \u2013 Barretos, n\u00e3o agradou \u00e0 popula\u00e7\u00e3o que depende do transporte diariamente.<\/p>\n<p>Em nota, a via\u00e7\u00e3o Expresso Itamarati informou que, em face da redu\u00e7\u00e3o da demanda que ocorre desde mar\u00e7o de 2020, houve necessidade de ajuste na oferta do transporte coletivo em todas as linhas do servi\u00e7o regular.<\/p>\n<p>Pelo menos cinco hor\u00e1rios de \u00f4nibus que fazem a linha foram cancelados, conforme o Temmais.<\/p>\n<ul>\n<li>6h: Ol\u00edmpia \u2013 S\u00e3o Jos\u00e9 do Rio Preto;<\/li>\n<li>8h15: Barretos \u2013 S\u00e3o Jos\u00e9 do Rio Preto;<\/li>\n<li>10h30: Ol\u00edmpia \u2013 S\u00e3o Jos\u00e9 do Rio Preto;<\/li>\n<li>11h: S\u00e3o Jos\u00e9 do Rio Preto \u2013 Barretos;<\/li>\n<li>12h: S\u00e3o Jos\u00e9 do Rio Preto \u2013 Ol\u00edmpia.<\/li>\n<\/ul>\n<p>VEJA TAMB\u00c9M:\u00a0<a href=\"https:\/\/redenoticiaz.com.br\/barretos-regiao\/sp\/2023\/01\/10\/carnaolimpia-2023-e-confirmado-com-4-noites-de-shows-e-entrada-gratuita\">CarnaOl\u00edmpia 2023 \u00e9 confirmado com 4 noites de shows e entrada gratuita<\/a><\/p>\n","protected":false},"excerpt":{"rendered":"<p>A redu\u00e7\u00e3o no n\u00famero de hor\u00e1rios de \u00f4nibus que fazem a linha S\u00e3o Jos\u00e9 do Rio Preto \u2013 Barretos, n\u00e3o agradou \u00e0 popula\u00e7\u00e3o que depende do transporte diariamente. Em nota, a via\u00e7\u00e3o Expresso Itamarati informou que, em face da redu\u00e7\u00e3o da demanda que ocorre desde mar\u00e7o de 2020, houve necessidade de ajuste na oferta do &hellip;<\/p>\n","protected":false},"author":15,"featured_media":98383,"comment_status":"open","ping_status":"closed","sticky":false,"template":"","format":"standard","meta":{"footnotes":""},"categories":[2921],"tags":[9136,17570,17854,23570],"class_list":["post-98379","post","type-post","status-publish","format-standard","has-post-thumbnail","hentry","category-transportes","tag-expresso-itamarati","tag-horarios","tag-mudanca","tag-transporte-intermunicipal"],"yoast_head":"<!-- This site is optimized with the Yoast SEO plugin v27.4 - https:\/\/yoast.com\/product\/yoast-seo-wordpress\/ -->\n<title>Transporte Intermunicipal passa por altera\u00e7\u00e3o no hor\u00e1rio - Ribeir\u00e3o Preto e Regi\u00e3o<\/title>\n<meta name=\"description\" content=\"A redu\u00e7\u00e3o no n\u00famero de hor\u00e1rios de \u00f4nibus que fazem a linha S\u00e3o Jos\u00e9 do Rio Preto \u2013 Barretos, n\u00e3o agradou \u00e0 popula\u00e7\u00e3o...\" \/>\n<meta name=\"robots\" content=\"index, follow, max-snippet:-1, max-image-preview:large, max-video-preview:-1\" \/>\n<link rel=\"canonical\" href=\"https:\/\/redenoticiaz.com.br\/ribeiraopreto-regiao\/sp\/2023\/01\/11\/transporte-intermunicipal-passa-por-alteracao-no-horario\" \/>\n<meta property=\"og:locale\" content=\"pt_BR\" \/>\n<meta property=\"og:type\" content=\"article\" \/>\n<meta property=\"og:title\" content=\"Transporte Intermunicipal passa por altera\u00e7\u00e3o no hor\u00e1rio - Ribeir\u00e3o Preto e Regi\u00e3o\" \/>\n<meta property=\"og:description\" content=\"A redu\u00e7\u00e3o no n\u00famero de hor\u00e1rios de \u00f4nibus que fazem a linha S\u00e3o Jos\u00e9 do Rio Preto \u2013 Barretos, n\u00e3o agradou \u00e0 popula\u00e7\u00e3o...\" \/>\n<meta property=\"og:url\" content=\"https:\/\/redenoticiaz.com.br\/ribeiraopreto-regiao\/sp\/2023\/01\/11\/transporte-intermunicipal-passa-por-alteracao-no-horario\" \/>\n<meta property=\"og:site_name\" content=\"Ribeir\u00e3o Preto e Regi\u00e3o\" \/>\n<meta property=\"article:publisher\" content=\"https:\/\/m.facebook.com\/redenoticiaz.barretos\" \/>\n<meta property=\"article:published_time\" content=\"2023-01-11T12:51:43+00:00\" \/>\n<meta property=\"og:image\" content=\"https:\/\/redenoticiaz.com.br\/ribeiraopreto-regiao\/wp-content\/uploads\/sites\/4\/2023\/01\/Expresso-Itamarati.png\" \/>\n\t<meta property=\"og:image:width\" content=\"1200\" \/>\n\t<meta property=\"og:image:height\" content=\"628\" \/>\n\t<meta property=\"og:image:type\" content=\"image\/png\" \/>\n<meta name=\"twitter:card\" content=\"summary_large_image\" \/>\n<meta name=\"twitter:creator\" content=\"@RN_barretos\" \/>\n<meta name=\"twitter:site\" content=\"@RN_barretos\" \/>\n<meta name=\"twitter:label1\" content=\"Escrito por\" \/>\n\t<meta name=\"twitter:data1\" content=\"\" \/>\n\t<meta name=\"twitter:label2\" content=\"Est. tempo de leitura\" \/>\n\t<meta name=\"twitter:data2\" content=\"1 minuto\" \/>\n<script type=\"application\/ld+json\" class=\"yoast-schema-graph\">{\"@context\":\"https:\\\/\\\/schema.org\",\"@graph\":[{\"@type\":\"Article\",\"@id\":\"https:\\\/\\\/redenoticiaz.com.br\\\/ribeiraopreto-regiao\\\/sp\\\/2023\\\/01\\\/11\\\/transporte-intermunicipal-passa-por-alteracao-no-horario#article\",\"isPartOf\":{\"@id\":\"https:\\\/\\\/redenoticiaz.com.br\\\/ribeiraopreto-regiao\\\/sp\\\/2023\\\/01\\\/11\\\/transporte-intermunicipal-passa-por-alteracao-no-horario\"},\"author\":{\"name\":\"\",\"@id\":\"\"},\"headline\":\"Transporte Intermunicipal passa por altera\u00e7\u00e3o no hor\u00e1rio\",\"datePublished\":\"2023-01-11T12:51:43+00:00\",\"mainEntityOfPage\":{\"@id\":\"https:\\\/\\\/redenoticiaz.com.br\\\/ribeiraopreto-regiao\\\/sp\\\/2023\\\/01\\\/11\\\/transporte-intermunicipal-passa-por-alteracao-no-horario\"},\"wordCount\":152,\"commentCount\":0,\"publisher\":{\"@id\":\"https:\\\/\\\/redenoticiaz.com.br\\\/ribeiraopreto-regiao\\\/#organization\"},\"image\":{\"@id\":\"https:\\\/\\\/redenoticiaz.com.br\\\/ribeiraopreto-regiao\\\/sp\\\/2023\\\/01\\\/11\\\/transporte-intermunicipal-passa-por-alteracao-no-horario#primaryimage\"},\"thumbnailUrl\":\"https:\\\/\\\/redenoticiaz.com.br\\\/ribeiraopreto-regiao\\\/wp-content\\\/uploads\\\/sites\\\/4\\\/2023\\\/01\\\/Expresso-Itamarati.png\",\"keywords\":[\"EXPRESSO ITAMARATI\",\"HOR\u00c1RIOS\",\"MUDAN\u00c7A\",\"TRANSPORTE INTERMUNICIPAL\"],\"articleSection\":[\"Transportes\"],\"inLanguage\":\"pt-BR\",\"potentialAction\":[{\"@type\":\"CommentAction\",\"name\":\"Comment\",\"target\":[\"https:\\\/\\\/redenoticiaz.com.br\\\/ribeiraopreto-regiao\\\/sp\\\/2023\\\/01\\\/11\\\/transporte-intermunicipal-passa-por-alteracao-no-horario#respond\"]}]},{\"@type\":\"WebPage\",\"@id\":\"https:\\\/\\\/redenoticiaz.com.br\\\/ribeiraopreto-regiao\\\/sp\\\/2023\\\/01\\\/11\\\/transporte-intermunicipal-passa-por-alteracao-no-horario\",\"url\":\"https:\\\/\\\/redenoticiaz.com.br\\\/ribeiraopreto-regiao\\\/sp\\\/2023\\\/01\\\/11\\\/transporte-intermunicipal-passa-por-alteracao-no-horario\",\"name\":\"Transporte Intermunicipal passa por altera\u00e7\u00e3o no hor\u00e1rio - Ribeir\u00e3o Preto e Regi\u00e3o\",\"isPartOf\":{\"@id\":\"https:\\\/\\\/redenoticiaz.com.br\\\/ribeiraopreto-regiao\\\/#website\"},\"primaryImageOfPage\":{\"@id\":\"https:\\\/\\\/redenoticiaz.com.br\\\/ribeiraopreto-regiao\\\/sp\\\/2023\\\/01\\\/11\\\/transporte-intermunicipal-passa-por-alteracao-no-horario#primaryimage\"},\"image\":{\"@id\":\"https:\\\/\\\/redenoticiaz.com.br\\\/ribeiraopreto-regiao\\\/sp\\\/2023\\\/01\\\/11\\\/transporte-intermunicipal-passa-por-alteracao-no-horario#primaryimage\"},\"thumbnailUrl\":\"https:\\\/\\\/redenoticiaz.com.br\\\/ribeiraopreto-regiao\\\/wp-content\\\/uploads\\\/sites\\\/4\\\/2023\\\/01\\\/Expresso-Itamarati.png\",\"datePublished\":\"2023-01-11T12:51:43+00:00\",\"description\":\"A redu\u00e7\u00e3o no n\u00famero de hor\u00e1rios de \u00f4nibus que fazem a linha S\u00e3o Jos\u00e9 do Rio Preto \u2013 Barretos, n\u00e3o agradou \u00e0 popula\u00e7\u00e3o...\",\"inLanguage\":\"pt-BR\",\"potentialAction\":[{\"@type\":\"ReadAction\",\"target\":[\"https:\\\/\\\/redenoticiaz.com.br\\\/ribeiraopreto-regiao\\\/sp\\\/2023\\\/01\\\/11\\\/transporte-intermunicipal-passa-por-alteracao-no-horario\"]}]},{\"@type\":\"ImageObject\",\"inLanguage\":\"pt-BR\",\"@id\":\"https:\\\/\\\/redenoticiaz.com.br\\\/ribeiraopreto-regiao\\\/sp\\\/2023\\\/01\\\/11\\\/transporte-intermunicipal-passa-por-alteracao-no-horario#primaryimage\",\"url\":\"https:\\\/\\\/redenoticiaz.com.br\\\/ribeiraopreto-regiao\\\/wp-content\\\/uploads\\\/sites\\\/4\\\/2023\\\/01\\\/Expresso-Itamarati.png\",\"contentUrl\":\"https:\\\/\\\/redenoticiaz.com.br\\\/ribeiraopreto-regiao\\\/wp-content\\\/uploads\\\/sites\\\/4\\\/2023\\\/01\\\/Expresso-Itamarati.png\",\"width\":1200,\"height\":628,\"caption\":\"Cr\u00e9dito: Reprodu\u00e7\u00e3o\"},{\"@type\":\"WebSite\",\"@id\":\"https:\\\/\\\/redenoticiaz.com.br\\\/ribeiraopreto-regiao\\\/#website\",\"url\":\"https:\\\/\\\/redenoticiaz.com.br\\\/ribeiraopreto-regiao\\\/\",\"name\":\"Ribeir\u00e3o Preto e Regi\u00e3o\",\"description\":\"Rede NoticiaZ - Ribeir\u00e3o Preto e regi\u00e3o\",\"publisher\":{\"@id\":\"https:\\\/\\\/redenoticiaz.com.br\\\/ribeiraopreto-regiao\\\/#organization\"},\"potentialAction\":[{\"@type\":\"SearchAction\",\"target\":{\"@type\":\"EntryPoint\",\"urlTemplate\":\"https:\\\/\\\/redenoticiaz.com.br\\\/ribeiraopreto-regiao\\\/?s={search_term_string}\"},\"query-input\":{\"@type\":\"PropertyValueSpecification\",\"valueRequired\":true,\"valueName\":\"search_term_string\"}}],\"inLanguage\":\"pt-BR\"},{\"@type\":\"Organization\",\"@id\":\"https:\\\/\\\/redenoticiaz.com.br\\\/ribeiraopreto-regiao\\\/#organization\",\"name\":\"Ribeir\u00e3o Preto e Regi\u00e3o\",\"url\":\"https:\\\/\\\/redenoticiaz.com.br\\\/ribeiraopreto-regiao\\\/\",\"logo\":{\"@type\":\"ImageObject\",\"inLanguage\":\"pt-BR\",\"@id\":\"https:\\\/\\\/redenoticiaz.com.br\\\/ribeiraopreto-regiao\\\/#\\\/schema\\\/logo\\\/image\\\/\",\"url\":\"https:\\\/\\\/redenoticiaz.com.br\\\/barretos-regiao\\\/wp-content\\\/uploads\\\/sites\\\/4\\\/2022\\\/02\\\/logo.jpg\",\"contentUrl\":\"https:\\\/\\\/redenoticiaz.com.br\\\/barretos-regiao\\\/wp-content\\\/uploads\\\/sites\\\/4\\\/2022\\\/02\\\/logo.jpg\",\"width\":400,\"height\":250,\"caption\":\"Ribeir\u00e3o Preto e Regi\u00e3o\"},\"image\":{\"@id\":\"https:\\\/\\\/redenoticiaz.com.br\\\/ribeiraopreto-regiao\\\/#\\\/schema\\\/logo\\\/image\\\/\"},\"sameAs\":[\"https:\\\/\\\/m.facebook.com\\\/redenoticiaz.barretos\",\"https:\\\/\\\/x.com\\\/RN_barretos\",\"https:\\\/\\\/www.instagram.com\\\/redenoticiaz.barretos\\\/?igshid=YmMyMTA2M2Y\",\"https:\\\/\\\/www.linkedin.com\\\/company\\\/rede-noticiaz-barretos-e-regio\\\/\"]},{\"@type\":\"Person\",\"@id\":\"\",\"url\":\"https:\\\/\\\/redenoticiaz.com.br\\\/ribeiraopreto-regiao\\\/sp\\\/author\"}]}<\/script>\n<!-- \/ Yoast SEO plugin. -->","yoast_head_json":{"title":"Transporte Intermunicipal passa por altera\u00e7\u00e3o no hor\u00e1rio - Ribeir\u00e3o Preto e Regi\u00e3o","description":"A redu\u00e7\u00e3o no n\u00famero de hor\u00e1rios de \u00f4nibus que fazem a linha S\u00e3o Jos\u00e9 do Rio Preto \u2013 Barretos, n\u00e3o agradou \u00e0 popula\u00e7\u00e3o...","robots":{"index":"index","follow":"follow","max-snippet":"max-snippet:-1","max-image-preview":"max-image-preview:large","max-video-preview":"max-video-preview:-1"},"canonical":"https:\/\/redenoticiaz.com.br\/ribeiraopreto-regiao\/sp\/2023\/01\/11\/transporte-intermunicipal-passa-por-alteracao-no-horario","og_locale":"pt_BR","og_type":"article","og_title":"Transporte Intermunicipal passa por altera\u00e7\u00e3o no hor\u00e1rio - Ribeir\u00e3o Preto e Regi\u00e3o","og_description":"A redu\u00e7\u00e3o no n\u00famero de hor\u00e1rios de \u00f4nibus que fazem a linha S\u00e3o Jos\u00e9 do Rio Preto \u2013 Barretos, n\u00e3o agradou \u00e0 popula\u00e7\u00e3o...","og_url":"https:\/\/redenoticiaz.com.br\/ribeiraopreto-regiao\/sp\/2023\/01\/11\/transporte-intermunicipal-passa-por-alteracao-no-horario","og_site_name":"Ribeir\u00e3o Preto e Regi\u00e3o","article_publisher":"https:\/\/m.facebook.com\/redenoticiaz.barretos","article_published_time":"2023-01-11T12:51:43+00:00","og_image":[{"width":1200,"height":628,"url":"https:\/\/redenoticiaz.com.br\/ribeiraopreto-regiao\/wp-content\/uploads\/sites\/4\/2023\/01\/Expresso-Itamarati.png","type":"image\/png"}],"twitter_card":"summary_large_image","twitter_creator":"@RN_barretos","twitter_site":"@RN_barretos","twitter_misc":{"Escrito por":"","Est. tempo de leitura":"1 minuto"},"schema":{"@context":"https:\/\/schema.org","@graph":[{"@type":"Article","@id":"https:\/\/redenoticiaz.com.br\/ribeiraopreto-regiao\/sp\/2023\/01\/11\/transporte-intermunicipal-passa-por-alteracao-no-horario#article","isPartOf":{"@id":"https:\/\/redenoticiaz.com.br\/ribeiraopreto-regiao\/sp\/2023\/01\/11\/transporte-intermunicipal-passa-por-alteracao-no-horario"},"author":{"name":"","@id":""},"headline":"Transporte Intermunicipal passa por altera\u00e7\u00e3o no hor\u00e1rio","datePublished":"2023-01-11T12:51:43+00:00","mainEntityOfPage":{"@id":"https:\/\/redenoticiaz.com.br\/ribeiraopreto-regiao\/sp\/2023\/01\/11\/transporte-intermunicipal-passa-por-alteracao-no-horario"},"wordCount":152,"commentCount":0,"publisher":{"@id":"https:\/\/redenoticiaz.com.br\/ribeiraopreto-regiao\/#organization"},"image":{"@id":"https:\/\/redenoticiaz.com.br\/ribeiraopreto-regiao\/sp\/2023\/01\/11\/transporte-intermunicipal-passa-por-alteracao-no-horario#primaryimage"},"thumbnailUrl":"https:\/\/redenoticiaz.com.br\/ribeiraopreto-regiao\/wp-content\/uploads\/sites\/4\/2023\/01\/Expresso-Itamarati.png","keywords":["EXPRESSO ITAMARATI","HOR\u00c1RIOS","MUDAN\u00c7A","TRANSPORTE INTERMUNICIPAL"],"articleSection":["Transportes"],"inLanguage":"pt-BR","potentialAction":[{"@type":"CommentAction","name":"Comment","target":["https:\/\/redenoticiaz.com.br\/ribeiraopreto-regiao\/sp\/2023\/01\/11\/transporte-intermunicipal-passa-por-alteracao-no-horario#respond"]}]},{"@type":"WebPage","@id":"https:\/\/redenoticiaz.com.br\/ribeiraopreto-regiao\/sp\/2023\/01\/11\/transporte-intermunicipal-passa-por-alteracao-no-horario","url":"https:\/\/redenoticiaz.com.br\/ribeiraopreto-regiao\/sp\/2023\/01\/11\/transporte-intermunicipal-passa-por-alteracao-no-horario","name":"Transporte Intermunicipal passa por altera\u00e7\u00e3o no hor\u00e1rio - Ribeir\u00e3o Preto e Regi\u00e3o","isPartOf":{"@id":"https:\/\/redenoticiaz.com.br\/ribeiraopreto-regiao\/#website"},"primaryImageOfPage":{"@id":"https:\/\/redenoticiaz.com.br\/ribeiraopreto-regiao\/sp\/2023\/01\/11\/transporte-intermunicipal-passa-por-alteracao-no-horario#primaryimage"},"image":{"@id":"https:\/\/redenoticiaz.com.br\/ribeiraopreto-regiao\/sp\/2023\/01\/11\/transporte-intermunicipal-passa-por-alteracao-no-horario#primaryimage"},"thumbnailUrl":"https:\/\/redenoticiaz.com.br\/ribeiraopreto-regiao\/wp-content\/uploads\/sites\/4\/2023\/01\/Expresso-Itamarati.png","datePublished":"2023-01-11T12:51:43+00:00","description":"A redu\u00e7\u00e3o no n\u00famero de hor\u00e1rios de \u00f4nibus que fazem a linha S\u00e3o Jos\u00e9 do Rio Preto \u2013 Barretos, n\u00e3o agradou \u00e0 popula\u00e7\u00e3o...","inLanguage":"pt-BR","potentialAction":[{"@type":"ReadAction","target":["https:\/\/redenoticiaz.com.br\/ribeiraopreto-regiao\/sp\/2023\/01\/11\/transporte-intermunicipal-passa-por-alteracao-no-horario"]}]},{"@type":"ImageObject","inLanguage":"pt-BR","@id":"https:\/\/redenoticiaz.com.br\/ribeiraopreto-regiao\/sp\/2023\/01\/11\/transporte-intermunicipal-passa-por-alteracao-no-horario#primaryimage","url":"https:\/\/redenoticiaz.com.br\/ribeiraopreto-regiao\/wp-content\/uploads\/sites\/4\/2023\/01\/Expresso-Itamarati.png","contentUrl":"https:\/\/redenoticiaz.com.br\/ribeiraopreto-regiao\/wp-content\/uploads\/sites\/4\/2023\/01\/Expresso-Itamarati.png","width":1200,"height":628,"caption":"Cr\u00e9dito: Reprodu\u00e7\u00e3o"},{"@type":"WebSite","@id":"https:\/\/redenoticiaz.com.br\/ribeiraopreto-regiao\/#website","url":"https:\/\/redenoticiaz.com.br\/ribeiraopreto-regiao\/","name":"Ribeir\u00e3o Preto e Regi\u00e3o","description":"Rede NoticiaZ - Ribeir\u00e3o Preto e regi\u00e3o","publisher":{"@id":"https:\/\/redenoticiaz.com.br\/ribeiraopreto-regiao\/#organization"},"potentialAction":[{"@type":"SearchAction","target":{"@type":"EntryPoint","urlTemplate":"https:\/\/redenoticiaz.com.br\/ribeiraopreto-regiao\/?s={search_term_string}"},"query-input":{"@type":"PropertyValueSpecification","valueRequired":true,"valueName":"search_term_string"}}],"inLanguage":"pt-BR"},{"@type":"Organization","@id":"https:\/\/redenoticiaz.com.br\/ribeiraopreto-regiao\/#organization","name":"Ribeir\u00e3o Preto e Regi\u00e3o","url":"https:\/\/redenoticiaz.com.br\/ribeiraopreto-regiao\/","logo":{"@type":"ImageObject","inLanguage":"pt-BR","@id":"https:\/\/redenoticiaz.com.br\/ribeiraopreto-regiao\/#\/schema\/logo\/image\/","url":"https:\/\/redenoticiaz.com.br\/barretos-regiao\/wp-content\/uploads\/sites\/4\/2022\/02\/logo.jpg","contentUrl":"https:\/\/redenoticiaz.com.br\/barretos-regiao\/wp-content\/uploads\/sites\/4\/2022\/02\/logo.jpg","width":400,"height":250,"caption":"Ribeir\u00e3o Preto e Regi\u00e3o"},"image":{"@id":"https:\/\/redenoticiaz.com.br\/ribeiraopreto-regiao\/#\/schema\/logo\/image\/"},"sameAs":["https:\/\/m.facebook.com\/redenoticiaz.barretos","https:\/\/x.com\/RN_barretos","https:\/\/www.instagram.com\/redenoticiaz.barretos\/?igshid=YmMyMTA2M2Y","https:\/\/www.linkedin.com\/company\/rede-noticiaz-barretos-e-regio\/"]},{"@type":"Person","@id":"","url":"https:\/\/redenoticiaz.com.br\/ribeiraopreto-regiao\/sp\/author"}]}},"_links":{"self":[{"href":"https:\/\/redenoticiaz.com.br\/ribeiraopreto-regiao\/wp-json\/wp\/v2\/posts\/98379","targetHints":{"allow":["GET"]}}],"collection":[{"href":"https:\/\/redenoticiaz.com.br\/ribeiraopreto-regiao\/wp-json\/wp\/v2\/posts"}],"about":[{"href":"https:\/\/redenoticiaz.com.br\/ribeiraopreto-regiao\/wp-json\/wp\/v2\/types\/post"}],"author":[{"embeddable":true,"href":"https:\/\/redenoticiaz.com.br\/ribeiraopreto-regiao\/wp-json\/wp\/v2\/users\/15"}],"replies":[{"embeddable":true,"href":"https:\/\/redenoticiaz.com.br\/ribeiraopreto-regiao\/wp-json\/wp\/v2\/comments?post=98379"}],"version-history":[{"count":1,"href":"https:\/\/redenoticiaz.com.br\/ribeiraopreto-regiao\/wp-json\/wp\/v2\/posts\/98379\/revisions"}],"predecessor-version":[{"id":98384,"href":"https:\/\/redenoticiaz.com.br\/ribeiraopreto-regiao\/wp-json\/wp\/v2\/posts\/98379\/revisions\/98384"}],"wp:featuredmedia":[{"embeddable":true,"href":"https:\/\/redenoticiaz.com.br\/ribeiraopreto-regiao\/wp-json\/wp\/v2\/media\/98383"}],"wp:attachment":[{"href":"https:\/\/redenoticiaz.com.br\/ribeiraopreto-regiao\/wp-json\/wp\/v2\/media?parent=98379"}],"wp:term":[{"taxonomy":"category","embeddable":true,"href":"https:\/\/redenoticiaz.com.br\/ribeiraopreto-regiao\/wp-json\/wp\/v2\/categories?post=98379"},{"taxonomy":"post_tag","embeddable":true,"href":"https:\/\/redenoticiaz.com.br\/ribeiraopreto-regiao\/wp-json\/wp\/v2\/tags?post=98379"}],"curies":[{"name":"wp","href":"https:\/\/api.w.org\/{rel}","templated":true}]}}