{"id":98472,"date":"2023-01-12T11:26:37","date_gmt":"2023-01-12T14:26:37","guid":{"rendered":"https:\/\/redenoticiaz.com.br\/barretos-regiao\/sp\/2023\/01\/12\/ex-rouge-e-confirmada-para-integrar-o-camarote-do-bbb-23"},"modified":"2023-01-12T11:26:37","modified_gmt":"2023-01-12T14:26:37","slug":"ex-rouge-e-confirmada-para-integrar-o-camarote-do-bbb-23","status":"publish","type":"post","link":"https:\/\/redenoticiaz.com.br\/ribeiraopreto-regiao\/sp\/2023\/01\/12\/ex-rouge-e-confirmada-para-integrar-o-camarote-do-bbb-23","title":{"rendered":"Ex-Rouge \u00e9 confirmada para integrar o &#8220;Camarote&#8221; do BBB 23"},"content":{"rendered":"<div class=\"wall protected-content\">\n<div id=\"chunk-3a465\">\n<div class=\"mc-column content-text active-extra-styles \" data-block-type=\"unstyled\" data-block-weight=\"39\" data-block-id=\"4\">\n<div class=\"mc-column content-text active-extra-styles\" data-block-type=\"raw\" data-block-weight=\"36\" data-block-id=\"12\">\n<p>Quem tem mais de 30 anos, especialmente as mulheres certamente se lembram com carinho do grupo Rouge. A banda, surgida do reality Popstar fez um tremendo sucesso no in\u00edcio dos anos 2000 com seus hits. E nesta quinta-feira (12), o p\u00fablico foi surpreendido com a indica\u00e7\u00e3o de uma ex-integrante da banda: <strong>Aline Wirley<\/strong>. Ela passa a integrar o grupo &#8220;Camarote&#8221; do Big Brother Brasil 23.<\/p>\n<p>Aos 41 anos, ap\u00f3s a experi\u00eancia como cantora, Aline est\u00e1 casada com Igor Rickli, com quem tem Ant\u00f4nio, de 8 anos. Com a confirma\u00e7\u00e3o da escolha, ela se emociona ao falar que deseja inspirar outras mulheres pretas.<\/p>\n<p>\u201cEu consegui muita coisa incr\u00edvel. Sou a base da pir\u00e2mide. Me disseram que eu era feia, que o meu lugar era como criada, que eu n\u00e3o podia sonhar&#8230; me disseram muitas coisas. Eu insisto e persisto todos os dias\u201d.<\/p>\n<p>Aline completa e fala sobre entrar no reality: \u201cE \u00e9 por isso que eu estou aqui e vou entrar no BBB. Porque eu sei que uma mulher como eu, em um lugar como esse, d\u00e1 possibilidade de muitas mulheres e meninas se enxergarem. N\u00e3o \u00e9 s\u00f3 sobre mim. Somos muitas e a gente s\u00f3 quer ser feliz. S\u00f3 isso\u201d.<\/p>\n<h3>Expectativa com a conviv\u00eancia<\/h3>\n<p>Quando o assunto \u00e9 ter coment\u00e1rios negativos nas redes sociais, Aline admite que tem medo de ser cancelada, mas que isso n\u00e3o a impede de mostrar quem realmente \u00e9: \u201cMas eu vou deixar de viver essa experi\u00eancia? Na vida, a gente tem que fazer as coisas que tem medo. Sen\u00e3o, eu n\u00e3o estava aqui. \u00c9 uma das grandes oportunidades da minha vida.<\/p>\n<p>Extrovertida, a cantora e comunicadora \u00e9 faladeira, intensa e a \u201camiga de geral no rol\u00ea\u201d. Por\u00e9m, ela conta que pode ser dif\u00edcil em alguns momentos no confinamento:<\/p>\n<p>\u201cEu sou perigosamente silenciosa. \u00c9 bom e ruim, mas sou muito observadora. Sou de f\u00e1cil conviv\u00eancia at\u00e9 a p\u00e1gina 2. Invadir o meu espa\u00e7o f\u00edsico e pessoal me faz sair do s\u00e9rio e bagun\u00e7a me irrita\u201d.<\/p>\n<p>Aline tamb\u00e9m relembra epis\u00f3dios emocionais de sua vida e conta como ser\u00e1 a sua personalidade no reality: \u201cO BBB vai fazer eu fazer coisas que nunca fiz. Eu sempre fui muito pacificadora, mas por muitas vezes, eu n\u00e3o me expressei. Tive crises de ansiedade e p\u00e2nico por me silenciar e n\u00e3o poder dar conta dos meus problemas e dos outros. Por que que tenho que resolver o problema da pessoa? Eu tenho que entregar para ela. E hoje eu falo. N\u00e3o \u00e9 f\u00e1cil para mim, mas eu falo\u201d.<\/p>\n<\/div>\n<\/div>\n<\/div>\n<div data-block-type=\"raw\" data-block-weight=\"36\" data-block-id=\"12\"><strong>LEIA TAMB\u00c9M<\/strong><\/div>\n<\/div>\n<div data-block-type=\"raw\" data-block-weight=\"36\" data-block-id=\"12\"><\/div>\n<div data-block-type=\"raw\" data-block-weight=\"36\" data-block-id=\"12\"><a href=\"https:\/\/redenoticiaz.com.br\/blog\/2023\/01\/12\/paula-e-gabriel-sao-os-escolhidos-da-casa-de-vidro-para-irem-ao-bbb-23\">Paula e Gabriel s\u00e3o os escolhidos da Casa de Vidro para irem ao BBB 23<\/a><\/div>\n","protected":false},"excerpt":{"rendered":"<p>Quem tem mais de 30 anos, especialmente as mulheres certamente se lembram com carinho do grupo Rouge. A banda, surgida do reality Popstar fez um tremendo sucesso no in\u00edcio dos anos 2000 com seus hits. E nesta quinta-feira (12), o p\u00fablico foi surpreendido com a indica\u00e7\u00e3o de uma ex-integrante da banda: Aline Wirley. Ela passa &hellip;<\/p>\n","protected":false},"author":6,"featured_media":98473,"comment_status":"open","ping_status":"closed","sticky":false,"template":"","format":"standard","meta":{"footnotes":""},"categories":[134],"tags":[23610,23066,136,23775,23612],"class_list":["post-98472","post","type-post","status-publish","format-standard","has-post-thumbnail","hentry","category-entretenimento","tag-aline-wirley","tag-bbb-23","tag-big-brother-brasil","tag-equipe-camarote","tag-rouge"],"yoast_head":"<!-- This site is optimized with the Yoast SEO plugin v27.4 - https:\/\/yoast.com\/product\/yoast-seo-wordpress\/ -->\n<title>Ex-Rouge \u00e9 confirmada para integrar o &#8220;Camarote&#8221; do BBB 23 - Ribeir\u00e3o Preto e Regi\u00e3o<\/title>\n<meta name=\"description\" content=\"surpreendido com a indica\u00e7\u00e3o de uma ex-integrante da banda: Aline Wirley. Ela passa a integrar o grupo &quot;Camarote&quot; do Big Brother Brasil 23.\" \/>\n<meta name=\"robots\" content=\"index, follow, max-snippet:-1, max-image-preview:large, max-video-preview:-1\" \/>\n<link rel=\"canonical\" href=\"https:\/\/redenoticiaz.com.br\/ribeiraopreto-regiao\/sp\/2023\/01\/12\/ex-rouge-e-confirmada-para-integrar-o-camarote-do-bbb-23\" \/>\n<meta property=\"og:locale\" content=\"pt_BR\" \/>\n<meta property=\"og:type\" content=\"article\" \/>\n<meta property=\"og:title\" content=\"Ex-Rouge \u00e9 confirmada para integrar o &#8220;Camarote&#8221; do BBB 23 - Ribeir\u00e3o Preto e Regi\u00e3o\" \/>\n<meta property=\"og:description\" content=\"surpreendido com a indica\u00e7\u00e3o de uma ex-integrante da banda: Aline Wirley. Ela passa a integrar o grupo &quot;Camarote&quot; do Big Brother Brasil 23.\" \/>\n<meta property=\"og:url\" content=\"https:\/\/redenoticiaz.com.br\/ribeiraopreto-regiao\/sp\/2023\/01\/12\/ex-rouge-e-confirmada-para-integrar-o-camarote-do-bbb-23\" \/>\n<meta property=\"og:site_name\" content=\"Ribeir\u00e3o Preto e Regi\u00e3o\" \/>\n<meta property=\"article:publisher\" content=\"https:\/\/m.facebook.com\/redenoticiaz.barretos\" \/>\n<meta property=\"article:published_time\" content=\"2023-01-12T14:26:37+00:00\" \/>\n<meta property=\"og:image\" content=\"https:\/\/redenoticiaz.com.br\/ribeiraopreto-regiao\/wp-content\/uploads\/sites\/4\/2022\/02\/logo.jpg\" \/>\n\t<meta property=\"og:image:width\" content=\"400\" \/>\n\t<meta property=\"og:image:height\" content=\"250\" \/>\n\t<meta property=\"og:image:type\" content=\"image\/jpeg\" \/>\n<meta name=\"author\" content=\"Leonardo Francisco\" \/>\n<meta name=\"twitter:card\" content=\"summary_large_image\" \/>\n<meta name=\"twitter:creator\" content=\"@RN_barretos\" \/>\n<meta name=\"twitter:site\" content=\"@RN_barretos\" \/>\n<meta name=\"twitter:label1\" content=\"Escrito por\" \/>\n\t<meta name=\"twitter:data1\" content=\"Leonardo Francisco\" \/>\n\t<meta name=\"twitter:label2\" content=\"Est. tempo de leitura\" \/>\n\t<meta name=\"twitter:data2\" content=\"3 minutos\" \/>\n<script type=\"application\/ld+json\" class=\"yoast-schema-graph\">{\"@context\":\"https:\\\/\\\/schema.org\",\"@graph\":[{\"@type\":\"Article\",\"@id\":\"https:\\\/\\\/redenoticiaz.com.br\\\/ribeiraopreto-regiao\\\/sp\\\/2023\\\/01\\\/12\\\/ex-rouge-e-confirmada-para-integrar-o-camarote-do-bbb-23#article\",\"isPartOf\":{\"@id\":\"https:\\\/\\\/redenoticiaz.com.br\\\/ribeiraopreto-regiao\\\/sp\\\/2023\\\/01\\\/12\\\/ex-rouge-e-confirmada-para-integrar-o-camarote-do-bbb-23\"},\"author\":{\"name\":\"Leonardo Francisco\",\"@id\":\"https:\\\/\\\/redenoticiaz.com.br\\\/ribeiraopreto-regiao\\\/#\\\/schema\\\/person\\\/0f0b8a5bdafefe82841e07ae8d81ecb3\"},\"headline\":\"Ex-Rouge \u00e9 confirmada para integrar o &#8220;Camarote&#8221; do BBB 23\",\"datePublished\":\"2023-01-12T14:26:37+00:00\",\"mainEntityOfPage\":{\"@id\":\"https:\\\/\\\/redenoticiaz.com.br\\\/ribeiraopreto-regiao\\\/sp\\\/2023\\\/01\\\/12\\\/ex-rouge-e-confirmada-para-integrar-o-camarote-do-bbb-23\"},\"wordCount\":461,\"commentCount\":0,\"publisher\":{\"@id\":\"https:\\\/\\\/redenoticiaz.com.br\\\/ribeiraopreto-regiao\\\/#organization\"},\"image\":{\"@id\":\"https:\\\/\\\/redenoticiaz.com.br\\\/ribeiraopreto-regiao\\\/sp\\\/2023\\\/01\\\/12\\\/ex-rouge-e-confirmada-para-integrar-o-camarote-do-bbb-23#primaryimage\"},\"thumbnailUrl\":\"https:\\\/\\\/redenoticiaz.com.br\\\/ribeiraopreto-regiao\\\/wp-content\\\/uploads\\\/sites\\\/4\\\/2023\\\/01\\\/Aline-Wirley-e1673533475573.jpg?v=1673533460\",\"keywords\":[\"Aline Wirley\",\"BBB 23\",\"BIG BROTHER BRASIL\",\"EQUIPE CAMAROTE\",\"rouge\"],\"articleSection\":[\"Entretenimento\"],\"inLanguage\":\"pt-BR\",\"potentialAction\":[{\"@type\":\"CommentAction\",\"name\":\"Comment\",\"target\":[\"https:\\\/\\\/redenoticiaz.com.br\\\/ribeiraopreto-regiao\\\/sp\\\/2023\\\/01\\\/12\\\/ex-rouge-e-confirmada-para-integrar-o-camarote-do-bbb-23#respond\"]}]},{\"@type\":\"WebPage\",\"@id\":\"https:\\\/\\\/redenoticiaz.com.br\\\/ribeiraopreto-regiao\\\/sp\\\/2023\\\/01\\\/12\\\/ex-rouge-e-confirmada-para-integrar-o-camarote-do-bbb-23\",\"url\":\"https:\\\/\\\/redenoticiaz.com.br\\\/ribeiraopreto-regiao\\\/sp\\\/2023\\\/01\\\/12\\\/ex-rouge-e-confirmada-para-integrar-o-camarote-do-bbb-23\",\"name\":\"Ex-Rouge \u00e9 confirmada para integrar o &#8220;Camarote&#8221; do BBB 23 - Ribeir\u00e3o Preto e Regi\u00e3o\",\"isPartOf\":{\"@id\":\"https:\\\/\\\/redenoticiaz.com.br\\\/ribeiraopreto-regiao\\\/#website\"},\"primaryImageOfPage\":{\"@id\":\"https:\\\/\\\/redenoticiaz.com.br\\\/ribeiraopreto-regiao\\\/sp\\\/2023\\\/01\\\/12\\\/ex-rouge-e-confirmada-para-integrar-o-camarote-do-bbb-23#primaryimage\"},\"image\":{\"@id\":\"https:\\\/\\\/redenoticiaz.com.br\\\/ribeiraopreto-regiao\\\/sp\\\/2023\\\/01\\\/12\\\/ex-rouge-e-confirmada-para-integrar-o-camarote-do-bbb-23#primaryimage\"},\"thumbnailUrl\":\"https:\\\/\\\/redenoticiaz.com.br\\\/ribeiraopreto-regiao\\\/wp-content\\\/uploads\\\/sites\\\/4\\\/2023\\\/01\\\/Aline-Wirley-e1673533475573.jpg?v=1673533460\",\"datePublished\":\"2023-01-12T14:26:37+00:00\",\"description\":\"surpreendido com a indica\u00e7\u00e3o de uma ex-integrante da banda: Aline Wirley. Ela passa a integrar o grupo \\\"Camarote\\\" do Big Brother Brasil 23.\",\"inLanguage\":\"pt-BR\",\"potentialAction\":[{\"@type\":\"ReadAction\",\"target\":[\"https:\\\/\\\/redenoticiaz.com.br\\\/ribeiraopreto-regiao\\\/sp\\\/2023\\\/01\\\/12\\\/ex-rouge-e-confirmada-para-integrar-o-camarote-do-bbb-23\"]}]},{\"@type\":\"ImageObject\",\"inLanguage\":\"pt-BR\",\"@id\":\"https:\\\/\\\/redenoticiaz.com.br\\\/ribeiraopreto-regiao\\\/sp\\\/2023\\\/01\\\/12\\\/ex-rouge-e-confirmada-para-integrar-o-camarote-do-bbb-23#primaryimage\",\"url\":\"https:\\\/\\\/redenoticiaz.com.br\\\/ribeiraopreto-regiao\\\/wp-content\\\/uploads\\\/sites\\\/4\\\/2023\\\/01\\\/Aline-Wirley-e1673533475573.jpg?v=1673533460\",\"contentUrl\":\"https:\\\/\\\/redenoticiaz.com.br\\\/ribeiraopreto-regiao\\\/wp-content\\\/uploads\\\/sites\\\/4\\\/2023\\\/01\\\/Aline-Wirley-e1673533475573.jpg?v=1673533460\",\"width\":1088,\"height\":720,\"caption\":\"Cr\u00e9ditos: Reprodu\u00e7\u00e3o\\\/TV Globo\"},{\"@type\":\"WebSite\",\"@id\":\"https:\\\/\\\/redenoticiaz.com.br\\\/ribeiraopreto-regiao\\\/#website\",\"url\":\"https:\\\/\\\/redenoticiaz.com.br\\\/ribeiraopreto-regiao\\\/\",\"name\":\"Ribeir\u00e3o Preto e Regi\u00e3o\",\"description\":\"Rede NoticiaZ - Ribeir\u00e3o Preto e regi\u00e3o\",\"publisher\":{\"@id\":\"https:\\\/\\\/redenoticiaz.com.br\\\/ribeiraopreto-regiao\\\/#organization\"},\"potentialAction\":[{\"@type\":\"SearchAction\",\"target\":{\"@type\":\"EntryPoint\",\"urlTemplate\":\"https:\\\/\\\/redenoticiaz.com.br\\\/ribeiraopreto-regiao\\\/?s={search_term_string}\"},\"query-input\":{\"@type\":\"PropertyValueSpecification\",\"valueRequired\":true,\"valueName\":\"search_term_string\"}}],\"inLanguage\":\"pt-BR\"},{\"@type\":\"Organization\",\"@id\":\"https:\\\/\\\/redenoticiaz.com.br\\\/ribeiraopreto-regiao\\\/#organization\",\"name\":\"Ribeir\u00e3o Preto e Regi\u00e3o\",\"url\":\"https:\\\/\\\/redenoticiaz.com.br\\\/ribeiraopreto-regiao\\\/\",\"logo\":{\"@type\":\"ImageObject\",\"inLanguage\":\"pt-BR\",\"@id\":\"https:\\\/\\\/redenoticiaz.com.br\\\/ribeiraopreto-regiao\\\/#\\\/schema\\\/logo\\\/image\\\/\",\"url\":\"https:\\\/\\\/redenoticiaz.com.br\\\/barretos-regiao\\\/wp-content\\\/uploads\\\/sites\\\/4\\\/2022\\\/02\\\/logo.jpg\",\"contentUrl\":\"https:\\\/\\\/redenoticiaz.com.br\\\/barretos-regiao\\\/wp-content\\\/uploads\\\/sites\\\/4\\\/2022\\\/02\\\/logo.jpg\",\"width\":400,\"height\":250,\"caption\":\"Ribeir\u00e3o Preto e Regi\u00e3o\"},\"image\":{\"@id\":\"https:\\\/\\\/redenoticiaz.com.br\\\/ribeiraopreto-regiao\\\/#\\\/schema\\\/logo\\\/image\\\/\"},\"sameAs\":[\"https:\\\/\\\/m.facebook.com\\\/redenoticiaz.barretos\",\"https:\\\/\\\/x.com\\\/RN_barretos\",\"https:\\\/\\\/www.instagram.com\\\/redenoticiaz.barretos\\\/?igshid=YmMyMTA2M2Y\",\"https:\\\/\\\/www.linkedin.com\\\/company\\\/rede-noticiaz-barretos-e-regio\\\/\"]},{\"@type\":\"Person\",\"@id\":\"https:\\\/\\\/redenoticiaz.com.br\\\/ribeiraopreto-regiao\\\/#\\\/schema\\\/person\\\/0f0b8a5bdafefe82841e07ae8d81ecb3\",\"name\":\"Leonardo Francisco\",\"image\":{\"@type\":\"ImageObject\",\"inLanguage\":\"pt-BR\",\"@id\":\"https:\\\/\\\/secure.gravatar.com\\\/avatar\\\/a7358cb406a99b682ec6df1e77e31ae82e63601f6784e8a3df411d72b37864da?s=96&d=mm&r=g\",\"url\":\"https:\\\/\\\/secure.gravatar.com\\\/avatar\\\/a7358cb406a99b682ec6df1e77e31ae82e63601f6784e8a3df411d72b37864da?s=96&d=mm&r=g\",\"contentUrl\":\"https:\\\/\\\/secure.gravatar.com\\\/avatar\\\/a7358cb406a99b682ec6df1e77e31ae82e63601f6784e8a3df411d72b37864da?s=96&d=mm&r=g\",\"caption\":\"Leonardo Francisco\"},\"url\":\"https:\\\/\\\/redenoticiaz.com.br\\\/ribeiraopreto-regiao\\\/sp\\\/author\\\/leonardo-francisco\"}]}<\/script>\n<!-- \/ Yoast SEO plugin. -->","yoast_head_json":{"title":"Ex-Rouge \u00e9 confirmada para integrar o &#8220;Camarote&#8221; do BBB 23 - Ribeir\u00e3o Preto e Regi\u00e3o","description":"surpreendido com a indica\u00e7\u00e3o de uma ex-integrante da banda: Aline Wirley. Ela passa a integrar o grupo \"Camarote\" do Big Brother Brasil 23.","robots":{"index":"index","follow":"follow","max-snippet":"max-snippet:-1","max-image-preview":"max-image-preview:large","max-video-preview":"max-video-preview:-1"},"canonical":"https:\/\/redenoticiaz.com.br\/ribeiraopreto-regiao\/sp\/2023\/01\/12\/ex-rouge-e-confirmada-para-integrar-o-camarote-do-bbb-23","og_locale":"pt_BR","og_type":"article","og_title":"Ex-Rouge \u00e9 confirmada para integrar o &#8220;Camarote&#8221; do BBB 23 - Ribeir\u00e3o Preto e Regi\u00e3o","og_description":"surpreendido com a indica\u00e7\u00e3o de uma ex-integrante da banda: Aline Wirley. Ela passa a integrar o grupo \"Camarote\" do Big Brother Brasil 23.","og_url":"https:\/\/redenoticiaz.com.br\/ribeiraopreto-regiao\/sp\/2023\/01\/12\/ex-rouge-e-confirmada-para-integrar-o-camarote-do-bbb-23","og_site_name":"Ribeir\u00e3o Preto e Regi\u00e3o","article_publisher":"https:\/\/m.facebook.com\/redenoticiaz.barretos","article_published_time":"2023-01-12T14:26:37+00:00","og_image":[{"width":400,"height":250,"url":"https:\/\/redenoticiaz.com.br\/ribeiraopreto-regiao\/wp-content\/uploads\/sites\/4\/2022\/02\/logo.jpg","type":"image\/jpeg"}],"author":"Leonardo Francisco","twitter_card":"summary_large_image","twitter_creator":"@RN_barretos","twitter_site":"@RN_barretos","twitter_misc":{"Escrito por":"Leonardo Francisco","Est. tempo de leitura":"3 minutos"},"schema":{"@context":"https:\/\/schema.org","@graph":[{"@type":"Article","@id":"https:\/\/redenoticiaz.com.br\/ribeiraopreto-regiao\/sp\/2023\/01\/12\/ex-rouge-e-confirmada-para-integrar-o-camarote-do-bbb-23#article","isPartOf":{"@id":"https:\/\/redenoticiaz.com.br\/ribeiraopreto-regiao\/sp\/2023\/01\/12\/ex-rouge-e-confirmada-para-integrar-o-camarote-do-bbb-23"},"author":{"name":"Leonardo Francisco","@id":"https:\/\/redenoticiaz.com.br\/ribeiraopreto-regiao\/#\/schema\/person\/0f0b8a5bdafefe82841e07ae8d81ecb3"},"headline":"Ex-Rouge \u00e9 confirmada para integrar o &#8220;Camarote&#8221; do BBB 23","datePublished":"2023-01-12T14:26:37+00:00","mainEntityOfPage":{"@id":"https:\/\/redenoticiaz.com.br\/ribeiraopreto-regiao\/sp\/2023\/01\/12\/ex-rouge-e-confirmada-para-integrar-o-camarote-do-bbb-23"},"wordCount":461,"commentCount":0,"publisher":{"@id":"https:\/\/redenoticiaz.com.br\/ribeiraopreto-regiao\/#organization"},"image":{"@id":"https:\/\/redenoticiaz.com.br\/ribeiraopreto-regiao\/sp\/2023\/01\/12\/ex-rouge-e-confirmada-para-integrar-o-camarote-do-bbb-23#primaryimage"},"thumbnailUrl":"https:\/\/redenoticiaz.com.br\/ribeiraopreto-regiao\/wp-content\/uploads\/sites\/4\/2023\/01\/Aline-Wirley-e1673533475573.jpg?v=1673533460","keywords":["Aline Wirley","BBB 23","BIG BROTHER BRASIL","EQUIPE CAMAROTE","rouge"],"articleSection":["Entretenimento"],"inLanguage":"pt-BR","potentialAction":[{"@type":"CommentAction","name":"Comment","target":["https:\/\/redenoticiaz.com.br\/ribeiraopreto-regiao\/sp\/2023\/01\/12\/ex-rouge-e-confirmada-para-integrar-o-camarote-do-bbb-23#respond"]}]},{"@type":"WebPage","@id":"https:\/\/redenoticiaz.com.br\/ribeiraopreto-regiao\/sp\/2023\/01\/12\/ex-rouge-e-confirmada-para-integrar-o-camarote-do-bbb-23","url":"https:\/\/redenoticiaz.com.br\/ribeiraopreto-regiao\/sp\/2023\/01\/12\/ex-rouge-e-confirmada-para-integrar-o-camarote-do-bbb-23","name":"Ex-Rouge \u00e9 confirmada para integrar o &#8220;Camarote&#8221; do BBB 23 - Ribeir\u00e3o Preto e Regi\u00e3o","isPartOf":{"@id":"https:\/\/redenoticiaz.com.br\/ribeiraopreto-regiao\/#website"},"primaryImageOfPage":{"@id":"https:\/\/redenoticiaz.com.br\/ribeiraopreto-regiao\/sp\/2023\/01\/12\/ex-rouge-e-confirmada-para-integrar-o-camarote-do-bbb-23#primaryimage"},"image":{"@id":"https:\/\/redenoticiaz.com.br\/ribeiraopreto-regiao\/sp\/2023\/01\/12\/ex-rouge-e-confirmada-para-integrar-o-camarote-do-bbb-23#primaryimage"},"thumbnailUrl":"https:\/\/redenoticiaz.com.br\/ribeiraopreto-regiao\/wp-content\/uploads\/sites\/4\/2023\/01\/Aline-Wirley-e1673533475573.jpg?v=1673533460","datePublished":"2023-01-12T14:26:37+00:00","description":"surpreendido com a indica\u00e7\u00e3o de uma ex-integrante da banda: Aline Wirley. Ela passa a integrar o grupo \"Camarote\" do Big Brother Brasil 23.","inLanguage":"pt-BR","potentialAction":[{"@type":"ReadAction","target":["https:\/\/redenoticiaz.com.br\/ribeiraopreto-regiao\/sp\/2023\/01\/12\/ex-rouge-e-confirmada-para-integrar-o-camarote-do-bbb-23"]}]},{"@type":"ImageObject","inLanguage":"pt-BR","@id":"https:\/\/redenoticiaz.com.br\/ribeiraopreto-regiao\/sp\/2023\/01\/12\/ex-rouge-e-confirmada-para-integrar-o-camarote-do-bbb-23#primaryimage","url":"https:\/\/redenoticiaz.com.br\/ribeiraopreto-regiao\/wp-content\/uploads\/sites\/4\/2023\/01\/Aline-Wirley-e1673533475573.jpg?v=1673533460","contentUrl":"https:\/\/redenoticiaz.com.br\/ribeiraopreto-regiao\/wp-content\/uploads\/sites\/4\/2023\/01\/Aline-Wirley-e1673533475573.jpg?v=1673533460","width":1088,"height":720,"caption":"Cr\u00e9ditos: Reprodu\u00e7\u00e3o\/TV Globo"},{"@type":"WebSite","@id":"https:\/\/redenoticiaz.com.br\/ribeiraopreto-regiao\/#website","url":"https:\/\/redenoticiaz.com.br\/ribeiraopreto-regiao\/","name":"Ribeir\u00e3o Preto e Regi\u00e3o","description":"Rede NoticiaZ - Ribeir\u00e3o Preto e regi\u00e3o","publisher":{"@id":"https:\/\/redenoticiaz.com.br\/ribeiraopreto-regiao\/#organization"},"potentialAction":[{"@type":"SearchAction","target":{"@type":"EntryPoint","urlTemplate":"https:\/\/redenoticiaz.com.br\/ribeiraopreto-regiao\/?s={search_term_string}"},"query-input":{"@type":"PropertyValueSpecification","valueRequired":true,"valueName":"search_term_string"}}],"inLanguage":"pt-BR"},{"@type":"Organization","@id":"https:\/\/redenoticiaz.com.br\/ribeiraopreto-regiao\/#organization","name":"Ribeir\u00e3o Preto e Regi\u00e3o","url":"https:\/\/redenoticiaz.com.br\/ribeiraopreto-regiao\/","logo":{"@type":"ImageObject","inLanguage":"pt-BR","@id":"https:\/\/redenoticiaz.com.br\/ribeiraopreto-regiao\/#\/schema\/logo\/image\/","url":"https:\/\/redenoticiaz.com.br\/barretos-regiao\/wp-content\/uploads\/sites\/4\/2022\/02\/logo.jpg","contentUrl":"https:\/\/redenoticiaz.com.br\/barretos-regiao\/wp-content\/uploads\/sites\/4\/2022\/02\/logo.jpg","width":400,"height":250,"caption":"Ribeir\u00e3o Preto e Regi\u00e3o"},"image":{"@id":"https:\/\/redenoticiaz.com.br\/ribeiraopreto-regiao\/#\/schema\/logo\/image\/"},"sameAs":["https:\/\/m.facebook.com\/redenoticiaz.barretos","https:\/\/x.com\/RN_barretos","https:\/\/www.instagram.com\/redenoticiaz.barretos\/?igshid=YmMyMTA2M2Y","https:\/\/www.linkedin.com\/company\/rede-noticiaz-barretos-e-regio\/"]},{"@type":"Person","@id":"https:\/\/redenoticiaz.com.br\/ribeiraopreto-regiao\/#\/schema\/person\/0f0b8a5bdafefe82841e07ae8d81ecb3","name":"Leonardo Francisco","image":{"@type":"ImageObject","inLanguage":"pt-BR","@id":"https:\/\/secure.gravatar.com\/avatar\/a7358cb406a99b682ec6df1e77e31ae82e63601f6784e8a3df411d72b37864da?s=96&d=mm&r=g","url":"https:\/\/secure.gravatar.com\/avatar\/a7358cb406a99b682ec6df1e77e31ae82e63601f6784e8a3df411d72b37864da?s=96&d=mm&r=g","contentUrl":"https:\/\/secure.gravatar.com\/avatar\/a7358cb406a99b682ec6df1e77e31ae82e63601f6784e8a3df411d72b37864da?s=96&d=mm&r=g","caption":"Leonardo Francisco"},"url":"https:\/\/redenoticiaz.com.br\/ribeiraopreto-regiao\/sp\/author\/leonardo-francisco"}]}},"_links":{"self":[{"href":"https:\/\/redenoticiaz.com.br\/ribeiraopreto-regiao\/wp-json\/wp\/v2\/posts\/98472","targetHints":{"allow":["GET"]}}],"collection":[{"href":"https:\/\/redenoticiaz.com.br\/ribeiraopreto-regiao\/wp-json\/wp\/v2\/posts"}],"about":[{"href":"https:\/\/redenoticiaz.com.br\/ribeiraopreto-regiao\/wp-json\/wp\/v2\/types\/post"}],"author":[{"embeddable":true,"href":"https:\/\/redenoticiaz.com.br\/ribeiraopreto-regiao\/wp-json\/wp\/v2\/users\/6"}],"replies":[{"embeddable":true,"href":"https:\/\/redenoticiaz.com.br\/ribeiraopreto-regiao\/wp-json\/wp\/v2\/comments?post=98472"}],"version-history":[{"count":0,"href":"https:\/\/redenoticiaz.com.br\/ribeiraopreto-regiao\/wp-json\/wp\/v2\/posts\/98472\/revisions"}],"wp:featuredmedia":[{"embeddable":true,"href":"https:\/\/redenoticiaz.com.br\/ribeiraopreto-regiao\/wp-json\/wp\/v2\/media\/98473"}],"wp:attachment":[{"href":"https:\/\/redenoticiaz.com.br\/ribeiraopreto-regiao\/wp-json\/wp\/v2\/media?parent=98472"}],"wp:term":[{"taxonomy":"category","embeddable":true,"href":"https:\/\/redenoticiaz.com.br\/ribeiraopreto-regiao\/wp-json\/wp\/v2\/categories?post=98472"},{"taxonomy":"post_tag","embeddable":true,"href":"https:\/\/redenoticiaz.com.br\/ribeiraopreto-regiao\/wp-json\/wp\/v2\/tags?post=98472"}],"curies":[{"name":"wp","href":"https:\/\/api.w.org\/{rel}","templated":true}]}}