{"id":98532,"date":"2023-01-13T08:36:48","date_gmt":"2023-01-13T11:36:48","guid":{"rendered":"https:\/\/redenoticiaz.com.br\/barretos-regiao\/sp\/2023\/01\/13\/bolsonaro-gastou-quase-r-2-milhoes-do-cartao-corporativo-no-guaruja"},"modified":"2023-01-13T08:36:48","modified_gmt":"2023-01-13T11:36:48","slug":"bolsonaro-gastou-quase-r-2-milhoes-do-cartao-corporativo-no-guaruja","status":"publish","type":"post","link":"https:\/\/redenoticiaz.com.br\/ribeiraopreto-regiao\/sp\/2023\/01\/13\/bolsonaro-gastou-quase-r-2-milhoes-do-cartao-corporativo-no-guaruja","title":{"rendered":"Bolsonaro gastou quase R$ 2 milh\u00f5es do cart\u00e3o corporativo no Guaruj\u00e1"},"content":{"rendered":"<p>O Governo Federal resolveu revelar os valores gastos do cart\u00e3o corporativo, enquanto Jair Bolsonaro (PL) era presidente da Rep\u00fablica. Toda a gest\u00e3o gastou mais de<strong> R$ 27, 6 milh\u00f5es<\/strong>, sendo que R$ 13 milh\u00f5es eram de hospedagens. E deste total, <strong>R$ 1.779.134,44<\/strong> foram gastos em cinco estabelecimentos comerciais em Guaruj\u00e1, Litoral de S\u00e3o Paulo.<\/p>\n<p>Segundo informa\u00e7\u00f5es reveladas pela atual gest\u00e3o, a quantia foi distribu\u00edda em dois hot\u00e9is, um restaurante, um supermercado e um posto de combust\u00edveis.<\/p>\n<div class=\"wall protected-content\">\n<div id=\"chunk-55lpr\">\n<div class=\"mc-column content-text active-extra-styles \" data-block-type=\"unstyled\" data-block-weight=\"42\" data-block-id=\"4\">\n<p class=\"content-text__container \" data-track-category=\"Link no Texto\" data-track-links=\"\">Na verba destinada aos cinco com\u00e9rcios, destaca-se o <span class=\"highlight highlighted\">Ferraretto Hotel, no Centro de Guaruj\u00e1. L\u00e1 foram gastos R$ 1.466.804,41<\/span>. Apesar de o valor representar <span class=\"highlight highlighted\">o maior gasto de Bolsonaro na categoria &#8220;hospedagens&#8221;<\/span>, das contas pagas com o cart\u00e3o, <span class=\"highlight highlighted\">ele sequer foi ao local. <\/span><\/p>\n<p class=\"content-text__container \" data-track-category=\"Link no Texto\" data-track-links=\"\">A administra\u00e7\u00e3o do hotel informou que, em 10 visitas do ex-presidente o <span class=\"highlight highlighted\">estabelecimento recebeu s\u00f3 membros da equipe dele. Isto porque<\/span> Bolsonaro tinha por h\u00e1bito se hospedar no Forte dos Andradas, tamb\u00e9m em Guaruj\u00e1. Segundo informa\u00e7\u00f5es, <span class=\"highlight highlighted\">60 integrantes da equipe de Bolsonaro se hospedavam no Ferraretto <\/span>.<\/p>\n<div id=\"chunk-24s2b\">\n<div class=\"mc-column content-text active-extra-styles \" data-block-type=\"unstyled\" data-block-weight=\"55\" data-block-id=\"10\">\n<p class=\"content-text__container \" data-track-category=\"Link no Texto\" data-track-links=\"\"><span class=\"highlight highlighted\">O valor da hospedagem, segundo o estabelecimento, era definido como &#8216;grupo&#8217; por conta do n\u00famero de pessoas e, assim, o pre\u00e7o calculado da di\u00e1ria se tornava menor<\/span>, de aproximadamente R$ 550. A reportagem apurou que, durante as visitas, os membros da equipe de Bolsonaro ficaram em quartos para uma, duas, tr\u00eas e at\u00e9 quatro pessoas.<\/p>\n<h3 data-track-category=\"Link no Texto\">Outro hotel e demais estabelecimentos<\/h3>\n<div id=\"chunk-7lvjd\">\n<div class=\"mc-column content-text active-extra-styles \" data-block-type=\"unstyled\" data-block-weight=\"35\" data-block-id=\"15\">\n<p class=\"content-text__container \" data-track-category=\"Link no Texto\" data-track-links=\"\">Apesar do nome fantasia &#8220;Strand Hotel&#8221;, o estabelecimento foi apontado no levantamento dos gastos de Bolsonaro como &#8220;Hotel Praia do Tombo&#8221;, e recebeu <span class=\"highlight highlighted\">R$ R$ 292.587,80<\/span> no per\u00edodo em que o pol\u00edtico esteve no poder. O local <span class=\"highlight highlighted\">tamb\u00e9m era destino de membros da equipe do pol\u00edtico<\/span> durante as visitas a Guaruj\u00e1.<\/p>\n<p data-track-category=\"Link no Texto\" data-track-links=\"\"><span class=\"highlight highlighted\"> O terceiro maior valor pago por Jair Bolsonaro em um dos cinco estabelecimentos citados do munic\u00edpio foi de R$ 12.706,69<\/span>. Trata-se de um restaurante apontado nos dados do cart\u00e3o com raz\u00e3o social de &#8220;A Proen\u00e7a Guaruj\u00e1&#8221;. O estabelecimento fica no bairro Jardim Ast\u00farias, e al\u00e9m da hospedagem conta com restaurante e choperia.<\/p>\n<div id=\"chunk-cf3nu\">\n<div class=\"mc-column content-text active-extra-styles \" data-block-type=\"unstyled\" data-block-weight=\"19\" data-block-id=\"25\">\n<p class=\"content-text__container \" data-track-category=\"Link no Texto\" data-track-links=\"\"><span class=\"highlight highlighted\">Bolsonaro gastou R$ 5.488,56 em um supermercado<\/span> apontado entre os gastos do cart\u00e3o corporativo como &#8220;Supermercado Estrela do Guaruj\u00e1&#8221;. No entanto, o estabelecimento com esta raz\u00e3o social, localizado no bairro Vila Santo Ant\u00f4nio, est\u00e1 com outra marca do ramo de supermercados ocupa o local.<\/p>\n<\/div>\n<\/div>\n<div id=\"chunk-cljt5\">\n<div class=\"mc-column content-text active-extra-styles \" data-block-type=\"unstyled\" data-block-weight=\"37\" data-block-id=\"28\">\n<p class=\"content-text__container \" data-track-category=\"Link no Texto\" data-track-links=\"\"><span class=\"highlight highlighted\">O\u00a0 ex-presidente tamb\u00e9m gastou R$ 1.546,98 em um posto de combust\u00edveis<\/span> da cidade durante o per\u00edodo. O valor est\u00e1 atrelado, de acordo com os gastos de Bolsonaro no cart\u00e3o, a um estabelecimento de raz\u00e3o social &#8220;Posto Ast\u00farias Guaruj\u00e1&#8221;.<\/p>\n<\/div>\n<\/div>\n<div id=\"chunk-6ajeo\">\n<div class=\"mc-column content-text active-extra-styles \" data-block-type=\"unstyled\" data-block-weight=\"21\" data-block-id=\"29\">\n<p class=\"content-text__container \" data-track-category=\"Link no Texto\" data-track-links=\"\">Ele funciona no bairro Jardim Las Palmas e tamb\u00e9m \u00e9 ocupado por outra marca do ramo. Segundo os funcion\u00e1rios do posto de combust\u00edveis, a nova administra\u00e7\u00e3o chegou h\u00e1 aproximadamente um ano, e n\u00e3o h\u00e1 registros de passagens do ex-presidente no estabelecimento por conta da troca de marcas.<\/p>\n<p data-track-category=\"Link no Texto\" data-track-links=\"\"><strong>LEIA TAMB\u00c9M<\/strong><\/p>\n<p data-track-category=\"Link no Texto\" data-track-links=\"\"><a href=\"https:\/\/redenoticiaz.com.br\/litoralsp\/2023\/01\/11\/cunhados-de-tarcisio-de-freitas-e-bolsonaro-ganham-cargos-em-sao-paulo\">Cunhados de Tarc\u00edsio de Freitas e Bolsonaro ganham cargos em S\u00e3o Paulo<\/a><\/p>\n<\/div>\n<\/div>\n<\/div>\n<\/div>\n<\/div>\n<\/div>\n<\/div>\n<\/div>\n<\/div>\n","protected":false},"excerpt":{"rendered":"<p>O Governo Federal resolveu revelar os valores gastos do cart\u00e3o corporativo, enquanto Jair Bolsonaro (PL) era presidente da Rep\u00fablica. Toda a gest\u00e3o gastou mais de R$ 27, 6 milh\u00f5es, sendo que R$ 13 milh\u00f5es eram de hospedagens. E deste total, R$ 1.779.134,44 foram gastos em cinco estabelecimentos comerciais em Guaruj\u00e1, Litoral de S\u00e3o Paulo. Segundo &hellip;<\/p>\n","protected":false},"author":6,"featured_media":98533,"comment_status":"open","ping_status":"closed","sticky":false,"template":"","format":"standard","meta":{"footnotes":""},"categories":[186],"tags":[23810,23811,23812,2333,21909,23813,2296,7275,8776],"class_list":["post-98532","post","type-post","status-publish","format-standard","has-post-thumbnail","hentry","category-politica","tag-cartao-corporativo","tag-ex-presidente-jair-bolsonaro","tag-gastos","tag-governo-federal","tag-guaruja-2","tag-hoteis","tag-posto-de-combustiveis","tag-restaurante","tag-supermercado"],"yoast_head":"<!-- This site is optimized with the Yoast SEO plugin v27.4 - https:\/\/yoast.com\/product\/yoast-seo-wordpress\/ -->\n<title>Bolsonaro gastou quase R$ 2 milh\u00f5es do cart\u00e3o corporativo no Guaruj\u00e1 - Ribeir\u00e3o Preto e Regi\u00e3o<\/title>\n<meta name=\"description\" content=\"O Governo Federal resolveu revelar os valores gastos do cart\u00e3o corporativo, enquanto Jair Bolsonaro (PL) era presidente da Rep\u00fablica.\" \/>\n<meta name=\"robots\" content=\"index, follow, max-snippet:-1, max-image-preview:large, max-video-preview:-1\" \/>\n<link rel=\"canonical\" href=\"https:\/\/redenoticiaz.com.br\/ribeiraopreto-regiao\/sp\/2023\/01\/13\/bolsonaro-gastou-quase-r-2-milhoes-do-cartao-corporativo-no-guaruja\" \/>\n<meta property=\"og:locale\" content=\"pt_BR\" \/>\n<meta property=\"og:type\" content=\"article\" \/>\n<meta property=\"og:title\" content=\"Bolsonaro gastou quase R$ 2 milh\u00f5es do cart\u00e3o corporativo no Guaruj\u00e1 - Ribeir\u00e3o Preto e Regi\u00e3o\" \/>\n<meta property=\"og:description\" content=\"O Governo Federal resolveu revelar os valores gastos do cart\u00e3o corporativo, enquanto Jair Bolsonaro (PL) era presidente da Rep\u00fablica.\" \/>\n<meta property=\"og:url\" content=\"https:\/\/redenoticiaz.com.br\/ribeiraopreto-regiao\/sp\/2023\/01\/13\/bolsonaro-gastou-quase-r-2-milhoes-do-cartao-corporativo-no-guaruja\" \/>\n<meta property=\"og:site_name\" content=\"Ribeir\u00e3o Preto e Regi\u00e3o\" \/>\n<meta property=\"article:publisher\" content=\"https:\/\/m.facebook.com\/redenoticiaz.barretos\" \/>\n<meta property=\"article:published_time\" content=\"2023-01-13T11:36:48+00:00\" \/>\n<meta property=\"og:image\" content=\"https:\/\/redenoticiaz.com.br\/ribeiraopreto-regiao\/wp-content\/uploads\/sites\/4\/2022\/02\/logo.jpg\" \/>\n\t<meta property=\"og:image:width\" content=\"400\" \/>\n\t<meta property=\"og:image:height\" content=\"250\" \/>\n\t<meta property=\"og:image:type\" content=\"image\/jpeg\" \/>\n<meta name=\"author\" content=\"Leonardo Francisco\" \/>\n<meta name=\"twitter:card\" content=\"summary_large_image\" \/>\n<meta name=\"twitter:creator\" content=\"@RN_barretos\" \/>\n<meta name=\"twitter:site\" content=\"@RN_barretos\" \/>\n<meta name=\"twitter:label1\" content=\"Escrito por\" \/>\n\t<meta name=\"twitter:data1\" content=\"Leonardo Francisco\" \/>\n\t<meta name=\"twitter:label2\" content=\"Est. tempo de leitura\" \/>\n\t<meta name=\"twitter:data2\" content=\"3 minutos\" \/>\n<script type=\"application\/ld+json\" class=\"yoast-schema-graph\">{\"@context\":\"https:\\\/\\\/schema.org\",\"@graph\":[{\"@type\":\"Article\",\"@id\":\"https:\\\/\\\/redenoticiaz.com.br\\\/ribeiraopreto-regiao\\\/sp\\\/2023\\\/01\\\/13\\\/bolsonaro-gastou-quase-r-2-milhoes-do-cartao-corporativo-no-guaruja#article\",\"isPartOf\":{\"@id\":\"https:\\\/\\\/redenoticiaz.com.br\\\/ribeiraopreto-regiao\\\/sp\\\/2023\\\/01\\\/13\\\/bolsonaro-gastou-quase-r-2-milhoes-do-cartao-corporativo-no-guaruja\"},\"author\":{\"name\":\"Leonardo Francisco\",\"@id\":\"https:\\\/\\\/redenoticiaz.com.br\\\/ribeiraopreto-regiao\\\/#\\\/schema\\\/person\\\/0f0b8a5bdafefe82841e07ae8d81ecb3\"},\"headline\":\"Bolsonaro gastou quase R$ 2 milh\u00f5es do cart\u00e3o corporativo no Guaruj\u00e1\",\"datePublished\":\"2023-01-13T11:36:48+00:00\",\"mainEntityOfPage\":{\"@id\":\"https:\\\/\\\/redenoticiaz.com.br\\\/ribeiraopreto-regiao\\\/sp\\\/2023\\\/01\\\/13\\\/bolsonaro-gastou-quase-r-2-milhoes-do-cartao-corporativo-no-guaruja\"},\"wordCount\":518,\"commentCount\":0,\"publisher\":{\"@id\":\"https:\\\/\\\/redenoticiaz.com.br\\\/ribeiraopreto-regiao\\\/#organization\"},\"image\":{\"@id\":\"https:\\\/\\\/redenoticiaz.com.br\\\/ribeiraopreto-regiao\\\/sp\\\/2023\\\/01\\\/13\\\/bolsonaro-gastou-quase-r-2-milhoes-do-cartao-corporativo-no-guaruja#primaryimage\"},\"thumbnailUrl\":\"https:\\\/\\\/redenoticiaz.com.br\\\/ribeiraopreto-regiao\\\/wp-content\\\/uploads\\\/sites\\\/4\\\/2023\\\/01\\\/BOLSONARO-CARTAO.jpg\",\"keywords\":[\"CART\u00c3O CORPORATIVO\",\"EX-PRESIDENTE JAIR BOLSONARO\",\"gastos\",\"GOVERNO FEDERAL\",\"Guaruj\u00e1\",\"HOT\u00c9IS\",\"POSTO DE COMBUST\u00cdVEIS\",\"RESTAURANTE\",\"SUPERMERCADO\"],\"articleSection\":[\"Pol\u00edtica\"],\"inLanguage\":\"pt-BR\",\"potentialAction\":[{\"@type\":\"CommentAction\",\"name\":\"Comment\",\"target\":[\"https:\\\/\\\/redenoticiaz.com.br\\\/ribeiraopreto-regiao\\\/sp\\\/2023\\\/01\\\/13\\\/bolsonaro-gastou-quase-r-2-milhoes-do-cartao-corporativo-no-guaruja#respond\"]}]},{\"@type\":\"WebPage\",\"@id\":\"https:\\\/\\\/redenoticiaz.com.br\\\/ribeiraopreto-regiao\\\/sp\\\/2023\\\/01\\\/13\\\/bolsonaro-gastou-quase-r-2-milhoes-do-cartao-corporativo-no-guaruja\",\"url\":\"https:\\\/\\\/redenoticiaz.com.br\\\/ribeiraopreto-regiao\\\/sp\\\/2023\\\/01\\\/13\\\/bolsonaro-gastou-quase-r-2-milhoes-do-cartao-corporativo-no-guaruja\",\"name\":\"Bolsonaro gastou quase R$ 2 milh\u00f5es do cart\u00e3o corporativo no Guaruj\u00e1 - Ribeir\u00e3o Preto e Regi\u00e3o\",\"isPartOf\":{\"@id\":\"https:\\\/\\\/redenoticiaz.com.br\\\/ribeiraopreto-regiao\\\/#website\"},\"primaryImageOfPage\":{\"@id\":\"https:\\\/\\\/redenoticiaz.com.br\\\/ribeiraopreto-regiao\\\/sp\\\/2023\\\/01\\\/13\\\/bolsonaro-gastou-quase-r-2-milhoes-do-cartao-corporativo-no-guaruja#primaryimage\"},\"image\":{\"@id\":\"https:\\\/\\\/redenoticiaz.com.br\\\/ribeiraopreto-regiao\\\/sp\\\/2023\\\/01\\\/13\\\/bolsonaro-gastou-quase-r-2-milhoes-do-cartao-corporativo-no-guaruja#primaryimage\"},\"thumbnailUrl\":\"https:\\\/\\\/redenoticiaz.com.br\\\/ribeiraopreto-regiao\\\/wp-content\\\/uploads\\\/sites\\\/4\\\/2023\\\/01\\\/BOLSONARO-CARTAO.jpg\",\"datePublished\":\"2023-01-13T11:36:48+00:00\",\"description\":\"O Governo Federal resolveu revelar os valores gastos do cart\u00e3o corporativo, enquanto Jair Bolsonaro (PL) era presidente da Rep\u00fablica.\",\"inLanguage\":\"pt-BR\",\"potentialAction\":[{\"@type\":\"ReadAction\",\"target\":[\"https:\\\/\\\/redenoticiaz.com.br\\\/ribeiraopreto-regiao\\\/sp\\\/2023\\\/01\\\/13\\\/bolsonaro-gastou-quase-r-2-milhoes-do-cartao-corporativo-no-guaruja\"]}]},{\"@type\":\"ImageObject\",\"inLanguage\":\"pt-BR\",\"@id\":\"https:\\\/\\\/redenoticiaz.com.br\\\/ribeiraopreto-regiao\\\/sp\\\/2023\\\/01\\\/13\\\/bolsonaro-gastou-quase-r-2-milhoes-do-cartao-corporativo-no-guaruja#primaryimage\",\"url\":\"https:\\\/\\\/redenoticiaz.com.br\\\/ribeiraopreto-regiao\\\/wp-content\\\/uploads\\\/sites\\\/4\\\/2023\\\/01\\\/BOLSONARO-CARTAO.jpg\",\"contentUrl\":\"https:\\\/\\\/redenoticiaz.com.br\\\/ribeiraopreto-regiao\\\/wp-content\\\/uploads\\\/sites\\\/4\\\/2023\\\/01\\\/BOLSONARO-CARTAO.jpg\",\"width\":492,\"height\":322,\"caption\":\"Cr\u00e9ditos: Reprodu\u00e7\u00e3o\"},{\"@type\":\"WebSite\",\"@id\":\"https:\\\/\\\/redenoticiaz.com.br\\\/ribeiraopreto-regiao\\\/#website\",\"url\":\"https:\\\/\\\/redenoticiaz.com.br\\\/ribeiraopreto-regiao\\\/\",\"name\":\"Ribeir\u00e3o Preto e Regi\u00e3o\",\"description\":\"Rede NoticiaZ - Ribeir\u00e3o Preto e regi\u00e3o\",\"publisher\":{\"@id\":\"https:\\\/\\\/redenoticiaz.com.br\\\/ribeiraopreto-regiao\\\/#organization\"},\"potentialAction\":[{\"@type\":\"SearchAction\",\"target\":{\"@type\":\"EntryPoint\",\"urlTemplate\":\"https:\\\/\\\/redenoticiaz.com.br\\\/ribeiraopreto-regiao\\\/?s={search_term_string}\"},\"query-input\":{\"@type\":\"PropertyValueSpecification\",\"valueRequired\":true,\"valueName\":\"search_term_string\"}}],\"inLanguage\":\"pt-BR\"},{\"@type\":\"Organization\",\"@id\":\"https:\\\/\\\/redenoticiaz.com.br\\\/ribeiraopreto-regiao\\\/#organization\",\"name\":\"Ribeir\u00e3o Preto e Regi\u00e3o\",\"url\":\"https:\\\/\\\/redenoticiaz.com.br\\\/ribeiraopreto-regiao\\\/\",\"logo\":{\"@type\":\"ImageObject\",\"inLanguage\":\"pt-BR\",\"@id\":\"https:\\\/\\\/redenoticiaz.com.br\\\/ribeiraopreto-regiao\\\/#\\\/schema\\\/logo\\\/image\\\/\",\"url\":\"https:\\\/\\\/redenoticiaz.com.br\\\/barretos-regiao\\\/wp-content\\\/uploads\\\/sites\\\/4\\\/2022\\\/02\\\/logo.jpg\",\"contentUrl\":\"https:\\\/\\\/redenoticiaz.com.br\\\/barretos-regiao\\\/wp-content\\\/uploads\\\/sites\\\/4\\\/2022\\\/02\\\/logo.jpg\",\"width\":400,\"height\":250,\"caption\":\"Ribeir\u00e3o Preto e Regi\u00e3o\"},\"image\":{\"@id\":\"https:\\\/\\\/redenoticiaz.com.br\\\/ribeiraopreto-regiao\\\/#\\\/schema\\\/logo\\\/image\\\/\"},\"sameAs\":[\"https:\\\/\\\/m.facebook.com\\\/redenoticiaz.barretos\",\"https:\\\/\\\/x.com\\\/RN_barretos\",\"https:\\\/\\\/www.instagram.com\\\/redenoticiaz.barretos\\\/?igshid=YmMyMTA2M2Y\",\"https:\\\/\\\/www.linkedin.com\\\/company\\\/rede-noticiaz-barretos-e-regio\\\/\"]},{\"@type\":\"Person\",\"@id\":\"https:\\\/\\\/redenoticiaz.com.br\\\/ribeiraopreto-regiao\\\/#\\\/schema\\\/person\\\/0f0b8a5bdafefe82841e07ae8d81ecb3\",\"name\":\"Leonardo Francisco\",\"image\":{\"@type\":\"ImageObject\",\"inLanguage\":\"pt-BR\",\"@id\":\"https:\\\/\\\/secure.gravatar.com\\\/avatar\\\/a7358cb406a99b682ec6df1e77e31ae82e63601f6784e8a3df411d72b37864da?s=96&d=mm&r=g\",\"url\":\"https:\\\/\\\/secure.gravatar.com\\\/avatar\\\/a7358cb406a99b682ec6df1e77e31ae82e63601f6784e8a3df411d72b37864da?s=96&d=mm&r=g\",\"contentUrl\":\"https:\\\/\\\/secure.gravatar.com\\\/avatar\\\/a7358cb406a99b682ec6df1e77e31ae82e63601f6784e8a3df411d72b37864da?s=96&d=mm&r=g\",\"caption\":\"Leonardo Francisco\"},\"url\":\"https:\\\/\\\/redenoticiaz.com.br\\\/ribeiraopreto-regiao\\\/sp\\\/author\\\/leonardo-francisco\"}]}<\/script>\n<!-- \/ Yoast SEO plugin. -->","yoast_head_json":{"title":"Bolsonaro gastou quase R$ 2 milh\u00f5es do cart\u00e3o corporativo no Guaruj\u00e1 - Ribeir\u00e3o Preto e Regi\u00e3o","description":"O Governo Federal resolveu revelar os valores gastos do cart\u00e3o corporativo, enquanto Jair Bolsonaro (PL) era presidente da Rep\u00fablica.","robots":{"index":"index","follow":"follow","max-snippet":"max-snippet:-1","max-image-preview":"max-image-preview:large","max-video-preview":"max-video-preview:-1"},"canonical":"https:\/\/redenoticiaz.com.br\/ribeiraopreto-regiao\/sp\/2023\/01\/13\/bolsonaro-gastou-quase-r-2-milhoes-do-cartao-corporativo-no-guaruja","og_locale":"pt_BR","og_type":"article","og_title":"Bolsonaro gastou quase R$ 2 milh\u00f5es do cart\u00e3o corporativo no Guaruj\u00e1 - Ribeir\u00e3o Preto e Regi\u00e3o","og_description":"O Governo Federal resolveu revelar os valores gastos do cart\u00e3o corporativo, enquanto Jair Bolsonaro (PL) era presidente da Rep\u00fablica.","og_url":"https:\/\/redenoticiaz.com.br\/ribeiraopreto-regiao\/sp\/2023\/01\/13\/bolsonaro-gastou-quase-r-2-milhoes-do-cartao-corporativo-no-guaruja","og_site_name":"Ribeir\u00e3o Preto e Regi\u00e3o","article_publisher":"https:\/\/m.facebook.com\/redenoticiaz.barretos","article_published_time":"2023-01-13T11:36:48+00:00","og_image":[{"width":400,"height":250,"url":"https:\/\/redenoticiaz.com.br\/ribeiraopreto-regiao\/wp-content\/uploads\/sites\/4\/2022\/02\/logo.jpg","type":"image\/jpeg"}],"author":"Leonardo Francisco","twitter_card":"summary_large_image","twitter_creator":"@RN_barretos","twitter_site":"@RN_barretos","twitter_misc":{"Escrito por":"Leonardo Francisco","Est. tempo de leitura":"3 minutos"},"schema":{"@context":"https:\/\/schema.org","@graph":[{"@type":"Article","@id":"https:\/\/redenoticiaz.com.br\/ribeiraopreto-regiao\/sp\/2023\/01\/13\/bolsonaro-gastou-quase-r-2-milhoes-do-cartao-corporativo-no-guaruja#article","isPartOf":{"@id":"https:\/\/redenoticiaz.com.br\/ribeiraopreto-regiao\/sp\/2023\/01\/13\/bolsonaro-gastou-quase-r-2-milhoes-do-cartao-corporativo-no-guaruja"},"author":{"name":"Leonardo Francisco","@id":"https:\/\/redenoticiaz.com.br\/ribeiraopreto-regiao\/#\/schema\/person\/0f0b8a5bdafefe82841e07ae8d81ecb3"},"headline":"Bolsonaro gastou quase R$ 2 milh\u00f5es do cart\u00e3o corporativo no Guaruj\u00e1","datePublished":"2023-01-13T11:36:48+00:00","mainEntityOfPage":{"@id":"https:\/\/redenoticiaz.com.br\/ribeiraopreto-regiao\/sp\/2023\/01\/13\/bolsonaro-gastou-quase-r-2-milhoes-do-cartao-corporativo-no-guaruja"},"wordCount":518,"commentCount":0,"publisher":{"@id":"https:\/\/redenoticiaz.com.br\/ribeiraopreto-regiao\/#organization"},"image":{"@id":"https:\/\/redenoticiaz.com.br\/ribeiraopreto-regiao\/sp\/2023\/01\/13\/bolsonaro-gastou-quase-r-2-milhoes-do-cartao-corporativo-no-guaruja#primaryimage"},"thumbnailUrl":"https:\/\/redenoticiaz.com.br\/ribeiraopreto-regiao\/wp-content\/uploads\/sites\/4\/2023\/01\/BOLSONARO-CARTAO.jpg","keywords":["CART\u00c3O CORPORATIVO","EX-PRESIDENTE JAIR BOLSONARO","gastos","GOVERNO FEDERAL","Guaruj\u00e1","HOT\u00c9IS","POSTO DE COMBUST\u00cdVEIS","RESTAURANTE","SUPERMERCADO"],"articleSection":["Pol\u00edtica"],"inLanguage":"pt-BR","potentialAction":[{"@type":"CommentAction","name":"Comment","target":["https:\/\/redenoticiaz.com.br\/ribeiraopreto-regiao\/sp\/2023\/01\/13\/bolsonaro-gastou-quase-r-2-milhoes-do-cartao-corporativo-no-guaruja#respond"]}]},{"@type":"WebPage","@id":"https:\/\/redenoticiaz.com.br\/ribeiraopreto-regiao\/sp\/2023\/01\/13\/bolsonaro-gastou-quase-r-2-milhoes-do-cartao-corporativo-no-guaruja","url":"https:\/\/redenoticiaz.com.br\/ribeiraopreto-regiao\/sp\/2023\/01\/13\/bolsonaro-gastou-quase-r-2-milhoes-do-cartao-corporativo-no-guaruja","name":"Bolsonaro gastou quase R$ 2 milh\u00f5es do cart\u00e3o corporativo no Guaruj\u00e1 - Ribeir\u00e3o Preto e Regi\u00e3o","isPartOf":{"@id":"https:\/\/redenoticiaz.com.br\/ribeiraopreto-regiao\/#website"},"primaryImageOfPage":{"@id":"https:\/\/redenoticiaz.com.br\/ribeiraopreto-regiao\/sp\/2023\/01\/13\/bolsonaro-gastou-quase-r-2-milhoes-do-cartao-corporativo-no-guaruja#primaryimage"},"image":{"@id":"https:\/\/redenoticiaz.com.br\/ribeiraopreto-regiao\/sp\/2023\/01\/13\/bolsonaro-gastou-quase-r-2-milhoes-do-cartao-corporativo-no-guaruja#primaryimage"},"thumbnailUrl":"https:\/\/redenoticiaz.com.br\/ribeiraopreto-regiao\/wp-content\/uploads\/sites\/4\/2023\/01\/BOLSONARO-CARTAO.jpg","datePublished":"2023-01-13T11:36:48+00:00","description":"O Governo Federal resolveu revelar os valores gastos do cart\u00e3o corporativo, enquanto Jair Bolsonaro (PL) era presidente da Rep\u00fablica.","inLanguage":"pt-BR","potentialAction":[{"@type":"ReadAction","target":["https:\/\/redenoticiaz.com.br\/ribeiraopreto-regiao\/sp\/2023\/01\/13\/bolsonaro-gastou-quase-r-2-milhoes-do-cartao-corporativo-no-guaruja"]}]},{"@type":"ImageObject","inLanguage":"pt-BR","@id":"https:\/\/redenoticiaz.com.br\/ribeiraopreto-regiao\/sp\/2023\/01\/13\/bolsonaro-gastou-quase-r-2-milhoes-do-cartao-corporativo-no-guaruja#primaryimage","url":"https:\/\/redenoticiaz.com.br\/ribeiraopreto-regiao\/wp-content\/uploads\/sites\/4\/2023\/01\/BOLSONARO-CARTAO.jpg","contentUrl":"https:\/\/redenoticiaz.com.br\/ribeiraopreto-regiao\/wp-content\/uploads\/sites\/4\/2023\/01\/BOLSONARO-CARTAO.jpg","width":492,"height":322,"caption":"Cr\u00e9ditos: Reprodu\u00e7\u00e3o"},{"@type":"WebSite","@id":"https:\/\/redenoticiaz.com.br\/ribeiraopreto-regiao\/#website","url":"https:\/\/redenoticiaz.com.br\/ribeiraopreto-regiao\/","name":"Ribeir\u00e3o Preto e Regi\u00e3o","description":"Rede NoticiaZ - Ribeir\u00e3o Preto e regi\u00e3o","publisher":{"@id":"https:\/\/redenoticiaz.com.br\/ribeiraopreto-regiao\/#organization"},"potentialAction":[{"@type":"SearchAction","target":{"@type":"EntryPoint","urlTemplate":"https:\/\/redenoticiaz.com.br\/ribeiraopreto-regiao\/?s={search_term_string}"},"query-input":{"@type":"PropertyValueSpecification","valueRequired":true,"valueName":"search_term_string"}}],"inLanguage":"pt-BR"},{"@type":"Organization","@id":"https:\/\/redenoticiaz.com.br\/ribeiraopreto-regiao\/#organization","name":"Ribeir\u00e3o Preto e Regi\u00e3o","url":"https:\/\/redenoticiaz.com.br\/ribeiraopreto-regiao\/","logo":{"@type":"ImageObject","inLanguage":"pt-BR","@id":"https:\/\/redenoticiaz.com.br\/ribeiraopreto-regiao\/#\/schema\/logo\/image\/","url":"https:\/\/redenoticiaz.com.br\/barretos-regiao\/wp-content\/uploads\/sites\/4\/2022\/02\/logo.jpg","contentUrl":"https:\/\/redenoticiaz.com.br\/barretos-regiao\/wp-content\/uploads\/sites\/4\/2022\/02\/logo.jpg","width":400,"height":250,"caption":"Ribeir\u00e3o Preto e Regi\u00e3o"},"image":{"@id":"https:\/\/redenoticiaz.com.br\/ribeiraopreto-regiao\/#\/schema\/logo\/image\/"},"sameAs":["https:\/\/m.facebook.com\/redenoticiaz.barretos","https:\/\/x.com\/RN_barretos","https:\/\/www.instagram.com\/redenoticiaz.barretos\/?igshid=YmMyMTA2M2Y","https:\/\/www.linkedin.com\/company\/rede-noticiaz-barretos-e-regio\/"]},{"@type":"Person","@id":"https:\/\/redenoticiaz.com.br\/ribeiraopreto-regiao\/#\/schema\/person\/0f0b8a5bdafefe82841e07ae8d81ecb3","name":"Leonardo Francisco","image":{"@type":"ImageObject","inLanguage":"pt-BR","@id":"https:\/\/secure.gravatar.com\/avatar\/a7358cb406a99b682ec6df1e77e31ae82e63601f6784e8a3df411d72b37864da?s=96&d=mm&r=g","url":"https:\/\/secure.gravatar.com\/avatar\/a7358cb406a99b682ec6df1e77e31ae82e63601f6784e8a3df411d72b37864da?s=96&d=mm&r=g","contentUrl":"https:\/\/secure.gravatar.com\/avatar\/a7358cb406a99b682ec6df1e77e31ae82e63601f6784e8a3df411d72b37864da?s=96&d=mm&r=g","caption":"Leonardo Francisco"},"url":"https:\/\/redenoticiaz.com.br\/ribeiraopreto-regiao\/sp\/author\/leonardo-francisco"}]}},"_links":{"self":[{"href":"https:\/\/redenoticiaz.com.br\/ribeiraopreto-regiao\/wp-json\/wp\/v2\/posts\/98532","targetHints":{"allow":["GET"]}}],"collection":[{"href":"https:\/\/redenoticiaz.com.br\/ribeiraopreto-regiao\/wp-json\/wp\/v2\/posts"}],"about":[{"href":"https:\/\/redenoticiaz.com.br\/ribeiraopreto-regiao\/wp-json\/wp\/v2\/types\/post"}],"author":[{"embeddable":true,"href":"https:\/\/redenoticiaz.com.br\/ribeiraopreto-regiao\/wp-json\/wp\/v2\/users\/6"}],"replies":[{"embeddable":true,"href":"https:\/\/redenoticiaz.com.br\/ribeiraopreto-regiao\/wp-json\/wp\/v2\/comments?post=98532"}],"version-history":[{"count":0,"href":"https:\/\/redenoticiaz.com.br\/ribeiraopreto-regiao\/wp-json\/wp\/v2\/posts\/98532\/revisions"}],"wp:featuredmedia":[{"embeddable":true,"href":"https:\/\/redenoticiaz.com.br\/ribeiraopreto-regiao\/wp-json\/wp\/v2\/media\/98533"}],"wp:attachment":[{"href":"https:\/\/redenoticiaz.com.br\/ribeiraopreto-regiao\/wp-json\/wp\/v2\/media?parent=98532"}],"wp:term":[{"taxonomy":"category","embeddable":true,"href":"https:\/\/redenoticiaz.com.br\/ribeiraopreto-regiao\/wp-json\/wp\/v2\/categories?post=98532"},{"taxonomy":"post_tag","embeddable":true,"href":"https:\/\/redenoticiaz.com.br\/ribeiraopreto-regiao\/wp-json\/wp\/v2\/tags?post=98532"}],"curies":[{"name":"wp","href":"https:\/\/api.w.org\/{rel}","templated":true}]}}