{"id":98586,"date":"2023-01-13T17:31:08","date_gmt":"2023-01-13T20:31:08","guid":{"rendered":"https:\/\/redenoticiaz.com.br\/barretos-regiao\/sp\/2023\/01\/13\/presidente-do-senado-entrega-a-pgr-representacao-contra-golpistas"},"modified":"2023-01-13T17:32:01","modified_gmt":"2023-01-13T20:32:01","slug":"presidente-do-senado-entrega-a-pgr-representacao-contra-golpistas","status":"publish","type":"post","link":"https:\/\/redenoticiaz.com.br\/ribeiraopreto-regiao\/sp\/2023\/01\/13\/presidente-do-senado-entrega-a-pgr-representacao-contra-golpistas","title":{"rendered":"Presidente do Senado entrega \u00e0 PGR representa\u00e7\u00e3o contra golpistas"},"content":{"rendered":"<p>O presidente do Senado, Rodrigo Pacheco (PSD-MG), entregou hoje (13) ao procurador-geral da Rep\u00fablica, Augusto Aras, uma representa\u00e7\u00e3o criminal contra as pessoas j\u00e1 identificadas como participantes do ato de vandalismo e atentado \u00e0s institui\u00e7\u00f5es democr\u00e1ticas ocorrido no domingo (8).<img decoding=\"async\" src=\"https:\/\/agenciabrasil.ebc.com.br\/ebc.png?id=1504258&amp;o=node\" \/><img decoding=\"async\" src=\"https:\/\/agenciabrasil.ebc.com.br\/ebc.gif?id=1504258&amp;o=node\" \/><\/p>\n<blockquote><p>\u201cEssa \u00e9 a raz\u00e3o de ser da nossa visita. Apresentar essa representa\u00e7\u00e3o criminal contra essas pessoas que j\u00e1 foram identificadas e presas, sem preju\u00edzo de outras representa\u00e7\u00f5es que possam vir a partir da identifica\u00e7\u00e3o de novos fatos e novos autores de crimes, sobretudo aqueles que tenham financiado e contribu\u00eddo intelectualmente para a pr\u00e1tica desses crimes no dia 8 de janeiro\u201d<\/p><\/blockquote>\n<p>A representa\u00e7\u00e3o foi produzida pela Advocacia do Senado, com base, inclusive, em informa\u00e7\u00f5es obtidas da Pol\u00edcia Legislativa. O documento tamb\u00e9m sugere medidas cautelares, ou seja, a tomada de provid\u00eancias que antecipem os efeitos de uma posterior decis\u00e3o condenat\u00f3ria, como uma pris\u00e3o, por exemplo. O teor da representa\u00e7\u00e3o, no entanto, est\u00e1 em sigilo. E justamente por haver sugest\u00e3o de medidas cautelares, Pacheco entendeu que seria melhor manter esse sigilo.<\/p>\n<p>Para o presidente do Senado, \u00e9 importante que as institui\u00e7\u00f5es respons\u00e1veis deem uma resposta \u00e0 sociedade para evitar a impress\u00e3o de impunidade aos criminosos e golpistas.<\/p>\n<blockquote><p>\u201cQuero externar o nosso desejo de que haja o m\u00e1ximo de empenho do Minist\u00e9rio P\u00fablico Federal para coibirmos, em repreens\u00e3o, esses fatos, e evitarmos que outros possam acontecer a partir de um sentimento de impunidade. E temos que evitar esse sentimento de impunidade\u201d<\/p><\/blockquote>\n<p>Aras recebeu a representa\u00e7\u00e3o e reafirmou o trabalho da Procuradoria-Geral da Rep\u00fablica e do Minist\u00e9rio P\u00fablico Federal (MPF) no caso. Ele explicou que existe um grupo trabalhando para apresentar uma a\u00e7\u00e3o penal entre segunda-feira e ter\u00e7a-feira. Esse grupo \u00e9 coordenado pelo vice-presidente do Conselho Superior do MPF, Carlos Frederico Santos.<\/p>\n<blockquote><p>\u201cO grupo de trabalho dele vai se dedicar no fim de semana para dar uma resposta \u00e0 sociedade brasileira, ao Estado e ao Senado Federal\u201d<\/p><\/blockquote>\n<p><em>*Com Informa\u00e7\u00f5es da Ag\u00eanciaBrasil<\/em><\/p>\n<p><strong>Leia mais<\/strong><\/p>\n<p><a href=\"https:\/\/redenoticiaz.com.br\/blog\/2023\/01\/11\/lula-atos-terroristas-foram-acao-de-aloprados-que-serao-punidos\">Lula: atos terroristas foram a\u00e7\u00e3o de aloprados que ser\u00e3o punidos<\/a><\/p>\n","protected":false},"excerpt":{"rendered":"<p>O presidente do Senado, Rodrigo Pacheco (PSD-MG), entregou hoje (13) ao procurador-geral da Rep\u00fablica, Augusto Aras, uma representa\u00e7\u00e3o criminal contra as pessoas j\u00e1 identificadas como participantes do ato de vandalismo e atentado \u00e0s institui\u00e7\u00f5es democr\u00e1ticas ocorrido no domingo (8). \u201cEssa \u00e9 a raz\u00e3o de ser da nossa visita. Apresentar essa representa\u00e7\u00e3o criminal contra essas pessoas &hellip;<\/p>\n","protected":false},"author":12,"featured_media":98587,"comment_status":"open","ping_status":"closed","sticky":false,"template":"","format":"standard","meta":{"footnotes":""},"categories":[683,88,186],"tags":[],"class_list":["post-98586","post","type-post","status-publish","format-standard","has-post-thumbnail","hentry","category-justica","category-policia","category-politica"],"yoast_head":"<!-- This site is optimized with the Yoast SEO plugin v27.4 - https:\/\/yoast.com\/product\/yoast-seo-wordpress\/ -->\n<title>Presidente do Senado entrega \u00e0 PGR representa\u00e7\u00e3o contra golpistas - Ribeir\u00e3o Preto e Regi\u00e3o<\/title>\n<meta name=\"description\" content=\"O presidente do Senado, Rodrigo Pacheco entregou ao procurador-geral da Rep\u00fablica, Augusto Aras, uma representa\u00e7\u00e3o criminal contra golpistas.\" \/>\n<meta name=\"robots\" content=\"index, follow, max-snippet:-1, max-image-preview:large, max-video-preview:-1\" \/>\n<link rel=\"canonical\" href=\"https:\/\/redenoticiaz.com.br\/ribeiraopreto-regiao\/sp\/2023\/01\/13\/presidente-do-senado-entrega-a-pgr-representacao-contra-golpistas\" \/>\n<meta property=\"og:locale\" content=\"pt_BR\" \/>\n<meta property=\"og:type\" content=\"article\" \/>\n<meta property=\"og:title\" content=\"Presidente do Senado entrega \u00e0 PGR representa\u00e7\u00e3o contra golpistas - Ribeir\u00e3o Preto e Regi\u00e3o\" \/>\n<meta property=\"og:description\" content=\"O presidente do Senado, Rodrigo Pacheco entregou ao procurador-geral da Rep\u00fablica, Augusto Aras, uma representa\u00e7\u00e3o criminal contra golpistas.\" \/>\n<meta property=\"og:url\" content=\"https:\/\/redenoticiaz.com.br\/ribeiraopreto-regiao\/sp\/2023\/01\/13\/presidente-do-senado-entrega-a-pgr-representacao-contra-golpistas\" \/>\n<meta property=\"og:site_name\" content=\"Ribeir\u00e3o Preto e Regi\u00e3o\" \/>\n<meta property=\"article:publisher\" content=\"https:\/\/m.facebook.com\/redenoticiaz.barretos\" \/>\n<meta property=\"article:published_time\" content=\"2023-01-13T20:31:08+00:00\" \/>\n<meta property=\"article:modified_time\" content=\"2023-01-13T20:32:01+00:00\" \/>\n<meta property=\"og:image\" content=\"https:\/\/redenoticiaz.com.br\/ribeiraopreto-regiao\/wp-content\/uploads\/sites\/4\/2023\/01\/manifestacao_mcamgo_abr_080120231818-14.jpg?v=1673641839\" \/>\n\t<meta property=\"og:image:width\" content=\"1170\" \/>\n\t<meta property=\"og:image:height\" content=\"700\" \/>\n\t<meta property=\"og:image:type\" content=\"image\/jpeg\" \/>\n<meta name=\"author\" content=\"Gustavo Silva\" \/>\n<meta name=\"twitter:card\" content=\"summary_large_image\" \/>\n<meta name=\"twitter:creator\" content=\"@RN_barretos\" \/>\n<meta name=\"twitter:site\" content=\"@RN_barretos\" \/>\n<meta name=\"twitter:label1\" content=\"Escrito por\" \/>\n\t<meta name=\"twitter:data1\" content=\"Gustavo Silva\" \/>\n\t<meta name=\"twitter:label2\" content=\"Est. tempo de leitura\" \/>\n\t<meta name=\"twitter:data2\" content=\"3 minutos\" \/>\n<script type=\"application\/ld+json\" class=\"yoast-schema-graph\">{\"@context\":\"https:\\\/\\\/schema.org\",\"@graph\":[{\"@type\":\"Article\",\"@id\":\"https:\\\/\\\/redenoticiaz.com.br\\\/ribeiraopreto-regiao\\\/sp\\\/2023\\\/01\\\/13\\\/presidente-do-senado-entrega-a-pgr-representacao-contra-golpistas#article\",\"isPartOf\":{\"@id\":\"https:\\\/\\\/redenoticiaz.com.br\\\/ribeiraopreto-regiao\\\/sp\\\/2023\\\/01\\\/13\\\/presidente-do-senado-entrega-a-pgr-representacao-contra-golpistas\"},\"author\":{\"name\":\"Gustavo Silva\",\"@id\":\"https:\\\/\\\/redenoticiaz.com.br\\\/ribeiraopreto-regiao\\\/#\\\/schema\\\/person\\\/16057b37a3c0ee6b096d7f887c566e2e\"},\"headline\":\"Presidente do Senado entrega \u00e0 PGR representa\u00e7\u00e3o contra golpistas\",\"datePublished\":\"2023-01-13T20:31:08+00:00\",\"dateModified\":\"2023-01-13T20:32:01+00:00\",\"mainEntityOfPage\":{\"@id\":\"https:\\\/\\\/redenoticiaz.com.br\\\/ribeiraopreto-regiao\\\/sp\\\/2023\\\/01\\\/13\\\/presidente-do-senado-entrega-a-pgr-representacao-contra-golpistas\"},\"wordCount\":366,\"commentCount\":0,\"publisher\":{\"@id\":\"https:\\\/\\\/redenoticiaz.com.br\\\/ribeiraopreto-regiao\\\/#organization\"},\"image\":{\"@id\":\"https:\\\/\\\/redenoticiaz.com.br\\\/ribeiraopreto-regiao\\\/sp\\\/2023\\\/01\\\/13\\\/presidente-do-senado-entrega-a-pgr-representacao-contra-golpistas#primaryimage\"},\"thumbnailUrl\":\"https:\\\/\\\/redenoticiaz.com.br\\\/ribeiraopreto-regiao\\\/wp-content\\\/uploads\\\/sites\\\/4\\\/2023\\\/01\\\/manifestacao_mcamgo_abr_080120231818-14.jpg?v=1673641839\",\"articleSection\":[\"Justi\u00e7a\",\"Pol\u00edcia\",\"Pol\u00edtica\"],\"inLanguage\":\"pt-BR\",\"potentialAction\":[{\"@type\":\"CommentAction\",\"name\":\"Comment\",\"target\":[\"https:\\\/\\\/redenoticiaz.com.br\\\/ribeiraopreto-regiao\\\/sp\\\/2023\\\/01\\\/13\\\/presidente-do-senado-entrega-a-pgr-representacao-contra-golpistas#respond\"]}]},{\"@type\":\"WebPage\",\"@id\":\"https:\\\/\\\/redenoticiaz.com.br\\\/ribeiraopreto-regiao\\\/sp\\\/2023\\\/01\\\/13\\\/presidente-do-senado-entrega-a-pgr-representacao-contra-golpistas\",\"url\":\"https:\\\/\\\/redenoticiaz.com.br\\\/ribeiraopreto-regiao\\\/sp\\\/2023\\\/01\\\/13\\\/presidente-do-senado-entrega-a-pgr-representacao-contra-golpistas\",\"name\":\"Presidente do Senado entrega \u00e0 PGR representa\u00e7\u00e3o contra golpistas - Ribeir\u00e3o Preto e Regi\u00e3o\",\"isPartOf\":{\"@id\":\"https:\\\/\\\/redenoticiaz.com.br\\\/ribeiraopreto-regiao\\\/#website\"},\"primaryImageOfPage\":{\"@id\":\"https:\\\/\\\/redenoticiaz.com.br\\\/ribeiraopreto-regiao\\\/sp\\\/2023\\\/01\\\/13\\\/presidente-do-senado-entrega-a-pgr-representacao-contra-golpistas#primaryimage\"},\"image\":{\"@id\":\"https:\\\/\\\/redenoticiaz.com.br\\\/ribeiraopreto-regiao\\\/sp\\\/2023\\\/01\\\/13\\\/presidente-do-senado-entrega-a-pgr-representacao-contra-golpistas#primaryimage\"},\"thumbnailUrl\":\"https:\\\/\\\/redenoticiaz.com.br\\\/ribeiraopreto-regiao\\\/wp-content\\\/uploads\\\/sites\\\/4\\\/2023\\\/01\\\/manifestacao_mcamgo_abr_080120231818-14.jpg?v=1673641839\",\"datePublished\":\"2023-01-13T20:31:08+00:00\",\"dateModified\":\"2023-01-13T20:32:01+00:00\",\"description\":\"O presidente do Senado, Rodrigo Pacheco entregou ao procurador-geral da Rep\u00fablica, Augusto Aras, uma representa\u00e7\u00e3o criminal contra golpistas.\",\"inLanguage\":\"pt-BR\",\"potentialAction\":[{\"@type\":\"ReadAction\",\"target\":[\"https:\\\/\\\/redenoticiaz.com.br\\\/ribeiraopreto-regiao\\\/sp\\\/2023\\\/01\\\/13\\\/presidente-do-senado-entrega-a-pgr-representacao-contra-golpistas\"]}]},{\"@type\":\"ImageObject\",\"inLanguage\":\"pt-BR\",\"@id\":\"https:\\\/\\\/redenoticiaz.com.br\\\/ribeiraopreto-regiao\\\/sp\\\/2023\\\/01\\\/13\\\/presidente-do-senado-entrega-a-pgr-representacao-contra-golpistas#primaryimage\",\"url\":\"https:\\\/\\\/redenoticiaz.com.br\\\/ribeiraopreto-regiao\\\/wp-content\\\/uploads\\\/sites\\\/4\\\/2023\\\/01\\\/manifestacao_mcamgo_abr_080120231818-14.jpg?v=1673641839\",\"contentUrl\":\"https:\\\/\\\/redenoticiaz.com.br\\\/ribeiraopreto-regiao\\\/wp-content\\\/uploads\\\/sites\\\/4\\\/2023\\\/01\\\/manifestacao_mcamgo_abr_080120231818-14.jpg?v=1673641839\",\"width\":1170,\"height\":700,\"caption\":\"Presidente do Senado entrega \u00e0 PGR representa\u00e7\u00e3o contra golpistas\"},{\"@type\":\"WebSite\",\"@id\":\"https:\\\/\\\/redenoticiaz.com.br\\\/ribeiraopreto-regiao\\\/#website\",\"url\":\"https:\\\/\\\/redenoticiaz.com.br\\\/ribeiraopreto-regiao\\\/\",\"name\":\"Ribeir\u00e3o Preto e Regi\u00e3o\",\"description\":\"Rede NoticiaZ - Ribeir\u00e3o Preto e regi\u00e3o\",\"publisher\":{\"@id\":\"https:\\\/\\\/redenoticiaz.com.br\\\/ribeiraopreto-regiao\\\/#organization\"},\"potentialAction\":[{\"@type\":\"SearchAction\",\"target\":{\"@type\":\"EntryPoint\",\"urlTemplate\":\"https:\\\/\\\/redenoticiaz.com.br\\\/ribeiraopreto-regiao\\\/?s={search_term_string}\"},\"query-input\":{\"@type\":\"PropertyValueSpecification\",\"valueRequired\":true,\"valueName\":\"search_term_string\"}}],\"inLanguage\":\"pt-BR\"},{\"@type\":\"Organization\",\"@id\":\"https:\\\/\\\/redenoticiaz.com.br\\\/ribeiraopreto-regiao\\\/#organization\",\"name\":\"Ribeir\u00e3o Preto e Regi\u00e3o\",\"url\":\"https:\\\/\\\/redenoticiaz.com.br\\\/ribeiraopreto-regiao\\\/\",\"logo\":{\"@type\":\"ImageObject\",\"inLanguage\":\"pt-BR\",\"@id\":\"https:\\\/\\\/redenoticiaz.com.br\\\/ribeiraopreto-regiao\\\/#\\\/schema\\\/logo\\\/image\\\/\",\"url\":\"https:\\\/\\\/redenoticiaz.com.br\\\/barretos-regiao\\\/wp-content\\\/uploads\\\/sites\\\/4\\\/2022\\\/02\\\/logo.jpg\",\"contentUrl\":\"https:\\\/\\\/redenoticiaz.com.br\\\/barretos-regiao\\\/wp-content\\\/uploads\\\/sites\\\/4\\\/2022\\\/02\\\/logo.jpg\",\"width\":400,\"height\":250,\"caption\":\"Ribeir\u00e3o Preto e Regi\u00e3o\"},\"image\":{\"@id\":\"https:\\\/\\\/redenoticiaz.com.br\\\/ribeiraopreto-regiao\\\/#\\\/schema\\\/logo\\\/image\\\/\"},\"sameAs\":[\"https:\\\/\\\/m.facebook.com\\\/redenoticiaz.barretos\",\"https:\\\/\\\/x.com\\\/RN_barretos\",\"https:\\\/\\\/www.instagram.com\\\/redenoticiaz.barretos\\\/?igshid=YmMyMTA2M2Y\",\"https:\\\/\\\/www.linkedin.com\\\/company\\\/rede-noticiaz-barretos-e-regio\\\/\"]},{\"@type\":\"Person\",\"@id\":\"https:\\\/\\\/redenoticiaz.com.br\\\/ribeiraopreto-regiao\\\/#\\\/schema\\\/person\\\/16057b37a3c0ee6b096d7f887c566e2e\",\"name\":\"Gustavo Silva\",\"image\":{\"@type\":\"ImageObject\",\"inLanguage\":\"pt-BR\",\"@id\":\"https:\\\/\\\/secure.gravatar.com\\\/avatar\\\/3ee4e82f93b26de0a7cf4ea5eb7893da637ed6bb0c9170c58065944c56e28a33?s=96&d=mm&r=g\",\"url\":\"https:\\\/\\\/secure.gravatar.com\\\/avatar\\\/3ee4e82f93b26de0a7cf4ea5eb7893da637ed6bb0c9170c58065944c56e28a33?s=96&d=mm&r=g\",\"contentUrl\":\"https:\\\/\\\/secure.gravatar.com\\\/avatar\\\/3ee4e82f93b26de0a7cf4ea5eb7893da637ed6bb0c9170c58065944c56e28a33?s=96&d=mm&r=g\",\"caption\":\"Gustavo Silva\"},\"url\":\"https:\\\/\\\/redenoticiaz.com.br\\\/ribeiraopreto-regiao\\\/sp\\\/author\\\/gustavosilva\"}]}<\/script>\n<!-- \/ Yoast SEO plugin. -->","yoast_head_json":{"title":"Presidente do Senado entrega \u00e0 PGR representa\u00e7\u00e3o contra golpistas - Ribeir\u00e3o Preto e Regi\u00e3o","description":"O presidente do Senado, Rodrigo Pacheco entregou ao procurador-geral da Rep\u00fablica, Augusto Aras, uma representa\u00e7\u00e3o criminal contra golpistas.","robots":{"index":"index","follow":"follow","max-snippet":"max-snippet:-1","max-image-preview":"max-image-preview:large","max-video-preview":"max-video-preview:-1"},"canonical":"https:\/\/redenoticiaz.com.br\/ribeiraopreto-regiao\/sp\/2023\/01\/13\/presidente-do-senado-entrega-a-pgr-representacao-contra-golpistas","og_locale":"pt_BR","og_type":"article","og_title":"Presidente do Senado entrega \u00e0 PGR representa\u00e7\u00e3o contra golpistas - Ribeir\u00e3o Preto e Regi\u00e3o","og_description":"O presidente do Senado, Rodrigo Pacheco entregou ao procurador-geral da Rep\u00fablica, Augusto Aras, uma representa\u00e7\u00e3o criminal contra golpistas.","og_url":"https:\/\/redenoticiaz.com.br\/ribeiraopreto-regiao\/sp\/2023\/01\/13\/presidente-do-senado-entrega-a-pgr-representacao-contra-golpistas","og_site_name":"Ribeir\u00e3o Preto e Regi\u00e3o","article_publisher":"https:\/\/m.facebook.com\/redenoticiaz.barretos","article_published_time":"2023-01-13T20:31:08+00:00","article_modified_time":"2023-01-13T20:32:01+00:00","og_image":[{"width":1170,"height":700,"url":"https:\/\/redenoticiaz.com.br\/ribeiraopreto-regiao\/wp-content\/uploads\/sites\/4\/2023\/01\/manifestacao_mcamgo_abr_080120231818-14.jpg?v=1673641839","type":"image\/jpeg"}],"author":"Gustavo Silva","twitter_card":"summary_large_image","twitter_creator":"@RN_barretos","twitter_site":"@RN_barretos","twitter_misc":{"Escrito por":"Gustavo Silva","Est. tempo de leitura":"3 minutos"},"schema":{"@context":"https:\/\/schema.org","@graph":[{"@type":"Article","@id":"https:\/\/redenoticiaz.com.br\/ribeiraopreto-regiao\/sp\/2023\/01\/13\/presidente-do-senado-entrega-a-pgr-representacao-contra-golpistas#article","isPartOf":{"@id":"https:\/\/redenoticiaz.com.br\/ribeiraopreto-regiao\/sp\/2023\/01\/13\/presidente-do-senado-entrega-a-pgr-representacao-contra-golpistas"},"author":{"name":"Gustavo Silva","@id":"https:\/\/redenoticiaz.com.br\/ribeiraopreto-regiao\/#\/schema\/person\/16057b37a3c0ee6b096d7f887c566e2e"},"headline":"Presidente do Senado entrega \u00e0 PGR representa\u00e7\u00e3o contra golpistas","datePublished":"2023-01-13T20:31:08+00:00","dateModified":"2023-01-13T20:32:01+00:00","mainEntityOfPage":{"@id":"https:\/\/redenoticiaz.com.br\/ribeiraopreto-regiao\/sp\/2023\/01\/13\/presidente-do-senado-entrega-a-pgr-representacao-contra-golpistas"},"wordCount":366,"commentCount":0,"publisher":{"@id":"https:\/\/redenoticiaz.com.br\/ribeiraopreto-regiao\/#organization"},"image":{"@id":"https:\/\/redenoticiaz.com.br\/ribeiraopreto-regiao\/sp\/2023\/01\/13\/presidente-do-senado-entrega-a-pgr-representacao-contra-golpistas#primaryimage"},"thumbnailUrl":"https:\/\/redenoticiaz.com.br\/ribeiraopreto-regiao\/wp-content\/uploads\/sites\/4\/2023\/01\/manifestacao_mcamgo_abr_080120231818-14.jpg?v=1673641839","articleSection":["Justi\u00e7a","Pol\u00edcia","Pol\u00edtica"],"inLanguage":"pt-BR","potentialAction":[{"@type":"CommentAction","name":"Comment","target":["https:\/\/redenoticiaz.com.br\/ribeiraopreto-regiao\/sp\/2023\/01\/13\/presidente-do-senado-entrega-a-pgr-representacao-contra-golpistas#respond"]}]},{"@type":"WebPage","@id":"https:\/\/redenoticiaz.com.br\/ribeiraopreto-regiao\/sp\/2023\/01\/13\/presidente-do-senado-entrega-a-pgr-representacao-contra-golpistas","url":"https:\/\/redenoticiaz.com.br\/ribeiraopreto-regiao\/sp\/2023\/01\/13\/presidente-do-senado-entrega-a-pgr-representacao-contra-golpistas","name":"Presidente do Senado entrega \u00e0 PGR representa\u00e7\u00e3o contra golpistas - Ribeir\u00e3o Preto e Regi\u00e3o","isPartOf":{"@id":"https:\/\/redenoticiaz.com.br\/ribeiraopreto-regiao\/#website"},"primaryImageOfPage":{"@id":"https:\/\/redenoticiaz.com.br\/ribeiraopreto-regiao\/sp\/2023\/01\/13\/presidente-do-senado-entrega-a-pgr-representacao-contra-golpistas#primaryimage"},"image":{"@id":"https:\/\/redenoticiaz.com.br\/ribeiraopreto-regiao\/sp\/2023\/01\/13\/presidente-do-senado-entrega-a-pgr-representacao-contra-golpistas#primaryimage"},"thumbnailUrl":"https:\/\/redenoticiaz.com.br\/ribeiraopreto-regiao\/wp-content\/uploads\/sites\/4\/2023\/01\/manifestacao_mcamgo_abr_080120231818-14.jpg?v=1673641839","datePublished":"2023-01-13T20:31:08+00:00","dateModified":"2023-01-13T20:32:01+00:00","description":"O presidente do Senado, Rodrigo Pacheco entregou ao procurador-geral da Rep\u00fablica, Augusto Aras, uma representa\u00e7\u00e3o criminal contra golpistas.","inLanguage":"pt-BR","potentialAction":[{"@type":"ReadAction","target":["https:\/\/redenoticiaz.com.br\/ribeiraopreto-regiao\/sp\/2023\/01\/13\/presidente-do-senado-entrega-a-pgr-representacao-contra-golpistas"]}]},{"@type":"ImageObject","inLanguage":"pt-BR","@id":"https:\/\/redenoticiaz.com.br\/ribeiraopreto-regiao\/sp\/2023\/01\/13\/presidente-do-senado-entrega-a-pgr-representacao-contra-golpistas#primaryimage","url":"https:\/\/redenoticiaz.com.br\/ribeiraopreto-regiao\/wp-content\/uploads\/sites\/4\/2023\/01\/manifestacao_mcamgo_abr_080120231818-14.jpg?v=1673641839","contentUrl":"https:\/\/redenoticiaz.com.br\/ribeiraopreto-regiao\/wp-content\/uploads\/sites\/4\/2023\/01\/manifestacao_mcamgo_abr_080120231818-14.jpg?v=1673641839","width":1170,"height":700,"caption":"Presidente do Senado entrega \u00e0 PGR representa\u00e7\u00e3o contra golpistas"},{"@type":"WebSite","@id":"https:\/\/redenoticiaz.com.br\/ribeiraopreto-regiao\/#website","url":"https:\/\/redenoticiaz.com.br\/ribeiraopreto-regiao\/","name":"Ribeir\u00e3o Preto e Regi\u00e3o","description":"Rede NoticiaZ - Ribeir\u00e3o Preto e regi\u00e3o","publisher":{"@id":"https:\/\/redenoticiaz.com.br\/ribeiraopreto-regiao\/#organization"},"potentialAction":[{"@type":"SearchAction","target":{"@type":"EntryPoint","urlTemplate":"https:\/\/redenoticiaz.com.br\/ribeiraopreto-regiao\/?s={search_term_string}"},"query-input":{"@type":"PropertyValueSpecification","valueRequired":true,"valueName":"search_term_string"}}],"inLanguage":"pt-BR"},{"@type":"Organization","@id":"https:\/\/redenoticiaz.com.br\/ribeiraopreto-regiao\/#organization","name":"Ribeir\u00e3o Preto e Regi\u00e3o","url":"https:\/\/redenoticiaz.com.br\/ribeiraopreto-regiao\/","logo":{"@type":"ImageObject","inLanguage":"pt-BR","@id":"https:\/\/redenoticiaz.com.br\/ribeiraopreto-regiao\/#\/schema\/logo\/image\/","url":"https:\/\/redenoticiaz.com.br\/barretos-regiao\/wp-content\/uploads\/sites\/4\/2022\/02\/logo.jpg","contentUrl":"https:\/\/redenoticiaz.com.br\/barretos-regiao\/wp-content\/uploads\/sites\/4\/2022\/02\/logo.jpg","width":400,"height":250,"caption":"Ribeir\u00e3o Preto e Regi\u00e3o"},"image":{"@id":"https:\/\/redenoticiaz.com.br\/ribeiraopreto-regiao\/#\/schema\/logo\/image\/"},"sameAs":["https:\/\/m.facebook.com\/redenoticiaz.barretos","https:\/\/x.com\/RN_barretos","https:\/\/www.instagram.com\/redenoticiaz.barretos\/?igshid=YmMyMTA2M2Y","https:\/\/www.linkedin.com\/company\/rede-noticiaz-barretos-e-regio\/"]},{"@type":"Person","@id":"https:\/\/redenoticiaz.com.br\/ribeiraopreto-regiao\/#\/schema\/person\/16057b37a3c0ee6b096d7f887c566e2e","name":"Gustavo Silva","image":{"@type":"ImageObject","inLanguage":"pt-BR","@id":"https:\/\/secure.gravatar.com\/avatar\/3ee4e82f93b26de0a7cf4ea5eb7893da637ed6bb0c9170c58065944c56e28a33?s=96&d=mm&r=g","url":"https:\/\/secure.gravatar.com\/avatar\/3ee4e82f93b26de0a7cf4ea5eb7893da637ed6bb0c9170c58065944c56e28a33?s=96&d=mm&r=g","contentUrl":"https:\/\/secure.gravatar.com\/avatar\/3ee4e82f93b26de0a7cf4ea5eb7893da637ed6bb0c9170c58065944c56e28a33?s=96&d=mm&r=g","caption":"Gustavo Silva"},"url":"https:\/\/redenoticiaz.com.br\/ribeiraopreto-regiao\/sp\/author\/gustavosilva"}]}},"_links":{"self":[{"href":"https:\/\/redenoticiaz.com.br\/ribeiraopreto-regiao\/wp-json\/wp\/v2\/posts\/98586","targetHints":{"allow":["GET"]}}],"collection":[{"href":"https:\/\/redenoticiaz.com.br\/ribeiraopreto-regiao\/wp-json\/wp\/v2\/posts"}],"about":[{"href":"https:\/\/redenoticiaz.com.br\/ribeiraopreto-regiao\/wp-json\/wp\/v2\/types\/post"}],"author":[{"embeddable":true,"href":"https:\/\/redenoticiaz.com.br\/ribeiraopreto-regiao\/wp-json\/wp\/v2\/users\/12"}],"replies":[{"embeddable":true,"href":"https:\/\/redenoticiaz.com.br\/ribeiraopreto-regiao\/wp-json\/wp\/v2\/comments?post=98586"}],"version-history":[{"count":0,"href":"https:\/\/redenoticiaz.com.br\/ribeiraopreto-regiao\/wp-json\/wp\/v2\/posts\/98586\/revisions"}],"wp:featuredmedia":[{"embeddable":true,"href":"https:\/\/redenoticiaz.com.br\/ribeiraopreto-regiao\/wp-json\/wp\/v2\/media\/98587"}],"wp:attachment":[{"href":"https:\/\/redenoticiaz.com.br\/ribeiraopreto-regiao\/wp-json\/wp\/v2\/media?parent=98586"}],"wp:term":[{"taxonomy":"category","embeddable":true,"href":"https:\/\/redenoticiaz.com.br\/ribeiraopreto-regiao\/wp-json\/wp\/v2\/categories?post=98586"},{"taxonomy":"post_tag","embeddable":true,"href":"https:\/\/redenoticiaz.com.br\/ribeiraopreto-regiao\/wp-json\/wp\/v2\/tags?post=98586"}],"curies":[{"name":"wp","href":"https:\/\/api.w.org\/{rel}","templated":true}]}}