{"id":98719,"date":"2023-01-17T10:22:16","date_gmt":"2023-01-17T13:22:16","guid":{"rendered":"https:\/\/redenoticiaz.com.br\/barretos-regiao\/?p=98719"},"modified":"2023-01-17T10:22:16","modified_gmt":"2023-01-17T13:22:16","slug":"mafioso-mais-procurado-da-italia-e-preso-apos-30-anos-foragido","status":"publish","type":"post","link":"https:\/\/redenoticiaz.com.br\/ribeiraopreto-regiao\/sp\/2023\/01\/17\/mafioso-mais-procurado-da-italia-e-preso-apos-30-anos-foragido","title":{"rendered":"Mafioso mais procurado da It\u00e1lia \u00e9 preso ap\u00f3s 30 anos foragido"},"content":{"rendered":"<p>A pol\u00edcia italiana prendeu nesta segunda-feira (16), o <strong>fugitivo mais procurado do pa\u00eds<\/strong>, Matteo Messina Denaro, chefe da m\u00e1fia Cosa Nostra, organiza\u00e7\u00e3o criminosa centen\u00e1ria.<\/p>\n<p>Condenado por v\u00e1rios assassinatos, bem como pela participa\u00e7\u00e3o em ataques a bomba em Floren\u00e7a, Roma e Mil\u00e3o, Denaro colecionava diversas senten\u00e7as de pris\u00e3o perp\u00e9tua.<\/p>\n<p>Matteo Messina, estava foragido h\u00e1 30 anos, as for\u00e7as de seguran\u00e7a n\u00e3o tinham nenhuma foto atualizada do criminoso, contando apenas com a tecnologia para projetar sua apar\u00eancia atual.<\/p>\n<p><img loading=\"lazy\" decoding=\"async\" class=\"alignnone wp-image-98720 size-full\" src=\"https:\/\/redenoticiaz.com.br\/barretos-regiao\/wp-content\/uploads\/sites\/4\/2023\/01\/unnamed.jpg\" alt=\"Mafioso mais procurado da It\u00e1lia \u00e9 preso ap\u00f3s 30 anos foragido\" width=\"662\" height=\"480\" srcset=\"https:\/\/redenoticiaz.com.br\/ribeiraopreto-regiao\/wp-content\/uploads\/sites\/4\/2023\/01\/unnamed.jpg 662w, https:\/\/redenoticiaz.com.br\/ribeiraopreto-regiao\/wp-content\/uploads\/sites\/4\/2023\/01\/unnamed-300x218.jpg 300w\" sizes=\"auto, (max-width: 662px) 100vw, 662px\" \/><\/p>\n<p>Segundo os policiais, <strong>mesmo foragido<\/strong>, o italiano ainda dava comandos para\u00a0as a\u00e7\u00f5es da m\u00e1fia na \u00e1rea ao redor da cidade de Trapani.<\/p>\n<p>Durante uma opera\u00e7\u00e3,\u00a0 Denaro, agora com 60 anos, foi capturado em uma cl\u00ednica particular na Sic\u00edlia, onde recebia tratamento para um c\u00e2ncer.<\/p>\n<h4><strong>A repercuss\u00e3o\u00a0<\/strong><\/h4>\n<p>O presidente do pa\u00eds, S\u00e9rgio Mattarella, parabenizou as for\u00e7as de seguran\u00e7a italianas.<\/p>\n<p>A primeira-ministra de extrema direita da It\u00e1lia, Georgia Meloni, disse que a pris\u00e3o \u00e9 uma prova de que o Estado n\u00e3o desiste da luta contra a m\u00e1fia. No Twitter, ela escreveu que <em>\u201co combate \u00e0 criminalidade continuar\u00e1 como prioridade absoluta do governo\u201d<\/em>.<\/p>\n<blockquote class=\"twitter-tweet\" data-width=\"500\" data-dnt=\"true\">\n<p lang=\"it\" dir=\"ltr\">La prevenzione e il contrasto della criminalit\u00e0 mafiosa, come attesta il fatto che il primo provvedimento dell&#39;Esecutivo ha riguardato il regime penitenziario duro per i mafiosi, continueranno ad essere una priorit\u00e0 assoluta di questo Governo.<\/p>\n<p>&mdash; Giorgia Meloni (@GiorgiaMeloni) <a href=\"https:\/\/twitter.com\/GiorgiaMeloni\/status\/1614911343542390784?ref_src=twsrc%5Etfw\">January 16, 2023<\/a><\/p><\/blockquote>\n<p><script async src=\"https:\/\/platform.twitter.com\/widgets.js\" charset=\"utf-8\"><\/script><\/p>\n<p>Ap\u00f3s o an\u00fancio da pris\u00e3o,\u00a0o mafioso desembarcou em Palermo para se encontrar com os policiais que participaram da a\u00e7\u00e3o.<\/p>\n<p>VEJA TAMB\u00c9M:\u00a0<a href=\"https:\/\/redenoticiaz.com.br\/barretos-regiao\/sp\/2023\/01\/16\/policia-prende-anestesista-colombiano-acusado-de-estupro\">Pol\u00edcia prende anestesista colombiano acusado de estupro<\/a><\/p>\n<p>&nbsp;<\/p>\n","protected":false},"excerpt":{"rendered":"<p>A pol\u00edcia italiana prendeu nesta segunda-feira (16), o fugitivo mais procurado do pa\u00eds, Matteo Messina Denaro, chefe da m\u00e1fia Cosa Nostra, organiza\u00e7\u00e3o criminosa centen\u00e1ria. Condenado por v\u00e1rios assassinatos, bem como pela participa\u00e7\u00e3o em ataques a bomba em Floren\u00e7a, Roma e Mil\u00e3o, Denaro colecionava diversas senten\u00e7as de pris\u00e3o perp\u00e9tua. Matteo Messina, estava foragido h\u00e1 30 anos, &hellip;<\/p>\n","protected":false},"author":15,"featured_media":98721,"comment_status":"open","ping_status":"closed","sticky":false,"template":"","format":"standard","meta":{"footnotes":""},"categories":[68],"tags":[23920,23923,23919,23922,23921],"class_list":["post-98719","post","type-post","status-publish","format-standard","has-post-thumbnail","hentry","category-mundo","tag-30-anos-foragido","tag-chefe-da-mafia","tag-foragido-mais-procurado-do-pais","tag-matteo-messina-denaro","tag-policia-italiana"],"yoast_head":"<!-- This site is optimized with the Yoast SEO plugin v27.5 - https:\/\/yoast.com\/product\/yoast-seo-wordpress\/ -->\n<title>Mafioso mais procurado da It\u00e1lia \u00e9 preso ap\u00f3s 30 anos foragido - Ribeir\u00e3o Preto e Regi\u00e3o<\/title>\n<meta name=\"description\" content=\"A pol\u00edcia italiana prendeu nesta segunda-feira o fugitivo mais procurado do pa\u00eds, Matteo Messina Denaro, chefe da m\u00e1fia Cosa Nostra.\" \/>\n<meta name=\"robots\" content=\"index, follow, max-snippet:-1, max-image-preview:large, max-video-preview:-1\" \/>\n<link rel=\"canonical\" href=\"https:\/\/redenoticiaz.com.br\/ribeiraopreto-regiao\/sp\/2023\/01\/17\/mafioso-mais-procurado-da-italia-e-preso-apos-30-anos-foragido\" \/>\n<meta property=\"og:locale\" content=\"pt_BR\" \/>\n<meta property=\"og:type\" content=\"article\" \/>\n<meta property=\"og:title\" content=\"Mafioso mais procurado da It\u00e1lia \u00e9 preso ap\u00f3s 30 anos foragido - Ribeir\u00e3o Preto e Regi\u00e3o\" \/>\n<meta property=\"og:description\" content=\"A pol\u00edcia italiana prendeu nesta segunda-feira o fugitivo mais procurado do pa\u00eds, Matteo Messina Denaro, chefe da m\u00e1fia Cosa Nostra.\" \/>\n<meta property=\"og:url\" content=\"https:\/\/redenoticiaz.com.br\/ribeiraopreto-regiao\/sp\/2023\/01\/17\/mafioso-mais-procurado-da-italia-e-preso-apos-30-anos-foragido\" \/>\n<meta property=\"og:site_name\" content=\"Ribeir\u00e3o Preto e Regi\u00e3o\" \/>\n<meta property=\"article:publisher\" content=\"https:\/\/m.facebook.com\/redenoticiaz.barretos\" \/>\n<meta property=\"article:published_time\" content=\"2023-01-17T13:22:16+00:00\" \/>\n<meta property=\"og:image\" content=\"https:\/\/redenoticiaz.com.br\/ribeiraopreto-regiao\/wp-content\/uploads\/sites\/4\/2023\/01\/Mafioso-mais-procurado-da-Italia-e-preso-apos-30-anos-foragido.png\" \/>\n\t<meta property=\"og:image:width\" content=\"1200\" \/>\n\t<meta property=\"og:image:height\" content=\"628\" \/>\n\t<meta property=\"og:image:type\" content=\"image\/png\" \/>\n<meta name=\"twitter:card\" content=\"summary_large_image\" \/>\n<meta name=\"twitter:creator\" content=\"@RN_barretos\" \/>\n<meta name=\"twitter:site\" content=\"@RN_barretos\" \/>\n<meta name=\"twitter:label1\" content=\"Escrito por\" \/>\n\t<meta name=\"twitter:data1\" content=\"\" \/>\n\t<meta name=\"twitter:label2\" content=\"Est. tempo de leitura\" \/>\n\t<meta name=\"twitter:data2\" content=\"2 minutos\" \/>\n<script type=\"application\/ld+json\" class=\"yoast-schema-graph\">{\"@context\":\"https:\\\/\\\/schema.org\",\"@graph\":[{\"@type\":\"Article\",\"@id\":\"https:\\\/\\\/redenoticiaz.com.br\\\/ribeiraopreto-regiao\\\/sp\\\/2023\\\/01\\\/17\\\/mafioso-mais-procurado-da-italia-e-preso-apos-30-anos-foragido#article\",\"isPartOf\":{\"@id\":\"https:\\\/\\\/redenoticiaz.com.br\\\/ribeiraopreto-regiao\\\/sp\\\/2023\\\/01\\\/17\\\/mafioso-mais-procurado-da-italia-e-preso-apos-30-anos-foragido\"},\"author\":{\"name\":\"\",\"@id\":\"\"},\"headline\":\"Mafioso mais procurado da It\u00e1lia \u00e9 preso ap\u00f3s 30 anos foragido\",\"datePublished\":\"2023-01-17T13:22:16+00:00\",\"mainEntityOfPage\":{\"@id\":\"https:\\\/\\\/redenoticiaz.com.br\\\/ribeiraopreto-regiao\\\/sp\\\/2023\\\/01\\\/17\\\/mafioso-mais-procurado-da-italia-e-preso-apos-30-anos-foragido\"},\"wordCount\":268,\"commentCount\":0,\"publisher\":{\"@id\":\"https:\\\/\\\/redenoticiaz.com.br\\\/ribeiraopreto-regiao\\\/#organization\"},\"image\":{\"@id\":\"https:\\\/\\\/redenoticiaz.com.br\\\/ribeiraopreto-regiao\\\/sp\\\/2023\\\/01\\\/17\\\/mafioso-mais-procurado-da-italia-e-preso-apos-30-anos-foragido#primaryimage\"},\"thumbnailUrl\":\"https:\\\/\\\/redenoticiaz.com.br\\\/ribeiraopreto-regiao\\\/wp-content\\\/uploads\\\/sites\\\/4\\\/2023\\\/01\\\/Mafioso-mais-procurado-da-Italia-e-preso-apos-30-anos-foragido.png\",\"keywords\":[\"30 anos foragido\",\"chefe da m\u00e1fia\",\"foragido mais procurado do pa\u00eds\",\"Matteo Messina Denaro\",\"pol\u00edcia italiana\"],\"articleSection\":[\"Mundo\"],\"inLanguage\":\"pt-BR\",\"potentialAction\":[{\"@type\":\"CommentAction\",\"name\":\"Comment\",\"target\":[\"https:\\\/\\\/redenoticiaz.com.br\\\/ribeiraopreto-regiao\\\/sp\\\/2023\\\/01\\\/17\\\/mafioso-mais-procurado-da-italia-e-preso-apos-30-anos-foragido#respond\"]}]},{\"@type\":\"WebPage\",\"@id\":\"https:\\\/\\\/redenoticiaz.com.br\\\/ribeiraopreto-regiao\\\/sp\\\/2023\\\/01\\\/17\\\/mafioso-mais-procurado-da-italia-e-preso-apos-30-anos-foragido\",\"url\":\"https:\\\/\\\/redenoticiaz.com.br\\\/ribeiraopreto-regiao\\\/sp\\\/2023\\\/01\\\/17\\\/mafioso-mais-procurado-da-italia-e-preso-apos-30-anos-foragido\",\"name\":\"Mafioso mais procurado da It\u00e1lia \u00e9 preso ap\u00f3s 30 anos foragido - Ribeir\u00e3o Preto e Regi\u00e3o\",\"isPartOf\":{\"@id\":\"https:\\\/\\\/redenoticiaz.com.br\\\/ribeiraopreto-regiao\\\/#website\"},\"primaryImageOfPage\":{\"@id\":\"https:\\\/\\\/redenoticiaz.com.br\\\/ribeiraopreto-regiao\\\/sp\\\/2023\\\/01\\\/17\\\/mafioso-mais-procurado-da-italia-e-preso-apos-30-anos-foragido#primaryimage\"},\"image\":{\"@id\":\"https:\\\/\\\/redenoticiaz.com.br\\\/ribeiraopreto-regiao\\\/sp\\\/2023\\\/01\\\/17\\\/mafioso-mais-procurado-da-italia-e-preso-apos-30-anos-foragido#primaryimage\"},\"thumbnailUrl\":\"https:\\\/\\\/redenoticiaz.com.br\\\/ribeiraopreto-regiao\\\/wp-content\\\/uploads\\\/sites\\\/4\\\/2023\\\/01\\\/Mafioso-mais-procurado-da-Italia-e-preso-apos-30-anos-foragido.png\",\"datePublished\":\"2023-01-17T13:22:16+00:00\",\"description\":\"A pol\u00edcia italiana prendeu nesta segunda-feira o fugitivo mais procurado do pa\u00eds, Matteo Messina Denaro, chefe da m\u00e1fia Cosa Nostra.\",\"inLanguage\":\"pt-BR\",\"potentialAction\":[{\"@type\":\"ReadAction\",\"target\":[\"https:\\\/\\\/redenoticiaz.com.br\\\/ribeiraopreto-regiao\\\/sp\\\/2023\\\/01\\\/17\\\/mafioso-mais-procurado-da-italia-e-preso-apos-30-anos-foragido\"]}]},{\"@type\":\"ImageObject\",\"inLanguage\":\"pt-BR\",\"@id\":\"https:\\\/\\\/redenoticiaz.com.br\\\/ribeiraopreto-regiao\\\/sp\\\/2023\\\/01\\\/17\\\/mafioso-mais-procurado-da-italia-e-preso-apos-30-anos-foragido#primaryimage\",\"url\":\"https:\\\/\\\/redenoticiaz.com.br\\\/ribeiraopreto-regiao\\\/wp-content\\\/uploads\\\/sites\\\/4\\\/2023\\\/01\\\/Mafioso-mais-procurado-da-Italia-e-preso-apos-30-anos-foragido.png\",\"contentUrl\":\"https:\\\/\\\/redenoticiaz.com.br\\\/ribeiraopreto-regiao\\\/wp-content\\\/uploads\\\/sites\\\/4\\\/2023\\\/01\\\/Mafioso-mais-procurado-da-Italia-e-preso-apos-30-anos-foragido.png\",\"width\":1200,\"height\":628,\"caption\":\"Matteo Messina Denaro, preso pela pol\u00edcia italiana. Cr\u00e9dito: Reprodu\u00e7\u00e3o\"},{\"@type\":\"WebSite\",\"@id\":\"https:\\\/\\\/redenoticiaz.com.br\\\/ribeiraopreto-regiao\\\/#website\",\"url\":\"https:\\\/\\\/redenoticiaz.com.br\\\/ribeiraopreto-regiao\\\/\",\"name\":\"Ribeir\u00e3o Preto e Regi\u00e3o\",\"description\":\"Rede NoticiaZ - Ribeir\u00e3o Preto e regi\u00e3o\",\"publisher\":{\"@id\":\"https:\\\/\\\/redenoticiaz.com.br\\\/ribeiraopreto-regiao\\\/#organization\"},\"potentialAction\":[{\"@type\":\"SearchAction\",\"target\":{\"@type\":\"EntryPoint\",\"urlTemplate\":\"https:\\\/\\\/redenoticiaz.com.br\\\/ribeiraopreto-regiao\\\/?s={search_term_string}\"},\"query-input\":{\"@type\":\"PropertyValueSpecification\",\"valueRequired\":true,\"valueName\":\"search_term_string\"}}],\"inLanguage\":\"pt-BR\"},{\"@type\":\"Organization\",\"@id\":\"https:\\\/\\\/redenoticiaz.com.br\\\/ribeiraopreto-regiao\\\/#organization\",\"name\":\"Ribeir\u00e3o Preto e Regi\u00e3o\",\"url\":\"https:\\\/\\\/redenoticiaz.com.br\\\/ribeiraopreto-regiao\\\/\",\"logo\":{\"@type\":\"ImageObject\",\"inLanguage\":\"pt-BR\",\"@id\":\"https:\\\/\\\/redenoticiaz.com.br\\\/ribeiraopreto-regiao\\\/#\\\/schema\\\/logo\\\/image\\\/\",\"url\":\"https:\\\/\\\/redenoticiaz.com.br\\\/barretos-regiao\\\/wp-content\\\/uploads\\\/sites\\\/4\\\/2022\\\/02\\\/logo.jpg\",\"contentUrl\":\"https:\\\/\\\/redenoticiaz.com.br\\\/barretos-regiao\\\/wp-content\\\/uploads\\\/sites\\\/4\\\/2022\\\/02\\\/logo.jpg\",\"width\":400,\"height\":250,\"caption\":\"Ribeir\u00e3o Preto e Regi\u00e3o\"},\"image\":{\"@id\":\"https:\\\/\\\/redenoticiaz.com.br\\\/ribeiraopreto-regiao\\\/#\\\/schema\\\/logo\\\/image\\\/\"},\"sameAs\":[\"https:\\\/\\\/m.facebook.com\\\/redenoticiaz.barretos\",\"https:\\\/\\\/x.com\\\/RN_barretos\",\"https:\\\/\\\/www.instagram.com\\\/redenoticiaz.barretos\\\/?igshid=YmMyMTA2M2Y\",\"https:\\\/\\\/www.linkedin.com\\\/company\\\/rede-noticiaz-barretos-e-regio\\\/\"]},{\"@type\":\"Person\",\"@id\":\"\",\"url\":\"https:\\\/\\\/redenoticiaz.com.br\\\/ribeiraopreto-regiao\\\/sp\\\/author\"}]}<\/script>\n<!-- \/ Yoast SEO plugin. -->","yoast_head_json":{"title":"Mafioso mais procurado da It\u00e1lia \u00e9 preso ap\u00f3s 30 anos foragido - Ribeir\u00e3o Preto e Regi\u00e3o","description":"A pol\u00edcia italiana prendeu nesta segunda-feira o fugitivo mais procurado do pa\u00eds, Matteo Messina Denaro, chefe da m\u00e1fia Cosa Nostra.","robots":{"index":"index","follow":"follow","max-snippet":"max-snippet:-1","max-image-preview":"max-image-preview:large","max-video-preview":"max-video-preview:-1"},"canonical":"https:\/\/redenoticiaz.com.br\/ribeiraopreto-regiao\/sp\/2023\/01\/17\/mafioso-mais-procurado-da-italia-e-preso-apos-30-anos-foragido","og_locale":"pt_BR","og_type":"article","og_title":"Mafioso mais procurado da It\u00e1lia \u00e9 preso ap\u00f3s 30 anos foragido - Ribeir\u00e3o Preto e Regi\u00e3o","og_description":"A pol\u00edcia italiana prendeu nesta segunda-feira o fugitivo mais procurado do pa\u00eds, Matteo Messina Denaro, chefe da m\u00e1fia Cosa Nostra.","og_url":"https:\/\/redenoticiaz.com.br\/ribeiraopreto-regiao\/sp\/2023\/01\/17\/mafioso-mais-procurado-da-italia-e-preso-apos-30-anos-foragido","og_site_name":"Ribeir\u00e3o Preto e Regi\u00e3o","article_publisher":"https:\/\/m.facebook.com\/redenoticiaz.barretos","article_published_time":"2023-01-17T13:22:16+00:00","og_image":[{"width":1200,"height":628,"url":"https:\/\/redenoticiaz.com.br\/ribeiraopreto-regiao\/wp-content\/uploads\/sites\/4\/2023\/01\/Mafioso-mais-procurado-da-Italia-e-preso-apos-30-anos-foragido.png","type":"image\/png"}],"twitter_card":"summary_large_image","twitter_creator":"@RN_barretos","twitter_site":"@RN_barretos","twitter_misc":{"Escrito por":"","Est. tempo de leitura":"2 minutos"},"schema":{"@context":"https:\/\/schema.org","@graph":[{"@type":"Article","@id":"https:\/\/redenoticiaz.com.br\/ribeiraopreto-regiao\/sp\/2023\/01\/17\/mafioso-mais-procurado-da-italia-e-preso-apos-30-anos-foragido#article","isPartOf":{"@id":"https:\/\/redenoticiaz.com.br\/ribeiraopreto-regiao\/sp\/2023\/01\/17\/mafioso-mais-procurado-da-italia-e-preso-apos-30-anos-foragido"},"author":{"name":"","@id":""},"headline":"Mafioso mais procurado da It\u00e1lia \u00e9 preso ap\u00f3s 30 anos foragido","datePublished":"2023-01-17T13:22:16+00:00","mainEntityOfPage":{"@id":"https:\/\/redenoticiaz.com.br\/ribeiraopreto-regiao\/sp\/2023\/01\/17\/mafioso-mais-procurado-da-italia-e-preso-apos-30-anos-foragido"},"wordCount":268,"commentCount":0,"publisher":{"@id":"https:\/\/redenoticiaz.com.br\/ribeiraopreto-regiao\/#organization"},"image":{"@id":"https:\/\/redenoticiaz.com.br\/ribeiraopreto-regiao\/sp\/2023\/01\/17\/mafioso-mais-procurado-da-italia-e-preso-apos-30-anos-foragido#primaryimage"},"thumbnailUrl":"https:\/\/redenoticiaz.com.br\/ribeiraopreto-regiao\/wp-content\/uploads\/sites\/4\/2023\/01\/Mafioso-mais-procurado-da-Italia-e-preso-apos-30-anos-foragido.png","keywords":["30 anos foragido","chefe da m\u00e1fia","foragido mais procurado do pa\u00eds","Matteo Messina Denaro","pol\u00edcia italiana"],"articleSection":["Mundo"],"inLanguage":"pt-BR","potentialAction":[{"@type":"CommentAction","name":"Comment","target":["https:\/\/redenoticiaz.com.br\/ribeiraopreto-regiao\/sp\/2023\/01\/17\/mafioso-mais-procurado-da-italia-e-preso-apos-30-anos-foragido#respond"]}]},{"@type":"WebPage","@id":"https:\/\/redenoticiaz.com.br\/ribeiraopreto-regiao\/sp\/2023\/01\/17\/mafioso-mais-procurado-da-italia-e-preso-apos-30-anos-foragido","url":"https:\/\/redenoticiaz.com.br\/ribeiraopreto-regiao\/sp\/2023\/01\/17\/mafioso-mais-procurado-da-italia-e-preso-apos-30-anos-foragido","name":"Mafioso mais procurado da It\u00e1lia \u00e9 preso ap\u00f3s 30 anos foragido - Ribeir\u00e3o Preto e Regi\u00e3o","isPartOf":{"@id":"https:\/\/redenoticiaz.com.br\/ribeiraopreto-regiao\/#website"},"primaryImageOfPage":{"@id":"https:\/\/redenoticiaz.com.br\/ribeiraopreto-regiao\/sp\/2023\/01\/17\/mafioso-mais-procurado-da-italia-e-preso-apos-30-anos-foragido#primaryimage"},"image":{"@id":"https:\/\/redenoticiaz.com.br\/ribeiraopreto-regiao\/sp\/2023\/01\/17\/mafioso-mais-procurado-da-italia-e-preso-apos-30-anos-foragido#primaryimage"},"thumbnailUrl":"https:\/\/redenoticiaz.com.br\/ribeiraopreto-regiao\/wp-content\/uploads\/sites\/4\/2023\/01\/Mafioso-mais-procurado-da-Italia-e-preso-apos-30-anos-foragido.png","datePublished":"2023-01-17T13:22:16+00:00","description":"A pol\u00edcia italiana prendeu nesta segunda-feira o fugitivo mais procurado do pa\u00eds, Matteo Messina Denaro, chefe da m\u00e1fia Cosa Nostra.","inLanguage":"pt-BR","potentialAction":[{"@type":"ReadAction","target":["https:\/\/redenoticiaz.com.br\/ribeiraopreto-regiao\/sp\/2023\/01\/17\/mafioso-mais-procurado-da-italia-e-preso-apos-30-anos-foragido"]}]},{"@type":"ImageObject","inLanguage":"pt-BR","@id":"https:\/\/redenoticiaz.com.br\/ribeiraopreto-regiao\/sp\/2023\/01\/17\/mafioso-mais-procurado-da-italia-e-preso-apos-30-anos-foragido#primaryimage","url":"https:\/\/redenoticiaz.com.br\/ribeiraopreto-regiao\/wp-content\/uploads\/sites\/4\/2023\/01\/Mafioso-mais-procurado-da-Italia-e-preso-apos-30-anos-foragido.png","contentUrl":"https:\/\/redenoticiaz.com.br\/ribeiraopreto-regiao\/wp-content\/uploads\/sites\/4\/2023\/01\/Mafioso-mais-procurado-da-Italia-e-preso-apos-30-anos-foragido.png","width":1200,"height":628,"caption":"Matteo Messina Denaro, preso pela pol\u00edcia italiana. Cr\u00e9dito: Reprodu\u00e7\u00e3o"},{"@type":"WebSite","@id":"https:\/\/redenoticiaz.com.br\/ribeiraopreto-regiao\/#website","url":"https:\/\/redenoticiaz.com.br\/ribeiraopreto-regiao\/","name":"Ribeir\u00e3o Preto e Regi\u00e3o","description":"Rede NoticiaZ - Ribeir\u00e3o Preto e regi\u00e3o","publisher":{"@id":"https:\/\/redenoticiaz.com.br\/ribeiraopreto-regiao\/#organization"},"potentialAction":[{"@type":"SearchAction","target":{"@type":"EntryPoint","urlTemplate":"https:\/\/redenoticiaz.com.br\/ribeiraopreto-regiao\/?s={search_term_string}"},"query-input":{"@type":"PropertyValueSpecification","valueRequired":true,"valueName":"search_term_string"}}],"inLanguage":"pt-BR"},{"@type":"Organization","@id":"https:\/\/redenoticiaz.com.br\/ribeiraopreto-regiao\/#organization","name":"Ribeir\u00e3o Preto e Regi\u00e3o","url":"https:\/\/redenoticiaz.com.br\/ribeiraopreto-regiao\/","logo":{"@type":"ImageObject","inLanguage":"pt-BR","@id":"https:\/\/redenoticiaz.com.br\/ribeiraopreto-regiao\/#\/schema\/logo\/image\/","url":"https:\/\/redenoticiaz.com.br\/barretos-regiao\/wp-content\/uploads\/sites\/4\/2022\/02\/logo.jpg","contentUrl":"https:\/\/redenoticiaz.com.br\/barretos-regiao\/wp-content\/uploads\/sites\/4\/2022\/02\/logo.jpg","width":400,"height":250,"caption":"Ribeir\u00e3o Preto e Regi\u00e3o"},"image":{"@id":"https:\/\/redenoticiaz.com.br\/ribeiraopreto-regiao\/#\/schema\/logo\/image\/"},"sameAs":["https:\/\/m.facebook.com\/redenoticiaz.barretos","https:\/\/x.com\/RN_barretos","https:\/\/www.instagram.com\/redenoticiaz.barretos\/?igshid=YmMyMTA2M2Y","https:\/\/www.linkedin.com\/company\/rede-noticiaz-barretos-e-regio\/"]},{"@type":"Person","@id":"","url":"https:\/\/redenoticiaz.com.br\/ribeiraopreto-regiao\/sp\/author"}]}},"_links":{"self":[{"href":"https:\/\/redenoticiaz.com.br\/ribeiraopreto-regiao\/wp-json\/wp\/v2\/posts\/98719","targetHints":{"allow":["GET"]}}],"collection":[{"href":"https:\/\/redenoticiaz.com.br\/ribeiraopreto-regiao\/wp-json\/wp\/v2\/posts"}],"about":[{"href":"https:\/\/redenoticiaz.com.br\/ribeiraopreto-regiao\/wp-json\/wp\/v2\/types\/post"}],"author":[{"embeddable":true,"href":"https:\/\/redenoticiaz.com.br\/ribeiraopreto-regiao\/wp-json\/wp\/v2\/users\/15"}],"replies":[{"embeddable":true,"href":"https:\/\/redenoticiaz.com.br\/ribeiraopreto-regiao\/wp-json\/wp\/v2\/comments?post=98719"}],"version-history":[{"count":1,"href":"https:\/\/redenoticiaz.com.br\/ribeiraopreto-regiao\/wp-json\/wp\/v2\/posts\/98719\/revisions"}],"predecessor-version":[{"id":98722,"href":"https:\/\/redenoticiaz.com.br\/ribeiraopreto-regiao\/wp-json\/wp\/v2\/posts\/98719\/revisions\/98722"}],"wp:featuredmedia":[{"embeddable":true,"href":"https:\/\/redenoticiaz.com.br\/ribeiraopreto-regiao\/wp-json\/wp\/v2\/media\/98721"}],"wp:attachment":[{"href":"https:\/\/redenoticiaz.com.br\/ribeiraopreto-regiao\/wp-json\/wp\/v2\/media?parent=98719"}],"wp:term":[{"taxonomy":"category","embeddable":true,"href":"https:\/\/redenoticiaz.com.br\/ribeiraopreto-regiao\/wp-json\/wp\/v2\/categories?post=98719"},{"taxonomy":"post_tag","embeddable":true,"href":"https:\/\/redenoticiaz.com.br\/ribeiraopreto-regiao\/wp-json\/wp\/v2\/tags?post=98719"}],"curies":[{"name":"wp","href":"https:\/\/api.w.org\/{rel}","templated":true}]}}