{"id":98723,"date":"2023-01-17T10:46:29","date_gmt":"2023-01-17T13:46:29","guid":{"rendered":"https:\/\/redenoticiaz.com.br\/barretos-regiao\/?p=98723"},"modified":"2023-01-17T10:46:29","modified_gmt":"2023-01-17T13:46:29","slug":"obras-na-via-conselheiro-antonio-prado-interrompe-transito-no-local","status":"publish","type":"post","link":"https:\/\/redenoticiaz.com.br\/ribeiraopreto-regiao\/sp\/2023\/01\/17\/obras-na-via-conselheiro-antonio-prado-interrompe-transito-no-local","title":{"rendered":"Obras na Via Conselheiro Ant\u00f4nio Prado interrompe tr\u00e2nsito no local"},"content":{"rendered":"<p>A secretaria municipal de Obras d\u00e1 continuidade nesta ter\u00e7a-feira (17) \u00e0s obras de adequa\u00e7\u00e3o \u00e0s normas de acessibilidade em passeio p\u00fablico na Via Conselheiro Ant\u00f4nio Prado.<\/p>\n<p>De acordo com o secret\u00e1rio, Raul Paganelli, o tr\u00e2nsito pela via precisar\u00e1 ser interrompido a partir das 8h, at\u00e9 o t\u00e9rmino dos servi\u00e7os, no trecho entre as rotat\u00f3rias do shopping e da UPA, sentido bairro \u2013 centro.<\/p>\n<p>\u201cO primeiro espa\u00e7o que est\u00e1 recebendo as adequa\u00e7\u00f5es \u00e9 a regi\u00e3o entre o Centro Municipal de Reabilita\u00e7\u00e3o e a UPA, e, devido ao fluxo de m\u00e1quinas e caminh\u00f5es, o tr\u00e1fego dever\u00e1 ser interrompido por quest\u00f5es de seguran\u00e7a\u201d, afirmou o secret\u00e1rio.<\/p>\n<p>A obra faz parte do Programa Cal\u00e7adas Acess\u00edveis, do governo do Estado de S\u00e3o Paulo, que ainda prev\u00ea adequa\u00e7\u00f5es nas cal\u00e7adas da Unidade B\u00e1sica de Sa\u00fade \u201cDr Lotfallah Miziara\u201d, no Zequinha Am\u00eandola, e na UBS.<\/p>\n<p>VEJA TAMB\u00c9M:\u00a0<a href=\"https:\/\/redenoticiaz.com.br\/barretos-regiao\/sp\/2023\/01\/17\/mafioso-mais-procurado-da-italia-e-preso-apos-30-anos-foragido\">Mafioso mais procurado da It\u00e1lia \u00e9 preso ap\u00f3s 30 anos foragido<\/a><\/p>\n<p>&nbsp;<\/p>\n","protected":false},"excerpt":{"rendered":"<p>A secretaria municipal de Obras d\u00e1 continuidade nesta ter\u00e7a-feira (17) \u00e0s obras de adequa\u00e7\u00e3o \u00e0s normas de acessibilidade em passeio p\u00fablico na Via Conselheiro Ant\u00f4nio Prado. De acordo com o secret\u00e1rio, Raul Paganelli, o tr\u00e2nsito pela via precisar\u00e1 ser interrompido a partir das 8h, at\u00e9 o t\u00e9rmino dos servi\u00e7os, no trecho entre as rotat\u00f3rias do &hellip;<\/p>\n","protected":false},"author":15,"featured_media":98724,"comment_status":"open","ping_status":"closed","sticky":false,"template":"","format":"standard","meta":{"footnotes":""},"categories":[2920,143],"tags":[23924,2217,3121,23925],"class_list":["post-98723","post","type-post","status-publish","format-standard","has-post-thumbnail","hentry","category-obras","category-transito","tag-conselheiro-antonio-prado","tag-investimento","tag-obras","tag-transito-interrompido"],"yoast_head":"<!-- This site is optimized with the Yoast SEO plugin v27.4 - https:\/\/yoast.com\/product\/yoast-seo-wordpress\/ -->\n<title>Obras na Via Conselheiro Ant\u00f4nio Prado interrompe tr\u00e2nsito no local - Ribeir\u00e3o Preto e Regi\u00e3o<\/title>\n<meta name=\"description\" content=\"Continuidade nesta ter\u00e7a-feira (17) \u00e0s obras de adequa\u00e7\u00e3o \u00e0s normas de acessibilidade em passeio p\u00fablico na Via Conselheiro Ant\u00f4nio Prado.\" \/>\n<meta name=\"robots\" content=\"index, follow, max-snippet:-1, max-image-preview:large, max-video-preview:-1\" \/>\n<link rel=\"canonical\" href=\"https:\/\/redenoticiaz.com.br\/ribeiraopreto-regiao\/sp\/2023\/01\/17\/obras-na-via-conselheiro-antonio-prado-interrompe-transito-no-local\" \/>\n<meta property=\"og:locale\" content=\"pt_BR\" \/>\n<meta property=\"og:type\" content=\"article\" \/>\n<meta property=\"og:title\" content=\"Obras na Via Conselheiro Ant\u00f4nio Prado interrompe tr\u00e2nsito no local - Ribeir\u00e3o Preto e Regi\u00e3o\" \/>\n<meta property=\"og:description\" content=\"Continuidade nesta ter\u00e7a-feira (17) \u00e0s obras de adequa\u00e7\u00e3o \u00e0s normas de acessibilidade em passeio p\u00fablico na Via Conselheiro Ant\u00f4nio Prado.\" \/>\n<meta property=\"og:url\" content=\"https:\/\/redenoticiaz.com.br\/ribeiraopreto-regiao\/sp\/2023\/01\/17\/obras-na-via-conselheiro-antonio-prado-interrompe-transito-no-local\" \/>\n<meta property=\"og:site_name\" content=\"Ribeir\u00e3o Preto e Regi\u00e3o\" \/>\n<meta property=\"article:publisher\" content=\"https:\/\/m.facebook.com\/redenoticiaz.barretos\" \/>\n<meta property=\"article:published_time\" content=\"2023-01-17T13:46:29+00:00\" \/>\n<meta property=\"og:image\" content=\"https:\/\/redenoticiaz.com.br\/ribeiraopreto-regiao\/wp-content\/uploads\/sites\/4\/2023\/01\/Trecho-da-via.jpg\" \/>\n\t<meta property=\"og:image:width\" content=\"534\" \/>\n\t<meta property=\"og:image:height\" content=\"407\" \/>\n\t<meta property=\"og:image:type\" content=\"image\/jpeg\" \/>\n<meta name=\"twitter:card\" content=\"summary_large_image\" \/>\n<meta name=\"twitter:creator\" content=\"@RN_barretos\" \/>\n<meta name=\"twitter:site\" content=\"@RN_barretos\" \/>\n<meta name=\"twitter:label1\" content=\"Escrito por\" \/>\n\t<meta name=\"twitter:data1\" content=\"\" \/>\n\t<meta name=\"twitter:label2\" content=\"Est. tempo de leitura\" \/>\n\t<meta name=\"twitter:data2\" content=\"1 minuto\" \/>\n<script type=\"application\/ld+json\" class=\"yoast-schema-graph\">{\"@context\":\"https:\\\/\\\/schema.org\",\"@graph\":[{\"@type\":\"Article\",\"@id\":\"https:\\\/\\\/redenoticiaz.com.br\\\/ribeiraopreto-regiao\\\/sp\\\/2023\\\/01\\\/17\\\/obras-na-via-conselheiro-antonio-prado-interrompe-transito-no-local#article\",\"isPartOf\":{\"@id\":\"https:\\\/\\\/redenoticiaz.com.br\\\/ribeiraopreto-regiao\\\/sp\\\/2023\\\/01\\\/17\\\/obras-na-via-conselheiro-antonio-prado-interrompe-transito-no-local\"},\"author\":{\"name\":\"\",\"@id\":\"\"},\"headline\":\"Obras na Via Conselheiro Ant\u00f4nio Prado interrompe tr\u00e2nsito no local\",\"datePublished\":\"2023-01-17T13:46:29+00:00\",\"mainEntityOfPage\":{\"@id\":\"https:\\\/\\\/redenoticiaz.com.br\\\/ribeiraopreto-regiao\\\/sp\\\/2023\\\/01\\\/17\\\/obras-na-via-conselheiro-antonio-prado-interrompe-transito-no-local\"},\"wordCount\":189,\"commentCount\":0,\"publisher\":{\"@id\":\"https:\\\/\\\/redenoticiaz.com.br\\\/ribeiraopreto-regiao\\\/#organization\"},\"image\":{\"@id\":\"https:\\\/\\\/redenoticiaz.com.br\\\/ribeiraopreto-regiao\\\/sp\\\/2023\\\/01\\\/17\\\/obras-na-via-conselheiro-antonio-prado-interrompe-transito-no-local#primaryimage\"},\"thumbnailUrl\":\"https:\\\/\\\/redenoticiaz.com.br\\\/ribeiraopreto-regiao\\\/wp-content\\\/uploads\\\/sites\\\/4\\\/2023\\\/01\\\/Trecho-da-via.jpg\",\"keywords\":[\"Conselheiro Antonio Prado\",\"INVESTIMENTO\",\"obras\",\"tr\u00e2nsito interrompido\"],\"articleSection\":[\"Obras\",\"Tr\u00e2nsito\"],\"inLanguage\":\"pt-BR\",\"potentialAction\":[{\"@type\":\"CommentAction\",\"name\":\"Comment\",\"target\":[\"https:\\\/\\\/redenoticiaz.com.br\\\/ribeiraopreto-regiao\\\/sp\\\/2023\\\/01\\\/17\\\/obras-na-via-conselheiro-antonio-prado-interrompe-transito-no-local#respond\"]}]},{\"@type\":\"WebPage\",\"@id\":\"https:\\\/\\\/redenoticiaz.com.br\\\/ribeiraopreto-regiao\\\/sp\\\/2023\\\/01\\\/17\\\/obras-na-via-conselheiro-antonio-prado-interrompe-transito-no-local\",\"url\":\"https:\\\/\\\/redenoticiaz.com.br\\\/ribeiraopreto-regiao\\\/sp\\\/2023\\\/01\\\/17\\\/obras-na-via-conselheiro-antonio-prado-interrompe-transito-no-local\",\"name\":\"Obras na Via Conselheiro Ant\u00f4nio Prado interrompe tr\u00e2nsito no local - Ribeir\u00e3o Preto e Regi\u00e3o\",\"isPartOf\":{\"@id\":\"https:\\\/\\\/redenoticiaz.com.br\\\/ribeiraopreto-regiao\\\/#website\"},\"primaryImageOfPage\":{\"@id\":\"https:\\\/\\\/redenoticiaz.com.br\\\/ribeiraopreto-regiao\\\/sp\\\/2023\\\/01\\\/17\\\/obras-na-via-conselheiro-antonio-prado-interrompe-transito-no-local#primaryimage\"},\"image\":{\"@id\":\"https:\\\/\\\/redenoticiaz.com.br\\\/ribeiraopreto-regiao\\\/sp\\\/2023\\\/01\\\/17\\\/obras-na-via-conselheiro-antonio-prado-interrompe-transito-no-local#primaryimage\"},\"thumbnailUrl\":\"https:\\\/\\\/redenoticiaz.com.br\\\/ribeiraopreto-regiao\\\/wp-content\\\/uploads\\\/sites\\\/4\\\/2023\\\/01\\\/Trecho-da-via.jpg\",\"datePublished\":\"2023-01-17T13:46:29+00:00\",\"description\":\"Continuidade nesta ter\u00e7a-feira (17) \u00e0s obras de adequa\u00e7\u00e3o \u00e0s normas de acessibilidade em passeio p\u00fablico na Via Conselheiro Ant\u00f4nio Prado.\",\"inLanguage\":\"pt-BR\",\"potentialAction\":[{\"@type\":\"ReadAction\",\"target\":[\"https:\\\/\\\/redenoticiaz.com.br\\\/ribeiraopreto-regiao\\\/sp\\\/2023\\\/01\\\/17\\\/obras-na-via-conselheiro-antonio-prado-interrompe-transito-no-local\"]}]},{\"@type\":\"ImageObject\",\"inLanguage\":\"pt-BR\",\"@id\":\"https:\\\/\\\/redenoticiaz.com.br\\\/ribeiraopreto-regiao\\\/sp\\\/2023\\\/01\\\/17\\\/obras-na-via-conselheiro-antonio-prado-interrompe-transito-no-local#primaryimage\",\"url\":\"https:\\\/\\\/redenoticiaz.com.br\\\/ribeiraopreto-regiao\\\/wp-content\\\/uploads\\\/sites\\\/4\\\/2023\\\/01\\\/Trecho-da-via.jpg\",\"contentUrl\":\"https:\\\/\\\/redenoticiaz.com.br\\\/ribeiraopreto-regiao\\\/wp-content\\\/uploads\\\/sites\\\/4\\\/2023\\\/01\\\/Trecho-da-via.jpg\",\"width\":534,\"height\":407,\"caption\":\"Obras na via Conselheiro Ant\u00f4nio Prado\"},{\"@type\":\"WebSite\",\"@id\":\"https:\\\/\\\/redenoticiaz.com.br\\\/ribeiraopreto-regiao\\\/#website\",\"url\":\"https:\\\/\\\/redenoticiaz.com.br\\\/ribeiraopreto-regiao\\\/\",\"name\":\"Ribeir\u00e3o Preto e Regi\u00e3o\",\"description\":\"Rede NoticiaZ - Ribeir\u00e3o Preto e regi\u00e3o\",\"publisher\":{\"@id\":\"https:\\\/\\\/redenoticiaz.com.br\\\/ribeiraopreto-regiao\\\/#organization\"},\"potentialAction\":[{\"@type\":\"SearchAction\",\"target\":{\"@type\":\"EntryPoint\",\"urlTemplate\":\"https:\\\/\\\/redenoticiaz.com.br\\\/ribeiraopreto-regiao\\\/?s={search_term_string}\"},\"query-input\":{\"@type\":\"PropertyValueSpecification\",\"valueRequired\":true,\"valueName\":\"search_term_string\"}}],\"inLanguage\":\"pt-BR\"},{\"@type\":\"Organization\",\"@id\":\"https:\\\/\\\/redenoticiaz.com.br\\\/ribeiraopreto-regiao\\\/#organization\",\"name\":\"Ribeir\u00e3o Preto e Regi\u00e3o\",\"url\":\"https:\\\/\\\/redenoticiaz.com.br\\\/ribeiraopreto-regiao\\\/\",\"logo\":{\"@type\":\"ImageObject\",\"inLanguage\":\"pt-BR\",\"@id\":\"https:\\\/\\\/redenoticiaz.com.br\\\/ribeiraopreto-regiao\\\/#\\\/schema\\\/logo\\\/image\\\/\",\"url\":\"https:\\\/\\\/redenoticiaz.com.br\\\/barretos-regiao\\\/wp-content\\\/uploads\\\/sites\\\/4\\\/2022\\\/02\\\/logo.jpg\",\"contentUrl\":\"https:\\\/\\\/redenoticiaz.com.br\\\/barretos-regiao\\\/wp-content\\\/uploads\\\/sites\\\/4\\\/2022\\\/02\\\/logo.jpg\",\"width\":400,\"height\":250,\"caption\":\"Ribeir\u00e3o Preto e Regi\u00e3o\"},\"image\":{\"@id\":\"https:\\\/\\\/redenoticiaz.com.br\\\/ribeiraopreto-regiao\\\/#\\\/schema\\\/logo\\\/image\\\/\"},\"sameAs\":[\"https:\\\/\\\/m.facebook.com\\\/redenoticiaz.barretos\",\"https:\\\/\\\/x.com\\\/RN_barretos\",\"https:\\\/\\\/www.instagram.com\\\/redenoticiaz.barretos\\\/?igshid=YmMyMTA2M2Y\",\"https:\\\/\\\/www.linkedin.com\\\/company\\\/rede-noticiaz-barretos-e-regio\\\/\"]},{\"@type\":\"Person\",\"@id\":\"\",\"url\":\"https:\\\/\\\/redenoticiaz.com.br\\\/ribeiraopreto-regiao\\\/sp\\\/author\"}]}<\/script>\n<!-- \/ Yoast SEO plugin. -->","yoast_head_json":{"title":"Obras na Via Conselheiro Ant\u00f4nio Prado interrompe tr\u00e2nsito no local - Ribeir\u00e3o Preto e Regi\u00e3o","description":"Continuidade nesta ter\u00e7a-feira (17) \u00e0s obras de adequa\u00e7\u00e3o \u00e0s normas de acessibilidade em passeio p\u00fablico na Via Conselheiro Ant\u00f4nio Prado.","robots":{"index":"index","follow":"follow","max-snippet":"max-snippet:-1","max-image-preview":"max-image-preview:large","max-video-preview":"max-video-preview:-1"},"canonical":"https:\/\/redenoticiaz.com.br\/ribeiraopreto-regiao\/sp\/2023\/01\/17\/obras-na-via-conselheiro-antonio-prado-interrompe-transito-no-local","og_locale":"pt_BR","og_type":"article","og_title":"Obras na Via Conselheiro Ant\u00f4nio Prado interrompe tr\u00e2nsito no local - Ribeir\u00e3o Preto e Regi\u00e3o","og_description":"Continuidade nesta ter\u00e7a-feira (17) \u00e0s obras de adequa\u00e7\u00e3o \u00e0s normas de acessibilidade em passeio p\u00fablico na Via Conselheiro Ant\u00f4nio Prado.","og_url":"https:\/\/redenoticiaz.com.br\/ribeiraopreto-regiao\/sp\/2023\/01\/17\/obras-na-via-conselheiro-antonio-prado-interrompe-transito-no-local","og_site_name":"Ribeir\u00e3o Preto e Regi\u00e3o","article_publisher":"https:\/\/m.facebook.com\/redenoticiaz.barretos","article_published_time":"2023-01-17T13:46:29+00:00","og_image":[{"width":534,"height":407,"url":"https:\/\/redenoticiaz.com.br\/ribeiraopreto-regiao\/wp-content\/uploads\/sites\/4\/2023\/01\/Trecho-da-via.jpg","type":"image\/jpeg"}],"twitter_card":"summary_large_image","twitter_creator":"@RN_barretos","twitter_site":"@RN_barretos","twitter_misc":{"Escrito por":"","Est. tempo de leitura":"1 minuto"},"schema":{"@context":"https:\/\/schema.org","@graph":[{"@type":"Article","@id":"https:\/\/redenoticiaz.com.br\/ribeiraopreto-regiao\/sp\/2023\/01\/17\/obras-na-via-conselheiro-antonio-prado-interrompe-transito-no-local#article","isPartOf":{"@id":"https:\/\/redenoticiaz.com.br\/ribeiraopreto-regiao\/sp\/2023\/01\/17\/obras-na-via-conselheiro-antonio-prado-interrompe-transito-no-local"},"author":{"name":"","@id":""},"headline":"Obras na Via Conselheiro Ant\u00f4nio Prado interrompe tr\u00e2nsito no local","datePublished":"2023-01-17T13:46:29+00:00","mainEntityOfPage":{"@id":"https:\/\/redenoticiaz.com.br\/ribeiraopreto-regiao\/sp\/2023\/01\/17\/obras-na-via-conselheiro-antonio-prado-interrompe-transito-no-local"},"wordCount":189,"commentCount":0,"publisher":{"@id":"https:\/\/redenoticiaz.com.br\/ribeiraopreto-regiao\/#organization"},"image":{"@id":"https:\/\/redenoticiaz.com.br\/ribeiraopreto-regiao\/sp\/2023\/01\/17\/obras-na-via-conselheiro-antonio-prado-interrompe-transito-no-local#primaryimage"},"thumbnailUrl":"https:\/\/redenoticiaz.com.br\/ribeiraopreto-regiao\/wp-content\/uploads\/sites\/4\/2023\/01\/Trecho-da-via.jpg","keywords":["Conselheiro Antonio Prado","INVESTIMENTO","obras","tr\u00e2nsito interrompido"],"articleSection":["Obras","Tr\u00e2nsito"],"inLanguage":"pt-BR","potentialAction":[{"@type":"CommentAction","name":"Comment","target":["https:\/\/redenoticiaz.com.br\/ribeiraopreto-regiao\/sp\/2023\/01\/17\/obras-na-via-conselheiro-antonio-prado-interrompe-transito-no-local#respond"]}]},{"@type":"WebPage","@id":"https:\/\/redenoticiaz.com.br\/ribeiraopreto-regiao\/sp\/2023\/01\/17\/obras-na-via-conselheiro-antonio-prado-interrompe-transito-no-local","url":"https:\/\/redenoticiaz.com.br\/ribeiraopreto-regiao\/sp\/2023\/01\/17\/obras-na-via-conselheiro-antonio-prado-interrompe-transito-no-local","name":"Obras na Via Conselheiro Ant\u00f4nio Prado interrompe tr\u00e2nsito no local - Ribeir\u00e3o Preto e Regi\u00e3o","isPartOf":{"@id":"https:\/\/redenoticiaz.com.br\/ribeiraopreto-regiao\/#website"},"primaryImageOfPage":{"@id":"https:\/\/redenoticiaz.com.br\/ribeiraopreto-regiao\/sp\/2023\/01\/17\/obras-na-via-conselheiro-antonio-prado-interrompe-transito-no-local#primaryimage"},"image":{"@id":"https:\/\/redenoticiaz.com.br\/ribeiraopreto-regiao\/sp\/2023\/01\/17\/obras-na-via-conselheiro-antonio-prado-interrompe-transito-no-local#primaryimage"},"thumbnailUrl":"https:\/\/redenoticiaz.com.br\/ribeiraopreto-regiao\/wp-content\/uploads\/sites\/4\/2023\/01\/Trecho-da-via.jpg","datePublished":"2023-01-17T13:46:29+00:00","description":"Continuidade nesta ter\u00e7a-feira (17) \u00e0s obras de adequa\u00e7\u00e3o \u00e0s normas de acessibilidade em passeio p\u00fablico na Via Conselheiro Ant\u00f4nio Prado.","inLanguage":"pt-BR","potentialAction":[{"@type":"ReadAction","target":["https:\/\/redenoticiaz.com.br\/ribeiraopreto-regiao\/sp\/2023\/01\/17\/obras-na-via-conselheiro-antonio-prado-interrompe-transito-no-local"]}]},{"@type":"ImageObject","inLanguage":"pt-BR","@id":"https:\/\/redenoticiaz.com.br\/ribeiraopreto-regiao\/sp\/2023\/01\/17\/obras-na-via-conselheiro-antonio-prado-interrompe-transito-no-local#primaryimage","url":"https:\/\/redenoticiaz.com.br\/ribeiraopreto-regiao\/wp-content\/uploads\/sites\/4\/2023\/01\/Trecho-da-via.jpg","contentUrl":"https:\/\/redenoticiaz.com.br\/ribeiraopreto-regiao\/wp-content\/uploads\/sites\/4\/2023\/01\/Trecho-da-via.jpg","width":534,"height":407,"caption":"Obras na via Conselheiro Ant\u00f4nio Prado"},{"@type":"WebSite","@id":"https:\/\/redenoticiaz.com.br\/ribeiraopreto-regiao\/#website","url":"https:\/\/redenoticiaz.com.br\/ribeiraopreto-regiao\/","name":"Ribeir\u00e3o Preto e Regi\u00e3o","description":"Rede NoticiaZ - Ribeir\u00e3o Preto e regi\u00e3o","publisher":{"@id":"https:\/\/redenoticiaz.com.br\/ribeiraopreto-regiao\/#organization"},"potentialAction":[{"@type":"SearchAction","target":{"@type":"EntryPoint","urlTemplate":"https:\/\/redenoticiaz.com.br\/ribeiraopreto-regiao\/?s={search_term_string}"},"query-input":{"@type":"PropertyValueSpecification","valueRequired":true,"valueName":"search_term_string"}}],"inLanguage":"pt-BR"},{"@type":"Organization","@id":"https:\/\/redenoticiaz.com.br\/ribeiraopreto-regiao\/#organization","name":"Ribeir\u00e3o Preto e Regi\u00e3o","url":"https:\/\/redenoticiaz.com.br\/ribeiraopreto-regiao\/","logo":{"@type":"ImageObject","inLanguage":"pt-BR","@id":"https:\/\/redenoticiaz.com.br\/ribeiraopreto-regiao\/#\/schema\/logo\/image\/","url":"https:\/\/redenoticiaz.com.br\/barretos-regiao\/wp-content\/uploads\/sites\/4\/2022\/02\/logo.jpg","contentUrl":"https:\/\/redenoticiaz.com.br\/barretos-regiao\/wp-content\/uploads\/sites\/4\/2022\/02\/logo.jpg","width":400,"height":250,"caption":"Ribeir\u00e3o Preto e Regi\u00e3o"},"image":{"@id":"https:\/\/redenoticiaz.com.br\/ribeiraopreto-regiao\/#\/schema\/logo\/image\/"},"sameAs":["https:\/\/m.facebook.com\/redenoticiaz.barretos","https:\/\/x.com\/RN_barretos","https:\/\/www.instagram.com\/redenoticiaz.barretos\/?igshid=YmMyMTA2M2Y","https:\/\/www.linkedin.com\/company\/rede-noticiaz-barretos-e-regio\/"]},{"@type":"Person","@id":"","url":"https:\/\/redenoticiaz.com.br\/ribeiraopreto-regiao\/sp\/author"}]}},"_links":{"self":[{"href":"https:\/\/redenoticiaz.com.br\/ribeiraopreto-regiao\/wp-json\/wp\/v2\/posts\/98723","targetHints":{"allow":["GET"]}}],"collection":[{"href":"https:\/\/redenoticiaz.com.br\/ribeiraopreto-regiao\/wp-json\/wp\/v2\/posts"}],"about":[{"href":"https:\/\/redenoticiaz.com.br\/ribeiraopreto-regiao\/wp-json\/wp\/v2\/types\/post"}],"author":[{"embeddable":true,"href":"https:\/\/redenoticiaz.com.br\/ribeiraopreto-regiao\/wp-json\/wp\/v2\/users\/15"}],"replies":[{"embeddable":true,"href":"https:\/\/redenoticiaz.com.br\/ribeiraopreto-regiao\/wp-json\/wp\/v2\/comments?post=98723"}],"version-history":[{"count":1,"href":"https:\/\/redenoticiaz.com.br\/ribeiraopreto-regiao\/wp-json\/wp\/v2\/posts\/98723\/revisions"}],"predecessor-version":[{"id":98725,"href":"https:\/\/redenoticiaz.com.br\/ribeiraopreto-regiao\/wp-json\/wp\/v2\/posts\/98723\/revisions\/98725"}],"wp:featuredmedia":[{"embeddable":true,"href":"https:\/\/redenoticiaz.com.br\/ribeiraopreto-regiao\/wp-json\/wp\/v2\/media\/98724"}],"wp:attachment":[{"href":"https:\/\/redenoticiaz.com.br\/ribeiraopreto-regiao\/wp-json\/wp\/v2\/media?parent=98723"}],"wp:term":[{"taxonomy":"category","embeddable":true,"href":"https:\/\/redenoticiaz.com.br\/ribeiraopreto-regiao\/wp-json\/wp\/v2\/categories?post=98723"},{"taxonomy":"post_tag","embeddable":true,"href":"https:\/\/redenoticiaz.com.br\/ribeiraopreto-regiao\/wp-json\/wp\/v2\/tags?post=98723"}],"curies":[{"name":"wp","href":"https:\/\/api.w.org\/{rel}","templated":true}]}}