{"id":98750,"date":"2023-01-18T08:30:59","date_gmt":"2023-01-18T11:30:59","guid":{"rendered":"https:\/\/redenoticiaz.com.br\/barretos-regiao\/sp\/2023\/01\/18\/ministro-da-ucrania-e-mais-14-pessoas-morrem-em-queda-de-helicoptero"},"modified":"2023-01-18T08:30:59","modified_gmt":"2023-01-18T11:30:59","slug":"ministro-da-ucrania-e-mais-14-pessoas-morrem-em-queda-de-helicoptero","status":"publish","type":"post","link":"https:\/\/redenoticiaz.com.br\/ribeiraopreto-regiao\/sp\/2023\/01\/18\/ministro-da-ucrania-e-mais-14-pessoas-morrem-em-queda-de-helicoptero","title":{"rendered":"Ministro da Ucr\u00e2nia e mais 14 pessoas morrem em queda de helic\u00f3ptero"},"content":{"rendered":"<div id=\"chunk-1qbf9\">\n<div class=\"mc-column content-text active-extra-styles \" data-block-type=\"unstyled\" data-block-weight=\"32\" data-block-id=\"3\">\n<p class=\"content-text__container \" data-track-category=\"Link no Texto\" data-track-links=\"\">Um helic\u00f3ptero na regi\u00e3o de Kiev, na Ucr\u00e2nia, nesta quarta-feira (18) e provocou <strong>as mortes do ministro do Interior do pa\u00eds, Denys Monastyrsky, e outras 14 pessoas<\/strong>, entre elas tr\u00eas crian\u00e7as. As causas da queda ainda est\u00e3o sendo apuradas e n\u00e3o se sabe que a aeronave sofreu uma queda acidental ou um ataque vindo de tropas da R\u00fassia, em raz\u00e3o da guerra.<\/p>\n<\/div>\n<\/div>\n<div class=\"wall protected-content\">\n<div id=\"chunk-2p54j\">\n<div class=\"mc-column content-text active-extra-styles \" data-block-type=\"unstyled\" data-block-weight=\"31\" data-block-id=\"4\">\n<p class=\"content-text__container \" data-track-category=\"Link no Texto\" data-track-links=\"\">O governo ucraniano confirmou a morte do ministro de Interior na queda. O cargo \u00e9 um dos mais importantes do pa\u00eds. J\u00e1 que o chefe da pasta \u00e9 o respons\u00e1vel pelas For\u00e7as Armadas e, por isso, uma das principais pe\u00e7as na guerra na Ucr\u00e2nia.<\/p>\n<div id=\"chunk-f935v\">\n<div class=\"mc-column content-text active-extra-styles \" data-block-type=\"unstyled\" data-block-weight=\"28\" data-block-id=\"8\">\n<p class=\"content-text__container \" data-track-category=\"Link no Texto\" data-track-links=\"\">Al\u00e9m de Monastyrsky, estavam no helic\u00f3ptero o vice-ministro do Interior, Yevhen Yenin, e o secret\u00e1rio de Estado do Minist\u00e9rio de Assuntos Internos, Yuriy Lubkovych. Ambos tamb\u00e9m morreram.<\/p>\n<\/div>\n<\/div>\n<div id=\"chunk-7bva1\">\n<div class=\"mc-column content-text active-extra-styles \" data-block-type=\"unstyled\" data-block-weight=\"41\" data-block-id=\"9\">\n<p class=\"content-text__container \" data-track-category=\"Link no Texto\" data-track-links=\"\">A queda ocorreu no in\u00edcio da manh\u00e3 em um bairro residencial de Brovary, munic\u00edpio a 25 quil\u00f4metros do centro de Kiev. A capital ucraniana e os arredores t\u00eam sido alvo constante de bombardeios russos desde o fim do ano passado.<\/p>\n<\/div>\n<\/div>\n<div id=\"chunk-9ugrc\">\n<div class=\"mc-column content-text active-extra-styles \" data-block-type=\"unstyled\" data-block-weight=\"14\" data-block-id=\"10\">\n<p class=\"content-text__container \" data-track-category=\"Link no Texto\" data-track-links=\"\">O presidente da Ucr\u00e2nia, Volodymyr Zenlensky, chamou o caso de &#8220;uma terr\u00edvel trag\u00e9dia&#8221;.<\/p>\n<\/div>\n<\/div>\n<div class=\"mc-column content-text active-extra-styles\" data-block-type=\"raw\" data-block-weight=\"15\" data-block-id=\"11\">\n<p class=\"content-text__container\">\n<blockquote class=\"content-blockquote theme-border-color-primary-before\"><p>&#8220;A dor \u00e9 indescrit\u00edvel&#8221;, disse Zelensky, que havia nomeado Monastyrsky no in\u00edcio de seu governo.<\/p><\/blockquote>\n<p>&nbsp;<\/p>\n<\/div>\n<div id=\"chunk-enu1d\">\n<div class=\"mc-column content-text active-extra-styles \" data-block-type=\"unstyled\" data-block-weight=\"38\" data-block-id=\"12\">\n<p class=\"content-text__container \" data-track-category=\"Link no Texto\" data-track-links=\"\">O governador da regi\u00e3o de Kiev, Oleksiy Kuleb, afirmou que tr\u00eas crian\u00e7as est\u00e3o entre os mortos. Antes de confirmar a identidade das v\u00edtimas, o governo local havia dito que o helic\u00f3ptero atingiu uma creche durante a queda.<\/p>\n<\/div>\n<\/div>\n<div id=\"chunk-bitau\">\n<div class=\"mc-column content-text active-extra-styles \" data-block-type=\"unstyled\" data-block-weight=\"31\" data-block-id=\"13\">\n<p class=\"content-text__container \" data-track-category=\"Link no Texto\" data-track-links=\"\">Dos 15 mortos, nove eram passageiros do helic\u00f3ptero e outros seis estavam pr\u00f3ximos ao local da queda. Outras 22 pessoas ficaram feridas, dez delas crian\u00e7as, ainda segundo o governo local.<\/p>\n<p data-track-category=\"Link no Texto\" data-track-links=\"\"><strong>LEIA TAMB\u00c9M<\/strong><\/p>\n<p data-track-category=\"Link no Texto\" data-track-links=\"\"><a href=\"https:\/\/redenoticiaz.com.br\/blog\/2023\/01\/06\/quase-um-ano-depois-da-guerra-russia-cessa-fogo-contra-a-ucrania\">Quase um ano depois da guerra, R\u00fassia cessa fogo contra a Ucr\u00e2nia<\/a><\/p>\n<\/div>\n<\/div>\n<\/div>\n<\/div>\n<\/div>\n","protected":false},"excerpt":{"rendered":"<p>Um helic\u00f3ptero na regi\u00e3o de Kiev, na Ucr\u00e2nia, nesta quarta-feira (18) e provocou as mortes do ministro do Interior do pa\u00eds, Denys Monastyrsky, e outras 14 pessoas, entre elas tr\u00eas crian\u00e7as. As causas da queda ainda est\u00e3o sendo apuradas e n\u00e3o se sabe que a aeronave sofreu uma queda acidental ou um ataque vindo de &hellip;<\/p>\n","protected":false},"author":6,"featured_media":98751,"comment_status":"open","ping_status":"closed","sticky":false,"template":"","format":"standard","meta":{"footnotes":""},"categories":[68],"tags":[23939,23940,18894,23941,75],"class_list":["post-98750","post","type-post","status-publish","format-standard","has-post-thumbnail","hentry","category-mundo","tag-morte-de-ministro","tag-mortes-de-passageiros","tag-queda-de-helicoptero","tag-regiao-de-kiev","tag-ucrania"],"yoast_head":"<!-- This site is optimized with the Yoast SEO plugin v27.4 - https:\/\/yoast.com\/product\/yoast-seo-wordpress\/ -->\n<title>Ministro da Ucr\u00e2nia e mais 14 pessoas morrem em queda de helic\u00f3ptero - Ribeir\u00e3o Preto e Regi\u00e3o<\/title>\n<meta name=\"description\" content=\"Um helic\u00f3ptero na regi\u00e3o de Kiev, na Ucr\u00e2nia, nesta quarta-feira (18) e provocou as mortes do ministro do Interior do pa\u00eds, Denys\" \/>\n<meta name=\"robots\" content=\"index, follow, max-snippet:-1, max-image-preview:large, max-video-preview:-1\" \/>\n<link rel=\"canonical\" href=\"https:\/\/redenoticiaz.com.br\/ribeiraopreto-regiao\/sp\/2023\/01\/18\/ministro-da-ucrania-e-mais-14-pessoas-morrem-em-queda-de-helicoptero\" \/>\n<meta property=\"og:locale\" content=\"pt_BR\" \/>\n<meta property=\"og:type\" content=\"article\" \/>\n<meta property=\"og:title\" content=\"Ministro da Ucr\u00e2nia e mais 14 pessoas morrem em queda de helic\u00f3ptero - Ribeir\u00e3o Preto e Regi\u00e3o\" \/>\n<meta property=\"og:description\" content=\"Um helic\u00f3ptero na regi\u00e3o de Kiev, na Ucr\u00e2nia, nesta quarta-feira (18) e provocou as mortes do ministro do Interior do pa\u00eds, Denys\" \/>\n<meta property=\"og:url\" content=\"https:\/\/redenoticiaz.com.br\/ribeiraopreto-regiao\/sp\/2023\/01\/18\/ministro-da-ucrania-e-mais-14-pessoas-morrem-em-queda-de-helicoptero\" \/>\n<meta property=\"og:site_name\" content=\"Ribeir\u00e3o Preto e Regi\u00e3o\" \/>\n<meta property=\"article:publisher\" content=\"https:\/\/m.facebook.com\/redenoticiaz.barretos\" \/>\n<meta property=\"article:published_time\" content=\"2023-01-18T11:30:59+00:00\" \/>\n<meta property=\"og:image\" content=\"https:\/\/redenoticiaz.com.br\/ribeiraopreto-regiao\/wp-content\/uploads\/sites\/4\/2022\/02\/logo.jpg\" \/>\n\t<meta property=\"og:image:width\" content=\"400\" \/>\n\t<meta property=\"og:image:height\" content=\"250\" \/>\n\t<meta property=\"og:image:type\" content=\"image\/jpeg\" \/>\n<meta name=\"author\" content=\"Leonardo Francisco\" \/>\n<meta name=\"twitter:card\" content=\"summary_large_image\" \/>\n<meta name=\"twitter:creator\" content=\"@RN_barretos\" \/>\n<meta name=\"twitter:site\" content=\"@RN_barretos\" \/>\n<meta name=\"twitter:label1\" content=\"Escrito por\" \/>\n\t<meta name=\"twitter:data1\" content=\"Leonardo Francisco\" \/>\n\t<meta name=\"twitter:label2\" content=\"Est. tempo de leitura\" \/>\n\t<meta name=\"twitter:data2\" content=\"2 minutos\" \/>\n<script type=\"application\/ld+json\" class=\"yoast-schema-graph\">{\"@context\":\"https:\\\/\\\/schema.org\",\"@graph\":[{\"@type\":\"Article\",\"@id\":\"https:\\\/\\\/redenoticiaz.com.br\\\/ribeiraopreto-regiao\\\/sp\\\/2023\\\/01\\\/18\\\/ministro-da-ucrania-e-mais-14-pessoas-morrem-em-queda-de-helicoptero#article\",\"isPartOf\":{\"@id\":\"https:\\\/\\\/redenoticiaz.com.br\\\/ribeiraopreto-regiao\\\/sp\\\/2023\\\/01\\\/18\\\/ministro-da-ucrania-e-mais-14-pessoas-morrem-em-queda-de-helicoptero\"},\"author\":{\"name\":\"Leonardo Francisco\",\"@id\":\"https:\\\/\\\/redenoticiaz.com.br\\\/ribeiraopreto-regiao\\\/#\\\/schema\\\/person\\\/0f0b8a5bdafefe82841e07ae8d81ecb3\"},\"headline\":\"Ministro da Ucr\u00e2nia e mais 14 pessoas morrem em queda de helic\u00f3ptero\",\"datePublished\":\"2023-01-18T11:30:59+00:00\",\"mainEntityOfPage\":{\"@id\":\"https:\\\/\\\/redenoticiaz.com.br\\\/ribeiraopreto-regiao\\\/sp\\\/2023\\\/01\\\/18\\\/ministro-da-ucrania-e-mais-14-pessoas-morrem-em-queda-de-helicoptero\"},\"wordCount\":329,\"commentCount\":0,\"publisher\":{\"@id\":\"https:\\\/\\\/redenoticiaz.com.br\\\/ribeiraopreto-regiao\\\/#organization\"},\"image\":{\"@id\":\"https:\\\/\\\/redenoticiaz.com.br\\\/ribeiraopreto-regiao\\\/sp\\\/2023\\\/01\\\/18\\\/ministro-da-ucrania-e-mais-14-pessoas-morrem-em-queda-de-helicoptero#primaryimage\"},\"thumbnailUrl\":\"https:\\\/\\\/redenoticiaz.com.br\\\/ribeiraopreto-regiao\\\/wp-content\\\/uploads\\\/sites\\\/4\\\/2023\\\/01\\\/HELICOPTERO-MORTES.jpg?v=1674041403\",\"keywords\":[\"MORTE DE MINISTRO\",\"MORTES DE PASSAGEIROS\",\"QUEDA DE HELIC\u00d3PTERO\",\"REGI\u00c3O DE KIEV\",\"UCR\u00c2NIA\"],\"articleSection\":[\"Mundo\"],\"inLanguage\":\"pt-BR\",\"potentialAction\":[{\"@type\":\"CommentAction\",\"name\":\"Comment\",\"target\":[\"https:\\\/\\\/redenoticiaz.com.br\\\/ribeiraopreto-regiao\\\/sp\\\/2023\\\/01\\\/18\\\/ministro-da-ucrania-e-mais-14-pessoas-morrem-em-queda-de-helicoptero#respond\"]}]},{\"@type\":\"WebPage\",\"@id\":\"https:\\\/\\\/redenoticiaz.com.br\\\/ribeiraopreto-regiao\\\/sp\\\/2023\\\/01\\\/18\\\/ministro-da-ucrania-e-mais-14-pessoas-morrem-em-queda-de-helicoptero\",\"url\":\"https:\\\/\\\/redenoticiaz.com.br\\\/ribeiraopreto-regiao\\\/sp\\\/2023\\\/01\\\/18\\\/ministro-da-ucrania-e-mais-14-pessoas-morrem-em-queda-de-helicoptero\",\"name\":\"Ministro da Ucr\u00e2nia e mais 14 pessoas morrem em queda de helic\u00f3ptero - Ribeir\u00e3o Preto e Regi\u00e3o\",\"isPartOf\":{\"@id\":\"https:\\\/\\\/redenoticiaz.com.br\\\/ribeiraopreto-regiao\\\/#website\"},\"primaryImageOfPage\":{\"@id\":\"https:\\\/\\\/redenoticiaz.com.br\\\/ribeiraopreto-regiao\\\/sp\\\/2023\\\/01\\\/18\\\/ministro-da-ucrania-e-mais-14-pessoas-morrem-em-queda-de-helicoptero#primaryimage\"},\"image\":{\"@id\":\"https:\\\/\\\/redenoticiaz.com.br\\\/ribeiraopreto-regiao\\\/sp\\\/2023\\\/01\\\/18\\\/ministro-da-ucrania-e-mais-14-pessoas-morrem-em-queda-de-helicoptero#primaryimage\"},\"thumbnailUrl\":\"https:\\\/\\\/redenoticiaz.com.br\\\/ribeiraopreto-regiao\\\/wp-content\\\/uploads\\\/sites\\\/4\\\/2023\\\/01\\\/HELICOPTERO-MORTES.jpg?v=1674041403\",\"datePublished\":\"2023-01-18T11:30:59+00:00\",\"description\":\"Um helic\u00f3ptero na regi\u00e3o de Kiev, na Ucr\u00e2nia, nesta quarta-feira (18) e provocou as mortes do ministro do Interior do pa\u00eds, Denys\",\"inLanguage\":\"pt-BR\",\"potentialAction\":[{\"@type\":\"ReadAction\",\"target\":[\"https:\\\/\\\/redenoticiaz.com.br\\\/ribeiraopreto-regiao\\\/sp\\\/2023\\\/01\\\/18\\\/ministro-da-ucrania-e-mais-14-pessoas-morrem-em-queda-de-helicoptero\"]}]},{\"@type\":\"ImageObject\",\"inLanguage\":\"pt-BR\",\"@id\":\"https:\\\/\\\/redenoticiaz.com.br\\\/ribeiraopreto-regiao\\\/sp\\\/2023\\\/01\\\/18\\\/ministro-da-ucrania-e-mais-14-pessoas-morrem-em-queda-de-helicoptero#primaryimage\",\"url\":\"https:\\\/\\\/redenoticiaz.com.br\\\/ribeiraopreto-regiao\\\/wp-content\\\/uploads\\\/sites\\\/4\\\/2023\\\/01\\\/HELICOPTERO-MORTES.jpg?v=1674041403\",\"contentUrl\":\"https:\\\/\\\/redenoticiaz.com.br\\\/ribeiraopreto-regiao\\\/wp-content\\\/uploads\\\/sites\\\/4\\\/2023\\\/01\\\/HELICOPTERO-MORTES.jpg?v=1674041403\",\"width\":493,\"height\":334,\"caption\":\"Causas da queda ainda est\u00e3o sendo apuradas. Cr\u00e9ditos: Reprodu\u00e7\u00e3o\\\/Reuters\"},{\"@type\":\"WebSite\",\"@id\":\"https:\\\/\\\/redenoticiaz.com.br\\\/ribeiraopreto-regiao\\\/#website\",\"url\":\"https:\\\/\\\/redenoticiaz.com.br\\\/ribeiraopreto-regiao\\\/\",\"name\":\"Ribeir\u00e3o Preto e Regi\u00e3o\",\"description\":\"Rede NoticiaZ - Ribeir\u00e3o Preto e regi\u00e3o\",\"publisher\":{\"@id\":\"https:\\\/\\\/redenoticiaz.com.br\\\/ribeiraopreto-regiao\\\/#organization\"},\"potentialAction\":[{\"@type\":\"SearchAction\",\"target\":{\"@type\":\"EntryPoint\",\"urlTemplate\":\"https:\\\/\\\/redenoticiaz.com.br\\\/ribeiraopreto-regiao\\\/?s={search_term_string}\"},\"query-input\":{\"@type\":\"PropertyValueSpecification\",\"valueRequired\":true,\"valueName\":\"search_term_string\"}}],\"inLanguage\":\"pt-BR\"},{\"@type\":\"Organization\",\"@id\":\"https:\\\/\\\/redenoticiaz.com.br\\\/ribeiraopreto-regiao\\\/#organization\",\"name\":\"Ribeir\u00e3o Preto e Regi\u00e3o\",\"url\":\"https:\\\/\\\/redenoticiaz.com.br\\\/ribeiraopreto-regiao\\\/\",\"logo\":{\"@type\":\"ImageObject\",\"inLanguage\":\"pt-BR\",\"@id\":\"https:\\\/\\\/redenoticiaz.com.br\\\/ribeiraopreto-regiao\\\/#\\\/schema\\\/logo\\\/image\\\/\",\"url\":\"https:\\\/\\\/redenoticiaz.com.br\\\/barretos-regiao\\\/wp-content\\\/uploads\\\/sites\\\/4\\\/2022\\\/02\\\/logo.jpg\",\"contentUrl\":\"https:\\\/\\\/redenoticiaz.com.br\\\/barretos-regiao\\\/wp-content\\\/uploads\\\/sites\\\/4\\\/2022\\\/02\\\/logo.jpg\",\"width\":400,\"height\":250,\"caption\":\"Ribeir\u00e3o Preto e Regi\u00e3o\"},\"image\":{\"@id\":\"https:\\\/\\\/redenoticiaz.com.br\\\/ribeiraopreto-regiao\\\/#\\\/schema\\\/logo\\\/image\\\/\"},\"sameAs\":[\"https:\\\/\\\/m.facebook.com\\\/redenoticiaz.barretos\",\"https:\\\/\\\/x.com\\\/RN_barretos\",\"https:\\\/\\\/www.instagram.com\\\/redenoticiaz.barretos\\\/?igshid=YmMyMTA2M2Y\",\"https:\\\/\\\/www.linkedin.com\\\/company\\\/rede-noticiaz-barretos-e-regio\\\/\"]},{\"@type\":\"Person\",\"@id\":\"https:\\\/\\\/redenoticiaz.com.br\\\/ribeiraopreto-regiao\\\/#\\\/schema\\\/person\\\/0f0b8a5bdafefe82841e07ae8d81ecb3\",\"name\":\"Leonardo Francisco\",\"image\":{\"@type\":\"ImageObject\",\"inLanguage\":\"pt-BR\",\"@id\":\"https:\\\/\\\/secure.gravatar.com\\\/avatar\\\/a7358cb406a99b682ec6df1e77e31ae82e63601f6784e8a3df411d72b37864da?s=96&d=mm&r=g\",\"url\":\"https:\\\/\\\/secure.gravatar.com\\\/avatar\\\/a7358cb406a99b682ec6df1e77e31ae82e63601f6784e8a3df411d72b37864da?s=96&d=mm&r=g\",\"contentUrl\":\"https:\\\/\\\/secure.gravatar.com\\\/avatar\\\/a7358cb406a99b682ec6df1e77e31ae82e63601f6784e8a3df411d72b37864da?s=96&d=mm&r=g\",\"caption\":\"Leonardo Francisco\"},\"url\":\"https:\\\/\\\/redenoticiaz.com.br\\\/ribeiraopreto-regiao\\\/sp\\\/author\\\/leonardo-francisco\"}]}<\/script>\n<!-- \/ Yoast SEO plugin. -->","yoast_head_json":{"title":"Ministro da Ucr\u00e2nia e mais 14 pessoas morrem em queda de helic\u00f3ptero - Ribeir\u00e3o Preto e Regi\u00e3o","description":"Um helic\u00f3ptero na regi\u00e3o de Kiev, na Ucr\u00e2nia, nesta quarta-feira (18) e provocou as mortes do ministro do Interior do pa\u00eds, Denys","robots":{"index":"index","follow":"follow","max-snippet":"max-snippet:-1","max-image-preview":"max-image-preview:large","max-video-preview":"max-video-preview:-1"},"canonical":"https:\/\/redenoticiaz.com.br\/ribeiraopreto-regiao\/sp\/2023\/01\/18\/ministro-da-ucrania-e-mais-14-pessoas-morrem-em-queda-de-helicoptero","og_locale":"pt_BR","og_type":"article","og_title":"Ministro da Ucr\u00e2nia e mais 14 pessoas morrem em queda de helic\u00f3ptero - Ribeir\u00e3o Preto e Regi\u00e3o","og_description":"Um helic\u00f3ptero na regi\u00e3o de Kiev, na Ucr\u00e2nia, nesta quarta-feira (18) e provocou as mortes do ministro do Interior do pa\u00eds, Denys","og_url":"https:\/\/redenoticiaz.com.br\/ribeiraopreto-regiao\/sp\/2023\/01\/18\/ministro-da-ucrania-e-mais-14-pessoas-morrem-em-queda-de-helicoptero","og_site_name":"Ribeir\u00e3o Preto e Regi\u00e3o","article_publisher":"https:\/\/m.facebook.com\/redenoticiaz.barretos","article_published_time":"2023-01-18T11:30:59+00:00","og_image":[{"width":400,"height":250,"url":"https:\/\/redenoticiaz.com.br\/ribeiraopreto-regiao\/wp-content\/uploads\/sites\/4\/2022\/02\/logo.jpg","type":"image\/jpeg"}],"author":"Leonardo Francisco","twitter_card":"summary_large_image","twitter_creator":"@RN_barretos","twitter_site":"@RN_barretos","twitter_misc":{"Escrito por":"Leonardo Francisco","Est. tempo de leitura":"2 minutos"},"schema":{"@context":"https:\/\/schema.org","@graph":[{"@type":"Article","@id":"https:\/\/redenoticiaz.com.br\/ribeiraopreto-regiao\/sp\/2023\/01\/18\/ministro-da-ucrania-e-mais-14-pessoas-morrem-em-queda-de-helicoptero#article","isPartOf":{"@id":"https:\/\/redenoticiaz.com.br\/ribeiraopreto-regiao\/sp\/2023\/01\/18\/ministro-da-ucrania-e-mais-14-pessoas-morrem-em-queda-de-helicoptero"},"author":{"name":"Leonardo Francisco","@id":"https:\/\/redenoticiaz.com.br\/ribeiraopreto-regiao\/#\/schema\/person\/0f0b8a5bdafefe82841e07ae8d81ecb3"},"headline":"Ministro da Ucr\u00e2nia e mais 14 pessoas morrem em queda de helic\u00f3ptero","datePublished":"2023-01-18T11:30:59+00:00","mainEntityOfPage":{"@id":"https:\/\/redenoticiaz.com.br\/ribeiraopreto-regiao\/sp\/2023\/01\/18\/ministro-da-ucrania-e-mais-14-pessoas-morrem-em-queda-de-helicoptero"},"wordCount":329,"commentCount":0,"publisher":{"@id":"https:\/\/redenoticiaz.com.br\/ribeiraopreto-regiao\/#organization"},"image":{"@id":"https:\/\/redenoticiaz.com.br\/ribeiraopreto-regiao\/sp\/2023\/01\/18\/ministro-da-ucrania-e-mais-14-pessoas-morrem-em-queda-de-helicoptero#primaryimage"},"thumbnailUrl":"https:\/\/redenoticiaz.com.br\/ribeiraopreto-regiao\/wp-content\/uploads\/sites\/4\/2023\/01\/HELICOPTERO-MORTES.jpg?v=1674041403","keywords":["MORTE DE MINISTRO","MORTES DE PASSAGEIROS","QUEDA DE HELIC\u00d3PTERO","REGI\u00c3O DE KIEV","UCR\u00c2NIA"],"articleSection":["Mundo"],"inLanguage":"pt-BR","potentialAction":[{"@type":"CommentAction","name":"Comment","target":["https:\/\/redenoticiaz.com.br\/ribeiraopreto-regiao\/sp\/2023\/01\/18\/ministro-da-ucrania-e-mais-14-pessoas-morrem-em-queda-de-helicoptero#respond"]}]},{"@type":"WebPage","@id":"https:\/\/redenoticiaz.com.br\/ribeiraopreto-regiao\/sp\/2023\/01\/18\/ministro-da-ucrania-e-mais-14-pessoas-morrem-em-queda-de-helicoptero","url":"https:\/\/redenoticiaz.com.br\/ribeiraopreto-regiao\/sp\/2023\/01\/18\/ministro-da-ucrania-e-mais-14-pessoas-morrem-em-queda-de-helicoptero","name":"Ministro da Ucr\u00e2nia e mais 14 pessoas morrem em queda de helic\u00f3ptero - Ribeir\u00e3o Preto e Regi\u00e3o","isPartOf":{"@id":"https:\/\/redenoticiaz.com.br\/ribeiraopreto-regiao\/#website"},"primaryImageOfPage":{"@id":"https:\/\/redenoticiaz.com.br\/ribeiraopreto-regiao\/sp\/2023\/01\/18\/ministro-da-ucrania-e-mais-14-pessoas-morrem-em-queda-de-helicoptero#primaryimage"},"image":{"@id":"https:\/\/redenoticiaz.com.br\/ribeiraopreto-regiao\/sp\/2023\/01\/18\/ministro-da-ucrania-e-mais-14-pessoas-morrem-em-queda-de-helicoptero#primaryimage"},"thumbnailUrl":"https:\/\/redenoticiaz.com.br\/ribeiraopreto-regiao\/wp-content\/uploads\/sites\/4\/2023\/01\/HELICOPTERO-MORTES.jpg?v=1674041403","datePublished":"2023-01-18T11:30:59+00:00","description":"Um helic\u00f3ptero na regi\u00e3o de Kiev, na Ucr\u00e2nia, nesta quarta-feira (18) e provocou as mortes do ministro do Interior do pa\u00eds, Denys","inLanguage":"pt-BR","potentialAction":[{"@type":"ReadAction","target":["https:\/\/redenoticiaz.com.br\/ribeiraopreto-regiao\/sp\/2023\/01\/18\/ministro-da-ucrania-e-mais-14-pessoas-morrem-em-queda-de-helicoptero"]}]},{"@type":"ImageObject","inLanguage":"pt-BR","@id":"https:\/\/redenoticiaz.com.br\/ribeiraopreto-regiao\/sp\/2023\/01\/18\/ministro-da-ucrania-e-mais-14-pessoas-morrem-em-queda-de-helicoptero#primaryimage","url":"https:\/\/redenoticiaz.com.br\/ribeiraopreto-regiao\/wp-content\/uploads\/sites\/4\/2023\/01\/HELICOPTERO-MORTES.jpg?v=1674041403","contentUrl":"https:\/\/redenoticiaz.com.br\/ribeiraopreto-regiao\/wp-content\/uploads\/sites\/4\/2023\/01\/HELICOPTERO-MORTES.jpg?v=1674041403","width":493,"height":334,"caption":"Causas da queda ainda est\u00e3o sendo apuradas. Cr\u00e9ditos: Reprodu\u00e7\u00e3o\/Reuters"},{"@type":"WebSite","@id":"https:\/\/redenoticiaz.com.br\/ribeiraopreto-regiao\/#website","url":"https:\/\/redenoticiaz.com.br\/ribeiraopreto-regiao\/","name":"Ribeir\u00e3o Preto e Regi\u00e3o","description":"Rede NoticiaZ - Ribeir\u00e3o Preto e regi\u00e3o","publisher":{"@id":"https:\/\/redenoticiaz.com.br\/ribeiraopreto-regiao\/#organization"},"potentialAction":[{"@type":"SearchAction","target":{"@type":"EntryPoint","urlTemplate":"https:\/\/redenoticiaz.com.br\/ribeiraopreto-regiao\/?s={search_term_string}"},"query-input":{"@type":"PropertyValueSpecification","valueRequired":true,"valueName":"search_term_string"}}],"inLanguage":"pt-BR"},{"@type":"Organization","@id":"https:\/\/redenoticiaz.com.br\/ribeiraopreto-regiao\/#organization","name":"Ribeir\u00e3o Preto e Regi\u00e3o","url":"https:\/\/redenoticiaz.com.br\/ribeiraopreto-regiao\/","logo":{"@type":"ImageObject","inLanguage":"pt-BR","@id":"https:\/\/redenoticiaz.com.br\/ribeiraopreto-regiao\/#\/schema\/logo\/image\/","url":"https:\/\/redenoticiaz.com.br\/barretos-regiao\/wp-content\/uploads\/sites\/4\/2022\/02\/logo.jpg","contentUrl":"https:\/\/redenoticiaz.com.br\/barretos-regiao\/wp-content\/uploads\/sites\/4\/2022\/02\/logo.jpg","width":400,"height":250,"caption":"Ribeir\u00e3o Preto e Regi\u00e3o"},"image":{"@id":"https:\/\/redenoticiaz.com.br\/ribeiraopreto-regiao\/#\/schema\/logo\/image\/"},"sameAs":["https:\/\/m.facebook.com\/redenoticiaz.barretos","https:\/\/x.com\/RN_barretos","https:\/\/www.instagram.com\/redenoticiaz.barretos\/?igshid=YmMyMTA2M2Y","https:\/\/www.linkedin.com\/company\/rede-noticiaz-barretos-e-regio\/"]},{"@type":"Person","@id":"https:\/\/redenoticiaz.com.br\/ribeiraopreto-regiao\/#\/schema\/person\/0f0b8a5bdafefe82841e07ae8d81ecb3","name":"Leonardo Francisco","image":{"@type":"ImageObject","inLanguage":"pt-BR","@id":"https:\/\/secure.gravatar.com\/avatar\/a7358cb406a99b682ec6df1e77e31ae82e63601f6784e8a3df411d72b37864da?s=96&d=mm&r=g","url":"https:\/\/secure.gravatar.com\/avatar\/a7358cb406a99b682ec6df1e77e31ae82e63601f6784e8a3df411d72b37864da?s=96&d=mm&r=g","contentUrl":"https:\/\/secure.gravatar.com\/avatar\/a7358cb406a99b682ec6df1e77e31ae82e63601f6784e8a3df411d72b37864da?s=96&d=mm&r=g","caption":"Leonardo Francisco"},"url":"https:\/\/redenoticiaz.com.br\/ribeiraopreto-regiao\/sp\/author\/leonardo-francisco"}]}},"_links":{"self":[{"href":"https:\/\/redenoticiaz.com.br\/ribeiraopreto-regiao\/wp-json\/wp\/v2\/posts\/98750","targetHints":{"allow":["GET"]}}],"collection":[{"href":"https:\/\/redenoticiaz.com.br\/ribeiraopreto-regiao\/wp-json\/wp\/v2\/posts"}],"about":[{"href":"https:\/\/redenoticiaz.com.br\/ribeiraopreto-regiao\/wp-json\/wp\/v2\/types\/post"}],"author":[{"embeddable":true,"href":"https:\/\/redenoticiaz.com.br\/ribeiraopreto-regiao\/wp-json\/wp\/v2\/users\/6"}],"replies":[{"embeddable":true,"href":"https:\/\/redenoticiaz.com.br\/ribeiraopreto-regiao\/wp-json\/wp\/v2\/comments?post=98750"}],"version-history":[{"count":1,"href":"https:\/\/redenoticiaz.com.br\/ribeiraopreto-regiao\/wp-json\/wp\/v2\/posts\/98750\/revisions"}],"predecessor-version":[{"id":98752,"href":"https:\/\/redenoticiaz.com.br\/ribeiraopreto-regiao\/wp-json\/wp\/v2\/posts\/98750\/revisions\/98752"}],"wp:featuredmedia":[{"embeddable":true,"href":"https:\/\/redenoticiaz.com.br\/ribeiraopreto-regiao\/wp-json\/wp\/v2\/media\/98751"}],"wp:attachment":[{"href":"https:\/\/redenoticiaz.com.br\/ribeiraopreto-regiao\/wp-json\/wp\/v2\/media?parent=98750"}],"wp:term":[{"taxonomy":"category","embeddable":true,"href":"https:\/\/redenoticiaz.com.br\/ribeiraopreto-regiao\/wp-json\/wp\/v2\/categories?post=98750"},{"taxonomy":"post_tag","embeddable":true,"href":"https:\/\/redenoticiaz.com.br\/ribeiraopreto-regiao\/wp-json\/wp\/v2\/tags?post=98750"}],"curies":[{"name":"wp","href":"https:\/\/api.w.org\/{rel}","templated":true}]}}