{"id":98877,"date":"2023-01-19T12:48:13","date_gmt":"2023-01-19T15:48:13","guid":{"rendered":"https:\/\/redenoticiaz.com.br\/barretos-regiao\/?p=98877"},"modified":"2023-01-19T12:48:13","modified_gmt":"2023-01-19T15:48:13","slug":"rebaixamento-do-lencol-freatico-e-condicoes-climaticas-favoraveis-melhoram-o-andamento-das-obras-de-macrodrenagem-e-prevencao-de-enchentes-na-rua-20","status":"publish","type":"post","link":"https:\/\/redenoticiaz.com.br\/ribeiraopreto-regiao\/sp\/2023\/01\/19\/rebaixamento-do-lencol-freatico-e-condicoes-climaticas-favoraveis-melhoram-o-andamento-das-obras-de-macrodrenagem-e-prevencao-de-enchentes-na-rua-20","title":{"rendered":"Rebaixamento do len\u00e7ol fre\u00e1tico e condi\u00e7\u00f5es clim\u00e1ticas favor\u00e1veis melhoram o andamento das obras de macrodrenagem e preven\u00e7\u00e3o de enchentes na Rua 20"},"content":{"rendered":"<div>Barretos, por meio da Secretaria Municipal de Obras e Servi\u00e7os Urbanos, informa que foram retomadas as obras de drenagem e preven\u00e7\u00e3o contra enchentes na Rua 20, entre as avenidas 35 e 37. O servi\u00e7o estava prejudicado devido \u00e0s constantes chuvas que ca\u00edram na cidade entre o final de 2022 e o in\u00edcio deste ano.<\/div>\n<div><\/div>\n<div>De acordo com o secretario de Obras, Raul Paganelli, a continuidade do trabalho foi poss\u00edvel ap\u00f3s a melhora nas condi\u00e7\u00f5es clim\u00e1ticas na cidade e o rebaixamento do len\u00e7ol fre\u00e1tico. &#8220;O len\u00e7ol fre\u00e1tico subiu muito e n\u00f3s precisamos instalar este equipamento, popularmente chamado de ponteira, para fazer o rebaixamento. Temos cerca de 18 ponteiras de cada lado, que s\u00e3o bombeadas 24 horas por dia, para que a \u00e1gua seja removida e os funcion\u00e1rios possam trabalhar com mais seguran\u00e7a e produtividade&#8221;, destacou. &#8220;As condi\u00e7\u00f5es do tempo tamb\u00e9m melhoraram e, apesar de chover quase todos os dias, a chuva n\u00e3o tem atrapalhado o andamento das obras&#8221;, completou.<\/div>\n<div><\/div>\n<div>O trecho em quest\u00e3o faz parte do pacote de obras antienchentes iniciado no ano passado em raz\u00e3o das fortes chuvas que causaram destrui\u00e7\u00e3o e preju\u00edzos em diversos pontos da cidade. &#8220;Este \u00e9 um grande desafio da gest\u00e3o da prefeita Paula Lemos, que assumiu o compromisso de iniciar um macro projeto de preven\u00e7\u00e3o contra enchentes na nossa cidade. S\u00e3o obras que est\u00e3o sendo bem feitas e com responsabilidade&#8221;, lembrou o secret\u00e1rio. O Projeto de Reestrutura\u00e7\u00e3o do Sistema de Drenagem Urbana \u00e9 do engenheiro civil Pedro Donizeti Zacarin.<\/div>\n<div><\/div>\n<div><\/div>\n<h3><b>Aumento do ritmo<\/b><\/h3>\n<div><\/div>\n<div><\/div>\n<div>Paganelli salientou que a instala\u00e7\u00e3o do sistema de rebaixamento do len\u00e7ol fre\u00e1tico aumentou a produtividade no canteiro de obras. &#8220;Come\u00e7amos a trabalhar em um ritmo bom e estamos conseguindo assentar diariamente de tr\u00eas a quatro aduelas, n\u00famero que pretendemos aumentar com o passar dos dias. Vamos tentar concluir essa obra o mais r\u00e1pido poss\u00edvel&#8221;, disse. O local est\u00e1 recebendo aduelas de 3,80 x 2,20 metros de di\u00e2metro.<\/div>\n<div><\/div>\n<div><\/div>\n<h3><b>Obra complexa<\/b><\/h3>\n<div><\/div>\n<div><\/div>\n<div>Para o secret\u00e1rio, &#8220;esta \u00e9 uma das maiores obras de macrodrenagem da cidade de Barretos&#8221; e para isso \u00e9 preciso paci\u00eancia, pois a obra deve ser executada no tempo dela, sem prejudicar os moradores e as resid\u00eancias. Ele conta que o servi\u00e7o, iniciado na Avenida 35 e que j\u00e1 se encontra na Rua 20, deve seguir at\u00e9 a Avenida 37 e finalizar na Avenida 39, esquina com a Rua 22. &#8220;N\u00e3o d\u00e1 para falar em prazo, \u00e9 uma parte complexa, dependemos muito das condi\u00e7\u00f5es do tempo, mas a nossa previs\u00e3o \u00e9 terminar essa obra ainda no primeiro semestre de 2023&#8221;, concluiu.<\/div>\n<div><\/div>\n<div><\/div>\n<h3><b>Libera\u00e7\u00e3o de tr\u00e1fego<\/b><\/h3>\n<div><\/div>\n<div><\/div>\n<div>Paganelli tamb\u00e9m informou que na pr\u00f3xima semana o tr\u00e1fego pela Avenida 35 deve ser normalizado. &#8220;At\u00e9 semana que vem n\u00f3s pretendemos liberar a Avenida 35. Precisamos de pelos menos dois dias sem chuva para finalizar a parte de pavimenta\u00e7\u00e3o asf\u00e1ltica&#8221;, anunciou.<\/div>\n<div><\/div>\n<div><\/div>\n<h3><b>Fiscaliza\u00e7\u00e3o<\/b><\/h3>\n<div><\/div>\n<div><\/div>\n<div>Para o acompanhamento dos servi\u00e7os, o secret\u00e1rio destacou a necessidade da contrata\u00e7\u00e3o de uma empresa especializada na fiscaliza\u00e7\u00e3o de projetos com este grau de complexidade. &#8220;O acompanhamento t\u00e9cnico dessa e das outras obras antienchentes est\u00e1 sendo feio pela Baldocchi Engenharia, que acompanha diariamente e faz os ensaios de compacta\u00e7\u00e3o, na pavimenta\u00e7\u00e3o asf\u00e1ltica, etc.&#8221;, explicou.<\/div>\n<div><\/div>\n<div>VEJA TAMB\u00c9M:\u00a0<a href=\"https:\/\/redenoticiaz.com.br\/barretos-regiao\/sp\/2023\/01\/19\/video-motociclista-e-atingida-e-arremessado-por-carro\">V\u00cdDEO: \u00a0Motociclista \u00e9 atingida e arremessado por carro em Barretos<\/a><\/div>\n","protected":false},"excerpt":{"rendered":"<p>Barretos, por meio da Secretaria Municipal de Obras e Servi\u00e7os Urbanos, informa que foram retomadas as obras de drenagem e preven\u00e7\u00e3o contra enchentes na Rua 20, entre as avenidas 35 e 37. O servi\u00e7o estava prejudicado devido \u00e0s constantes chuvas que ca\u00edram na cidade entre o final de 2022 e o in\u00edcio deste ano. De &hellip;<\/p>\n","protected":false},"author":15,"featured_media":98878,"comment_status":"open","ping_status":"closed","sticky":false,"template":"","format":"standard","meta":{"footnotes":""},"categories":[2920],"tags":[3123,60,24004,17066],"class_list":["post-98877","post","type-post","status-publish","format-standard","has-post-thumbnail","hentry","category-obras","tag-drenagem","tag-fiscalizacao","tag-liberacao-de-trafico","tag-obra"],"yoast_head":"<!-- This site is optimized with the Yoast SEO plugin v27.4 - https:\/\/yoast.com\/product\/yoast-seo-wordpress\/ -->\n<title>Rebaixamento do len\u00e7ol fre\u00e1tico e condi\u00e7\u00f5es clim\u00e1ticas favor\u00e1veis melhoram o andamento das obras de macrodrenagem e preven\u00e7\u00e3o de enchentes na Rua 20 - Ribeir\u00e3o Preto e Regi\u00e3o<\/title>\n<meta name=\"description\" content=\"Secretaria Municipal de Obras e Servi\u00e7os Urbanos, informa que foram retomadas as obras de drenagem e preven\u00e7\u00e3o contra enchentes na Rua 20.\" \/>\n<meta name=\"robots\" content=\"index, follow, max-snippet:-1, max-image-preview:large, max-video-preview:-1\" \/>\n<link rel=\"canonical\" href=\"https:\/\/redenoticiaz.com.br\/ribeiraopreto-regiao\/sp\/2023\/01\/19\/rebaixamento-do-lencol-freatico-e-condicoes-climaticas-favoraveis-melhoram-o-andamento-das-obras-de-macrodrenagem-e-prevencao-de-enchentes-na-rua-20\" \/>\n<meta property=\"og:locale\" content=\"pt_BR\" \/>\n<meta property=\"og:type\" content=\"article\" \/>\n<meta property=\"og:title\" content=\"Rebaixamento do len\u00e7ol fre\u00e1tico e condi\u00e7\u00f5es clim\u00e1ticas favor\u00e1veis melhoram o andamento das obras de macrodrenagem e preven\u00e7\u00e3o de enchentes na Rua 20 - Ribeir\u00e3o Preto e Regi\u00e3o\" \/>\n<meta property=\"og:description\" content=\"Secretaria Municipal de Obras e Servi\u00e7os Urbanos, informa que foram retomadas as obras de drenagem e preven\u00e7\u00e3o contra enchentes na Rua 20.\" \/>\n<meta property=\"og:url\" content=\"https:\/\/redenoticiaz.com.br\/ribeiraopreto-regiao\/sp\/2023\/01\/19\/rebaixamento-do-lencol-freatico-e-condicoes-climaticas-favoraveis-melhoram-o-andamento-das-obras-de-macrodrenagem-e-prevencao-de-enchentes-na-rua-20\" \/>\n<meta property=\"og:site_name\" content=\"Ribeir\u00e3o Preto e Regi\u00e3o\" \/>\n<meta property=\"article:publisher\" content=\"https:\/\/m.facebook.com\/redenoticiaz.barretos\" \/>\n<meta property=\"article:published_time\" content=\"2023-01-19T15:48:13+00:00\" \/>\n<meta property=\"og:image\" content=\"https:\/\/redenoticiaz.com.br\/ribeiraopreto-regiao\/wp-content\/uploads\/sites\/4\/2023\/01\/Trafego-pela-Avenida-35-deve-ser-normalizado-ate-a-proxima-semana.jpeg\" \/>\n\t<meta property=\"og:image:width\" content=\"1280\" \/>\n\t<meta property=\"og:image:height\" content=\"853\" \/>\n\t<meta property=\"og:image:type\" content=\"image\/jpeg\" \/>\n<meta name=\"twitter:card\" content=\"summary_large_image\" \/>\n<meta name=\"twitter:creator\" content=\"@RN_barretos\" \/>\n<meta name=\"twitter:site\" content=\"@RN_barretos\" \/>\n<meta name=\"twitter:label1\" content=\"Escrito por\" \/>\n\t<meta name=\"twitter:data1\" content=\"\" \/>\n\t<meta name=\"twitter:label2\" content=\"Est. tempo de leitura\" \/>\n\t<meta name=\"twitter:data2\" content=\"3 minutos\" \/>\n<script type=\"application\/ld+json\" class=\"yoast-schema-graph\">{\"@context\":\"https:\\\/\\\/schema.org\",\"@graph\":[{\"@type\":\"Article\",\"@id\":\"https:\\\/\\\/redenoticiaz.com.br\\\/ribeiraopreto-regiao\\\/sp\\\/2023\\\/01\\\/19\\\/rebaixamento-do-lencol-freatico-e-condicoes-climaticas-favoraveis-melhoram-o-andamento-das-obras-de-macrodrenagem-e-prevencao-de-enchentes-na-rua-20#article\",\"isPartOf\":{\"@id\":\"https:\\\/\\\/redenoticiaz.com.br\\\/ribeiraopreto-regiao\\\/sp\\\/2023\\\/01\\\/19\\\/rebaixamento-do-lencol-freatico-e-condicoes-climaticas-favoraveis-melhoram-o-andamento-das-obras-de-macrodrenagem-e-prevencao-de-enchentes-na-rua-20\"},\"author\":{\"name\":\"\",\"@id\":\"\"},\"headline\":\"Rebaixamento do len\u00e7ol fre\u00e1tico e condi\u00e7\u00f5es clim\u00e1ticas favor\u00e1veis melhoram o andamento das obras de macrodrenagem e preven\u00e7\u00e3o de enchentes na Rua 20\",\"datePublished\":\"2023-01-19T15:48:13+00:00\",\"mainEntityOfPage\":{\"@id\":\"https:\\\/\\\/redenoticiaz.com.br\\\/ribeiraopreto-regiao\\\/sp\\\/2023\\\/01\\\/19\\\/rebaixamento-do-lencol-freatico-e-condicoes-climaticas-favoraveis-melhoram-o-andamento-das-obras-de-macrodrenagem-e-prevencao-de-enchentes-na-rua-20\"},\"wordCount\":597,\"commentCount\":0,\"publisher\":{\"@id\":\"https:\\\/\\\/redenoticiaz.com.br\\\/ribeiraopreto-regiao\\\/#organization\"},\"image\":{\"@id\":\"https:\\\/\\\/redenoticiaz.com.br\\\/ribeiraopreto-regiao\\\/sp\\\/2023\\\/01\\\/19\\\/rebaixamento-do-lencol-freatico-e-condicoes-climaticas-favoraveis-melhoram-o-andamento-das-obras-de-macrodrenagem-e-prevencao-de-enchentes-na-rua-20#primaryimage\"},\"thumbnailUrl\":\"https:\\\/\\\/redenoticiaz.com.br\\\/ribeiraopreto-regiao\\\/wp-content\\\/uploads\\\/sites\\\/4\\\/2023\\\/01\\\/Trafego-pela-Avenida-35-deve-ser-normalizado-ate-a-proxima-semana.jpeg\",\"keywords\":[\"DRENAGEM\",\"FISCALIZA\u00c7\u00c3O\",\"LIBERA\u00c7\u00c3O DE TR\u00c1FICO\",\"OBRA\"],\"articleSection\":[\"Obras\"],\"inLanguage\":\"pt-BR\",\"potentialAction\":[{\"@type\":\"CommentAction\",\"name\":\"Comment\",\"target\":[\"https:\\\/\\\/redenoticiaz.com.br\\\/ribeiraopreto-regiao\\\/sp\\\/2023\\\/01\\\/19\\\/rebaixamento-do-lencol-freatico-e-condicoes-climaticas-favoraveis-melhoram-o-andamento-das-obras-de-macrodrenagem-e-prevencao-de-enchentes-na-rua-20#respond\"]}]},{\"@type\":\"WebPage\",\"@id\":\"https:\\\/\\\/redenoticiaz.com.br\\\/ribeiraopreto-regiao\\\/sp\\\/2023\\\/01\\\/19\\\/rebaixamento-do-lencol-freatico-e-condicoes-climaticas-favoraveis-melhoram-o-andamento-das-obras-de-macrodrenagem-e-prevencao-de-enchentes-na-rua-20\",\"url\":\"https:\\\/\\\/redenoticiaz.com.br\\\/ribeiraopreto-regiao\\\/sp\\\/2023\\\/01\\\/19\\\/rebaixamento-do-lencol-freatico-e-condicoes-climaticas-favoraveis-melhoram-o-andamento-das-obras-de-macrodrenagem-e-prevencao-de-enchentes-na-rua-20\",\"name\":\"Rebaixamento do len\u00e7ol fre\u00e1tico e condi\u00e7\u00f5es clim\u00e1ticas favor\u00e1veis melhoram o andamento das obras de macrodrenagem e preven\u00e7\u00e3o de enchentes na Rua 20 - Ribeir\u00e3o Preto e Regi\u00e3o\",\"isPartOf\":{\"@id\":\"https:\\\/\\\/redenoticiaz.com.br\\\/ribeiraopreto-regiao\\\/#website\"},\"primaryImageOfPage\":{\"@id\":\"https:\\\/\\\/redenoticiaz.com.br\\\/ribeiraopreto-regiao\\\/sp\\\/2023\\\/01\\\/19\\\/rebaixamento-do-lencol-freatico-e-condicoes-climaticas-favoraveis-melhoram-o-andamento-das-obras-de-macrodrenagem-e-prevencao-de-enchentes-na-rua-20#primaryimage\"},\"image\":{\"@id\":\"https:\\\/\\\/redenoticiaz.com.br\\\/ribeiraopreto-regiao\\\/sp\\\/2023\\\/01\\\/19\\\/rebaixamento-do-lencol-freatico-e-condicoes-climaticas-favoraveis-melhoram-o-andamento-das-obras-de-macrodrenagem-e-prevencao-de-enchentes-na-rua-20#primaryimage\"},\"thumbnailUrl\":\"https:\\\/\\\/redenoticiaz.com.br\\\/ribeiraopreto-regiao\\\/wp-content\\\/uploads\\\/sites\\\/4\\\/2023\\\/01\\\/Trafego-pela-Avenida-35-deve-ser-normalizado-ate-a-proxima-semana.jpeg\",\"datePublished\":\"2023-01-19T15:48:13+00:00\",\"description\":\"Secretaria Municipal de Obras e Servi\u00e7os Urbanos, informa que foram retomadas as obras de drenagem e preven\u00e7\u00e3o contra enchentes na Rua 20.\",\"inLanguage\":\"pt-BR\",\"potentialAction\":[{\"@type\":\"ReadAction\",\"target\":[\"https:\\\/\\\/redenoticiaz.com.br\\\/ribeiraopreto-regiao\\\/sp\\\/2023\\\/01\\\/19\\\/rebaixamento-do-lencol-freatico-e-condicoes-climaticas-favoraveis-melhoram-o-andamento-das-obras-de-macrodrenagem-e-prevencao-de-enchentes-na-rua-20\"]}]},{\"@type\":\"ImageObject\",\"inLanguage\":\"pt-BR\",\"@id\":\"https:\\\/\\\/redenoticiaz.com.br\\\/ribeiraopreto-regiao\\\/sp\\\/2023\\\/01\\\/19\\\/rebaixamento-do-lencol-freatico-e-condicoes-climaticas-favoraveis-melhoram-o-andamento-das-obras-de-macrodrenagem-e-prevencao-de-enchentes-na-rua-20#primaryimage\",\"url\":\"https:\\\/\\\/redenoticiaz.com.br\\\/ribeiraopreto-regiao\\\/wp-content\\\/uploads\\\/sites\\\/4\\\/2023\\\/01\\\/Trafego-pela-Avenida-35-deve-ser-normalizado-ate-a-proxima-semana.jpeg\",\"contentUrl\":\"https:\\\/\\\/redenoticiaz.com.br\\\/ribeiraopreto-regiao\\\/wp-content\\\/uploads\\\/sites\\\/4\\\/2023\\\/01\\\/Trafego-pela-Avenida-35-deve-ser-normalizado-ate-a-proxima-semana.jpeg\",\"width\":1280,\"height\":853,\"caption\":\"Cr\u00e9dito: Divulga\u00e7\u00e3o\"},{\"@type\":\"WebSite\",\"@id\":\"https:\\\/\\\/redenoticiaz.com.br\\\/ribeiraopreto-regiao\\\/#website\",\"url\":\"https:\\\/\\\/redenoticiaz.com.br\\\/ribeiraopreto-regiao\\\/\",\"name\":\"Ribeir\u00e3o Preto e Regi\u00e3o\",\"description\":\"Rede NoticiaZ - Ribeir\u00e3o Preto e regi\u00e3o\",\"publisher\":{\"@id\":\"https:\\\/\\\/redenoticiaz.com.br\\\/ribeiraopreto-regiao\\\/#organization\"},\"potentialAction\":[{\"@type\":\"SearchAction\",\"target\":{\"@type\":\"EntryPoint\",\"urlTemplate\":\"https:\\\/\\\/redenoticiaz.com.br\\\/ribeiraopreto-regiao\\\/?s={search_term_string}\"},\"query-input\":{\"@type\":\"PropertyValueSpecification\",\"valueRequired\":true,\"valueName\":\"search_term_string\"}}],\"inLanguage\":\"pt-BR\"},{\"@type\":\"Organization\",\"@id\":\"https:\\\/\\\/redenoticiaz.com.br\\\/ribeiraopreto-regiao\\\/#organization\",\"name\":\"Ribeir\u00e3o Preto e Regi\u00e3o\",\"url\":\"https:\\\/\\\/redenoticiaz.com.br\\\/ribeiraopreto-regiao\\\/\",\"logo\":{\"@type\":\"ImageObject\",\"inLanguage\":\"pt-BR\",\"@id\":\"https:\\\/\\\/redenoticiaz.com.br\\\/ribeiraopreto-regiao\\\/#\\\/schema\\\/logo\\\/image\\\/\",\"url\":\"https:\\\/\\\/redenoticiaz.com.br\\\/barretos-regiao\\\/wp-content\\\/uploads\\\/sites\\\/4\\\/2022\\\/02\\\/logo.jpg\",\"contentUrl\":\"https:\\\/\\\/redenoticiaz.com.br\\\/barretos-regiao\\\/wp-content\\\/uploads\\\/sites\\\/4\\\/2022\\\/02\\\/logo.jpg\",\"width\":400,\"height\":250,\"caption\":\"Ribeir\u00e3o Preto e Regi\u00e3o\"},\"image\":{\"@id\":\"https:\\\/\\\/redenoticiaz.com.br\\\/ribeiraopreto-regiao\\\/#\\\/schema\\\/logo\\\/image\\\/\"},\"sameAs\":[\"https:\\\/\\\/m.facebook.com\\\/redenoticiaz.barretos\",\"https:\\\/\\\/x.com\\\/RN_barretos\",\"https:\\\/\\\/www.instagram.com\\\/redenoticiaz.barretos\\\/?igshid=YmMyMTA2M2Y\",\"https:\\\/\\\/www.linkedin.com\\\/company\\\/rede-noticiaz-barretos-e-regio\\\/\"]},{\"@type\":\"Person\",\"@id\":\"\",\"url\":\"https:\\\/\\\/redenoticiaz.com.br\\\/ribeiraopreto-regiao\\\/sp\\\/author\"}]}<\/script>\n<!-- \/ Yoast SEO plugin. -->","yoast_head_json":{"title":"Rebaixamento do len\u00e7ol fre\u00e1tico e condi\u00e7\u00f5es clim\u00e1ticas favor\u00e1veis melhoram o andamento das obras de macrodrenagem e preven\u00e7\u00e3o de enchentes na Rua 20 - Ribeir\u00e3o Preto e Regi\u00e3o","description":"Secretaria Municipal de Obras e Servi\u00e7os Urbanos, informa que foram retomadas as obras de drenagem e preven\u00e7\u00e3o contra enchentes na Rua 20.","robots":{"index":"index","follow":"follow","max-snippet":"max-snippet:-1","max-image-preview":"max-image-preview:large","max-video-preview":"max-video-preview:-1"},"canonical":"https:\/\/redenoticiaz.com.br\/ribeiraopreto-regiao\/sp\/2023\/01\/19\/rebaixamento-do-lencol-freatico-e-condicoes-climaticas-favoraveis-melhoram-o-andamento-das-obras-de-macrodrenagem-e-prevencao-de-enchentes-na-rua-20","og_locale":"pt_BR","og_type":"article","og_title":"Rebaixamento do len\u00e7ol fre\u00e1tico e condi\u00e7\u00f5es clim\u00e1ticas favor\u00e1veis melhoram o andamento das obras de macrodrenagem e preven\u00e7\u00e3o de enchentes na Rua 20 - Ribeir\u00e3o Preto e Regi\u00e3o","og_description":"Secretaria Municipal de Obras e Servi\u00e7os Urbanos, informa que foram retomadas as obras de drenagem e preven\u00e7\u00e3o contra enchentes na Rua 20.","og_url":"https:\/\/redenoticiaz.com.br\/ribeiraopreto-regiao\/sp\/2023\/01\/19\/rebaixamento-do-lencol-freatico-e-condicoes-climaticas-favoraveis-melhoram-o-andamento-das-obras-de-macrodrenagem-e-prevencao-de-enchentes-na-rua-20","og_site_name":"Ribeir\u00e3o Preto e Regi\u00e3o","article_publisher":"https:\/\/m.facebook.com\/redenoticiaz.barretos","article_published_time":"2023-01-19T15:48:13+00:00","og_image":[{"width":1280,"height":853,"url":"https:\/\/redenoticiaz.com.br\/ribeiraopreto-regiao\/wp-content\/uploads\/sites\/4\/2023\/01\/Trafego-pela-Avenida-35-deve-ser-normalizado-ate-a-proxima-semana.jpeg","type":"image\/jpeg"}],"twitter_card":"summary_large_image","twitter_creator":"@RN_barretos","twitter_site":"@RN_barretos","twitter_misc":{"Escrito por":"","Est. tempo de leitura":"3 minutos"},"schema":{"@context":"https:\/\/schema.org","@graph":[{"@type":"Article","@id":"https:\/\/redenoticiaz.com.br\/ribeiraopreto-regiao\/sp\/2023\/01\/19\/rebaixamento-do-lencol-freatico-e-condicoes-climaticas-favoraveis-melhoram-o-andamento-das-obras-de-macrodrenagem-e-prevencao-de-enchentes-na-rua-20#article","isPartOf":{"@id":"https:\/\/redenoticiaz.com.br\/ribeiraopreto-regiao\/sp\/2023\/01\/19\/rebaixamento-do-lencol-freatico-e-condicoes-climaticas-favoraveis-melhoram-o-andamento-das-obras-de-macrodrenagem-e-prevencao-de-enchentes-na-rua-20"},"author":{"name":"","@id":""},"headline":"Rebaixamento do len\u00e7ol fre\u00e1tico e condi\u00e7\u00f5es clim\u00e1ticas favor\u00e1veis melhoram o andamento das obras de macrodrenagem e preven\u00e7\u00e3o de enchentes na Rua 20","datePublished":"2023-01-19T15:48:13+00:00","mainEntityOfPage":{"@id":"https:\/\/redenoticiaz.com.br\/ribeiraopreto-regiao\/sp\/2023\/01\/19\/rebaixamento-do-lencol-freatico-e-condicoes-climaticas-favoraveis-melhoram-o-andamento-das-obras-de-macrodrenagem-e-prevencao-de-enchentes-na-rua-20"},"wordCount":597,"commentCount":0,"publisher":{"@id":"https:\/\/redenoticiaz.com.br\/ribeiraopreto-regiao\/#organization"},"image":{"@id":"https:\/\/redenoticiaz.com.br\/ribeiraopreto-regiao\/sp\/2023\/01\/19\/rebaixamento-do-lencol-freatico-e-condicoes-climaticas-favoraveis-melhoram-o-andamento-das-obras-de-macrodrenagem-e-prevencao-de-enchentes-na-rua-20#primaryimage"},"thumbnailUrl":"https:\/\/redenoticiaz.com.br\/ribeiraopreto-regiao\/wp-content\/uploads\/sites\/4\/2023\/01\/Trafego-pela-Avenida-35-deve-ser-normalizado-ate-a-proxima-semana.jpeg","keywords":["DRENAGEM","FISCALIZA\u00c7\u00c3O","LIBERA\u00c7\u00c3O DE TR\u00c1FICO","OBRA"],"articleSection":["Obras"],"inLanguage":"pt-BR","potentialAction":[{"@type":"CommentAction","name":"Comment","target":["https:\/\/redenoticiaz.com.br\/ribeiraopreto-regiao\/sp\/2023\/01\/19\/rebaixamento-do-lencol-freatico-e-condicoes-climaticas-favoraveis-melhoram-o-andamento-das-obras-de-macrodrenagem-e-prevencao-de-enchentes-na-rua-20#respond"]}]},{"@type":"WebPage","@id":"https:\/\/redenoticiaz.com.br\/ribeiraopreto-regiao\/sp\/2023\/01\/19\/rebaixamento-do-lencol-freatico-e-condicoes-climaticas-favoraveis-melhoram-o-andamento-das-obras-de-macrodrenagem-e-prevencao-de-enchentes-na-rua-20","url":"https:\/\/redenoticiaz.com.br\/ribeiraopreto-regiao\/sp\/2023\/01\/19\/rebaixamento-do-lencol-freatico-e-condicoes-climaticas-favoraveis-melhoram-o-andamento-das-obras-de-macrodrenagem-e-prevencao-de-enchentes-na-rua-20","name":"Rebaixamento do len\u00e7ol fre\u00e1tico e condi\u00e7\u00f5es clim\u00e1ticas favor\u00e1veis melhoram o andamento das obras de macrodrenagem e preven\u00e7\u00e3o de enchentes na Rua 20 - Ribeir\u00e3o Preto e Regi\u00e3o","isPartOf":{"@id":"https:\/\/redenoticiaz.com.br\/ribeiraopreto-regiao\/#website"},"primaryImageOfPage":{"@id":"https:\/\/redenoticiaz.com.br\/ribeiraopreto-regiao\/sp\/2023\/01\/19\/rebaixamento-do-lencol-freatico-e-condicoes-climaticas-favoraveis-melhoram-o-andamento-das-obras-de-macrodrenagem-e-prevencao-de-enchentes-na-rua-20#primaryimage"},"image":{"@id":"https:\/\/redenoticiaz.com.br\/ribeiraopreto-regiao\/sp\/2023\/01\/19\/rebaixamento-do-lencol-freatico-e-condicoes-climaticas-favoraveis-melhoram-o-andamento-das-obras-de-macrodrenagem-e-prevencao-de-enchentes-na-rua-20#primaryimage"},"thumbnailUrl":"https:\/\/redenoticiaz.com.br\/ribeiraopreto-regiao\/wp-content\/uploads\/sites\/4\/2023\/01\/Trafego-pela-Avenida-35-deve-ser-normalizado-ate-a-proxima-semana.jpeg","datePublished":"2023-01-19T15:48:13+00:00","description":"Secretaria Municipal de Obras e Servi\u00e7os Urbanos, informa que foram retomadas as obras de drenagem e preven\u00e7\u00e3o contra enchentes na Rua 20.","inLanguage":"pt-BR","potentialAction":[{"@type":"ReadAction","target":["https:\/\/redenoticiaz.com.br\/ribeiraopreto-regiao\/sp\/2023\/01\/19\/rebaixamento-do-lencol-freatico-e-condicoes-climaticas-favoraveis-melhoram-o-andamento-das-obras-de-macrodrenagem-e-prevencao-de-enchentes-na-rua-20"]}]},{"@type":"ImageObject","inLanguage":"pt-BR","@id":"https:\/\/redenoticiaz.com.br\/ribeiraopreto-regiao\/sp\/2023\/01\/19\/rebaixamento-do-lencol-freatico-e-condicoes-climaticas-favoraveis-melhoram-o-andamento-das-obras-de-macrodrenagem-e-prevencao-de-enchentes-na-rua-20#primaryimage","url":"https:\/\/redenoticiaz.com.br\/ribeiraopreto-regiao\/wp-content\/uploads\/sites\/4\/2023\/01\/Trafego-pela-Avenida-35-deve-ser-normalizado-ate-a-proxima-semana.jpeg","contentUrl":"https:\/\/redenoticiaz.com.br\/ribeiraopreto-regiao\/wp-content\/uploads\/sites\/4\/2023\/01\/Trafego-pela-Avenida-35-deve-ser-normalizado-ate-a-proxima-semana.jpeg","width":1280,"height":853,"caption":"Cr\u00e9dito: Divulga\u00e7\u00e3o"},{"@type":"WebSite","@id":"https:\/\/redenoticiaz.com.br\/ribeiraopreto-regiao\/#website","url":"https:\/\/redenoticiaz.com.br\/ribeiraopreto-regiao\/","name":"Ribeir\u00e3o Preto e Regi\u00e3o","description":"Rede NoticiaZ - Ribeir\u00e3o Preto e regi\u00e3o","publisher":{"@id":"https:\/\/redenoticiaz.com.br\/ribeiraopreto-regiao\/#organization"},"potentialAction":[{"@type":"SearchAction","target":{"@type":"EntryPoint","urlTemplate":"https:\/\/redenoticiaz.com.br\/ribeiraopreto-regiao\/?s={search_term_string}"},"query-input":{"@type":"PropertyValueSpecification","valueRequired":true,"valueName":"search_term_string"}}],"inLanguage":"pt-BR"},{"@type":"Organization","@id":"https:\/\/redenoticiaz.com.br\/ribeiraopreto-regiao\/#organization","name":"Ribeir\u00e3o Preto e Regi\u00e3o","url":"https:\/\/redenoticiaz.com.br\/ribeiraopreto-regiao\/","logo":{"@type":"ImageObject","inLanguage":"pt-BR","@id":"https:\/\/redenoticiaz.com.br\/ribeiraopreto-regiao\/#\/schema\/logo\/image\/","url":"https:\/\/redenoticiaz.com.br\/barretos-regiao\/wp-content\/uploads\/sites\/4\/2022\/02\/logo.jpg","contentUrl":"https:\/\/redenoticiaz.com.br\/barretos-regiao\/wp-content\/uploads\/sites\/4\/2022\/02\/logo.jpg","width":400,"height":250,"caption":"Ribeir\u00e3o Preto e Regi\u00e3o"},"image":{"@id":"https:\/\/redenoticiaz.com.br\/ribeiraopreto-regiao\/#\/schema\/logo\/image\/"},"sameAs":["https:\/\/m.facebook.com\/redenoticiaz.barretos","https:\/\/x.com\/RN_barretos","https:\/\/www.instagram.com\/redenoticiaz.barretos\/?igshid=YmMyMTA2M2Y","https:\/\/www.linkedin.com\/company\/rede-noticiaz-barretos-e-regio\/"]},{"@type":"Person","@id":"","url":"https:\/\/redenoticiaz.com.br\/ribeiraopreto-regiao\/sp\/author"}]}},"_links":{"self":[{"href":"https:\/\/redenoticiaz.com.br\/ribeiraopreto-regiao\/wp-json\/wp\/v2\/posts\/98877","targetHints":{"allow":["GET"]}}],"collection":[{"href":"https:\/\/redenoticiaz.com.br\/ribeiraopreto-regiao\/wp-json\/wp\/v2\/posts"}],"about":[{"href":"https:\/\/redenoticiaz.com.br\/ribeiraopreto-regiao\/wp-json\/wp\/v2\/types\/post"}],"author":[{"embeddable":true,"href":"https:\/\/redenoticiaz.com.br\/ribeiraopreto-regiao\/wp-json\/wp\/v2\/users\/15"}],"replies":[{"embeddable":true,"href":"https:\/\/redenoticiaz.com.br\/ribeiraopreto-regiao\/wp-json\/wp\/v2\/comments?post=98877"}],"version-history":[{"count":1,"href":"https:\/\/redenoticiaz.com.br\/ribeiraopreto-regiao\/wp-json\/wp\/v2\/posts\/98877\/revisions"}],"predecessor-version":[{"id":98879,"href":"https:\/\/redenoticiaz.com.br\/ribeiraopreto-regiao\/wp-json\/wp\/v2\/posts\/98877\/revisions\/98879"}],"wp:featuredmedia":[{"embeddable":true,"href":"https:\/\/redenoticiaz.com.br\/ribeiraopreto-regiao\/wp-json\/wp\/v2\/media\/98878"}],"wp:attachment":[{"href":"https:\/\/redenoticiaz.com.br\/ribeiraopreto-regiao\/wp-json\/wp\/v2\/media?parent=98877"}],"wp:term":[{"taxonomy":"category","embeddable":true,"href":"https:\/\/redenoticiaz.com.br\/ribeiraopreto-regiao\/wp-json\/wp\/v2\/categories?post=98877"},{"taxonomy":"post_tag","embeddable":true,"href":"https:\/\/redenoticiaz.com.br\/ribeiraopreto-regiao\/wp-json\/wp\/v2\/tags?post=98877"}],"curies":[{"name":"wp","href":"https:\/\/api.w.org\/{rel}","templated":true}]}}