{"id":98882,"date":"2023-01-19T14:06:10","date_gmt":"2023-01-19T17:06:10","guid":{"rendered":"https:\/\/redenoticiaz.com.br\/barretos-regiao\/sp\/2023\/01\/19\/ibge-desemprego-recua-para-81-no-trimestre-encerrado-em-novembro"},"modified":"2023-01-19T15:47:33","modified_gmt":"2023-01-19T18:47:33","slug":"ibge-desemprego-recua-para-81-no-trimestre-encerrado-em-novembro","status":"publish","type":"post","link":"https:\/\/redenoticiaz.com.br\/ribeiraopreto-regiao\/sp\/2023\/01\/19\/ibge-desemprego-recua-para-81-no-trimestre-encerrado-em-novembro","title":{"rendered":"IBGE: desemprego recua para 8,1% no trimestre encerrado em novembro"},"content":{"rendered":"<p>A taxa de desocupa\u00e7\u00e3o ficou em 8,1% no trimestre terminado em novembro. O percentual representa recuo de 0,9 ponto percentual (p.p.) na compara\u00e7\u00e3o com os tr\u00eas meses anteriores, quando atingiu 8,9%.<\/p>\n<p>\u00c9, ainda, o menor resultado desde o trimestre de fevereiro a abril de 2015. Com a queda para 8,7 milh\u00f5es, o n\u00famero de desempregados alcan\u00e7ou o menor contingente desde o trimestre encerrado em junho de 2015. Ao todo, s\u00e3o 953 mil pessoas a menos em busca de emprego no pa\u00eds, ou recuo de 9,8%. Os dados fazem parte da Pesquisa Nacional por Amostra de Domic\u00edlios (PNAD) Cont\u00ednua, divulgada hoje (19) pelo Instituto Brasileiro de Geografia e Estat\u00edstica (IBGE).<img decoding=\"async\" src=\"https:\/\/agenciabrasil.ebc.com.br\/ebc.png?id=1505079&amp;o=node\" \/><img decoding=\"async\" src=\"https:\/\/agenciabrasil.ebc.com.br\/ebc.gif?id=1505079&amp;o=node\" \/><\/p>\n<p>Conforme a pesquisa, h\u00e1 seis trimestres m\u00f3veis consecutivos, que a taxa de desocupa\u00e7\u00e3o vem caindo de forma significativa. Para a coordenadora de Pesquisas por Amostra de Domic\u00edlios do IBGE, Adriana Beringuy, o motivo da retra\u00e7\u00e3o no trimestre encerrado em novembro \u00e9 o aumento de 0,7% na ocupa\u00e7\u00e3o no per\u00edodo, que mais uma vez chegou ao maior n\u00edvel da s\u00e9rie hist\u00f3rica da pesquisa, iniciada em 2012. O percentual equivale a um acr\u00e9scimo de 680 mil pessoas no mercado de trabalho.<\/p>\n<blockquote><p>\u201cEmbora o aumento da popula\u00e7\u00e3o ocupada venha ocorrendo em um ritmo menor do que o verificado nos trimestres anteriores, ele \u00e9 significativo e contribui para a queda na desocupa\u00e7\u00e3o\u201d<\/p><\/blockquote>\n<p>Ainda segundo a coordenadora, as quedas sucessivas na taxa de desocupa\u00e7\u00e3o foram tamb\u00e9m um reflexo do aumento no n\u00famero de ocupados, durante a recupera\u00e7\u00e3o do mercado de trabalho que foi verificada desde 2021. \u201cA partir desse momento, houve essa expans\u00e3o da popula\u00e7\u00e3o ocupada, primeiramente dos trabalhadores informais e, depois, do emprego com carteira assinada nos mais diversos grupamentos de atividades, como com\u00e9rcio e ind\u00fastria. Mais recentemente, tamb\u00e9m houve aumento nos servi\u00e7os, que exercem um papel importante na recupera\u00e7\u00e3o da popula\u00e7\u00e3o ocupada no pa\u00eds\u201d.<\/p>\n<p><em>*Com informa\u00e7\u00f5es da Ag\u00eanciaBrasil<\/em><\/p>\n<p><strong>Leia mais<\/strong><\/p>\n<p><a href=\"https:\/\/redenoticiaz.com.br\/blog\/2023\/01\/12\/ibge-lanca-o-disque-censo-para-agendamento-de-entrevista-em-cajamar\">IBGE lan\u00e7a o \u201cDisque Censo\u201d para agendamento de entrevista em Cajamar<\/a><\/p>\n","protected":false},"excerpt":{"rendered":"<p>A taxa de desocupa\u00e7\u00e3o ficou em 8,1% no trimestre terminado em novembro. O percentual representa recuo de 0,9 ponto percentual (p.p.) na compara\u00e7\u00e3o com os tr\u00eas meses anteriores, quando atingiu 8,9%. \u00c9, ainda, o menor resultado desde o trimestre de fevereiro a abril de 2015. Com a queda para 8,7 milh\u00f5es, o n\u00famero de desempregados &hellip;<\/p>\n","protected":false},"author":12,"featured_media":98883,"comment_status":"open","ping_status":"closed","sticky":false,"template":"","format":"standard","meta":{"footnotes":""},"categories":[18753],"tags":[70,2990,24008,17590,4801],"class_list":["post-98882","post","type-post","status-publish","format-standard","has-post-thumbnail","hentry","category-cidadania","tag-brasil","tag-dados","tag-desocupacao","tag-ibge","tag-pesquisa"],"yoast_head":"<!-- This site is optimized with the Yoast SEO plugin v27.4 - https:\/\/yoast.com\/product\/yoast-seo-wordpress\/ -->\n<title>IBGE: desemprego recua para 8,1% no trimestre encerrado em novembro - Ribeir\u00e3o Preto e Regi\u00e3o<\/title>\n<meta name=\"description\" content=\"A taxa de desocupa\u00e7\u00e3o ficou em 8,1% no trimestre terminado em novembro. O percentual representa recuo de 0,9 ponto percentual (p.p.) na compara\u00e7\u00e3o com os tr\u00eas meses anteriores, quando atingiu 8,9%.\" \/>\n<meta name=\"robots\" content=\"index, follow, max-snippet:-1, max-image-preview:large, max-video-preview:-1\" \/>\n<link rel=\"canonical\" href=\"https:\/\/redenoticiaz.com.br\/ribeiraopreto-regiao\/sp\/2023\/01\/19\/ibge-desemprego-recua-para-81-no-trimestre-encerrado-em-novembro\" \/>\n<meta property=\"og:locale\" content=\"pt_BR\" \/>\n<meta property=\"og:type\" content=\"article\" \/>\n<meta property=\"og:title\" content=\"IBGE: desemprego recua para 8,1% no trimestre encerrado em novembro - Ribeir\u00e3o Preto e Regi\u00e3o\" \/>\n<meta property=\"og:description\" content=\"A taxa de desocupa\u00e7\u00e3o ficou em 8,1% no trimestre terminado em novembro. O percentual representa recuo de 0,9 ponto percentual (p.p.) na compara\u00e7\u00e3o com os tr\u00eas meses anteriores, quando atingiu 8,9%.\" \/>\n<meta property=\"og:url\" content=\"https:\/\/redenoticiaz.com.br\/ribeiraopreto-regiao\/sp\/2023\/01\/19\/ibge-desemprego-recua-para-81-no-trimestre-encerrado-em-novembro\" \/>\n<meta property=\"og:site_name\" content=\"Ribeir\u00e3o Preto e Regi\u00e3o\" \/>\n<meta property=\"article:publisher\" content=\"https:\/\/m.facebook.com\/redenoticiaz.barretos\" \/>\n<meta property=\"article:published_time\" content=\"2023-01-19T17:06:10+00:00\" \/>\n<meta property=\"article:modified_time\" content=\"2023-01-19T18:47:33+00:00\" \/>\n<meta property=\"og:image\" content=\"https:\/\/redenoticiaz.com.br\/ribeiraopreto-regiao\/wp-content\/uploads\/sites\/4\/2023\/01\/02_carteira_de_trabalho.jpg?v=1674147949\" \/>\n\t<meta property=\"og:image:width\" content=\"1170\" \/>\n\t<meta property=\"og:image:height\" content=\"700\" \/>\n\t<meta property=\"og:image:type\" content=\"image\/jpeg\" \/>\n<meta name=\"author\" content=\"Gustavo Silva\" \/>\n<meta name=\"twitter:card\" content=\"summary_large_image\" \/>\n<meta name=\"twitter:creator\" content=\"@RN_barretos\" \/>\n<meta name=\"twitter:site\" content=\"@RN_barretos\" \/>\n<meta name=\"twitter:label1\" content=\"Escrito por\" \/>\n\t<meta name=\"twitter:data1\" content=\"Gustavo Silva\" \/>\n\t<meta name=\"twitter:label2\" content=\"Est. tempo de leitura\" \/>\n\t<meta name=\"twitter:data2\" content=\"3 minutos\" \/>\n<script type=\"application\/ld+json\" class=\"yoast-schema-graph\">{\"@context\":\"https:\\\/\\\/schema.org\",\"@graph\":[{\"@type\":\"Article\",\"@id\":\"https:\\\/\\\/redenoticiaz.com.br\\\/ribeiraopreto-regiao\\\/sp\\\/2023\\\/01\\\/19\\\/ibge-desemprego-recua-para-81-no-trimestre-encerrado-em-novembro#article\",\"isPartOf\":{\"@id\":\"https:\\\/\\\/redenoticiaz.com.br\\\/ribeiraopreto-regiao\\\/sp\\\/2023\\\/01\\\/19\\\/ibge-desemprego-recua-para-81-no-trimestre-encerrado-em-novembro\"},\"author\":{\"name\":\"Gustavo Silva\",\"@id\":\"https:\\\/\\\/redenoticiaz.com.br\\\/ribeiraopreto-regiao\\\/#\\\/schema\\\/person\\\/16057b37a3c0ee6b096d7f887c566e2e\"},\"headline\":\"IBGE: desemprego recua para 8,1% no trimestre encerrado em novembro\",\"datePublished\":\"2023-01-19T17:06:10+00:00\",\"dateModified\":\"2023-01-19T18:47:33+00:00\",\"mainEntityOfPage\":{\"@id\":\"https:\\\/\\\/redenoticiaz.com.br\\\/ribeiraopreto-regiao\\\/sp\\\/2023\\\/01\\\/19\\\/ibge-desemprego-recua-para-81-no-trimestre-encerrado-em-novembro\"},\"wordCount\":350,\"commentCount\":0,\"publisher\":{\"@id\":\"https:\\\/\\\/redenoticiaz.com.br\\\/ribeiraopreto-regiao\\\/#organization\"},\"image\":{\"@id\":\"https:\\\/\\\/redenoticiaz.com.br\\\/ribeiraopreto-regiao\\\/sp\\\/2023\\\/01\\\/19\\\/ibge-desemprego-recua-para-81-no-trimestre-encerrado-em-novembro#primaryimage\"},\"thumbnailUrl\":\"https:\\\/\\\/redenoticiaz.com.br\\\/ribeiraopreto-regiao\\\/wp-content\\\/uploads\\\/sites\\\/4\\\/2023\\\/01\\\/02_carteira_de_trabalho.jpg?v=1674147949\",\"keywords\":[\"Brasil\",\"DADOS\",\"DESOCUPA\u00c7\u00c3O\",\"IBGE\",\"pesquisa\"],\"articleSection\":[\"Cidadania\"],\"inLanguage\":\"pt-BR\",\"potentialAction\":[{\"@type\":\"CommentAction\",\"name\":\"Comment\",\"target\":[\"https:\\\/\\\/redenoticiaz.com.br\\\/ribeiraopreto-regiao\\\/sp\\\/2023\\\/01\\\/19\\\/ibge-desemprego-recua-para-81-no-trimestre-encerrado-em-novembro#respond\"]}]},{\"@type\":\"WebPage\",\"@id\":\"https:\\\/\\\/redenoticiaz.com.br\\\/ribeiraopreto-regiao\\\/sp\\\/2023\\\/01\\\/19\\\/ibge-desemprego-recua-para-81-no-trimestre-encerrado-em-novembro\",\"url\":\"https:\\\/\\\/redenoticiaz.com.br\\\/ribeiraopreto-regiao\\\/sp\\\/2023\\\/01\\\/19\\\/ibge-desemprego-recua-para-81-no-trimestre-encerrado-em-novembro\",\"name\":\"IBGE: desemprego recua para 8,1% no trimestre encerrado em novembro - Ribeir\u00e3o Preto e Regi\u00e3o\",\"isPartOf\":{\"@id\":\"https:\\\/\\\/redenoticiaz.com.br\\\/ribeiraopreto-regiao\\\/#website\"},\"primaryImageOfPage\":{\"@id\":\"https:\\\/\\\/redenoticiaz.com.br\\\/ribeiraopreto-regiao\\\/sp\\\/2023\\\/01\\\/19\\\/ibge-desemprego-recua-para-81-no-trimestre-encerrado-em-novembro#primaryimage\"},\"image\":{\"@id\":\"https:\\\/\\\/redenoticiaz.com.br\\\/ribeiraopreto-regiao\\\/sp\\\/2023\\\/01\\\/19\\\/ibge-desemprego-recua-para-81-no-trimestre-encerrado-em-novembro#primaryimage\"},\"thumbnailUrl\":\"https:\\\/\\\/redenoticiaz.com.br\\\/ribeiraopreto-regiao\\\/wp-content\\\/uploads\\\/sites\\\/4\\\/2023\\\/01\\\/02_carteira_de_trabalho.jpg?v=1674147949\",\"datePublished\":\"2023-01-19T17:06:10+00:00\",\"dateModified\":\"2023-01-19T18:47:33+00:00\",\"description\":\"A taxa de desocupa\u00e7\u00e3o ficou em 8,1% no trimestre terminado em novembro. O percentual representa recuo de 0,9 ponto percentual (p.p.) na compara\u00e7\u00e3o com os tr\u00eas meses anteriores, quando atingiu 8,9%.\",\"inLanguage\":\"pt-BR\",\"potentialAction\":[{\"@type\":\"ReadAction\",\"target\":[\"https:\\\/\\\/redenoticiaz.com.br\\\/ribeiraopreto-regiao\\\/sp\\\/2023\\\/01\\\/19\\\/ibge-desemprego-recua-para-81-no-trimestre-encerrado-em-novembro\"]}]},{\"@type\":\"ImageObject\",\"inLanguage\":\"pt-BR\",\"@id\":\"https:\\\/\\\/redenoticiaz.com.br\\\/ribeiraopreto-regiao\\\/sp\\\/2023\\\/01\\\/19\\\/ibge-desemprego-recua-para-81-no-trimestre-encerrado-em-novembro#primaryimage\",\"url\":\"https:\\\/\\\/redenoticiaz.com.br\\\/ribeiraopreto-regiao\\\/wp-content\\\/uploads\\\/sites\\\/4\\\/2023\\\/01\\\/02_carteira_de_trabalho.jpg?v=1674147949\",\"contentUrl\":\"https:\\\/\\\/redenoticiaz.com.br\\\/ribeiraopreto-regiao\\\/wp-content\\\/uploads\\\/sites\\\/4\\\/2023\\\/01\\\/02_carteira_de_trabalho.jpg?v=1674147949\",\"width\":1170,\"height\":700,\"caption\":\"Carteira de Trabalho e Previd\u00eancia Social (CTPS)\"},{\"@type\":\"WebSite\",\"@id\":\"https:\\\/\\\/redenoticiaz.com.br\\\/ribeiraopreto-regiao\\\/#website\",\"url\":\"https:\\\/\\\/redenoticiaz.com.br\\\/ribeiraopreto-regiao\\\/\",\"name\":\"Ribeir\u00e3o Preto e Regi\u00e3o\",\"description\":\"Rede NoticiaZ - Ribeir\u00e3o Preto e regi\u00e3o\",\"publisher\":{\"@id\":\"https:\\\/\\\/redenoticiaz.com.br\\\/ribeiraopreto-regiao\\\/#organization\"},\"potentialAction\":[{\"@type\":\"SearchAction\",\"target\":{\"@type\":\"EntryPoint\",\"urlTemplate\":\"https:\\\/\\\/redenoticiaz.com.br\\\/ribeiraopreto-regiao\\\/?s={search_term_string}\"},\"query-input\":{\"@type\":\"PropertyValueSpecification\",\"valueRequired\":true,\"valueName\":\"search_term_string\"}}],\"inLanguage\":\"pt-BR\"},{\"@type\":\"Organization\",\"@id\":\"https:\\\/\\\/redenoticiaz.com.br\\\/ribeiraopreto-regiao\\\/#organization\",\"name\":\"Ribeir\u00e3o Preto e Regi\u00e3o\",\"url\":\"https:\\\/\\\/redenoticiaz.com.br\\\/ribeiraopreto-regiao\\\/\",\"logo\":{\"@type\":\"ImageObject\",\"inLanguage\":\"pt-BR\",\"@id\":\"https:\\\/\\\/redenoticiaz.com.br\\\/ribeiraopreto-regiao\\\/#\\\/schema\\\/logo\\\/image\\\/\",\"url\":\"https:\\\/\\\/redenoticiaz.com.br\\\/barretos-regiao\\\/wp-content\\\/uploads\\\/sites\\\/4\\\/2022\\\/02\\\/logo.jpg\",\"contentUrl\":\"https:\\\/\\\/redenoticiaz.com.br\\\/barretos-regiao\\\/wp-content\\\/uploads\\\/sites\\\/4\\\/2022\\\/02\\\/logo.jpg\",\"width\":400,\"height\":250,\"caption\":\"Ribeir\u00e3o Preto e Regi\u00e3o\"},\"image\":{\"@id\":\"https:\\\/\\\/redenoticiaz.com.br\\\/ribeiraopreto-regiao\\\/#\\\/schema\\\/logo\\\/image\\\/\"},\"sameAs\":[\"https:\\\/\\\/m.facebook.com\\\/redenoticiaz.barretos\",\"https:\\\/\\\/x.com\\\/RN_barretos\",\"https:\\\/\\\/www.instagram.com\\\/redenoticiaz.barretos\\\/?igshid=YmMyMTA2M2Y\",\"https:\\\/\\\/www.linkedin.com\\\/company\\\/rede-noticiaz-barretos-e-regio\\\/\"]},{\"@type\":\"Person\",\"@id\":\"https:\\\/\\\/redenoticiaz.com.br\\\/ribeiraopreto-regiao\\\/#\\\/schema\\\/person\\\/16057b37a3c0ee6b096d7f887c566e2e\",\"name\":\"Gustavo Silva\",\"image\":{\"@type\":\"ImageObject\",\"inLanguage\":\"pt-BR\",\"@id\":\"https:\\\/\\\/secure.gravatar.com\\\/avatar\\\/3ee4e82f93b26de0a7cf4ea5eb7893da637ed6bb0c9170c58065944c56e28a33?s=96&d=mm&r=g\",\"url\":\"https:\\\/\\\/secure.gravatar.com\\\/avatar\\\/3ee4e82f93b26de0a7cf4ea5eb7893da637ed6bb0c9170c58065944c56e28a33?s=96&d=mm&r=g\",\"contentUrl\":\"https:\\\/\\\/secure.gravatar.com\\\/avatar\\\/3ee4e82f93b26de0a7cf4ea5eb7893da637ed6bb0c9170c58065944c56e28a33?s=96&d=mm&r=g\",\"caption\":\"Gustavo Silva\"},\"url\":\"https:\\\/\\\/redenoticiaz.com.br\\\/ribeiraopreto-regiao\\\/sp\\\/author\\\/gustavosilva\"}]}<\/script>\n<!-- \/ Yoast SEO plugin. -->","yoast_head_json":{"title":"IBGE: desemprego recua para 8,1% no trimestre encerrado em novembro - Ribeir\u00e3o Preto e Regi\u00e3o","description":"A taxa de desocupa\u00e7\u00e3o ficou em 8,1% no trimestre terminado em novembro. O percentual representa recuo de 0,9 ponto percentual (p.p.) na compara\u00e7\u00e3o com os tr\u00eas meses anteriores, quando atingiu 8,9%.","robots":{"index":"index","follow":"follow","max-snippet":"max-snippet:-1","max-image-preview":"max-image-preview:large","max-video-preview":"max-video-preview:-1"},"canonical":"https:\/\/redenoticiaz.com.br\/ribeiraopreto-regiao\/sp\/2023\/01\/19\/ibge-desemprego-recua-para-81-no-trimestre-encerrado-em-novembro","og_locale":"pt_BR","og_type":"article","og_title":"IBGE: desemprego recua para 8,1% no trimestre encerrado em novembro - Ribeir\u00e3o Preto e Regi\u00e3o","og_description":"A taxa de desocupa\u00e7\u00e3o ficou em 8,1% no trimestre terminado em novembro. O percentual representa recuo de 0,9 ponto percentual (p.p.) na compara\u00e7\u00e3o com os tr\u00eas meses anteriores, quando atingiu 8,9%.","og_url":"https:\/\/redenoticiaz.com.br\/ribeiraopreto-regiao\/sp\/2023\/01\/19\/ibge-desemprego-recua-para-81-no-trimestre-encerrado-em-novembro","og_site_name":"Ribeir\u00e3o Preto e Regi\u00e3o","article_publisher":"https:\/\/m.facebook.com\/redenoticiaz.barretos","article_published_time":"2023-01-19T17:06:10+00:00","article_modified_time":"2023-01-19T18:47:33+00:00","og_image":[{"width":1170,"height":700,"url":"https:\/\/redenoticiaz.com.br\/ribeiraopreto-regiao\/wp-content\/uploads\/sites\/4\/2023\/01\/02_carteira_de_trabalho.jpg?v=1674147949","type":"image\/jpeg"}],"author":"Gustavo Silva","twitter_card":"summary_large_image","twitter_creator":"@RN_barretos","twitter_site":"@RN_barretos","twitter_misc":{"Escrito por":"Gustavo Silva","Est. tempo de leitura":"3 minutos"},"schema":{"@context":"https:\/\/schema.org","@graph":[{"@type":"Article","@id":"https:\/\/redenoticiaz.com.br\/ribeiraopreto-regiao\/sp\/2023\/01\/19\/ibge-desemprego-recua-para-81-no-trimestre-encerrado-em-novembro#article","isPartOf":{"@id":"https:\/\/redenoticiaz.com.br\/ribeiraopreto-regiao\/sp\/2023\/01\/19\/ibge-desemprego-recua-para-81-no-trimestre-encerrado-em-novembro"},"author":{"name":"Gustavo Silva","@id":"https:\/\/redenoticiaz.com.br\/ribeiraopreto-regiao\/#\/schema\/person\/16057b37a3c0ee6b096d7f887c566e2e"},"headline":"IBGE: desemprego recua para 8,1% no trimestre encerrado em novembro","datePublished":"2023-01-19T17:06:10+00:00","dateModified":"2023-01-19T18:47:33+00:00","mainEntityOfPage":{"@id":"https:\/\/redenoticiaz.com.br\/ribeiraopreto-regiao\/sp\/2023\/01\/19\/ibge-desemprego-recua-para-81-no-trimestre-encerrado-em-novembro"},"wordCount":350,"commentCount":0,"publisher":{"@id":"https:\/\/redenoticiaz.com.br\/ribeiraopreto-regiao\/#organization"},"image":{"@id":"https:\/\/redenoticiaz.com.br\/ribeiraopreto-regiao\/sp\/2023\/01\/19\/ibge-desemprego-recua-para-81-no-trimestre-encerrado-em-novembro#primaryimage"},"thumbnailUrl":"https:\/\/redenoticiaz.com.br\/ribeiraopreto-regiao\/wp-content\/uploads\/sites\/4\/2023\/01\/02_carteira_de_trabalho.jpg?v=1674147949","keywords":["Brasil","DADOS","DESOCUPA\u00c7\u00c3O","IBGE","pesquisa"],"articleSection":["Cidadania"],"inLanguage":"pt-BR","potentialAction":[{"@type":"CommentAction","name":"Comment","target":["https:\/\/redenoticiaz.com.br\/ribeiraopreto-regiao\/sp\/2023\/01\/19\/ibge-desemprego-recua-para-81-no-trimestre-encerrado-em-novembro#respond"]}]},{"@type":"WebPage","@id":"https:\/\/redenoticiaz.com.br\/ribeiraopreto-regiao\/sp\/2023\/01\/19\/ibge-desemprego-recua-para-81-no-trimestre-encerrado-em-novembro","url":"https:\/\/redenoticiaz.com.br\/ribeiraopreto-regiao\/sp\/2023\/01\/19\/ibge-desemprego-recua-para-81-no-trimestre-encerrado-em-novembro","name":"IBGE: desemprego recua para 8,1% no trimestre encerrado em novembro - Ribeir\u00e3o Preto e Regi\u00e3o","isPartOf":{"@id":"https:\/\/redenoticiaz.com.br\/ribeiraopreto-regiao\/#website"},"primaryImageOfPage":{"@id":"https:\/\/redenoticiaz.com.br\/ribeiraopreto-regiao\/sp\/2023\/01\/19\/ibge-desemprego-recua-para-81-no-trimestre-encerrado-em-novembro#primaryimage"},"image":{"@id":"https:\/\/redenoticiaz.com.br\/ribeiraopreto-regiao\/sp\/2023\/01\/19\/ibge-desemprego-recua-para-81-no-trimestre-encerrado-em-novembro#primaryimage"},"thumbnailUrl":"https:\/\/redenoticiaz.com.br\/ribeiraopreto-regiao\/wp-content\/uploads\/sites\/4\/2023\/01\/02_carteira_de_trabalho.jpg?v=1674147949","datePublished":"2023-01-19T17:06:10+00:00","dateModified":"2023-01-19T18:47:33+00:00","description":"A taxa de desocupa\u00e7\u00e3o ficou em 8,1% no trimestre terminado em novembro. O percentual representa recuo de 0,9 ponto percentual (p.p.) na compara\u00e7\u00e3o com os tr\u00eas meses anteriores, quando atingiu 8,9%.","inLanguage":"pt-BR","potentialAction":[{"@type":"ReadAction","target":["https:\/\/redenoticiaz.com.br\/ribeiraopreto-regiao\/sp\/2023\/01\/19\/ibge-desemprego-recua-para-81-no-trimestre-encerrado-em-novembro"]}]},{"@type":"ImageObject","inLanguage":"pt-BR","@id":"https:\/\/redenoticiaz.com.br\/ribeiraopreto-regiao\/sp\/2023\/01\/19\/ibge-desemprego-recua-para-81-no-trimestre-encerrado-em-novembro#primaryimage","url":"https:\/\/redenoticiaz.com.br\/ribeiraopreto-regiao\/wp-content\/uploads\/sites\/4\/2023\/01\/02_carteira_de_trabalho.jpg?v=1674147949","contentUrl":"https:\/\/redenoticiaz.com.br\/ribeiraopreto-regiao\/wp-content\/uploads\/sites\/4\/2023\/01\/02_carteira_de_trabalho.jpg?v=1674147949","width":1170,"height":700,"caption":"Carteira de Trabalho e Previd\u00eancia Social (CTPS)"},{"@type":"WebSite","@id":"https:\/\/redenoticiaz.com.br\/ribeiraopreto-regiao\/#website","url":"https:\/\/redenoticiaz.com.br\/ribeiraopreto-regiao\/","name":"Ribeir\u00e3o Preto e Regi\u00e3o","description":"Rede NoticiaZ - Ribeir\u00e3o Preto e regi\u00e3o","publisher":{"@id":"https:\/\/redenoticiaz.com.br\/ribeiraopreto-regiao\/#organization"},"potentialAction":[{"@type":"SearchAction","target":{"@type":"EntryPoint","urlTemplate":"https:\/\/redenoticiaz.com.br\/ribeiraopreto-regiao\/?s={search_term_string}"},"query-input":{"@type":"PropertyValueSpecification","valueRequired":true,"valueName":"search_term_string"}}],"inLanguage":"pt-BR"},{"@type":"Organization","@id":"https:\/\/redenoticiaz.com.br\/ribeiraopreto-regiao\/#organization","name":"Ribeir\u00e3o Preto e Regi\u00e3o","url":"https:\/\/redenoticiaz.com.br\/ribeiraopreto-regiao\/","logo":{"@type":"ImageObject","inLanguage":"pt-BR","@id":"https:\/\/redenoticiaz.com.br\/ribeiraopreto-regiao\/#\/schema\/logo\/image\/","url":"https:\/\/redenoticiaz.com.br\/barretos-regiao\/wp-content\/uploads\/sites\/4\/2022\/02\/logo.jpg","contentUrl":"https:\/\/redenoticiaz.com.br\/barretos-regiao\/wp-content\/uploads\/sites\/4\/2022\/02\/logo.jpg","width":400,"height":250,"caption":"Ribeir\u00e3o Preto e Regi\u00e3o"},"image":{"@id":"https:\/\/redenoticiaz.com.br\/ribeiraopreto-regiao\/#\/schema\/logo\/image\/"},"sameAs":["https:\/\/m.facebook.com\/redenoticiaz.barretos","https:\/\/x.com\/RN_barretos","https:\/\/www.instagram.com\/redenoticiaz.barretos\/?igshid=YmMyMTA2M2Y","https:\/\/www.linkedin.com\/company\/rede-noticiaz-barretos-e-regio\/"]},{"@type":"Person","@id":"https:\/\/redenoticiaz.com.br\/ribeiraopreto-regiao\/#\/schema\/person\/16057b37a3c0ee6b096d7f887c566e2e","name":"Gustavo Silva","image":{"@type":"ImageObject","inLanguage":"pt-BR","@id":"https:\/\/secure.gravatar.com\/avatar\/3ee4e82f93b26de0a7cf4ea5eb7893da637ed6bb0c9170c58065944c56e28a33?s=96&d=mm&r=g","url":"https:\/\/secure.gravatar.com\/avatar\/3ee4e82f93b26de0a7cf4ea5eb7893da637ed6bb0c9170c58065944c56e28a33?s=96&d=mm&r=g","contentUrl":"https:\/\/secure.gravatar.com\/avatar\/3ee4e82f93b26de0a7cf4ea5eb7893da637ed6bb0c9170c58065944c56e28a33?s=96&d=mm&r=g","caption":"Gustavo Silva"},"url":"https:\/\/redenoticiaz.com.br\/ribeiraopreto-regiao\/sp\/author\/gustavosilva"}]}},"_links":{"self":[{"href":"https:\/\/redenoticiaz.com.br\/ribeiraopreto-regiao\/wp-json\/wp\/v2\/posts\/98882","targetHints":{"allow":["GET"]}}],"collection":[{"href":"https:\/\/redenoticiaz.com.br\/ribeiraopreto-regiao\/wp-json\/wp\/v2\/posts"}],"about":[{"href":"https:\/\/redenoticiaz.com.br\/ribeiraopreto-regiao\/wp-json\/wp\/v2\/types\/post"}],"author":[{"embeddable":true,"href":"https:\/\/redenoticiaz.com.br\/ribeiraopreto-regiao\/wp-json\/wp\/v2\/users\/12"}],"replies":[{"embeddable":true,"href":"https:\/\/redenoticiaz.com.br\/ribeiraopreto-regiao\/wp-json\/wp\/v2\/comments?post=98882"}],"version-history":[{"count":0,"href":"https:\/\/redenoticiaz.com.br\/ribeiraopreto-regiao\/wp-json\/wp\/v2\/posts\/98882\/revisions"}],"wp:featuredmedia":[{"embeddable":true,"href":"https:\/\/redenoticiaz.com.br\/ribeiraopreto-regiao\/wp-json\/wp\/v2\/media\/98883"}],"wp:attachment":[{"href":"https:\/\/redenoticiaz.com.br\/ribeiraopreto-regiao\/wp-json\/wp\/v2\/media?parent=98882"}],"wp:term":[{"taxonomy":"category","embeddable":true,"href":"https:\/\/redenoticiaz.com.br\/ribeiraopreto-regiao\/wp-json\/wp\/v2\/categories?post=98882"},{"taxonomy":"post_tag","embeddable":true,"href":"https:\/\/redenoticiaz.com.br\/ribeiraopreto-regiao\/wp-json\/wp\/v2\/tags?post=98882"}],"curies":[{"name":"wp","href":"https:\/\/api.w.org\/{rel}","templated":true}]}}