{"id":99018,"date":"2023-01-22T09:25:14","date_gmt":"2023-01-22T12:25:14","guid":{"rendered":"https:\/\/redenoticiaz.com.br\/barretos-regiao\/?p=99018"},"modified":"2023-01-22T09:25:14","modified_gmt":"2023-01-22T12:25:14","slug":"simaria-aparece-sem-maquiagem-em-video-e-rebate-criticas-sobre-fotos-de-biquini","status":"publish","type":"post","link":"https:\/\/redenoticiaz.com.br\/ribeiraopreto-regiao\/sp\/2023\/01\/22\/simaria-aparece-sem-maquiagem-em-video-e-rebate-criticas-sobre-fotos-de-biquini","title":{"rendered":"Simaria aparece sem maquiagem em v\u00eddeo e rebate cr\u00edticas sobre fotos de biqu\u00edni"},"content":{"rendered":"<p>A cantora\u00a0<strong>Simaria Mendes<\/strong> mostrou que est\u00e1 em boa forma no auge dos seus 40 anos. No entanto, virou alvo de ataques e cr\u00edticas por postar fotos sensuais de biqu\u00edni, com mensagens negativas vindo principalmente de mulheres em seu perfil do <strong>Instagram.<\/strong><\/p>\n<p>No v\u00eddeo, postado em suas redes, neste s\u00e1bado (21) de forma natural, sem maquiagem, a sertaneja conta que n\u00e3o \u00e9 de hoje que recebe cr\u00edticas de algumas mulheres quando posta fotos de biqu\u00edni ou cliques mais sensuais.<\/p>\n<p>&nbsp;<\/p>\n<p><img loading=\"lazy\" decoding=\"async\" class=\"size-medium wp-image-99019 alignleft\" src=\"https:\/\/redenoticiaz.com.br\/barretos-regiao\/wp-content\/uploads\/sites\/4\/2023\/01\/Simaria-rebate-criticas-sobre-fotos-de-biquini-300x157.png\" alt=\"\" width=\"300\" height=\"157\" srcset=\"https:\/\/redenoticiaz.com.br\/ribeiraopreto-regiao\/wp-content\/uploads\/sites\/4\/2023\/01\/Simaria-rebate-criticas-sobre-fotos-de-biquini-300x157.png 300w, https:\/\/redenoticiaz.com.br\/ribeiraopreto-regiao\/wp-content\/uploads\/sites\/4\/2023\/01\/Simaria-rebate-criticas-sobre-fotos-de-biquini-1024x536.png 1024w, https:\/\/redenoticiaz.com.br\/ribeiraopreto-regiao\/wp-content\/uploads\/sites\/4\/2023\/01\/Simaria-rebate-criticas-sobre-fotos-de-biquini-768x402.png 768w, https:\/\/redenoticiaz.com.br\/ribeiraopreto-regiao\/wp-content\/uploads\/sites\/4\/2023\/01\/Simaria-rebate-criticas-sobre-fotos-de-biquini.png 1200w\" sizes=\"auto, (max-width: 300px) 100vw, 300px\" \/>&#8220;Antigamente, quando eu ainda estava com a dupla, eu postava minhas fotos de biqu\u00edni, empoderada, porque todo mundo sabe que eu adoro um decote. E \u00e9 impressionante que algumas mulheres v\u00eam se incomodando de uma forma t\u00e3o pesada com o meu corpo, que est\u00e1 ficando chato&#8221;, come\u00e7ou a cantora.<\/p>\n<p>&#8220;Eu acho que voc\u00eas t\u00eam que ter mais empatia pelo outro. Porque voc\u00eas n\u00e3o me conhecem pessoalmente. E todas \u00e0s vezes que as pessoas me encontram na rua, elas quebram a cara em um n\u00edvel t\u00e3o violento, porque veem o quanto eu sou generosa, o quanto sou gentil, que eu tiro foto e escuto meus f\u00e3s&#8221;, repercuti Simaria.<\/p>\n<p>VEJA TAMB\u00c9M:\u00a0<a href=\"https:\/\/redenoticiaz.com.br\/barretos-regiao\/sp\/2023\/01\/21\/bbb-23-aline-e-bruno-sao-os-anjos-da-semana-e-tem-poder-especial\">BBB 23: Aline e Bruno s\u00e3o os anjos da semana e tem poder especial<\/a><\/p>\n<p>&nbsp;<\/p>\n<p>&nbsp;<\/p>\n","protected":false},"excerpt":{"rendered":"<p>A cantora\u00a0Simaria Mendes mostrou que est\u00e1 em boa forma no auge dos seus 40 anos. No entanto, virou alvo de ataques e cr\u00edticas por postar fotos sensuais de biqu\u00edni, com mensagens negativas vindo principalmente de mulheres em seu perfil do Instagram. No v\u00eddeo, postado em suas redes, neste s\u00e1bado (21) de forma natural, sem maquiagem, &hellip;<\/p>\n","protected":false},"author":15,"featured_media":99021,"comment_status":"open","ping_status":"closed","sticky":false,"template":"","format":"standard","meta":{"footnotes":""},"categories":[22062],"tags":[24076,24077,24075,24074,17838],"class_list":["post-99018","post","type-post","status-publish","format-standard","has-post-thumbnail","hentry","category-celebridades","tag-criticas","tag-fotos-de-biquini","tag-rebate","tag-sem-maquiagem","tag-simaria"],"yoast_head":"<!-- This site is optimized with the Yoast SEO plugin v27.5 - https:\/\/yoast.com\/product\/yoast-seo-wordpress\/ -->\n<title>Simaria aparece sem maquiagem em v\u00eddeo e rebate cr\u00edticas sobre fotos de biqu\u00edni - Ribeir\u00e3o Preto e Regi\u00e3o<\/title>\n<meta name=\"description\" content=\"A cantora\u00a0Simaria, virou alvo de ataques e cr\u00edticas por postar fotos sensuais de biqu\u00edni, com mensagens negativas, principalmente de mulheres\" \/>\n<meta name=\"robots\" content=\"index, follow, max-snippet:-1, max-image-preview:large, max-video-preview:-1\" \/>\n<link rel=\"canonical\" href=\"https:\/\/redenoticiaz.com.br\/ribeiraopreto-regiao\/sp\/2023\/01\/22\/simaria-aparece-sem-maquiagem-em-video-e-rebate-criticas-sobre-fotos-de-biquini\" \/>\n<meta property=\"og:locale\" content=\"pt_BR\" \/>\n<meta property=\"og:type\" content=\"article\" \/>\n<meta property=\"og:title\" content=\"Simaria aparece sem maquiagem em v\u00eddeo e rebate cr\u00edticas sobre fotos de biqu\u00edni - Ribeir\u00e3o Preto e Regi\u00e3o\" \/>\n<meta property=\"og:description\" content=\"A cantora\u00a0Simaria, virou alvo de ataques e cr\u00edticas por postar fotos sensuais de biqu\u00edni, com mensagens negativas, principalmente de mulheres\" \/>\n<meta property=\"og:url\" content=\"https:\/\/redenoticiaz.com.br\/ribeiraopreto-regiao\/sp\/2023\/01\/22\/simaria-aparece-sem-maquiagem-em-video-e-rebate-criticas-sobre-fotos-de-biquini\" \/>\n<meta property=\"og:site_name\" content=\"Ribeir\u00e3o Preto e Regi\u00e3o\" \/>\n<meta property=\"article:publisher\" content=\"https:\/\/m.facebook.com\/redenoticiaz.barretos\" \/>\n<meta property=\"article:published_time\" content=\"2023-01-22T12:25:14+00:00\" \/>\n<meta property=\"og:image\" content=\"https:\/\/redenoticiaz.com.br\/ribeiraopreto-regiao\/wp-content\/uploads\/sites\/4\/2023\/01\/Simaria-surpreende-ao-surgir-sem-maquiagem-em-video-e-rebate-criticas-sobre-fotos-de-biquini.png\" \/>\n\t<meta property=\"og:image:width\" content=\"1200\" \/>\n\t<meta property=\"og:image:height\" content=\"628\" \/>\n\t<meta property=\"og:image:type\" content=\"image\/png\" \/>\n<meta name=\"twitter:card\" content=\"summary_large_image\" \/>\n<meta name=\"twitter:creator\" content=\"@RN_barretos\" \/>\n<meta name=\"twitter:site\" content=\"@RN_barretos\" \/>\n<meta name=\"twitter:label1\" content=\"Escrito por\" \/>\n\t<meta name=\"twitter:data1\" content=\"\" \/>\n\t<meta name=\"twitter:label2\" content=\"Est. tempo de leitura\" \/>\n\t<meta name=\"twitter:data2\" content=\"2 minutos\" \/>\n<script type=\"application\/ld+json\" class=\"yoast-schema-graph\">{\"@context\":\"https:\\\/\\\/schema.org\",\"@graph\":[{\"@type\":\"Article\",\"@id\":\"https:\\\/\\\/redenoticiaz.com.br\\\/ribeiraopreto-regiao\\\/sp\\\/2023\\\/01\\\/22\\\/simaria-aparece-sem-maquiagem-em-video-e-rebate-criticas-sobre-fotos-de-biquini#article\",\"isPartOf\":{\"@id\":\"https:\\\/\\\/redenoticiaz.com.br\\\/ribeiraopreto-regiao\\\/sp\\\/2023\\\/01\\\/22\\\/simaria-aparece-sem-maquiagem-em-video-e-rebate-criticas-sobre-fotos-de-biquini\"},\"author\":{\"name\":\"\",\"@id\":\"\"},\"headline\":\"Simaria aparece sem maquiagem em v\u00eddeo e rebate cr\u00edticas sobre fotos de biqu\u00edni\",\"datePublished\":\"2023-01-22T12:25:14+00:00\",\"mainEntityOfPage\":{\"@id\":\"https:\\\/\\\/redenoticiaz.com.br\\\/ribeiraopreto-regiao\\\/sp\\\/2023\\\/01\\\/22\\\/simaria-aparece-sem-maquiagem-em-video-e-rebate-criticas-sobre-fotos-de-biquini\"},\"wordCount\":236,\"commentCount\":0,\"publisher\":{\"@id\":\"https:\\\/\\\/redenoticiaz.com.br\\\/ribeiraopreto-regiao\\\/#organization\"},\"image\":{\"@id\":\"https:\\\/\\\/redenoticiaz.com.br\\\/ribeiraopreto-regiao\\\/sp\\\/2023\\\/01\\\/22\\\/simaria-aparece-sem-maquiagem-em-video-e-rebate-criticas-sobre-fotos-de-biquini#primaryimage\"},\"thumbnailUrl\":\"https:\\\/\\\/redenoticiaz.com.br\\\/ribeiraopreto-regiao\\\/wp-content\\\/uploads\\\/sites\\\/4\\\/2023\\\/01\\\/Simaria-surpreende-ao-surgir-sem-maquiagem-em-video-e-rebate-criticas-sobre-fotos-de-biquini.png\",\"keywords\":[\"CR\u00cdTICAS\",\"FOTOS DE BIQUINI\",\"REBATE\",\"SEM MAQUIAGEM\",\"SIMARIA\"],\"articleSection\":[\"Celebridades\"],\"inLanguage\":\"pt-BR\",\"potentialAction\":[{\"@type\":\"CommentAction\",\"name\":\"Comment\",\"target\":[\"https:\\\/\\\/redenoticiaz.com.br\\\/ribeiraopreto-regiao\\\/sp\\\/2023\\\/01\\\/22\\\/simaria-aparece-sem-maquiagem-em-video-e-rebate-criticas-sobre-fotos-de-biquini#respond\"]}]},{\"@type\":\"WebPage\",\"@id\":\"https:\\\/\\\/redenoticiaz.com.br\\\/ribeiraopreto-regiao\\\/sp\\\/2023\\\/01\\\/22\\\/simaria-aparece-sem-maquiagem-em-video-e-rebate-criticas-sobre-fotos-de-biquini\",\"url\":\"https:\\\/\\\/redenoticiaz.com.br\\\/ribeiraopreto-regiao\\\/sp\\\/2023\\\/01\\\/22\\\/simaria-aparece-sem-maquiagem-em-video-e-rebate-criticas-sobre-fotos-de-biquini\",\"name\":\"Simaria aparece sem maquiagem em v\u00eddeo e rebate cr\u00edticas sobre fotos de biqu\u00edni - Ribeir\u00e3o Preto e Regi\u00e3o\",\"isPartOf\":{\"@id\":\"https:\\\/\\\/redenoticiaz.com.br\\\/ribeiraopreto-regiao\\\/#website\"},\"primaryImageOfPage\":{\"@id\":\"https:\\\/\\\/redenoticiaz.com.br\\\/ribeiraopreto-regiao\\\/sp\\\/2023\\\/01\\\/22\\\/simaria-aparece-sem-maquiagem-em-video-e-rebate-criticas-sobre-fotos-de-biquini#primaryimage\"},\"image\":{\"@id\":\"https:\\\/\\\/redenoticiaz.com.br\\\/ribeiraopreto-regiao\\\/sp\\\/2023\\\/01\\\/22\\\/simaria-aparece-sem-maquiagem-em-video-e-rebate-criticas-sobre-fotos-de-biquini#primaryimage\"},\"thumbnailUrl\":\"https:\\\/\\\/redenoticiaz.com.br\\\/ribeiraopreto-regiao\\\/wp-content\\\/uploads\\\/sites\\\/4\\\/2023\\\/01\\\/Simaria-surpreende-ao-surgir-sem-maquiagem-em-video-e-rebate-criticas-sobre-fotos-de-biquini.png\",\"datePublished\":\"2023-01-22T12:25:14+00:00\",\"description\":\"A cantora\u00a0Simaria, virou alvo de ataques e cr\u00edticas por postar fotos sensuais de biqu\u00edni, com mensagens negativas, principalmente de mulheres\",\"inLanguage\":\"pt-BR\",\"potentialAction\":[{\"@type\":\"ReadAction\",\"target\":[\"https:\\\/\\\/redenoticiaz.com.br\\\/ribeiraopreto-regiao\\\/sp\\\/2023\\\/01\\\/22\\\/simaria-aparece-sem-maquiagem-em-video-e-rebate-criticas-sobre-fotos-de-biquini\"]}]},{\"@type\":\"ImageObject\",\"inLanguage\":\"pt-BR\",\"@id\":\"https:\\\/\\\/redenoticiaz.com.br\\\/ribeiraopreto-regiao\\\/sp\\\/2023\\\/01\\\/22\\\/simaria-aparece-sem-maquiagem-em-video-e-rebate-criticas-sobre-fotos-de-biquini#primaryimage\",\"url\":\"https:\\\/\\\/redenoticiaz.com.br\\\/ribeiraopreto-regiao\\\/wp-content\\\/uploads\\\/sites\\\/4\\\/2023\\\/01\\\/Simaria-surpreende-ao-surgir-sem-maquiagem-em-video-e-rebate-criticas-sobre-fotos-de-biquini.png\",\"contentUrl\":\"https:\\\/\\\/redenoticiaz.com.br\\\/ribeiraopreto-regiao\\\/wp-content\\\/uploads\\\/sites\\\/4\\\/2023\\\/01\\\/Simaria-surpreende-ao-surgir-sem-maquiagem-em-video-e-rebate-criticas-sobre-fotos-de-biquini.png\",\"width\":1200,\"height\":628,\"caption\":\"Cr\u00e9dito: Reprodu\u00e7\u00e3o\"},{\"@type\":\"WebSite\",\"@id\":\"https:\\\/\\\/redenoticiaz.com.br\\\/ribeiraopreto-regiao\\\/#website\",\"url\":\"https:\\\/\\\/redenoticiaz.com.br\\\/ribeiraopreto-regiao\\\/\",\"name\":\"Ribeir\u00e3o Preto e Regi\u00e3o\",\"description\":\"Rede NoticiaZ - Ribeir\u00e3o Preto e regi\u00e3o\",\"publisher\":{\"@id\":\"https:\\\/\\\/redenoticiaz.com.br\\\/ribeiraopreto-regiao\\\/#organization\"},\"potentialAction\":[{\"@type\":\"SearchAction\",\"target\":{\"@type\":\"EntryPoint\",\"urlTemplate\":\"https:\\\/\\\/redenoticiaz.com.br\\\/ribeiraopreto-regiao\\\/?s={search_term_string}\"},\"query-input\":{\"@type\":\"PropertyValueSpecification\",\"valueRequired\":true,\"valueName\":\"search_term_string\"}}],\"inLanguage\":\"pt-BR\"},{\"@type\":\"Organization\",\"@id\":\"https:\\\/\\\/redenoticiaz.com.br\\\/ribeiraopreto-regiao\\\/#organization\",\"name\":\"Ribeir\u00e3o Preto e Regi\u00e3o\",\"url\":\"https:\\\/\\\/redenoticiaz.com.br\\\/ribeiraopreto-regiao\\\/\",\"logo\":{\"@type\":\"ImageObject\",\"inLanguage\":\"pt-BR\",\"@id\":\"https:\\\/\\\/redenoticiaz.com.br\\\/ribeiraopreto-regiao\\\/#\\\/schema\\\/logo\\\/image\\\/\",\"url\":\"https:\\\/\\\/redenoticiaz.com.br\\\/barretos-regiao\\\/wp-content\\\/uploads\\\/sites\\\/4\\\/2022\\\/02\\\/logo.jpg\",\"contentUrl\":\"https:\\\/\\\/redenoticiaz.com.br\\\/barretos-regiao\\\/wp-content\\\/uploads\\\/sites\\\/4\\\/2022\\\/02\\\/logo.jpg\",\"width\":400,\"height\":250,\"caption\":\"Ribeir\u00e3o Preto e Regi\u00e3o\"},\"image\":{\"@id\":\"https:\\\/\\\/redenoticiaz.com.br\\\/ribeiraopreto-regiao\\\/#\\\/schema\\\/logo\\\/image\\\/\"},\"sameAs\":[\"https:\\\/\\\/m.facebook.com\\\/redenoticiaz.barretos\",\"https:\\\/\\\/x.com\\\/RN_barretos\",\"https:\\\/\\\/www.instagram.com\\\/redenoticiaz.barretos\\\/?igshid=YmMyMTA2M2Y\",\"https:\\\/\\\/www.linkedin.com\\\/company\\\/rede-noticiaz-barretos-e-regio\\\/\"]},{\"@type\":\"Person\",\"@id\":\"\",\"url\":\"https:\\\/\\\/redenoticiaz.com.br\\\/ribeiraopreto-regiao\\\/sp\\\/author\"}]}<\/script>\n<!-- \/ Yoast SEO plugin. -->","yoast_head_json":{"title":"Simaria aparece sem maquiagem em v\u00eddeo e rebate cr\u00edticas sobre fotos de biqu\u00edni - Ribeir\u00e3o Preto e Regi\u00e3o","description":"A cantora\u00a0Simaria, virou alvo de ataques e cr\u00edticas por postar fotos sensuais de biqu\u00edni, com mensagens negativas, principalmente de mulheres","robots":{"index":"index","follow":"follow","max-snippet":"max-snippet:-1","max-image-preview":"max-image-preview:large","max-video-preview":"max-video-preview:-1"},"canonical":"https:\/\/redenoticiaz.com.br\/ribeiraopreto-regiao\/sp\/2023\/01\/22\/simaria-aparece-sem-maquiagem-em-video-e-rebate-criticas-sobre-fotos-de-biquini","og_locale":"pt_BR","og_type":"article","og_title":"Simaria aparece sem maquiagem em v\u00eddeo e rebate cr\u00edticas sobre fotos de biqu\u00edni - Ribeir\u00e3o Preto e Regi\u00e3o","og_description":"A cantora\u00a0Simaria, virou alvo de ataques e cr\u00edticas por postar fotos sensuais de biqu\u00edni, com mensagens negativas, principalmente de mulheres","og_url":"https:\/\/redenoticiaz.com.br\/ribeiraopreto-regiao\/sp\/2023\/01\/22\/simaria-aparece-sem-maquiagem-em-video-e-rebate-criticas-sobre-fotos-de-biquini","og_site_name":"Ribeir\u00e3o Preto e Regi\u00e3o","article_publisher":"https:\/\/m.facebook.com\/redenoticiaz.barretos","article_published_time":"2023-01-22T12:25:14+00:00","og_image":[{"width":1200,"height":628,"url":"https:\/\/redenoticiaz.com.br\/ribeiraopreto-regiao\/wp-content\/uploads\/sites\/4\/2023\/01\/Simaria-surpreende-ao-surgir-sem-maquiagem-em-video-e-rebate-criticas-sobre-fotos-de-biquini.png","type":"image\/png"}],"twitter_card":"summary_large_image","twitter_creator":"@RN_barretos","twitter_site":"@RN_barretos","twitter_misc":{"Escrito por":"","Est. tempo de leitura":"2 minutos"},"schema":{"@context":"https:\/\/schema.org","@graph":[{"@type":"Article","@id":"https:\/\/redenoticiaz.com.br\/ribeiraopreto-regiao\/sp\/2023\/01\/22\/simaria-aparece-sem-maquiagem-em-video-e-rebate-criticas-sobre-fotos-de-biquini#article","isPartOf":{"@id":"https:\/\/redenoticiaz.com.br\/ribeiraopreto-regiao\/sp\/2023\/01\/22\/simaria-aparece-sem-maquiagem-em-video-e-rebate-criticas-sobre-fotos-de-biquini"},"author":{"name":"","@id":""},"headline":"Simaria aparece sem maquiagem em v\u00eddeo e rebate cr\u00edticas sobre fotos de biqu\u00edni","datePublished":"2023-01-22T12:25:14+00:00","mainEntityOfPage":{"@id":"https:\/\/redenoticiaz.com.br\/ribeiraopreto-regiao\/sp\/2023\/01\/22\/simaria-aparece-sem-maquiagem-em-video-e-rebate-criticas-sobre-fotos-de-biquini"},"wordCount":236,"commentCount":0,"publisher":{"@id":"https:\/\/redenoticiaz.com.br\/ribeiraopreto-regiao\/#organization"},"image":{"@id":"https:\/\/redenoticiaz.com.br\/ribeiraopreto-regiao\/sp\/2023\/01\/22\/simaria-aparece-sem-maquiagem-em-video-e-rebate-criticas-sobre-fotos-de-biquini#primaryimage"},"thumbnailUrl":"https:\/\/redenoticiaz.com.br\/ribeiraopreto-regiao\/wp-content\/uploads\/sites\/4\/2023\/01\/Simaria-surpreende-ao-surgir-sem-maquiagem-em-video-e-rebate-criticas-sobre-fotos-de-biquini.png","keywords":["CR\u00cdTICAS","FOTOS DE BIQUINI","REBATE","SEM MAQUIAGEM","SIMARIA"],"articleSection":["Celebridades"],"inLanguage":"pt-BR","potentialAction":[{"@type":"CommentAction","name":"Comment","target":["https:\/\/redenoticiaz.com.br\/ribeiraopreto-regiao\/sp\/2023\/01\/22\/simaria-aparece-sem-maquiagem-em-video-e-rebate-criticas-sobre-fotos-de-biquini#respond"]}]},{"@type":"WebPage","@id":"https:\/\/redenoticiaz.com.br\/ribeiraopreto-regiao\/sp\/2023\/01\/22\/simaria-aparece-sem-maquiagem-em-video-e-rebate-criticas-sobre-fotos-de-biquini","url":"https:\/\/redenoticiaz.com.br\/ribeiraopreto-regiao\/sp\/2023\/01\/22\/simaria-aparece-sem-maquiagem-em-video-e-rebate-criticas-sobre-fotos-de-biquini","name":"Simaria aparece sem maquiagem em v\u00eddeo e rebate cr\u00edticas sobre fotos de biqu\u00edni - Ribeir\u00e3o Preto e Regi\u00e3o","isPartOf":{"@id":"https:\/\/redenoticiaz.com.br\/ribeiraopreto-regiao\/#website"},"primaryImageOfPage":{"@id":"https:\/\/redenoticiaz.com.br\/ribeiraopreto-regiao\/sp\/2023\/01\/22\/simaria-aparece-sem-maquiagem-em-video-e-rebate-criticas-sobre-fotos-de-biquini#primaryimage"},"image":{"@id":"https:\/\/redenoticiaz.com.br\/ribeiraopreto-regiao\/sp\/2023\/01\/22\/simaria-aparece-sem-maquiagem-em-video-e-rebate-criticas-sobre-fotos-de-biquini#primaryimage"},"thumbnailUrl":"https:\/\/redenoticiaz.com.br\/ribeiraopreto-regiao\/wp-content\/uploads\/sites\/4\/2023\/01\/Simaria-surpreende-ao-surgir-sem-maquiagem-em-video-e-rebate-criticas-sobre-fotos-de-biquini.png","datePublished":"2023-01-22T12:25:14+00:00","description":"A cantora\u00a0Simaria, virou alvo de ataques e cr\u00edticas por postar fotos sensuais de biqu\u00edni, com mensagens negativas, principalmente de mulheres","inLanguage":"pt-BR","potentialAction":[{"@type":"ReadAction","target":["https:\/\/redenoticiaz.com.br\/ribeiraopreto-regiao\/sp\/2023\/01\/22\/simaria-aparece-sem-maquiagem-em-video-e-rebate-criticas-sobre-fotos-de-biquini"]}]},{"@type":"ImageObject","inLanguage":"pt-BR","@id":"https:\/\/redenoticiaz.com.br\/ribeiraopreto-regiao\/sp\/2023\/01\/22\/simaria-aparece-sem-maquiagem-em-video-e-rebate-criticas-sobre-fotos-de-biquini#primaryimage","url":"https:\/\/redenoticiaz.com.br\/ribeiraopreto-regiao\/wp-content\/uploads\/sites\/4\/2023\/01\/Simaria-surpreende-ao-surgir-sem-maquiagem-em-video-e-rebate-criticas-sobre-fotos-de-biquini.png","contentUrl":"https:\/\/redenoticiaz.com.br\/ribeiraopreto-regiao\/wp-content\/uploads\/sites\/4\/2023\/01\/Simaria-surpreende-ao-surgir-sem-maquiagem-em-video-e-rebate-criticas-sobre-fotos-de-biquini.png","width":1200,"height":628,"caption":"Cr\u00e9dito: Reprodu\u00e7\u00e3o"},{"@type":"WebSite","@id":"https:\/\/redenoticiaz.com.br\/ribeiraopreto-regiao\/#website","url":"https:\/\/redenoticiaz.com.br\/ribeiraopreto-regiao\/","name":"Ribeir\u00e3o Preto e Regi\u00e3o","description":"Rede NoticiaZ - Ribeir\u00e3o Preto e regi\u00e3o","publisher":{"@id":"https:\/\/redenoticiaz.com.br\/ribeiraopreto-regiao\/#organization"},"potentialAction":[{"@type":"SearchAction","target":{"@type":"EntryPoint","urlTemplate":"https:\/\/redenoticiaz.com.br\/ribeiraopreto-regiao\/?s={search_term_string}"},"query-input":{"@type":"PropertyValueSpecification","valueRequired":true,"valueName":"search_term_string"}}],"inLanguage":"pt-BR"},{"@type":"Organization","@id":"https:\/\/redenoticiaz.com.br\/ribeiraopreto-regiao\/#organization","name":"Ribeir\u00e3o Preto e Regi\u00e3o","url":"https:\/\/redenoticiaz.com.br\/ribeiraopreto-regiao\/","logo":{"@type":"ImageObject","inLanguage":"pt-BR","@id":"https:\/\/redenoticiaz.com.br\/ribeiraopreto-regiao\/#\/schema\/logo\/image\/","url":"https:\/\/redenoticiaz.com.br\/barretos-regiao\/wp-content\/uploads\/sites\/4\/2022\/02\/logo.jpg","contentUrl":"https:\/\/redenoticiaz.com.br\/barretos-regiao\/wp-content\/uploads\/sites\/4\/2022\/02\/logo.jpg","width":400,"height":250,"caption":"Ribeir\u00e3o Preto e Regi\u00e3o"},"image":{"@id":"https:\/\/redenoticiaz.com.br\/ribeiraopreto-regiao\/#\/schema\/logo\/image\/"},"sameAs":["https:\/\/m.facebook.com\/redenoticiaz.barretos","https:\/\/x.com\/RN_barretos","https:\/\/www.instagram.com\/redenoticiaz.barretos\/?igshid=YmMyMTA2M2Y","https:\/\/www.linkedin.com\/company\/rede-noticiaz-barretos-e-regio\/"]},{"@type":"Person","@id":"","url":"https:\/\/redenoticiaz.com.br\/ribeiraopreto-regiao\/sp\/author"}]}},"_links":{"self":[{"href":"https:\/\/redenoticiaz.com.br\/ribeiraopreto-regiao\/wp-json\/wp\/v2\/posts\/99018","targetHints":{"allow":["GET"]}}],"collection":[{"href":"https:\/\/redenoticiaz.com.br\/ribeiraopreto-regiao\/wp-json\/wp\/v2\/posts"}],"about":[{"href":"https:\/\/redenoticiaz.com.br\/ribeiraopreto-regiao\/wp-json\/wp\/v2\/types\/post"}],"author":[{"embeddable":true,"href":"https:\/\/redenoticiaz.com.br\/ribeiraopreto-regiao\/wp-json\/wp\/v2\/users\/15"}],"replies":[{"embeddable":true,"href":"https:\/\/redenoticiaz.com.br\/ribeiraopreto-regiao\/wp-json\/wp\/v2\/comments?post=99018"}],"version-history":[{"count":1,"href":"https:\/\/redenoticiaz.com.br\/ribeiraopreto-regiao\/wp-json\/wp\/v2\/posts\/99018\/revisions"}],"predecessor-version":[{"id":99022,"href":"https:\/\/redenoticiaz.com.br\/ribeiraopreto-regiao\/wp-json\/wp\/v2\/posts\/99018\/revisions\/99022"}],"wp:featuredmedia":[{"embeddable":true,"href":"https:\/\/redenoticiaz.com.br\/ribeiraopreto-regiao\/wp-json\/wp\/v2\/media\/99021"}],"wp:attachment":[{"href":"https:\/\/redenoticiaz.com.br\/ribeiraopreto-regiao\/wp-json\/wp\/v2\/media?parent=99018"}],"wp:term":[{"taxonomy":"category","embeddable":true,"href":"https:\/\/redenoticiaz.com.br\/ribeiraopreto-regiao\/wp-json\/wp\/v2\/categories?post=99018"},{"taxonomy":"post_tag","embeddable":true,"href":"https:\/\/redenoticiaz.com.br\/ribeiraopreto-regiao\/wp-json\/wp\/v2\/tags?post=99018"}],"curies":[{"name":"wp","href":"https:\/\/api.w.org\/{rel}","templated":true}]}}