{"id":99203,"date":"2023-01-24T12:46:57","date_gmt":"2023-01-24T15:46:57","guid":{"rendered":"https:\/\/redenoticiaz.com.br\/barretos-regiao\/?p=99203"},"modified":"2023-01-24T13:07:42","modified_gmt":"2023-01-24T16:07:42","slug":"petrobras-anunciou-aumento-da-gasolina-partir-desta-quarta-feira-25","status":"publish","type":"post","link":"https:\/\/redenoticiaz.com.br\/ribeiraopreto-regiao\/sp\/2023\/01\/24\/petrobras-anunciou-aumento-da-gasolina-partir-desta-quarta-feira-25","title":{"rendered":"Petrobras\u00a0anuncia aumento da gasolina partir desta quarta-feira (25)"},"content":{"rendered":"<p>Esse \u00e9 o primeiro aumento de pre\u00e7os no governo de Luiz In\u00e1cio Lula da Silva. O pre\u00e7o m\u00e9dio de venda de gasolina para as distribuidoras passar\u00e1 de R$ 3,08 para R$ 3,31 por litro. O aumento de 23 centavos por litro equivale a um reajuste de 7,46%.<\/p>\n<p>Como impacto nos pre\u00e7os, a estatal diz que o valor sob a responsabilidade da Petrobras no pre\u00e7o ao consumidor ser\u00e1, em m\u00e9dia, R$ 2,42 a cada litro vendido na bomba.<\/p>\n<p>A Petrobras diz que o aumento \u201cacompanha a evolu\u00e7\u00e3o dos pre\u00e7os de refer\u00eancia e \u00e9 coerente com a pr\u00e1tica de pre\u00e7os da Petrobras, que busca o equil\u00edbrio dos seus pre\u00e7os com o mercado\u201d.<\/p>\n<p>O pre\u00e7o m\u00e9dio da gasolina vendido nos postos <a href=\"https:\/\/redenoticiaz.com.br\/barretos-regiao\/sp\/2023\/01\/24\/gasolina-cai-e-volta-abaixo-de-r-5-diz-anp\">vinha caindo a cerca de duas semanas.<\/a><\/p>\n<p>&nbsp;<\/p>\n<p>VEJA TAMB\u00c9M:\u00a0<a href=\"https:\/\/redenoticiaz.com.br\/barretos-regiao\/sp\/2023\/01\/24\/oscar-2023-filme-tudo-em-todo-o-lugar-ao-mesmo-tempo-lidera-com-11-indicacoes\">Oscar 2023: Filme \u201cTudo em Todo o Lugar, ao Mesmo Tempo\u201d lidera com 11 indica\u00e7\u00f5es<\/a><\/p>\n<p>&nbsp;<\/p>\n<p>&nbsp;<\/p>\n","protected":false},"excerpt":{"rendered":"<p>Esse \u00e9 o primeiro aumento de pre\u00e7os no governo de Luiz In\u00e1cio Lula da Silva. O pre\u00e7o m\u00e9dio de venda de gasolina para as distribuidoras passar\u00e1 de R$ 3,08 para R$ 3,31 por litro. O aumento de 23 centavos por litro equivale a um reajuste de 7,46%. Como impacto nos pre\u00e7os, a estatal diz que &hellip;<\/p>\n","protected":false},"author":15,"featured_media":99204,"comment_status":"open","ping_status":"closed","sticky":false,"template":"","format":"standard","meta":{"footnotes":""},"categories":[101],"tags":[24190,23689,2974],"class_list":["post-99203","post","type-post","status-publish","format-standard","has-post-thumbnail","hentry","category-economia","tag-aumento-da-gasolina","tag-petrobras-2","tag-precos"],"yoast_head":"<!-- This site is optimized with the Yoast SEO plugin v27.4 - https:\/\/yoast.com\/product\/yoast-seo-wordpress\/ -->\n<title>Petrobras\u00a0anuncia aumento da gasolina partir desta quarta-feira (25) - Ribeir\u00e3o Preto e Regi\u00e3o<\/title>\n<meta name=\"description\" content=\"O pre\u00e7o m\u00e9dio de venda de gasolina para as distribuidoras passar\u00e1 de R$ 3,08 para R$ 3,31 por litro, a partir de quarta-feira.\" \/>\n<meta name=\"robots\" content=\"index, follow, max-snippet:-1, max-image-preview:large, max-video-preview:-1\" \/>\n<link rel=\"canonical\" href=\"https:\/\/redenoticiaz.com.br\/ribeiraopreto-regiao\/sp\/2023\/01\/24\/petrobras-anunciou-aumento-da-gasolina-partir-desta-quarta-feira-25\" \/>\n<meta property=\"og:locale\" content=\"pt_BR\" \/>\n<meta property=\"og:type\" content=\"article\" \/>\n<meta property=\"og:title\" content=\"Petrobras\u00a0anuncia aumento da gasolina partir desta quarta-feira (25) - Ribeir\u00e3o Preto e Regi\u00e3o\" \/>\n<meta property=\"og:description\" content=\"O pre\u00e7o m\u00e9dio de venda de gasolina para as distribuidoras passar\u00e1 de R$ 3,08 para R$ 3,31 por litro, a partir de quarta-feira.\" \/>\n<meta property=\"og:url\" content=\"https:\/\/redenoticiaz.com.br\/ribeiraopreto-regiao\/sp\/2023\/01\/24\/petrobras-anunciou-aumento-da-gasolina-partir-desta-quarta-feira-25\" \/>\n<meta property=\"og:site_name\" content=\"Ribeir\u00e3o Preto e Regi\u00e3o\" \/>\n<meta property=\"article:publisher\" content=\"https:\/\/m.facebook.com\/redenoticiaz.barretos\" \/>\n<meta property=\"article:published_time\" content=\"2023-01-24T15:46:57+00:00\" \/>\n<meta property=\"article:modified_time\" content=\"2023-01-24T16:07:42+00:00\" \/>\n<meta property=\"og:image\" content=\"https:\/\/redenoticiaz.com.br\/ribeiraopreto-regiao\/wp-content\/uploads\/sites\/4\/2023\/01\/Petrobras-anunciou-aumento-da-gasolina-partir-desta-quarta-feira-25.png\" \/>\n\t<meta property=\"og:image:width\" content=\"1200\" \/>\n\t<meta property=\"og:image:height\" content=\"628\" \/>\n\t<meta property=\"og:image:type\" content=\"image\/png\" \/>\n<meta name=\"twitter:card\" content=\"summary_large_image\" \/>\n<meta name=\"twitter:creator\" content=\"@RN_barretos\" \/>\n<meta name=\"twitter:site\" content=\"@RN_barretos\" \/>\n<meta name=\"twitter:label1\" content=\"Escrito por\" \/>\n\t<meta name=\"twitter:data1\" content=\"\" \/>\n\t<meta name=\"twitter:label2\" content=\"Est. tempo de leitura\" \/>\n\t<meta name=\"twitter:data2\" content=\"1 minuto\" \/>\n<script type=\"application\/ld+json\" class=\"yoast-schema-graph\">{\"@context\":\"https:\\\/\\\/schema.org\",\"@graph\":[{\"@type\":\"Article\",\"@id\":\"https:\\\/\\\/redenoticiaz.com.br\\\/ribeiraopreto-regiao\\\/sp\\\/2023\\\/01\\\/24\\\/petrobras-anunciou-aumento-da-gasolina-partir-desta-quarta-feira-25#article\",\"isPartOf\":{\"@id\":\"https:\\\/\\\/redenoticiaz.com.br\\\/ribeiraopreto-regiao\\\/sp\\\/2023\\\/01\\\/24\\\/petrobras-anunciou-aumento-da-gasolina-partir-desta-quarta-feira-25\"},\"author\":{\"name\":\"\",\"@id\":\"\"},\"headline\":\"Petrobras\u00a0anuncia aumento da gasolina partir desta quarta-feira (25)\",\"datePublished\":\"2023-01-24T15:46:57+00:00\",\"dateModified\":\"2023-01-24T16:07:42+00:00\",\"mainEntityOfPage\":{\"@id\":\"https:\\\/\\\/redenoticiaz.com.br\\\/ribeiraopreto-regiao\\\/sp\\\/2023\\\/01\\\/24\\\/petrobras-anunciou-aumento-da-gasolina-partir-desta-quarta-feira-25\"},\"wordCount\":162,\"commentCount\":0,\"publisher\":{\"@id\":\"https:\\\/\\\/redenoticiaz.com.br\\\/ribeiraopreto-regiao\\\/#organization\"},\"image\":{\"@id\":\"https:\\\/\\\/redenoticiaz.com.br\\\/ribeiraopreto-regiao\\\/sp\\\/2023\\\/01\\\/24\\\/petrobras-anunciou-aumento-da-gasolina-partir-desta-quarta-feira-25#primaryimage\"},\"thumbnailUrl\":\"https:\\\/\\\/redenoticiaz.com.br\\\/ribeiraopreto-regiao\\\/wp-content\\\/uploads\\\/sites\\\/4\\\/2023\\\/01\\\/Petrobras-anunciou-aumento-da-gasolina-partir-desta-quarta-feira-25.png\",\"keywords\":[\"aumento da gasolina\",\"Petrobr\u00e1s\",\"pre\u00e7os\"],\"articleSection\":[\"Economia\"],\"inLanguage\":\"pt-BR\",\"potentialAction\":[{\"@type\":\"CommentAction\",\"name\":\"Comment\",\"target\":[\"https:\\\/\\\/redenoticiaz.com.br\\\/ribeiraopreto-regiao\\\/sp\\\/2023\\\/01\\\/24\\\/petrobras-anunciou-aumento-da-gasolina-partir-desta-quarta-feira-25#respond\"]}]},{\"@type\":\"WebPage\",\"@id\":\"https:\\\/\\\/redenoticiaz.com.br\\\/ribeiraopreto-regiao\\\/sp\\\/2023\\\/01\\\/24\\\/petrobras-anunciou-aumento-da-gasolina-partir-desta-quarta-feira-25\",\"url\":\"https:\\\/\\\/redenoticiaz.com.br\\\/ribeiraopreto-regiao\\\/sp\\\/2023\\\/01\\\/24\\\/petrobras-anunciou-aumento-da-gasolina-partir-desta-quarta-feira-25\",\"name\":\"Petrobras\u00a0anuncia aumento da gasolina partir desta quarta-feira (25) - Ribeir\u00e3o Preto e Regi\u00e3o\",\"isPartOf\":{\"@id\":\"https:\\\/\\\/redenoticiaz.com.br\\\/ribeiraopreto-regiao\\\/#website\"},\"primaryImageOfPage\":{\"@id\":\"https:\\\/\\\/redenoticiaz.com.br\\\/ribeiraopreto-regiao\\\/sp\\\/2023\\\/01\\\/24\\\/petrobras-anunciou-aumento-da-gasolina-partir-desta-quarta-feira-25#primaryimage\"},\"image\":{\"@id\":\"https:\\\/\\\/redenoticiaz.com.br\\\/ribeiraopreto-regiao\\\/sp\\\/2023\\\/01\\\/24\\\/petrobras-anunciou-aumento-da-gasolina-partir-desta-quarta-feira-25#primaryimage\"},\"thumbnailUrl\":\"https:\\\/\\\/redenoticiaz.com.br\\\/ribeiraopreto-regiao\\\/wp-content\\\/uploads\\\/sites\\\/4\\\/2023\\\/01\\\/Petrobras-anunciou-aumento-da-gasolina-partir-desta-quarta-feira-25.png\",\"datePublished\":\"2023-01-24T15:46:57+00:00\",\"dateModified\":\"2023-01-24T16:07:42+00:00\",\"description\":\"O pre\u00e7o m\u00e9dio de venda de gasolina para as distribuidoras passar\u00e1 de R$ 3,08 para R$ 3,31 por litro, a partir de quarta-feira.\",\"inLanguage\":\"pt-BR\",\"potentialAction\":[{\"@type\":\"ReadAction\",\"target\":[\"https:\\\/\\\/redenoticiaz.com.br\\\/ribeiraopreto-regiao\\\/sp\\\/2023\\\/01\\\/24\\\/petrobras-anunciou-aumento-da-gasolina-partir-desta-quarta-feira-25\"]}]},{\"@type\":\"ImageObject\",\"inLanguage\":\"pt-BR\",\"@id\":\"https:\\\/\\\/redenoticiaz.com.br\\\/ribeiraopreto-regiao\\\/sp\\\/2023\\\/01\\\/24\\\/petrobras-anunciou-aumento-da-gasolina-partir-desta-quarta-feira-25#primaryimage\",\"url\":\"https:\\\/\\\/redenoticiaz.com.br\\\/ribeiraopreto-regiao\\\/wp-content\\\/uploads\\\/sites\\\/4\\\/2023\\\/01\\\/Petrobras-anunciou-aumento-da-gasolina-partir-desta-quarta-feira-25.png\",\"contentUrl\":\"https:\\\/\\\/redenoticiaz.com.br\\\/ribeiraopreto-regiao\\\/wp-content\\\/uploads\\\/sites\\\/4\\\/2023\\\/01\\\/Petrobras-anunciou-aumento-da-gasolina-partir-desta-quarta-feira-25.png\",\"width\":1200,\"height\":628,\"caption\":\"Cr\u00e9dito: Reprodu\u00e7\u00e3o\"},{\"@type\":\"WebSite\",\"@id\":\"https:\\\/\\\/redenoticiaz.com.br\\\/ribeiraopreto-regiao\\\/#website\",\"url\":\"https:\\\/\\\/redenoticiaz.com.br\\\/ribeiraopreto-regiao\\\/\",\"name\":\"Ribeir\u00e3o Preto e Regi\u00e3o\",\"description\":\"Rede NoticiaZ - Ribeir\u00e3o Preto e regi\u00e3o\",\"publisher\":{\"@id\":\"https:\\\/\\\/redenoticiaz.com.br\\\/ribeiraopreto-regiao\\\/#organization\"},\"potentialAction\":[{\"@type\":\"SearchAction\",\"target\":{\"@type\":\"EntryPoint\",\"urlTemplate\":\"https:\\\/\\\/redenoticiaz.com.br\\\/ribeiraopreto-regiao\\\/?s={search_term_string}\"},\"query-input\":{\"@type\":\"PropertyValueSpecification\",\"valueRequired\":true,\"valueName\":\"search_term_string\"}}],\"inLanguage\":\"pt-BR\"},{\"@type\":\"Organization\",\"@id\":\"https:\\\/\\\/redenoticiaz.com.br\\\/ribeiraopreto-regiao\\\/#organization\",\"name\":\"Ribeir\u00e3o Preto e Regi\u00e3o\",\"url\":\"https:\\\/\\\/redenoticiaz.com.br\\\/ribeiraopreto-regiao\\\/\",\"logo\":{\"@type\":\"ImageObject\",\"inLanguage\":\"pt-BR\",\"@id\":\"https:\\\/\\\/redenoticiaz.com.br\\\/ribeiraopreto-regiao\\\/#\\\/schema\\\/logo\\\/image\\\/\",\"url\":\"https:\\\/\\\/redenoticiaz.com.br\\\/barretos-regiao\\\/wp-content\\\/uploads\\\/sites\\\/4\\\/2022\\\/02\\\/logo.jpg\",\"contentUrl\":\"https:\\\/\\\/redenoticiaz.com.br\\\/barretos-regiao\\\/wp-content\\\/uploads\\\/sites\\\/4\\\/2022\\\/02\\\/logo.jpg\",\"width\":400,\"height\":250,\"caption\":\"Ribeir\u00e3o Preto e Regi\u00e3o\"},\"image\":{\"@id\":\"https:\\\/\\\/redenoticiaz.com.br\\\/ribeiraopreto-regiao\\\/#\\\/schema\\\/logo\\\/image\\\/\"},\"sameAs\":[\"https:\\\/\\\/m.facebook.com\\\/redenoticiaz.barretos\",\"https:\\\/\\\/x.com\\\/RN_barretos\",\"https:\\\/\\\/www.instagram.com\\\/redenoticiaz.barretos\\\/?igshid=YmMyMTA2M2Y\",\"https:\\\/\\\/www.linkedin.com\\\/company\\\/rede-noticiaz-barretos-e-regio\\\/\"]},{\"@type\":\"Person\",\"@id\":\"\",\"url\":\"https:\\\/\\\/redenoticiaz.com.br\\\/ribeiraopreto-regiao\\\/sp\\\/author\"}]}<\/script>\n<!-- \/ Yoast SEO plugin. -->","yoast_head_json":{"title":"Petrobras\u00a0anuncia aumento da gasolina partir desta quarta-feira (25) - Ribeir\u00e3o Preto e Regi\u00e3o","description":"O pre\u00e7o m\u00e9dio de venda de gasolina para as distribuidoras passar\u00e1 de R$ 3,08 para R$ 3,31 por litro, a partir de quarta-feira.","robots":{"index":"index","follow":"follow","max-snippet":"max-snippet:-1","max-image-preview":"max-image-preview:large","max-video-preview":"max-video-preview:-1"},"canonical":"https:\/\/redenoticiaz.com.br\/ribeiraopreto-regiao\/sp\/2023\/01\/24\/petrobras-anunciou-aumento-da-gasolina-partir-desta-quarta-feira-25","og_locale":"pt_BR","og_type":"article","og_title":"Petrobras\u00a0anuncia aumento da gasolina partir desta quarta-feira (25) - Ribeir\u00e3o Preto e Regi\u00e3o","og_description":"O pre\u00e7o m\u00e9dio de venda de gasolina para as distribuidoras passar\u00e1 de R$ 3,08 para R$ 3,31 por litro, a partir de quarta-feira.","og_url":"https:\/\/redenoticiaz.com.br\/ribeiraopreto-regiao\/sp\/2023\/01\/24\/petrobras-anunciou-aumento-da-gasolina-partir-desta-quarta-feira-25","og_site_name":"Ribeir\u00e3o Preto e Regi\u00e3o","article_publisher":"https:\/\/m.facebook.com\/redenoticiaz.barretos","article_published_time":"2023-01-24T15:46:57+00:00","article_modified_time":"2023-01-24T16:07:42+00:00","og_image":[{"width":1200,"height":628,"url":"https:\/\/redenoticiaz.com.br\/ribeiraopreto-regiao\/wp-content\/uploads\/sites\/4\/2023\/01\/Petrobras-anunciou-aumento-da-gasolina-partir-desta-quarta-feira-25.png","type":"image\/png"}],"twitter_card":"summary_large_image","twitter_creator":"@RN_barretos","twitter_site":"@RN_barretos","twitter_misc":{"Escrito por":"","Est. tempo de leitura":"1 minuto"},"schema":{"@context":"https:\/\/schema.org","@graph":[{"@type":"Article","@id":"https:\/\/redenoticiaz.com.br\/ribeiraopreto-regiao\/sp\/2023\/01\/24\/petrobras-anunciou-aumento-da-gasolina-partir-desta-quarta-feira-25#article","isPartOf":{"@id":"https:\/\/redenoticiaz.com.br\/ribeiraopreto-regiao\/sp\/2023\/01\/24\/petrobras-anunciou-aumento-da-gasolina-partir-desta-quarta-feira-25"},"author":{"name":"","@id":""},"headline":"Petrobras\u00a0anuncia aumento da gasolina partir desta quarta-feira (25)","datePublished":"2023-01-24T15:46:57+00:00","dateModified":"2023-01-24T16:07:42+00:00","mainEntityOfPage":{"@id":"https:\/\/redenoticiaz.com.br\/ribeiraopreto-regiao\/sp\/2023\/01\/24\/petrobras-anunciou-aumento-da-gasolina-partir-desta-quarta-feira-25"},"wordCount":162,"commentCount":0,"publisher":{"@id":"https:\/\/redenoticiaz.com.br\/ribeiraopreto-regiao\/#organization"},"image":{"@id":"https:\/\/redenoticiaz.com.br\/ribeiraopreto-regiao\/sp\/2023\/01\/24\/petrobras-anunciou-aumento-da-gasolina-partir-desta-quarta-feira-25#primaryimage"},"thumbnailUrl":"https:\/\/redenoticiaz.com.br\/ribeiraopreto-regiao\/wp-content\/uploads\/sites\/4\/2023\/01\/Petrobras-anunciou-aumento-da-gasolina-partir-desta-quarta-feira-25.png","keywords":["aumento da gasolina","Petrobr\u00e1s","pre\u00e7os"],"articleSection":["Economia"],"inLanguage":"pt-BR","potentialAction":[{"@type":"CommentAction","name":"Comment","target":["https:\/\/redenoticiaz.com.br\/ribeiraopreto-regiao\/sp\/2023\/01\/24\/petrobras-anunciou-aumento-da-gasolina-partir-desta-quarta-feira-25#respond"]}]},{"@type":"WebPage","@id":"https:\/\/redenoticiaz.com.br\/ribeiraopreto-regiao\/sp\/2023\/01\/24\/petrobras-anunciou-aumento-da-gasolina-partir-desta-quarta-feira-25","url":"https:\/\/redenoticiaz.com.br\/ribeiraopreto-regiao\/sp\/2023\/01\/24\/petrobras-anunciou-aumento-da-gasolina-partir-desta-quarta-feira-25","name":"Petrobras\u00a0anuncia aumento da gasolina partir desta quarta-feira (25) - Ribeir\u00e3o Preto e Regi\u00e3o","isPartOf":{"@id":"https:\/\/redenoticiaz.com.br\/ribeiraopreto-regiao\/#website"},"primaryImageOfPage":{"@id":"https:\/\/redenoticiaz.com.br\/ribeiraopreto-regiao\/sp\/2023\/01\/24\/petrobras-anunciou-aumento-da-gasolina-partir-desta-quarta-feira-25#primaryimage"},"image":{"@id":"https:\/\/redenoticiaz.com.br\/ribeiraopreto-regiao\/sp\/2023\/01\/24\/petrobras-anunciou-aumento-da-gasolina-partir-desta-quarta-feira-25#primaryimage"},"thumbnailUrl":"https:\/\/redenoticiaz.com.br\/ribeiraopreto-regiao\/wp-content\/uploads\/sites\/4\/2023\/01\/Petrobras-anunciou-aumento-da-gasolina-partir-desta-quarta-feira-25.png","datePublished":"2023-01-24T15:46:57+00:00","dateModified":"2023-01-24T16:07:42+00:00","description":"O pre\u00e7o m\u00e9dio de venda de gasolina para as distribuidoras passar\u00e1 de R$ 3,08 para R$ 3,31 por litro, a partir de quarta-feira.","inLanguage":"pt-BR","potentialAction":[{"@type":"ReadAction","target":["https:\/\/redenoticiaz.com.br\/ribeiraopreto-regiao\/sp\/2023\/01\/24\/petrobras-anunciou-aumento-da-gasolina-partir-desta-quarta-feira-25"]}]},{"@type":"ImageObject","inLanguage":"pt-BR","@id":"https:\/\/redenoticiaz.com.br\/ribeiraopreto-regiao\/sp\/2023\/01\/24\/petrobras-anunciou-aumento-da-gasolina-partir-desta-quarta-feira-25#primaryimage","url":"https:\/\/redenoticiaz.com.br\/ribeiraopreto-regiao\/wp-content\/uploads\/sites\/4\/2023\/01\/Petrobras-anunciou-aumento-da-gasolina-partir-desta-quarta-feira-25.png","contentUrl":"https:\/\/redenoticiaz.com.br\/ribeiraopreto-regiao\/wp-content\/uploads\/sites\/4\/2023\/01\/Petrobras-anunciou-aumento-da-gasolina-partir-desta-quarta-feira-25.png","width":1200,"height":628,"caption":"Cr\u00e9dito: Reprodu\u00e7\u00e3o"},{"@type":"WebSite","@id":"https:\/\/redenoticiaz.com.br\/ribeiraopreto-regiao\/#website","url":"https:\/\/redenoticiaz.com.br\/ribeiraopreto-regiao\/","name":"Ribeir\u00e3o Preto e Regi\u00e3o","description":"Rede NoticiaZ - Ribeir\u00e3o Preto e regi\u00e3o","publisher":{"@id":"https:\/\/redenoticiaz.com.br\/ribeiraopreto-regiao\/#organization"},"potentialAction":[{"@type":"SearchAction","target":{"@type":"EntryPoint","urlTemplate":"https:\/\/redenoticiaz.com.br\/ribeiraopreto-regiao\/?s={search_term_string}"},"query-input":{"@type":"PropertyValueSpecification","valueRequired":true,"valueName":"search_term_string"}}],"inLanguage":"pt-BR"},{"@type":"Organization","@id":"https:\/\/redenoticiaz.com.br\/ribeiraopreto-regiao\/#organization","name":"Ribeir\u00e3o Preto e Regi\u00e3o","url":"https:\/\/redenoticiaz.com.br\/ribeiraopreto-regiao\/","logo":{"@type":"ImageObject","inLanguage":"pt-BR","@id":"https:\/\/redenoticiaz.com.br\/ribeiraopreto-regiao\/#\/schema\/logo\/image\/","url":"https:\/\/redenoticiaz.com.br\/barretos-regiao\/wp-content\/uploads\/sites\/4\/2022\/02\/logo.jpg","contentUrl":"https:\/\/redenoticiaz.com.br\/barretos-regiao\/wp-content\/uploads\/sites\/4\/2022\/02\/logo.jpg","width":400,"height":250,"caption":"Ribeir\u00e3o Preto e Regi\u00e3o"},"image":{"@id":"https:\/\/redenoticiaz.com.br\/ribeiraopreto-regiao\/#\/schema\/logo\/image\/"},"sameAs":["https:\/\/m.facebook.com\/redenoticiaz.barretos","https:\/\/x.com\/RN_barretos","https:\/\/www.instagram.com\/redenoticiaz.barretos\/?igshid=YmMyMTA2M2Y","https:\/\/www.linkedin.com\/company\/rede-noticiaz-barretos-e-regio\/"]},{"@type":"Person","@id":"","url":"https:\/\/redenoticiaz.com.br\/ribeiraopreto-regiao\/sp\/author"}]}},"_links":{"self":[{"href":"https:\/\/redenoticiaz.com.br\/ribeiraopreto-regiao\/wp-json\/wp\/v2\/posts\/99203","targetHints":{"allow":["GET"]}}],"collection":[{"href":"https:\/\/redenoticiaz.com.br\/ribeiraopreto-regiao\/wp-json\/wp\/v2\/posts"}],"about":[{"href":"https:\/\/redenoticiaz.com.br\/ribeiraopreto-regiao\/wp-json\/wp\/v2\/types\/post"}],"author":[{"embeddable":true,"href":"https:\/\/redenoticiaz.com.br\/ribeiraopreto-regiao\/wp-json\/wp\/v2\/users\/15"}],"replies":[{"embeddable":true,"href":"https:\/\/redenoticiaz.com.br\/ribeiraopreto-regiao\/wp-json\/wp\/v2\/comments?post=99203"}],"version-history":[{"count":2,"href":"https:\/\/redenoticiaz.com.br\/ribeiraopreto-regiao\/wp-json\/wp\/v2\/posts\/99203\/revisions"}],"predecessor-version":[{"id":99212,"href":"https:\/\/redenoticiaz.com.br\/ribeiraopreto-regiao\/wp-json\/wp\/v2\/posts\/99203\/revisions\/99212"}],"wp:featuredmedia":[{"embeddable":true,"href":"https:\/\/redenoticiaz.com.br\/ribeiraopreto-regiao\/wp-json\/wp\/v2\/media\/99204"}],"wp:attachment":[{"href":"https:\/\/redenoticiaz.com.br\/ribeiraopreto-regiao\/wp-json\/wp\/v2\/media?parent=99203"}],"wp:term":[{"taxonomy":"category","embeddable":true,"href":"https:\/\/redenoticiaz.com.br\/ribeiraopreto-regiao\/wp-json\/wp\/v2\/categories?post=99203"},{"taxonomy":"post_tag","embeddable":true,"href":"https:\/\/redenoticiaz.com.br\/ribeiraopreto-regiao\/wp-json\/wp\/v2\/tags?post=99203"}],"curies":[{"name":"wp","href":"https:\/\/api.w.org\/{rel}","templated":true}]}}