{"id":99231,"date":"2023-01-28T15:00:37","date_gmt":"2023-01-28T18:00:37","guid":{"rendered":"https:\/\/redenoticiaz.com.br\/barretos-regiao\/?p=99231"},"modified":"2023-01-24T20:38:23","modified_gmt":"2023-01-24T23:38:23","slug":"brasil-teve-16-torres-de-energia-danificadas-e-4-derrubadas-em-janeiro","status":"publish","type":"post","link":"https:\/\/redenoticiaz.com.br\/ribeiraopreto-regiao\/sp\/2023\/01\/28\/brasil-teve-16-torres-de-energia-danificadas-e-4-derrubadas-em-janeiro","title":{"rendered":"Brasil teve 16 torres de energia danificadas e 4 derrubadas em janeiro"},"content":{"rendered":"<p>Desde 8 de janeiro, o Brasil teve 16 torres de energia danificadas e 4 derrubadas em 11 epis\u00f3dios de ataque, divulgou a Ag\u00eancia Nacional de Energia El\u00e9trica (Aneel). O balan\u00e7o mais recente do \u00f3rg\u00e3o incluiu o Mato Grosso entre os estados com registro de vandalismo \u00e0 rede el\u00e9trica.<img decoding=\"async\" src=\"https:\/\/agenciabrasil.ebc.com.br\/ebc.png?id=1505829&amp;o=node\" \/><img decoding=\"async\" src=\"https:\/\/agenciabrasil.ebc.com.br\/ebc.gif?id=1505829&amp;o=node\" \/><\/p>\n<p>De acordo com os registros, tr\u00eas torres foram derrubadas em Rond\u00f4nia e uma no Paran\u00e1. As 16 torres danificadas est\u00e3o distribu\u00eddas da seguinte forma: seis no Paran\u00e1, seis em Rond\u00f4nia, tr\u00eas em S\u00e3o Paulo e uma no Mato Grosso.<\/p>\n<p>Entre os tipos de danos que n\u00e3o resultaram na derrubada das torres, est\u00e3o cabos de transmiss\u00e3o rompidos, estruturas retorcidas pela queda de torres vizinhas e cabos de sustenta\u00e7\u00e3o da base cortados.<\/p>\n<p>Como um epis\u00f3dio de ataque pode resultar em mais de uma torre derrubada ou danificada, o registro \u00e9 feito de forma conjunta, o que resultou em 11 ocorr\u00eancias at\u00e9 agora. Desse total, o Paran\u00e1 lidera, com quatro incidentes. Em seguida, v\u00eam S\u00e3o Paulo (tr\u00eas registros), Rond\u00f4nia (tr\u00eas) e Mato Grosso (um).<\/p>\n<p>Em nota oficial, a Aneel informou que acompanha os ataques a torres de energia e trabalha em conjunto com outros \u00f3rg\u00e3os, como a Pol\u00edcia Federal, a Pol\u00edcia Rodovi\u00e1ria Federal e a Ag\u00eancia Brasileira de Intelig\u00eancia (Abin) para refor\u00e7ar a seguran\u00e7a da estrutura el\u00e9trica e identificar avarias o mais r\u00e1pido poss\u00edvel na rede para evitar danos maiores que provoquem a interrup\u00e7\u00e3o no fornecimento de eletricidade.<\/p>\n<p><strong>leia mais<\/strong><\/p>\n<p><a href=\"https:\/\/redenoticiaz.com.br\/blog\/2023\/01\/13\/homem-escala-poste-para-furtar-fios-de-energia-em-peruibe-sp\">Homem escala poste para furtar fios de energia em Peru\u00edbe<\/a><\/p>\n","protected":false},"excerpt":{"rendered":"<p>Desde 8 de janeiro, o Brasil teve 16 torres de energia danificadas e 4 derrubadas em 11 epis\u00f3dios de ataque, divulgou a Ag\u00eancia Nacional de Energia El\u00e9trica (Aneel). O balan\u00e7o mais recente do \u00f3rg\u00e3o incluiu o Mato Grosso entre os estados com registro de vandalismo \u00e0 rede el\u00e9trica. De acordo com os registros, tr\u00eas torres &hellip;<\/p>\n","protected":false},"author":12,"featured_media":94158,"comment_status":"open","ping_status":"closed","sticky":false,"template":"","format":"standard","meta":{"footnotes":""},"categories":[2920],"tags":[18365,70,17114,16403,24201],"class_list":["post-99231","post","type-post","status-publish","format-standard","has-post-thumbnail","hentry","category-obras","tag-aneel","tag-brasil","tag-energia","tag-postes","tag-torres"],"yoast_head":"<!-- This site is optimized with the Yoast SEO plugin v27.4 - https:\/\/yoast.com\/product\/yoast-seo-wordpress\/ -->\n<title>Brasil teve 16 torres de energia danificadas e 4 derrubadas em janeiro - Ribeir\u00e3o Preto e Regi\u00e3o<\/title>\n<meta name=\"description\" content=\"Em janeiro o Brasil teve 16 torres de energia danificadas e 4 derrubadas em 11 epis\u00f3dios de ataque, divulgou a Ag\u00eancia Nacional de Energia El\u00e9trica.\" \/>\n<meta name=\"robots\" content=\"index, follow, max-snippet:-1, max-image-preview:large, max-video-preview:-1\" \/>\n<link rel=\"canonical\" href=\"https:\/\/redenoticiaz.com.br\/ribeiraopreto-regiao\/sp\/2023\/01\/28\/brasil-teve-16-torres-de-energia-danificadas-e-4-derrubadas-em-janeiro\" \/>\n<meta property=\"og:locale\" content=\"pt_BR\" \/>\n<meta property=\"og:type\" content=\"article\" \/>\n<meta property=\"og:title\" content=\"Brasil teve 16 torres de energia danificadas e 4 derrubadas em janeiro - Ribeir\u00e3o Preto e Regi\u00e3o\" \/>\n<meta property=\"og:description\" content=\"Em janeiro o Brasil teve 16 torres de energia danificadas e 4 derrubadas em 11 epis\u00f3dios de ataque, divulgou a Ag\u00eancia Nacional de Energia El\u00e9trica.\" \/>\n<meta property=\"og:url\" content=\"https:\/\/redenoticiaz.com.br\/ribeiraopreto-regiao\/sp\/2023\/01\/28\/brasil-teve-16-torres-de-energia-danificadas-e-4-derrubadas-em-janeiro\" \/>\n<meta property=\"og:site_name\" content=\"Ribeir\u00e3o Preto e Regi\u00e3o\" \/>\n<meta property=\"article:publisher\" content=\"https:\/\/m.facebook.com\/redenoticiaz.barretos\" \/>\n<meta property=\"article:published_time\" content=\"2023-01-28T18:00:37+00:00\" \/>\n<meta property=\"og:image\" content=\"https:\/\/redenoticiaz.com.br\/ribeiraopreto-regiao\/wp-content\/uploads\/sites\/4\/2022\/10\/946194-energia_linha-de-transmissao-13.jpg?v=1666993662\" \/>\n\t<meta property=\"og:image:width\" content=\"1170\" \/>\n\t<meta property=\"og:image:height\" content=\"700\" \/>\n\t<meta property=\"og:image:type\" content=\"image\/jpeg\" \/>\n<meta name=\"author\" content=\"Gustavo Silva\" \/>\n<meta name=\"twitter:card\" content=\"summary_large_image\" \/>\n<meta name=\"twitter:creator\" content=\"@RN_barretos\" \/>\n<meta name=\"twitter:site\" content=\"@RN_barretos\" \/>\n<meta name=\"twitter:label1\" content=\"Escrito por\" \/>\n\t<meta name=\"twitter:data1\" content=\"Gustavo Silva\" \/>\n\t<meta name=\"twitter:label2\" content=\"Est. tempo de leitura\" \/>\n\t<meta name=\"twitter:data2\" content=\"2 minutos\" \/>\n<script type=\"application\/ld+json\" class=\"yoast-schema-graph\">{\"@context\":\"https:\\\/\\\/schema.org\",\"@graph\":[{\"@type\":\"Article\",\"@id\":\"https:\\\/\\\/redenoticiaz.com.br\\\/ribeiraopreto-regiao\\\/sp\\\/2023\\\/01\\\/28\\\/brasil-teve-16-torres-de-energia-danificadas-e-4-derrubadas-em-janeiro#article\",\"isPartOf\":{\"@id\":\"https:\\\/\\\/redenoticiaz.com.br\\\/ribeiraopreto-regiao\\\/sp\\\/2023\\\/01\\\/28\\\/brasil-teve-16-torres-de-energia-danificadas-e-4-derrubadas-em-janeiro\"},\"author\":{\"name\":\"Gustavo Silva\",\"@id\":\"https:\\\/\\\/redenoticiaz.com.br\\\/ribeiraopreto-regiao\\\/#\\\/schema\\\/person\\\/16057b37a3c0ee6b096d7f887c566e2e\"},\"headline\":\"Brasil teve 16 torres de energia danificadas e 4 derrubadas em janeiro\",\"datePublished\":\"2023-01-28T18:00:37+00:00\",\"mainEntityOfPage\":{\"@id\":\"https:\\\/\\\/redenoticiaz.com.br\\\/ribeiraopreto-regiao\\\/sp\\\/2023\\\/01\\\/28\\\/brasil-teve-16-torres-de-energia-danificadas-e-4-derrubadas-em-janeiro\"},\"wordCount\":284,\"commentCount\":0,\"publisher\":{\"@id\":\"https:\\\/\\\/redenoticiaz.com.br\\\/ribeiraopreto-regiao\\\/#organization\"},\"image\":{\"@id\":\"https:\\\/\\\/redenoticiaz.com.br\\\/ribeiraopreto-regiao\\\/sp\\\/2023\\\/01\\\/28\\\/brasil-teve-16-torres-de-energia-danificadas-e-4-derrubadas-em-janeiro#primaryimage\"},\"thumbnailUrl\":\"https:\\\/\\\/redenoticiaz.com.br\\\/ribeiraopreto-regiao\\\/wp-content\\\/uploads\\\/sites\\\/4\\\/2022\\\/10\\\/946194-energia_linha-de-transmissao-13.jpg?v=1666993662\",\"keywords\":[\"ANEEL\",\"Brasil\",\"energia\",\"postes\",\"torres\"],\"articleSection\":[\"Obras\"],\"inLanguage\":\"pt-BR\",\"potentialAction\":[{\"@type\":\"CommentAction\",\"name\":\"Comment\",\"target\":[\"https:\\\/\\\/redenoticiaz.com.br\\\/ribeiraopreto-regiao\\\/sp\\\/2023\\\/01\\\/28\\\/brasil-teve-16-torres-de-energia-danificadas-e-4-derrubadas-em-janeiro#respond\"]}]},{\"@type\":\"WebPage\",\"@id\":\"https:\\\/\\\/redenoticiaz.com.br\\\/ribeiraopreto-regiao\\\/sp\\\/2023\\\/01\\\/28\\\/brasil-teve-16-torres-de-energia-danificadas-e-4-derrubadas-em-janeiro\",\"url\":\"https:\\\/\\\/redenoticiaz.com.br\\\/ribeiraopreto-regiao\\\/sp\\\/2023\\\/01\\\/28\\\/brasil-teve-16-torres-de-energia-danificadas-e-4-derrubadas-em-janeiro\",\"name\":\"Brasil teve 16 torres de energia danificadas e 4 derrubadas em janeiro - Ribeir\u00e3o Preto e Regi\u00e3o\",\"isPartOf\":{\"@id\":\"https:\\\/\\\/redenoticiaz.com.br\\\/ribeiraopreto-regiao\\\/#website\"},\"primaryImageOfPage\":{\"@id\":\"https:\\\/\\\/redenoticiaz.com.br\\\/ribeiraopreto-regiao\\\/sp\\\/2023\\\/01\\\/28\\\/brasil-teve-16-torres-de-energia-danificadas-e-4-derrubadas-em-janeiro#primaryimage\"},\"image\":{\"@id\":\"https:\\\/\\\/redenoticiaz.com.br\\\/ribeiraopreto-regiao\\\/sp\\\/2023\\\/01\\\/28\\\/brasil-teve-16-torres-de-energia-danificadas-e-4-derrubadas-em-janeiro#primaryimage\"},\"thumbnailUrl\":\"https:\\\/\\\/redenoticiaz.com.br\\\/ribeiraopreto-regiao\\\/wp-content\\\/uploads\\\/sites\\\/4\\\/2022\\\/10\\\/946194-energia_linha-de-transmissao-13.jpg?v=1666993662\",\"datePublished\":\"2023-01-28T18:00:37+00:00\",\"description\":\"Em janeiro o Brasil teve 16 torres de energia danificadas e 4 derrubadas em 11 epis\u00f3dios de ataque, divulgou a Ag\u00eancia Nacional de Energia El\u00e9trica.\",\"inLanguage\":\"pt-BR\",\"potentialAction\":[{\"@type\":\"ReadAction\",\"target\":[\"https:\\\/\\\/redenoticiaz.com.br\\\/ribeiraopreto-regiao\\\/sp\\\/2023\\\/01\\\/28\\\/brasil-teve-16-torres-de-energia-danificadas-e-4-derrubadas-em-janeiro\"]}]},{\"@type\":\"ImageObject\",\"inLanguage\":\"pt-BR\",\"@id\":\"https:\\\/\\\/redenoticiaz.com.br\\\/ribeiraopreto-regiao\\\/sp\\\/2023\\\/01\\\/28\\\/brasil-teve-16-torres-de-energia-danificadas-e-4-derrubadas-em-janeiro#primaryimage\",\"url\":\"https:\\\/\\\/redenoticiaz.com.br\\\/ribeiraopreto-regiao\\\/wp-content\\\/uploads\\\/sites\\\/4\\\/2022\\\/10\\\/946194-energia_linha-de-transmissao-13.jpg?v=1666993662\",\"contentUrl\":\"https:\\\/\\\/redenoticiaz.com.br\\\/ribeiraopreto-regiao\\\/wp-content\\\/uploads\\\/sites\\\/4\\\/2022\\\/10\\\/946194-energia_linha-de-transmissao-13.jpg?v=1666993662\",\"width\":1170,\"height\":700,\"caption\":\"Distribuidoras de energia refor\u00e7am plant\u00e3o no 2\u00ba turno das elei\u00e7\u00f5es\"},{\"@type\":\"WebSite\",\"@id\":\"https:\\\/\\\/redenoticiaz.com.br\\\/ribeiraopreto-regiao\\\/#website\",\"url\":\"https:\\\/\\\/redenoticiaz.com.br\\\/ribeiraopreto-regiao\\\/\",\"name\":\"Ribeir\u00e3o Preto e Regi\u00e3o\",\"description\":\"Rede NoticiaZ - Ribeir\u00e3o Preto e regi\u00e3o\",\"publisher\":{\"@id\":\"https:\\\/\\\/redenoticiaz.com.br\\\/ribeiraopreto-regiao\\\/#organization\"},\"potentialAction\":[{\"@type\":\"SearchAction\",\"target\":{\"@type\":\"EntryPoint\",\"urlTemplate\":\"https:\\\/\\\/redenoticiaz.com.br\\\/ribeiraopreto-regiao\\\/?s={search_term_string}\"},\"query-input\":{\"@type\":\"PropertyValueSpecification\",\"valueRequired\":true,\"valueName\":\"search_term_string\"}}],\"inLanguage\":\"pt-BR\"},{\"@type\":\"Organization\",\"@id\":\"https:\\\/\\\/redenoticiaz.com.br\\\/ribeiraopreto-regiao\\\/#organization\",\"name\":\"Ribeir\u00e3o Preto e Regi\u00e3o\",\"url\":\"https:\\\/\\\/redenoticiaz.com.br\\\/ribeiraopreto-regiao\\\/\",\"logo\":{\"@type\":\"ImageObject\",\"inLanguage\":\"pt-BR\",\"@id\":\"https:\\\/\\\/redenoticiaz.com.br\\\/ribeiraopreto-regiao\\\/#\\\/schema\\\/logo\\\/image\\\/\",\"url\":\"https:\\\/\\\/redenoticiaz.com.br\\\/barretos-regiao\\\/wp-content\\\/uploads\\\/sites\\\/4\\\/2022\\\/02\\\/logo.jpg\",\"contentUrl\":\"https:\\\/\\\/redenoticiaz.com.br\\\/barretos-regiao\\\/wp-content\\\/uploads\\\/sites\\\/4\\\/2022\\\/02\\\/logo.jpg\",\"width\":400,\"height\":250,\"caption\":\"Ribeir\u00e3o Preto e Regi\u00e3o\"},\"image\":{\"@id\":\"https:\\\/\\\/redenoticiaz.com.br\\\/ribeiraopreto-regiao\\\/#\\\/schema\\\/logo\\\/image\\\/\"},\"sameAs\":[\"https:\\\/\\\/m.facebook.com\\\/redenoticiaz.barretos\",\"https:\\\/\\\/x.com\\\/RN_barretos\",\"https:\\\/\\\/www.instagram.com\\\/redenoticiaz.barretos\\\/?igshid=YmMyMTA2M2Y\",\"https:\\\/\\\/www.linkedin.com\\\/company\\\/rede-noticiaz-barretos-e-regio\\\/\"]},{\"@type\":\"Person\",\"@id\":\"https:\\\/\\\/redenoticiaz.com.br\\\/ribeiraopreto-regiao\\\/#\\\/schema\\\/person\\\/16057b37a3c0ee6b096d7f887c566e2e\",\"name\":\"Gustavo Silva\",\"image\":{\"@type\":\"ImageObject\",\"inLanguage\":\"pt-BR\",\"@id\":\"https:\\\/\\\/secure.gravatar.com\\\/avatar\\\/3ee4e82f93b26de0a7cf4ea5eb7893da637ed6bb0c9170c58065944c56e28a33?s=96&d=mm&r=g\",\"url\":\"https:\\\/\\\/secure.gravatar.com\\\/avatar\\\/3ee4e82f93b26de0a7cf4ea5eb7893da637ed6bb0c9170c58065944c56e28a33?s=96&d=mm&r=g\",\"contentUrl\":\"https:\\\/\\\/secure.gravatar.com\\\/avatar\\\/3ee4e82f93b26de0a7cf4ea5eb7893da637ed6bb0c9170c58065944c56e28a33?s=96&d=mm&r=g\",\"caption\":\"Gustavo Silva\"},\"url\":\"https:\\\/\\\/redenoticiaz.com.br\\\/ribeiraopreto-regiao\\\/sp\\\/author\\\/gustavosilva\"}]}<\/script>\n<!-- \/ Yoast SEO plugin. -->","yoast_head_json":{"title":"Brasil teve 16 torres de energia danificadas e 4 derrubadas em janeiro - Ribeir\u00e3o Preto e Regi\u00e3o","description":"Em janeiro o Brasil teve 16 torres de energia danificadas e 4 derrubadas em 11 epis\u00f3dios de ataque, divulgou a Ag\u00eancia Nacional de Energia El\u00e9trica.","robots":{"index":"index","follow":"follow","max-snippet":"max-snippet:-1","max-image-preview":"max-image-preview:large","max-video-preview":"max-video-preview:-1"},"canonical":"https:\/\/redenoticiaz.com.br\/ribeiraopreto-regiao\/sp\/2023\/01\/28\/brasil-teve-16-torres-de-energia-danificadas-e-4-derrubadas-em-janeiro","og_locale":"pt_BR","og_type":"article","og_title":"Brasil teve 16 torres de energia danificadas e 4 derrubadas em janeiro - Ribeir\u00e3o Preto e Regi\u00e3o","og_description":"Em janeiro o Brasil teve 16 torres de energia danificadas e 4 derrubadas em 11 epis\u00f3dios de ataque, divulgou a Ag\u00eancia Nacional de Energia El\u00e9trica.","og_url":"https:\/\/redenoticiaz.com.br\/ribeiraopreto-regiao\/sp\/2023\/01\/28\/brasil-teve-16-torres-de-energia-danificadas-e-4-derrubadas-em-janeiro","og_site_name":"Ribeir\u00e3o Preto e Regi\u00e3o","article_publisher":"https:\/\/m.facebook.com\/redenoticiaz.barretos","article_published_time":"2023-01-28T18:00:37+00:00","og_image":[{"width":1170,"height":700,"url":"https:\/\/redenoticiaz.com.br\/ribeiraopreto-regiao\/wp-content\/uploads\/sites\/4\/2022\/10\/946194-energia_linha-de-transmissao-13.jpg?v=1666993662","type":"image\/jpeg"}],"author":"Gustavo Silva","twitter_card":"summary_large_image","twitter_creator":"@RN_barretos","twitter_site":"@RN_barretos","twitter_misc":{"Escrito por":"Gustavo Silva","Est. tempo de leitura":"2 minutos"},"schema":{"@context":"https:\/\/schema.org","@graph":[{"@type":"Article","@id":"https:\/\/redenoticiaz.com.br\/ribeiraopreto-regiao\/sp\/2023\/01\/28\/brasil-teve-16-torres-de-energia-danificadas-e-4-derrubadas-em-janeiro#article","isPartOf":{"@id":"https:\/\/redenoticiaz.com.br\/ribeiraopreto-regiao\/sp\/2023\/01\/28\/brasil-teve-16-torres-de-energia-danificadas-e-4-derrubadas-em-janeiro"},"author":{"name":"Gustavo Silva","@id":"https:\/\/redenoticiaz.com.br\/ribeiraopreto-regiao\/#\/schema\/person\/16057b37a3c0ee6b096d7f887c566e2e"},"headline":"Brasil teve 16 torres de energia danificadas e 4 derrubadas em janeiro","datePublished":"2023-01-28T18:00:37+00:00","mainEntityOfPage":{"@id":"https:\/\/redenoticiaz.com.br\/ribeiraopreto-regiao\/sp\/2023\/01\/28\/brasil-teve-16-torres-de-energia-danificadas-e-4-derrubadas-em-janeiro"},"wordCount":284,"commentCount":0,"publisher":{"@id":"https:\/\/redenoticiaz.com.br\/ribeiraopreto-regiao\/#organization"},"image":{"@id":"https:\/\/redenoticiaz.com.br\/ribeiraopreto-regiao\/sp\/2023\/01\/28\/brasil-teve-16-torres-de-energia-danificadas-e-4-derrubadas-em-janeiro#primaryimage"},"thumbnailUrl":"https:\/\/redenoticiaz.com.br\/ribeiraopreto-regiao\/wp-content\/uploads\/sites\/4\/2022\/10\/946194-energia_linha-de-transmissao-13.jpg?v=1666993662","keywords":["ANEEL","Brasil","energia","postes","torres"],"articleSection":["Obras"],"inLanguage":"pt-BR","potentialAction":[{"@type":"CommentAction","name":"Comment","target":["https:\/\/redenoticiaz.com.br\/ribeiraopreto-regiao\/sp\/2023\/01\/28\/brasil-teve-16-torres-de-energia-danificadas-e-4-derrubadas-em-janeiro#respond"]}]},{"@type":"WebPage","@id":"https:\/\/redenoticiaz.com.br\/ribeiraopreto-regiao\/sp\/2023\/01\/28\/brasil-teve-16-torres-de-energia-danificadas-e-4-derrubadas-em-janeiro","url":"https:\/\/redenoticiaz.com.br\/ribeiraopreto-regiao\/sp\/2023\/01\/28\/brasil-teve-16-torres-de-energia-danificadas-e-4-derrubadas-em-janeiro","name":"Brasil teve 16 torres de energia danificadas e 4 derrubadas em janeiro - Ribeir\u00e3o Preto e Regi\u00e3o","isPartOf":{"@id":"https:\/\/redenoticiaz.com.br\/ribeiraopreto-regiao\/#website"},"primaryImageOfPage":{"@id":"https:\/\/redenoticiaz.com.br\/ribeiraopreto-regiao\/sp\/2023\/01\/28\/brasil-teve-16-torres-de-energia-danificadas-e-4-derrubadas-em-janeiro#primaryimage"},"image":{"@id":"https:\/\/redenoticiaz.com.br\/ribeiraopreto-regiao\/sp\/2023\/01\/28\/brasil-teve-16-torres-de-energia-danificadas-e-4-derrubadas-em-janeiro#primaryimage"},"thumbnailUrl":"https:\/\/redenoticiaz.com.br\/ribeiraopreto-regiao\/wp-content\/uploads\/sites\/4\/2022\/10\/946194-energia_linha-de-transmissao-13.jpg?v=1666993662","datePublished":"2023-01-28T18:00:37+00:00","description":"Em janeiro o Brasil teve 16 torres de energia danificadas e 4 derrubadas em 11 epis\u00f3dios de ataque, divulgou a Ag\u00eancia Nacional de Energia El\u00e9trica.","inLanguage":"pt-BR","potentialAction":[{"@type":"ReadAction","target":["https:\/\/redenoticiaz.com.br\/ribeiraopreto-regiao\/sp\/2023\/01\/28\/brasil-teve-16-torres-de-energia-danificadas-e-4-derrubadas-em-janeiro"]}]},{"@type":"ImageObject","inLanguage":"pt-BR","@id":"https:\/\/redenoticiaz.com.br\/ribeiraopreto-regiao\/sp\/2023\/01\/28\/brasil-teve-16-torres-de-energia-danificadas-e-4-derrubadas-em-janeiro#primaryimage","url":"https:\/\/redenoticiaz.com.br\/ribeiraopreto-regiao\/wp-content\/uploads\/sites\/4\/2022\/10\/946194-energia_linha-de-transmissao-13.jpg?v=1666993662","contentUrl":"https:\/\/redenoticiaz.com.br\/ribeiraopreto-regiao\/wp-content\/uploads\/sites\/4\/2022\/10\/946194-energia_linha-de-transmissao-13.jpg?v=1666993662","width":1170,"height":700,"caption":"Distribuidoras de energia refor\u00e7am plant\u00e3o no 2\u00ba turno das elei\u00e7\u00f5es"},{"@type":"WebSite","@id":"https:\/\/redenoticiaz.com.br\/ribeiraopreto-regiao\/#website","url":"https:\/\/redenoticiaz.com.br\/ribeiraopreto-regiao\/","name":"Ribeir\u00e3o Preto e Regi\u00e3o","description":"Rede NoticiaZ - Ribeir\u00e3o Preto e regi\u00e3o","publisher":{"@id":"https:\/\/redenoticiaz.com.br\/ribeiraopreto-regiao\/#organization"},"potentialAction":[{"@type":"SearchAction","target":{"@type":"EntryPoint","urlTemplate":"https:\/\/redenoticiaz.com.br\/ribeiraopreto-regiao\/?s={search_term_string}"},"query-input":{"@type":"PropertyValueSpecification","valueRequired":true,"valueName":"search_term_string"}}],"inLanguage":"pt-BR"},{"@type":"Organization","@id":"https:\/\/redenoticiaz.com.br\/ribeiraopreto-regiao\/#organization","name":"Ribeir\u00e3o Preto e Regi\u00e3o","url":"https:\/\/redenoticiaz.com.br\/ribeiraopreto-regiao\/","logo":{"@type":"ImageObject","inLanguage":"pt-BR","@id":"https:\/\/redenoticiaz.com.br\/ribeiraopreto-regiao\/#\/schema\/logo\/image\/","url":"https:\/\/redenoticiaz.com.br\/barretos-regiao\/wp-content\/uploads\/sites\/4\/2022\/02\/logo.jpg","contentUrl":"https:\/\/redenoticiaz.com.br\/barretos-regiao\/wp-content\/uploads\/sites\/4\/2022\/02\/logo.jpg","width":400,"height":250,"caption":"Ribeir\u00e3o Preto e Regi\u00e3o"},"image":{"@id":"https:\/\/redenoticiaz.com.br\/ribeiraopreto-regiao\/#\/schema\/logo\/image\/"},"sameAs":["https:\/\/m.facebook.com\/redenoticiaz.barretos","https:\/\/x.com\/RN_barretos","https:\/\/www.instagram.com\/redenoticiaz.barretos\/?igshid=YmMyMTA2M2Y","https:\/\/www.linkedin.com\/company\/rede-noticiaz-barretos-e-regio\/"]},{"@type":"Person","@id":"https:\/\/redenoticiaz.com.br\/ribeiraopreto-regiao\/#\/schema\/person\/16057b37a3c0ee6b096d7f887c566e2e","name":"Gustavo Silva","image":{"@type":"ImageObject","inLanguage":"pt-BR","@id":"https:\/\/secure.gravatar.com\/avatar\/3ee4e82f93b26de0a7cf4ea5eb7893da637ed6bb0c9170c58065944c56e28a33?s=96&d=mm&r=g","url":"https:\/\/secure.gravatar.com\/avatar\/3ee4e82f93b26de0a7cf4ea5eb7893da637ed6bb0c9170c58065944c56e28a33?s=96&d=mm&r=g","contentUrl":"https:\/\/secure.gravatar.com\/avatar\/3ee4e82f93b26de0a7cf4ea5eb7893da637ed6bb0c9170c58065944c56e28a33?s=96&d=mm&r=g","caption":"Gustavo Silva"},"url":"https:\/\/redenoticiaz.com.br\/ribeiraopreto-regiao\/sp\/author\/gustavosilva"}]}},"_links":{"self":[{"href":"https:\/\/redenoticiaz.com.br\/ribeiraopreto-regiao\/wp-json\/wp\/v2\/posts\/99231","targetHints":{"allow":["GET"]}}],"collection":[{"href":"https:\/\/redenoticiaz.com.br\/ribeiraopreto-regiao\/wp-json\/wp\/v2\/posts"}],"about":[{"href":"https:\/\/redenoticiaz.com.br\/ribeiraopreto-regiao\/wp-json\/wp\/v2\/types\/post"}],"author":[{"embeddable":true,"href":"https:\/\/redenoticiaz.com.br\/ribeiraopreto-regiao\/wp-json\/wp\/v2\/users\/12"}],"replies":[{"embeddable":true,"href":"https:\/\/redenoticiaz.com.br\/ribeiraopreto-regiao\/wp-json\/wp\/v2\/comments?post=99231"}],"version-history":[{"count":0,"href":"https:\/\/redenoticiaz.com.br\/ribeiraopreto-regiao\/wp-json\/wp\/v2\/posts\/99231\/revisions"}],"wp:featuredmedia":[{"embeddable":true,"href":"https:\/\/redenoticiaz.com.br\/ribeiraopreto-regiao\/wp-json\/wp\/v2\/media\/94158"}],"wp:attachment":[{"href":"https:\/\/redenoticiaz.com.br\/ribeiraopreto-regiao\/wp-json\/wp\/v2\/media?parent=99231"}],"wp:term":[{"taxonomy":"category","embeddable":true,"href":"https:\/\/redenoticiaz.com.br\/ribeiraopreto-regiao\/wp-json\/wp\/v2\/categories?post=99231"},{"taxonomy":"post_tag","embeddable":true,"href":"https:\/\/redenoticiaz.com.br\/ribeiraopreto-regiao\/wp-json\/wp\/v2\/tags?post=99231"}],"curies":[{"name":"wp","href":"https:\/\/api.w.org\/{rel}","templated":true}]}}