{"id":99315,"date":"2023-01-26T10:54:45","date_gmt":"2023-01-26T13:54:45","guid":{"rendered":"https:\/\/redenoticiaz.com.br\/barretos-regiao\/sp\/2023\/01\/26\/navio-com-45-toneladas-de-cocaina-e-interceptado-na-espanha-apos-deixar-o-porto-de-santos"},"modified":"2023-01-26T10:54:45","modified_gmt":"2023-01-26T13:54:45","slug":"navio-com-45-toneladas-de-cocaina-e-interceptado-na-espanha-apos-deixar-o-porto-de-santos","status":"publish","type":"post","link":"https:\/\/redenoticiaz.com.br\/ribeiraopreto-regiao\/sp\/2023\/01\/26\/navio-com-45-toneladas-de-cocaina-e-interceptado-na-espanha-apos-deixar-o-porto-de-santos","title":{"rendered":"Navio com 4,5 toneladas de coca\u00edna \u00e9 interceptado na Espanha ap\u00f3s deixar o Porto de Santos"},"content":{"rendered":"<div id=\"chunk-9stmi\">\n<div class=\"mc-column content-text active-extra-styles \" data-block-type=\"unstyled\" data-block-weight=\"32\" data-block-id=\"3\">\n<p class=\"content-text__container \" data-track-category=\"Link no Texto\" data-track-links=\"\">Cerca de <strong>4,5 toneladas de coca\u00edna foram apreendidas<\/strong> ap\u00f3s um navio cargueiro ser interceptado pela Guarda Civil da Espanha, nas Ilhas Can\u00e1rias. A embarca\u00e7\u00e3o havia deixado o Porto de Santos, Litoral de S\u00e3o Paulo e 15 tripulantes entre albaneses e paquistaneses foram presos. Apreens\u00e3o ocorreu no dia 18 de janeiro.<\/p>\n<\/div>\n<\/div>\n<div class=\"wall protected-content\">\n<div id=\"chunk-em1oj\">\n<div class=\"mc-column content-text active-extra-styles \" data-block-type=\"unstyled\" data-block-weight=\"36\" data-block-id=\"4\">\n<p class=\"content-text__container \" data-track-category=\"Link no Texto\" data-track-links=\"\">O cargueiro chamado \u201cBlume\u201d opera sob a bandeira de Togo. <span class=\"highlight highlighted\">O navio saiu do <\/span><span class=\"highlight highlighted\">Porto de <\/span><span class=\"highlight highlighted\">Santos<\/span>, no dia 20 de dezembro, segundo o site Marine Traffic. O destino era Riga, na Litu\u00e2nia.<\/p>\n<\/div>\n<\/div>\n<div id=\"chunk-dq27l\">\n<div class=\"mc-column content-text active-extra-styles \" data-block-type=\"unstyled\" data-block-weight=\"16\" data-block-id=\"5\">\n<p class=\"content-text__container \" data-track-category=\"Link no Texto\" data-track-links=\"\">No entanto, a guarda civil espanhola n\u00e3o informou se o navio foi abastecido com a droga no Brasil.<\/p>\n<div id=\"chunk-1rf8q\">\n<div class=\"mc-column content-text active-extra-styles \" data-block-type=\"unstyled\" data-block-weight=\"28\" data-block-id=\"9\">\n<p class=\"content-text__container \" data-track-category=\"Link no Texto\" data-track-links=\"\">A opera\u00e7\u00e3o, que contou com ajuda de diversas entidades internacionais, come\u00e7ou com o alerta do poss\u00edvel envolvimento da embarca\u00e7\u00e3o com o tr\u00e1fico de drogas na Am\u00e9rica do Sul. Como resultado, a vigil\u00e2ncia aduaneira espanhola identificou qual seria o navio e fez a abordagem na madrugada do dia 18.<\/p>\n<\/div>\n<\/div>\n<div class=\"mc-column content-text active-extra-styles\" data-block-type=\"raw\" data-block-weight=\"29\" data-block-id=\"11\">A mercadoria oficialmente declarada era de 200 toneladas de caf\u00e9, bem abaixo da capacidade real de carga do navio, o que chamou a aten\u00e7\u00e3o dos funcion\u00e1rios encarregados da opera\u00e7\u00e3o. Ao inspecionarem o cargueiro, encontraram a droga escondida.<\/div>\n<div data-block-type=\"raw\" data-block-weight=\"29\" data-block-id=\"11\"><\/div>\n<div id=\"chunk-d82g6\">\n<div class=\"mc-column content-text active-extra-styles \" data-block-type=\"unstyled\" data-block-weight=\"26\" data-block-id=\"13\">\n<p class=\"content-text__container \" data-track-category=\"Link no Texto\" data-track-links=\"\">Dos 15 tripulantes do navio, dois eram albaneses e 13 paquistaneses. Todos foram detidos e encaminhados para o porto de Santa Cruz de Tenerife, na Espanha.<\/p>\n<\/div>\n<\/div>\n<div class=\"mc-column content-text active-extra-styles\" data-block-type=\"raw\" data-block-weight=\"3\" data-block-id=\"14\">\n<div class=\"content-intertitle\">\n<h3>Transbordo de carga<\/h3>\n<\/div>\n<\/div>\n<div id=\"chunk-ajpgl\">\n<div class=\"mc-column content-text active-extra-styles \" data-block-type=\"unstyled\" data-block-weight=\"43\" data-block-id=\"15\">\n<p class=\"content-text__container \" data-track-category=\"Link no Texto\" data-track-links=\"\">A guarda civil informou que as condi\u00e7\u00f5es do embarque foram muito complicadas devido \u00e0 situa\u00e7\u00e3o do mar e \u00e0s grandes dimens\u00f5es do barco. Apesar disso, a r\u00e1pida atua\u00e7\u00e3o impediu um eventual transbordo de drogas para outras embarca\u00e7\u00f5es, o que teria comprometido a apreens\u00e3o.<\/p>\n<\/div>\n<\/div>\n<div id=\"chunk-67om9\">\n<div class=\"mc-column content-text active-extra-styles \" data-block-type=\"unstyled\" data-block-weight=\"49\" data-block-id=\"16\">\n<p class=\"content-text__container \" data-track-category=\"Link no Texto\" data-track-links=\"\">Esta opera\u00e7\u00e3o atuou na regi\u00e3o que \u00e9 conhecida como <strong>&#8220;Rota do Atl\u00e2ntico da Coca\u00edna\u201d<\/strong>, uma regi\u00e3o no meio do Oceano Atl\u00e2ntico utilizada por barcos de pesca, mercadores e cargueiros para <span class=\"highlight highlighted\">passar a carga de drogas de uma embarca\u00e7\u00e3o para outra<\/span> e posteriormente levar a subst\u00e2ncia para o continente europeu.<\/p>\n<\/div>\n<\/div>\n<div id=\"chunk-frc8l\">\n<div class=\"content-ads content-ads--reveal\" data-block-type=\"ads\" data-block-id=\"17\">\n<div id=\"banner_materia__31311a00-d2ca-4ac6-a8b3-8c60d2dc29dd\" class=\"tag-manager-publicidade-container mc-has-reveal mc-has-ad-lazyload tag-manager-publicidade-banner_materia__31311a00-d2ca-4ac6-a8b3-8c60d2dc29dd tag-manager-publicidade-container--carregado tag-manager-publicidade-container--visivel\" data-id=\"banner_materia__31311a00-d2ca-4ac6-a8b3-8c60d2dc29dd\" data-google-query-id=\"CJnlgtyu5fwCFY2vlQIdZyAJLg\">\n<div id=\"google_ads_iframe_\/95377733\/tvg_G1\/Mundo_5__container__\"><strong>LEIA TAMB\u00c9M<\/strong><\/div>\n<\/div>\n<\/div>\n<\/div>\n<\/div>\n<\/div>\n<\/div>\n<div><\/div>\n<div><a href=\"https:\/\/redenoticiaz.com.br\/litoralsp\/2023\/01\/25\/trabalho-escravo-2-575-pessoas-foram-resgatadas-em-2022\">Trabalho escravo: 2.575 pessoas foram resgatadas em 2022<\/a><\/div>\n","protected":false},"excerpt":{"rendered":"<p>Cerca de 4,5 toneladas de coca\u00edna foram apreendidas ap\u00f3s um navio cargueiro ser interceptado pela Guarda Civil da Espanha, nas Ilhas Can\u00e1rias. A embarca\u00e7\u00e3o havia deixado o Porto de Santos, Litoral de S\u00e3o Paulo e 15 tripulantes entre albaneses e paquistaneses foram presos. Apreens\u00e3o ocorreu no dia 18 de janeiro. O cargueiro chamado \u201cBlume\u201d opera &hellip;<\/p>\n","protected":false},"author":6,"featured_media":99316,"comment_status":"open","ping_status":"closed","sticky":false,"template":"","format":"standard","meta":{"footnotes":""},"categories":[88],"tags":[9270,4965,18861,24255,24256,397],"class_list":["post-99315","post","type-post","status-publish","format-standard","has-post-thumbnail","hentry","category-policia","tag-carga-de-cafe","tag-cocaina","tag-espanha","tag-guarda-civil-da-espanha","tag-ilhas-canarias","tag-porto-de-santos"],"yoast_head":"<!-- This site is optimized with the Yoast SEO plugin v27.4 - https:\/\/yoast.com\/product\/yoast-seo-wordpress\/ -->\n<title>Navio com 4,5 toneladas de coca\u00edna \u00e9 interceptado na Espanha ap\u00f3s deixar o Porto de Santos - Ribeir\u00e3o Preto e Regi\u00e3o<\/title>\n<meta name=\"description\" content=\"Cerca de 4,5 toneladas de coca\u00edna foram apreendidas ap\u00f3s um navio cargueiro ser interceptado pela Guarda Civil da Espanha\" \/>\n<meta name=\"robots\" content=\"index, follow, max-snippet:-1, max-image-preview:large, max-video-preview:-1\" \/>\n<link rel=\"canonical\" href=\"https:\/\/redenoticiaz.com.br\/ribeiraopreto-regiao\/sp\/2023\/01\/26\/navio-com-45-toneladas-de-cocaina-e-interceptado-na-espanha-apos-deixar-o-porto-de-santos\" \/>\n<meta property=\"og:locale\" content=\"pt_BR\" \/>\n<meta property=\"og:type\" content=\"article\" \/>\n<meta property=\"og:title\" content=\"Navio com 4,5 toneladas de coca\u00edna \u00e9 interceptado na Espanha ap\u00f3s deixar o Porto de Santos - Ribeir\u00e3o Preto e Regi\u00e3o\" \/>\n<meta property=\"og:description\" content=\"Cerca de 4,5 toneladas de coca\u00edna foram apreendidas ap\u00f3s um navio cargueiro ser interceptado pela Guarda Civil da Espanha\" \/>\n<meta property=\"og:url\" content=\"https:\/\/redenoticiaz.com.br\/ribeiraopreto-regiao\/sp\/2023\/01\/26\/navio-com-45-toneladas-de-cocaina-e-interceptado-na-espanha-apos-deixar-o-porto-de-santos\" \/>\n<meta property=\"og:site_name\" content=\"Ribeir\u00e3o Preto e Regi\u00e3o\" \/>\n<meta property=\"article:publisher\" content=\"https:\/\/m.facebook.com\/redenoticiaz.barretos\" \/>\n<meta property=\"article:published_time\" content=\"2023-01-26T13:54:45+00:00\" \/>\n<meta property=\"og:image\" content=\"https:\/\/redenoticiaz.com.br\/ribeiraopreto-regiao\/wp-content\/uploads\/sites\/4\/2022\/02\/logo.jpg\" \/>\n\t<meta property=\"og:image:width\" content=\"400\" \/>\n\t<meta property=\"og:image:height\" content=\"250\" \/>\n\t<meta property=\"og:image:type\" content=\"image\/jpeg\" \/>\n<meta name=\"author\" content=\"Leonardo Francisco\" \/>\n<meta name=\"twitter:card\" content=\"summary_large_image\" \/>\n<meta name=\"twitter:creator\" content=\"@RN_barretos\" \/>\n<meta name=\"twitter:site\" content=\"@RN_barretos\" \/>\n<meta name=\"twitter:label1\" content=\"Escrito por\" \/>\n\t<meta name=\"twitter:data1\" content=\"Leonardo Francisco\" \/>\n\t<meta name=\"twitter:label2\" content=\"Est. tempo de leitura\" \/>\n\t<meta name=\"twitter:data2\" content=\"2 minutos\" \/>\n<script type=\"application\/ld+json\" class=\"yoast-schema-graph\">{\"@context\":\"https:\\\/\\\/schema.org\",\"@graph\":[{\"@type\":\"Article\",\"@id\":\"https:\\\/\\\/redenoticiaz.com.br\\\/ribeiraopreto-regiao\\\/sp\\\/2023\\\/01\\\/26\\\/navio-com-45-toneladas-de-cocaina-e-interceptado-na-espanha-apos-deixar-o-porto-de-santos#article\",\"isPartOf\":{\"@id\":\"https:\\\/\\\/redenoticiaz.com.br\\\/ribeiraopreto-regiao\\\/sp\\\/2023\\\/01\\\/26\\\/navio-com-45-toneladas-de-cocaina-e-interceptado-na-espanha-apos-deixar-o-porto-de-santos\"},\"author\":{\"name\":\"Leonardo Francisco\",\"@id\":\"https:\\\/\\\/redenoticiaz.com.br\\\/ribeiraopreto-regiao\\\/#\\\/schema\\\/person\\\/0f0b8a5bdafefe82841e07ae8d81ecb3\"},\"headline\":\"Navio com 4,5 toneladas de coca\u00edna \u00e9 interceptado na Espanha ap\u00f3s deixar o Porto de Santos\",\"datePublished\":\"2023-01-26T13:54:45+00:00\",\"mainEntityOfPage\":{\"@id\":\"https:\\\/\\\/redenoticiaz.com.br\\\/ribeiraopreto-regiao\\\/sp\\\/2023\\\/01\\\/26\\\/navio-com-45-toneladas-de-cocaina-e-interceptado-na-espanha-apos-deixar-o-porto-de-santos\"},\"wordCount\":355,\"commentCount\":0,\"publisher\":{\"@id\":\"https:\\\/\\\/redenoticiaz.com.br\\\/ribeiraopreto-regiao\\\/#organization\"},\"image\":{\"@id\":\"https:\\\/\\\/redenoticiaz.com.br\\\/ribeiraopreto-regiao\\\/sp\\\/2023\\\/01\\\/26\\\/navio-com-45-toneladas-de-cocaina-e-interceptado-na-espanha-apos-deixar-o-porto-de-santos#primaryimage\"},\"thumbnailUrl\":\"https:\\\/\\\/redenoticiaz.com.br\\\/ribeiraopreto-regiao\\\/wp-content\\\/uploads\\\/sites\\\/4\\\/2023\\\/01\\\/GUARDA-ESPANHA.jpg\",\"keywords\":[\"CARGA DE CAF\u00c9\",\"COCA\u00cdNA\",\"ESPANHA\",\"GUARDA CIVIL DA ESPANHA\",\"ILHAS CAN\u00c1RIAS\",\"porto de santos\"],\"articleSection\":[\"Pol\u00edcia\"],\"inLanguage\":\"pt-BR\",\"potentialAction\":[{\"@type\":\"CommentAction\",\"name\":\"Comment\",\"target\":[\"https:\\\/\\\/redenoticiaz.com.br\\\/ribeiraopreto-regiao\\\/sp\\\/2023\\\/01\\\/26\\\/navio-com-45-toneladas-de-cocaina-e-interceptado-na-espanha-apos-deixar-o-porto-de-santos#respond\"]}]},{\"@type\":\"WebPage\",\"@id\":\"https:\\\/\\\/redenoticiaz.com.br\\\/ribeiraopreto-regiao\\\/sp\\\/2023\\\/01\\\/26\\\/navio-com-45-toneladas-de-cocaina-e-interceptado-na-espanha-apos-deixar-o-porto-de-santos\",\"url\":\"https:\\\/\\\/redenoticiaz.com.br\\\/ribeiraopreto-regiao\\\/sp\\\/2023\\\/01\\\/26\\\/navio-com-45-toneladas-de-cocaina-e-interceptado-na-espanha-apos-deixar-o-porto-de-santos\",\"name\":\"Navio com 4,5 toneladas de coca\u00edna \u00e9 interceptado na Espanha ap\u00f3s deixar o Porto de Santos - Ribeir\u00e3o Preto e Regi\u00e3o\",\"isPartOf\":{\"@id\":\"https:\\\/\\\/redenoticiaz.com.br\\\/ribeiraopreto-regiao\\\/#website\"},\"primaryImageOfPage\":{\"@id\":\"https:\\\/\\\/redenoticiaz.com.br\\\/ribeiraopreto-regiao\\\/sp\\\/2023\\\/01\\\/26\\\/navio-com-45-toneladas-de-cocaina-e-interceptado-na-espanha-apos-deixar-o-porto-de-santos#primaryimage\"},\"image\":{\"@id\":\"https:\\\/\\\/redenoticiaz.com.br\\\/ribeiraopreto-regiao\\\/sp\\\/2023\\\/01\\\/26\\\/navio-com-45-toneladas-de-cocaina-e-interceptado-na-espanha-apos-deixar-o-porto-de-santos#primaryimage\"},\"thumbnailUrl\":\"https:\\\/\\\/redenoticiaz.com.br\\\/ribeiraopreto-regiao\\\/wp-content\\\/uploads\\\/sites\\\/4\\\/2023\\\/01\\\/GUARDA-ESPANHA.jpg\",\"datePublished\":\"2023-01-26T13:54:45+00:00\",\"description\":\"Cerca de 4,5 toneladas de coca\u00edna foram apreendidas ap\u00f3s um navio cargueiro ser interceptado pela Guarda Civil da Espanha\",\"inLanguage\":\"pt-BR\",\"potentialAction\":[{\"@type\":\"ReadAction\",\"target\":[\"https:\\\/\\\/redenoticiaz.com.br\\\/ribeiraopreto-regiao\\\/sp\\\/2023\\\/01\\\/26\\\/navio-com-45-toneladas-de-cocaina-e-interceptado-na-espanha-apos-deixar-o-porto-de-santos\"]}]},{\"@type\":\"ImageObject\",\"inLanguage\":\"pt-BR\",\"@id\":\"https:\\\/\\\/redenoticiaz.com.br\\\/ribeiraopreto-regiao\\\/sp\\\/2023\\\/01\\\/26\\\/navio-com-45-toneladas-de-cocaina-e-interceptado-na-espanha-apos-deixar-o-porto-de-santos#primaryimage\",\"url\":\"https:\\\/\\\/redenoticiaz.com.br\\\/ribeiraopreto-regiao\\\/wp-content\\\/uploads\\\/sites\\\/4\\\/2023\\\/01\\\/GUARDA-ESPANHA.jpg\",\"contentUrl\":\"https:\\\/\\\/redenoticiaz.com.br\\\/ribeiraopreto-regiao\\\/wp-content\\\/uploads\\\/sites\\\/4\\\/2023\\\/01\\\/GUARDA-ESPANHA.jpg\",\"width\":487,\"height\":271,\"caption\":\"Cr\u00e9ditos: Divulga\u00e7\u00e3o\\\/Guarda Civil da Espanha\"},{\"@type\":\"WebSite\",\"@id\":\"https:\\\/\\\/redenoticiaz.com.br\\\/ribeiraopreto-regiao\\\/#website\",\"url\":\"https:\\\/\\\/redenoticiaz.com.br\\\/ribeiraopreto-regiao\\\/\",\"name\":\"Ribeir\u00e3o Preto e Regi\u00e3o\",\"description\":\"Rede NoticiaZ - Ribeir\u00e3o Preto e regi\u00e3o\",\"publisher\":{\"@id\":\"https:\\\/\\\/redenoticiaz.com.br\\\/ribeiraopreto-regiao\\\/#organization\"},\"potentialAction\":[{\"@type\":\"SearchAction\",\"target\":{\"@type\":\"EntryPoint\",\"urlTemplate\":\"https:\\\/\\\/redenoticiaz.com.br\\\/ribeiraopreto-regiao\\\/?s={search_term_string}\"},\"query-input\":{\"@type\":\"PropertyValueSpecification\",\"valueRequired\":true,\"valueName\":\"search_term_string\"}}],\"inLanguage\":\"pt-BR\"},{\"@type\":\"Organization\",\"@id\":\"https:\\\/\\\/redenoticiaz.com.br\\\/ribeiraopreto-regiao\\\/#organization\",\"name\":\"Ribeir\u00e3o Preto e Regi\u00e3o\",\"url\":\"https:\\\/\\\/redenoticiaz.com.br\\\/ribeiraopreto-regiao\\\/\",\"logo\":{\"@type\":\"ImageObject\",\"inLanguage\":\"pt-BR\",\"@id\":\"https:\\\/\\\/redenoticiaz.com.br\\\/ribeiraopreto-regiao\\\/#\\\/schema\\\/logo\\\/image\\\/\",\"url\":\"https:\\\/\\\/redenoticiaz.com.br\\\/barretos-regiao\\\/wp-content\\\/uploads\\\/sites\\\/4\\\/2022\\\/02\\\/logo.jpg\",\"contentUrl\":\"https:\\\/\\\/redenoticiaz.com.br\\\/barretos-regiao\\\/wp-content\\\/uploads\\\/sites\\\/4\\\/2022\\\/02\\\/logo.jpg\",\"width\":400,\"height\":250,\"caption\":\"Ribeir\u00e3o Preto e Regi\u00e3o\"},\"image\":{\"@id\":\"https:\\\/\\\/redenoticiaz.com.br\\\/ribeiraopreto-regiao\\\/#\\\/schema\\\/logo\\\/image\\\/\"},\"sameAs\":[\"https:\\\/\\\/m.facebook.com\\\/redenoticiaz.barretos\",\"https:\\\/\\\/x.com\\\/RN_barretos\",\"https:\\\/\\\/www.instagram.com\\\/redenoticiaz.barretos\\\/?igshid=YmMyMTA2M2Y\",\"https:\\\/\\\/www.linkedin.com\\\/company\\\/rede-noticiaz-barretos-e-regio\\\/\"]},{\"@type\":\"Person\",\"@id\":\"https:\\\/\\\/redenoticiaz.com.br\\\/ribeiraopreto-regiao\\\/#\\\/schema\\\/person\\\/0f0b8a5bdafefe82841e07ae8d81ecb3\",\"name\":\"Leonardo Francisco\",\"image\":{\"@type\":\"ImageObject\",\"inLanguage\":\"pt-BR\",\"@id\":\"https:\\\/\\\/secure.gravatar.com\\\/avatar\\\/a7358cb406a99b682ec6df1e77e31ae82e63601f6784e8a3df411d72b37864da?s=96&d=mm&r=g\",\"url\":\"https:\\\/\\\/secure.gravatar.com\\\/avatar\\\/a7358cb406a99b682ec6df1e77e31ae82e63601f6784e8a3df411d72b37864da?s=96&d=mm&r=g\",\"contentUrl\":\"https:\\\/\\\/secure.gravatar.com\\\/avatar\\\/a7358cb406a99b682ec6df1e77e31ae82e63601f6784e8a3df411d72b37864da?s=96&d=mm&r=g\",\"caption\":\"Leonardo Francisco\"},\"url\":\"https:\\\/\\\/redenoticiaz.com.br\\\/ribeiraopreto-regiao\\\/sp\\\/author\\\/leonardo-francisco\"}]}<\/script>\n<!-- \/ Yoast SEO plugin. -->","yoast_head_json":{"title":"Navio com 4,5 toneladas de coca\u00edna \u00e9 interceptado na Espanha ap\u00f3s deixar o Porto de Santos - Ribeir\u00e3o Preto e Regi\u00e3o","description":"Cerca de 4,5 toneladas de coca\u00edna foram apreendidas ap\u00f3s um navio cargueiro ser interceptado pela Guarda Civil da Espanha","robots":{"index":"index","follow":"follow","max-snippet":"max-snippet:-1","max-image-preview":"max-image-preview:large","max-video-preview":"max-video-preview:-1"},"canonical":"https:\/\/redenoticiaz.com.br\/ribeiraopreto-regiao\/sp\/2023\/01\/26\/navio-com-45-toneladas-de-cocaina-e-interceptado-na-espanha-apos-deixar-o-porto-de-santos","og_locale":"pt_BR","og_type":"article","og_title":"Navio com 4,5 toneladas de coca\u00edna \u00e9 interceptado na Espanha ap\u00f3s deixar o Porto de Santos - Ribeir\u00e3o Preto e Regi\u00e3o","og_description":"Cerca de 4,5 toneladas de coca\u00edna foram apreendidas ap\u00f3s um navio cargueiro ser interceptado pela Guarda Civil da Espanha","og_url":"https:\/\/redenoticiaz.com.br\/ribeiraopreto-regiao\/sp\/2023\/01\/26\/navio-com-45-toneladas-de-cocaina-e-interceptado-na-espanha-apos-deixar-o-porto-de-santos","og_site_name":"Ribeir\u00e3o Preto e Regi\u00e3o","article_publisher":"https:\/\/m.facebook.com\/redenoticiaz.barretos","article_published_time":"2023-01-26T13:54:45+00:00","og_image":[{"width":400,"height":250,"url":"https:\/\/redenoticiaz.com.br\/ribeiraopreto-regiao\/wp-content\/uploads\/sites\/4\/2022\/02\/logo.jpg","type":"image\/jpeg"}],"author":"Leonardo Francisco","twitter_card":"summary_large_image","twitter_creator":"@RN_barretos","twitter_site":"@RN_barretos","twitter_misc":{"Escrito por":"Leonardo Francisco","Est. tempo de leitura":"2 minutos"},"schema":{"@context":"https:\/\/schema.org","@graph":[{"@type":"Article","@id":"https:\/\/redenoticiaz.com.br\/ribeiraopreto-regiao\/sp\/2023\/01\/26\/navio-com-45-toneladas-de-cocaina-e-interceptado-na-espanha-apos-deixar-o-porto-de-santos#article","isPartOf":{"@id":"https:\/\/redenoticiaz.com.br\/ribeiraopreto-regiao\/sp\/2023\/01\/26\/navio-com-45-toneladas-de-cocaina-e-interceptado-na-espanha-apos-deixar-o-porto-de-santos"},"author":{"name":"Leonardo Francisco","@id":"https:\/\/redenoticiaz.com.br\/ribeiraopreto-regiao\/#\/schema\/person\/0f0b8a5bdafefe82841e07ae8d81ecb3"},"headline":"Navio com 4,5 toneladas de coca\u00edna \u00e9 interceptado na Espanha ap\u00f3s deixar o Porto de Santos","datePublished":"2023-01-26T13:54:45+00:00","mainEntityOfPage":{"@id":"https:\/\/redenoticiaz.com.br\/ribeiraopreto-regiao\/sp\/2023\/01\/26\/navio-com-45-toneladas-de-cocaina-e-interceptado-na-espanha-apos-deixar-o-porto-de-santos"},"wordCount":355,"commentCount":0,"publisher":{"@id":"https:\/\/redenoticiaz.com.br\/ribeiraopreto-regiao\/#organization"},"image":{"@id":"https:\/\/redenoticiaz.com.br\/ribeiraopreto-regiao\/sp\/2023\/01\/26\/navio-com-45-toneladas-de-cocaina-e-interceptado-na-espanha-apos-deixar-o-porto-de-santos#primaryimage"},"thumbnailUrl":"https:\/\/redenoticiaz.com.br\/ribeiraopreto-regiao\/wp-content\/uploads\/sites\/4\/2023\/01\/GUARDA-ESPANHA.jpg","keywords":["CARGA DE CAF\u00c9","COCA\u00cdNA","ESPANHA","GUARDA CIVIL DA ESPANHA","ILHAS CAN\u00c1RIAS","porto de santos"],"articleSection":["Pol\u00edcia"],"inLanguage":"pt-BR","potentialAction":[{"@type":"CommentAction","name":"Comment","target":["https:\/\/redenoticiaz.com.br\/ribeiraopreto-regiao\/sp\/2023\/01\/26\/navio-com-45-toneladas-de-cocaina-e-interceptado-na-espanha-apos-deixar-o-porto-de-santos#respond"]}]},{"@type":"WebPage","@id":"https:\/\/redenoticiaz.com.br\/ribeiraopreto-regiao\/sp\/2023\/01\/26\/navio-com-45-toneladas-de-cocaina-e-interceptado-na-espanha-apos-deixar-o-porto-de-santos","url":"https:\/\/redenoticiaz.com.br\/ribeiraopreto-regiao\/sp\/2023\/01\/26\/navio-com-45-toneladas-de-cocaina-e-interceptado-na-espanha-apos-deixar-o-porto-de-santos","name":"Navio com 4,5 toneladas de coca\u00edna \u00e9 interceptado na Espanha ap\u00f3s deixar o Porto de Santos - Ribeir\u00e3o Preto e Regi\u00e3o","isPartOf":{"@id":"https:\/\/redenoticiaz.com.br\/ribeiraopreto-regiao\/#website"},"primaryImageOfPage":{"@id":"https:\/\/redenoticiaz.com.br\/ribeiraopreto-regiao\/sp\/2023\/01\/26\/navio-com-45-toneladas-de-cocaina-e-interceptado-na-espanha-apos-deixar-o-porto-de-santos#primaryimage"},"image":{"@id":"https:\/\/redenoticiaz.com.br\/ribeiraopreto-regiao\/sp\/2023\/01\/26\/navio-com-45-toneladas-de-cocaina-e-interceptado-na-espanha-apos-deixar-o-porto-de-santos#primaryimage"},"thumbnailUrl":"https:\/\/redenoticiaz.com.br\/ribeiraopreto-regiao\/wp-content\/uploads\/sites\/4\/2023\/01\/GUARDA-ESPANHA.jpg","datePublished":"2023-01-26T13:54:45+00:00","description":"Cerca de 4,5 toneladas de coca\u00edna foram apreendidas ap\u00f3s um navio cargueiro ser interceptado pela Guarda Civil da Espanha","inLanguage":"pt-BR","potentialAction":[{"@type":"ReadAction","target":["https:\/\/redenoticiaz.com.br\/ribeiraopreto-regiao\/sp\/2023\/01\/26\/navio-com-45-toneladas-de-cocaina-e-interceptado-na-espanha-apos-deixar-o-porto-de-santos"]}]},{"@type":"ImageObject","inLanguage":"pt-BR","@id":"https:\/\/redenoticiaz.com.br\/ribeiraopreto-regiao\/sp\/2023\/01\/26\/navio-com-45-toneladas-de-cocaina-e-interceptado-na-espanha-apos-deixar-o-porto-de-santos#primaryimage","url":"https:\/\/redenoticiaz.com.br\/ribeiraopreto-regiao\/wp-content\/uploads\/sites\/4\/2023\/01\/GUARDA-ESPANHA.jpg","contentUrl":"https:\/\/redenoticiaz.com.br\/ribeiraopreto-regiao\/wp-content\/uploads\/sites\/4\/2023\/01\/GUARDA-ESPANHA.jpg","width":487,"height":271,"caption":"Cr\u00e9ditos: Divulga\u00e7\u00e3o\/Guarda Civil da Espanha"},{"@type":"WebSite","@id":"https:\/\/redenoticiaz.com.br\/ribeiraopreto-regiao\/#website","url":"https:\/\/redenoticiaz.com.br\/ribeiraopreto-regiao\/","name":"Ribeir\u00e3o Preto e Regi\u00e3o","description":"Rede NoticiaZ - Ribeir\u00e3o Preto e regi\u00e3o","publisher":{"@id":"https:\/\/redenoticiaz.com.br\/ribeiraopreto-regiao\/#organization"},"potentialAction":[{"@type":"SearchAction","target":{"@type":"EntryPoint","urlTemplate":"https:\/\/redenoticiaz.com.br\/ribeiraopreto-regiao\/?s={search_term_string}"},"query-input":{"@type":"PropertyValueSpecification","valueRequired":true,"valueName":"search_term_string"}}],"inLanguage":"pt-BR"},{"@type":"Organization","@id":"https:\/\/redenoticiaz.com.br\/ribeiraopreto-regiao\/#organization","name":"Ribeir\u00e3o Preto e Regi\u00e3o","url":"https:\/\/redenoticiaz.com.br\/ribeiraopreto-regiao\/","logo":{"@type":"ImageObject","inLanguage":"pt-BR","@id":"https:\/\/redenoticiaz.com.br\/ribeiraopreto-regiao\/#\/schema\/logo\/image\/","url":"https:\/\/redenoticiaz.com.br\/barretos-regiao\/wp-content\/uploads\/sites\/4\/2022\/02\/logo.jpg","contentUrl":"https:\/\/redenoticiaz.com.br\/barretos-regiao\/wp-content\/uploads\/sites\/4\/2022\/02\/logo.jpg","width":400,"height":250,"caption":"Ribeir\u00e3o Preto e Regi\u00e3o"},"image":{"@id":"https:\/\/redenoticiaz.com.br\/ribeiraopreto-regiao\/#\/schema\/logo\/image\/"},"sameAs":["https:\/\/m.facebook.com\/redenoticiaz.barretos","https:\/\/x.com\/RN_barretos","https:\/\/www.instagram.com\/redenoticiaz.barretos\/?igshid=YmMyMTA2M2Y","https:\/\/www.linkedin.com\/company\/rede-noticiaz-barretos-e-regio\/"]},{"@type":"Person","@id":"https:\/\/redenoticiaz.com.br\/ribeiraopreto-regiao\/#\/schema\/person\/0f0b8a5bdafefe82841e07ae8d81ecb3","name":"Leonardo Francisco","image":{"@type":"ImageObject","inLanguage":"pt-BR","@id":"https:\/\/secure.gravatar.com\/avatar\/a7358cb406a99b682ec6df1e77e31ae82e63601f6784e8a3df411d72b37864da?s=96&d=mm&r=g","url":"https:\/\/secure.gravatar.com\/avatar\/a7358cb406a99b682ec6df1e77e31ae82e63601f6784e8a3df411d72b37864da?s=96&d=mm&r=g","contentUrl":"https:\/\/secure.gravatar.com\/avatar\/a7358cb406a99b682ec6df1e77e31ae82e63601f6784e8a3df411d72b37864da?s=96&d=mm&r=g","caption":"Leonardo Francisco"},"url":"https:\/\/redenoticiaz.com.br\/ribeiraopreto-regiao\/sp\/author\/leonardo-francisco"}]}},"_links":{"self":[{"href":"https:\/\/redenoticiaz.com.br\/ribeiraopreto-regiao\/wp-json\/wp\/v2\/posts\/99315","targetHints":{"allow":["GET"]}}],"collection":[{"href":"https:\/\/redenoticiaz.com.br\/ribeiraopreto-regiao\/wp-json\/wp\/v2\/posts"}],"about":[{"href":"https:\/\/redenoticiaz.com.br\/ribeiraopreto-regiao\/wp-json\/wp\/v2\/types\/post"}],"author":[{"embeddable":true,"href":"https:\/\/redenoticiaz.com.br\/ribeiraopreto-regiao\/wp-json\/wp\/v2\/users\/6"}],"replies":[{"embeddable":true,"href":"https:\/\/redenoticiaz.com.br\/ribeiraopreto-regiao\/wp-json\/wp\/v2\/comments?post=99315"}],"version-history":[{"count":0,"href":"https:\/\/redenoticiaz.com.br\/ribeiraopreto-regiao\/wp-json\/wp\/v2\/posts\/99315\/revisions"}],"wp:featuredmedia":[{"embeddable":true,"href":"https:\/\/redenoticiaz.com.br\/ribeiraopreto-regiao\/wp-json\/wp\/v2\/media\/99316"}],"wp:attachment":[{"href":"https:\/\/redenoticiaz.com.br\/ribeiraopreto-regiao\/wp-json\/wp\/v2\/media?parent=99315"}],"wp:term":[{"taxonomy":"category","embeddable":true,"href":"https:\/\/redenoticiaz.com.br\/ribeiraopreto-regiao\/wp-json\/wp\/v2\/categories?post=99315"},{"taxonomy":"post_tag","embeddable":true,"href":"https:\/\/redenoticiaz.com.br\/ribeiraopreto-regiao\/wp-json\/wp\/v2\/tags?post=99315"}],"curies":[{"name":"wp","href":"https:\/\/api.w.org\/{rel}","templated":true}]}}