{"id":99325,"date":"2023-01-26T13:37:42","date_gmt":"2023-01-26T16:37:42","guid":{"rendered":"https:\/\/redenoticiaz.com.br\/barretos-regiao\/?p=99325"},"modified":"2023-01-26T13:39:51","modified_gmt":"2023-01-26T16:39:51","slug":"com-cheido-rio-grande-ponte-entre-colombia-e-planura-pode-ser-interditada","status":"publish","type":"post","link":"https:\/\/redenoticiaz.com.br\/ribeiraopreto-regiao\/sp\/2023\/01\/26\/com-cheido-rio-grande-ponte-entre-colombia-e-planura-pode-ser-interditada","title":{"rendered":"Com cheia do Rio Grande, ponte entre Col\u00f4mbia e Planura pode ser interditada"},"content":{"rendered":"<p>A bi\u00f3loga e coordenadora da Defesa Civil de Col\u00f4mbia, Maria In\u00e1cia Macedo Freitas, afirmou nesta quarta-feira, 25, que o Departamento Nacional de Infraestrutura de Transportes &#8211; DNIT poder\u00e1 interditar a ponte Gumercindo Penteado entre Col\u00f4mbia e Planura.<\/p>\n<p>Uma empresa especializada em supervis\u00e3o e apoio \u00e0 fiscaliza\u00e7\u00e3o contratada pelo DNIT, emitiu um laudo assinado por engenheiro apontando danos na estrutura e risco em uma poss\u00edvel cheia m\u00e1xima onde os n\u00edveis das \u00e1guas, atinja as vigas superiores ou ultrapasse toda estrutura.<\/p>\n<p>O relat\u00f3rio apontou ainda preocupa\u00e7\u00e3o com a quantidade de entulhos e vegeta\u00e7\u00e3o que encostou na viga superior e nos pilares, j\u00e1 que pressiona a estrutura.<\/p>\n<p>A fiscaliza\u00e7\u00e3o alertou o \u00f3rg\u00e3o da situa\u00e7\u00e3o, devido \u00e0 previs\u00e3o de chuvas para regi\u00e3o, para os pr\u00f3ximos dias, o que obrigaria a Usina de Porto Col\u00f4mbia a abrir o vertedouro, aumentando o n\u00edvel de \u00e1gua no reservat\u00f3rio, que resta apenas 1,03 m para que o n\u00edvel chegue a estrutura superior.<\/p>\n<p>Segundo divulgado, ser\u00e1 necess\u00e1rio a interdi\u00e7\u00e3o caso o n\u00edvel do rio aumente cerca de mais um metro.<\/p>\n<p>VEJA TAMB\u00c9M:\u00a0<a href=\"https:\/\/redenoticiaz.com.br\/barretos-regiao\/sp\/2023\/01\/24\/policia-encontra-em-colombia-caminhao-roubado-em-jose-bonifacio\">Pol\u00edcia encontra em Col\u00f4mbia caminh\u00e3o roubado em Jos\u00e9 Bonif\u00e1cio<\/a><\/p>\n","protected":false},"excerpt":{"rendered":"<p>A bi\u00f3loga e coordenadora da Defesa Civil de Col\u00f4mbia, Maria In\u00e1cia Macedo Freitas, afirmou nesta quarta-feira, 25, que o Departamento Nacional de Infraestrutura de Transportes &#8211; DNIT poder\u00e1 interditar a ponte Gumercindo Penteado entre Col\u00f4mbia e Planura. Uma empresa especializada em supervis\u00e3o e apoio \u00e0 fiscaliza\u00e7\u00e3o contratada pelo DNIT, emitiu um laudo assinado por engenheiro &hellip;<\/p>\n","protected":false},"author":15,"featured_media":99326,"comment_status":"open","ping_status":"closed","sticky":false,"template":"","format":"standard","meta":{"footnotes":""},"categories":[94,2920],"tags":[60,19533,24265,17197,24264,24266],"class_list":["post-99325","post","type-post","status-publish","format-standard","has-post-thumbnail","hentry","category-meio-ambiente","category-obras","tag-fiscalizacao","tag-interditada","tag-nivel-do-rio","tag-planura","tag-ponte-colombia","tag-previsao-de-chuvas"],"yoast_head":"<!-- This site is optimized with the Yoast SEO plugin v27.4 - https:\/\/yoast.com\/product\/yoast-seo-wordpress\/ -->\n<title>Com cheia do Rio Grande, ponte entre Col\u00f4mbia e Planura pode ser interditada - Ribeir\u00e3o Preto e Regi\u00e3o<\/title>\n<meta name=\"description\" content=\"Defesa Civil de Col\u00f4mbia, afirmou que o Departamento Nacional de Infraestrutura de Transportes poder\u00e1 interditar a ponte Gumercindo Penteado\" \/>\n<meta name=\"robots\" content=\"index, follow, max-snippet:-1, max-image-preview:large, max-video-preview:-1\" \/>\n<link rel=\"canonical\" href=\"https:\/\/redenoticiaz.com.br\/ribeiraopreto-regiao\/sp\/2023\/01\/26\/com-cheido-rio-grande-ponte-entre-colombia-e-planura-pode-ser-interditada\" \/>\n<meta property=\"og:locale\" content=\"pt_BR\" \/>\n<meta property=\"og:type\" content=\"article\" \/>\n<meta property=\"og:title\" content=\"Com cheia do Rio Grande, ponte entre Col\u00f4mbia e Planura pode ser interditada - Ribeir\u00e3o Preto e Regi\u00e3o\" \/>\n<meta property=\"og:description\" content=\"Defesa Civil de Col\u00f4mbia, afirmou que o Departamento Nacional de Infraestrutura de Transportes poder\u00e1 interditar a ponte Gumercindo Penteado\" \/>\n<meta property=\"og:url\" content=\"https:\/\/redenoticiaz.com.br\/ribeiraopreto-regiao\/sp\/2023\/01\/26\/com-cheido-rio-grande-ponte-entre-colombia-e-planura-pode-ser-interditada\" \/>\n<meta property=\"og:site_name\" content=\"Ribeir\u00e3o Preto e Regi\u00e3o\" \/>\n<meta property=\"article:publisher\" content=\"https:\/\/m.facebook.com\/redenoticiaz.barretos\" \/>\n<meta property=\"article:published_time\" content=\"2023-01-26T16:37:42+00:00\" \/>\n<meta property=\"article:modified_time\" content=\"2023-01-26T16:39:51+00:00\" \/>\n<meta property=\"og:image\" content=\"https:\/\/redenoticiaz.com.br\/ribeiraopreto-regiao\/wp-content\/uploads\/sites\/4\/2023\/01\/Ponte-entre-Colombia-e-Planura-pode-ser-interditada-por-conta-do-nivel-do-Rio-Grande.png\" \/>\n\t<meta property=\"og:image:width\" content=\"1200\" \/>\n\t<meta property=\"og:image:height\" content=\"628\" \/>\n\t<meta property=\"og:image:type\" content=\"image\/png\" \/>\n<meta name=\"twitter:card\" content=\"summary_large_image\" \/>\n<meta name=\"twitter:creator\" content=\"@RN_barretos\" \/>\n<meta name=\"twitter:site\" content=\"@RN_barretos\" \/>\n<meta name=\"twitter:label1\" content=\"Escrito por\" \/>\n\t<meta name=\"twitter:data1\" content=\"\" \/>\n\t<meta name=\"twitter:label2\" content=\"Est. tempo de leitura\" \/>\n\t<meta name=\"twitter:data2\" content=\"1 minuto\" \/>\n<script type=\"application\/ld+json\" class=\"yoast-schema-graph\">{\"@context\":\"https:\\\/\\\/schema.org\",\"@graph\":[{\"@type\":\"Article\",\"@id\":\"https:\\\/\\\/redenoticiaz.com.br\\\/ribeiraopreto-regiao\\\/sp\\\/2023\\\/01\\\/26\\\/com-cheido-rio-grande-ponte-entre-colombia-e-planura-pode-ser-interditada#article\",\"isPartOf\":{\"@id\":\"https:\\\/\\\/redenoticiaz.com.br\\\/ribeiraopreto-regiao\\\/sp\\\/2023\\\/01\\\/26\\\/com-cheido-rio-grande-ponte-entre-colombia-e-planura-pode-ser-interditada\"},\"author\":{\"name\":\"\",\"@id\":\"\"},\"headline\":\"Com cheia do Rio Grande, ponte entre Col\u00f4mbia e Planura pode ser interditada\",\"datePublished\":\"2023-01-26T16:37:42+00:00\",\"dateModified\":\"2023-01-26T16:39:51+00:00\",\"mainEntityOfPage\":{\"@id\":\"https:\\\/\\\/redenoticiaz.com.br\\\/ribeiraopreto-regiao\\\/sp\\\/2023\\\/01\\\/26\\\/com-cheido-rio-grande-ponte-entre-colombia-e-planura-pode-ser-interditada\"},\"wordCount\":222,\"commentCount\":0,\"publisher\":{\"@id\":\"https:\\\/\\\/redenoticiaz.com.br\\\/ribeiraopreto-regiao\\\/#organization\"},\"image\":{\"@id\":\"https:\\\/\\\/redenoticiaz.com.br\\\/ribeiraopreto-regiao\\\/sp\\\/2023\\\/01\\\/26\\\/com-cheido-rio-grande-ponte-entre-colombia-e-planura-pode-ser-interditada#primaryimage\"},\"thumbnailUrl\":\"https:\\\/\\\/redenoticiaz.com.br\\\/ribeiraopreto-regiao\\\/wp-content\\\/uploads\\\/sites\\\/4\\\/2023\\\/01\\\/Ponte-entre-Colombia-e-Planura-pode-ser-interditada-por-conta-do-nivel-do-Rio-Grande.png\",\"keywords\":[\"FISCALIZA\u00c7\u00c3O\",\"INTERDITADA\",\"n\u00edvel do rio\",\"PLANURA\",\"ponte Col\u00f4mbia\",\"previs\u00e3o de chuvas\"],\"articleSection\":[\"Meio Ambiente\",\"Obras\"],\"inLanguage\":\"pt-BR\",\"potentialAction\":[{\"@type\":\"CommentAction\",\"name\":\"Comment\",\"target\":[\"https:\\\/\\\/redenoticiaz.com.br\\\/ribeiraopreto-regiao\\\/sp\\\/2023\\\/01\\\/26\\\/com-cheido-rio-grande-ponte-entre-colombia-e-planura-pode-ser-interditada#respond\"]}]},{\"@type\":\"WebPage\",\"@id\":\"https:\\\/\\\/redenoticiaz.com.br\\\/ribeiraopreto-regiao\\\/sp\\\/2023\\\/01\\\/26\\\/com-cheido-rio-grande-ponte-entre-colombia-e-planura-pode-ser-interditada\",\"url\":\"https:\\\/\\\/redenoticiaz.com.br\\\/ribeiraopreto-regiao\\\/sp\\\/2023\\\/01\\\/26\\\/com-cheido-rio-grande-ponte-entre-colombia-e-planura-pode-ser-interditada\",\"name\":\"Com cheia do Rio Grande, ponte entre Col\u00f4mbia e Planura pode ser interditada - Ribeir\u00e3o Preto e Regi\u00e3o\",\"isPartOf\":{\"@id\":\"https:\\\/\\\/redenoticiaz.com.br\\\/ribeiraopreto-regiao\\\/#website\"},\"primaryImageOfPage\":{\"@id\":\"https:\\\/\\\/redenoticiaz.com.br\\\/ribeiraopreto-regiao\\\/sp\\\/2023\\\/01\\\/26\\\/com-cheido-rio-grande-ponte-entre-colombia-e-planura-pode-ser-interditada#primaryimage\"},\"image\":{\"@id\":\"https:\\\/\\\/redenoticiaz.com.br\\\/ribeiraopreto-regiao\\\/sp\\\/2023\\\/01\\\/26\\\/com-cheido-rio-grande-ponte-entre-colombia-e-planura-pode-ser-interditada#primaryimage\"},\"thumbnailUrl\":\"https:\\\/\\\/redenoticiaz.com.br\\\/ribeiraopreto-regiao\\\/wp-content\\\/uploads\\\/sites\\\/4\\\/2023\\\/01\\\/Ponte-entre-Colombia-e-Planura-pode-ser-interditada-por-conta-do-nivel-do-Rio-Grande.png\",\"datePublished\":\"2023-01-26T16:37:42+00:00\",\"dateModified\":\"2023-01-26T16:39:51+00:00\",\"description\":\"Defesa Civil de Col\u00f4mbia, afirmou que o Departamento Nacional de Infraestrutura de Transportes poder\u00e1 interditar a ponte Gumercindo Penteado\",\"inLanguage\":\"pt-BR\",\"potentialAction\":[{\"@type\":\"ReadAction\",\"target\":[\"https:\\\/\\\/redenoticiaz.com.br\\\/ribeiraopreto-regiao\\\/sp\\\/2023\\\/01\\\/26\\\/com-cheido-rio-grande-ponte-entre-colombia-e-planura-pode-ser-interditada\"]}]},{\"@type\":\"ImageObject\",\"inLanguage\":\"pt-BR\",\"@id\":\"https:\\\/\\\/redenoticiaz.com.br\\\/ribeiraopreto-regiao\\\/sp\\\/2023\\\/01\\\/26\\\/com-cheido-rio-grande-ponte-entre-colombia-e-planura-pode-ser-interditada#primaryimage\",\"url\":\"https:\\\/\\\/redenoticiaz.com.br\\\/ribeiraopreto-regiao\\\/wp-content\\\/uploads\\\/sites\\\/4\\\/2023\\\/01\\\/Ponte-entre-Colombia-e-Planura-pode-ser-interditada-por-conta-do-nivel-do-Rio-Grande.png\",\"contentUrl\":\"https:\\\/\\\/redenoticiaz.com.br\\\/ribeiraopreto-regiao\\\/wp-content\\\/uploads\\\/sites\\\/4\\\/2023\\\/01\\\/Ponte-entre-Colombia-e-Planura-pode-ser-interditada-por-conta-do-nivel-do-Rio-Grande.png\",\"width\":1200,\"height\":628,\"caption\":\"Ponte entre Col\u00f4mbia e Planura pode ser interditada. Cr\u00e9dito: Reprodu\u00e7\u00e3o\"},{\"@type\":\"WebSite\",\"@id\":\"https:\\\/\\\/redenoticiaz.com.br\\\/ribeiraopreto-regiao\\\/#website\",\"url\":\"https:\\\/\\\/redenoticiaz.com.br\\\/ribeiraopreto-regiao\\\/\",\"name\":\"Ribeir\u00e3o Preto e Regi\u00e3o\",\"description\":\"Rede NoticiaZ - Ribeir\u00e3o Preto e regi\u00e3o\",\"publisher\":{\"@id\":\"https:\\\/\\\/redenoticiaz.com.br\\\/ribeiraopreto-regiao\\\/#organization\"},\"potentialAction\":[{\"@type\":\"SearchAction\",\"target\":{\"@type\":\"EntryPoint\",\"urlTemplate\":\"https:\\\/\\\/redenoticiaz.com.br\\\/ribeiraopreto-regiao\\\/?s={search_term_string}\"},\"query-input\":{\"@type\":\"PropertyValueSpecification\",\"valueRequired\":true,\"valueName\":\"search_term_string\"}}],\"inLanguage\":\"pt-BR\"},{\"@type\":\"Organization\",\"@id\":\"https:\\\/\\\/redenoticiaz.com.br\\\/ribeiraopreto-regiao\\\/#organization\",\"name\":\"Ribeir\u00e3o Preto e Regi\u00e3o\",\"url\":\"https:\\\/\\\/redenoticiaz.com.br\\\/ribeiraopreto-regiao\\\/\",\"logo\":{\"@type\":\"ImageObject\",\"inLanguage\":\"pt-BR\",\"@id\":\"https:\\\/\\\/redenoticiaz.com.br\\\/ribeiraopreto-regiao\\\/#\\\/schema\\\/logo\\\/image\\\/\",\"url\":\"https:\\\/\\\/redenoticiaz.com.br\\\/barretos-regiao\\\/wp-content\\\/uploads\\\/sites\\\/4\\\/2022\\\/02\\\/logo.jpg\",\"contentUrl\":\"https:\\\/\\\/redenoticiaz.com.br\\\/barretos-regiao\\\/wp-content\\\/uploads\\\/sites\\\/4\\\/2022\\\/02\\\/logo.jpg\",\"width\":400,\"height\":250,\"caption\":\"Ribeir\u00e3o Preto e Regi\u00e3o\"},\"image\":{\"@id\":\"https:\\\/\\\/redenoticiaz.com.br\\\/ribeiraopreto-regiao\\\/#\\\/schema\\\/logo\\\/image\\\/\"},\"sameAs\":[\"https:\\\/\\\/m.facebook.com\\\/redenoticiaz.barretos\",\"https:\\\/\\\/x.com\\\/RN_barretos\",\"https:\\\/\\\/www.instagram.com\\\/redenoticiaz.barretos\\\/?igshid=YmMyMTA2M2Y\",\"https:\\\/\\\/www.linkedin.com\\\/company\\\/rede-noticiaz-barretos-e-regio\\\/\"]},{\"@type\":\"Person\",\"@id\":\"\",\"url\":\"https:\\\/\\\/redenoticiaz.com.br\\\/ribeiraopreto-regiao\\\/sp\\\/author\"}]}<\/script>\n<!-- \/ Yoast SEO plugin. -->","yoast_head_json":{"title":"Com cheia do Rio Grande, ponte entre Col\u00f4mbia e Planura pode ser interditada - Ribeir\u00e3o Preto e Regi\u00e3o","description":"Defesa Civil de Col\u00f4mbia, afirmou que o Departamento Nacional de Infraestrutura de Transportes poder\u00e1 interditar a ponte Gumercindo Penteado","robots":{"index":"index","follow":"follow","max-snippet":"max-snippet:-1","max-image-preview":"max-image-preview:large","max-video-preview":"max-video-preview:-1"},"canonical":"https:\/\/redenoticiaz.com.br\/ribeiraopreto-regiao\/sp\/2023\/01\/26\/com-cheido-rio-grande-ponte-entre-colombia-e-planura-pode-ser-interditada","og_locale":"pt_BR","og_type":"article","og_title":"Com cheia do Rio Grande, ponte entre Col\u00f4mbia e Planura pode ser interditada - Ribeir\u00e3o Preto e Regi\u00e3o","og_description":"Defesa Civil de Col\u00f4mbia, afirmou que o Departamento Nacional de Infraestrutura de Transportes poder\u00e1 interditar a ponte Gumercindo Penteado","og_url":"https:\/\/redenoticiaz.com.br\/ribeiraopreto-regiao\/sp\/2023\/01\/26\/com-cheido-rio-grande-ponte-entre-colombia-e-planura-pode-ser-interditada","og_site_name":"Ribeir\u00e3o Preto e Regi\u00e3o","article_publisher":"https:\/\/m.facebook.com\/redenoticiaz.barretos","article_published_time":"2023-01-26T16:37:42+00:00","article_modified_time":"2023-01-26T16:39:51+00:00","og_image":[{"width":1200,"height":628,"url":"https:\/\/redenoticiaz.com.br\/ribeiraopreto-regiao\/wp-content\/uploads\/sites\/4\/2023\/01\/Ponte-entre-Colombia-e-Planura-pode-ser-interditada-por-conta-do-nivel-do-Rio-Grande.png","type":"image\/png"}],"twitter_card":"summary_large_image","twitter_creator":"@RN_barretos","twitter_site":"@RN_barretos","twitter_misc":{"Escrito por":"","Est. tempo de leitura":"1 minuto"},"schema":{"@context":"https:\/\/schema.org","@graph":[{"@type":"Article","@id":"https:\/\/redenoticiaz.com.br\/ribeiraopreto-regiao\/sp\/2023\/01\/26\/com-cheido-rio-grande-ponte-entre-colombia-e-planura-pode-ser-interditada#article","isPartOf":{"@id":"https:\/\/redenoticiaz.com.br\/ribeiraopreto-regiao\/sp\/2023\/01\/26\/com-cheido-rio-grande-ponte-entre-colombia-e-planura-pode-ser-interditada"},"author":{"name":"","@id":""},"headline":"Com cheia do Rio Grande, ponte entre Col\u00f4mbia e Planura pode ser interditada","datePublished":"2023-01-26T16:37:42+00:00","dateModified":"2023-01-26T16:39:51+00:00","mainEntityOfPage":{"@id":"https:\/\/redenoticiaz.com.br\/ribeiraopreto-regiao\/sp\/2023\/01\/26\/com-cheido-rio-grande-ponte-entre-colombia-e-planura-pode-ser-interditada"},"wordCount":222,"commentCount":0,"publisher":{"@id":"https:\/\/redenoticiaz.com.br\/ribeiraopreto-regiao\/#organization"},"image":{"@id":"https:\/\/redenoticiaz.com.br\/ribeiraopreto-regiao\/sp\/2023\/01\/26\/com-cheido-rio-grande-ponte-entre-colombia-e-planura-pode-ser-interditada#primaryimage"},"thumbnailUrl":"https:\/\/redenoticiaz.com.br\/ribeiraopreto-regiao\/wp-content\/uploads\/sites\/4\/2023\/01\/Ponte-entre-Colombia-e-Planura-pode-ser-interditada-por-conta-do-nivel-do-Rio-Grande.png","keywords":["FISCALIZA\u00c7\u00c3O","INTERDITADA","n\u00edvel do rio","PLANURA","ponte Col\u00f4mbia","previs\u00e3o de chuvas"],"articleSection":["Meio Ambiente","Obras"],"inLanguage":"pt-BR","potentialAction":[{"@type":"CommentAction","name":"Comment","target":["https:\/\/redenoticiaz.com.br\/ribeiraopreto-regiao\/sp\/2023\/01\/26\/com-cheido-rio-grande-ponte-entre-colombia-e-planura-pode-ser-interditada#respond"]}]},{"@type":"WebPage","@id":"https:\/\/redenoticiaz.com.br\/ribeiraopreto-regiao\/sp\/2023\/01\/26\/com-cheido-rio-grande-ponte-entre-colombia-e-planura-pode-ser-interditada","url":"https:\/\/redenoticiaz.com.br\/ribeiraopreto-regiao\/sp\/2023\/01\/26\/com-cheido-rio-grande-ponte-entre-colombia-e-planura-pode-ser-interditada","name":"Com cheia do Rio Grande, ponte entre Col\u00f4mbia e Planura pode ser interditada - Ribeir\u00e3o Preto e Regi\u00e3o","isPartOf":{"@id":"https:\/\/redenoticiaz.com.br\/ribeiraopreto-regiao\/#website"},"primaryImageOfPage":{"@id":"https:\/\/redenoticiaz.com.br\/ribeiraopreto-regiao\/sp\/2023\/01\/26\/com-cheido-rio-grande-ponte-entre-colombia-e-planura-pode-ser-interditada#primaryimage"},"image":{"@id":"https:\/\/redenoticiaz.com.br\/ribeiraopreto-regiao\/sp\/2023\/01\/26\/com-cheido-rio-grande-ponte-entre-colombia-e-planura-pode-ser-interditada#primaryimage"},"thumbnailUrl":"https:\/\/redenoticiaz.com.br\/ribeiraopreto-regiao\/wp-content\/uploads\/sites\/4\/2023\/01\/Ponte-entre-Colombia-e-Planura-pode-ser-interditada-por-conta-do-nivel-do-Rio-Grande.png","datePublished":"2023-01-26T16:37:42+00:00","dateModified":"2023-01-26T16:39:51+00:00","description":"Defesa Civil de Col\u00f4mbia, afirmou que o Departamento Nacional de Infraestrutura de Transportes poder\u00e1 interditar a ponte Gumercindo Penteado","inLanguage":"pt-BR","potentialAction":[{"@type":"ReadAction","target":["https:\/\/redenoticiaz.com.br\/ribeiraopreto-regiao\/sp\/2023\/01\/26\/com-cheido-rio-grande-ponte-entre-colombia-e-planura-pode-ser-interditada"]}]},{"@type":"ImageObject","inLanguage":"pt-BR","@id":"https:\/\/redenoticiaz.com.br\/ribeiraopreto-regiao\/sp\/2023\/01\/26\/com-cheido-rio-grande-ponte-entre-colombia-e-planura-pode-ser-interditada#primaryimage","url":"https:\/\/redenoticiaz.com.br\/ribeiraopreto-regiao\/wp-content\/uploads\/sites\/4\/2023\/01\/Ponte-entre-Colombia-e-Planura-pode-ser-interditada-por-conta-do-nivel-do-Rio-Grande.png","contentUrl":"https:\/\/redenoticiaz.com.br\/ribeiraopreto-regiao\/wp-content\/uploads\/sites\/4\/2023\/01\/Ponte-entre-Colombia-e-Planura-pode-ser-interditada-por-conta-do-nivel-do-Rio-Grande.png","width":1200,"height":628,"caption":"Ponte entre Col\u00f4mbia e Planura pode ser interditada. Cr\u00e9dito: Reprodu\u00e7\u00e3o"},{"@type":"WebSite","@id":"https:\/\/redenoticiaz.com.br\/ribeiraopreto-regiao\/#website","url":"https:\/\/redenoticiaz.com.br\/ribeiraopreto-regiao\/","name":"Ribeir\u00e3o Preto e Regi\u00e3o","description":"Rede NoticiaZ - Ribeir\u00e3o Preto e regi\u00e3o","publisher":{"@id":"https:\/\/redenoticiaz.com.br\/ribeiraopreto-regiao\/#organization"},"potentialAction":[{"@type":"SearchAction","target":{"@type":"EntryPoint","urlTemplate":"https:\/\/redenoticiaz.com.br\/ribeiraopreto-regiao\/?s={search_term_string}"},"query-input":{"@type":"PropertyValueSpecification","valueRequired":true,"valueName":"search_term_string"}}],"inLanguage":"pt-BR"},{"@type":"Organization","@id":"https:\/\/redenoticiaz.com.br\/ribeiraopreto-regiao\/#organization","name":"Ribeir\u00e3o Preto e Regi\u00e3o","url":"https:\/\/redenoticiaz.com.br\/ribeiraopreto-regiao\/","logo":{"@type":"ImageObject","inLanguage":"pt-BR","@id":"https:\/\/redenoticiaz.com.br\/ribeiraopreto-regiao\/#\/schema\/logo\/image\/","url":"https:\/\/redenoticiaz.com.br\/barretos-regiao\/wp-content\/uploads\/sites\/4\/2022\/02\/logo.jpg","contentUrl":"https:\/\/redenoticiaz.com.br\/barretos-regiao\/wp-content\/uploads\/sites\/4\/2022\/02\/logo.jpg","width":400,"height":250,"caption":"Ribeir\u00e3o Preto e Regi\u00e3o"},"image":{"@id":"https:\/\/redenoticiaz.com.br\/ribeiraopreto-regiao\/#\/schema\/logo\/image\/"},"sameAs":["https:\/\/m.facebook.com\/redenoticiaz.barretos","https:\/\/x.com\/RN_barretos","https:\/\/www.instagram.com\/redenoticiaz.barretos\/?igshid=YmMyMTA2M2Y","https:\/\/www.linkedin.com\/company\/rede-noticiaz-barretos-e-regio\/"]},{"@type":"Person","@id":"","url":"https:\/\/redenoticiaz.com.br\/ribeiraopreto-regiao\/sp\/author"}]}},"_links":{"self":[{"href":"https:\/\/redenoticiaz.com.br\/ribeiraopreto-regiao\/wp-json\/wp\/v2\/posts\/99325","targetHints":{"allow":["GET"]}}],"collection":[{"href":"https:\/\/redenoticiaz.com.br\/ribeiraopreto-regiao\/wp-json\/wp\/v2\/posts"}],"about":[{"href":"https:\/\/redenoticiaz.com.br\/ribeiraopreto-regiao\/wp-json\/wp\/v2\/types\/post"}],"author":[{"embeddable":true,"href":"https:\/\/redenoticiaz.com.br\/ribeiraopreto-regiao\/wp-json\/wp\/v2\/users\/15"}],"replies":[{"embeddable":true,"href":"https:\/\/redenoticiaz.com.br\/ribeiraopreto-regiao\/wp-json\/wp\/v2\/comments?post=99325"}],"version-history":[{"count":2,"href":"https:\/\/redenoticiaz.com.br\/ribeiraopreto-regiao\/wp-json\/wp\/v2\/posts\/99325\/revisions"}],"predecessor-version":[{"id":99329,"href":"https:\/\/redenoticiaz.com.br\/ribeiraopreto-regiao\/wp-json\/wp\/v2\/posts\/99325\/revisions\/99329"}],"wp:featuredmedia":[{"embeddable":true,"href":"https:\/\/redenoticiaz.com.br\/ribeiraopreto-regiao\/wp-json\/wp\/v2\/media\/99326"}],"wp:attachment":[{"href":"https:\/\/redenoticiaz.com.br\/ribeiraopreto-regiao\/wp-json\/wp\/v2\/media?parent=99325"}],"wp:term":[{"taxonomy":"category","embeddable":true,"href":"https:\/\/redenoticiaz.com.br\/ribeiraopreto-regiao\/wp-json\/wp\/v2\/categories?post=99325"},{"taxonomy":"post_tag","embeddable":true,"href":"https:\/\/redenoticiaz.com.br\/ribeiraopreto-regiao\/wp-json\/wp\/v2\/tags?post=99325"}],"curies":[{"name":"wp","href":"https:\/\/api.w.org\/{rel}","templated":true}]}}