{"id":99330,"date":"2023-01-26T13:56:06","date_gmt":"2023-01-26T16:56:06","guid":{"rendered":"https:\/\/redenoticiaz.com.br\/barretos-regiao\/?p=99330"},"modified":"2023-01-26T13:56:06","modified_gmt":"2023-01-26T16:56:06","slug":"comissao-e-grupo-de-adocao-de-barretos-realizam-campanha-de-arrecadacao-de-materiais-escolares-para-casa-kids","status":"publish","type":"post","link":"https:\/\/redenoticiaz.com.br\/ribeiraopreto-regiao\/sp\/2023\/01\/26\/comissao-e-grupo-de-adocao-de-barretos-realizam-campanha-de-arrecadacao-de-materiais-escolares-para-casa-kids","title":{"rendered":"Comiss\u00e3o e Grupo de Ado\u00e7\u00e3o de Barretos realizam campanha de arrecada\u00e7\u00e3o de materiais escolares para Casa Kids"},"content":{"rendered":"<p class=\"v1ql-align-justify\">In\u00edcio de ano, al\u00e9m de ser o per\u00edodo de pagamentos de impostos, \u00e9 o momento de ir \u00e0s compras do material escolar para as crian\u00e7as. Com os altos pre\u00e7os dos itens de papelaria, muitos alunos sem condi\u00e7\u00f5es financeiras, principalmente os que vivem em abrigos, n\u00e3o t\u00eam condi\u00e7\u00f5es de ter uma mochila ou material escolar novo para iniciar mais um ano de estudos.<\/p>\n<p class=\"v1ql-align-justify\">Diante desta realidade, a Comiss\u00e3o\u00a0de\u00a0Ado\u00e7\u00e3o da OAB Barretos, em parceria com o GAA &#8211; Grupo\u00a0de\u00a0Apoio \u00e0 Ado\u00e7\u00e3o \u2013 Cura, realiza a\u00a0Campanha\u00a0de\u00a0Arrecada\u00e7\u00e3o\u00a0de\u00a0Materiais\u00a0Escolares em prol \u00e0 institui\u00e7\u00e3o barretense\u00a0de\u00a0acolhimento\u00a0de\u00a0crian\u00e7as\u00a0de\u00a00 \u00e0 12 anos, a\u00a0Casa Kids.<\/p>\n<p class=\"v1ql-align-justify\">Os\u00a0materiais\u00a0escolares podem ser doados diretamente na OAB Barretos, localizada \u00e0 Rua 18, n. 2733, atr\u00e1s do North Shopping.\u00a0Ou, as pessoas que preferirem doar qualquer quantia em dinheiro, devem entrar em contato com a Dra. J\u00e9ssica Aline Flor\u00eancio da Silva Pereira, pelo telefone (17) 98154 4820.<\/p>\n<p class=\"v1ql-align-justify\">VEJA TAMB\u00c9M:\u00a0<a href=\"https:\/\/redenoticiaz.com.br\/barretos-regiao\/sp\/2023\/01\/26\/com-cheido-rio-grande-ponte-entre-colombia-e-planura-pode-ser-interditada\">Com cheia do Rio Grande, ponte entre Col\u00f4mbia e Planura pode ser interditada<\/a><\/p>\n","protected":false},"excerpt":{"rendered":"<p>In\u00edcio de ano, al\u00e9m de ser o per\u00edodo de pagamentos de impostos, \u00e9 o momento de ir \u00e0s compras do material escolar para as crian\u00e7as. Com os altos pre\u00e7os dos itens de papelaria, muitos alunos sem condi\u00e7\u00f5es financeiras, principalmente os que vivem em abrigos, n\u00e3o t\u00eam condi\u00e7\u00f5es de ter uma mochila ou material escolar novo &hellip;<\/p>\n","protected":false},"author":15,"featured_media":99331,"comment_status":"open","ping_status":"closed","sticky":false,"template":"","format":"standard","meta":{"footnotes":""},"categories":[252],"tags":[8299,24267,16857,24268,15074],"class_list":["post-99330","post","type-post","status-publish","format-standard","has-post-thumbnail","hentry","category-acao-social","tag-alunos","tag-arrecadacao-de-materiais-escolar","tag-campanha","tag-casa-kids","tag-doacao"],"yoast_head":"<!-- This site is optimized with the Yoast SEO plugin v27.4 - https:\/\/yoast.com\/product\/yoast-seo-wordpress\/ -->\n<title>Comiss\u00e3o e Grupo de Ado\u00e7\u00e3o de Barretos realizam campanha de arrecada\u00e7\u00e3o de materiais escolares para Casa Kids - Ribeir\u00e3o Preto e Regi\u00e3o<\/title>\n<meta name=\"description\" content=\"In\u00edcio de ano, al\u00e9m de ser o per\u00edodo de pagamentos de impostos, \u00e9 o momento de ir \u00e0s compras do material escolar para as crian\u00e7as.\" \/>\n<meta name=\"robots\" content=\"index, follow, max-snippet:-1, max-image-preview:large, max-video-preview:-1\" \/>\n<link rel=\"canonical\" href=\"https:\/\/redenoticiaz.com.br\/ribeiraopreto-regiao\/sp\/2023\/01\/26\/comissao-e-grupo-de-adocao-de-barretos-realizam-campanha-de-arrecadacao-de-materiais-escolares-para-casa-kids\" \/>\n<meta property=\"og:locale\" content=\"pt_BR\" \/>\n<meta property=\"og:type\" content=\"article\" \/>\n<meta property=\"og:title\" content=\"Comiss\u00e3o e Grupo de Ado\u00e7\u00e3o de Barretos realizam campanha de arrecada\u00e7\u00e3o de materiais escolares para Casa Kids - Ribeir\u00e3o Preto e Regi\u00e3o\" \/>\n<meta property=\"og:description\" content=\"In\u00edcio de ano, al\u00e9m de ser o per\u00edodo de pagamentos de impostos, \u00e9 o momento de ir \u00e0s compras do material escolar para as crian\u00e7as.\" \/>\n<meta property=\"og:url\" content=\"https:\/\/redenoticiaz.com.br\/ribeiraopreto-regiao\/sp\/2023\/01\/26\/comissao-e-grupo-de-adocao-de-barretos-realizam-campanha-de-arrecadacao-de-materiais-escolares-para-casa-kids\" \/>\n<meta property=\"og:site_name\" content=\"Ribeir\u00e3o Preto e Regi\u00e3o\" \/>\n<meta property=\"article:publisher\" content=\"https:\/\/m.facebook.com\/redenoticiaz.barretos\" \/>\n<meta property=\"article:published_time\" content=\"2023-01-26T16:56:06+00:00\" \/>\n<meta property=\"og:image\" content=\"https:\/\/redenoticiaz.com.br\/ribeiraopreto-regiao\/wp-content\/uploads\/sites\/4\/2023\/01\/Comissao-e-Grupo-de-Adocao-de-Barretos-realizam-campanha-de-arrecadacao-de-materiais-escolares-para-Casa-Kids.png\" \/>\n\t<meta property=\"og:image:width\" content=\"1200\" \/>\n\t<meta property=\"og:image:height\" content=\"628\" \/>\n\t<meta property=\"og:image:type\" content=\"image\/png\" \/>\n<meta name=\"twitter:card\" content=\"summary_large_image\" \/>\n<meta name=\"twitter:creator\" content=\"@RN_barretos\" \/>\n<meta name=\"twitter:site\" content=\"@RN_barretos\" \/>\n<meta name=\"twitter:label1\" content=\"Escrito por\" \/>\n\t<meta name=\"twitter:data1\" content=\"\" \/>\n\t<meta name=\"twitter:label2\" content=\"Est. tempo de leitura\" \/>\n\t<meta name=\"twitter:data2\" content=\"1 minuto\" \/>\n<script type=\"application\/ld+json\" class=\"yoast-schema-graph\">{\"@context\":\"https:\\\/\\\/schema.org\",\"@graph\":[{\"@type\":\"Article\",\"@id\":\"https:\\\/\\\/redenoticiaz.com.br\\\/ribeiraopreto-regiao\\\/sp\\\/2023\\\/01\\\/26\\\/comissao-e-grupo-de-adocao-de-barretos-realizam-campanha-de-arrecadacao-de-materiais-escolares-para-casa-kids#article\",\"isPartOf\":{\"@id\":\"https:\\\/\\\/redenoticiaz.com.br\\\/ribeiraopreto-regiao\\\/sp\\\/2023\\\/01\\\/26\\\/comissao-e-grupo-de-adocao-de-barretos-realizam-campanha-de-arrecadacao-de-materiais-escolares-para-casa-kids\"},\"author\":{\"name\":\"\",\"@id\":\"\"},\"headline\":\"Comiss\u00e3o e Grupo de Ado\u00e7\u00e3o de Barretos realizam campanha de arrecada\u00e7\u00e3o de materiais escolares para Casa Kids\",\"datePublished\":\"2023-01-26T16:56:06+00:00\",\"mainEntityOfPage\":{\"@id\":\"https:\\\/\\\/redenoticiaz.com.br\\\/ribeiraopreto-regiao\\\/sp\\\/2023\\\/01\\\/26\\\/comissao-e-grupo-de-adocao-de-barretos-realizam-campanha-de-arrecadacao-de-materiais-escolares-para-casa-kids\"},\"wordCount\":200,\"commentCount\":0,\"publisher\":{\"@id\":\"https:\\\/\\\/redenoticiaz.com.br\\\/ribeiraopreto-regiao\\\/#organization\"},\"image\":{\"@id\":\"https:\\\/\\\/redenoticiaz.com.br\\\/ribeiraopreto-regiao\\\/sp\\\/2023\\\/01\\\/26\\\/comissao-e-grupo-de-adocao-de-barretos-realizam-campanha-de-arrecadacao-de-materiais-escolares-para-casa-kids#primaryimage\"},\"thumbnailUrl\":\"https:\\\/\\\/redenoticiaz.com.br\\\/ribeiraopreto-regiao\\\/wp-content\\\/uploads\\\/sites\\\/4\\\/2023\\\/01\\\/Comissao-e-Grupo-de-Adocao-de-Barretos-realizam-campanha-de-arrecadacao-de-materiais-escolares-para-Casa-Kids.png\",\"keywords\":[\"alunos\",\"arrecada\u00e7\u00e3o de materiais escolar\",\"CAMPANHA\",\"casa Kids\",\"doa\u00e7\u00e3o\"],\"articleSection\":[\"A\u00e7\u00e3o Social\"],\"inLanguage\":\"pt-BR\",\"potentialAction\":[{\"@type\":\"CommentAction\",\"name\":\"Comment\",\"target\":[\"https:\\\/\\\/redenoticiaz.com.br\\\/ribeiraopreto-regiao\\\/sp\\\/2023\\\/01\\\/26\\\/comissao-e-grupo-de-adocao-de-barretos-realizam-campanha-de-arrecadacao-de-materiais-escolares-para-casa-kids#respond\"]}]},{\"@type\":\"WebPage\",\"@id\":\"https:\\\/\\\/redenoticiaz.com.br\\\/ribeiraopreto-regiao\\\/sp\\\/2023\\\/01\\\/26\\\/comissao-e-grupo-de-adocao-de-barretos-realizam-campanha-de-arrecadacao-de-materiais-escolares-para-casa-kids\",\"url\":\"https:\\\/\\\/redenoticiaz.com.br\\\/ribeiraopreto-regiao\\\/sp\\\/2023\\\/01\\\/26\\\/comissao-e-grupo-de-adocao-de-barretos-realizam-campanha-de-arrecadacao-de-materiais-escolares-para-casa-kids\",\"name\":\"Comiss\u00e3o e Grupo de Ado\u00e7\u00e3o de Barretos realizam campanha de arrecada\u00e7\u00e3o de materiais escolares para Casa Kids - Ribeir\u00e3o Preto e Regi\u00e3o\",\"isPartOf\":{\"@id\":\"https:\\\/\\\/redenoticiaz.com.br\\\/ribeiraopreto-regiao\\\/#website\"},\"primaryImageOfPage\":{\"@id\":\"https:\\\/\\\/redenoticiaz.com.br\\\/ribeiraopreto-regiao\\\/sp\\\/2023\\\/01\\\/26\\\/comissao-e-grupo-de-adocao-de-barretos-realizam-campanha-de-arrecadacao-de-materiais-escolares-para-casa-kids#primaryimage\"},\"image\":{\"@id\":\"https:\\\/\\\/redenoticiaz.com.br\\\/ribeiraopreto-regiao\\\/sp\\\/2023\\\/01\\\/26\\\/comissao-e-grupo-de-adocao-de-barretos-realizam-campanha-de-arrecadacao-de-materiais-escolares-para-casa-kids#primaryimage\"},\"thumbnailUrl\":\"https:\\\/\\\/redenoticiaz.com.br\\\/ribeiraopreto-regiao\\\/wp-content\\\/uploads\\\/sites\\\/4\\\/2023\\\/01\\\/Comissao-e-Grupo-de-Adocao-de-Barretos-realizam-campanha-de-arrecadacao-de-materiais-escolares-para-Casa-Kids.png\",\"datePublished\":\"2023-01-26T16:56:06+00:00\",\"description\":\"In\u00edcio de ano, al\u00e9m de ser o per\u00edodo de pagamentos de impostos, \u00e9 o momento de ir \u00e0s compras do material escolar para as crian\u00e7as.\",\"inLanguage\":\"pt-BR\",\"potentialAction\":[{\"@type\":\"ReadAction\",\"target\":[\"https:\\\/\\\/redenoticiaz.com.br\\\/ribeiraopreto-regiao\\\/sp\\\/2023\\\/01\\\/26\\\/comissao-e-grupo-de-adocao-de-barretos-realizam-campanha-de-arrecadacao-de-materiais-escolares-para-casa-kids\"]}]},{\"@type\":\"ImageObject\",\"inLanguage\":\"pt-BR\",\"@id\":\"https:\\\/\\\/redenoticiaz.com.br\\\/ribeiraopreto-regiao\\\/sp\\\/2023\\\/01\\\/26\\\/comissao-e-grupo-de-adocao-de-barretos-realizam-campanha-de-arrecadacao-de-materiais-escolares-para-casa-kids#primaryimage\",\"url\":\"https:\\\/\\\/redenoticiaz.com.br\\\/ribeiraopreto-regiao\\\/wp-content\\\/uploads\\\/sites\\\/4\\\/2023\\\/01\\\/Comissao-e-Grupo-de-Adocao-de-Barretos-realizam-campanha-de-arrecadacao-de-materiais-escolares-para-Casa-Kids.png\",\"contentUrl\":\"https:\\\/\\\/redenoticiaz.com.br\\\/ribeiraopreto-regiao\\\/wp-content\\\/uploads\\\/sites\\\/4\\\/2023\\\/01\\\/Comissao-e-Grupo-de-Adocao-de-Barretos-realizam-campanha-de-arrecadacao-de-materiais-escolares-para-Casa-Kids.png\",\"width\":1200,\"height\":628,\"caption\":\"Arrecada\u00e7\u00e3o de materiais escolar. Cr\u00e9dito: Divulga\u00e7\u00e3o\"},{\"@type\":\"WebSite\",\"@id\":\"https:\\\/\\\/redenoticiaz.com.br\\\/ribeiraopreto-regiao\\\/#website\",\"url\":\"https:\\\/\\\/redenoticiaz.com.br\\\/ribeiraopreto-regiao\\\/\",\"name\":\"Ribeir\u00e3o Preto e Regi\u00e3o\",\"description\":\"Rede NoticiaZ - Ribeir\u00e3o Preto e regi\u00e3o\",\"publisher\":{\"@id\":\"https:\\\/\\\/redenoticiaz.com.br\\\/ribeiraopreto-regiao\\\/#organization\"},\"potentialAction\":[{\"@type\":\"SearchAction\",\"target\":{\"@type\":\"EntryPoint\",\"urlTemplate\":\"https:\\\/\\\/redenoticiaz.com.br\\\/ribeiraopreto-regiao\\\/?s={search_term_string}\"},\"query-input\":{\"@type\":\"PropertyValueSpecification\",\"valueRequired\":true,\"valueName\":\"search_term_string\"}}],\"inLanguage\":\"pt-BR\"},{\"@type\":\"Organization\",\"@id\":\"https:\\\/\\\/redenoticiaz.com.br\\\/ribeiraopreto-regiao\\\/#organization\",\"name\":\"Ribeir\u00e3o Preto e Regi\u00e3o\",\"url\":\"https:\\\/\\\/redenoticiaz.com.br\\\/ribeiraopreto-regiao\\\/\",\"logo\":{\"@type\":\"ImageObject\",\"inLanguage\":\"pt-BR\",\"@id\":\"https:\\\/\\\/redenoticiaz.com.br\\\/ribeiraopreto-regiao\\\/#\\\/schema\\\/logo\\\/image\\\/\",\"url\":\"https:\\\/\\\/redenoticiaz.com.br\\\/barretos-regiao\\\/wp-content\\\/uploads\\\/sites\\\/4\\\/2022\\\/02\\\/logo.jpg\",\"contentUrl\":\"https:\\\/\\\/redenoticiaz.com.br\\\/barretos-regiao\\\/wp-content\\\/uploads\\\/sites\\\/4\\\/2022\\\/02\\\/logo.jpg\",\"width\":400,\"height\":250,\"caption\":\"Ribeir\u00e3o Preto e Regi\u00e3o\"},\"image\":{\"@id\":\"https:\\\/\\\/redenoticiaz.com.br\\\/ribeiraopreto-regiao\\\/#\\\/schema\\\/logo\\\/image\\\/\"},\"sameAs\":[\"https:\\\/\\\/m.facebook.com\\\/redenoticiaz.barretos\",\"https:\\\/\\\/x.com\\\/RN_barretos\",\"https:\\\/\\\/www.instagram.com\\\/redenoticiaz.barretos\\\/?igshid=YmMyMTA2M2Y\",\"https:\\\/\\\/www.linkedin.com\\\/company\\\/rede-noticiaz-barretos-e-regio\\\/\"]},{\"@type\":\"Person\",\"@id\":\"\",\"url\":\"https:\\\/\\\/redenoticiaz.com.br\\\/ribeiraopreto-regiao\\\/sp\\\/author\"}]}<\/script>\n<!-- \/ Yoast SEO plugin. -->","yoast_head_json":{"title":"Comiss\u00e3o e Grupo de Ado\u00e7\u00e3o de Barretos realizam campanha de arrecada\u00e7\u00e3o de materiais escolares para Casa Kids - Ribeir\u00e3o Preto e Regi\u00e3o","description":"In\u00edcio de ano, al\u00e9m de ser o per\u00edodo de pagamentos de impostos, \u00e9 o momento de ir \u00e0s compras do material escolar para as crian\u00e7as.","robots":{"index":"index","follow":"follow","max-snippet":"max-snippet:-1","max-image-preview":"max-image-preview:large","max-video-preview":"max-video-preview:-1"},"canonical":"https:\/\/redenoticiaz.com.br\/ribeiraopreto-regiao\/sp\/2023\/01\/26\/comissao-e-grupo-de-adocao-de-barretos-realizam-campanha-de-arrecadacao-de-materiais-escolares-para-casa-kids","og_locale":"pt_BR","og_type":"article","og_title":"Comiss\u00e3o e Grupo de Ado\u00e7\u00e3o de Barretos realizam campanha de arrecada\u00e7\u00e3o de materiais escolares para Casa Kids - Ribeir\u00e3o Preto e Regi\u00e3o","og_description":"In\u00edcio de ano, al\u00e9m de ser o per\u00edodo de pagamentos de impostos, \u00e9 o momento de ir \u00e0s compras do material escolar para as crian\u00e7as.","og_url":"https:\/\/redenoticiaz.com.br\/ribeiraopreto-regiao\/sp\/2023\/01\/26\/comissao-e-grupo-de-adocao-de-barretos-realizam-campanha-de-arrecadacao-de-materiais-escolares-para-casa-kids","og_site_name":"Ribeir\u00e3o Preto e Regi\u00e3o","article_publisher":"https:\/\/m.facebook.com\/redenoticiaz.barretos","article_published_time":"2023-01-26T16:56:06+00:00","og_image":[{"width":1200,"height":628,"url":"https:\/\/redenoticiaz.com.br\/ribeiraopreto-regiao\/wp-content\/uploads\/sites\/4\/2023\/01\/Comissao-e-Grupo-de-Adocao-de-Barretos-realizam-campanha-de-arrecadacao-de-materiais-escolares-para-Casa-Kids.png","type":"image\/png"}],"twitter_card":"summary_large_image","twitter_creator":"@RN_barretos","twitter_site":"@RN_barretos","twitter_misc":{"Escrito por":"","Est. tempo de leitura":"1 minuto"},"schema":{"@context":"https:\/\/schema.org","@graph":[{"@type":"Article","@id":"https:\/\/redenoticiaz.com.br\/ribeiraopreto-regiao\/sp\/2023\/01\/26\/comissao-e-grupo-de-adocao-de-barretos-realizam-campanha-de-arrecadacao-de-materiais-escolares-para-casa-kids#article","isPartOf":{"@id":"https:\/\/redenoticiaz.com.br\/ribeiraopreto-regiao\/sp\/2023\/01\/26\/comissao-e-grupo-de-adocao-de-barretos-realizam-campanha-de-arrecadacao-de-materiais-escolares-para-casa-kids"},"author":{"name":"","@id":""},"headline":"Comiss\u00e3o e Grupo de Ado\u00e7\u00e3o de Barretos realizam campanha de arrecada\u00e7\u00e3o de materiais escolares para Casa Kids","datePublished":"2023-01-26T16:56:06+00:00","mainEntityOfPage":{"@id":"https:\/\/redenoticiaz.com.br\/ribeiraopreto-regiao\/sp\/2023\/01\/26\/comissao-e-grupo-de-adocao-de-barretos-realizam-campanha-de-arrecadacao-de-materiais-escolares-para-casa-kids"},"wordCount":200,"commentCount":0,"publisher":{"@id":"https:\/\/redenoticiaz.com.br\/ribeiraopreto-regiao\/#organization"},"image":{"@id":"https:\/\/redenoticiaz.com.br\/ribeiraopreto-regiao\/sp\/2023\/01\/26\/comissao-e-grupo-de-adocao-de-barretos-realizam-campanha-de-arrecadacao-de-materiais-escolares-para-casa-kids#primaryimage"},"thumbnailUrl":"https:\/\/redenoticiaz.com.br\/ribeiraopreto-regiao\/wp-content\/uploads\/sites\/4\/2023\/01\/Comissao-e-Grupo-de-Adocao-de-Barretos-realizam-campanha-de-arrecadacao-de-materiais-escolares-para-Casa-Kids.png","keywords":["alunos","arrecada\u00e7\u00e3o de materiais escolar","CAMPANHA","casa Kids","doa\u00e7\u00e3o"],"articleSection":["A\u00e7\u00e3o Social"],"inLanguage":"pt-BR","potentialAction":[{"@type":"CommentAction","name":"Comment","target":["https:\/\/redenoticiaz.com.br\/ribeiraopreto-regiao\/sp\/2023\/01\/26\/comissao-e-grupo-de-adocao-de-barretos-realizam-campanha-de-arrecadacao-de-materiais-escolares-para-casa-kids#respond"]}]},{"@type":"WebPage","@id":"https:\/\/redenoticiaz.com.br\/ribeiraopreto-regiao\/sp\/2023\/01\/26\/comissao-e-grupo-de-adocao-de-barretos-realizam-campanha-de-arrecadacao-de-materiais-escolares-para-casa-kids","url":"https:\/\/redenoticiaz.com.br\/ribeiraopreto-regiao\/sp\/2023\/01\/26\/comissao-e-grupo-de-adocao-de-barretos-realizam-campanha-de-arrecadacao-de-materiais-escolares-para-casa-kids","name":"Comiss\u00e3o e Grupo de Ado\u00e7\u00e3o de Barretos realizam campanha de arrecada\u00e7\u00e3o de materiais escolares para Casa Kids - Ribeir\u00e3o Preto e Regi\u00e3o","isPartOf":{"@id":"https:\/\/redenoticiaz.com.br\/ribeiraopreto-regiao\/#website"},"primaryImageOfPage":{"@id":"https:\/\/redenoticiaz.com.br\/ribeiraopreto-regiao\/sp\/2023\/01\/26\/comissao-e-grupo-de-adocao-de-barretos-realizam-campanha-de-arrecadacao-de-materiais-escolares-para-casa-kids#primaryimage"},"image":{"@id":"https:\/\/redenoticiaz.com.br\/ribeiraopreto-regiao\/sp\/2023\/01\/26\/comissao-e-grupo-de-adocao-de-barretos-realizam-campanha-de-arrecadacao-de-materiais-escolares-para-casa-kids#primaryimage"},"thumbnailUrl":"https:\/\/redenoticiaz.com.br\/ribeiraopreto-regiao\/wp-content\/uploads\/sites\/4\/2023\/01\/Comissao-e-Grupo-de-Adocao-de-Barretos-realizam-campanha-de-arrecadacao-de-materiais-escolares-para-Casa-Kids.png","datePublished":"2023-01-26T16:56:06+00:00","description":"In\u00edcio de ano, al\u00e9m de ser o per\u00edodo de pagamentos de impostos, \u00e9 o momento de ir \u00e0s compras do material escolar para as crian\u00e7as.","inLanguage":"pt-BR","potentialAction":[{"@type":"ReadAction","target":["https:\/\/redenoticiaz.com.br\/ribeiraopreto-regiao\/sp\/2023\/01\/26\/comissao-e-grupo-de-adocao-de-barretos-realizam-campanha-de-arrecadacao-de-materiais-escolares-para-casa-kids"]}]},{"@type":"ImageObject","inLanguage":"pt-BR","@id":"https:\/\/redenoticiaz.com.br\/ribeiraopreto-regiao\/sp\/2023\/01\/26\/comissao-e-grupo-de-adocao-de-barretos-realizam-campanha-de-arrecadacao-de-materiais-escolares-para-casa-kids#primaryimage","url":"https:\/\/redenoticiaz.com.br\/ribeiraopreto-regiao\/wp-content\/uploads\/sites\/4\/2023\/01\/Comissao-e-Grupo-de-Adocao-de-Barretos-realizam-campanha-de-arrecadacao-de-materiais-escolares-para-Casa-Kids.png","contentUrl":"https:\/\/redenoticiaz.com.br\/ribeiraopreto-regiao\/wp-content\/uploads\/sites\/4\/2023\/01\/Comissao-e-Grupo-de-Adocao-de-Barretos-realizam-campanha-de-arrecadacao-de-materiais-escolares-para-Casa-Kids.png","width":1200,"height":628,"caption":"Arrecada\u00e7\u00e3o de materiais escolar. Cr\u00e9dito: Divulga\u00e7\u00e3o"},{"@type":"WebSite","@id":"https:\/\/redenoticiaz.com.br\/ribeiraopreto-regiao\/#website","url":"https:\/\/redenoticiaz.com.br\/ribeiraopreto-regiao\/","name":"Ribeir\u00e3o Preto e Regi\u00e3o","description":"Rede NoticiaZ - Ribeir\u00e3o Preto e regi\u00e3o","publisher":{"@id":"https:\/\/redenoticiaz.com.br\/ribeiraopreto-regiao\/#organization"},"potentialAction":[{"@type":"SearchAction","target":{"@type":"EntryPoint","urlTemplate":"https:\/\/redenoticiaz.com.br\/ribeiraopreto-regiao\/?s={search_term_string}"},"query-input":{"@type":"PropertyValueSpecification","valueRequired":true,"valueName":"search_term_string"}}],"inLanguage":"pt-BR"},{"@type":"Organization","@id":"https:\/\/redenoticiaz.com.br\/ribeiraopreto-regiao\/#organization","name":"Ribeir\u00e3o Preto e Regi\u00e3o","url":"https:\/\/redenoticiaz.com.br\/ribeiraopreto-regiao\/","logo":{"@type":"ImageObject","inLanguage":"pt-BR","@id":"https:\/\/redenoticiaz.com.br\/ribeiraopreto-regiao\/#\/schema\/logo\/image\/","url":"https:\/\/redenoticiaz.com.br\/barretos-regiao\/wp-content\/uploads\/sites\/4\/2022\/02\/logo.jpg","contentUrl":"https:\/\/redenoticiaz.com.br\/barretos-regiao\/wp-content\/uploads\/sites\/4\/2022\/02\/logo.jpg","width":400,"height":250,"caption":"Ribeir\u00e3o Preto e Regi\u00e3o"},"image":{"@id":"https:\/\/redenoticiaz.com.br\/ribeiraopreto-regiao\/#\/schema\/logo\/image\/"},"sameAs":["https:\/\/m.facebook.com\/redenoticiaz.barretos","https:\/\/x.com\/RN_barretos","https:\/\/www.instagram.com\/redenoticiaz.barretos\/?igshid=YmMyMTA2M2Y","https:\/\/www.linkedin.com\/company\/rede-noticiaz-barretos-e-regio\/"]},{"@type":"Person","@id":"","url":"https:\/\/redenoticiaz.com.br\/ribeiraopreto-regiao\/sp\/author"}]}},"_links":{"self":[{"href":"https:\/\/redenoticiaz.com.br\/ribeiraopreto-regiao\/wp-json\/wp\/v2\/posts\/99330","targetHints":{"allow":["GET"]}}],"collection":[{"href":"https:\/\/redenoticiaz.com.br\/ribeiraopreto-regiao\/wp-json\/wp\/v2\/posts"}],"about":[{"href":"https:\/\/redenoticiaz.com.br\/ribeiraopreto-regiao\/wp-json\/wp\/v2\/types\/post"}],"author":[{"embeddable":true,"href":"https:\/\/redenoticiaz.com.br\/ribeiraopreto-regiao\/wp-json\/wp\/v2\/users\/15"}],"replies":[{"embeddable":true,"href":"https:\/\/redenoticiaz.com.br\/ribeiraopreto-regiao\/wp-json\/wp\/v2\/comments?post=99330"}],"version-history":[{"count":1,"href":"https:\/\/redenoticiaz.com.br\/ribeiraopreto-regiao\/wp-json\/wp\/v2\/posts\/99330\/revisions"}],"predecessor-version":[{"id":99332,"href":"https:\/\/redenoticiaz.com.br\/ribeiraopreto-regiao\/wp-json\/wp\/v2\/posts\/99330\/revisions\/99332"}],"wp:featuredmedia":[{"embeddable":true,"href":"https:\/\/redenoticiaz.com.br\/ribeiraopreto-regiao\/wp-json\/wp\/v2\/media\/99331"}],"wp:attachment":[{"href":"https:\/\/redenoticiaz.com.br\/ribeiraopreto-regiao\/wp-json\/wp\/v2\/media?parent=99330"}],"wp:term":[{"taxonomy":"category","embeddable":true,"href":"https:\/\/redenoticiaz.com.br\/ribeiraopreto-regiao\/wp-json\/wp\/v2\/categories?post=99330"},{"taxonomy":"post_tag","embeddable":true,"href":"https:\/\/redenoticiaz.com.br\/ribeiraopreto-regiao\/wp-json\/wp\/v2\/tags?post=99330"}],"curies":[{"name":"wp","href":"https:\/\/api.w.org\/{rel}","templated":true}]}}