{"id":99333,"date":"2023-01-26T14:11:56","date_gmt":"2023-01-26T17:11:56","guid":{"rendered":"https:\/\/redenoticiaz.com.br\/barretos-regiao\/?p=99333"},"modified":"2023-01-26T14:11:56","modified_gmt":"2023-01-26T17:11:56","slug":"prefeitura-instala-novas-lombofaixas-e-redutores-de-velocidade-para-melhorar-a-seguranca-do-transito","status":"publish","type":"post","link":"https:\/\/redenoticiaz.com.br\/ribeiraopreto-regiao\/sp\/2023\/01\/26\/prefeitura-instala-novas-lombofaixas-e-redutores-de-velocidade-para-melhorar-a-seguranca-do-transito","title":{"rendered":"Prefeitura instala novas lombofaixas e redutores de velocidade para melhorar a Seguran\u00e7a do Tr\u00e2nsito"},"content":{"rendered":"<p class=\"v1gmail-MsoBodyText\"><span style=\"font-family: arial, sans-serif\">Ruas da Est\u00e2ncia Tur\u00edstica de Ol\u00edmpia est\u00e3o recebendo novas instala\u00e7\u00f5es de dispositivos para seguran\u00e7a no tr\u00e2nsito, nos \u00faltimos dias. Implantados pela Prefeitura, por meio da secretaria de Seguran\u00e7a, Tr\u00e2nsito e Mobilidade Urbana, os equipamentos visam melhorar as condi\u00e7\u00f5es de tr\u00e1fego de ve\u00edculos e pedestres e reduzir o \u00edndice de risco de acidentes no munic\u00edpio.<\/span><\/p>\n<p class=\"v1gmail-MsoBodyText\"><span style=\"font-family: arial, sans-serif\">Ap\u00f3s estudos e levantamentos t\u00e9cnicos do setor, foram instalados uma lombofaixa na Rua Di\u00f3genes Breda, em frente ao Clube de Campo, e dois redutores de velocidade, um na Rua Bernardino de Campos, defronte \u00e0 Coopercitrus, e outro na Avenida Alberto Oberg, altura do n\u00famero 1330, no bairro Viva Ol\u00edmpia. Em breve, novos redutores ser\u00e3o instalados tamb\u00e9m na Avenida M\u00e1rio Vieira Marcondes, que tem grande fluxo de ve\u00edculos.<\/span><\/p>\n<p class=\"v1gmail-MsoBodyText\"><span style=\"font-family: arial, sans-serif\">Al\u00e9m dessa a\u00e7\u00e3o, a cidade ainda conta com outras demandas em andamento para implanta\u00e7\u00e3o de lombofaixas em locais estrat\u00e9gicos, como as sa\u00eddas de todas as escolas municipais, que ocorrer\u00e3o, no decorrer do ano, conforme cronograma de servi\u00e7os da secretaria.<\/span><\/p>\n<p class=\"v1gmail-MsoBodyText\"><span style=\"font-family: arial, sans-serif\">O munic\u00edpio aguarda tamb\u00e9m libera\u00e7\u00e3o dos recursos do conv\u00eanio com o Governo do Estado, anunciado no ano passado, com o projeto do Detran que contemplar\u00e1 Ol\u00edmpia com instala\u00e7\u00f5es de novas sinaliza\u00e7\u00f5es semaf\u00f3ricas, ondula\u00e7\u00e3o transversal, faixas elevadas para travessia de pedestres e lombadas eletr\u00f4nicas em diversos pontos de grande fluxo de ve\u00edculos.<\/span><\/p>\n<p class=\"v1gmail-MsoBodyText\"><span style=\"font-family: arial, sans-serif\">Para a secretaria, dar continuidade \u00e0s ferramentas de melhoria para a seguran\u00e7a das vias \u00e9 um compromisso constante da gest\u00e3o atual, favorecendo a circula\u00e7\u00e3o de pedestres, motociclistas e\u00a0condutores e garantindo um tr\u00e2nsito mais seguro para toda popula\u00e7\u00e3o e visitantes.<\/span><\/p>\n<p class=\"v1gmail-MsoBodyText\"><span style=\"font-family: arial, sans-serif\">Demandas sobre lombadas e sinaliza\u00e7\u00e3o podem ser registradas pela Ouvidoria, pelo 162 ou pelo site\u00a0<a href=\"http:\/\/olimpia.eouve.com.br\/\" target=\"_blank\" rel=\"noopener noreferrer\">olimpia.eouve.com.br<\/a>, com direcionamento \u00e0 secretaria de Seguran\u00e7a, Tr\u00e2nsito e Mobilidade Urbana,\u00a0para avalia\u00e7\u00e3o do setor.<\/span><\/p>\n<div>VEJA TAMB\u00c9M:\u00a0<a href=\"https:\/\/redenoticiaz.com.br\/barretos-regiao\/sp\/2023\/01\/12\/gcm-prende-suspeito-de-furto-de-material-de-construcao\">GCM prende suspeito de furto de material de constru\u00e7\u00e3o<\/a><\/div>\n","protected":false},"excerpt":{"rendered":"<p>Ruas da Est\u00e2ncia Tur\u00edstica de Ol\u00edmpia est\u00e3o recebendo novas instala\u00e7\u00f5es de dispositivos para seguran\u00e7a no tr\u00e2nsito, nos \u00faltimos dias. Implantados pela Prefeitura, por meio da secretaria de Seguran\u00e7a, Tr\u00e2nsito e Mobilidade Urbana, os equipamentos visam melhorar as condi\u00e7\u00f5es de tr\u00e1fego de ve\u00edculos e pedestres e reduzir o \u00edndice de risco de acidentes no munic\u00edpio. Ap\u00f3s &hellip;<\/p>\n","protected":false},"author":15,"featured_media":99334,"comment_status":"open","ping_status":"closed","sticky":false,"template":"","format":"standard","meta":{"footnotes":""},"categories":[143],"tags":[24270,24271,24269,24272],"class_list":["post-99333","post","type-post","status-publish","format-standard","has-post-thumbnail","hentry","category-transito","tag-edutores-de-velocidade","tag-lombofaixas","tag-seguranca-do-transito","tag-veiculos-e-pedestres"],"yoast_head":"<!-- This site is optimized with the Yoast SEO plugin v27.4 - https:\/\/yoast.com\/product\/yoast-seo-wordpress\/ -->\n<title>Prefeitura instala novas lombofaixas e redutores de velocidade para melhorar a Seguran\u00e7a do Tr\u00e2nsito - Ribeir\u00e3o Preto e Regi\u00e3o<\/title>\n<meta name=\"description\" content=\"Ol\u00edmpia est\u00e1 recebendo novas instala\u00e7\u00f5es de dispositivos para seguran\u00e7a no tr\u00e2nsito, nos \u00faltimos dias. Lombofaixas, instaladas pela Prefeitura\" \/>\n<meta name=\"robots\" content=\"index, follow, max-snippet:-1, max-image-preview:large, max-video-preview:-1\" \/>\n<link rel=\"canonical\" href=\"https:\/\/redenoticiaz.com.br\/ribeiraopreto-regiao\/sp\/2023\/01\/26\/prefeitura-instala-novas-lombofaixas-e-redutores-de-velocidade-para-melhorar-a-seguranca-do-transito\" \/>\n<meta property=\"og:locale\" content=\"pt_BR\" \/>\n<meta property=\"og:type\" content=\"article\" \/>\n<meta property=\"og:title\" content=\"Prefeitura instala novas lombofaixas e redutores de velocidade para melhorar a Seguran\u00e7a do Tr\u00e2nsito - Ribeir\u00e3o Preto e Regi\u00e3o\" \/>\n<meta property=\"og:description\" content=\"Ol\u00edmpia est\u00e1 recebendo novas instala\u00e7\u00f5es de dispositivos para seguran\u00e7a no tr\u00e2nsito, nos \u00faltimos dias. Lombofaixas, instaladas pela Prefeitura\" \/>\n<meta property=\"og:url\" content=\"https:\/\/redenoticiaz.com.br\/ribeiraopreto-regiao\/sp\/2023\/01\/26\/prefeitura-instala-novas-lombofaixas-e-redutores-de-velocidade-para-melhorar-a-seguranca-do-transito\" \/>\n<meta property=\"og:site_name\" content=\"Ribeir\u00e3o Preto e Regi\u00e3o\" \/>\n<meta property=\"article:publisher\" content=\"https:\/\/m.facebook.com\/redenoticiaz.barretos\" \/>\n<meta property=\"article:published_time\" content=\"2023-01-26T17:11:56+00:00\" \/>\n<meta property=\"og:image\" content=\"https:\/\/redenoticiaz.com.br\/ribeiraopreto-regiao\/wp-content\/uploads\/sites\/4\/2023\/01\/Novas-Lombadas-e-Lombofaixas-2-scaled.jpg\" \/>\n\t<meta property=\"og:image:width\" content=\"1515\" \/>\n\t<meta property=\"og:image:height\" content=\"1080\" \/>\n\t<meta property=\"og:image:type\" content=\"image\/jpeg\" \/>\n<meta name=\"twitter:card\" content=\"summary_large_image\" \/>\n<meta name=\"twitter:creator\" content=\"@RN_barretos\" \/>\n<meta name=\"twitter:site\" content=\"@RN_barretos\" \/>\n<meta name=\"twitter:label1\" content=\"Escrito por\" \/>\n\t<meta name=\"twitter:data1\" content=\"\" \/>\n\t<meta name=\"twitter:label2\" content=\"Est. tempo de leitura\" \/>\n\t<meta name=\"twitter:data2\" content=\"2 minutos\" \/>\n<script type=\"application\/ld+json\" class=\"yoast-schema-graph\">{\"@context\":\"https:\\\/\\\/schema.org\",\"@graph\":[{\"@type\":\"Article\",\"@id\":\"https:\\\/\\\/redenoticiaz.com.br\\\/ribeiraopreto-regiao\\\/sp\\\/2023\\\/01\\\/26\\\/prefeitura-instala-novas-lombofaixas-e-redutores-de-velocidade-para-melhorar-a-seguranca-do-transito#article\",\"isPartOf\":{\"@id\":\"https:\\\/\\\/redenoticiaz.com.br\\\/ribeiraopreto-regiao\\\/sp\\\/2023\\\/01\\\/26\\\/prefeitura-instala-novas-lombofaixas-e-redutores-de-velocidade-para-melhorar-a-seguranca-do-transito\"},\"author\":{\"name\":\"\",\"@id\":\"\"},\"headline\":\"Prefeitura instala novas lombofaixas e redutores de velocidade para melhorar a Seguran\u00e7a do Tr\u00e2nsito\",\"datePublished\":\"2023-01-26T17:11:56+00:00\",\"mainEntityOfPage\":{\"@id\":\"https:\\\/\\\/redenoticiaz.com.br\\\/ribeiraopreto-regiao\\\/sp\\\/2023\\\/01\\\/26\\\/prefeitura-instala-novas-lombofaixas-e-redutores-de-velocidade-para-melhorar-a-seguranca-do-transito\"},\"wordCount\":357,\"commentCount\":0,\"publisher\":{\"@id\":\"https:\\\/\\\/redenoticiaz.com.br\\\/ribeiraopreto-regiao\\\/#organization\"},\"image\":{\"@id\":\"https:\\\/\\\/redenoticiaz.com.br\\\/ribeiraopreto-regiao\\\/sp\\\/2023\\\/01\\\/26\\\/prefeitura-instala-novas-lombofaixas-e-redutores-de-velocidade-para-melhorar-a-seguranca-do-transito#primaryimage\"},\"thumbnailUrl\":\"https:\\\/\\\/redenoticiaz.com.br\\\/ribeiraopreto-regiao\\\/wp-content\\\/uploads\\\/sites\\\/4\\\/2023\\\/01\\\/Novas-Lombadas-e-Lombofaixas-2-scaled.jpg\",\"keywords\":[\"edutores de velocidade\",\"lombofaixas\",\"Seguran\u00e7a do Tr\u00e2nsito\",\"ve\u00edculos e pedestres\"],\"articleSection\":[\"Tr\u00e2nsito\"],\"inLanguage\":\"pt-BR\",\"potentialAction\":[{\"@type\":\"CommentAction\",\"name\":\"Comment\",\"target\":[\"https:\\\/\\\/redenoticiaz.com.br\\\/ribeiraopreto-regiao\\\/sp\\\/2023\\\/01\\\/26\\\/prefeitura-instala-novas-lombofaixas-e-redutores-de-velocidade-para-melhorar-a-seguranca-do-transito#respond\"]}]},{\"@type\":\"WebPage\",\"@id\":\"https:\\\/\\\/redenoticiaz.com.br\\\/ribeiraopreto-regiao\\\/sp\\\/2023\\\/01\\\/26\\\/prefeitura-instala-novas-lombofaixas-e-redutores-de-velocidade-para-melhorar-a-seguranca-do-transito\",\"url\":\"https:\\\/\\\/redenoticiaz.com.br\\\/ribeiraopreto-regiao\\\/sp\\\/2023\\\/01\\\/26\\\/prefeitura-instala-novas-lombofaixas-e-redutores-de-velocidade-para-melhorar-a-seguranca-do-transito\",\"name\":\"Prefeitura instala novas lombofaixas e redutores de velocidade para melhorar a Seguran\u00e7a do Tr\u00e2nsito - Ribeir\u00e3o Preto e Regi\u00e3o\",\"isPartOf\":{\"@id\":\"https:\\\/\\\/redenoticiaz.com.br\\\/ribeiraopreto-regiao\\\/#website\"},\"primaryImageOfPage\":{\"@id\":\"https:\\\/\\\/redenoticiaz.com.br\\\/ribeiraopreto-regiao\\\/sp\\\/2023\\\/01\\\/26\\\/prefeitura-instala-novas-lombofaixas-e-redutores-de-velocidade-para-melhorar-a-seguranca-do-transito#primaryimage\"},\"image\":{\"@id\":\"https:\\\/\\\/redenoticiaz.com.br\\\/ribeiraopreto-regiao\\\/sp\\\/2023\\\/01\\\/26\\\/prefeitura-instala-novas-lombofaixas-e-redutores-de-velocidade-para-melhorar-a-seguranca-do-transito#primaryimage\"},\"thumbnailUrl\":\"https:\\\/\\\/redenoticiaz.com.br\\\/ribeiraopreto-regiao\\\/wp-content\\\/uploads\\\/sites\\\/4\\\/2023\\\/01\\\/Novas-Lombadas-e-Lombofaixas-2-scaled.jpg\",\"datePublished\":\"2023-01-26T17:11:56+00:00\",\"description\":\"Ol\u00edmpia est\u00e1 recebendo novas instala\u00e7\u00f5es de dispositivos para seguran\u00e7a no tr\u00e2nsito, nos \u00faltimos dias. Lombofaixas, instaladas pela Prefeitura\",\"inLanguage\":\"pt-BR\",\"potentialAction\":[{\"@type\":\"ReadAction\",\"target\":[\"https:\\\/\\\/redenoticiaz.com.br\\\/ribeiraopreto-regiao\\\/sp\\\/2023\\\/01\\\/26\\\/prefeitura-instala-novas-lombofaixas-e-redutores-de-velocidade-para-melhorar-a-seguranca-do-transito\"]}]},{\"@type\":\"ImageObject\",\"inLanguage\":\"pt-BR\",\"@id\":\"https:\\\/\\\/redenoticiaz.com.br\\\/ribeiraopreto-regiao\\\/sp\\\/2023\\\/01\\\/26\\\/prefeitura-instala-novas-lombofaixas-e-redutores-de-velocidade-para-melhorar-a-seguranca-do-transito#primaryimage\",\"url\":\"https:\\\/\\\/redenoticiaz.com.br\\\/ribeiraopreto-regiao\\\/wp-content\\\/uploads\\\/sites\\\/4\\\/2023\\\/01\\\/Novas-Lombadas-e-Lombofaixas-2-scaled.jpg\",\"contentUrl\":\"https:\\\/\\\/redenoticiaz.com.br\\\/ribeiraopreto-regiao\\\/wp-content\\\/uploads\\\/sites\\\/4\\\/2023\\\/01\\\/Novas-Lombadas-e-Lombofaixas-2-scaled.jpg\",\"width\":1515,\"height\":1080,\"caption\":\"Cr\u00e9dito: Divulga\u00e7\u00e3o\"},{\"@type\":\"WebSite\",\"@id\":\"https:\\\/\\\/redenoticiaz.com.br\\\/ribeiraopreto-regiao\\\/#website\",\"url\":\"https:\\\/\\\/redenoticiaz.com.br\\\/ribeiraopreto-regiao\\\/\",\"name\":\"Ribeir\u00e3o Preto e Regi\u00e3o\",\"description\":\"Rede NoticiaZ - Ribeir\u00e3o Preto e regi\u00e3o\",\"publisher\":{\"@id\":\"https:\\\/\\\/redenoticiaz.com.br\\\/ribeiraopreto-regiao\\\/#organization\"},\"potentialAction\":[{\"@type\":\"SearchAction\",\"target\":{\"@type\":\"EntryPoint\",\"urlTemplate\":\"https:\\\/\\\/redenoticiaz.com.br\\\/ribeiraopreto-regiao\\\/?s={search_term_string}\"},\"query-input\":{\"@type\":\"PropertyValueSpecification\",\"valueRequired\":true,\"valueName\":\"search_term_string\"}}],\"inLanguage\":\"pt-BR\"},{\"@type\":\"Organization\",\"@id\":\"https:\\\/\\\/redenoticiaz.com.br\\\/ribeiraopreto-regiao\\\/#organization\",\"name\":\"Ribeir\u00e3o Preto e Regi\u00e3o\",\"url\":\"https:\\\/\\\/redenoticiaz.com.br\\\/ribeiraopreto-regiao\\\/\",\"logo\":{\"@type\":\"ImageObject\",\"inLanguage\":\"pt-BR\",\"@id\":\"https:\\\/\\\/redenoticiaz.com.br\\\/ribeiraopreto-regiao\\\/#\\\/schema\\\/logo\\\/image\\\/\",\"url\":\"https:\\\/\\\/redenoticiaz.com.br\\\/barretos-regiao\\\/wp-content\\\/uploads\\\/sites\\\/4\\\/2022\\\/02\\\/logo.jpg\",\"contentUrl\":\"https:\\\/\\\/redenoticiaz.com.br\\\/barretos-regiao\\\/wp-content\\\/uploads\\\/sites\\\/4\\\/2022\\\/02\\\/logo.jpg\",\"width\":400,\"height\":250,\"caption\":\"Ribeir\u00e3o Preto e Regi\u00e3o\"},\"image\":{\"@id\":\"https:\\\/\\\/redenoticiaz.com.br\\\/ribeiraopreto-regiao\\\/#\\\/schema\\\/logo\\\/image\\\/\"},\"sameAs\":[\"https:\\\/\\\/m.facebook.com\\\/redenoticiaz.barretos\",\"https:\\\/\\\/x.com\\\/RN_barretos\",\"https:\\\/\\\/www.instagram.com\\\/redenoticiaz.barretos\\\/?igshid=YmMyMTA2M2Y\",\"https:\\\/\\\/www.linkedin.com\\\/company\\\/rede-noticiaz-barretos-e-regio\\\/\"]},{\"@type\":\"Person\",\"@id\":\"\",\"url\":\"https:\\\/\\\/redenoticiaz.com.br\\\/ribeiraopreto-regiao\\\/sp\\\/author\"}]}<\/script>\n<!-- \/ Yoast SEO plugin. -->","yoast_head_json":{"title":"Prefeitura instala novas lombofaixas e redutores de velocidade para melhorar a Seguran\u00e7a do Tr\u00e2nsito - Ribeir\u00e3o Preto e Regi\u00e3o","description":"Ol\u00edmpia est\u00e1 recebendo novas instala\u00e7\u00f5es de dispositivos para seguran\u00e7a no tr\u00e2nsito, nos \u00faltimos dias. Lombofaixas, instaladas pela Prefeitura","robots":{"index":"index","follow":"follow","max-snippet":"max-snippet:-1","max-image-preview":"max-image-preview:large","max-video-preview":"max-video-preview:-1"},"canonical":"https:\/\/redenoticiaz.com.br\/ribeiraopreto-regiao\/sp\/2023\/01\/26\/prefeitura-instala-novas-lombofaixas-e-redutores-de-velocidade-para-melhorar-a-seguranca-do-transito","og_locale":"pt_BR","og_type":"article","og_title":"Prefeitura instala novas lombofaixas e redutores de velocidade para melhorar a Seguran\u00e7a do Tr\u00e2nsito - Ribeir\u00e3o Preto e Regi\u00e3o","og_description":"Ol\u00edmpia est\u00e1 recebendo novas instala\u00e7\u00f5es de dispositivos para seguran\u00e7a no tr\u00e2nsito, nos \u00faltimos dias. Lombofaixas, instaladas pela Prefeitura","og_url":"https:\/\/redenoticiaz.com.br\/ribeiraopreto-regiao\/sp\/2023\/01\/26\/prefeitura-instala-novas-lombofaixas-e-redutores-de-velocidade-para-melhorar-a-seguranca-do-transito","og_site_name":"Ribeir\u00e3o Preto e Regi\u00e3o","article_publisher":"https:\/\/m.facebook.com\/redenoticiaz.barretos","article_published_time":"2023-01-26T17:11:56+00:00","og_image":[{"width":1515,"height":1080,"url":"https:\/\/redenoticiaz.com.br\/ribeiraopreto-regiao\/wp-content\/uploads\/sites\/4\/2023\/01\/Novas-Lombadas-e-Lombofaixas-2-scaled.jpg","type":"image\/jpeg"}],"twitter_card":"summary_large_image","twitter_creator":"@RN_barretos","twitter_site":"@RN_barretos","twitter_misc":{"Escrito por":"","Est. tempo de leitura":"2 minutos"},"schema":{"@context":"https:\/\/schema.org","@graph":[{"@type":"Article","@id":"https:\/\/redenoticiaz.com.br\/ribeiraopreto-regiao\/sp\/2023\/01\/26\/prefeitura-instala-novas-lombofaixas-e-redutores-de-velocidade-para-melhorar-a-seguranca-do-transito#article","isPartOf":{"@id":"https:\/\/redenoticiaz.com.br\/ribeiraopreto-regiao\/sp\/2023\/01\/26\/prefeitura-instala-novas-lombofaixas-e-redutores-de-velocidade-para-melhorar-a-seguranca-do-transito"},"author":{"name":"","@id":""},"headline":"Prefeitura instala novas lombofaixas e redutores de velocidade para melhorar a Seguran\u00e7a do Tr\u00e2nsito","datePublished":"2023-01-26T17:11:56+00:00","mainEntityOfPage":{"@id":"https:\/\/redenoticiaz.com.br\/ribeiraopreto-regiao\/sp\/2023\/01\/26\/prefeitura-instala-novas-lombofaixas-e-redutores-de-velocidade-para-melhorar-a-seguranca-do-transito"},"wordCount":357,"commentCount":0,"publisher":{"@id":"https:\/\/redenoticiaz.com.br\/ribeiraopreto-regiao\/#organization"},"image":{"@id":"https:\/\/redenoticiaz.com.br\/ribeiraopreto-regiao\/sp\/2023\/01\/26\/prefeitura-instala-novas-lombofaixas-e-redutores-de-velocidade-para-melhorar-a-seguranca-do-transito#primaryimage"},"thumbnailUrl":"https:\/\/redenoticiaz.com.br\/ribeiraopreto-regiao\/wp-content\/uploads\/sites\/4\/2023\/01\/Novas-Lombadas-e-Lombofaixas-2-scaled.jpg","keywords":["edutores de velocidade","lombofaixas","Seguran\u00e7a do Tr\u00e2nsito","ve\u00edculos e pedestres"],"articleSection":["Tr\u00e2nsito"],"inLanguage":"pt-BR","potentialAction":[{"@type":"CommentAction","name":"Comment","target":["https:\/\/redenoticiaz.com.br\/ribeiraopreto-regiao\/sp\/2023\/01\/26\/prefeitura-instala-novas-lombofaixas-e-redutores-de-velocidade-para-melhorar-a-seguranca-do-transito#respond"]}]},{"@type":"WebPage","@id":"https:\/\/redenoticiaz.com.br\/ribeiraopreto-regiao\/sp\/2023\/01\/26\/prefeitura-instala-novas-lombofaixas-e-redutores-de-velocidade-para-melhorar-a-seguranca-do-transito","url":"https:\/\/redenoticiaz.com.br\/ribeiraopreto-regiao\/sp\/2023\/01\/26\/prefeitura-instala-novas-lombofaixas-e-redutores-de-velocidade-para-melhorar-a-seguranca-do-transito","name":"Prefeitura instala novas lombofaixas e redutores de velocidade para melhorar a Seguran\u00e7a do Tr\u00e2nsito - Ribeir\u00e3o Preto e Regi\u00e3o","isPartOf":{"@id":"https:\/\/redenoticiaz.com.br\/ribeiraopreto-regiao\/#website"},"primaryImageOfPage":{"@id":"https:\/\/redenoticiaz.com.br\/ribeiraopreto-regiao\/sp\/2023\/01\/26\/prefeitura-instala-novas-lombofaixas-e-redutores-de-velocidade-para-melhorar-a-seguranca-do-transito#primaryimage"},"image":{"@id":"https:\/\/redenoticiaz.com.br\/ribeiraopreto-regiao\/sp\/2023\/01\/26\/prefeitura-instala-novas-lombofaixas-e-redutores-de-velocidade-para-melhorar-a-seguranca-do-transito#primaryimage"},"thumbnailUrl":"https:\/\/redenoticiaz.com.br\/ribeiraopreto-regiao\/wp-content\/uploads\/sites\/4\/2023\/01\/Novas-Lombadas-e-Lombofaixas-2-scaled.jpg","datePublished":"2023-01-26T17:11:56+00:00","description":"Ol\u00edmpia est\u00e1 recebendo novas instala\u00e7\u00f5es de dispositivos para seguran\u00e7a no tr\u00e2nsito, nos \u00faltimos dias. Lombofaixas, instaladas pela Prefeitura","inLanguage":"pt-BR","potentialAction":[{"@type":"ReadAction","target":["https:\/\/redenoticiaz.com.br\/ribeiraopreto-regiao\/sp\/2023\/01\/26\/prefeitura-instala-novas-lombofaixas-e-redutores-de-velocidade-para-melhorar-a-seguranca-do-transito"]}]},{"@type":"ImageObject","inLanguage":"pt-BR","@id":"https:\/\/redenoticiaz.com.br\/ribeiraopreto-regiao\/sp\/2023\/01\/26\/prefeitura-instala-novas-lombofaixas-e-redutores-de-velocidade-para-melhorar-a-seguranca-do-transito#primaryimage","url":"https:\/\/redenoticiaz.com.br\/ribeiraopreto-regiao\/wp-content\/uploads\/sites\/4\/2023\/01\/Novas-Lombadas-e-Lombofaixas-2-scaled.jpg","contentUrl":"https:\/\/redenoticiaz.com.br\/ribeiraopreto-regiao\/wp-content\/uploads\/sites\/4\/2023\/01\/Novas-Lombadas-e-Lombofaixas-2-scaled.jpg","width":1515,"height":1080,"caption":"Cr\u00e9dito: Divulga\u00e7\u00e3o"},{"@type":"WebSite","@id":"https:\/\/redenoticiaz.com.br\/ribeiraopreto-regiao\/#website","url":"https:\/\/redenoticiaz.com.br\/ribeiraopreto-regiao\/","name":"Ribeir\u00e3o Preto e Regi\u00e3o","description":"Rede NoticiaZ - Ribeir\u00e3o Preto e regi\u00e3o","publisher":{"@id":"https:\/\/redenoticiaz.com.br\/ribeiraopreto-regiao\/#organization"},"potentialAction":[{"@type":"SearchAction","target":{"@type":"EntryPoint","urlTemplate":"https:\/\/redenoticiaz.com.br\/ribeiraopreto-regiao\/?s={search_term_string}"},"query-input":{"@type":"PropertyValueSpecification","valueRequired":true,"valueName":"search_term_string"}}],"inLanguage":"pt-BR"},{"@type":"Organization","@id":"https:\/\/redenoticiaz.com.br\/ribeiraopreto-regiao\/#organization","name":"Ribeir\u00e3o Preto e Regi\u00e3o","url":"https:\/\/redenoticiaz.com.br\/ribeiraopreto-regiao\/","logo":{"@type":"ImageObject","inLanguage":"pt-BR","@id":"https:\/\/redenoticiaz.com.br\/ribeiraopreto-regiao\/#\/schema\/logo\/image\/","url":"https:\/\/redenoticiaz.com.br\/barretos-regiao\/wp-content\/uploads\/sites\/4\/2022\/02\/logo.jpg","contentUrl":"https:\/\/redenoticiaz.com.br\/barretos-regiao\/wp-content\/uploads\/sites\/4\/2022\/02\/logo.jpg","width":400,"height":250,"caption":"Ribeir\u00e3o Preto e Regi\u00e3o"},"image":{"@id":"https:\/\/redenoticiaz.com.br\/ribeiraopreto-regiao\/#\/schema\/logo\/image\/"},"sameAs":["https:\/\/m.facebook.com\/redenoticiaz.barretos","https:\/\/x.com\/RN_barretos","https:\/\/www.instagram.com\/redenoticiaz.barretos\/?igshid=YmMyMTA2M2Y","https:\/\/www.linkedin.com\/company\/rede-noticiaz-barretos-e-regio\/"]},{"@type":"Person","@id":"","url":"https:\/\/redenoticiaz.com.br\/ribeiraopreto-regiao\/sp\/author"}]}},"_links":{"self":[{"href":"https:\/\/redenoticiaz.com.br\/ribeiraopreto-regiao\/wp-json\/wp\/v2\/posts\/99333","targetHints":{"allow":["GET"]}}],"collection":[{"href":"https:\/\/redenoticiaz.com.br\/ribeiraopreto-regiao\/wp-json\/wp\/v2\/posts"}],"about":[{"href":"https:\/\/redenoticiaz.com.br\/ribeiraopreto-regiao\/wp-json\/wp\/v2\/types\/post"}],"author":[{"embeddable":true,"href":"https:\/\/redenoticiaz.com.br\/ribeiraopreto-regiao\/wp-json\/wp\/v2\/users\/15"}],"replies":[{"embeddable":true,"href":"https:\/\/redenoticiaz.com.br\/ribeiraopreto-regiao\/wp-json\/wp\/v2\/comments?post=99333"}],"version-history":[{"count":1,"href":"https:\/\/redenoticiaz.com.br\/ribeiraopreto-regiao\/wp-json\/wp\/v2\/posts\/99333\/revisions"}],"predecessor-version":[{"id":99335,"href":"https:\/\/redenoticiaz.com.br\/ribeiraopreto-regiao\/wp-json\/wp\/v2\/posts\/99333\/revisions\/99335"}],"wp:featuredmedia":[{"embeddable":true,"href":"https:\/\/redenoticiaz.com.br\/ribeiraopreto-regiao\/wp-json\/wp\/v2\/media\/99334"}],"wp:attachment":[{"href":"https:\/\/redenoticiaz.com.br\/ribeiraopreto-regiao\/wp-json\/wp\/v2\/media?parent=99333"}],"wp:term":[{"taxonomy":"category","embeddable":true,"href":"https:\/\/redenoticiaz.com.br\/ribeiraopreto-regiao\/wp-json\/wp\/v2\/categories?post=99333"},{"taxonomy":"post_tag","embeddable":true,"href":"https:\/\/redenoticiaz.com.br\/ribeiraopreto-regiao\/wp-json\/wp\/v2\/tags?post=99333"}],"curies":[{"name":"wp","href":"https:\/\/api.w.org\/{rel}","templated":true}]}}