{"id":99371,"date":"2023-01-29T15:00:00","date_gmt":"2023-01-29T18:00:00","guid":{"rendered":"https:\/\/redenoticiaz.com.br\/barretos-regiao\/?p=99371"},"modified":"2023-01-26T23:03:07","modified_gmt":"2023-01-27T02:03:07","slug":"conheca-a-importancia-das-empresas-terem-um-acompanhamento-juridico","status":"publish","type":"post","link":"https:\/\/redenoticiaz.com.br\/ribeiraopreto-regiao\/sp\/2023\/01\/29\/conheca-a-importancia-das-empresas-terem-um-acompanhamento-juridico","title":{"rendered":"Conhe\u00e7a a import\u00e2ncia das empresas terem um acompanhamento jur\u00eddico"},"content":{"rendered":"<p class=\"v1ql-align-justify\">N\u00e3o s\u00e3o todos que sabem, mas \u00e9 extremamente importante que as empresas contem com um <strong>acompanhamento jur\u00eddico<\/strong> para fortalecerem o seu funcionamento. Para se ter ideia, de acordo com dados do IBGE (Instituto Brasileiro de Geografia e Estat\u00edstica), menos de 40% das empresas criadas no Brasil conseguem sobreviver ap\u00f3s cinco anos de atividades. Utilizar de uma assessoria jur\u00eddica \u00e9 uma forma de direcionar as a\u00e7\u00f5es e decis\u00f5es da empresa, evitando correr grandes riscos que possam prejudic\u00e1-la.<\/p>\n<p class=\"v1ql-align-justify\">Para o advogado especialista em LGPD e s\u00f3cio-gestor da\u00a0RGL Advogados, Rubens Leite, contratar uma assessoria jur\u00eddica \u00e9 zelar pela seguran\u00e7a do seu neg\u00f3cio.<\/p>\n<p class=\"v1ql-align-justify\">&#8220;Com o crescimento do neg\u00f3cio, problemas come\u00e7am a se revelar, demonstrando a falta de um planejamento jur\u00eddico. Um desses problemas, normalmente, costumam ser reclama\u00e7\u00f5es constantes de consumidores. Muitas empresas fazem vendas agressivas e deixam de lado os limites legais, gerando problemas com o consumidor. Muitas vezes, sem uma assessoria, surgem processos judiciais, sejam c\u00edveis &#8211; que podem ser frutos de contratos de loca\u00e7\u00e3o mal negociados, contratos com fornecedores fr\u00e1geis e muito mais, ou trabalhistas, que revelam problemas internos na organiza\u00e7\u00e3o&#8221;, explica.<\/p>\n<p class=\"v1ql-align-justify\">Esses riscos s\u00e3o os pontos de partida para um colapso empresarial, onde algumas situa\u00e7\u00f5es podem levar empregadores a n\u00e3o saberem como agir vendo a sua empresa em queda.<\/p>\n<p class=\"v1ql-align-justify\">&#8220;Existem alguns passos que s\u00e3o essenciais para ter uma maior seguran\u00e7a jur\u00eddica nas empresas. Al\u00e9m da consultoria jur\u00eddica, \u00e9 importante que o neg\u00f3cio tenha um planejamento jur\u00eddico estrat\u00e9gico, por exemplo, para que dentro do seu plano de neg\u00f3cios, a empresa identifique qual \u00e9 a melhor modalidade do neg\u00f3cio e os efeitos tribut\u00e1rios dessa decis\u00e3o. Al\u00e9m disso, sempre \u00e9 essencial que as empresas tenham uma gest\u00e3o de risco, para entender a quais riscos sua empresa est\u00e1 exposta, identificando se \u00e9 poss\u00edvel fazer uma reserva de conting\u00eancia&#8221;, complementa.<\/p>\n<p class=\"v1ql-align-justify\">Para entender melhor a import\u00e2ncia de manter uma assessoria jur\u00eddica, o especialista lista alguns pontos essenciais. Confira:<\/p>\n<h5 class=\"v1ql-align-justify\"><strong>1. Independente do tamanho da empresa, tenha um acompanhamento jur\u00eddico<\/strong><\/h5>\n<p class=\"v1ql-align-justify\">&#8220;\u00c9 uma mentira quando falam que o seu neg\u00f3cio n\u00e3o precisa ter uma assessoria jur\u00eddica s\u00f3 por ser uma empresa de pequeno porte. As assessorias se adaptam \u00e0 realidade do seu neg\u00f3cio e aos riscos da sua opera\u00e7\u00e3o. Podendo ser pontual, progressiva e uma s\u00e9rie de modalidades para a empresa ter um amparo jur\u00eddico e seguran\u00e7a&#8221;, explica o especialista.<\/p>\n<h5 class=\"v1ql-align-justify\"><strong>2. N\u00e3o espere ter um problema<\/strong><\/h5>\n<p class=\"v1ql-align-justify\">&#8220;Podemos usar como exemplo o per\u00edodo de pandemia. N\u00e3o foram poucas as empresas que fecharam em virtude da crise causada pelo per\u00edodo de isolamento e por m\u00e1 gest\u00e3o. Esse tipo de coisa significa que a tomada de decis\u00e3o na empresa est\u00e1 incorreta. O jur\u00eddico traz um olhar cr\u00edtico para os riscos do neg\u00f3cio, podendo criar um plano para trazer seguran\u00e7a&#8221;, entende.<\/p>\n<h5 class=\"v1ql-align-justify\"><strong>3. O custo vale a pena<\/strong><\/h5>\n<p class=\"v1ql-align-justify\">&#8220;Muitas empresas deixam de encontrar um acompanhamento jur\u00eddico pensando somente no dinheiro que ir\u00e3o gastar. Mas \u00e9 necess\u00e1rio entendermos que o jur\u00eddico vai, atrav\u00e9s de medidas preventivas e corretivas, olhar para os riscos do neg\u00f3cio e mitigar os problemas. Isso gera, a longo prazo, uma economia da sua conting\u00eancia. O custo se torna pequeno pensando que, sem uma assessoria, muitas empresas acabam fechando as portas por cometerem erros jur\u00eddicos e m\u00e1 gest\u00e3o&#8221;, alerta o advogado.<\/p>\n<h5 class=\"v1ql-align-justify\"><strong>4. \u00c9 importante ter um olhar jur\u00eddico nos contratos<\/strong><\/h5>\n<p class=\"v1ql-align-justify\">&#8220;Um dos pontos principais dentro de qualquer empresa s\u00e3o os contratos. Por isso, \u00e9 importante ter uma equipe que tenha um olhar jur\u00eddico e cuidado para eles. Em qualquer contrato, existem algumas necessidades. Por exemplo, para a opera\u00e7\u00e3o que est\u00e1 sendo feita, seja ela uma contrata\u00e7\u00e3o, um contrato com um fornecedor, clientes ou opera\u00e7\u00f5es de compra e venda, \u00e9 importante olhar para o contexto do neg\u00f3cio, quais s\u00e3o as premissas e condi\u00e7\u00f5es, para que isso se reflita no contrato&#8221;, completa.<\/p>\n<h5 class=\"v1ql-align-justify\"><strong>5. A assessoria mapeia o processo interno e externo das empresas<\/strong><\/h5>\n<p class=\"v1ql-align-justify\">&#8220;Toda empresa \u00e9 feita do interno e do externo. \u00c9 necess\u00e1rio ter uma equipe pronta para analisar todas as partes da empresa, desde um mapeamento interno olhando, por exemplo, para os riscos que a empresa sofre, at\u00e9 uma an\u00e1lise externa, em que se pode observar os efeitos regulat\u00f3rios, legislativos ou de mercado que a empresa est\u00e1 exposta. O mais importante \u00e9 que ter uma assessoria jur\u00eddica se baseia, principalmente, em evitar que a empresa cometa erros a ponto de precisar fechar as portas em algum momento. \u00c9 a melhor forma de assegurar o seu neg\u00f3cio&#8221;, conclui Rubens Leite.<\/p>\n<p><strong>LEIA TAMB\u00c9M<\/strong><\/p>\n<p><a href=\"https:\/\/redenoticiaz.com.br\/blog\/2023\/01\/26\/mulher-vende-de-forma-criminosa-manual-do-codigo-de-defesa-do-consumidor-por-varzea-paulista\">Mulher vende de forma criminosa manual do c\u00f3digo de Defesa do Consumidor por V\u00e1rzea Paulista<\/a><\/p>\n","protected":false},"excerpt":{"rendered":"<p>N\u00e3o s\u00e3o todos que sabem, mas \u00e9 extremamente importante que as empresas contem com um acompanhamento jur\u00eddico para fortalecerem o seu funcionamento. Para se ter ideia, de acordo com dados do IBGE (Instituto Brasileiro de Geografia e Estat\u00edstica), menos de 40% das empresas criadas no Brasil conseguem sobreviver ap\u00f3s cinco anos de atividades. Utilizar de &hellip;<\/p>\n","protected":false},"author":6,"featured_media":99372,"comment_status":"open","ping_status":"closed","sticky":false,"template":"","format":"standard","meta":{"footnotes":""},"categories":[101,683],"tags":[24305,16884,5369,684],"class_list":["post-99371","post","type-post","status-publish","format-standard","has-post-thumbnail","hentry","category-economia","category-justica","tag-acompanhamento-juridico","tag-empresarios","tag-empresas","tag-judicial"],"yoast_head":"<!-- This site is optimized with the Yoast SEO plugin v27.4 - https:\/\/yoast.com\/product\/yoast-seo-wordpress\/ -->\n<title>Conhe\u00e7a a import\u00e2ncia das empresas terem um acompanhamento jur\u00eddico - Ribeir\u00e3o Preto e Regi\u00e3o<\/title>\n<meta name=\"description\" content=\"N\u00e3o s\u00e3o todos que sabem, mas \u00e9 extremamente importante que as empresas contem com um acompanhamento jur\u00eddico para\" \/>\n<meta name=\"robots\" content=\"index, follow, max-snippet:-1, max-image-preview:large, max-video-preview:-1\" \/>\n<link rel=\"canonical\" href=\"https:\/\/redenoticiaz.com.br\/ribeiraopreto-regiao\/sp\/2023\/01\/29\/conheca-a-importancia-das-empresas-terem-um-acompanhamento-juridico\" \/>\n<meta property=\"og:locale\" content=\"pt_BR\" \/>\n<meta property=\"og:type\" content=\"article\" \/>\n<meta property=\"og:title\" content=\"Conhe\u00e7a a import\u00e2ncia das empresas terem um acompanhamento jur\u00eddico - Ribeir\u00e3o Preto e Regi\u00e3o\" \/>\n<meta property=\"og:description\" content=\"N\u00e3o s\u00e3o todos que sabem, mas \u00e9 extremamente importante que as empresas contem com um acompanhamento jur\u00eddico para\" \/>\n<meta property=\"og:url\" content=\"https:\/\/redenoticiaz.com.br\/ribeiraopreto-regiao\/sp\/2023\/01\/29\/conheca-a-importancia-das-empresas-terem-um-acompanhamento-juridico\" \/>\n<meta property=\"og:site_name\" content=\"Ribeir\u00e3o Preto e Regi\u00e3o\" \/>\n<meta property=\"article:publisher\" content=\"https:\/\/m.facebook.com\/redenoticiaz.barretos\" \/>\n<meta property=\"article:published_time\" content=\"2023-01-29T18:00:00+00:00\" \/>\n<meta property=\"og:image\" content=\"https:\/\/redenoticiaz.com.br\/ribeiraopreto-regiao\/wp-content\/uploads\/sites\/4\/2022\/02\/logo.jpg\" \/>\n\t<meta property=\"og:image:width\" content=\"400\" \/>\n\t<meta property=\"og:image:height\" content=\"250\" \/>\n\t<meta property=\"og:image:type\" content=\"image\/jpeg\" \/>\n<meta name=\"author\" content=\"Leonardo Francisco\" \/>\n<meta name=\"twitter:card\" content=\"summary_large_image\" \/>\n<meta name=\"twitter:creator\" content=\"@RN_barretos\" \/>\n<meta name=\"twitter:site\" content=\"@RN_barretos\" \/>\n<meta name=\"twitter:label1\" content=\"Escrito por\" \/>\n\t<meta name=\"twitter:data1\" content=\"Leonardo Francisco\" \/>\n\t<meta name=\"twitter:label2\" content=\"Est. tempo de leitura\" \/>\n\t<meta name=\"twitter:data2\" content=\"5 minutos\" \/>\n<script type=\"application\/ld+json\" class=\"yoast-schema-graph\">{\"@context\":\"https:\\\/\\\/schema.org\",\"@graph\":[{\"@type\":\"Article\",\"@id\":\"https:\\\/\\\/redenoticiaz.com.br\\\/ribeiraopreto-regiao\\\/sp\\\/2023\\\/01\\\/29\\\/conheca-a-importancia-das-empresas-terem-um-acompanhamento-juridico#article\",\"isPartOf\":{\"@id\":\"https:\\\/\\\/redenoticiaz.com.br\\\/ribeiraopreto-regiao\\\/sp\\\/2023\\\/01\\\/29\\\/conheca-a-importancia-das-empresas-terem-um-acompanhamento-juridico\"},\"author\":{\"name\":\"Leonardo Francisco\",\"@id\":\"https:\\\/\\\/redenoticiaz.com.br\\\/ribeiraopreto-regiao\\\/#\\\/schema\\\/person\\\/0f0b8a5bdafefe82841e07ae8d81ecb3\"},\"headline\":\"Conhe\u00e7a a import\u00e2ncia das empresas terem um acompanhamento jur\u00eddico\",\"datePublished\":\"2023-01-29T18:00:00+00:00\",\"mainEntityOfPage\":{\"@id\":\"https:\\\/\\\/redenoticiaz.com.br\\\/ribeiraopreto-regiao\\\/sp\\\/2023\\\/01\\\/29\\\/conheca-a-importancia-das-empresas-terem-um-acompanhamento-juridico\"},\"wordCount\":820,\"commentCount\":0,\"publisher\":{\"@id\":\"https:\\\/\\\/redenoticiaz.com.br\\\/ribeiraopreto-regiao\\\/#organization\"},\"image\":{\"@id\":\"https:\\\/\\\/redenoticiaz.com.br\\\/ribeiraopreto-regiao\\\/sp\\\/2023\\\/01\\\/29\\\/conheca-a-importancia-das-empresas-terem-um-acompanhamento-juridico#primaryimage\"},\"thumbnailUrl\":\"https:\\\/\\\/redenoticiaz.com.br\\\/ribeiraopreto-regiao\\\/wp-content\\\/uploads\\\/sites\\\/4\\\/2023\\\/01\\\/maiores-empresas-do-brasil-og.jpg?v=1674784925\",\"keywords\":[\"ACOMPANHAMENTO JUR\u00cdDICO\",\"EMPRES\u00c1RIOS\",\"EMPRESAS\",\"JUDICIAL\"],\"articleSection\":[\"Economia\",\"Justi\u00e7a\"],\"inLanguage\":\"pt-BR\",\"potentialAction\":[{\"@type\":\"CommentAction\",\"name\":\"Comment\",\"target\":[\"https:\\\/\\\/redenoticiaz.com.br\\\/ribeiraopreto-regiao\\\/sp\\\/2023\\\/01\\\/29\\\/conheca-a-importancia-das-empresas-terem-um-acompanhamento-juridico#respond\"]}]},{\"@type\":\"WebPage\",\"@id\":\"https:\\\/\\\/redenoticiaz.com.br\\\/ribeiraopreto-regiao\\\/sp\\\/2023\\\/01\\\/29\\\/conheca-a-importancia-das-empresas-terem-um-acompanhamento-juridico\",\"url\":\"https:\\\/\\\/redenoticiaz.com.br\\\/ribeiraopreto-regiao\\\/sp\\\/2023\\\/01\\\/29\\\/conheca-a-importancia-das-empresas-terem-um-acompanhamento-juridico\",\"name\":\"Conhe\u00e7a a import\u00e2ncia das empresas terem um acompanhamento jur\u00eddico - Ribeir\u00e3o Preto e Regi\u00e3o\",\"isPartOf\":{\"@id\":\"https:\\\/\\\/redenoticiaz.com.br\\\/ribeiraopreto-regiao\\\/#website\"},\"primaryImageOfPage\":{\"@id\":\"https:\\\/\\\/redenoticiaz.com.br\\\/ribeiraopreto-regiao\\\/sp\\\/2023\\\/01\\\/29\\\/conheca-a-importancia-das-empresas-terem-um-acompanhamento-juridico#primaryimage\"},\"image\":{\"@id\":\"https:\\\/\\\/redenoticiaz.com.br\\\/ribeiraopreto-regiao\\\/sp\\\/2023\\\/01\\\/29\\\/conheca-a-importancia-das-empresas-terem-um-acompanhamento-juridico#primaryimage\"},\"thumbnailUrl\":\"https:\\\/\\\/redenoticiaz.com.br\\\/ribeiraopreto-regiao\\\/wp-content\\\/uploads\\\/sites\\\/4\\\/2023\\\/01\\\/maiores-empresas-do-brasil-og.jpg?v=1674784925\",\"datePublished\":\"2023-01-29T18:00:00+00:00\",\"description\":\"N\u00e3o s\u00e3o todos que sabem, mas \u00e9 extremamente importante que as empresas contem com um acompanhamento jur\u00eddico para\",\"inLanguage\":\"pt-BR\",\"potentialAction\":[{\"@type\":\"ReadAction\",\"target\":[\"https:\\\/\\\/redenoticiaz.com.br\\\/ribeiraopreto-regiao\\\/sp\\\/2023\\\/01\\\/29\\\/conheca-a-importancia-das-empresas-terem-um-acompanhamento-juridico\"]}]},{\"@type\":\"ImageObject\",\"inLanguage\":\"pt-BR\",\"@id\":\"https:\\\/\\\/redenoticiaz.com.br\\\/ribeiraopreto-regiao\\\/sp\\\/2023\\\/01\\\/29\\\/conheca-a-importancia-das-empresas-terem-um-acompanhamento-juridico#primaryimage\",\"url\":\"https:\\\/\\\/redenoticiaz.com.br\\\/ribeiraopreto-regiao\\\/wp-content\\\/uploads\\\/sites\\\/4\\\/2023\\\/01\\\/maiores-empresas-do-brasil-og.jpg?v=1674784925\",\"contentUrl\":\"https:\\\/\\\/redenoticiaz.com.br\\\/ribeiraopreto-regiao\\\/wp-content\\\/uploads\\\/sites\\\/4\\\/2023\\\/01\\\/maiores-empresas-do-brasil-og.jpg?v=1674784925\",\"width\":1200,\"height\":630,\"caption\":\"Cr\u00e9ditos: Reprodu\u00e7\u00e3o\"},{\"@type\":\"WebSite\",\"@id\":\"https:\\\/\\\/redenoticiaz.com.br\\\/ribeiraopreto-regiao\\\/#website\",\"url\":\"https:\\\/\\\/redenoticiaz.com.br\\\/ribeiraopreto-regiao\\\/\",\"name\":\"Ribeir\u00e3o Preto e Regi\u00e3o\",\"description\":\"Rede NoticiaZ - Ribeir\u00e3o Preto e regi\u00e3o\",\"publisher\":{\"@id\":\"https:\\\/\\\/redenoticiaz.com.br\\\/ribeiraopreto-regiao\\\/#organization\"},\"potentialAction\":[{\"@type\":\"SearchAction\",\"target\":{\"@type\":\"EntryPoint\",\"urlTemplate\":\"https:\\\/\\\/redenoticiaz.com.br\\\/ribeiraopreto-regiao\\\/?s={search_term_string}\"},\"query-input\":{\"@type\":\"PropertyValueSpecification\",\"valueRequired\":true,\"valueName\":\"search_term_string\"}}],\"inLanguage\":\"pt-BR\"},{\"@type\":\"Organization\",\"@id\":\"https:\\\/\\\/redenoticiaz.com.br\\\/ribeiraopreto-regiao\\\/#organization\",\"name\":\"Ribeir\u00e3o Preto e Regi\u00e3o\",\"url\":\"https:\\\/\\\/redenoticiaz.com.br\\\/ribeiraopreto-regiao\\\/\",\"logo\":{\"@type\":\"ImageObject\",\"inLanguage\":\"pt-BR\",\"@id\":\"https:\\\/\\\/redenoticiaz.com.br\\\/ribeiraopreto-regiao\\\/#\\\/schema\\\/logo\\\/image\\\/\",\"url\":\"https:\\\/\\\/redenoticiaz.com.br\\\/barretos-regiao\\\/wp-content\\\/uploads\\\/sites\\\/4\\\/2022\\\/02\\\/logo.jpg\",\"contentUrl\":\"https:\\\/\\\/redenoticiaz.com.br\\\/barretos-regiao\\\/wp-content\\\/uploads\\\/sites\\\/4\\\/2022\\\/02\\\/logo.jpg\",\"width\":400,\"height\":250,\"caption\":\"Ribeir\u00e3o Preto e Regi\u00e3o\"},\"image\":{\"@id\":\"https:\\\/\\\/redenoticiaz.com.br\\\/ribeiraopreto-regiao\\\/#\\\/schema\\\/logo\\\/image\\\/\"},\"sameAs\":[\"https:\\\/\\\/m.facebook.com\\\/redenoticiaz.barretos\",\"https:\\\/\\\/x.com\\\/RN_barretos\",\"https:\\\/\\\/www.instagram.com\\\/redenoticiaz.barretos\\\/?igshid=YmMyMTA2M2Y\",\"https:\\\/\\\/www.linkedin.com\\\/company\\\/rede-noticiaz-barretos-e-regio\\\/\"]},{\"@type\":\"Person\",\"@id\":\"https:\\\/\\\/redenoticiaz.com.br\\\/ribeiraopreto-regiao\\\/#\\\/schema\\\/person\\\/0f0b8a5bdafefe82841e07ae8d81ecb3\",\"name\":\"Leonardo Francisco\",\"image\":{\"@type\":\"ImageObject\",\"inLanguage\":\"pt-BR\",\"@id\":\"https:\\\/\\\/secure.gravatar.com\\\/avatar\\\/a7358cb406a99b682ec6df1e77e31ae82e63601f6784e8a3df411d72b37864da?s=96&d=mm&r=g\",\"url\":\"https:\\\/\\\/secure.gravatar.com\\\/avatar\\\/a7358cb406a99b682ec6df1e77e31ae82e63601f6784e8a3df411d72b37864da?s=96&d=mm&r=g\",\"contentUrl\":\"https:\\\/\\\/secure.gravatar.com\\\/avatar\\\/a7358cb406a99b682ec6df1e77e31ae82e63601f6784e8a3df411d72b37864da?s=96&d=mm&r=g\",\"caption\":\"Leonardo Francisco\"},\"url\":\"https:\\\/\\\/redenoticiaz.com.br\\\/ribeiraopreto-regiao\\\/sp\\\/author\\\/leonardo-francisco\"}]}<\/script>\n<!-- \/ Yoast SEO plugin. -->","yoast_head_json":{"title":"Conhe\u00e7a a import\u00e2ncia das empresas terem um acompanhamento jur\u00eddico - Ribeir\u00e3o Preto e Regi\u00e3o","description":"N\u00e3o s\u00e3o todos que sabem, mas \u00e9 extremamente importante que as empresas contem com um acompanhamento jur\u00eddico para","robots":{"index":"index","follow":"follow","max-snippet":"max-snippet:-1","max-image-preview":"max-image-preview:large","max-video-preview":"max-video-preview:-1"},"canonical":"https:\/\/redenoticiaz.com.br\/ribeiraopreto-regiao\/sp\/2023\/01\/29\/conheca-a-importancia-das-empresas-terem-um-acompanhamento-juridico","og_locale":"pt_BR","og_type":"article","og_title":"Conhe\u00e7a a import\u00e2ncia das empresas terem um acompanhamento jur\u00eddico - Ribeir\u00e3o Preto e Regi\u00e3o","og_description":"N\u00e3o s\u00e3o todos que sabem, mas \u00e9 extremamente importante que as empresas contem com um acompanhamento jur\u00eddico para","og_url":"https:\/\/redenoticiaz.com.br\/ribeiraopreto-regiao\/sp\/2023\/01\/29\/conheca-a-importancia-das-empresas-terem-um-acompanhamento-juridico","og_site_name":"Ribeir\u00e3o Preto e Regi\u00e3o","article_publisher":"https:\/\/m.facebook.com\/redenoticiaz.barretos","article_published_time":"2023-01-29T18:00:00+00:00","og_image":[{"width":400,"height":250,"url":"https:\/\/redenoticiaz.com.br\/ribeiraopreto-regiao\/wp-content\/uploads\/sites\/4\/2022\/02\/logo.jpg","type":"image\/jpeg"}],"author":"Leonardo Francisco","twitter_card":"summary_large_image","twitter_creator":"@RN_barretos","twitter_site":"@RN_barretos","twitter_misc":{"Escrito por":"Leonardo Francisco","Est. tempo de leitura":"5 minutos"},"schema":{"@context":"https:\/\/schema.org","@graph":[{"@type":"Article","@id":"https:\/\/redenoticiaz.com.br\/ribeiraopreto-regiao\/sp\/2023\/01\/29\/conheca-a-importancia-das-empresas-terem-um-acompanhamento-juridico#article","isPartOf":{"@id":"https:\/\/redenoticiaz.com.br\/ribeiraopreto-regiao\/sp\/2023\/01\/29\/conheca-a-importancia-das-empresas-terem-um-acompanhamento-juridico"},"author":{"name":"Leonardo Francisco","@id":"https:\/\/redenoticiaz.com.br\/ribeiraopreto-regiao\/#\/schema\/person\/0f0b8a5bdafefe82841e07ae8d81ecb3"},"headline":"Conhe\u00e7a a import\u00e2ncia das empresas terem um acompanhamento jur\u00eddico","datePublished":"2023-01-29T18:00:00+00:00","mainEntityOfPage":{"@id":"https:\/\/redenoticiaz.com.br\/ribeiraopreto-regiao\/sp\/2023\/01\/29\/conheca-a-importancia-das-empresas-terem-um-acompanhamento-juridico"},"wordCount":820,"commentCount":0,"publisher":{"@id":"https:\/\/redenoticiaz.com.br\/ribeiraopreto-regiao\/#organization"},"image":{"@id":"https:\/\/redenoticiaz.com.br\/ribeiraopreto-regiao\/sp\/2023\/01\/29\/conheca-a-importancia-das-empresas-terem-um-acompanhamento-juridico#primaryimage"},"thumbnailUrl":"https:\/\/redenoticiaz.com.br\/ribeiraopreto-regiao\/wp-content\/uploads\/sites\/4\/2023\/01\/maiores-empresas-do-brasil-og.jpg?v=1674784925","keywords":["ACOMPANHAMENTO JUR\u00cdDICO","EMPRES\u00c1RIOS","EMPRESAS","JUDICIAL"],"articleSection":["Economia","Justi\u00e7a"],"inLanguage":"pt-BR","potentialAction":[{"@type":"CommentAction","name":"Comment","target":["https:\/\/redenoticiaz.com.br\/ribeiraopreto-regiao\/sp\/2023\/01\/29\/conheca-a-importancia-das-empresas-terem-um-acompanhamento-juridico#respond"]}]},{"@type":"WebPage","@id":"https:\/\/redenoticiaz.com.br\/ribeiraopreto-regiao\/sp\/2023\/01\/29\/conheca-a-importancia-das-empresas-terem-um-acompanhamento-juridico","url":"https:\/\/redenoticiaz.com.br\/ribeiraopreto-regiao\/sp\/2023\/01\/29\/conheca-a-importancia-das-empresas-terem-um-acompanhamento-juridico","name":"Conhe\u00e7a a import\u00e2ncia das empresas terem um acompanhamento jur\u00eddico - Ribeir\u00e3o Preto e Regi\u00e3o","isPartOf":{"@id":"https:\/\/redenoticiaz.com.br\/ribeiraopreto-regiao\/#website"},"primaryImageOfPage":{"@id":"https:\/\/redenoticiaz.com.br\/ribeiraopreto-regiao\/sp\/2023\/01\/29\/conheca-a-importancia-das-empresas-terem-um-acompanhamento-juridico#primaryimage"},"image":{"@id":"https:\/\/redenoticiaz.com.br\/ribeiraopreto-regiao\/sp\/2023\/01\/29\/conheca-a-importancia-das-empresas-terem-um-acompanhamento-juridico#primaryimage"},"thumbnailUrl":"https:\/\/redenoticiaz.com.br\/ribeiraopreto-regiao\/wp-content\/uploads\/sites\/4\/2023\/01\/maiores-empresas-do-brasil-og.jpg?v=1674784925","datePublished":"2023-01-29T18:00:00+00:00","description":"N\u00e3o s\u00e3o todos que sabem, mas \u00e9 extremamente importante que as empresas contem com um acompanhamento jur\u00eddico para","inLanguage":"pt-BR","potentialAction":[{"@type":"ReadAction","target":["https:\/\/redenoticiaz.com.br\/ribeiraopreto-regiao\/sp\/2023\/01\/29\/conheca-a-importancia-das-empresas-terem-um-acompanhamento-juridico"]}]},{"@type":"ImageObject","inLanguage":"pt-BR","@id":"https:\/\/redenoticiaz.com.br\/ribeiraopreto-regiao\/sp\/2023\/01\/29\/conheca-a-importancia-das-empresas-terem-um-acompanhamento-juridico#primaryimage","url":"https:\/\/redenoticiaz.com.br\/ribeiraopreto-regiao\/wp-content\/uploads\/sites\/4\/2023\/01\/maiores-empresas-do-brasil-og.jpg?v=1674784925","contentUrl":"https:\/\/redenoticiaz.com.br\/ribeiraopreto-regiao\/wp-content\/uploads\/sites\/4\/2023\/01\/maiores-empresas-do-brasil-og.jpg?v=1674784925","width":1200,"height":630,"caption":"Cr\u00e9ditos: Reprodu\u00e7\u00e3o"},{"@type":"WebSite","@id":"https:\/\/redenoticiaz.com.br\/ribeiraopreto-regiao\/#website","url":"https:\/\/redenoticiaz.com.br\/ribeiraopreto-regiao\/","name":"Ribeir\u00e3o Preto e Regi\u00e3o","description":"Rede NoticiaZ - Ribeir\u00e3o Preto e regi\u00e3o","publisher":{"@id":"https:\/\/redenoticiaz.com.br\/ribeiraopreto-regiao\/#organization"},"potentialAction":[{"@type":"SearchAction","target":{"@type":"EntryPoint","urlTemplate":"https:\/\/redenoticiaz.com.br\/ribeiraopreto-regiao\/?s={search_term_string}"},"query-input":{"@type":"PropertyValueSpecification","valueRequired":true,"valueName":"search_term_string"}}],"inLanguage":"pt-BR"},{"@type":"Organization","@id":"https:\/\/redenoticiaz.com.br\/ribeiraopreto-regiao\/#organization","name":"Ribeir\u00e3o Preto e Regi\u00e3o","url":"https:\/\/redenoticiaz.com.br\/ribeiraopreto-regiao\/","logo":{"@type":"ImageObject","inLanguage":"pt-BR","@id":"https:\/\/redenoticiaz.com.br\/ribeiraopreto-regiao\/#\/schema\/logo\/image\/","url":"https:\/\/redenoticiaz.com.br\/barretos-regiao\/wp-content\/uploads\/sites\/4\/2022\/02\/logo.jpg","contentUrl":"https:\/\/redenoticiaz.com.br\/barretos-regiao\/wp-content\/uploads\/sites\/4\/2022\/02\/logo.jpg","width":400,"height":250,"caption":"Ribeir\u00e3o Preto e Regi\u00e3o"},"image":{"@id":"https:\/\/redenoticiaz.com.br\/ribeiraopreto-regiao\/#\/schema\/logo\/image\/"},"sameAs":["https:\/\/m.facebook.com\/redenoticiaz.barretos","https:\/\/x.com\/RN_barretos","https:\/\/www.instagram.com\/redenoticiaz.barretos\/?igshid=YmMyMTA2M2Y","https:\/\/www.linkedin.com\/company\/rede-noticiaz-barretos-e-regio\/"]},{"@type":"Person","@id":"https:\/\/redenoticiaz.com.br\/ribeiraopreto-regiao\/#\/schema\/person\/0f0b8a5bdafefe82841e07ae8d81ecb3","name":"Leonardo Francisco","image":{"@type":"ImageObject","inLanguage":"pt-BR","@id":"https:\/\/secure.gravatar.com\/avatar\/a7358cb406a99b682ec6df1e77e31ae82e63601f6784e8a3df411d72b37864da?s=96&d=mm&r=g","url":"https:\/\/secure.gravatar.com\/avatar\/a7358cb406a99b682ec6df1e77e31ae82e63601f6784e8a3df411d72b37864da?s=96&d=mm&r=g","contentUrl":"https:\/\/secure.gravatar.com\/avatar\/a7358cb406a99b682ec6df1e77e31ae82e63601f6784e8a3df411d72b37864da?s=96&d=mm&r=g","caption":"Leonardo Francisco"},"url":"https:\/\/redenoticiaz.com.br\/ribeiraopreto-regiao\/sp\/author\/leonardo-francisco"}]}},"_links":{"self":[{"href":"https:\/\/redenoticiaz.com.br\/ribeiraopreto-regiao\/wp-json\/wp\/v2\/posts\/99371","targetHints":{"allow":["GET"]}}],"collection":[{"href":"https:\/\/redenoticiaz.com.br\/ribeiraopreto-regiao\/wp-json\/wp\/v2\/posts"}],"about":[{"href":"https:\/\/redenoticiaz.com.br\/ribeiraopreto-regiao\/wp-json\/wp\/v2\/types\/post"}],"author":[{"embeddable":true,"href":"https:\/\/redenoticiaz.com.br\/ribeiraopreto-regiao\/wp-json\/wp\/v2\/users\/6"}],"replies":[{"embeddable":true,"href":"https:\/\/redenoticiaz.com.br\/ribeiraopreto-regiao\/wp-json\/wp\/v2\/comments?post=99371"}],"version-history":[{"count":0,"href":"https:\/\/redenoticiaz.com.br\/ribeiraopreto-regiao\/wp-json\/wp\/v2\/posts\/99371\/revisions"}],"wp:featuredmedia":[{"embeddable":true,"href":"https:\/\/redenoticiaz.com.br\/ribeiraopreto-regiao\/wp-json\/wp\/v2\/media\/99372"}],"wp:attachment":[{"href":"https:\/\/redenoticiaz.com.br\/ribeiraopreto-regiao\/wp-json\/wp\/v2\/media?parent=99371"}],"wp:term":[{"taxonomy":"category","embeddable":true,"href":"https:\/\/redenoticiaz.com.br\/ribeiraopreto-regiao\/wp-json\/wp\/v2\/categories?post=99371"},{"taxonomy":"post_tag","embeddable":true,"href":"https:\/\/redenoticiaz.com.br\/ribeiraopreto-regiao\/wp-json\/wp\/v2\/tags?post=99371"}],"curies":[{"name":"wp","href":"https:\/\/api.w.org\/{rel}","templated":true}]}}