{"id":99383,"date":"2023-01-27T09:26:44","date_gmt":"2023-01-27T12:26:44","guid":{"rendered":"https:\/\/redenoticiaz.com.br\/barretos-regiao\/sp\/2023\/01\/27\/luisa-stefani-e-rafa-matos-colocam-o-brasil-no-topo-do-australian-open-nas-duplas-mistas"},"modified":"2023-01-27T09:26:44","modified_gmt":"2023-01-27T12:26:44","slug":"luisa-stefani-e-rafa-matos-colocam-o-brasil-no-topo-do-australian-open-nas-duplas-mistas","status":"publish","type":"post","link":"https:\/\/redenoticiaz.com.br\/ribeiraopreto-regiao\/sp\/2023\/01\/27\/luisa-stefani-e-rafa-matos-colocam-o-brasil-no-topo-do-australian-open-nas-duplas-mistas","title":{"rendered":"Luisa Stefani e Rafa Matos colocam o Brasil no topo do Australian Open nas duplas mistas"},"content":{"rendered":"<p class=\"content-text__container theme-color-primary-first-letter\" data-track-category=\"Link no Texto\" data-track-links=\"\"><strong>Luisa Stefani e Rafa Matos<\/strong> fizeram hist\u00f3ria para o t\u00eanis brasileiro. Nesta sexta-feira (27) os dois tenistas <strong>ganharam o t\u00edtulo do Australian Open em duplas mistas<\/strong>. A novidade, no entanto, \u00e9 que este \u00e9 o primeiro t\u00edtulo de uma dupla totalmente brasileira em um Grand Slam. Em um duelo de gera\u00e7\u00f5es, conseguiram se impor diante dos experientes Sania Mirza e Rohan Bopanna e venceram a final de duplas mistas em 2 sets a 0, parciais 7\/6 (2) e 6\/2.<\/p>\n<div class=\"wall protected-content\">\n<div id=\"chunk-cf5fo\">\n<div class=\"mc-column content-text active-extra-styles \" data-block-type=\"unstyled\" data-block-weight=\"71\" data-block-id=\"3\">\n<p class=\"content-text__container \" data-track-category=\"Link no Texto\" data-track-links=\"\">\u00c9 o sexto t\u00edtulo do Brasil em duplas mistas em Grand Slams. Bruno Soares (Australian Open 2016 e US Open 2012 e 2014), Maria Esther Bueno (Roland Garros 1960) e Thomaz Koch (Roland Garros 1975) tamb\u00e9m alcan\u00e7aram o feito. Ao somar todas as conquistas em duplas (mistas, masculinas e femininas), o Brasil, agora, tem 22 t\u00edtulos de Grand Slams. Antes, por\u00e9m, sempre numa parceria de brasileiro com tenista de outro pa\u00eds.<\/p>\n<div id=\"chunk-e16ve\">\n<div class=\"mc-column content-text active-extra-styles \" data-block-type=\"unstyled\" data-block-weight=\"44\" data-block-id=\"7\">\n<p class=\"content-text__container \" data-track-category=\"Link no Texto\" data-track-links=\"\">N\u00e3o foi um duelo f\u00e1cil. Os dois tenistas jogaram pela primeira vez como dupla neste ano, na United Cup, torneio entre pa\u00edses. Desde ent\u00e3o, somam sete vit\u00f3rias e nenhuma derrota.Do outro lado, no entanto, tinham uma dupla experiente, com um curr\u00edculo recheado de t\u00edtulos.<\/p>\n<\/div>\n<\/div>\n<div id=\"chunk-f36f0\">\n<div class=\"mc-column content-text active-extra-styles \" data-block-type=\"unstyled\" data-block-weight=\"46\" data-block-id=\"8\">\n<p class=\"content-text__container \" data-track-category=\"Link no Texto\" data-track-links=\"\">Na noite de quinta, Stefani e Matos dividiram momentos de protagonismo e abriram o caminho para o t\u00edtulo em Melbourne. Rafa, de 27 anos, decidiu em 2022 se dedicar totalmente ao circuito de duplas. Hoje, \u00e9 o melhor brasileiro no ranking da ATP, em 29\u00b0 lugar.<\/p>\n<p data-track-category=\"Link no Texto\" data-track-links=\"\">Luisa, por sua vez, alcan\u00e7a mais uma fa\u00e7anha no curr\u00edculo. Aos 25 anos, a medalhista ol\u00edmpica disputou, na Austr\u00e1lia, seu primeiro Grand Slam desde a grave les\u00e3o no ligamento do joelho direito. Ficou mais de um ano afastada das quadras. Retornou em setembro e enfileirou tr\u00eas t\u00edtulos de n\u00edvel WTA antes de chegar a Melbourne: Chennai e Guadalajara, no ano passado, e Adelaide, antes do Australian Open.<\/p>\n<h3 data-track-category=\"Link no Texto\">O jogo<\/h3>\n<p>Mirza e Bopanna tentaram pressionar no in\u00edcio do jogo. Com o saque no primeiro game, fizeram das subidas \u00e0 rede seu principal ataque. Stefani e Matos, por\u00e9m, n\u00e3o se intimidaram. Logo de cara, chegaram \u00e0 quebra. Na sequ\u00eancia, Matos levou a melhor na troca de fundo com Bopanna, e a dupla brasileira abriu 2\/0.<\/p>\n<p>Mas os rivais n\u00e3o demoraram a voltar \u00e0 briga. No terceiro game, confirmaram seu servi\u00e7o. Logo na sequ\u00eancia, devolveram a quebra e deixaram tudo igual. A virada veio logo depois, marcando 3\/2 no placar. A dupla brasileira sofreu, mas conseguiu confirmar seu servi\u00e7o no sexto game.<\/p>\n<p>O momento, por\u00e9m, era dos rivais. Bopanna, depois de um in\u00edcio ruim, passou a devolver com maestria. Luisa, por outro lado, caiu de rendimento. Em uma devolu\u00e7\u00e3o de Mirza em cima de Matos, a parceria indiana chegou a uma nova quebra, abrindo 5\/3. S\u00f3 que os brasileiros deram a resposta de forma imediata. Stefani voltou ao seu melhor e liderou a dupla \u00e0 quebra.<\/p>\n<p>Luisa e Rafael chegaram a ser amea\u00e7ados no game seguinte, mas conseguiram confirmar o servi\u00e7o para deixar tudo igual em 5\/5. As duas duplas confirmaram seus servi\u00e7os seguintes e for\u00e7aram o tie-break no set. E os brasileiros souberam se impor logo de cara. Abriram 3\/0, contaram com os erros dos rivais e fecharam em 7\/6 (2).<\/p>\n<p>Os brasileiros mantiveram o ritmo na volta \u00e0 quadra e confirmaram o primeiro servi\u00e7o. Mirza e Bopanna fizeram o mesmo na sequ\u00eancia. Stefani e Matos tiveram trabalho, mas conseguiram abrir 2\/1. A primeira quebra veio logo depois. Em um belo ponto decisivo, Rafa e Luisa abriram 3\/1 no set.<\/p>\n<p>Os dois fizeram 4\/1 na sequ\u00eancia e se aproximaram da vit\u00f3ria. Bopanna e Mirza, por\u00e9m, quiseram lutar. Experientes, tentaram pressionar os brasileiros ao erro, mas n\u00e3o conseguiram evitar a queda. No fim, Stefani mostraram for\u00e7a para garantir o t\u00edtulo em 6\/2 com um smash de Luisa Stefani.<\/p>\n<p><strong>LEIA TAMB\u00c9M<\/strong><\/p>\n<p><a href=\"https:\/\/redenoticiaz.com.br\/blog\/2023\/01\/26\/sao-paulo-goleia-a-portuguesa-com-show-de-galoppo\">S\u00e3o Paulo goleia a Portuguesa com show de Galoppo<\/a><\/p>\n<\/div>\n<\/div>\n<\/div>\n<\/div>\n<\/div>\n","protected":false},"excerpt":{"rendered":"<p>Luisa Stefani e Rafa Matos fizeram hist\u00f3ria para o t\u00eanis brasileiro. Nesta sexta-feira (27) os dois tenistas ganharam o t\u00edtulo do Australian Open em duplas mistas. A novidade, no entanto, \u00e9 que este \u00e9 o primeiro t\u00edtulo de uma dupla totalmente brasileira em um Grand Slam. Em um duelo de gera\u00e7\u00f5es, conseguiram se impor diante &hellip;<\/p>\n","protected":false},"author":6,"featured_media":99384,"comment_status":"open","ping_status":"closed","sticky":false,"template":"","format":"standard","meta":{"footnotes":""},"categories":[87],"tags":[24310,24311,24312,24313,24314],"class_list":["post-99383","post","type-post","status-publish","format-standard","has-post-thumbnail","hentry","category-esporte","tag-australian-open","tag-brasil-campeao","tag-duplas-mistas","tag-luisa-stefani","tag-rafa-matos"],"yoast_head":"<!-- This site is optimized with the Yoast SEO plugin v27.4 - https:\/\/yoast.com\/product\/yoast-seo-wordpress\/ -->\n<title>Luisa Stefani e Rafa Matos colocam o Brasil no topo do Australian Open nas duplas mistas - Ribeir\u00e3o Preto e Regi\u00e3o<\/title>\n<meta name=\"description\" content=\"Luisa Stefani e Rafa Matos fizeram hist\u00f3ria para o t\u00eanis brasileiro. Nesta sexta-feira (27) os dois tenistas ganharam o t\u00edtulo do Australian Open\" \/>\n<meta name=\"robots\" content=\"index, follow, max-snippet:-1, max-image-preview:large, max-video-preview:-1\" \/>\n<link rel=\"canonical\" href=\"https:\/\/redenoticiaz.com.br\/ribeiraopreto-regiao\/sp\/2023\/01\/27\/luisa-stefani-e-rafa-matos-colocam-o-brasil-no-topo-do-australian-open-nas-duplas-mistas\" \/>\n<meta property=\"og:locale\" content=\"pt_BR\" \/>\n<meta property=\"og:type\" content=\"article\" \/>\n<meta property=\"og:title\" content=\"Luisa Stefani e Rafa Matos colocam o Brasil no topo do Australian Open nas duplas mistas - Ribeir\u00e3o Preto e Regi\u00e3o\" \/>\n<meta property=\"og:description\" content=\"Luisa Stefani e Rafa Matos fizeram hist\u00f3ria para o t\u00eanis brasileiro. Nesta sexta-feira (27) os dois tenistas ganharam o t\u00edtulo do Australian Open\" \/>\n<meta property=\"og:url\" content=\"https:\/\/redenoticiaz.com.br\/ribeiraopreto-regiao\/sp\/2023\/01\/27\/luisa-stefani-e-rafa-matos-colocam-o-brasil-no-topo-do-australian-open-nas-duplas-mistas\" \/>\n<meta property=\"og:site_name\" content=\"Ribeir\u00e3o Preto e Regi\u00e3o\" \/>\n<meta property=\"article:publisher\" content=\"https:\/\/m.facebook.com\/redenoticiaz.barretos\" \/>\n<meta property=\"article:published_time\" content=\"2023-01-27T12:26:44+00:00\" \/>\n<meta property=\"og:image\" content=\"https:\/\/redenoticiaz.com.br\/ribeiraopreto-regiao\/wp-content\/uploads\/sites\/4\/2022\/02\/logo.jpg\" \/>\n\t<meta property=\"og:image:width\" content=\"400\" \/>\n\t<meta property=\"og:image:height\" content=\"250\" \/>\n\t<meta property=\"og:image:type\" content=\"image\/jpeg\" \/>\n<meta name=\"author\" content=\"Leonardo Francisco\" \/>\n<meta name=\"twitter:card\" content=\"summary_large_image\" \/>\n<meta name=\"twitter:creator\" content=\"@RN_barretos\" \/>\n<meta name=\"twitter:site\" content=\"@RN_barretos\" \/>\n<meta name=\"twitter:label1\" content=\"Escrito por\" \/>\n\t<meta name=\"twitter:data1\" content=\"Leonardo Francisco\" \/>\n\t<meta name=\"twitter:label2\" content=\"Est. tempo de leitura\" \/>\n\t<meta name=\"twitter:data2\" content=\"4 minutos\" \/>\n<script type=\"application\/ld+json\" class=\"yoast-schema-graph\">{\"@context\":\"https:\\\/\\\/schema.org\",\"@graph\":[{\"@type\":\"Article\",\"@id\":\"https:\\\/\\\/redenoticiaz.com.br\\\/ribeiraopreto-regiao\\\/sp\\\/2023\\\/01\\\/27\\\/luisa-stefani-e-rafa-matos-colocam-o-brasil-no-topo-do-australian-open-nas-duplas-mistas#article\",\"isPartOf\":{\"@id\":\"https:\\\/\\\/redenoticiaz.com.br\\\/ribeiraopreto-regiao\\\/sp\\\/2023\\\/01\\\/27\\\/luisa-stefani-e-rafa-matos-colocam-o-brasil-no-topo-do-australian-open-nas-duplas-mistas\"},\"author\":{\"name\":\"Leonardo Francisco\",\"@id\":\"https:\\\/\\\/redenoticiaz.com.br\\\/ribeiraopreto-regiao\\\/#\\\/schema\\\/person\\\/0f0b8a5bdafefe82841e07ae8d81ecb3\"},\"headline\":\"Luisa Stefani e Rafa Matos colocam o Brasil no topo do Australian Open nas duplas mistas\",\"datePublished\":\"2023-01-27T12:26:44+00:00\",\"mainEntityOfPage\":{\"@id\":\"https:\\\/\\\/redenoticiaz.com.br\\\/ribeiraopreto-regiao\\\/sp\\\/2023\\\/01\\\/27\\\/luisa-stefani-e-rafa-matos-colocam-o-brasil-no-topo-do-australian-open-nas-duplas-mistas\"},\"wordCount\":670,\"commentCount\":0,\"publisher\":{\"@id\":\"https:\\\/\\\/redenoticiaz.com.br\\\/ribeiraopreto-regiao\\\/#organization\"},\"image\":{\"@id\":\"https:\\\/\\\/redenoticiaz.com.br\\\/ribeiraopreto-regiao\\\/sp\\\/2023\\\/01\\\/27\\\/luisa-stefani-e-rafa-matos-colocam-o-brasil-no-topo-do-australian-open-nas-duplas-mistas#primaryimage\"},\"thumbnailUrl\":\"https:\\\/\\\/redenoticiaz.com.br\\\/ribeiraopreto-regiao\\\/wp-content\\\/uploads\\\/sites\\\/4\\\/2023\\\/01\\\/DUPLA-BR.jpg?v=1674822355\",\"keywords\":[\"AUSTRALIAN OPEN\",\"BRASIL CAMPE\u00c3O\",\"DUPLAS MISTAS\",\"LUISA STEFANI\",\"RAFA MATOS\"],\"articleSection\":[\"Esporte\"],\"inLanguage\":\"pt-BR\",\"potentialAction\":[{\"@type\":\"CommentAction\",\"name\":\"Comment\",\"target\":[\"https:\\\/\\\/redenoticiaz.com.br\\\/ribeiraopreto-regiao\\\/sp\\\/2023\\\/01\\\/27\\\/luisa-stefani-e-rafa-matos-colocam-o-brasil-no-topo-do-australian-open-nas-duplas-mistas#respond\"]}]},{\"@type\":\"WebPage\",\"@id\":\"https:\\\/\\\/redenoticiaz.com.br\\\/ribeiraopreto-regiao\\\/sp\\\/2023\\\/01\\\/27\\\/luisa-stefani-e-rafa-matos-colocam-o-brasil-no-topo-do-australian-open-nas-duplas-mistas\",\"url\":\"https:\\\/\\\/redenoticiaz.com.br\\\/ribeiraopreto-regiao\\\/sp\\\/2023\\\/01\\\/27\\\/luisa-stefani-e-rafa-matos-colocam-o-brasil-no-topo-do-australian-open-nas-duplas-mistas\",\"name\":\"Luisa Stefani e Rafa Matos colocam o Brasil no topo do Australian Open nas duplas mistas - Ribeir\u00e3o Preto e Regi\u00e3o\",\"isPartOf\":{\"@id\":\"https:\\\/\\\/redenoticiaz.com.br\\\/ribeiraopreto-regiao\\\/#website\"},\"primaryImageOfPage\":{\"@id\":\"https:\\\/\\\/redenoticiaz.com.br\\\/ribeiraopreto-regiao\\\/sp\\\/2023\\\/01\\\/27\\\/luisa-stefani-e-rafa-matos-colocam-o-brasil-no-topo-do-australian-open-nas-duplas-mistas#primaryimage\"},\"image\":{\"@id\":\"https:\\\/\\\/redenoticiaz.com.br\\\/ribeiraopreto-regiao\\\/sp\\\/2023\\\/01\\\/27\\\/luisa-stefani-e-rafa-matos-colocam-o-brasil-no-topo-do-australian-open-nas-duplas-mistas#primaryimage\"},\"thumbnailUrl\":\"https:\\\/\\\/redenoticiaz.com.br\\\/ribeiraopreto-regiao\\\/wp-content\\\/uploads\\\/sites\\\/4\\\/2023\\\/01\\\/DUPLA-BR.jpg?v=1674822355\",\"datePublished\":\"2023-01-27T12:26:44+00:00\",\"description\":\"Luisa Stefani e Rafa Matos fizeram hist\u00f3ria para o t\u00eanis brasileiro. Nesta sexta-feira (27) os dois tenistas ganharam o t\u00edtulo do Australian Open\",\"inLanguage\":\"pt-BR\",\"potentialAction\":[{\"@type\":\"ReadAction\",\"target\":[\"https:\\\/\\\/redenoticiaz.com.br\\\/ribeiraopreto-regiao\\\/sp\\\/2023\\\/01\\\/27\\\/luisa-stefani-e-rafa-matos-colocam-o-brasil-no-topo-do-australian-open-nas-duplas-mistas\"]}]},{\"@type\":\"ImageObject\",\"inLanguage\":\"pt-BR\",\"@id\":\"https:\\\/\\\/redenoticiaz.com.br\\\/ribeiraopreto-regiao\\\/sp\\\/2023\\\/01\\\/27\\\/luisa-stefani-e-rafa-matos-colocam-o-brasil-no-topo-do-australian-open-nas-duplas-mistas#primaryimage\",\"url\":\"https:\\\/\\\/redenoticiaz.com.br\\\/ribeiraopreto-regiao\\\/wp-content\\\/uploads\\\/sites\\\/4\\\/2023\\\/01\\\/DUPLA-BR.jpg?v=1674822355\",\"contentUrl\":\"https:\\\/\\\/redenoticiaz.com.br\\\/ribeiraopreto-regiao\\\/wp-content\\\/uploads\\\/sites\\\/4\\\/2023\\\/01\\\/DUPLA-BR.jpg?v=1674822355\",\"width\":625,\"height\":425,\"caption\":\"Cr\u00e9ditos: Reprodu\u00e7\u00e3o\\\/Reuters\"},{\"@type\":\"WebSite\",\"@id\":\"https:\\\/\\\/redenoticiaz.com.br\\\/ribeiraopreto-regiao\\\/#website\",\"url\":\"https:\\\/\\\/redenoticiaz.com.br\\\/ribeiraopreto-regiao\\\/\",\"name\":\"Ribeir\u00e3o Preto e Regi\u00e3o\",\"description\":\"Rede NoticiaZ - Ribeir\u00e3o Preto e regi\u00e3o\",\"publisher\":{\"@id\":\"https:\\\/\\\/redenoticiaz.com.br\\\/ribeiraopreto-regiao\\\/#organization\"},\"potentialAction\":[{\"@type\":\"SearchAction\",\"target\":{\"@type\":\"EntryPoint\",\"urlTemplate\":\"https:\\\/\\\/redenoticiaz.com.br\\\/ribeiraopreto-regiao\\\/?s={search_term_string}\"},\"query-input\":{\"@type\":\"PropertyValueSpecification\",\"valueRequired\":true,\"valueName\":\"search_term_string\"}}],\"inLanguage\":\"pt-BR\"},{\"@type\":\"Organization\",\"@id\":\"https:\\\/\\\/redenoticiaz.com.br\\\/ribeiraopreto-regiao\\\/#organization\",\"name\":\"Ribeir\u00e3o Preto e Regi\u00e3o\",\"url\":\"https:\\\/\\\/redenoticiaz.com.br\\\/ribeiraopreto-regiao\\\/\",\"logo\":{\"@type\":\"ImageObject\",\"inLanguage\":\"pt-BR\",\"@id\":\"https:\\\/\\\/redenoticiaz.com.br\\\/ribeiraopreto-regiao\\\/#\\\/schema\\\/logo\\\/image\\\/\",\"url\":\"https:\\\/\\\/redenoticiaz.com.br\\\/barretos-regiao\\\/wp-content\\\/uploads\\\/sites\\\/4\\\/2022\\\/02\\\/logo.jpg\",\"contentUrl\":\"https:\\\/\\\/redenoticiaz.com.br\\\/barretos-regiao\\\/wp-content\\\/uploads\\\/sites\\\/4\\\/2022\\\/02\\\/logo.jpg\",\"width\":400,\"height\":250,\"caption\":\"Ribeir\u00e3o Preto e Regi\u00e3o\"},\"image\":{\"@id\":\"https:\\\/\\\/redenoticiaz.com.br\\\/ribeiraopreto-regiao\\\/#\\\/schema\\\/logo\\\/image\\\/\"},\"sameAs\":[\"https:\\\/\\\/m.facebook.com\\\/redenoticiaz.barretos\",\"https:\\\/\\\/x.com\\\/RN_barretos\",\"https:\\\/\\\/www.instagram.com\\\/redenoticiaz.barretos\\\/?igshid=YmMyMTA2M2Y\",\"https:\\\/\\\/www.linkedin.com\\\/company\\\/rede-noticiaz-barretos-e-regio\\\/\"]},{\"@type\":\"Person\",\"@id\":\"https:\\\/\\\/redenoticiaz.com.br\\\/ribeiraopreto-regiao\\\/#\\\/schema\\\/person\\\/0f0b8a5bdafefe82841e07ae8d81ecb3\",\"name\":\"Leonardo Francisco\",\"image\":{\"@type\":\"ImageObject\",\"inLanguage\":\"pt-BR\",\"@id\":\"https:\\\/\\\/secure.gravatar.com\\\/avatar\\\/a7358cb406a99b682ec6df1e77e31ae82e63601f6784e8a3df411d72b37864da?s=96&d=mm&r=g\",\"url\":\"https:\\\/\\\/secure.gravatar.com\\\/avatar\\\/a7358cb406a99b682ec6df1e77e31ae82e63601f6784e8a3df411d72b37864da?s=96&d=mm&r=g\",\"contentUrl\":\"https:\\\/\\\/secure.gravatar.com\\\/avatar\\\/a7358cb406a99b682ec6df1e77e31ae82e63601f6784e8a3df411d72b37864da?s=96&d=mm&r=g\",\"caption\":\"Leonardo Francisco\"},\"url\":\"https:\\\/\\\/redenoticiaz.com.br\\\/ribeiraopreto-regiao\\\/sp\\\/author\\\/leonardo-francisco\"}]}<\/script>\n<!-- \/ Yoast SEO plugin. -->","yoast_head_json":{"title":"Luisa Stefani e Rafa Matos colocam o Brasil no topo do Australian Open nas duplas mistas - Ribeir\u00e3o Preto e Regi\u00e3o","description":"Luisa Stefani e Rafa Matos fizeram hist\u00f3ria para o t\u00eanis brasileiro. Nesta sexta-feira (27) os dois tenistas ganharam o t\u00edtulo do Australian Open","robots":{"index":"index","follow":"follow","max-snippet":"max-snippet:-1","max-image-preview":"max-image-preview:large","max-video-preview":"max-video-preview:-1"},"canonical":"https:\/\/redenoticiaz.com.br\/ribeiraopreto-regiao\/sp\/2023\/01\/27\/luisa-stefani-e-rafa-matos-colocam-o-brasil-no-topo-do-australian-open-nas-duplas-mistas","og_locale":"pt_BR","og_type":"article","og_title":"Luisa Stefani e Rafa Matos colocam o Brasil no topo do Australian Open nas duplas mistas - Ribeir\u00e3o Preto e Regi\u00e3o","og_description":"Luisa Stefani e Rafa Matos fizeram hist\u00f3ria para o t\u00eanis brasileiro. Nesta sexta-feira (27) os dois tenistas ganharam o t\u00edtulo do Australian Open","og_url":"https:\/\/redenoticiaz.com.br\/ribeiraopreto-regiao\/sp\/2023\/01\/27\/luisa-stefani-e-rafa-matos-colocam-o-brasil-no-topo-do-australian-open-nas-duplas-mistas","og_site_name":"Ribeir\u00e3o Preto e Regi\u00e3o","article_publisher":"https:\/\/m.facebook.com\/redenoticiaz.barretos","article_published_time":"2023-01-27T12:26:44+00:00","og_image":[{"width":400,"height":250,"url":"https:\/\/redenoticiaz.com.br\/ribeiraopreto-regiao\/wp-content\/uploads\/sites\/4\/2022\/02\/logo.jpg","type":"image\/jpeg"}],"author":"Leonardo Francisco","twitter_card":"summary_large_image","twitter_creator":"@RN_barretos","twitter_site":"@RN_barretos","twitter_misc":{"Escrito por":"Leonardo Francisco","Est. tempo de leitura":"4 minutos"},"schema":{"@context":"https:\/\/schema.org","@graph":[{"@type":"Article","@id":"https:\/\/redenoticiaz.com.br\/ribeiraopreto-regiao\/sp\/2023\/01\/27\/luisa-stefani-e-rafa-matos-colocam-o-brasil-no-topo-do-australian-open-nas-duplas-mistas#article","isPartOf":{"@id":"https:\/\/redenoticiaz.com.br\/ribeiraopreto-regiao\/sp\/2023\/01\/27\/luisa-stefani-e-rafa-matos-colocam-o-brasil-no-topo-do-australian-open-nas-duplas-mistas"},"author":{"name":"Leonardo Francisco","@id":"https:\/\/redenoticiaz.com.br\/ribeiraopreto-regiao\/#\/schema\/person\/0f0b8a5bdafefe82841e07ae8d81ecb3"},"headline":"Luisa Stefani e Rafa Matos colocam o Brasil no topo do Australian Open nas duplas mistas","datePublished":"2023-01-27T12:26:44+00:00","mainEntityOfPage":{"@id":"https:\/\/redenoticiaz.com.br\/ribeiraopreto-regiao\/sp\/2023\/01\/27\/luisa-stefani-e-rafa-matos-colocam-o-brasil-no-topo-do-australian-open-nas-duplas-mistas"},"wordCount":670,"commentCount":0,"publisher":{"@id":"https:\/\/redenoticiaz.com.br\/ribeiraopreto-regiao\/#organization"},"image":{"@id":"https:\/\/redenoticiaz.com.br\/ribeiraopreto-regiao\/sp\/2023\/01\/27\/luisa-stefani-e-rafa-matos-colocam-o-brasil-no-topo-do-australian-open-nas-duplas-mistas#primaryimage"},"thumbnailUrl":"https:\/\/redenoticiaz.com.br\/ribeiraopreto-regiao\/wp-content\/uploads\/sites\/4\/2023\/01\/DUPLA-BR.jpg?v=1674822355","keywords":["AUSTRALIAN OPEN","BRASIL CAMPE\u00c3O","DUPLAS MISTAS","LUISA STEFANI","RAFA MATOS"],"articleSection":["Esporte"],"inLanguage":"pt-BR","potentialAction":[{"@type":"CommentAction","name":"Comment","target":["https:\/\/redenoticiaz.com.br\/ribeiraopreto-regiao\/sp\/2023\/01\/27\/luisa-stefani-e-rafa-matos-colocam-o-brasil-no-topo-do-australian-open-nas-duplas-mistas#respond"]}]},{"@type":"WebPage","@id":"https:\/\/redenoticiaz.com.br\/ribeiraopreto-regiao\/sp\/2023\/01\/27\/luisa-stefani-e-rafa-matos-colocam-o-brasil-no-topo-do-australian-open-nas-duplas-mistas","url":"https:\/\/redenoticiaz.com.br\/ribeiraopreto-regiao\/sp\/2023\/01\/27\/luisa-stefani-e-rafa-matos-colocam-o-brasil-no-topo-do-australian-open-nas-duplas-mistas","name":"Luisa Stefani e Rafa Matos colocam o Brasil no topo do Australian Open nas duplas mistas - Ribeir\u00e3o Preto e Regi\u00e3o","isPartOf":{"@id":"https:\/\/redenoticiaz.com.br\/ribeiraopreto-regiao\/#website"},"primaryImageOfPage":{"@id":"https:\/\/redenoticiaz.com.br\/ribeiraopreto-regiao\/sp\/2023\/01\/27\/luisa-stefani-e-rafa-matos-colocam-o-brasil-no-topo-do-australian-open-nas-duplas-mistas#primaryimage"},"image":{"@id":"https:\/\/redenoticiaz.com.br\/ribeiraopreto-regiao\/sp\/2023\/01\/27\/luisa-stefani-e-rafa-matos-colocam-o-brasil-no-topo-do-australian-open-nas-duplas-mistas#primaryimage"},"thumbnailUrl":"https:\/\/redenoticiaz.com.br\/ribeiraopreto-regiao\/wp-content\/uploads\/sites\/4\/2023\/01\/DUPLA-BR.jpg?v=1674822355","datePublished":"2023-01-27T12:26:44+00:00","description":"Luisa Stefani e Rafa Matos fizeram hist\u00f3ria para o t\u00eanis brasileiro. Nesta sexta-feira (27) os dois tenistas ganharam o t\u00edtulo do Australian Open","inLanguage":"pt-BR","potentialAction":[{"@type":"ReadAction","target":["https:\/\/redenoticiaz.com.br\/ribeiraopreto-regiao\/sp\/2023\/01\/27\/luisa-stefani-e-rafa-matos-colocam-o-brasil-no-topo-do-australian-open-nas-duplas-mistas"]}]},{"@type":"ImageObject","inLanguage":"pt-BR","@id":"https:\/\/redenoticiaz.com.br\/ribeiraopreto-regiao\/sp\/2023\/01\/27\/luisa-stefani-e-rafa-matos-colocam-o-brasil-no-topo-do-australian-open-nas-duplas-mistas#primaryimage","url":"https:\/\/redenoticiaz.com.br\/ribeiraopreto-regiao\/wp-content\/uploads\/sites\/4\/2023\/01\/DUPLA-BR.jpg?v=1674822355","contentUrl":"https:\/\/redenoticiaz.com.br\/ribeiraopreto-regiao\/wp-content\/uploads\/sites\/4\/2023\/01\/DUPLA-BR.jpg?v=1674822355","width":625,"height":425,"caption":"Cr\u00e9ditos: Reprodu\u00e7\u00e3o\/Reuters"},{"@type":"WebSite","@id":"https:\/\/redenoticiaz.com.br\/ribeiraopreto-regiao\/#website","url":"https:\/\/redenoticiaz.com.br\/ribeiraopreto-regiao\/","name":"Ribeir\u00e3o Preto e Regi\u00e3o","description":"Rede NoticiaZ - Ribeir\u00e3o Preto e regi\u00e3o","publisher":{"@id":"https:\/\/redenoticiaz.com.br\/ribeiraopreto-regiao\/#organization"},"potentialAction":[{"@type":"SearchAction","target":{"@type":"EntryPoint","urlTemplate":"https:\/\/redenoticiaz.com.br\/ribeiraopreto-regiao\/?s={search_term_string}"},"query-input":{"@type":"PropertyValueSpecification","valueRequired":true,"valueName":"search_term_string"}}],"inLanguage":"pt-BR"},{"@type":"Organization","@id":"https:\/\/redenoticiaz.com.br\/ribeiraopreto-regiao\/#organization","name":"Ribeir\u00e3o Preto e Regi\u00e3o","url":"https:\/\/redenoticiaz.com.br\/ribeiraopreto-regiao\/","logo":{"@type":"ImageObject","inLanguage":"pt-BR","@id":"https:\/\/redenoticiaz.com.br\/ribeiraopreto-regiao\/#\/schema\/logo\/image\/","url":"https:\/\/redenoticiaz.com.br\/barretos-regiao\/wp-content\/uploads\/sites\/4\/2022\/02\/logo.jpg","contentUrl":"https:\/\/redenoticiaz.com.br\/barretos-regiao\/wp-content\/uploads\/sites\/4\/2022\/02\/logo.jpg","width":400,"height":250,"caption":"Ribeir\u00e3o Preto e Regi\u00e3o"},"image":{"@id":"https:\/\/redenoticiaz.com.br\/ribeiraopreto-regiao\/#\/schema\/logo\/image\/"},"sameAs":["https:\/\/m.facebook.com\/redenoticiaz.barretos","https:\/\/x.com\/RN_barretos","https:\/\/www.instagram.com\/redenoticiaz.barretos\/?igshid=YmMyMTA2M2Y","https:\/\/www.linkedin.com\/company\/rede-noticiaz-barretos-e-regio\/"]},{"@type":"Person","@id":"https:\/\/redenoticiaz.com.br\/ribeiraopreto-regiao\/#\/schema\/person\/0f0b8a5bdafefe82841e07ae8d81ecb3","name":"Leonardo Francisco","image":{"@type":"ImageObject","inLanguage":"pt-BR","@id":"https:\/\/secure.gravatar.com\/avatar\/a7358cb406a99b682ec6df1e77e31ae82e63601f6784e8a3df411d72b37864da?s=96&d=mm&r=g","url":"https:\/\/secure.gravatar.com\/avatar\/a7358cb406a99b682ec6df1e77e31ae82e63601f6784e8a3df411d72b37864da?s=96&d=mm&r=g","contentUrl":"https:\/\/secure.gravatar.com\/avatar\/a7358cb406a99b682ec6df1e77e31ae82e63601f6784e8a3df411d72b37864da?s=96&d=mm&r=g","caption":"Leonardo Francisco"},"url":"https:\/\/redenoticiaz.com.br\/ribeiraopreto-regiao\/sp\/author\/leonardo-francisco"}]}},"_links":{"self":[{"href":"https:\/\/redenoticiaz.com.br\/ribeiraopreto-regiao\/wp-json\/wp\/v2\/posts\/99383","targetHints":{"allow":["GET"]}}],"collection":[{"href":"https:\/\/redenoticiaz.com.br\/ribeiraopreto-regiao\/wp-json\/wp\/v2\/posts"}],"about":[{"href":"https:\/\/redenoticiaz.com.br\/ribeiraopreto-regiao\/wp-json\/wp\/v2\/types\/post"}],"author":[{"embeddable":true,"href":"https:\/\/redenoticiaz.com.br\/ribeiraopreto-regiao\/wp-json\/wp\/v2\/users\/6"}],"replies":[{"embeddable":true,"href":"https:\/\/redenoticiaz.com.br\/ribeiraopreto-regiao\/wp-json\/wp\/v2\/comments?post=99383"}],"version-history":[{"count":0,"href":"https:\/\/redenoticiaz.com.br\/ribeiraopreto-regiao\/wp-json\/wp\/v2\/posts\/99383\/revisions"}],"wp:featuredmedia":[{"embeddable":true,"href":"https:\/\/redenoticiaz.com.br\/ribeiraopreto-regiao\/wp-json\/wp\/v2\/media\/99384"}],"wp:attachment":[{"href":"https:\/\/redenoticiaz.com.br\/ribeiraopreto-regiao\/wp-json\/wp\/v2\/media?parent=99383"}],"wp:term":[{"taxonomy":"category","embeddable":true,"href":"https:\/\/redenoticiaz.com.br\/ribeiraopreto-regiao\/wp-json\/wp\/v2\/categories?post=99383"},{"taxonomy":"post_tag","embeddable":true,"href":"https:\/\/redenoticiaz.com.br\/ribeiraopreto-regiao\/wp-json\/wp\/v2\/tags?post=99383"}],"curies":[{"name":"wp","href":"https:\/\/api.w.org\/{rel}","templated":true}]}}