{"id":99600,"date":"2023-02-04T14:00:07","date_gmt":"2023-02-04T17:00:07","guid":{"rendered":"https:\/\/redenoticiaz.com.br\/barretos-regiao\/?p=99600"},"modified":"2023-01-31T20:47:24","modified_gmt":"2023-01-31T23:47:24","slug":"mais-de-16-milhoes-de-hectares-foram-queimados-no-brasil-em-2022","status":"publish","type":"post","link":"https:\/\/redenoticiaz.com.br\/ribeiraopreto-regiao\/sp\/2023\/02\/04\/mais-de-16-milhoes-de-hectares-foram-queimados-no-brasil-em-2022","title":{"rendered":"Mais de 16 milh\u00f5es de hectares foram queimados no Brasil em 2022"},"content":{"rendered":"<p>Mais de 16,3 milh\u00f5es de hectares foram queimados no Brasil entre janeiro e dezembro de 2022, conforme dados do\u00a0<a href=\"https:\/\/mapbiomas-br-site.s3.amazonaws.com\/downloads\/Boletim_mensal_Monitor_Fogo_Dezembro2022.pdf\" target=\"_blank\" rel=\"noopener\">Monitor do Fogo<\/a>, divulgados nesta\u00a0<span id=\"OBJ_PREFIX_DWT625_com_zimbra_date\" role=\"link\"><span id=\"OBJ_PREFIX_DWT635_com_zimbra_date\" role=\"link\">ter<\/span><\/span>\u00e7a-feira (31) pelo MapBiomas, rede de organiza\u00e7\u00f5es que fazem o monitoramento \u00e1reas queimadas no pa\u00eds. Do total, 2,8 milh\u00f5es de hectares queimados foram de florestas.<img decoding=\"async\" src=\"https:\/\/agenciabrasil.ebc.com.br\/ebc.png?id=1507243&amp;o=node\" \/><img decoding=\"async\" src=\"https:\/\/agenciabrasil.ebc.com.br\/ebc.gif?id=1507243&amp;o=node\" \/><\/p>\n<p>A maior parte das queimadas atingiu vegeta\u00e7\u00e3o nativa, sendo 25,9% de forma\u00e7\u00f5es sav\u00e2nicas e 17,1% de florestas.<\/p>\n<p>A Amaz\u00f4nia foi a mais afetada no ano passado. Quase metade do total de \u00e1rea queimada no pa\u00eds estava no bioma, equivalente a 7,9 milh\u00f5es de hectares. Da \u00e1rea total queimada no bioma, 70% ocorreram nos meses<span id=\"OBJ_PREFIX_DWT627_com_zimbra_date\" role=\"link\">\u00a0de agosto<\/span>, setembro e outubro.<\/p>\n<p>Em dezembro de 2022, quando n\u00e3o \u00e9 comum ocorrerem queimadas na Amaz\u00f4nia, o bioma registrou a maior \u00e1rea queimada no pa\u00eds, com 234,7 mil hectares, crescimento de 101% em rela\u00e7\u00e3o ao m\u00eas anterior.<\/p>\n<p>De acordo com MapBiomas, metade das queimadas na Amaz\u00f4nia ocorreram em pastagens. O fogo \u00e9 a forma mais r\u00e1pida e barata para limpar uma \u00e1rea desmatada. A rela\u00e7\u00e3o \u00e9 direta,\u00a0quanto maior a taxa de desmatamento, maior o uso do fogo na regi\u00e3o, conforme o MapBiomas.<\/p>\n<p>O Cerrado aparece como o segundo bioma mais impactado, perdendo apenas para a Amaz\u00f4nia. De toda a \u00e1rea queimada no pa\u00eds, 45% estavam no Cerrado (7,4 milh\u00f5es de hectares). O montante equivale a um aumento de 18% em rela\u00e7\u00e3o ao ano anterior.<\/p>\n<p><em>*com informa\u00e7\u00f5es da ag\u00eanciabrasil<\/em><\/p>\n<p><strong>Leia mais<\/strong><\/p>\n<p><a href=\"https:\/\/redenoticiaz.com.br\/blog\/2022\/08\/14\/desmatamento-na-amazonia-passa-pela-3-vez-de-8-mil-km%c2%b2\">Desmatamento na Amaz\u00f4nia passa pela 3\u00b0 vez de 8 mil km\u00b2<\/a><\/p>\n","protected":false},"excerpt":{"rendered":"<p>Mais de 16,3 milh\u00f5es de hectares foram queimados no Brasil entre janeiro e dezembro de 2022, conforme dados do\u00a0Monitor do Fogo, divulgados nesta\u00a0ter\u00e7a-feira (31) pelo MapBiomas, rede de organiza\u00e7\u00f5es que fazem o monitoramento \u00e1reas queimadas no pa\u00eds. Do total, 2,8 milh\u00f5es de hectares queimados foram de florestas. A maior parte das queimadas atingiu vegeta\u00e7\u00e3o nativa, &hellip;<\/p>\n","protected":false},"author":12,"featured_media":99601,"comment_status":"open","ping_status":"closed","sticky":false,"template":"","format":"standard","meta":{"footnotes":""},"categories":[1771,94],"tags":[17774,24433,24434,24435,17761],"class_list":["post-99600","post","type-post","status-publish","format-standard","has-post-thumbnail","hentry","category-climatologia","category-meio-ambiente","tag-amazonia","tag-florestas","tag-mapbiomas","tag-monitor-do-fogo","tag-queimados"],"yoast_head":"<!-- This site is optimized with the Yoast SEO plugin v27.4 - https:\/\/yoast.com\/product\/yoast-seo-wordpress\/ -->\n<title>Mais de 16 milh\u00f5es de hectares foram queimados no Brasil em 2022 - Ribeir\u00e3o Preto e Regi\u00e3o<\/title>\n<meta name=\"description\" content=\"Mais de 16,3 milh\u00f5es de hectares foram queimados no Brasil entre janeiro e dezembro de 2022, conforme dados do\u00a0Monitor do Fogo.\" \/>\n<meta name=\"robots\" content=\"index, follow, max-snippet:-1, max-image-preview:large, max-video-preview:-1\" \/>\n<link rel=\"canonical\" href=\"https:\/\/redenoticiaz.com.br\/ribeiraopreto-regiao\/sp\/2023\/02\/04\/mais-de-16-milhoes-de-hectares-foram-queimados-no-brasil-em-2022\" \/>\n<meta property=\"og:locale\" content=\"pt_BR\" \/>\n<meta property=\"og:type\" content=\"article\" \/>\n<meta property=\"og:title\" content=\"Mais de 16 milh\u00f5es de hectares foram queimados no Brasil em 2022 - Ribeir\u00e3o Preto e Regi\u00e3o\" \/>\n<meta property=\"og:description\" content=\"Mais de 16,3 milh\u00f5es de hectares foram queimados no Brasil entre janeiro e dezembro de 2022, conforme dados do\u00a0Monitor do Fogo.\" \/>\n<meta property=\"og:url\" content=\"https:\/\/redenoticiaz.com.br\/ribeiraopreto-regiao\/sp\/2023\/02\/04\/mais-de-16-milhoes-de-hectares-foram-queimados-no-brasil-em-2022\" \/>\n<meta property=\"og:site_name\" content=\"Ribeir\u00e3o Preto e Regi\u00e3o\" \/>\n<meta property=\"article:publisher\" content=\"https:\/\/m.facebook.com\/redenoticiaz.barretos\" \/>\n<meta property=\"article:published_time\" content=\"2023-02-04T17:00:07+00:00\" \/>\n<meta property=\"og:image\" content=\"https:\/\/redenoticiaz.com.br\/ribeiraopreto-regiao\/wp-content\/uploads\/sites\/4\/2023\/01\/whatsapp_image_2020-10-04_at_15.25.00.jpeg?v=1675208719\" \/>\n\t<meta property=\"og:image:width\" content=\"1170\" \/>\n\t<meta property=\"og:image:height\" content=\"700\" \/>\n\t<meta property=\"og:image:type\" content=\"image\/jpeg\" \/>\n<meta name=\"author\" content=\"Gustavo Silva\" \/>\n<meta name=\"twitter:card\" content=\"summary_large_image\" \/>\n<meta name=\"twitter:creator\" content=\"@RN_barretos\" \/>\n<meta name=\"twitter:site\" content=\"@RN_barretos\" \/>\n<meta name=\"twitter:label1\" content=\"Escrito por\" \/>\n\t<meta name=\"twitter:data1\" content=\"Gustavo Silva\" \/>\n\t<meta name=\"twitter:label2\" content=\"Est. tempo de leitura\" \/>\n\t<meta name=\"twitter:data2\" content=\"2 minutos\" \/>\n<script type=\"application\/ld+json\" class=\"yoast-schema-graph\">{\"@context\":\"https:\\\/\\\/schema.org\",\"@graph\":[{\"@type\":\"Article\",\"@id\":\"https:\\\/\\\/redenoticiaz.com.br\\\/ribeiraopreto-regiao\\\/sp\\\/2023\\\/02\\\/04\\\/mais-de-16-milhoes-de-hectares-foram-queimados-no-brasil-em-2022#article\",\"isPartOf\":{\"@id\":\"https:\\\/\\\/redenoticiaz.com.br\\\/ribeiraopreto-regiao\\\/sp\\\/2023\\\/02\\\/04\\\/mais-de-16-milhoes-de-hectares-foram-queimados-no-brasil-em-2022\"},\"author\":{\"name\":\"Gustavo Silva\",\"@id\":\"https:\\\/\\\/redenoticiaz.com.br\\\/ribeiraopreto-regiao\\\/#\\\/schema\\\/person\\\/16057b37a3c0ee6b096d7f887c566e2e\"},\"headline\":\"Mais de 16 milh\u00f5es de hectares foram queimados no Brasil em 2022\",\"datePublished\":\"2023-02-04T17:00:07+00:00\",\"mainEntityOfPage\":{\"@id\":\"https:\\\/\\\/redenoticiaz.com.br\\\/ribeiraopreto-regiao\\\/sp\\\/2023\\\/02\\\/04\\\/mais-de-16-milhoes-de-hectares-foram-queimados-no-brasil-em-2022\"},\"wordCount\":265,\"commentCount\":0,\"publisher\":{\"@id\":\"https:\\\/\\\/redenoticiaz.com.br\\\/ribeiraopreto-regiao\\\/#organization\"},\"image\":{\"@id\":\"https:\\\/\\\/redenoticiaz.com.br\\\/ribeiraopreto-regiao\\\/sp\\\/2023\\\/02\\\/04\\\/mais-de-16-milhoes-de-hectares-foram-queimados-no-brasil-em-2022#primaryimage\"},\"thumbnailUrl\":\"https:\\\/\\\/redenoticiaz.com.br\\\/ribeiraopreto-regiao\\\/wp-content\\\/uploads\\\/sites\\\/4\\\/2023\\\/01\\\/whatsapp_image_2020-10-04_at_15.25.00.jpeg?v=1675208719\",\"keywords\":[\"AMAZ\u00d4NIA\",\"florestas\",\"MapBiomas\",\"Monitor do Fogo\",\"queimados\"],\"articleSection\":[\"Climatologia\",\"Meio Ambiente\"],\"inLanguage\":\"pt-BR\",\"potentialAction\":[{\"@type\":\"CommentAction\",\"name\":\"Comment\",\"target\":[\"https:\\\/\\\/redenoticiaz.com.br\\\/ribeiraopreto-regiao\\\/sp\\\/2023\\\/02\\\/04\\\/mais-de-16-milhoes-de-hectares-foram-queimados-no-brasil-em-2022#respond\"]}]},{\"@type\":\"WebPage\",\"@id\":\"https:\\\/\\\/redenoticiaz.com.br\\\/ribeiraopreto-regiao\\\/sp\\\/2023\\\/02\\\/04\\\/mais-de-16-milhoes-de-hectares-foram-queimados-no-brasil-em-2022\",\"url\":\"https:\\\/\\\/redenoticiaz.com.br\\\/ribeiraopreto-regiao\\\/sp\\\/2023\\\/02\\\/04\\\/mais-de-16-milhoes-de-hectares-foram-queimados-no-brasil-em-2022\",\"name\":\"Mais de 16 milh\u00f5es de hectares foram queimados no Brasil em 2022 - Ribeir\u00e3o Preto e Regi\u00e3o\",\"isPartOf\":{\"@id\":\"https:\\\/\\\/redenoticiaz.com.br\\\/ribeiraopreto-regiao\\\/#website\"},\"primaryImageOfPage\":{\"@id\":\"https:\\\/\\\/redenoticiaz.com.br\\\/ribeiraopreto-regiao\\\/sp\\\/2023\\\/02\\\/04\\\/mais-de-16-milhoes-de-hectares-foram-queimados-no-brasil-em-2022#primaryimage\"},\"image\":{\"@id\":\"https:\\\/\\\/redenoticiaz.com.br\\\/ribeiraopreto-regiao\\\/sp\\\/2023\\\/02\\\/04\\\/mais-de-16-milhoes-de-hectares-foram-queimados-no-brasil-em-2022#primaryimage\"},\"thumbnailUrl\":\"https:\\\/\\\/redenoticiaz.com.br\\\/ribeiraopreto-regiao\\\/wp-content\\\/uploads\\\/sites\\\/4\\\/2023\\\/01\\\/whatsapp_image_2020-10-04_at_15.25.00.jpeg?v=1675208719\",\"datePublished\":\"2023-02-04T17:00:07+00:00\",\"description\":\"Mais de 16,3 milh\u00f5es de hectares foram queimados no Brasil entre janeiro e dezembro de 2022, conforme dados do\u00a0Monitor do Fogo.\",\"inLanguage\":\"pt-BR\",\"potentialAction\":[{\"@type\":\"ReadAction\",\"target\":[\"https:\\\/\\\/redenoticiaz.com.br\\\/ribeiraopreto-regiao\\\/sp\\\/2023\\\/02\\\/04\\\/mais-de-16-milhoes-de-hectares-foram-queimados-no-brasil-em-2022\"]}]},{\"@type\":\"ImageObject\",\"inLanguage\":\"pt-BR\",\"@id\":\"https:\\\/\\\/redenoticiaz.com.br\\\/ribeiraopreto-regiao\\\/sp\\\/2023\\\/02\\\/04\\\/mais-de-16-milhoes-de-hectares-foram-queimados-no-brasil-em-2022#primaryimage\",\"url\":\"https:\\\/\\\/redenoticiaz.com.br\\\/ribeiraopreto-regiao\\\/wp-content\\\/uploads\\\/sites\\\/4\\\/2023\\\/01\\\/whatsapp_image_2020-10-04_at_15.25.00.jpeg?v=1675208719\",\"contentUrl\":\"https:\\\/\\\/redenoticiaz.com.br\\\/ribeiraopreto-regiao\\\/wp-content\\\/uploads\\\/sites\\\/4\\\/2023\\\/01\\\/whatsapp_image_2020-10-04_at_15.25.00.jpeg?v=1675208719\",\"width\":1170,\"height\":700,\"caption\":\"Mais de 16 milh\u00f5es de hectares foram queimados no Brasil em 2022\"},{\"@type\":\"WebSite\",\"@id\":\"https:\\\/\\\/redenoticiaz.com.br\\\/ribeiraopreto-regiao\\\/#website\",\"url\":\"https:\\\/\\\/redenoticiaz.com.br\\\/ribeiraopreto-regiao\\\/\",\"name\":\"Ribeir\u00e3o Preto e Regi\u00e3o\",\"description\":\"Rede NoticiaZ - Ribeir\u00e3o Preto e regi\u00e3o\",\"publisher\":{\"@id\":\"https:\\\/\\\/redenoticiaz.com.br\\\/ribeiraopreto-regiao\\\/#organization\"},\"potentialAction\":[{\"@type\":\"SearchAction\",\"target\":{\"@type\":\"EntryPoint\",\"urlTemplate\":\"https:\\\/\\\/redenoticiaz.com.br\\\/ribeiraopreto-regiao\\\/?s={search_term_string}\"},\"query-input\":{\"@type\":\"PropertyValueSpecification\",\"valueRequired\":true,\"valueName\":\"search_term_string\"}}],\"inLanguage\":\"pt-BR\"},{\"@type\":\"Organization\",\"@id\":\"https:\\\/\\\/redenoticiaz.com.br\\\/ribeiraopreto-regiao\\\/#organization\",\"name\":\"Ribeir\u00e3o Preto e Regi\u00e3o\",\"url\":\"https:\\\/\\\/redenoticiaz.com.br\\\/ribeiraopreto-regiao\\\/\",\"logo\":{\"@type\":\"ImageObject\",\"inLanguage\":\"pt-BR\",\"@id\":\"https:\\\/\\\/redenoticiaz.com.br\\\/ribeiraopreto-regiao\\\/#\\\/schema\\\/logo\\\/image\\\/\",\"url\":\"https:\\\/\\\/redenoticiaz.com.br\\\/barretos-regiao\\\/wp-content\\\/uploads\\\/sites\\\/4\\\/2022\\\/02\\\/logo.jpg\",\"contentUrl\":\"https:\\\/\\\/redenoticiaz.com.br\\\/barretos-regiao\\\/wp-content\\\/uploads\\\/sites\\\/4\\\/2022\\\/02\\\/logo.jpg\",\"width\":400,\"height\":250,\"caption\":\"Ribeir\u00e3o Preto e Regi\u00e3o\"},\"image\":{\"@id\":\"https:\\\/\\\/redenoticiaz.com.br\\\/ribeiraopreto-regiao\\\/#\\\/schema\\\/logo\\\/image\\\/\"},\"sameAs\":[\"https:\\\/\\\/m.facebook.com\\\/redenoticiaz.barretos\",\"https:\\\/\\\/x.com\\\/RN_barretos\",\"https:\\\/\\\/www.instagram.com\\\/redenoticiaz.barretos\\\/?igshid=YmMyMTA2M2Y\",\"https:\\\/\\\/www.linkedin.com\\\/company\\\/rede-noticiaz-barretos-e-regio\\\/\"]},{\"@type\":\"Person\",\"@id\":\"https:\\\/\\\/redenoticiaz.com.br\\\/ribeiraopreto-regiao\\\/#\\\/schema\\\/person\\\/16057b37a3c0ee6b096d7f887c566e2e\",\"name\":\"Gustavo Silva\",\"image\":{\"@type\":\"ImageObject\",\"inLanguage\":\"pt-BR\",\"@id\":\"https:\\\/\\\/secure.gravatar.com\\\/avatar\\\/3ee4e82f93b26de0a7cf4ea5eb7893da637ed6bb0c9170c58065944c56e28a33?s=96&d=mm&r=g\",\"url\":\"https:\\\/\\\/secure.gravatar.com\\\/avatar\\\/3ee4e82f93b26de0a7cf4ea5eb7893da637ed6bb0c9170c58065944c56e28a33?s=96&d=mm&r=g\",\"contentUrl\":\"https:\\\/\\\/secure.gravatar.com\\\/avatar\\\/3ee4e82f93b26de0a7cf4ea5eb7893da637ed6bb0c9170c58065944c56e28a33?s=96&d=mm&r=g\",\"caption\":\"Gustavo Silva\"},\"url\":\"https:\\\/\\\/redenoticiaz.com.br\\\/ribeiraopreto-regiao\\\/sp\\\/author\\\/gustavosilva\"}]}<\/script>\n<!-- \/ Yoast SEO plugin. -->","yoast_head_json":{"title":"Mais de 16 milh\u00f5es de hectares foram queimados no Brasil em 2022 - Ribeir\u00e3o Preto e Regi\u00e3o","description":"Mais de 16,3 milh\u00f5es de hectares foram queimados no Brasil entre janeiro e dezembro de 2022, conforme dados do\u00a0Monitor do Fogo.","robots":{"index":"index","follow":"follow","max-snippet":"max-snippet:-1","max-image-preview":"max-image-preview:large","max-video-preview":"max-video-preview:-1"},"canonical":"https:\/\/redenoticiaz.com.br\/ribeiraopreto-regiao\/sp\/2023\/02\/04\/mais-de-16-milhoes-de-hectares-foram-queimados-no-brasil-em-2022","og_locale":"pt_BR","og_type":"article","og_title":"Mais de 16 milh\u00f5es de hectares foram queimados no Brasil em 2022 - Ribeir\u00e3o Preto e Regi\u00e3o","og_description":"Mais de 16,3 milh\u00f5es de hectares foram queimados no Brasil entre janeiro e dezembro de 2022, conforme dados do\u00a0Monitor do Fogo.","og_url":"https:\/\/redenoticiaz.com.br\/ribeiraopreto-regiao\/sp\/2023\/02\/04\/mais-de-16-milhoes-de-hectares-foram-queimados-no-brasil-em-2022","og_site_name":"Ribeir\u00e3o Preto e Regi\u00e3o","article_publisher":"https:\/\/m.facebook.com\/redenoticiaz.barretos","article_published_time":"2023-02-04T17:00:07+00:00","og_image":[{"width":1170,"height":700,"url":"https:\/\/redenoticiaz.com.br\/ribeiraopreto-regiao\/wp-content\/uploads\/sites\/4\/2023\/01\/whatsapp_image_2020-10-04_at_15.25.00.jpeg?v=1675208719","type":"image\/jpeg"}],"author":"Gustavo Silva","twitter_card":"summary_large_image","twitter_creator":"@RN_barretos","twitter_site":"@RN_barretos","twitter_misc":{"Escrito por":"Gustavo Silva","Est. tempo de leitura":"2 minutos"},"schema":{"@context":"https:\/\/schema.org","@graph":[{"@type":"Article","@id":"https:\/\/redenoticiaz.com.br\/ribeiraopreto-regiao\/sp\/2023\/02\/04\/mais-de-16-milhoes-de-hectares-foram-queimados-no-brasil-em-2022#article","isPartOf":{"@id":"https:\/\/redenoticiaz.com.br\/ribeiraopreto-regiao\/sp\/2023\/02\/04\/mais-de-16-milhoes-de-hectares-foram-queimados-no-brasil-em-2022"},"author":{"name":"Gustavo Silva","@id":"https:\/\/redenoticiaz.com.br\/ribeiraopreto-regiao\/#\/schema\/person\/16057b37a3c0ee6b096d7f887c566e2e"},"headline":"Mais de 16 milh\u00f5es de hectares foram queimados no Brasil em 2022","datePublished":"2023-02-04T17:00:07+00:00","mainEntityOfPage":{"@id":"https:\/\/redenoticiaz.com.br\/ribeiraopreto-regiao\/sp\/2023\/02\/04\/mais-de-16-milhoes-de-hectares-foram-queimados-no-brasil-em-2022"},"wordCount":265,"commentCount":0,"publisher":{"@id":"https:\/\/redenoticiaz.com.br\/ribeiraopreto-regiao\/#organization"},"image":{"@id":"https:\/\/redenoticiaz.com.br\/ribeiraopreto-regiao\/sp\/2023\/02\/04\/mais-de-16-milhoes-de-hectares-foram-queimados-no-brasil-em-2022#primaryimage"},"thumbnailUrl":"https:\/\/redenoticiaz.com.br\/ribeiraopreto-regiao\/wp-content\/uploads\/sites\/4\/2023\/01\/whatsapp_image_2020-10-04_at_15.25.00.jpeg?v=1675208719","keywords":["AMAZ\u00d4NIA","florestas","MapBiomas","Monitor do Fogo","queimados"],"articleSection":["Climatologia","Meio Ambiente"],"inLanguage":"pt-BR","potentialAction":[{"@type":"CommentAction","name":"Comment","target":["https:\/\/redenoticiaz.com.br\/ribeiraopreto-regiao\/sp\/2023\/02\/04\/mais-de-16-milhoes-de-hectares-foram-queimados-no-brasil-em-2022#respond"]}]},{"@type":"WebPage","@id":"https:\/\/redenoticiaz.com.br\/ribeiraopreto-regiao\/sp\/2023\/02\/04\/mais-de-16-milhoes-de-hectares-foram-queimados-no-brasil-em-2022","url":"https:\/\/redenoticiaz.com.br\/ribeiraopreto-regiao\/sp\/2023\/02\/04\/mais-de-16-milhoes-de-hectares-foram-queimados-no-brasil-em-2022","name":"Mais de 16 milh\u00f5es de hectares foram queimados no Brasil em 2022 - Ribeir\u00e3o Preto e Regi\u00e3o","isPartOf":{"@id":"https:\/\/redenoticiaz.com.br\/ribeiraopreto-regiao\/#website"},"primaryImageOfPage":{"@id":"https:\/\/redenoticiaz.com.br\/ribeiraopreto-regiao\/sp\/2023\/02\/04\/mais-de-16-milhoes-de-hectares-foram-queimados-no-brasil-em-2022#primaryimage"},"image":{"@id":"https:\/\/redenoticiaz.com.br\/ribeiraopreto-regiao\/sp\/2023\/02\/04\/mais-de-16-milhoes-de-hectares-foram-queimados-no-brasil-em-2022#primaryimage"},"thumbnailUrl":"https:\/\/redenoticiaz.com.br\/ribeiraopreto-regiao\/wp-content\/uploads\/sites\/4\/2023\/01\/whatsapp_image_2020-10-04_at_15.25.00.jpeg?v=1675208719","datePublished":"2023-02-04T17:00:07+00:00","description":"Mais de 16,3 milh\u00f5es de hectares foram queimados no Brasil entre janeiro e dezembro de 2022, conforme dados do\u00a0Monitor do Fogo.","inLanguage":"pt-BR","potentialAction":[{"@type":"ReadAction","target":["https:\/\/redenoticiaz.com.br\/ribeiraopreto-regiao\/sp\/2023\/02\/04\/mais-de-16-milhoes-de-hectares-foram-queimados-no-brasil-em-2022"]}]},{"@type":"ImageObject","inLanguage":"pt-BR","@id":"https:\/\/redenoticiaz.com.br\/ribeiraopreto-regiao\/sp\/2023\/02\/04\/mais-de-16-milhoes-de-hectares-foram-queimados-no-brasil-em-2022#primaryimage","url":"https:\/\/redenoticiaz.com.br\/ribeiraopreto-regiao\/wp-content\/uploads\/sites\/4\/2023\/01\/whatsapp_image_2020-10-04_at_15.25.00.jpeg?v=1675208719","contentUrl":"https:\/\/redenoticiaz.com.br\/ribeiraopreto-regiao\/wp-content\/uploads\/sites\/4\/2023\/01\/whatsapp_image_2020-10-04_at_15.25.00.jpeg?v=1675208719","width":1170,"height":700,"caption":"Mais de 16 milh\u00f5es de hectares foram queimados no Brasil em 2022"},{"@type":"WebSite","@id":"https:\/\/redenoticiaz.com.br\/ribeiraopreto-regiao\/#website","url":"https:\/\/redenoticiaz.com.br\/ribeiraopreto-regiao\/","name":"Ribeir\u00e3o Preto e Regi\u00e3o","description":"Rede NoticiaZ - Ribeir\u00e3o Preto e regi\u00e3o","publisher":{"@id":"https:\/\/redenoticiaz.com.br\/ribeiraopreto-regiao\/#organization"},"potentialAction":[{"@type":"SearchAction","target":{"@type":"EntryPoint","urlTemplate":"https:\/\/redenoticiaz.com.br\/ribeiraopreto-regiao\/?s={search_term_string}"},"query-input":{"@type":"PropertyValueSpecification","valueRequired":true,"valueName":"search_term_string"}}],"inLanguage":"pt-BR"},{"@type":"Organization","@id":"https:\/\/redenoticiaz.com.br\/ribeiraopreto-regiao\/#organization","name":"Ribeir\u00e3o Preto e Regi\u00e3o","url":"https:\/\/redenoticiaz.com.br\/ribeiraopreto-regiao\/","logo":{"@type":"ImageObject","inLanguage":"pt-BR","@id":"https:\/\/redenoticiaz.com.br\/ribeiraopreto-regiao\/#\/schema\/logo\/image\/","url":"https:\/\/redenoticiaz.com.br\/barretos-regiao\/wp-content\/uploads\/sites\/4\/2022\/02\/logo.jpg","contentUrl":"https:\/\/redenoticiaz.com.br\/barretos-regiao\/wp-content\/uploads\/sites\/4\/2022\/02\/logo.jpg","width":400,"height":250,"caption":"Ribeir\u00e3o Preto e Regi\u00e3o"},"image":{"@id":"https:\/\/redenoticiaz.com.br\/ribeiraopreto-regiao\/#\/schema\/logo\/image\/"},"sameAs":["https:\/\/m.facebook.com\/redenoticiaz.barretos","https:\/\/x.com\/RN_barretos","https:\/\/www.instagram.com\/redenoticiaz.barretos\/?igshid=YmMyMTA2M2Y","https:\/\/www.linkedin.com\/company\/rede-noticiaz-barretos-e-regio\/"]},{"@type":"Person","@id":"https:\/\/redenoticiaz.com.br\/ribeiraopreto-regiao\/#\/schema\/person\/16057b37a3c0ee6b096d7f887c566e2e","name":"Gustavo Silva","image":{"@type":"ImageObject","inLanguage":"pt-BR","@id":"https:\/\/secure.gravatar.com\/avatar\/3ee4e82f93b26de0a7cf4ea5eb7893da637ed6bb0c9170c58065944c56e28a33?s=96&d=mm&r=g","url":"https:\/\/secure.gravatar.com\/avatar\/3ee4e82f93b26de0a7cf4ea5eb7893da637ed6bb0c9170c58065944c56e28a33?s=96&d=mm&r=g","contentUrl":"https:\/\/secure.gravatar.com\/avatar\/3ee4e82f93b26de0a7cf4ea5eb7893da637ed6bb0c9170c58065944c56e28a33?s=96&d=mm&r=g","caption":"Gustavo Silva"},"url":"https:\/\/redenoticiaz.com.br\/ribeiraopreto-regiao\/sp\/author\/gustavosilva"}]}},"_links":{"self":[{"href":"https:\/\/redenoticiaz.com.br\/ribeiraopreto-regiao\/wp-json\/wp\/v2\/posts\/99600","targetHints":{"allow":["GET"]}}],"collection":[{"href":"https:\/\/redenoticiaz.com.br\/ribeiraopreto-regiao\/wp-json\/wp\/v2\/posts"}],"about":[{"href":"https:\/\/redenoticiaz.com.br\/ribeiraopreto-regiao\/wp-json\/wp\/v2\/types\/post"}],"author":[{"embeddable":true,"href":"https:\/\/redenoticiaz.com.br\/ribeiraopreto-regiao\/wp-json\/wp\/v2\/users\/12"}],"replies":[{"embeddable":true,"href":"https:\/\/redenoticiaz.com.br\/ribeiraopreto-regiao\/wp-json\/wp\/v2\/comments?post=99600"}],"version-history":[{"count":0,"href":"https:\/\/redenoticiaz.com.br\/ribeiraopreto-regiao\/wp-json\/wp\/v2\/posts\/99600\/revisions"}],"wp:featuredmedia":[{"embeddable":true,"href":"https:\/\/redenoticiaz.com.br\/ribeiraopreto-regiao\/wp-json\/wp\/v2\/media\/99601"}],"wp:attachment":[{"href":"https:\/\/redenoticiaz.com.br\/ribeiraopreto-regiao\/wp-json\/wp\/v2\/media?parent=99600"}],"wp:term":[{"taxonomy":"category","embeddable":true,"href":"https:\/\/redenoticiaz.com.br\/ribeiraopreto-regiao\/wp-json\/wp\/v2\/categories?post=99600"},{"taxonomy":"post_tag","embeddable":true,"href":"https:\/\/redenoticiaz.com.br\/ribeiraopreto-regiao\/wp-json\/wp\/v2\/tags?post=99600"}],"curies":[{"name":"wp","href":"https:\/\/api.w.org\/{rel}","templated":true}]}}