{"id":99778,"date":"2023-02-05T13:00:18","date_gmt":"2023-02-05T16:00:18","guid":{"rendered":"https:\/\/redenoticiaz.com.br\/barretos-regiao\/?p=99778"},"modified":"2023-02-03T12:48:56","modified_gmt":"2023-02-03T15:48:56","slug":"artigo-por-que-comer-frutas-e-legumes-todos-os-dias","status":"publish","type":"post","link":"https:\/\/redenoticiaz.com.br\/ribeiraopreto-regiao\/sp\/2023\/02\/05\/artigo-por-que-comer-frutas-e-legumes-todos-os-dias","title":{"rendered":"Artigo &#8211; Por que comer frutas e legumes todos os dias?"},"content":{"rendered":"<p><em>Por Valter Casarin<\/em><\/p>\n<p class=\"v1ql-align-justify\">Constantemente escutamos: &#8220;Para a sua sa\u00fade, \u00e9 importante comer <strong>frutas,legumes e vegetais<\/strong> todos os dias&#8221;. Mas o que essa frase realmente significa? Quais s\u00e3o os benef\u00edcios desses alimentos? E como comer o suficiente todos os dias?<\/p>\n<p class=\"v1ql-align-justify\">Essa frase n\u00e3o \u00e9 replicada \u00e0 toa e o seu fundamento est\u00e1 baseado na premissa de que esse grupo alimentar cont\u00e9m vitaminas, minerais, antioxidantes e fibras, al\u00e9m de possuir baixa densidade cal\u00f3rica. \u00c9 a partir dessa informa\u00e7\u00e3o que come\u00e7amos a entender a necessidade da ingest\u00e3o de frutas e vegetais.<\/p>\n<p class=\"v1ql-align-justify\">Nesse sentido, as vitaminas, de uma maneira geral, s\u00e3o necess\u00e1rias para manter uma boa sa\u00fade e entre os alimentos que mais cont\u00eam, encontramos no topo da lista as frutas e verduras. E junto com os minerais se tornam essenciais para o bom funcionamento do corpo humano, cada um exercendo a sua fun\u00e7\u00e3o ou fun\u00e7\u00f5es espec\u00edficas.<\/p>\n<p class=\"v1ql-align-justify\">Por exemplo, a vitamina A promove a prote\u00e7\u00e3o dos olhos, ajuda no crescimento dos ossos e protege a pele e o corpo contra infec\u00e7\u00f5es. As vitaminas do complexo B s\u00e3o, entre outras coisas, necess\u00e1rias para a produ\u00e7\u00e3o de energia e de horm\u00f4nios, assim como para o funcionamento do sistema nervoso. J\u00e1 a vitamina E tem propriedades anti-inflamat\u00f3rias e vasodilatadoras (dilata\u00e7\u00e3o dos vasos sangu\u00edneos).<\/p>\n<p class=\"v1ql-align-justify\">Frutas e vegetais tamb\u00e9m s\u00e3o boas fontes de minerais: pot\u00e1ssio, mangan\u00eas, magn\u00e9sio e cobre. Esses diferentes nutrientes promovem a digest\u00e3o, a preven\u00e7\u00e3o dos danos causados \u200b\u200bpelos radicais livres, a sa\u00fade dos ossos e dentes, bem como a produ\u00e7\u00e3o de gl\u00f3bulos vermelhos.<\/p>\n<p class=\"v1ql-align-justify\">Mas isso n\u00e3o \u00e9 tudo, muitos desses alimentos cont\u00eam uma boa quantidade de antioxidantes, que s\u00e3o subst\u00e2ncias que desempenham um papel fundamental na prote\u00e7\u00e3o e preserva\u00e7\u00e3o da sa\u00fade, pois combatem os radicais livres produzidos pelo corpo e os que est\u00e3o fora dele, como a polui\u00e7\u00e3o. Eles tamb\u00e9m colaboram no combate a doen\u00e7as cardiovasculares, certos tipos de c\u00e2ncer e muitas doen\u00e7as relacionadas ao envelhecimento.<\/p>\n<p class=\"v1ql-align-justify\">Bioflavon\u00f3ides, caroten\u00f3ides, vitaminas C e E e sel\u00eanio s\u00e3o as principais fontes naturais de antioxidantes; assim como frutas pequenas como framboesas, amoras, mirtilos e morangos. Quanto aos vegetais, podemos encontr\u00e1-los na beterraba, na alcachofra, no aspargo, no br\u00f3colis, no repolho roxo, no piment\u00e3o amarelo e na batata, principalmente os alimentos que possuem\u00a0 polpa colorida.<\/p>\n<p class=\"v1ql-align-justify\">Como disse anteriormente, esse grupo alimentar tamb\u00e9m apresenta muita fibra, tanto sol\u00favel quanto insol\u00favel. As fibras sol\u00faveis contribuem para retardar a passagem dos alimentos do est\u00f4mago para o intestino, trazendo a sensa\u00e7\u00e3o de saciedade, o que permite um melhor controle do peso corporal. Al\u00e9m disso, tamb\u00e9m ajudam a controlar a absor\u00e7\u00e3o de a\u00e7\u00facares, garantindo a quantidade ideal no sangue; e previnem doen\u00e7as cardiovasculares, pois t\u00eam a capacidade de reduzir o n\u00edvel de colesterol LDL ruim. Por outro lado, a fibra insol\u00favel promove a regularidade intestinal e previne a constipa\u00e7\u00e3o.<\/p>\n<p class=\"v1ql-align-justify\">Para aproveitar ao m\u00e1ximo todas as fibras das frutas e vegetais, \u00e9 melhor com\u00ea-los com a casca. Lembre-se, por\u00e9m, de lav\u00e1-los bem antes de consumi-los para eliminar res\u00edduos indesej\u00e1veis.<\/p>\n<p class=\"v1ql-align-justify\">Outra particularidade desses alimentos \u00e9 que eles t\u00eam baixa densidade cal\u00f3rica, ou seja, o n\u00famero de calorias fornecidas por um grama de frutas e vegetais \u00e9 baixo em compara\u00e7\u00e3o com outros grupos. Para a mesma por\u00e7\u00e3o, esses alimentos fornecem menos calorias, mas o est\u00f4mago \u00e9 preenchido da mesma forma e para de enviar sinais de fome. Seu alto teor de \u00e1gua e fibras acentua essa sensa\u00e7\u00e3o de saciedade. Por isso, s\u00e3o um ativo importante na preven\u00e7\u00e3o e tratamento do excesso de peso.<\/p>\n<p class=\"v1ql-align-justify\">Esse consumo frequente tamb\u00e9m contribui para prevenir muitas doen\u00e7as, ou seja, 700 gramas de frutas e vegetais, por dia, pode reduzir em cerca de 20% o risco de sofrer infarto do mioc\u00e1rdio. No entanto, \u00e9 imposs\u00edvel isolar o efeito espec\u00edfico de cada tipo: portanto, \u00e9 necess\u00e1rio variar o m\u00e1ximo poss\u00edvel para aproveitar todos os seus benef\u00edcios. Assim como manter uma dieta com, pelo menos, 5 a 7 por\u00e7\u00f5es, de 80 a 100 gramas, de cada um por dia. Portanto, n\u00e3o h\u00e1 necessidade de comer uma melancia inteira! Por exemplo, voc\u00ea pode considerar uma por\u00e7\u00e3o do tamanho de seu punho cerrado.<\/p>\n<p class=\"v1ql-align-justify\">Se por um lado, destacamos todos os benef\u00edcios do consumo de frutas e vegetais, por outro, vale ressaltar o papel que os fertilizantes desempenham nessas culturas, pois s\u00e3o eles que disponibilizam os nutrientes para a produ\u00e7\u00e3o e composi\u00e7\u00e3o desses alimentos. Da mesma forma, todas as subst\u00e2ncias presentes nos alimentos, como fibras, vitaminas e antioxidantes necessitam dos nutrientes contidos nos fertilizantes.<\/p>\n<p class=\"v1ql-align-justify\">Portanto, o porqu\u00ea de comer fruta e legumes todos os dias vai muito al\u00e9m do alimento promover uma dieta balanceada, \u00e9 preciso entender a fun\u00e7\u00e3o dos alimentos que consumimos e o quanto \u00e9 importante para a nossa sa\u00fade e bem-estar que o que consumimos tenha um valor nutricional realmente satisfat\u00f3rio.<\/p>\n<p><strong>LEIA TAMB\u00c9M<\/strong><\/p>\n<p><a href=\"https:\/\/redenoticiaz.com.br\/blog\/2023\/02\/02\/jornalismo-brasileiro-da-adeus-a-gloria-maria\">Jornalismo brasileiro d\u00e1 adeus \u00e0 Gl\u00f3ria Maria<\/a><\/p>\n","protected":false},"excerpt":{"rendered":"<p>Por Valter Casarin Constantemente escutamos: &#8220;Para a sua sa\u00fade, \u00e9 importante comer frutas,legumes e vegetais todos os dias&#8221;. Mas o que essa frase realmente significa? Quais s\u00e3o os benef\u00edcios desses alimentos? E como comer o suficiente todos os dias? Essa frase n\u00e3o \u00e9 replicada \u00e0 toa e o seu fundamento est\u00e1 baseado na premissa de &hellip;<\/p>\n","protected":false},"author":6,"featured_media":99779,"comment_status":"open","ping_status":"closed","sticky":false,"template":"","format":"standard","meta":{"footnotes":""},"categories":[1],"tags":[17165,3732,23176,24526,165,24527],"class_list":["post-99778","post","type-post","status-publish","format-standard","has-post-thumbnail","hentry","category-cidades","tag-alimentacao","tag-bem-estar","tag-frutas","tag-legumes","tag-saude","tag-vegetais"],"yoast_head":"<!-- This site is optimized with the Yoast SEO plugin v27.4 - https:\/\/yoast.com\/product\/yoast-seo-wordpress\/ -->\n<title>Artigo &#8211; Por que comer frutas e legumes todos os dias? - Ribeir\u00e3o Preto e Regi\u00e3o<\/title>\n<meta name=\"description\" content=\"Constantemente escutamos: &quot;Para a sua sa\u00fade, \u00e9 importante comer frutas,legumes e vegetais todos os dias&quot;. Mas o que essa frase\" \/>\n<meta name=\"robots\" content=\"index, follow, max-snippet:-1, max-image-preview:large, max-video-preview:-1\" \/>\n<link rel=\"canonical\" href=\"https:\/\/redenoticiaz.com.br\/ribeiraopreto-regiao\/sp\/2023\/02\/05\/artigo-por-que-comer-frutas-e-legumes-todos-os-dias\" \/>\n<meta property=\"og:locale\" content=\"pt_BR\" \/>\n<meta property=\"og:type\" content=\"article\" \/>\n<meta property=\"og:title\" content=\"Artigo &#8211; Por que comer frutas e legumes todos os dias? - Ribeir\u00e3o Preto e Regi\u00e3o\" \/>\n<meta property=\"og:description\" content=\"Constantemente escutamos: &quot;Para a sua sa\u00fade, \u00e9 importante comer frutas,legumes e vegetais todos os dias&quot;. Mas o que essa frase\" \/>\n<meta property=\"og:url\" content=\"https:\/\/redenoticiaz.com.br\/ribeiraopreto-regiao\/sp\/2023\/02\/05\/artigo-por-que-comer-frutas-e-legumes-todos-os-dias\" \/>\n<meta property=\"og:site_name\" content=\"Ribeir\u00e3o Preto e Regi\u00e3o\" \/>\n<meta property=\"article:publisher\" content=\"https:\/\/m.facebook.com\/redenoticiaz.barretos\" \/>\n<meta property=\"article:published_time\" content=\"2023-02-05T16:00:18+00:00\" \/>\n<meta property=\"og:image\" content=\"https:\/\/redenoticiaz.com.br\/ribeiraopreto-regiao\/wp-content\/uploads\/sites\/4\/2022\/02\/logo.jpg\" \/>\n\t<meta property=\"og:image:width\" content=\"400\" \/>\n\t<meta property=\"og:image:height\" content=\"250\" \/>\n\t<meta property=\"og:image:type\" content=\"image\/jpeg\" \/>\n<meta name=\"author\" content=\"Leonardo Francisco\" \/>\n<meta name=\"twitter:card\" content=\"summary_large_image\" \/>\n<meta name=\"twitter:creator\" content=\"@RN_barretos\" \/>\n<meta name=\"twitter:site\" content=\"@RN_barretos\" \/>\n<meta name=\"twitter:label1\" content=\"Escrito por\" \/>\n\t<meta name=\"twitter:data1\" content=\"Leonardo Francisco\" \/>\n\t<meta name=\"twitter:label2\" content=\"Est. tempo de leitura\" \/>\n\t<meta name=\"twitter:data2\" content=\"5 minutos\" \/>\n<script type=\"application\/ld+json\" class=\"yoast-schema-graph\">{\"@context\":\"https:\\\/\\\/schema.org\",\"@graph\":[{\"@type\":\"Article\",\"@id\":\"https:\\\/\\\/redenoticiaz.com.br\\\/ribeiraopreto-regiao\\\/sp\\\/2023\\\/02\\\/05\\\/artigo-por-que-comer-frutas-e-legumes-todos-os-dias#article\",\"isPartOf\":{\"@id\":\"https:\\\/\\\/redenoticiaz.com.br\\\/ribeiraopreto-regiao\\\/sp\\\/2023\\\/02\\\/05\\\/artigo-por-que-comer-frutas-e-legumes-todos-os-dias\"},\"author\":{\"name\":\"Leonardo Francisco\",\"@id\":\"https:\\\/\\\/redenoticiaz.com.br\\\/ribeiraopreto-regiao\\\/#\\\/schema\\\/person\\\/0f0b8a5bdafefe82841e07ae8d81ecb3\"},\"headline\":\"Artigo &#8211; Por que comer frutas e legumes todos os dias?\",\"datePublished\":\"2023-02-05T16:00:18+00:00\",\"mainEntityOfPage\":{\"@id\":\"https:\\\/\\\/redenoticiaz.com.br\\\/ribeiraopreto-regiao\\\/sp\\\/2023\\\/02\\\/05\\\/artigo-por-que-comer-frutas-e-legumes-todos-os-dias\"},\"wordCount\":883,\"commentCount\":0,\"publisher\":{\"@id\":\"https:\\\/\\\/redenoticiaz.com.br\\\/ribeiraopreto-regiao\\\/#organization\"},\"image\":{\"@id\":\"https:\\\/\\\/redenoticiaz.com.br\\\/ribeiraopreto-regiao\\\/sp\\\/2023\\\/02\\\/05\\\/artigo-por-que-comer-frutas-e-legumes-todos-os-dias#primaryimage\"},\"thumbnailUrl\":\"https:\\\/\\\/redenoticiaz.com.br\\\/ribeiraopreto-regiao\\\/wp-content\\\/uploads\\\/sites\\\/4\\\/2023\\\/02\\\/FRUTAS-REFEICOES.jpg?v=1675439242\",\"keywords\":[\"ALIMENTA\u00c7\u00c3O\",\"BEM ESTAR\",\"FRUTAS\",\"LEGUMES\",\"saude\",\"VEGETAIS\"],\"articleSection\":[\"Cidades\"],\"inLanguage\":\"pt-BR\",\"potentialAction\":[{\"@type\":\"CommentAction\",\"name\":\"Comment\",\"target\":[\"https:\\\/\\\/redenoticiaz.com.br\\\/ribeiraopreto-regiao\\\/sp\\\/2023\\\/02\\\/05\\\/artigo-por-que-comer-frutas-e-legumes-todos-os-dias#respond\"]}]},{\"@type\":\"WebPage\",\"@id\":\"https:\\\/\\\/redenoticiaz.com.br\\\/ribeiraopreto-regiao\\\/sp\\\/2023\\\/02\\\/05\\\/artigo-por-que-comer-frutas-e-legumes-todos-os-dias\",\"url\":\"https:\\\/\\\/redenoticiaz.com.br\\\/ribeiraopreto-regiao\\\/sp\\\/2023\\\/02\\\/05\\\/artigo-por-que-comer-frutas-e-legumes-todos-os-dias\",\"name\":\"Artigo &#8211; Por que comer frutas e legumes todos os dias? - Ribeir\u00e3o Preto e Regi\u00e3o\",\"isPartOf\":{\"@id\":\"https:\\\/\\\/redenoticiaz.com.br\\\/ribeiraopreto-regiao\\\/#website\"},\"primaryImageOfPage\":{\"@id\":\"https:\\\/\\\/redenoticiaz.com.br\\\/ribeiraopreto-regiao\\\/sp\\\/2023\\\/02\\\/05\\\/artigo-por-que-comer-frutas-e-legumes-todos-os-dias#primaryimage\"},\"image\":{\"@id\":\"https:\\\/\\\/redenoticiaz.com.br\\\/ribeiraopreto-regiao\\\/sp\\\/2023\\\/02\\\/05\\\/artigo-por-que-comer-frutas-e-legumes-todos-os-dias#primaryimage\"},\"thumbnailUrl\":\"https:\\\/\\\/redenoticiaz.com.br\\\/ribeiraopreto-regiao\\\/wp-content\\\/uploads\\\/sites\\\/4\\\/2023\\\/02\\\/FRUTAS-REFEICOES.jpg?v=1675439242\",\"datePublished\":\"2023-02-05T16:00:18+00:00\",\"description\":\"Constantemente escutamos: \\\"Para a sua sa\u00fade, \u00e9 importante comer frutas,legumes e vegetais todos os dias\\\". Mas o que essa frase\",\"inLanguage\":\"pt-BR\",\"potentialAction\":[{\"@type\":\"ReadAction\",\"target\":[\"https:\\\/\\\/redenoticiaz.com.br\\\/ribeiraopreto-regiao\\\/sp\\\/2023\\\/02\\\/05\\\/artigo-por-que-comer-frutas-e-legumes-todos-os-dias\"]}]},{\"@type\":\"ImageObject\",\"inLanguage\":\"pt-BR\",\"@id\":\"https:\\\/\\\/redenoticiaz.com.br\\\/ribeiraopreto-regiao\\\/sp\\\/2023\\\/02\\\/05\\\/artigo-por-que-comer-frutas-e-legumes-todos-os-dias#primaryimage\",\"url\":\"https:\\\/\\\/redenoticiaz.com.br\\\/ribeiraopreto-regiao\\\/wp-content\\\/uploads\\\/sites\\\/4\\\/2023\\\/02\\\/FRUTAS-REFEICOES.jpg?v=1675439242\",\"contentUrl\":\"https:\\\/\\\/redenoticiaz.com.br\\\/ribeiraopreto-regiao\\\/wp-content\\\/uploads\\\/sites\\\/4\\\/2023\\\/02\\\/FRUTAS-REFEICOES.jpg?v=1675439242\",\"width\":1600,\"height\":1066,\"caption\":\"Cr\u00e9ditos: Divulga\u00e7\u00e3o\"},{\"@type\":\"WebSite\",\"@id\":\"https:\\\/\\\/redenoticiaz.com.br\\\/ribeiraopreto-regiao\\\/#website\",\"url\":\"https:\\\/\\\/redenoticiaz.com.br\\\/ribeiraopreto-regiao\\\/\",\"name\":\"Ribeir\u00e3o Preto e Regi\u00e3o\",\"description\":\"Rede NoticiaZ - Ribeir\u00e3o Preto e regi\u00e3o\",\"publisher\":{\"@id\":\"https:\\\/\\\/redenoticiaz.com.br\\\/ribeiraopreto-regiao\\\/#organization\"},\"potentialAction\":[{\"@type\":\"SearchAction\",\"target\":{\"@type\":\"EntryPoint\",\"urlTemplate\":\"https:\\\/\\\/redenoticiaz.com.br\\\/ribeiraopreto-regiao\\\/?s={search_term_string}\"},\"query-input\":{\"@type\":\"PropertyValueSpecification\",\"valueRequired\":true,\"valueName\":\"search_term_string\"}}],\"inLanguage\":\"pt-BR\"},{\"@type\":\"Organization\",\"@id\":\"https:\\\/\\\/redenoticiaz.com.br\\\/ribeiraopreto-regiao\\\/#organization\",\"name\":\"Ribeir\u00e3o Preto e Regi\u00e3o\",\"url\":\"https:\\\/\\\/redenoticiaz.com.br\\\/ribeiraopreto-regiao\\\/\",\"logo\":{\"@type\":\"ImageObject\",\"inLanguage\":\"pt-BR\",\"@id\":\"https:\\\/\\\/redenoticiaz.com.br\\\/ribeiraopreto-regiao\\\/#\\\/schema\\\/logo\\\/image\\\/\",\"url\":\"https:\\\/\\\/redenoticiaz.com.br\\\/barretos-regiao\\\/wp-content\\\/uploads\\\/sites\\\/4\\\/2022\\\/02\\\/logo.jpg\",\"contentUrl\":\"https:\\\/\\\/redenoticiaz.com.br\\\/barretos-regiao\\\/wp-content\\\/uploads\\\/sites\\\/4\\\/2022\\\/02\\\/logo.jpg\",\"width\":400,\"height\":250,\"caption\":\"Ribeir\u00e3o Preto e Regi\u00e3o\"},\"image\":{\"@id\":\"https:\\\/\\\/redenoticiaz.com.br\\\/ribeiraopreto-regiao\\\/#\\\/schema\\\/logo\\\/image\\\/\"},\"sameAs\":[\"https:\\\/\\\/m.facebook.com\\\/redenoticiaz.barretos\",\"https:\\\/\\\/x.com\\\/RN_barretos\",\"https:\\\/\\\/www.instagram.com\\\/redenoticiaz.barretos\\\/?igshid=YmMyMTA2M2Y\",\"https:\\\/\\\/www.linkedin.com\\\/company\\\/rede-noticiaz-barretos-e-regio\\\/\"]},{\"@type\":\"Person\",\"@id\":\"https:\\\/\\\/redenoticiaz.com.br\\\/ribeiraopreto-regiao\\\/#\\\/schema\\\/person\\\/0f0b8a5bdafefe82841e07ae8d81ecb3\",\"name\":\"Leonardo Francisco\",\"image\":{\"@type\":\"ImageObject\",\"inLanguage\":\"pt-BR\",\"@id\":\"https:\\\/\\\/secure.gravatar.com\\\/avatar\\\/a7358cb406a99b682ec6df1e77e31ae82e63601f6784e8a3df411d72b37864da?s=96&d=mm&r=g\",\"url\":\"https:\\\/\\\/secure.gravatar.com\\\/avatar\\\/a7358cb406a99b682ec6df1e77e31ae82e63601f6784e8a3df411d72b37864da?s=96&d=mm&r=g\",\"contentUrl\":\"https:\\\/\\\/secure.gravatar.com\\\/avatar\\\/a7358cb406a99b682ec6df1e77e31ae82e63601f6784e8a3df411d72b37864da?s=96&d=mm&r=g\",\"caption\":\"Leonardo Francisco\"},\"url\":\"https:\\\/\\\/redenoticiaz.com.br\\\/ribeiraopreto-regiao\\\/sp\\\/author\\\/leonardo-francisco\"}]}<\/script>\n<!-- \/ Yoast SEO plugin. -->","yoast_head_json":{"title":"Artigo &#8211; Por que comer frutas e legumes todos os dias? - Ribeir\u00e3o Preto e Regi\u00e3o","description":"Constantemente escutamos: \"Para a sua sa\u00fade, \u00e9 importante comer frutas,legumes e vegetais todos os dias\". Mas o que essa frase","robots":{"index":"index","follow":"follow","max-snippet":"max-snippet:-1","max-image-preview":"max-image-preview:large","max-video-preview":"max-video-preview:-1"},"canonical":"https:\/\/redenoticiaz.com.br\/ribeiraopreto-regiao\/sp\/2023\/02\/05\/artigo-por-que-comer-frutas-e-legumes-todos-os-dias","og_locale":"pt_BR","og_type":"article","og_title":"Artigo &#8211; Por que comer frutas e legumes todos os dias? - Ribeir\u00e3o Preto e Regi\u00e3o","og_description":"Constantemente escutamos: \"Para a sua sa\u00fade, \u00e9 importante comer frutas,legumes e vegetais todos os dias\". Mas o que essa frase","og_url":"https:\/\/redenoticiaz.com.br\/ribeiraopreto-regiao\/sp\/2023\/02\/05\/artigo-por-que-comer-frutas-e-legumes-todos-os-dias","og_site_name":"Ribeir\u00e3o Preto e Regi\u00e3o","article_publisher":"https:\/\/m.facebook.com\/redenoticiaz.barretos","article_published_time":"2023-02-05T16:00:18+00:00","og_image":[{"width":400,"height":250,"url":"https:\/\/redenoticiaz.com.br\/ribeiraopreto-regiao\/wp-content\/uploads\/sites\/4\/2022\/02\/logo.jpg","type":"image\/jpeg"}],"author":"Leonardo Francisco","twitter_card":"summary_large_image","twitter_creator":"@RN_barretos","twitter_site":"@RN_barretos","twitter_misc":{"Escrito por":"Leonardo Francisco","Est. tempo de leitura":"5 minutos"},"schema":{"@context":"https:\/\/schema.org","@graph":[{"@type":"Article","@id":"https:\/\/redenoticiaz.com.br\/ribeiraopreto-regiao\/sp\/2023\/02\/05\/artigo-por-que-comer-frutas-e-legumes-todos-os-dias#article","isPartOf":{"@id":"https:\/\/redenoticiaz.com.br\/ribeiraopreto-regiao\/sp\/2023\/02\/05\/artigo-por-que-comer-frutas-e-legumes-todos-os-dias"},"author":{"name":"Leonardo Francisco","@id":"https:\/\/redenoticiaz.com.br\/ribeiraopreto-regiao\/#\/schema\/person\/0f0b8a5bdafefe82841e07ae8d81ecb3"},"headline":"Artigo &#8211; Por que comer frutas e legumes todos os dias?","datePublished":"2023-02-05T16:00:18+00:00","mainEntityOfPage":{"@id":"https:\/\/redenoticiaz.com.br\/ribeiraopreto-regiao\/sp\/2023\/02\/05\/artigo-por-que-comer-frutas-e-legumes-todos-os-dias"},"wordCount":883,"commentCount":0,"publisher":{"@id":"https:\/\/redenoticiaz.com.br\/ribeiraopreto-regiao\/#organization"},"image":{"@id":"https:\/\/redenoticiaz.com.br\/ribeiraopreto-regiao\/sp\/2023\/02\/05\/artigo-por-que-comer-frutas-e-legumes-todos-os-dias#primaryimage"},"thumbnailUrl":"https:\/\/redenoticiaz.com.br\/ribeiraopreto-regiao\/wp-content\/uploads\/sites\/4\/2023\/02\/FRUTAS-REFEICOES.jpg?v=1675439242","keywords":["ALIMENTA\u00c7\u00c3O","BEM ESTAR","FRUTAS","LEGUMES","saude","VEGETAIS"],"articleSection":["Cidades"],"inLanguage":"pt-BR","potentialAction":[{"@type":"CommentAction","name":"Comment","target":["https:\/\/redenoticiaz.com.br\/ribeiraopreto-regiao\/sp\/2023\/02\/05\/artigo-por-que-comer-frutas-e-legumes-todos-os-dias#respond"]}]},{"@type":"WebPage","@id":"https:\/\/redenoticiaz.com.br\/ribeiraopreto-regiao\/sp\/2023\/02\/05\/artigo-por-que-comer-frutas-e-legumes-todos-os-dias","url":"https:\/\/redenoticiaz.com.br\/ribeiraopreto-regiao\/sp\/2023\/02\/05\/artigo-por-que-comer-frutas-e-legumes-todos-os-dias","name":"Artigo &#8211; Por que comer frutas e legumes todos os dias? - Ribeir\u00e3o Preto e Regi\u00e3o","isPartOf":{"@id":"https:\/\/redenoticiaz.com.br\/ribeiraopreto-regiao\/#website"},"primaryImageOfPage":{"@id":"https:\/\/redenoticiaz.com.br\/ribeiraopreto-regiao\/sp\/2023\/02\/05\/artigo-por-que-comer-frutas-e-legumes-todos-os-dias#primaryimage"},"image":{"@id":"https:\/\/redenoticiaz.com.br\/ribeiraopreto-regiao\/sp\/2023\/02\/05\/artigo-por-que-comer-frutas-e-legumes-todos-os-dias#primaryimage"},"thumbnailUrl":"https:\/\/redenoticiaz.com.br\/ribeiraopreto-regiao\/wp-content\/uploads\/sites\/4\/2023\/02\/FRUTAS-REFEICOES.jpg?v=1675439242","datePublished":"2023-02-05T16:00:18+00:00","description":"Constantemente escutamos: \"Para a sua sa\u00fade, \u00e9 importante comer frutas,legumes e vegetais todos os dias\". Mas o que essa frase","inLanguage":"pt-BR","potentialAction":[{"@type":"ReadAction","target":["https:\/\/redenoticiaz.com.br\/ribeiraopreto-regiao\/sp\/2023\/02\/05\/artigo-por-que-comer-frutas-e-legumes-todos-os-dias"]}]},{"@type":"ImageObject","inLanguage":"pt-BR","@id":"https:\/\/redenoticiaz.com.br\/ribeiraopreto-regiao\/sp\/2023\/02\/05\/artigo-por-que-comer-frutas-e-legumes-todos-os-dias#primaryimage","url":"https:\/\/redenoticiaz.com.br\/ribeiraopreto-regiao\/wp-content\/uploads\/sites\/4\/2023\/02\/FRUTAS-REFEICOES.jpg?v=1675439242","contentUrl":"https:\/\/redenoticiaz.com.br\/ribeiraopreto-regiao\/wp-content\/uploads\/sites\/4\/2023\/02\/FRUTAS-REFEICOES.jpg?v=1675439242","width":1600,"height":1066,"caption":"Cr\u00e9ditos: Divulga\u00e7\u00e3o"},{"@type":"WebSite","@id":"https:\/\/redenoticiaz.com.br\/ribeiraopreto-regiao\/#website","url":"https:\/\/redenoticiaz.com.br\/ribeiraopreto-regiao\/","name":"Ribeir\u00e3o Preto e Regi\u00e3o","description":"Rede NoticiaZ - Ribeir\u00e3o Preto e regi\u00e3o","publisher":{"@id":"https:\/\/redenoticiaz.com.br\/ribeiraopreto-regiao\/#organization"},"potentialAction":[{"@type":"SearchAction","target":{"@type":"EntryPoint","urlTemplate":"https:\/\/redenoticiaz.com.br\/ribeiraopreto-regiao\/?s={search_term_string}"},"query-input":{"@type":"PropertyValueSpecification","valueRequired":true,"valueName":"search_term_string"}}],"inLanguage":"pt-BR"},{"@type":"Organization","@id":"https:\/\/redenoticiaz.com.br\/ribeiraopreto-regiao\/#organization","name":"Ribeir\u00e3o Preto e Regi\u00e3o","url":"https:\/\/redenoticiaz.com.br\/ribeiraopreto-regiao\/","logo":{"@type":"ImageObject","inLanguage":"pt-BR","@id":"https:\/\/redenoticiaz.com.br\/ribeiraopreto-regiao\/#\/schema\/logo\/image\/","url":"https:\/\/redenoticiaz.com.br\/barretos-regiao\/wp-content\/uploads\/sites\/4\/2022\/02\/logo.jpg","contentUrl":"https:\/\/redenoticiaz.com.br\/barretos-regiao\/wp-content\/uploads\/sites\/4\/2022\/02\/logo.jpg","width":400,"height":250,"caption":"Ribeir\u00e3o Preto e Regi\u00e3o"},"image":{"@id":"https:\/\/redenoticiaz.com.br\/ribeiraopreto-regiao\/#\/schema\/logo\/image\/"},"sameAs":["https:\/\/m.facebook.com\/redenoticiaz.barretos","https:\/\/x.com\/RN_barretos","https:\/\/www.instagram.com\/redenoticiaz.barretos\/?igshid=YmMyMTA2M2Y","https:\/\/www.linkedin.com\/company\/rede-noticiaz-barretos-e-regio\/"]},{"@type":"Person","@id":"https:\/\/redenoticiaz.com.br\/ribeiraopreto-regiao\/#\/schema\/person\/0f0b8a5bdafefe82841e07ae8d81ecb3","name":"Leonardo Francisco","image":{"@type":"ImageObject","inLanguage":"pt-BR","@id":"https:\/\/secure.gravatar.com\/avatar\/a7358cb406a99b682ec6df1e77e31ae82e63601f6784e8a3df411d72b37864da?s=96&d=mm&r=g","url":"https:\/\/secure.gravatar.com\/avatar\/a7358cb406a99b682ec6df1e77e31ae82e63601f6784e8a3df411d72b37864da?s=96&d=mm&r=g","contentUrl":"https:\/\/secure.gravatar.com\/avatar\/a7358cb406a99b682ec6df1e77e31ae82e63601f6784e8a3df411d72b37864da?s=96&d=mm&r=g","caption":"Leonardo Francisco"},"url":"https:\/\/redenoticiaz.com.br\/ribeiraopreto-regiao\/sp\/author\/leonardo-francisco"}]}},"_links":{"self":[{"href":"https:\/\/redenoticiaz.com.br\/ribeiraopreto-regiao\/wp-json\/wp\/v2\/posts\/99778","targetHints":{"allow":["GET"]}}],"collection":[{"href":"https:\/\/redenoticiaz.com.br\/ribeiraopreto-regiao\/wp-json\/wp\/v2\/posts"}],"about":[{"href":"https:\/\/redenoticiaz.com.br\/ribeiraopreto-regiao\/wp-json\/wp\/v2\/types\/post"}],"author":[{"embeddable":true,"href":"https:\/\/redenoticiaz.com.br\/ribeiraopreto-regiao\/wp-json\/wp\/v2\/users\/6"}],"replies":[{"embeddable":true,"href":"https:\/\/redenoticiaz.com.br\/ribeiraopreto-regiao\/wp-json\/wp\/v2\/comments?post=99778"}],"version-history":[{"count":0,"href":"https:\/\/redenoticiaz.com.br\/ribeiraopreto-regiao\/wp-json\/wp\/v2\/posts\/99778\/revisions"}],"wp:featuredmedia":[{"embeddable":true,"href":"https:\/\/redenoticiaz.com.br\/ribeiraopreto-regiao\/wp-json\/wp\/v2\/media\/99779"}],"wp:attachment":[{"href":"https:\/\/redenoticiaz.com.br\/ribeiraopreto-regiao\/wp-json\/wp\/v2\/media?parent=99778"}],"wp:term":[{"taxonomy":"category","embeddable":true,"href":"https:\/\/redenoticiaz.com.br\/ribeiraopreto-regiao\/wp-json\/wp\/v2\/categories?post=99778"},{"taxonomy":"post_tag","embeddable":true,"href":"https:\/\/redenoticiaz.com.br\/ribeiraopreto-regiao\/wp-json\/wp\/v2\/tags?post=99778"}],"curies":[{"name":"wp","href":"https:\/\/api.w.org\/{rel}","templated":true}]}}